{"id":17139,"date":"2026-04-18T14:39:46","date_gmt":"2026-04-18T12:39:46","guid":{"rendered":"https:\/\/nordnesrepublikken.no\/index.php\/2026\/04\/18\/guardia-civil-advarer-sjaforer-i-sor-spania-om-a-naerme-seg-eksplosiv-hoysnue\/"},"modified":"2026-04-18T14:39:48","modified_gmt":"2026-04-18T12:39:48","slug":"guardia-civil-advarer-sjaforer-i-sor-spania-om-a-naerme-seg-eksplosiv-hoysnue","status":"publish","type":"post","link":"https:\/\/nordnesrepublikken.no\/index.php\/2026\/04\/18\/guardia-civil-advarer-sjaforer-i-sor-spania-om-a-naerme-seg-eksplosiv-hoysnue\/","title":{"rendered":"Guardia Civil advarer sj\u00e5f\u00f8rer i S\u00f8r-Spania om \u00e5 n\u00e6rme seg &laquo;eksplosiv&raquo; h\u00f8ysnue"},"content":{"rendered":"<p><\/p>\n<div class=\"wordpress-content\">\n                    <!-- Article Start --><\/p>\n<p class=\"p1\">H\u00f8ysnuesesongen er over oss igjen og utgj\u00f8r nye farer, spesielt for sj\u00e5f\u00f8rer i Andalucia ettersom pollentallet \u00f8ker unormalt raskt over hele regionen.<\/p>\n<p class=\"p1\">Universitetsspesialister sier at det er sv\u00e6rt h\u00f8ye konsentrasjoner av oliven- og parietariapollen i den lokale atmosf\u00e6ren. Rikelig vinterregn har gitt mye n\u00e6ring til plantene, mens den siste tidlige varmen har akselerert hele pollineringssyklusen.<\/p>\n<p class=\"p1\">Mar\u00eda del Mar Trigo fra University of Malaga aerobiologigruppe ber om ekstra forsiktighet blant de som er f\u00f8lsomme for olivenpollen, og n\u00e5 sp\u00e5r spesialister at konsentrasjonene vil fortsette \u00e5 stige de neste ukene.<\/p>\n<div class=\"sra_unit\"><link rel=\"stylesheet\" id=\"block-sra\" href=\"https:\/\/euroweeklynews.com\/wp-content\/plugins\/snack-related-articles\/dist\/css\/snack-related.min.css?250312-193541\" type=\"text\/css\" media=\"all\">\n<\/div>\n<h2 class=\"p1\">Faktorer bak &laquo;eksplosiv&raquo; h\u00f8ysnue i Andalucia<\/h2>\n<p class=\"p1\">Rikelig nedb\u00f8r over h\u00f8sten og vinteren \u00f8kte planteveksten og pollenproduksjonen if\u00f8lge allergisjefene p\u00e5 sykehus. Doktor Leticia Herrero ved Quir\u00f3nsalud Malaga kobler h\u00f8yere pollen til hvordan det regner vannplanter og \u00f8ker produksjonsniv\u00e5et. Doktor Jos\u00e9 Manuel Barcel\u00f3 ved Vithas Malaga peker p\u00e5 den plutselige varmen som en n\u00f8kkelfaktor som fremskynder prosessen.<\/p>\n<p class=\"p1\">Olivenpollen viser seg \u00e5 v\u00e6re en av de mest problematiske typene i S\u00f8r-Spania, med topper som forventes sent i april til mai. Partikler fra denne kilden reiser avstander p\u00e5 100 kilometer slik at korn n\u00e5r Malaga selv fra Nord-Afrika. Encina (holm eik) og korkeik pollen registrerer ekstremt forh\u00f8yede mengder, men provoserer likevel reaksjoner hos f\u00e5 individer. Pollen fra furu, ribwort chenopod-pollen og dokkepollen fyller ogs\u00e5 luften i denne fulle v\u00e5rperioden. Denne kombinasjonen skaper forhold som er modne for vanskelige symptomer hos allergikere.<\/p>\n<h2 class=\"p1\">Guardia Civil utsteder allergiadvarsel for sj\u00e5f\u00f8rer<\/h2>\n<p class=\"p1\">Trafikkpolitiet som h\u00e5ndterer forh\u00f8yet antall ulykker p\u00e5 denne tiden av \u00e5ret i Spania anbefaler \u00e5 sjekke antihistaminetiketter for d\u00f8sighetseffekter f\u00f8r du setter deg bak rattet. Dessuten dekker et enkelt nys i motorveihastigheter flere meter uten klart syn for sj\u00e5f\u00f8ren.<\/p>\n<p class=\"p1\">Trygg reise er avhengig av full konsentrasjon og klar syn gjennom hele reisen. Bilister mottar denne meldingen direkte fra Guardia Civils sosiale mediekanaler. Oppmerksomhet ved rattet er fortsatt viktig for \u00e5 forhindre ulykker under dager med h\u00f8y pollen.<\/p>\n<h2 class=\"p1\">Pollenoverv\u00e5kingsverkt\u00f8y for de i Andalucia<\/h2>\n<p class=\"p1\">De som bor i eller bes\u00f8ker S\u00f8r-Spania b\u00f8r konsultere sanntidsdata p\u00e5 nettstedet aerobiologia.uma.es eller via Polen REA-mobilapplikasjonen. Disse ressursene beskriver pollentyper og avlesninger for spesifikke steder. Informasjon dekker oliven, gress, plantain og andre vanlige varianter som er aktive n\u00e5. Brukere kan enkelt laste ned applikasjonen for oppdateringer p\u00e5 telefonen.<\/p>\n<h2 class=\"p1\">Tips for \u00e5 h\u00e5ndtere h\u00f8ysnue uten \u00e5 risikere sikkerhet<\/h2>\n<ul>\n<li class=\"p1\">Beskyttende solbriller og masker bidrar til \u00e5 redusere eksponering under luftige forhold.<\/li>\n<li class=\"p1\">Vanlige medisiner inkluderer antihistaminer, nesespray og \u00f8yedr\u00e5per for umiddelbar lindring.<\/li>\n<li class=\"p1\">Immunterapi tilbyr et lengre forl\u00f8p som trener opp immunresponsen over flere \u00e5r.<\/li>\n<li class=\"p1\">Leger understreker tidlige medisinske kontroller fordi symptomer vises i alle aldersgrupper.<\/li>\n<\/ul>\n<p class=\"p1\">Forkj\u00f8lelse forsvinner raskt, men h\u00f8ysnueeffektene strekker seg over uker eller m\u00e5neder, s\u00e5 riktig identifikasjon er viktig. Tidlig innsats vil f\u00f8re til bedre h\u00e5ndtering av tilstanden totalt sett. Og ikke glem \u00e5 ta med deg Kleenex p\u00e5 reisene dine.<\/p>\n<p>                    <!-- Originally published at https:\/\/euroweeklynews.com\/2026\/04\/18\/guardia-civil-warns-drivers-in-southern-spain-of-approaching-explosive-hay-fever\/ on 18 Apr 2026 at 13:46 by Adam Woodward --><br \/>\n                    <!-- Article End -->\n                <\/div>\n","protected":false},"excerpt":{"rendered":"<p>H\u00f8ysnuesesongen er over oss igjen og utgj\u00f8r nye farer, spesielt for sj\u00e5f\u00f8rer i Andalucia ettersom<\/p>\n","protected":false},"author":1,"featured_media":17140,"comment_status":"closed","ping_status":"open","sticky":false,"template":"","format":"standard","meta":{"footnotes":""},"categories":[105],"tags":[1123,5111,11074,5110,11075,11073,96,1737,11072],"class_list":["post-17139","post","type-post","status-publish","format-standard","has-post-thumbnail","hentry","category-livsstil","tag-advarer","tag-civil","tag-eksplosiv","tag-guardia","tag-hoysnue","tag-naerme","tag-seg","tag-sjaforer","tag-sorspania","generate-columns","tablet-grid-50","mobile-grid-100","grid-parent","grid-33"],"yoast_head":"<!-- This site is optimized with the Yoast SEO plugin v24.4 - https:\/\/yoast.com\/wordpress\/plugins\/seo\/ -->\n<title>Guardia Civil advarer sj\u00e5f\u00f8rer i S\u00f8r-Spania om \u00e5 n\u00e6rme seg &quot;eksplosiv&quot; h\u00f8ysnue - Nordnesrepublikken<\/title>\n<meta name=\"robots\" content=\"index, follow, max-snippet:-1, max-image-preview:large, max-video-preview:-1\" \/>\n<link rel=\"canonical\" href=\"https:\/\/nordnesrepublikken.no\/index.php\/2026\/04\/18\/guardia-civil-advarer-sjaforer-i-sor-spania-om-a-naerme-seg-eksplosiv-hoysnue\/\" \/>\n<meta property=\"og:locale\" content=\"nb_NO\" \/>\n<meta property=\"og:type\" content=\"article\" \/>\n<meta property=\"og:title\" content=\"Guardia Civil advarer sj\u00e5f\u00f8rer i S\u00f8r-Spania om \u00e5 n\u00e6rme seg &quot;eksplosiv&quot; h\u00f8ysnue - Nordnesrepublikken\" \/>\n<meta property=\"og:description\" content=\"H\u00f8ysnuesesongen er over oss igjen og utgj\u00f8r nye farer, spesielt for sj\u00e5f\u00f8rer i Andalucia ettersom\" \/>\n<meta property=\"og:url\" content=\"https:\/\/nordnesrepublikken.no\/index.php\/2026\/04\/18\/guardia-civil-advarer-sjaforer-i-sor-spania-om-a-naerme-seg-eksplosiv-hoysnue\/\" \/>\n<meta property=\"og:site_name\" content=\"Nordnesrepublikken\" \/>\n<meta property=\"article:published_time\" content=\"2026-04-18T12:39:46+00:00\" \/>\n<meta property=\"article:modified_time\" content=\"2026-04-18T12:39:48+00:00\" \/>\n<meta property=\"og:image\" content=\"https:\/\/nordnesrepublikken.no\/wp-content\/uploads\/2026\/04\/1776515987_Guardia-Civil-advarer-sjaforer-i-Sor-Spania-om-a-naerme-seg.jpg\" \/>\n\t<meta property=\"og:image:width\" content=\"1200\" \/>\n\t<meta property=\"og:image:height\" content=\"750\" \/>\n\t<meta property=\"og:image:type\" content=\"image\/jpeg\" \/>\n<meta name=\"author\" content=\"Ole Andersen\" \/>\n<meta name=\"twitter:card\" content=\"summary_large_image\" \/>\n<meta name=\"twitter:label1\" content=\"Skrevet av\" \/>\n\t<meta name=\"twitter:data1\" content=\"Ole Andersen\" \/>\n\t<meta name=\"twitter:label2\" content=\"Ansl. lesetid\" \/>\n\t<meta name=\"twitter:data2\" content=\"2 minutter\" \/>\n<script type=\"application\/ld+json\" class=\"yoast-schema-graph\">{\"@context\":\"https:\/\/schema.org\",\"@graph\":[{\"@type\":\"Article\",\"@id\":\"https:\/\/nordnesrepublikken.no\/index.php\/2026\/04\/18\/guardia-civil-advarer-sjaforer-i-sor-spania-om-a-naerme-seg-eksplosiv-hoysnue\/#article\",\"isPartOf\":{\"@id\":\"https:\/\/nordnesrepublikken.no\/index.php\/2026\/04\/18\/guardia-civil-advarer-sjaforer-i-sor-spania-om-a-naerme-seg-eksplosiv-hoysnue\/\"},\"author\":{\"name\":\"Ole Andersen\",\"@id\":\"https:\/\/nordnesrepublikken.no\/#\/schema\/person\/2e7e81935bab77882fffb79296240ff1\"},\"headline\":\"Guardia Civil advarer sj\u00e5f\u00f8rer i S\u00f8r-Spania om \u00e5 n\u00e6rme seg &laquo;eksplosiv&raquo; h\u00f8ysnue\",\"datePublished\":\"2026-04-18T12:39:46+00:00\",\"dateModified\":\"2026-04-18T12:39:48+00:00\",\"mainEntityOfPage\":{\"@id\":\"https:\/\/nordnesrepublikken.no\/index.php\/2026\/04\/18\/guardia-civil-advarer-sjaforer-i-sor-spania-om-a-naerme-seg-eksplosiv-hoysnue\/\"},\"wordCount\":510,\"publisher\":{\"@id\":\"https:\/\/nordnesrepublikken.no\/#organization\"},\"image\":{\"@id\":\"https:\/\/nordnesrepublikken.no\/index.php\/2026\/04\/18\/guardia-civil-advarer-sjaforer-i-sor-spania-om-a-naerme-seg-eksplosiv-hoysnue\/#primaryimage\"},\"thumbnailUrl\":\"https:\/\/nordnesrepublikken.no\/wp-content\/uploads\/2026\/04\/1776515987_Guardia-Civil-advarer-sjaforer-i-Sor-Spania-om-a-naerme-seg.jpg\",\"keywords\":[\"advarer\",\"Civil\",\"eksplosiv\",\"Guardia\",\"h\u00f8ysnue\",\"n\u00e6rme\",\"seg\",\"sj\u00e5f\u00f8rer\",\"S\u00f8rSpania\"],\"articleSection\":[\"Livsstil\"],\"inLanguage\":\"nb-NO\"},{\"@type\":\"WebPage\",\"@id\":\"https:\/\/nordnesrepublikken.no\/index.php\/2026\/04\/18\/guardia-civil-advarer-sjaforer-i-sor-spania-om-a-naerme-seg-eksplosiv-hoysnue\/\",\"url\":\"https:\/\/nordnesrepublikken.no\/index.php\/2026\/04\/18\/guardia-civil-advarer-sjaforer-i-sor-spania-om-a-naerme-seg-eksplosiv-hoysnue\/\",\"name\":\"Guardia Civil advarer sj\u00e5f\u00f8rer i S\u00f8r-Spania om \u00e5 n\u00e6rme seg \\\"eksplosiv\\\" h\u00f8ysnue - Nordnesrepublikken\",\"isPartOf\":{\"@id\":\"https:\/\/nordnesrepublikken.no\/#website\"},\"primaryImageOfPage\":{\"@id\":\"https:\/\/nordnesrepublikken.no\/index.php\/2026\/04\/18\/guardia-civil-advarer-sjaforer-i-sor-spania-om-a-naerme-seg-eksplosiv-hoysnue\/#primaryimage\"},\"image\":{\"@id\":\"https:\/\/nordnesrepublikken.no\/index.php\/2026\/04\/18\/guardia-civil-advarer-sjaforer-i-sor-spania-om-a-naerme-seg-eksplosiv-hoysnue\/#primaryimage\"},\"thumbnailUrl\":\"https:\/\/nordnesrepublikken.no\/wp-content\/uploads\/2026\/04\/1776515987_Guardia-Civil-advarer-sjaforer-i-Sor-Spania-om-a-naerme-seg.jpg\",\"datePublished\":\"2026-04-18T12:39:46+00:00\",\"dateModified\":\"2026-04-18T12:39:48+00:00\",\"breadcrumb\":{\"@id\":\"https:\/\/nordnesrepublikken.no\/index.php\/2026\/04\/18\/guardia-civil-advarer-sjaforer-i-sor-spania-om-a-naerme-seg-eksplosiv-hoysnue\/#breadcrumb\"},\"inLanguage\":\"nb-NO\",\"potentialAction\":[{\"@type\":\"ReadAction\",\"target\":[\"https:\/\/nordnesrepublikken.no\/index.php\/2026\/04\/18\/guardia-civil-advarer-sjaforer-i-sor-spania-om-a-naerme-seg-eksplosiv-hoysnue\/\"]}]},{\"@type\":\"ImageObject\",\"inLanguage\":\"nb-NO\",\"@id\":\"https:\/\/nordnesrepublikken.no\/index.php\/2026\/04\/18\/guardia-civil-advarer-sjaforer-i-sor-spania-om-a-naerme-seg-eksplosiv-hoysnue\/#primaryimage\",\"url\":\"https:\/\/nordnesrepublikken.no\/wp-content\/uploads\/2026\/04\/1776515987_Guardia-Civil-advarer-sjaforer-i-Sor-Spania-om-a-naerme-seg.jpg\",\"contentUrl\":\"https:\/\/nordnesrepublikken.no\/wp-content\/uploads\/2026\/04\/1776515987_Guardia-Civil-advarer-sjaforer-i-Sor-Spania-om-a-naerme-seg.jpg\",\"width\":1200,\"height\":750,\"caption\":\"Guardia Civil advarer sj\u00e5f\u00f8rer i S\u00f8r-Spania om \u00e5 n\u00e6rme seg \\\"eksplosiv\\\" h\u00f8ysnue\"},{\"@type\":\"BreadcrumbList\",\"@id\":\"https:\/\/nordnesrepublikken.no\/index.php\/2026\/04\/18\/guardia-civil-advarer-sjaforer-i-sor-spania-om-a-naerme-seg-eksplosiv-hoysnue\/#breadcrumb\",\"itemListElement\":[{\"@type\":\"ListItem\",\"position\":1,\"name\":\"Home\",\"item\":\"https:\/\/nordnesrepublikken.no\/\"},{\"@type\":\"ListItem\",\"position\":2,\"name\":\"Guardia Civil advarer sj\u00e5f\u00f8rer i S\u00f8r-Spania om \u00e5 n\u00e6rme seg &laquo;eksplosiv&raquo; h\u00f8ysnue\"}]},{\"@type\":\"WebSite\",\"@id\":\"https:\/\/nordnesrepublikken.no\/#website\",\"url\":\"https:\/\/nordnesrepublikken.no\/\",\"name\":\"Nordnesrepublikken\",\"description\":\"Stemmer og Visjoner fra Republikkens Hjerte\",\"publisher\":{\"@id\":\"https:\/\/nordnesrepublikken.no\/#organization\"},\"potentialAction\":[{\"@type\":\"SearchAction\",\"target\":{\"@type\":\"EntryPoint\",\"urlTemplate\":\"https:\/\/nordnesrepublikken.no\/?s={search_term_string}\"},\"query-input\":{\"@type\":\"PropertyValueSpecification\",\"valueRequired\":true,\"valueName\":\"search_term_string\"}}],\"inLanguage\":\"nb-NO\"},{\"@type\":\"Organization\",\"@id\":\"https:\/\/nordnesrepublikken.no\/#organization\",\"name\":\"Nordnesrepublikken\",\"url\":\"https:\/\/nordnesrepublikken.no\/\",\"logo\":{\"@type\":\"ImageObject\",\"inLanguage\":\"nb-NO\",\"@id\":\"https:\/\/nordnesrepublikken.no\/#\/schema\/logo\/image\/\",\"url\":\"https:\/\/nordnesrepublikken.no\/wp-content\/uploads\/2025\/02\/cropped-nordnesrepublikken-2.png\",\"contentUrl\":\"https:\/\/nordnesrepublikken.no\/wp-content\/uploads\/2025\/02\/cropped-nordnesrepublikken-2.png\",\"width\":1248,\"height\":362,\"caption\":\"Nordnesrepublikken\"},\"image\":{\"@id\":\"https:\/\/nordnesrepublikken.no\/#\/schema\/logo\/image\/\"}},{\"@type\":\"Person\",\"@id\":\"https:\/\/nordnesrepublikken.no\/#\/schema\/person\/2e7e81935bab77882fffb79296240ff1\",\"name\":\"Ole Andersen\",\"image\":{\"@type\":\"ImageObject\",\"inLanguage\":\"nb-NO\",\"@id\":\"https:\/\/nordnesrepublikken.no\/#\/schema\/person\/image\/\",\"url\":\"https:\/\/nordnesrepublikken.no\/wp-content\/uploads\/2025\/02\/nordnesrepublikken-2-2-150x150.jpg\",\"contentUrl\":\"https:\/\/nordnesrepublikken.no\/wp-content\/uploads\/2025\/02\/nordnesrepublikken-2-2-150x150.jpg\",\"caption\":\"Ole Andersen\"},\"description\":\"Ettersom jeg vokste opp i Oslo, har jeg alltid v\u00e6rt fascinert av ordenes kraft og deres evne til \u00e5 skape endringer. Etter \u00e5 ha fullf\u00f8rt min utdannelse i kommunikasjon ved Universitetet i Bergen, fikk jeg muligheten til \u00e5 jobbe innen ulike medier, der jeg har s\u00f8kt \u00e5 belyse viktige samfunnssp\u00f8rsm\u00e5l. I dag, som redakt\u00f8r for Nordnesrepublikken, pr\u00f8ver jeg \u00e5 forene min kj\u00e6rlighet for journalistikk med min lidenskap for innovasjon og eventyr.\",\"sameAs\":[\"https:\/\/nordnesrepublikken.no\/\"]}]}<\/script>\n<!-- \/ Yoast SEO plugin. -->","yoast_head_json":{"title":"Guardia Civil advarer sj\u00e5f\u00f8rer i S\u00f8r-Spania om \u00e5 n\u00e6rme seg \"eksplosiv\" h\u00f8ysnue - Nordnesrepublikken","robots":{"index":"index","follow":"follow","max-snippet":"max-snippet:-1","max-image-preview":"max-image-preview:large","max-video-preview":"max-video-preview:-1"},"canonical":"https:\/\/nordnesrepublikken.no\/index.php\/2026\/04\/18\/guardia-civil-advarer-sjaforer-i-sor-spania-om-a-naerme-seg-eksplosiv-hoysnue\/","og_locale":"nb_NO","og_type":"article","og_title":"Guardia Civil advarer sj\u00e5f\u00f8rer i S\u00f8r-Spania om \u00e5 n\u00e6rme seg \"eksplosiv\" h\u00f8ysnue - Nordnesrepublikken","og_description":"H\u00f8ysnuesesongen er over oss igjen og utgj\u00f8r nye farer, spesielt for sj\u00e5f\u00f8rer i Andalucia ettersom","og_url":"https:\/\/nordnesrepublikken.no\/index.php\/2026\/04\/18\/guardia-civil-advarer-sjaforer-i-sor-spania-om-a-naerme-seg-eksplosiv-hoysnue\/","og_site_name":"Nordnesrepublikken","article_published_time":"2026-04-18T12:39:46+00:00","article_modified_time":"2026-04-18T12:39:48+00:00","og_image":[{"width":1200,"height":750,"url":"https:\/\/nordnesrepublikken.no\/wp-content\/uploads\/2026\/04\/1776515987_Guardia-Civil-advarer-sjaforer-i-Sor-Spania-om-a-naerme-seg.jpg","type":"image\/jpeg"}],"author":"Ole Andersen","twitter_card":"summary_large_image","twitter_misc":{"Skrevet av":"Ole Andersen","Ansl. lesetid":"2 minutter"},"schema":{"@context":"https:\/\/schema.org","@graph":[{"@type":"Article","@id":"https:\/\/nordnesrepublikken.no\/index.php\/2026\/04\/18\/guardia-civil-advarer-sjaforer-i-sor-spania-om-a-naerme-seg-eksplosiv-hoysnue\/#article","isPartOf":{"@id":"https:\/\/nordnesrepublikken.no\/index.php\/2026\/04\/18\/guardia-civil-advarer-sjaforer-i-sor-spania-om-a-naerme-seg-eksplosiv-hoysnue\/"},"author":{"name":"Ole Andersen","@id":"https:\/\/nordnesrepublikken.no\/#\/schema\/person\/2e7e81935bab77882fffb79296240ff1"},"headline":"Guardia Civil advarer sj\u00e5f\u00f8rer i S\u00f8r-Spania om \u00e5 n\u00e6rme seg &laquo;eksplosiv&raquo; h\u00f8ysnue","datePublished":"2026-04-18T12:39:46+00:00","dateModified":"2026-04-18T12:39:48+00:00","mainEntityOfPage":{"@id":"https:\/\/nordnesrepublikken.no\/index.php\/2026\/04\/18\/guardia-civil-advarer-sjaforer-i-sor-spania-om-a-naerme-seg-eksplosiv-hoysnue\/"},"wordCount":510,"publisher":{"@id":"https:\/\/nordnesrepublikken.no\/#organization"},"image":{"@id":"https:\/\/nordnesrepublikken.no\/index.php\/2026\/04\/18\/guardia-civil-advarer-sjaforer-i-sor-spania-om-a-naerme-seg-eksplosiv-hoysnue\/#primaryimage"},"thumbnailUrl":"https:\/\/nordnesrepublikken.no\/wp-content\/uploads\/2026\/04\/1776515987_Guardia-Civil-advarer-sjaforer-i-Sor-Spania-om-a-naerme-seg.jpg","keywords":["advarer","Civil","eksplosiv","Guardia","h\u00f8ysnue","n\u00e6rme","seg","sj\u00e5f\u00f8rer","S\u00f8rSpania"],"articleSection":["Livsstil"],"inLanguage":"nb-NO"},{"@type":"WebPage","@id":"https:\/\/nordnesrepublikken.no\/index.php\/2026\/04\/18\/guardia-civil-advarer-sjaforer-i-sor-spania-om-a-naerme-seg-eksplosiv-hoysnue\/","url":"https:\/\/nordnesrepublikken.no\/index.php\/2026\/04\/18\/guardia-civil-advarer-sjaforer-i-sor-spania-om-a-naerme-seg-eksplosiv-hoysnue\/","name":"Guardia Civil advarer sj\u00e5f\u00f8rer i S\u00f8r-Spania om \u00e5 n\u00e6rme seg \"eksplosiv\" h\u00f8ysnue - Nordnesrepublikken","isPartOf":{"@id":"https:\/\/nordnesrepublikken.no\/#website"},"primaryImageOfPage":{"@id":"https:\/\/nordnesrepublikken.no\/index.php\/2026\/04\/18\/guardia-civil-advarer-sjaforer-i-sor-spania-om-a-naerme-seg-eksplosiv-hoysnue\/#primaryimage"},"image":{"@id":"https:\/\/nordnesrepublikken.no\/index.php\/2026\/04\/18\/guardia-civil-advarer-sjaforer-i-sor-spania-om-a-naerme-seg-eksplosiv-hoysnue\/#primaryimage"},"thumbnailUrl":"https:\/\/nordnesrepublikken.no\/wp-content\/uploads\/2026\/04\/1776515987_Guardia-Civil-advarer-sjaforer-i-Sor-Spania-om-a-naerme-seg.jpg","datePublished":"2026-04-18T12:39:46+00:00","dateModified":"2026-04-18T12:39:48+00:00","breadcrumb":{"@id":"https:\/\/nordnesrepublikken.no\/index.php\/2026\/04\/18\/guardia-civil-advarer-sjaforer-i-sor-spania-om-a-naerme-seg-eksplosiv-hoysnue\/#breadcrumb"},"inLanguage":"nb-NO","potentialAction":[{"@type":"ReadAction","target":["https:\/\/nordnesrepublikken.no\/index.php\/2026\/04\/18\/guardia-civil-advarer-sjaforer-i-sor-spania-om-a-naerme-seg-eksplosiv-hoysnue\/"]}]},{"@type":"ImageObject","inLanguage":"nb-NO","@id":"https:\/\/nordnesrepublikken.no\/index.php\/2026\/04\/18\/guardia-civil-advarer-sjaforer-i-sor-spania-om-a-naerme-seg-eksplosiv-hoysnue\/#primaryimage","url":"https:\/\/nordnesrepublikken.no\/wp-content\/uploads\/2026\/04\/1776515987_Guardia-Civil-advarer-sjaforer-i-Sor-Spania-om-a-naerme-seg.jpg","contentUrl":"https:\/\/nordnesrepublikken.no\/wp-content\/uploads\/2026\/04\/1776515987_Guardia-Civil-advarer-sjaforer-i-Sor-Spania-om-a-naerme-seg.jpg","width":1200,"height":750,"caption":"Guardia Civil advarer sj\u00e5f\u00f8rer i S\u00f8r-Spania om \u00e5 n\u00e6rme seg \"eksplosiv\" h\u00f8ysnue"},{"@type":"BreadcrumbList","@id":"https:\/\/nordnesrepublikken.no\/index.php\/2026\/04\/18\/guardia-civil-advarer-sjaforer-i-sor-spania-om-a-naerme-seg-eksplosiv-hoysnue\/#breadcrumb","itemListElement":[{"@type":"ListItem","position":1,"name":"Home","item":"https:\/\/nordnesrepublikken.no\/"},{"@type":"ListItem","position":2,"name":"Guardia Civil advarer sj\u00e5f\u00f8rer i S\u00f8r-Spania om \u00e5 n\u00e6rme seg &laquo;eksplosiv&raquo; h\u00f8ysnue"}]},{"@type":"WebSite","@id":"https:\/\/nordnesrepublikken.no\/#website","url":"https:\/\/nordnesrepublikken.no\/","name":"Nordnesrepublikken","description":"Stemmer og Visjoner fra Republikkens Hjerte","publisher":{"@id":"https:\/\/nordnesrepublikken.no\/#organization"},"potentialAction":[{"@type":"SearchAction","target":{"@type":"EntryPoint","urlTemplate":"https:\/\/nordnesrepublikken.no\/?s={search_term_string}"},"query-input":{"@type":"PropertyValueSpecification","valueRequired":true,"valueName":"search_term_string"}}],"inLanguage":"nb-NO"},{"@type":"Organization","@id":"https:\/\/nordnesrepublikken.no\/#organization","name":"Nordnesrepublikken","url":"https:\/\/nordnesrepublikken.no\/","logo":{"@type":"ImageObject","inLanguage":"nb-NO","@id":"https:\/\/nordnesrepublikken.no\/#\/schema\/logo\/image\/","url":"https:\/\/nordnesrepublikken.no\/wp-content\/uploads\/2025\/02\/cropped-nordnesrepublikken-2.png","contentUrl":"https:\/\/nordnesrepublikken.no\/wp-content\/uploads\/2025\/02\/cropped-nordnesrepublikken-2.png","width":1248,"height":362,"caption":"Nordnesrepublikken"},"image":{"@id":"https:\/\/nordnesrepublikken.no\/#\/schema\/logo\/image\/"}},{"@type":"Person","@id":"https:\/\/nordnesrepublikken.no\/#\/schema\/person\/2e7e81935bab77882fffb79296240ff1","name":"Ole Andersen","image":{"@type":"ImageObject","inLanguage":"nb-NO","@id":"https:\/\/nordnesrepublikken.no\/#\/schema\/person\/image\/","url":"https:\/\/nordnesrepublikken.no\/wp-content\/uploads\/2025\/02\/nordnesrepublikken-2-2-150x150.jpg","contentUrl":"https:\/\/nordnesrepublikken.no\/wp-content\/uploads\/2025\/02\/nordnesrepublikken-2-2-150x150.jpg","caption":"Ole Andersen"},"description":"Ettersom jeg vokste opp i Oslo, har jeg alltid v\u00e6rt fascinert av ordenes kraft og deres evne til \u00e5 skape endringer. Etter \u00e5 ha fullf\u00f8rt min utdannelse i kommunikasjon ved Universitetet i Bergen, fikk jeg muligheten til \u00e5 jobbe innen ulike medier, der jeg har s\u00f8kt \u00e5 belyse viktige samfunnssp\u00f8rsm\u00e5l. I dag, som redakt\u00f8r for Nordnesrepublikken, pr\u00f8ver jeg \u00e5 forene min kj\u00e6rlighet for journalistikk med min lidenskap for innovasjon og eventyr.","sameAs":["https:\/\/nordnesrepublikken.no\/"]}]}},"_links":{"self":[{"href":"https:\/\/nordnesrepublikken.no\/index.php\/wp-json\/wp\/v2\/posts\/17139","targetHints":{"allow":["GET"]}}],"collection":[{"href":"https:\/\/nordnesrepublikken.no\/index.php\/wp-json\/wp\/v2\/posts"}],"about":[{"href":"https:\/\/nordnesrepublikken.no\/index.php\/wp-json\/wp\/v2\/types\/post"}],"author":[{"embeddable":true,"href":"https:\/\/nordnesrepublikken.no\/index.php\/wp-json\/wp\/v2\/users\/1"}],"replies":[{"embeddable":true,"href":"https:\/\/nordnesrepublikken.no\/index.php\/wp-json\/wp\/v2\/comments?post=17139"}],"version-history":[{"count":1,"href":"https:\/\/nordnesrepublikken.no\/index.php\/wp-json\/wp\/v2\/posts\/17139\/revisions"}],"predecessor-version":[{"id":17141,"href":"https:\/\/nordnesrepublikken.no\/index.php\/wp-json\/wp\/v2\/posts\/17139\/revisions\/17141"}],"wp:featuredmedia":[{"embeddable":true,"href":"https:\/\/nordnesrepublikken.no\/index.php\/wp-json\/wp\/v2\/media\/17140"}],"wp:attachment":[{"href":"https:\/\/nordnesrepublikken.no\/index.php\/wp-json\/wp\/v2\/media?parent=17139"}],"wp:term":[{"taxonomy":"category","embeddable":true,"href":"https:\/\/nordnesrepublikken.no\/index.php\/wp-json\/wp\/v2\/categories?post=17139"},{"taxonomy":"post_tag","embeddable":true,"href":"https:\/\/nordnesrepublikken.no\/index.php\/wp-json\/wp\/v2\/tags?post=17139"}],"curies":[{"name":"wp","href":"https:\/\/api.w.org\/{rel}","templated":true}]}}