{"id":17136,"date":"2026-04-18T13:40:03","date_gmt":"2026-04-18T11:40:03","guid":{"rendered":"https:\/\/nordnesrepublikken.no\/index.php\/2026\/04\/18\/hvorfor-stengingen-av-kullkraftverk-i-italia-er-forlenget-til-2038\/"},"modified":"2026-04-18T13:40:06","modified_gmt":"2026-04-18T11:40:06","slug":"hvorfor-stengingen-av-kullkraftverk-i-italia-er-forlenget-til-2038","status":"publish","type":"post","link":"https:\/\/nordnesrepublikken.no\/index.php\/2026\/04\/18\/hvorfor-stengingen-av-kullkraftverk-i-italia-er-forlenget-til-2038\/","title":{"rendered":"Hvorfor stengingen av kullkraftverk i Italia er forlenget til 2038"},"content":{"rendered":"<div>\n<div class=\"cp_wrapper cp_wrapper--fw mb-30 mb-20@tablet\">\n<figure class=\"mm\"><picture class=\"img\" style=\"padding-top:56.25%\"><source  media=\"(min-width: 1024px)\"><source  media=\"(min-width: 768px)\"><\/source><\/source><\/picture><\/figure>\n<\/p><\/div>\n<p>Den siste <strong>endring<\/strong> til lovforslaget (DL 21\/2026) godkjent av kommisjonen for produktive aktiviteter i Deputertkammeret <strong>utsette<\/strong> <strong>per 31. desember 2038<\/strong> der <strong>avhending<\/strong> definitivt av <strong>termoelektriske kraftverk a<\/strong> <strong>kull<\/strong> i Italia. F\u00f8r anleggene kan gjenoppta vanlig drift, m\u00e5 de fornyes <strong>milj\u00f8tillatelser<\/strong> og definer deres form\u00e5l: hvis en &laquo;<strong>kaldt reserve regime<\/strong>&raquo; (begrenset aktivering i n\u00f8dssituasjoner) eller<strong> kontinuerlig drift<\/strong>. Denne lovgivningen ble innf\u00f8rt som svar p\u00e5 energikrisen og h\u00f8y markedsusikkerhet for\u00e5rsaket av den p\u00e5g\u00e5ende Midt\u00f8sten-konflikten. Imidlertid er bransjeobservat\u00f8rer hevet <strong>sp\u00f8rsm\u00e5l<\/strong> om den faktiske effektiviteten av man\u00f8veren og dens innvirkning p\u00e5 det nasjonale elektrisitetssystemet.<\/p>\n<h2>De 4 kullverkene som vil forbli aktive<\/h2>\n<p>Ved utgangen av 2025 vil Italia ha <strong>fire<\/strong> kullkraftverk for produksjon av elektrisitet, med en samlet installert effekt p\u00e5 ca <strong>4,7 GW<\/strong>. To er lokalisert p\u00e5 Sardinia, <strong>Sulcis<\/strong>\/<strong>Portovesme<\/strong> (Enel eiendom) e <strong>Den hellige elv<\/strong>\/<strong>Porto Torres<\/strong> (EP Produzione-eiendom), mens de resterende to er lokalisert p\u00e5 kontinentet, <strong>Brindisi s\u00f8r<\/strong> Og <strong>Torrevaldaliga<\/strong>\/<strong>Civitavecchia<\/strong> (begge Enel eiendeler). I 2020 hadde regjeringen ledet av Giuseppe Conte, gjennom PNIEC (National Integrated Plan for Energy and Climate), planlagt <strong>avvikling av kullkraftverk innen 31. desember 2025<\/strong>gir en spesifikasjon <strong>unntak<\/strong> for de to anleggene som ligger p\u00e5 Sardinia. Denne beslutningen var basert p\u00e5 forutsetninger som \u00f8kning i elektrisitetsproduksjon fra fornybare kilder, utvikling av energilagringssystemer og tilgjengeligheten av naturgass som fossilt overgangsbrensel. Som et resultat har kullfyrt elektrisitetsproduksjon i Italia gjennomg\u00e5tt en nedgang de siste fem \u00e5rene <strong>markert sammentrekning<\/strong>.<\/p>\n<div class=\"cp_wrapper cp_wrapper--fw mb-50\">\n<figure class=\"mm\"><picture class=\"img\" style=\"padding-top:56.25%\"><source  media=\"(min-width: 1024px)\"><source  media=\"(min-width: 768px)\"><img decoding=\"async\" loading=\"lazy\" src=\"https:\/\/nordnesrepublikken.no\/wp-content\/uploads\/2026\/04\/1776512402_715_Hvorfor-stengingen-av-kullkraftverk-i-Italia-er-forlenget-til-2038.jpg\" alt=\"Bilde\" width=\"4128\" height=\"2322\"\/><\/source><\/source><\/picture><\/figure>\n<\/p><\/div>\n<p>Brindisi Sud- og Torrevaldaliga-anleggene registrerte en samlet produksjon p\u00e5 <strong>13,0 TWh<\/strong> (terawattime) e <strong>6.6<\/strong> <strong>TWh<\/strong> i to\u00e5rsperioden <strong>2022-2023<\/strong>i en sammenheng med maksimering av kullproduksjon bestemt av den betydelige \u00f8kningen i prisen p\u00e5 naturgass, sammenfallende med begynnelsen av den russisk-ukrainske konflikten. Brindisi-planten <strong>ser ut til \u00e5 v\u00e6re stoppet<\/strong> fra <strong>2024<\/strong>mens den i Torrevaldaliga kun produserte <strong>0,3 TWh<\/strong> samme \u00e5r e <strong>frav\u00e6r<\/strong> av elektrisitetsproduksjon i <strong>2025<\/strong>. Bruken av slike kraftverk ble klassifisert som \u00f8konomisk <strong>ikke konkurransedyktig<\/strong> og fortsettelsen av deres drift ga tap p\u00e5 ca<strong> 78 millioner euro<\/strong> i perioden juli 2024-2025, if\u00f8lge et estimat utviklet av ECCO, en italiensk tenketank spesialisert p\u00e5 energiomstilling og klimaendringer.<\/p>\n<p>I 2025 ble <strong>sol<\/strong> kullfyrte termoelektriske enheter som fortsatt var i drift, var de som var lokalisert p\u00e5 Sardinia, som dekommisjonering allerede var utsatt for til <strong>2028<\/strong>for \u00e5 garantere kontinuitet i str\u00f8mforsyningen til \u00f8ya. Innenfor en bestemt <strong>reguleringsmekanisme<\/strong> definert av ARERA (Regulatory Authority for Energy, Networks and the Environment), har disse anleggene blitt kvalifisert som &laquo;<strong>viktig<\/strong>&laquo;og berettiget til full refusjon av kostnader, i p\u00e5vente av at den undersj\u00f8iske kraftlinjen Tyrrhenian Link, en strategisk infrastruktur for det sardinske elektrisitetssystemet, tas i bruk.<\/p>\n<div class=\"cp_wrapper cp_wrapper--fw mb-50\">\n<figure class=\"mm\"><picture class=\"img\" style=\"padding-top:75%\"><source  media=\"(min-width: 1024px)\"><source  media=\"(min-width: 768px)\"><img decoding=\"async\" loading=\"lazy\" src=\"https:\/\/nordnesrepublikken.no\/wp-content\/uploads\/2026\/04\/1776512403_903_Hvorfor-stengingen-av-kullkraftverk-i-Italia-er-forlenget-til-2038.jpg\" alt=\"Bilde\" width=\"2048\" height=\"1536\" class=\"js-seedtag-img\"\/><\/source><\/source><\/picture><\/figure>\n<\/p><\/div>\n<h2>\u00c5rsaken bak utvidelsen: energikrisen<\/h2>\n<p>De kritiske sp\u00f8rsm\u00e5lene knyttet til den n\u00e5v\u00e6rende energikrisen har f\u00f8rt til at regjeringen har utsatt stengingen av kullkraftverk, for \u00e5 <strong>bevare<\/strong> i n\u00f8dstilfeller tilgjengeligheten av alle kilder for elektrisitetsproduksjon. Konflikten i Midt\u00f8sten-omr\u00e5det og navigasjonsvanskene i Hormuzstredet kompromitterer str\u00f8mmene av r\u00e5olje fra Gulf-landene til vestlige markeder: I denne sammenhengen kan Italia m\u00f8te <strong>relevant<\/strong> <strong>kritikalitet<\/strong> forsyning dersom geopolitisk ustabilitet fortsetter. Beslutningen om \u00e5 utvide driftshorisonten for kull kommer i et scenario preget av h\u00f8y volatilitet i naturgassprisene. I det europeiske elektrisitetsmarkedet er prisen p\u00e5 elektrisitet fortsatt sterkt p\u00e5virket av kostnadene ved <strong>marginal generasjon<\/strong>som i mange tilfeller sammenfaller med den gassdrevne. Derfor gjenspeiles \u00f8kningen i prisen p\u00e5 gass i en \u00f8kning i kostnadene for elektrisitet, med direkte konsekvenser for bedrifter og forbrukere. Utvidelsen til 2038 introduserer en <strong>st\u00f8rre fleksibilitet<\/strong> i forvaltningen av kullverk, kvalifiserer dem som <strong>eiendeler av<\/strong> <strong>sikkerhet<\/strong> og, i likhet med annen energiinfrastruktur, \u00f8remerke dem for bruk under spesifikke forhold.<\/p>\n<h2>Hvordan kan utvidelsen p\u00e5virke?<\/h2>\n<p>If\u00f8lge en rekke bransjeanalytikere er utsettelsen til 2038 <strong>det ville ikke v\u00e6re sammenhengende<\/strong> med strukturen til dagens nasjonale elektrisitetssystem, der <strong>fase ut<\/strong> (deponering) av kull som energikilde ser n\u00e5 ut til \u00e5 v\u00e6re fullf\u00f8rt. Faktisk st\u00e5r anleggene i st\u00e5 og utenfor markedsmekanismene, med en systematisk variabel kostnadsforskjell <strong>ugunstig<\/strong> sammenlignet med gassproduksjon i kombinert syklus. I f\u00f8lge anslagene til <strong>MASE<\/strong> (Milj\u00f8- og energisikkerhetsdepartementet) vil bruken av kull igjen bli \u00f8konomisk konkurransedyktig ved en gasspris som er stabilt h\u00f8yere enn <strong>70 \u20ac\/MWh<\/strong>. De siste \u00e5rene, med unntak av de ekstreme niv\u00e5ene som ble registrert under energikrisen i 2022 da gassen oversteg \u20ac300\/MWh, har markedsverdiene holdt seg rundt<strong> 55<\/strong> <strong>\u20ac\/MWh<\/strong>mens de forblir utsatt for geopolitiske variabler som er vanskelige \u00e5 forutsi.<\/p>\n<p>Videre <strong>reaktivering av kullkraftverk er ikke en umiddelbar prosess<\/strong>men krever tekniske inngrep, funksjonskontroller og restaureringstider som varierer avhengig av bevaringstilstanden til infrastrukturen. Samlet sett vil disse faktorene, sammen med den vedvarende ikke-b\u00e6rekraften til kullkraftproduksjon, <strong>de kunne<\/strong> <strong>redusere<\/strong> p\u00e5 kort sikt <strong>effektivitet<\/strong> av det statlige tiltaket, uten at det ber\u00f8rer det faktum at m\u00e5let med intervensjonen ikke er en betinget og umiddelbar reaksjon, men snarere en bestemmelse orientert mot en tidshorisont <strong>mer omfattende<\/strong>.<\/p>\n<\/p><\/div>\n","protected":false},"excerpt":{"rendered":"<p>Den siste endring til lovforslaget (DL 21\/2026) godkjent av kommisjonen for produktive aktiviteter i Deputertkammeret<\/p>\n","protected":false},"author":1,"featured_media":17137,"comment_status":"closed","ping_status":"open","sticky":false,"template":"","format":"standard","meta":{"footnotes":""},"categories":[104],"tags":[11071,101,437,11070,11069,117],"class_list":["post-17136","post","type-post","status-publish","format-standard","has-post-thumbnail","hentry","category-samfunn","tag-forlenget","tag-hvorfor","tag-italia","tag-kullkraftverk","tag-stengingen","tag-til","generate-columns","tablet-grid-50","mobile-grid-100","grid-parent","grid-33","resize-featured-image"],"yoast_head":"<!-- This site is optimized with the Yoast SEO plugin v24.4 - https:\/\/yoast.com\/wordpress\/plugins\/seo\/ -->\n<title>Hvorfor stengingen av kullkraftverk i Italia er forlenget til 2038 - Nordnesrepublikken<\/title>\n<meta name=\"robots\" content=\"index, follow, max-snippet:-1, max-image-preview:large, max-video-preview:-1\" \/>\n<link rel=\"canonical\" href=\"https:\/\/nordnesrepublikken.no\/index.php\/2026\/04\/18\/hvorfor-stengingen-av-kullkraftverk-i-italia-er-forlenget-til-2038\/\" \/>\n<meta property=\"og:locale\" content=\"nb_NO\" \/>\n<meta property=\"og:type\" content=\"article\" \/>\n<meta property=\"og:title\" content=\"Hvorfor stengingen av kullkraftverk i Italia er forlenget til 2038 - Nordnesrepublikken\" \/>\n<meta property=\"og:description\" content=\"Den siste endring til lovforslaget (DL 21\/2026) godkjent av kommisjonen for produktive aktiviteter i Deputertkammeret\" \/>\n<meta property=\"og:url\" content=\"https:\/\/nordnesrepublikken.no\/index.php\/2026\/04\/18\/hvorfor-stengingen-av-kullkraftverk-i-italia-er-forlenget-til-2038\/\" \/>\n<meta property=\"og:site_name\" content=\"Nordnesrepublikken\" \/>\n<meta property=\"article:published_time\" content=\"2026-04-18T11:40:03+00:00\" \/>\n<meta property=\"article:modified_time\" content=\"2026-04-18T11:40:06+00:00\" \/>\n<meta property=\"og:image\" content=\"https:\/\/nordnesrepublikken.no\/wp-content\/uploads\/2026\/04\/1776512404_Hvorfor-stengingen-av-kullkraftverk-i-Italia-er-forlenget-til-2038.jpg\" \/>\n\t<meta property=\"og:image:width\" content=\"2549\" \/>\n\t<meta property=\"og:image:height\" content=\"1491\" \/>\n\t<meta property=\"og:image:type\" content=\"image\/jpeg\" \/>\n<meta name=\"author\" content=\"Ole Andersen\" \/>\n<meta name=\"twitter:card\" content=\"summary_large_image\" \/>\n<meta name=\"twitter:label1\" content=\"Skrevet av\" \/>\n\t<meta name=\"twitter:data1\" content=\"Ole Andersen\" \/>\n\t<meta name=\"twitter:label2\" content=\"Ansl. lesetid\" \/>\n\t<meta name=\"twitter:data2\" content=\"4 minutter\" \/>\n<script type=\"application\/ld+json\" class=\"yoast-schema-graph\">{\"@context\":\"https:\/\/schema.org\",\"@graph\":[{\"@type\":\"Article\",\"@id\":\"https:\/\/nordnesrepublikken.no\/index.php\/2026\/04\/18\/hvorfor-stengingen-av-kullkraftverk-i-italia-er-forlenget-til-2038\/#article\",\"isPartOf\":{\"@id\":\"https:\/\/nordnesrepublikken.no\/index.php\/2026\/04\/18\/hvorfor-stengingen-av-kullkraftverk-i-italia-er-forlenget-til-2038\/\"},\"author\":{\"name\":\"Ole Andersen\",\"@id\":\"https:\/\/nordnesrepublikken.no\/#\/schema\/person\/2e7e81935bab77882fffb79296240ff1\"},\"headline\":\"Hvorfor stengingen av kullkraftverk i Italia er forlenget til 2038\",\"datePublished\":\"2026-04-18T11:40:03+00:00\",\"dateModified\":\"2026-04-18T11:40:06+00:00\",\"mainEntityOfPage\":{\"@id\":\"https:\/\/nordnesrepublikken.no\/index.php\/2026\/04\/18\/hvorfor-stengingen-av-kullkraftverk-i-italia-er-forlenget-til-2038\/\"},\"wordCount\":796,\"publisher\":{\"@id\":\"https:\/\/nordnesrepublikken.no\/#organization\"},\"image\":{\"@id\":\"https:\/\/nordnesrepublikken.no\/index.php\/2026\/04\/18\/hvorfor-stengingen-av-kullkraftverk-i-italia-er-forlenget-til-2038\/#primaryimage\"},\"thumbnailUrl\":\"https:\/\/nordnesrepublikken.no\/wp-content\/uploads\/2026\/04\/1776512404_Hvorfor-stengingen-av-kullkraftverk-i-Italia-er-forlenget-til-2038.jpg\",\"keywords\":[\"forlenget\",\"hvorfor\",\"Italia\",\"kullkraftverk\",\"stengingen\",\"til\"],\"articleSection\":[\"Samfunn\"],\"inLanguage\":\"nb-NO\"},{\"@type\":\"WebPage\",\"@id\":\"https:\/\/nordnesrepublikken.no\/index.php\/2026\/04\/18\/hvorfor-stengingen-av-kullkraftverk-i-italia-er-forlenget-til-2038\/\",\"url\":\"https:\/\/nordnesrepublikken.no\/index.php\/2026\/04\/18\/hvorfor-stengingen-av-kullkraftverk-i-italia-er-forlenget-til-2038\/\",\"name\":\"Hvorfor stengingen av kullkraftverk i Italia er forlenget til 2038 - Nordnesrepublikken\",\"isPartOf\":{\"@id\":\"https:\/\/nordnesrepublikken.no\/#website\"},\"primaryImageOfPage\":{\"@id\":\"https:\/\/nordnesrepublikken.no\/index.php\/2026\/04\/18\/hvorfor-stengingen-av-kullkraftverk-i-italia-er-forlenget-til-2038\/#primaryimage\"},\"image\":{\"@id\":\"https:\/\/nordnesrepublikken.no\/index.php\/2026\/04\/18\/hvorfor-stengingen-av-kullkraftverk-i-italia-er-forlenget-til-2038\/#primaryimage\"},\"thumbnailUrl\":\"https:\/\/nordnesrepublikken.no\/wp-content\/uploads\/2026\/04\/1776512404_Hvorfor-stengingen-av-kullkraftverk-i-Italia-er-forlenget-til-2038.jpg\",\"datePublished\":\"2026-04-18T11:40:03+00:00\",\"dateModified\":\"2026-04-18T11:40:06+00:00\",\"breadcrumb\":{\"@id\":\"https:\/\/nordnesrepublikken.no\/index.php\/2026\/04\/18\/hvorfor-stengingen-av-kullkraftverk-i-italia-er-forlenget-til-2038\/#breadcrumb\"},\"inLanguage\":\"nb-NO\",\"potentialAction\":[{\"@type\":\"ReadAction\",\"target\":[\"https:\/\/nordnesrepublikken.no\/index.php\/2026\/04\/18\/hvorfor-stengingen-av-kullkraftverk-i-italia-er-forlenget-til-2038\/\"]}]},{\"@type\":\"ImageObject\",\"inLanguage\":\"nb-NO\",\"@id\":\"https:\/\/nordnesrepublikken.no\/index.php\/2026\/04\/18\/hvorfor-stengingen-av-kullkraftverk-i-italia-er-forlenget-til-2038\/#primaryimage\",\"url\":\"https:\/\/nordnesrepublikken.no\/wp-content\/uploads\/2026\/04\/1776512404_Hvorfor-stengingen-av-kullkraftverk-i-Italia-er-forlenget-til-2038.jpg\",\"contentUrl\":\"https:\/\/nordnesrepublikken.no\/wp-content\/uploads\/2026\/04\/1776512404_Hvorfor-stengingen-av-kullkraftverk-i-Italia-er-forlenget-til-2038.jpg\",\"width\":2549,\"height\":1491,\"caption\":\"Hvorfor stengingen av kullkraftverk i Italia er forlenget til 2038\"},{\"@type\":\"BreadcrumbList\",\"@id\":\"https:\/\/nordnesrepublikken.no\/index.php\/2026\/04\/18\/hvorfor-stengingen-av-kullkraftverk-i-italia-er-forlenget-til-2038\/#breadcrumb\",\"itemListElement\":[{\"@type\":\"ListItem\",\"position\":1,\"name\":\"Home\",\"item\":\"https:\/\/nordnesrepublikken.no\/\"},{\"@type\":\"ListItem\",\"position\":2,\"name\":\"Hvorfor stengingen av kullkraftverk i Italia er forlenget til 2038\"}]},{\"@type\":\"WebSite\",\"@id\":\"https:\/\/nordnesrepublikken.no\/#website\",\"url\":\"https:\/\/nordnesrepublikken.no\/\",\"name\":\"Nordnesrepublikken\",\"description\":\"Stemmer og Visjoner fra Republikkens Hjerte\",\"publisher\":{\"@id\":\"https:\/\/nordnesrepublikken.no\/#organization\"},\"potentialAction\":[{\"@type\":\"SearchAction\",\"target\":{\"@type\":\"EntryPoint\",\"urlTemplate\":\"https:\/\/nordnesrepublikken.no\/?s={search_term_string}\"},\"query-input\":{\"@type\":\"PropertyValueSpecification\",\"valueRequired\":true,\"valueName\":\"search_term_string\"}}],\"inLanguage\":\"nb-NO\"},{\"@type\":\"Organization\",\"@id\":\"https:\/\/nordnesrepublikken.no\/#organization\",\"name\":\"Nordnesrepublikken\",\"url\":\"https:\/\/nordnesrepublikken.no\/\",\"logo\":{\"@type\":\"ImageObject\",\"inLanguage\":\"nb-NO\",\"@id\":\"https:\/\/nordnesrepublikken.no\/#\/schema\/logo\/image\/\",\"url\":\"https:\/\/nordnesrepublikken.no\/wp-content\/uploads\/2025\/02\/cropped-nordnesrepublikken-2.png\",\"contentUrl\":\"https:\/\/nordnesrepublikken.no\/wp-content\/uploads\/2025\/02\/cropped-nordnesrepublikken-2.png\",\"width\":1248,\"height\":362,\"caption\":\"Nordnesrepublikken\"},\"image\":{\"@id\":\"https:\/\/nordnesrepublikken.no\/#\/schema\/logo\/image\/\"}},{\"@type\":\"Person\",\"@id\":\"https:\/\/nordnesrepublikken.no\/#\/schema\/person\/2e7e81935bab77882fffb79296240ff1\",\"name\":\"Ole Andersen\",\"image\":{\"@type\":\"ImageObject\",\"inLanguage\":\"nb-NO\",\"@id\":\"https:\/\/nordnesrepublikken.no\/#\/schema\/person\/image\/\",\"url\":\"https:\/\/nordnesrepublikken.no\/wp-content\/uploads\/2025\/02\/nordnesrepublikken-2-2-150x150.jpg\",\"contentUrl\":\"https:\/\/nordnesrepublikken.no\/wp-content\/uploads\/2025\/02\/nordnesrepublikken-2-2-150x150.jpg\",\"caption\":\"Ole Andersen\"},\"description\":\"Ettersom jeg vokste opp i Oslo, har jeg alltid v\u00e6rt fascinert av ordenes kraft og deres evne til \u00e5 skape endringer. Etter \u00e5 ha fullf\u00f8rt min utdannelse i kommunikasjon ved Universitetet i Bergen, fikk jeg muligheten til \u00e5 jobbe innen ulike medier, der jeg har s\u00f8kt \u00e5 belyse viktige samfunnssp\u00f8rsm\u00e5l. I dag, som redakt\u00f8r for Nordnesrepublikken, pr\u00f8ver jeg \u00e5 forene min kj\u00e6rlighet for journalistikk med min lidenskap for innovasjon og eventyr.\",\"sameAs\":[\"https:\/\/nordnesrepublikken.no\/\"]}]}<\/script>\n<!-- \/ Yoast SEO plugin. -->","yoast_head_json":{"title":"Hvorfor stengingen av kullkraftverk i Italia er forlenget til 2038 - Nordnesrepublikken","robots":{"index":"index","follow":"follow","max-snippet":"max-snippet:-1","max-image-preview":"max-image-preview:large","max-video-preview":"max-video-preview:-1"},"canonical":"https:\/\/nordnesrepublikken.no\/index.php\/2026\/04\/18\/hvorfor-stengingen-av-kullkraftverk-i-italia-er-forlenget-til-2038\/","og_locale":"nb_NO","og_type":"article","og_title":"Hvorfor stengingen av kullkraftverk i Italia er forlenget til 2038 - Nordnesrepublikken","og_description":"Den siste endring til lovforslaget (DL 21\/2026) godkjent av kommisjonen for produktive aktiviteter i Deputertkammeret","og_url":"https:\/\/nordnesrepublikken.no\/index.php\/2026\/04\/18\/hvorfor-stengingen-av-kullkraftverk-i-italia-er-forlenget-til-2038\/","og_site_name":"Nordnesrepublikken","article_published_time":"2026-04-18T11:40:03+00:00","article_modified_time":"2026-04-18T11:40:06+00:00","og_image":[{"width":2549,"height":1491,"url":"https:\/\/nordnesrepublikken.no\/wp-content\/uploads\/2026\/04\/1776512404_Hvorfor-stengingen-av-kullkraftverk-i-Italia-er-forlenget-til-2038.jpg","type":"image\/jpeg"}],"author":"Ole Andersen","twitter_card":"summary_large_image","twitter_misc":{"Skrevet av":"Ole Andersen","Ansl. lesetid":"4 minutter"},"schema":{"@context":"https:\/\/schema.org","@graph":[{"@type":"Article","@id":"https:\/\/nordnesrepublikken.no\/index.php\/2026\/04\/18\/hvorfor-stengingen-av-kullkraftverk-i-italia-er-forlenget-til-2038\/#article","isPartOf":{"@id":"https:\/\/nordnesrepublikken.no\/index.php\/2026\/04\/18\/hvorfor-stengingen-av-kullkraftverk-i-italia-er-forlenget-til-2038\/"},"author":{"name":"Ole Andersen","@id":"https:\/\/nordnesrepublikken.no\/#\/schema\/person\/2e7e81935bab77882fffb79296240ff1"},"headline":"Hvorfor stengingen av kullkraftverk i Italia er forlenget til 2038","datePublished":"2026-04-18T11:40:03+00:00","dateModified":"2026-04-18T11:40:06+00:00","mainEntityOfPage":{"@id":"https:\/\/nordnesrepublikken.no\/index.php\/2026\/04\/18\/hvorfor-stengingen-av-kullkraftverk-i-italia-er-forlenget-til-2038\/"},"wordCount":796,"publisher":{"@id":"https:\/\/nordnesrepublikken.no\/#organization"},"image":{"@id":"https:\/\/nordnesrepublikken.no\/index.php\/2026\/04\/18\/hvorfor-stengingen-av-kullkraftverk-i-italia-er-forlenget-til-2038\/#primaryimage"},"thumbnailUrl":"https:\/\/nordnesrepublikken.no\/wp-content\/uploads\/2026\/04\/1776512404_Hvorfor-stengingen-av-kullkraftverk-i-Italia-er-forlenget-til-2038.jpg","keywords":["forlenget","hvorfor","Italia","kullkraftverk","stengingen","til"],"articleSection":["Samfunn"],"inLanguage":"nb-NO"},{"@type":"WebPage","@id":"https:\/\/nordnesrepublikken.no\/index.php\/2026\/04\/18\/hvorfor-stengingen-av-kullkraftverk-i-italia-er-forlenget-til-2038\/","url":"https:\/\/nordnesrepublikken.no\/index.php\/2026\/04\/18\/hvorfor-stengingen-av-kullkraftverk-i-italia-er-forlenget-til-2038\/","name":"Hvorfor stengingen av kullkraftverk i Italia er forlenget til 2038 - Nordnesrepublikken","isPartOf":{"@id":"https:\/\/nordnesrepublikken.no\/#website"},"primaryImageOfPage":{"@id":"https:\/\/nordnesrepublikken.no\/index.php\/2026\/04\/18\/hvorfor-stengingen-av-kullkraftverk-i-italia-er-forlenget-til-2038\/#primaryimage"},"image":{"@id":"https:\/\/nordnesrepublikken.no\/index.php\/2026\/04\/18\/hvorfor-stengingen-av-kullkraftverk-i-italia-er-forlenget-til-2038\/#primaryimage"},"thumbnailUrl":"https:\/\/nordnesrepublikken.no\/wp-content\/uploads\/2026\/04\/1776512404_Hvorfor-stengingen-av-kullkraftverk-i-Italia-er-forlenget-til-2038.jpg","datePublished":"2026-04-18T11:40:03+00:00","dateModified":"2026-04-18T11:40:06+00:00","breadcrumb":{"@id":"https:\/\/nordnesrepublikken.no\/index.php\/2026\/04\/18\/hvorfor-stengingen-av-kullkraftverk-i-italia-er-forlenget-til-2038\/#breadcrumb"},"inLanguage":"nb-NO","potentialAction":[{"@type":"ReadAction","target":["https:\/\/nordnesrepublikken.no\/index.php\/2026\/04\/18\/hvorfor-stengingen-av-kullkraftverk-i-italia-er-forlenget-til-2038\/"]}]},{"@type":"ImageObject","inLanguage":"nb-NO","@id":"https:\/\/nordnesrepublikken.no\/index.php\/2026\/04\/18\/hvorfor-stengingen-av-kullkraftverk-i-italia-er-forlenget-til-2038\/#primaryimage","url":"https:\/\/nordnesrepublikken.no\/wp-content\/uploads\/2026\/04\/1776512404_Hvorfor-stengingen-av-kullkraftverk-i-Italia-er-forlenget-til-2038.jpg","contentUrl":"https:\/\/nordnesrepublikken.no\/wp-content\/uploads\/2026\/04\/1776512404_Hvorfor-stengingen-av-kullkraftverk-i-Italia-er-forlenget-til-2038.jpg","width":2549,"height":1491,"caption":"Hvorfor stengingen av kullkraftverk i Italia er forlenget til 2038"},{"@type":"BreadcrumbList","@id":"https:\/\/nordnesrepublikken.no\/index.php\/2026\/04\/18\/hvorfor-stengingen-av-kullkraftverk-i-italia-er-forlenget-til-2038\/#breadcrumb","itemListElement":[{"@type":"ListItem","position":1,"name":"Home","item":"https:\/\/nordnesrepublikken.no\/"},{"@type":"ListItem","position":2,"name":"Hvorfor stengingen av kullkraftverk i Italia er forlenget til 2038"}]},{"@type":"WebSite","@id":"https:\/\/nordnesrepublikken.no\/#website","url":"https:\/\/nordnesrepublikken.no\/","name":"Nordnesrepublikken","description":"Stemmer og Visjoner fra Republikkens Hjerte","publisher":{"@id":"https:\/\/nordnesrepublikken.no\/#organization"},"potentialAction":[{"@type":"SearchAction","target":{"@type":"EntryPoint","urlTemplate":"https:\/\/nordnesrepublikken.no\/?s={search_term_string}"},"query-input":{"@type":"PropertyValueSpecification","valueRequired":true,"valueName":"search_term_string"}}],"inLanguage":"nb-NO"},{"@type":"Organization","@id":"https:\/\/nordnesrepublikken.no\/#organization","name":"Nordnesrepublikken","url":"https:\/\/nordnesrepublikken.no\/","logo":{"@type":"ImageObject","inLanguage":"nb-NO","@id":"https:\/\/nordnesrepublikken.no\/#\/schema\/logo\/image\/","url":"https:\/\/nordnesrepublikken.no\/wp-content\/uploads\/2025\/02\/cropped-nordnesrepublikken-2.png","contentUrl":"https:\/\/nordnesrepublikken.no\/wp-content\/uploads\/2025\/02\/cropped-nordnesrepublikken-2.png","width":1248,"height":362,"caption":"Nordnesrepublikken"},"image":{"@id":"https:\/\/nordnesrepublikken.no\/#\/schema\/logo\/image\/"}},{"@type":"Person","@id":"https:\/\/nordnesrepublikken.no\/#\/schema\/person\/2e7e81935bab77882fffb79296240ff1","name":"Ole Andersen","image":{"@type":"ImageObject","inLanguage":"nb-NO","@id":"https:\/\/nordnesrepublikken.no\/#\/schema\/person\/image\/","url":"https:\/\/nordnesrepublikken.no\/wp-content\/uploads\/2025\/02\/nordnesrepublikken-2-2-150x150.jpg","contentUrl":"https:\/\/nordnesrepublikken.no\/wp-content\/uploads\/2025\/02\/nordnesrepublikken-2-2-150x150.jpg","caption":"Ole Andersen"},"description":"Ettersom jeg vokste opp i Oslo, har jeg alltid v\u00e6rt fascinert av ordenes kraft og deres evne til \u00e5 skape endringer. Etter \u00e5 ha fullf\u00f8rt min utdannelse i kommunikasjon ved Universitetet i Bergen, fikk jeg muligheten til \u00e5 jobbe innen ulike medier, der jeg har s\u00f8kt \u00e5 belyse viktige samfunnssp\u00f8rsm\u00e5l. I dag, som redakt\u00f8r for Nordnesrepublikken, pr\u00f8ver jeg \u00e5 forene min kj\u00e6rlighet for journalistikk med min lidenskap for innovasjon og eventyr.","sameAs":["https:\/\/nordnesrepublikken.no\/"]}]}},"_links":{"self":[{"href":"https:\/\/nordnesrepublikken.no\/index.php\/wp-json\/wp\/v2\/posts\/17136","targetHints":{"allow":["GET"]}}],"collection":[{"href":"https:\/\/nordnesrepublikken.no\/index.php\/wp-json\/wp\/v2\/posts"}],"about":[{"href":"https:\/\/nordnesrepublikken.no\/index.php\/wp-json\/wp\/v2\/types\/post"}],"author":[{"embeddable":true,"href":"https:\/\/nordnesrepublikken.no\/index.php\/wp-json\/wp\/v2\/users\/1"}],"replies":[{"embeddable":true,"href":"https:\/\/nordnesrepublikken.no\/index.php\/wp-json\/wp\/v2\/comments?post=17136"}],"version-history":[{"count":1,"href":"https:\/\/nordnesrepublikken.no\/index.php\/wp-json\/wp\/v2\/posts\/17136\/revisions"}],"predecessor-version":[{"id":17138,"href":"https:\/\/nordnesrepublikken.no\/index.php\/wp-json\/wp\/v2\/posts\/17136\/revisions\/17138"}],"wp:featuredmedia":[{"embeddable":true,"href":"https:\/\/nordnesrepublikken.no\/index.php\/wp-json\/wp\/v2\/media\/17137"}],"wp:attachment":[{"href":"https:\/\/nordnesrepublikken.no\/index.php\/wp-json\/wp\/v2\/media?parent=17136"}],"wp:term":[{"taxonomy":"category","embeddable":true,"href":"https:\/\/nordnesrepublikken.no\/index.php\/wp-json\/wp\/v2\/categories?post=17136"},{"taxonomy":"post_tag","embeddable":true,"href":"https:\/\/nordnesrepublikken.no\/index.php\/wp-json\/wp\/v2\/tags?post=17136"}],"curies":[{"name":"wp","href":"https:\/\/api.w.org\/{rel}","templated":true}]}}