{"id":17133,"date":"2026-04-18T13:38:46","date_gmt":"2026-04-18T11:38:46","guid":{"rendered":"https:\/\/nordnesrepublikken.no\/index.php\/2026\/04\/18\/flyet-er-for-tungt-til-a-ta-av-easyjet-passasjerer-ble-sjokkert-over-oppfordring-om-a-ga-av-flyet\/"},"modified":"2026-04-18T13:38:49","modified_gmt":"2026-04-18T11:38:49","slug":"flyet-er-for-tungt-til-a-ta-av-easyjet-passasjerer-ble-sjokkert-over-oppfordring-om-a-ga-av-flyet","status":"publish","type":"post","link":"https:\/\/nordnesrepublikken.no\/index.php\/2026\/04\/18\/flyet-er-for-tungt-til-a-ta-av-easyjet-passasjerer-ble-sjokkert-over-oppfordring-om-a-ga-av-flyet\/","title":{"rendered":"Flyet er for tungt til \u00e5 ta av: EasyJet-passasjerer ble sjokkert over oppfordring om \u00e5 g\u00e5 av flyet"},"content":{"rendered":"<p><\/p>\n<div class=\"wordpress-content\">\n                    <!-- Article Start --><\/p>\n<p class=\"p1\">Selv om det er sant at feriegjester har en tendens til \u00e5 stappe s\u00e5 mye i sakene sine som mulig i disse dager, reagerte passasjerer ombord p\u00e5 et easyJet-fly fra Southend til Malaga med vantro da kapteinen kunngjorde at flyet ikke kunne lette trygt med mindre seks personer gikk av frivillig.<\/p>\n<h2 class=\"p1\">Overraskende kunngj\u00f8ring sjokkerer kabinen<\/h2>\n<p class=\"p1\">Som rapportert av Your Southend p\u00e5 deres Facebook-side, h\u00f8rte Kelly Wayland, et 45 \u00e5r gammelt uavhengig reisebyr\u00e5 som skulle fly med familiemedlemmer, inkludert hennes funksjonshemmede far, piloten forklare situasjonen direkte. Hun trodde f\u00f8rst at meldingen var en sp\u00f8k. Alternativene som ble presentert inkluderte \u00e5 fjerne seks passasjerer, losse all bagasje eller kansellere avgang helt. Faktorer som v\u00e6rforhold og den relativt korte rullebanen p\u00e5 Southend flyplass bidro til at vektgrensen ble overskredet p\u00e5 Airbus A319.<\/p>\n<p class=\"p1\">I l\u00f8pet av omtrent 10 minutter gikk fem passasjerer frem og gikk med p\u00e5 \u00e5 g\u00e5 av. Medreisende tilb\u00f8d en applaus da disse personene forlot flyet.<\/p>\n<div class=\"sra_unit\"><link rel=\"stylesheet\" id=\"block-sra\" href=\"https:\/\/euroweeklynews.com\/wp-content\/plugins\/snack-related-articles\/dist\/css\/snack-related.min.css?250312-193541\" type=\"text\/css\" media=\"all\">\n<\/div>\n<h2 class=\"p1\">Frivillige f\u00e5r alternative ordninger<\/h2>\n<p class=\"p1\">EasyJet arrangerte gratis transport for de fem frivillige fra Essex til S\u00f8r-Londons Gatwick, hvor seter ventet dem p\u00e5 en senere tjeneste til Malaga. Kompensasjonen fulgte standard UK Civil Aviation Authority retningslinjer for slike forstyrrelser p\u00e5 mellomdistanseruter.<\/p>\n<p class=\"p1\">Carly Mowbray, en annen passasjer p\u00e5 flight EJU27008, beskrev \u00f8yeblikket over tannoyen. Besetningsmedlemmer skisserte tre klare valg: Seks personer g\u00e5r av, bagasjen blir igjen, eller flyet forblir p\u00e5 bakken. Hun sa at flyet allerede hadde rundt 10 tomme seter f\u00f8r de frivillige dro. Avgang fant endelig sted bare litt etter den planlagte klokken 8.40 l\u00f8rdag 11. april, med rekorder som viste hjulene opp klokken 8.59 for en rapportert 12-minutters forsinkelse totalt.<\/p>\n<h2 class=\"p1\">Hvorfor vektgrenser betyr noe p\u00e5 mindre flyplasser<\/h2>\n<p class=\"p1\">Flyytelsesberegninger tar hensyn til variabler inkludert temperatur, vind, lufttrykk, rullebanelengde, drivstoff, passasjerer og bagasje. Southend Airport opererer med en mye kortere rullebane enn store London-flyplasser, noe som gj\u00f8r disse restriksjonene mer merkbare p\u00e5 fulle flyvninger under visse forhold. Flyselskaper er avhengige av gjennomsnittlig passasjervekt i stedet for individuelle m\u00e5linger, noe som av og til kan f\u00f8re til justeringer i siste liten for sikkerheten.<\/p>\n<p class=\"p1\">En Airbus A319 har en maksimal startvekt p\u00e5 75,5 tonn. Data fra European Union Aviation Safety Agency fra 2022 indikerer en gjennomsnittlig passasjervekt, inkludert h\u00e5ndbagasje, p\u00e5 84 kg.<\/p>\n<p class=\"p1\">Lignende hendelser i fortiden<\/p>\n<p class=\"p1\">Hendelser av denne art er fortsatt uvanlige, men har skjedd f\u00f8r p\u00e5 den samme ruten Southend til Malaga, inkludert et tilsvarende tilfelle i 2014. EasyJet understreket at passasjer- og mannskapssikkerhet alltid kommer f\u00f8rst, med vektrestriksjoner som er en standard del av luftfartsprosedyrer for alle flyselskaper.<\/p>\n<p class=\"p1\">Lokale beretninger fra en annen passasjer, Paul Baker, fremhevet hvordan kortere rullebaner p\u00e5 flyplasser som Southend kan forsterke disse utfordringene med fullastede fly. De fleste passasjerene fortsatte reisen med bare en kort forsinkelse, og gjorde det som begynte som en uvanlig start til en minneverdig historie med rask oppl\u00f8sning og godt hum\u00f8r fra de om bord.<\/p>\n<blockquote class=\"wp-embedded-content\" data-secret=\"YCBk6TgbUx\">\n<p>Fly for tung til \u00e5 ta av \u2013 20 passasjerer tatt av<\/p>\n<\/blockquote>\n<p><iframe loading=\"lazy\" class=\"wp-embedded-content\" sandbox=\"allow-scripts\" security=\"restricted\" style=\"position: absolute; visibility: hidden;\" title=\"\u201cFlight too heavy to take off \u2013 20 passengers taken off\u201d \u2014 Euro Weekly News\" src=\"https:\/\/euroweeklynews.com\/2025\/08\/24\/flight-too-heavy-to-take-off-20-passengers-taken-off\/embed\/#?secret=xYpX9LBrvb#?secret=YCBk6TgbUx\" data-secret=\"YCBk6TgbUx\" width=\"500\" height=\"282\" frameborder=\"0\" marginwidth=\"0\" marginheight=\"0\" scrolling=\"no\"><\/iframe><\/p>\n<p>                    <!-- Originally published at https:\/\/euroweeklynews.com\/2026\/04\/18\/plane-too-heavy-to-take-off-easyjet-passengers-shocked-by-call-to-get-off-plane\/ on 18 Apr 2026 at 12:46 by Adam Woodward --><br \/>\n                    <!-- Article End -->\n                <\/div>\n","protected":false},"excerpt":{"rendered":"<p>Selv om det er sant at feriegjester har en tendens til \u00e5 stappe s\u00e5 mye<\/p>\n","protected":false},"author":1,"featured_media":17134,"comment_status":"closed","ping_status":"open","sticky":false,"template":"","format":"standard","meta":{"footnotes":""},"categories":[105],"tags":[373,10957,1798,698,11068,7057,117,11067],"class_list":["post-17133","post","type-post","status-publish","format-standard","has-post-thumbnail","hentry","category-livsstil","tag-ble","tag-easyjetpassasjerer","tag-flyet","tag-ga","tag-oppfordring","tag-sjokkert","tag-til","tag-tungt","generate-columns","tablet-grid-50","mobile-grid-100","grid-parent","grid-33","resize-featured-image"],"yoast_head":"<!-- This site is optimized with the Yoast SEO plugin v24.4 - https:\/\/yoast.com\/wordpress\/plugins\/seo\/ -->\n<title>Flyet er for tungt til \u00e5 ta av: EasyJet-passasjerer ble sjokkert over oppfordring om \u00e5 g\u00e5 av flyet - Nordnesrepublikken<\/title>\n<meta name=\"robots\" content=\"index, follow, max-snippet:-1, max-image-preview:large, max-video-preview:-1\" \/>\n<link rel=\"canonical\" href=\"https:\/\/nordnesrepublikken.no\/index.php\/2026\/04\/18\/flyet-er-for-tungt-til-a-ta-av-easyjet-passasjerer-ble-sjokkert-over-oppfordring-om-a-ga-av-flyet\/\" \/>\n<meta property=\"og:locale\" content=\"nb_NO\" \/>\n<meta property=\"og:type\" content=\"article\" \/>\n<meta property=\"og:title\" content=\"Flyet er for tungt til \u00e5 ta av: EasyJet-passasjerer ble sjokkert over oppfordring om \u00e5 g\u00e5 av flyet - Nordnesrepublikken\" \/>\n<meta property=\"og:description\" content=\"Selv om det er sant at feriegjester har en tendens til \u00e5 stappe s\u00e5 mye\" \/>\n<meta property=\"og:url\" content=\"https:\/\/nordnesrepublikken.no\/index.php\/2026\/04\/18\/flyet-er-for-tungt-til-a-ta-av-easyjet-passasjerer-ble-sjokkert-over-oppfordring-om-a-ga-av-flyet\/\" \/>\n<meta property=\"og:site_name\" content=\"Nordnesrepublikken\" \/>\n<meta property=\"article:published_time\" content=\"2026-04-18T11:38:46+00:00\" \/>\n<meta property=\"article:modified_time\" content=\"2026-04-18T11:38:49+00:00\" \/>\n<meta property=\"og:image\" content=\"https:\/\/nordnesrepublikken.no\/wp-content\/uploads\/2026\/04\/1776512327_Flyet-er-for-tungt-til-a-ta-av-EasyJet-passasjerer-ble.png\" \/>\n\t<meta property=\"og:image:width\" content=\"1200\" \/>\n\t<meta property=\"og:image:height\" content=\"800\" \/>\n\t<meta property=\"og:image:type\" content=\"image\/png\" \/>\n<meta name=\"author\" content=\"Ole Andersen\" \/>\n<meta name=\"twitter:card\" content=\"summary_large_image\" \/>\n<meta name=\"twitter:label1\" content=\"Skrevet av\" \/>\n\t<meta name=\"twitter:data1\" content=\"Ole Andersen\" \/>\n\t<meta name=\"twitter:label2\" content=\"Ansl. lesetid\" \/>\n\t<meta name=\"twitter:data2\" content=\"2 minutter\" \/>\n<script type=\"application\/ld+json\" class=\"yoast-schema-graph\">{\"@context\":\"https:\/\/schema.org\",\"@graph\":[{\"@type\":\"Article\",\"@id\":\"https:\/\/nordnesrepublikken.no\/index.php\/2026\/04\/18\/flyet-er-for-tungt-til-a-ta-av-easyjet-passasjerer-ble-sjokkert-over-oppfordring-om-a-ga-av-flyet\/#article\",\"isPartOf\":{\"@id\":\"https:\/\/nordnesrepublikken.no\/index.php\/2026\/04\/18\/flyet-er-for-tungt-til-a-ta-av-easyjet-passasjerer-ble-sjokkert-over-oppfordring-om-a-ga-av-flyet\/\"},\"author\":{\"name\":\"Ole Andersen\",\"@id\":\"https:\/\/nordnesrepublikken.no\/#\/schema\/person\/2e7e81935bab77882fffb79296240ff1\"},\"headline\":\"Flyet er for tungt til \u00e5 ta av: EasyJet-passasjerer ble sjokkert over oppfordring om \u00e5 g\u00e5 av flyet\",\"datePublished\":\"2026-04-18T11:38:46+00:00\",\"dateModified\":\"2026-04-18T11:38:49+00:00\",\"mainEntityOfPage\":{\"@id\":\"https:\/\/nordnesrepublikken.no\/index.php\/2026\/04\/18\/flyet-er-for-tungt-til-a-ta-av-easyjet-passasjerer-ble-sjokkert-over-oppfordring-om-a-ga-av-flyet\/\"},\"wordCount\":501,\"publisher\":{\"@id\":\"https:\/\/nordnesrepublikken.no\/#organization\"},\"image\":{\"@id\":\"https:\/\/nordnesrepublikken.no\/index.php\/2026\/04\/18\/flyet-er-for-tungt-til-a-ta-av-easyjet-passasjerer-ble-sjokkert-over-oppfordring-om-a-ga-av-flyet\/#primaryimage\"},\"thumbnailUrl\":\"https:\/\/nordnesrepublikken.no\/wp-content\/uploads\/2026\/04\/1776512327_Flyet-er-for-tungt-til-a-ta-av-EasyJet-passasjerer-ble.png\",\"keywords\":[\"ble\",\"EasyJetpassasjerer\",\"flyet\",\"g\u00e5\",\"oppfordring\",\"sjokkert\",\"til\",\"tungt\"],\"articleSection\":[\"Livsstil\"],\"inLanguage\":\"nb-NO\"},{\"@type\":\"WebPage\",\"@id\":\"https:\/\/nordnesrepublikken.no\/index.php\/2026\/04\/18\/flyet-er-for-tungt-til-a-ta-av-easyjet-passasjerer-ble-sjokkert-over-oppfordring-om-a-ga-av-flyet\/\",\"url\":\"https:\/\/nordnesrepublikken.no\/index.php\/2026\/04\/18\/flyet-er-for-tungt-til-a-ta-av-easyjet-passasjerer-ble-sjokkert-over-oppfordring-om-a-ga-av-flyet\/\",\"name\":\"Flyet er for tungt til \u00e5 ta av: EasyJet-passasjerer ble sjokkert over oppfordring om \u00e5 g\u00e5 av flyet - Nordnesrepublikken\",\"isPartOf\":{\"@id\":\"https:\/\/nordnesrepublikken.no\/#website\"},\"primaryImageOfPage\":{\"@id\":\"https:\/\/nordnesrepublikken.no\/index.php\/2026\/04\/18\/flyet-er-for-tungt-til-a-ta-av-easyjet-passasjerer-ble-sjokkert-over-oppfordring-om-a-ga-av-flyet\/#primaryimage\"},\"image\":{\"@id\":\"https:\/\/nordnesrepublikken.no\/index.php\/2026\/04\/18\/flyet-er-for-tungt-til-a-ta-av-easyjet-passasjerer-ble-sjokkert-over-oppfordring-om-a-ga-av-flyet\/#primaryimage\"},\"thumbnailUrl\":\"https:\/\/nordnesrepublikken.no\/wp-content\/uploads\/2026\/04\/1776512327_Flyet-er-for-tungt-til-a-ta-av-EasyJet-passasjerer-ble.png\",\"datePublished\":\"2026-04-18T11:38:46+00:00\",\"dateModified\":\"2026-04-18T11:38:49+00:00\",\"breadcrumb\":{\"@id\":\"https:\/\/nordnesrepublikken.no\/index.php\/2026\/04\/18\/flyet-er-for-tungt-til-a-ta-av-easyjet-passasjerer-ble-sjokkert-over-oppfordring-om-a-ga-av-flyet\/#breadcrumb\"},\"inLanguage\":\"nb-NO\",\"potentialAction\":[{\"@type\":\"ReadAction\",\"target\":[\"https:\/\/nordnesrepublikken.no\/index.php\/2026\/04\/18\/flyet-er-for-tungt-til-a-ta-av-easyjet-passasjerer-ble-sjokkert-over-oppfordring-om-a-ga-av-flyet\/\"]}]},{\"@type\":\"ImageObject\",\"inLanguage\":\"nb-NO\",\"@id\":\"https:\/\/nordnesrepublikken.no\/index.php\/2026\/04\/18\/flyet-er-for-tungt-til-a-ta-av-easyjet-passasjerer-ble-sjokkert-over-oppfordring-om-a-ga-av-flyet\/#primaryimage\",\"url\":\"https:\/\/nordnesrepublikken.no\/wp-content\/uploads\/2026\/04\/1776512327_Flyet-er-for-tungt-til-a-ta-av-EasyJet-passasjerer-ble.png\",\"contentUrl\":\"https:\/\/nordnesrepublikken.no\/wp-content\/uploads\/2026\/04\/1776512327_Flyet-er-for-tungt-til-a-ta-av-EasyJet-passasjerer-ble.png\",\"width\":1200,\"height\":800,\"caption\":\"Flyet er for tungt til \u00e5 ta av: EasyJet-passasjerer ble sjokkert over oppfordring om \u00e5 g\u00e5 av flyet\"},{\"@type\":\"BreadcrumbList\",\"@id\":\"https:\/\/nordnesrepublikken.no\/index.php\/2026\/04\/18\/flyet-er-for-tungt-til-a-ta-av-easyjet-passasjerer-ble-sjokkert-over-oppfordring-om-a-ga-av-flyet\/#breadcrumb\",\"itemListElement\":[{\"@type\":\"ListItem\",\"position\":1,\"name\":\"Home\",\"item\":\"https:\/\/nordnesrepublikken.no\/\"},{\"@type\":\"ListItem\",\"position\":2,\"name\":\"Flyet er for tungt til \u00e5 ta av: EasyJet-passasjerer ble sjokkert over oppfordring om \u00e5 g\u00e5 av flyet\"}]},{\"@type\":\"WebSite\",\"@id\":\"https:\/\/nordnesrepublikken.no\/#website\",\"url\":\"https:\/\/nordnesrepublikken.no\/\",\"name\":\"Nordnesrepublikken\",\"description\":\"Stemmer og Visjoner fra Republikkens Hjerte\",\"publisher\":{\"@id\":\"https:\/\/nordnesrepublikken.no\/#organization\"},\"potentialAction\":[{\"@type\":\"SearchAction\",\"target\":{\"@type\":\"EntryPoint\",\"urlTemplate\":\"https:\/\/nordnesrepublikken.no\/?s={search_term_string}\"},\"query-input\":{\"@type\":\"PropertyValueSpecification\",\"valueRequired\":true,\"valueName\":\"search_term_string\"}}],\"inLanguage\":\"nb-NO\"},{\"@type\":\"Organization\",\"@id\":\"https:\/\/nordnesrepublikken.no\/#organization\",\"name\":\"Nordnesrepublikken\",\"url\":\"https:\/\/nordnesrepublikken.no\/\",\"logo\":{\"@type\":\"ImageObject\",\"inLanguage\":\"nb-NO\",\"@id\":\"https:\/\/nordnesrepublikken.no\/#\/schema\/logo\/image\/\",\"url\":\"https:\/\/nordnesrepublikken.no\/wp-content\/uploads\/2025\/02\/cropped-nordnesrepublikken-2.png\",\"contentUrl\":\"https:\/\/nordnesrepublikken.no\/wp-content\/uploads\/2025\/02\/cropped-nordnesrepublikken-2.png\",\"width\":1248,\"height\":362,\"caption\":\"Nordnesrepublikken\"},\"image\":{\"@id\":\"https:\/\/nordnesrepublikken.no\/#\/schema\/logo\/image\/\"}},{\"@type\":\"Person\",\"@id\":\"https:\/\/nordnesrepublikken.no\/#\/schema\/person\/2e7e81935bab77882fffb79296240ff1\",\"name\":\"Ole Andersen\",\"image\":{\"@type\":\"ImageObject\",\"inLanguage\":\"nb-NO\",\"@id\":\"https:\/\/nordnesrepublikken.no\/#\/schema\/person\/image\/\",\"url\":\"https:\/\/nordnesrepublikken.no\/wp-content\/uploads\/2025\/02\/nordnesrepublikken-2-2-150x150.jpg\",\"contentUrl\":\"https:\/\/nordnesrepublikken.no\/wp-content\/uploads\/2025\/02\/nordnesrepublikken-2-2-150x150.jpg\",\"caption\":\"Ole Andersen\"},\"description\":\"Ettersom jeg vokste opp i Oslo, har jeg alltid v\u00e6rt fascinert av ordenes kraft og deres evne til \u00e5 skape endringer. Etter \u00e5 ha fullf\u00f8rt min utdannelse i kommunikasjon ved Universitetet i Bergen, fikk jeg muligheten til \u00e5 jobbe innen ulike medier, der jeg har s\u00f8kt \u00e5 belyse viktige samfunnssp\u00f8rsm\u00e5l. I dag, som redakt\u00f8r for Nordnesrepublikken, pr\u00f8ver jeg \u00e5 forene min kj\u00e6rlighet for journalistikk med min lidenskap for innovasjon og eventyr.\",\"sameAs\":[\"https:\/\/nordnesrepublikken.no\/\"]}]}<\/script>\n<!-- \/ Yoast SEO plugin. -->","yoast_head_json":{"title":"Flyet er for tungt til \u00e5 ta av: EasyJet-passasjerer ble sjokkert over oppfordring om \u00e5 g\u00e5 av flyet - Nordnesrepublikken","robots":{"index":"index","follow":"follow","max-snippet":"max-snippet:-1","max-image-preview":"max-image-preview:large","max-video-preview":"max-video-preview:-1"},"canonical":"https:\/\/nordnesrepublikken.no\/index.php\/2026\/04\/18\/flyet-er-for-tungt-til-a-ta-av-easyjet-passasjerer-ble-sjokkert-over-oppfordring-om-a-ga-av-flyet\/","og_locale":"nb_NO","og_type":"article","og_title":"Flyet er for tungt til \u00e5 ta av: EasyJet-passasjerer ble sjokkert over oppfordring om \u00e5 g\u00e5 av flyet - Nordnesrepublikken","og_description":"Selv om det er sant at feriegjester har en tendens til \u00e5 stappe s\u00e5 mye","og_url":"https:\/\/nordnesrepublikken.no\/index.php\/2026\/04\/18\/flyet-er-for-tungt-til-a-ta-av-easyjet-passasjerer-ble-sjokkert-over-oppfordring-om-a-ga-av-flyet\/","og_site_name":"Nordnesrepublikken","article_published_time":"2026-04-18T11:38:46+00:00","article_modified_time":"2026-04-18T11:38:49+00:00","og_image":[{"width":1200,"height":800,"url":"https:\/\/nordnesrepublikken.no\/wp-content\/uploads\/2026\/04\/1776512327_Flyet-er-for-tungt-til-a-ta-av-EasyJet-passasjerer-ble.png","type":"image\/png"}],"author":"Ole Andersen","twitter_card":"summary_large_image","twitter_misc":{"Skrevet av":"Ole Andersen","Ansl. lesetid":"2 minutter"},"schema":{"@context":"https:\/\/schema.org","@graph":[{"@type":"Article","@id":"https:\/\/nordnesrepublikken.no\/index.php\/2026\/04\/18\/flyet-er-for-tungt-til-a-ta-av-easyjet-passasjerer-ble-sjokkert-over-oppfordring-om-a-ga-av-flyet\/#article","isPartOf":{"@id":"https:\/\/nordnesrepublikken.no\/index.php\/2026\/04\/18\/flyet-er-for-tungt-til-a-ta-av-easyjet-passasjerer-ble-sjokkert-over-oppfordring-om-a-ga-av-flyet\/"},"author":{"name":"Ole Andersen","@id":"https:\/\/nordnesrepublikken.no\/#\/schema\/person\/2e7e81935bab77882fffb79296240ff1"},"headline":"Flyet er for tungt til \u00e5 ta av: EasyJet-passasjerer ble sjokkert over oppfordring om \u00e5 g\u00e5 av flyet","datePublished":"2026-04-18T11:38:46+00:00","dateModified":"2026-04-18T11:38:49+00:00","mainEntityOfPage":{"@id":"https:\/\/nordnesrepublikken.no\/index.php\/2026\/04\/18\/flyet-er-for-tungt-til-a-ta-av-easyjet-passasjerer-ble-sjokkert-over-oppfordring-om-a-ga-av-flyet\/"},"wordCount":501,"publisher":{"@id":"https:\/\/nordnesrepublikken.no\/#organization"},"image":{"@id":"https:\/\/nordnesrepublikken.no\/index.php\/2026\/04\/18\/flyet-er-for-tungt-til-a-ta-av-easyjet-passasjerer-ble-sjokkert-over-oppfordring-om-a-ga-av-flyet\/#primaryimage"},"thumbnailUrl":"https:\/\/nordnesrepublikken.no\/wp-content\/uploads\/2026\/04\/1776512327_Flyet-er-for-tungt-til-a-ta-av-EasyJet-passasjerer-ble.png","keywords":["ble","EasyJetpassasjerer","flyet","g\u00e5","oppfordring","sjokkert","til","tungt"],"articleSection":["Livsstil"],"inLanguage":"nb-NO"},{"@type":"WebPage","@id":"https:\/\/nordnesrepublikken.no\/index.php\/2026\/04\/18\/flyet-er-for-tungt-til-a-ta-av-easyjet-passasjerer-ble-sjokkert-over-oppfordring-om-a-ga-av-flyet\/","url":"https:\/\/nordnesrepublikken.no\/index.php\/2026\/04\/18\/flyet-er-for-tungt-til-a-ta-av-easyjet-passasjerer-ble-sjokkert-over-oppfordring-om-a-ga-av-flyet\/","name":"Flyet er for tungt til \u00e5 ta av: EasyJet-passasjerer ble sjokkert over oppfordring om \u00e5 g\u00e5 av flyet - Nordnesrepublikken","isPartOf":{"@id":"https:\/\/nordnesrepublikken.no\/#website"},"primaryImageOfPage":{"@id":"https:\/\/nordnesrepublikken.no\/index.php\/2026\/04\/18\/flyet-er-for-tungt-til-a-ta-av-easyjet-passasjerer-ble-sjokkert-over-oppfordring-om-a-ga-av-flyet\/#primaryimage"},"image":{"@id":"https:\/\/nordnesrepublikken.no\/index.php\/2026\/04\/18\/flyet-er-for-tungt-til-a-ta-av-easyjet-passasjerer-ble-sjokkert-over-oppfordring-om-a-ga-av-flyet\/#primaryimage"},"thumbnailUrl":"https:\/\/nordnesrepublikken.no\/wp-content\/uploads\/2026\/04\/1776512327_Flyet-er-for-tungt-til-a-ta-av-EasyJet-passasjerer-ble.png","datePublished":"2026-04-18T11:38:46+00:00","dateModified":"2026-04-18T11:38:49+00:00","breadcrumb":{"@id":"https:\/\/nordnesrepublikken.no\/index.php\/2026\/04\/18\/flyet-er-for-tungt-til-a-ta-av-easyjet-passasjerer-ble-sjokkert-over-oppfordring-om-a-ga-av-flyet\/#breadcrumb"},"inLanguage":"nb-NO","potentialAction":[{"@type":"ReadAction","target":["https:\/\/nordnesrepublikken.no\/index.php\/2026\/04\/18\/flyet-er-for-tungt-til-a-ta-av-easyjet-passasjerer-ble-sjokkert-over-oppfordring-om-a-ga-av-flyet\/"]}]},{"@type":"ImageObject","inLanguage":"nb-NO","@id":"https:\/\/nordnesrepublikken.no\/index.php\/2026\/04\/18\/flyet-er-for-tungt-til-a-ta-av-easyjet-passasjerer-ble-sjokkert-over-oppfordring-om-a-ga-av-flyet\/#primaryimage","url":"https:\/\/nordnesrepublikken.no\/wp-content\/uploads\/2026\/04\/1776512327_Flyet-er-for-tungt-til-a-ta-av-EasyJet-passasjerer-ble.png","contentUrl":"https:\/\/nordnesrepublikken.no\/wp-content\/uploads\/2026\/04\/1776512327_Flyet-er-for-tungt-til-a-ta-av-EasyJet-passasjerer-ble.png","width":1200,"height":800,"caption":"Flyet er for tungt til \u00e5 ta av: EasyJet-passasjerer ble sjokkert over oppfordring om \u00e5 g\u00e5 av flyet"},{"@type":"BreadcrumbList","@id":"https:\/\/nordnesrepublikken.no\/index.php\/2026\/04\/18\/flyet-er-for-tungt-til-a-ta-av-easyjet-passasjerer-ble-sjokkert-over-oppfordring-om-a-ga-av-flyet\/#breadcrumb","itemListElement":[{"@type":"ListItem","position":1,"name":"Home","item":"https:\/\/nordnesrepublikken.no\/"},{"@type":"ListItem","position":2,"name":"Flyet er for tungt til \u00e5 ta av: EasyJet-passasjerer ble sjokkert over oppfordring om \u00e5 g\u00e5 av flyet"}]},{"@type":"WebSite","@id":"https:\/\/nordnesrepublikken.no\/#website","url":"https:\/\/nordnesrepublikken.no\/","name":"Nordnesrepublikken","description":"Stemmer og Visjoner fra Republikkens Hjerte","publisher":{"@id":"https:\/\/nordnesrepublikken.no\/#organization"},"potentialAction":[{"@type":"SearchAction","target":{"@type":"EntryPoint","urlTemplate":"https:\/\/nordnesrepublikken.no\/?s={search_term_string}"},"query-input":{"@type":"PropertyValueSpecification","valueRequired":true,"valueName":"search_term_string"}}],"inLanguage":"nb-NO"},{"@type":"Organization","@id":"https:\/\/nordnesrepublikken.no\/#organization","name":"Nordnesrepublikken","url":"https:\/\/nordnesrepublikken.no\/","logo":{"@type":"ImageObject","inLanguage":"nb-NO","@id":"https:\/\/nordnesrepublikken.no\/#\/schema\/logo\/image\/","url":"https:\/\/nordnesrepublikken.no\/wp-content\/uploads\/2025\/02\/cropped-nordnesrepublikken-2.png","contentUrl":"https:\/\/nordnesrepublikken.no\/wp-content\/uploads\/2025\/02\/cropped-nordnesrepublikken-2.png","width":1248,"height":362,"caption":"Nordnesrepublikken"},"image":{"@id":"https:\/\/nordnesrepublikken.no\/#\/schema\/logo\/image\/"}},{"@type":"Person","@id":"https:\/\/nordnesrepublikken.no\/#\/schema\/person\/2e7e81935bab77882fffb79296240ff1","name":"Ole Andersen","image":{"@type":"ImageObject","inLanguage":"nb-NO","@id":"https:\/\/nordnesrepublikken.no\/#\/schema\/person\/image\/","url":"https:\/\/nordnesrepublikken.no\/wp-content\/uploads\/2025\/02\/nordnesrepublikken-2-2-150x150.jpg","contentUrl":"https:\/\/nordnesrepublikken.no\/wp-content\/uploads\/2025\/02\/nordnesrepublikken-2-2-150x150.jpg","caption":"Ole Andersen"},"description":"Ettersom jeg vokste opp i Oslo, har jeg alltid v\u00e6rt fascinert av ordenes kraft og deres evne til \u00e5 skape endringer. Etter \u00e5 ha fullf\u00f8rt min utdannelse i kommunikasjon ved Universitetet i Bergen, fikk jeg muligheten til \u00e5 jobbe innen ulike medier, der jeg har s\u00f8kt \u00e5 belyse viktige samfunnssp\u00f8rsm\u00e5l. I dag, som redakt\u00f8r for Nordnesrepublikken, pr\u00f8ver jeg \u00e5 forene min kj\u00e6rlighet for journalistikk med min lidenskap for innovasjon og eventyr.","sameAs":["https:\/\/nordnesrepublikken.no\/"]}]}},"_links":{"self":[{"href":"https:\/\/nordnesrepublikken.no\/index.php\/wp-json\/wp\/v2\/posts\/17133","targetHints":{"allow":["GET"]}}],"collection":[{"href":"https:\/\/nordnesrepublikken.no\/index.php\/wp-json\/wp\/v2\/posts"}],"about":[{"href":"https:\/\/nordnesrepublikken.no\/index.php\/wp-json\/wp\/v2\/types\/post"}],"author":[{"embeddable":true,"href":"https:\/\/nordnesrepublikken.no\/index.php\/wp-json\/wp\/v2\/users\/1"}],"replies":[{"embeddable":true,"href":"https:\/\/nordnesrepublikken.no\/index.php\/wp-json\/wp\/v2\/comments?post=17133"}],"version-history":[{"count":1,"href":"https:\/\/nordnesrepublikken.no\/index.php\/wp-json\/wp\/v2\/posts\/17133\/revisions"}],"predecessor-version":[{"id":17135,"href":"https:\/\/nordnesrepublikken.no\/index.php\/wp-json\/wp\/v2\/posts\/17133\/revisions\/17135"}],"wp:featuredmedia":[{"embeddable":true,"href":"https:\/\/nordnesrepublikken.no\/index.php\/wp-json\/wp\/v2\/media\/17134"}],"wp:attachment":[{"href":"https:\/\/nordnesrepublikken.no\/index.php\/wp-json\/wp\/v2\/media?parent=17133"}],"wp:term":[{"taxonomy":"category","embeddable":true,"href":"https:\/\/nordnesrepublikken.no\/index.php\/wp-json\/wp\/v2\/categories?post=17133"},{"taxonomy":"post_tag","embeddable":true,"href":"https:\/\/nordnesrepublikken.no\/index.php\/wp-json\/wp\/v2\/tags?post=17133"}],"curies":[{"name":"wp","href":"https:\/\/api.w.org\/{rel}","templated":true}]}}