{"id":17121,"date":"2026-04-18T07:55:55","date_gmt":"2026-04-18T05:55:55","guid":{"rendered":"https:\/\/nordnesrepublikken.no\/index.php\/2026\/04\/18\/en-oy-ukjent-pa-kart-oppdaget-i-antarktis-av-et-team-av-forskere-i-weddellhavet\/"},"modified":"2026-04-18T07:55:59","modified_gmt":"2026-04-18T05:55:59","slug":"en-oy-ukjent-pa-kart-oppdaget-i-antarktis-av-et-team-av-forskere-i-weddellhavet","status":"publish","type":"post","link":"https:\/\/nordnesrepublikken.no\/index.php\/2026\/04\/18\/en-oy-ukjent-pa-kart-oppdaget-i-antarktis-av-et-team-av-forskere-i-weddellhavet\/","title":{"rendered":"En \u00f8y ukjent p\u00e5 kart oppdaget i Antarktis av et team av forskere i Weddellhavet"},"content":{"rendered":"<div>\n<div class=\"cp_wrapper cp_wrapper--fw mb-30 mb-20@tablet\">\n<figure class=\"mm\"><picture class=\"img\" style=\"padding-top:56.25%\"><source  media=\"(min-width: 1024px)\"><source  media=\"(min-width: 768px)\"><\/source><\/source><\/picture><\/figure>\n<\/p><\/div>\n<p>Mens du utforsker <strong>Weddellhavet<\/strong>oversett av<strong>Nordvest-Antarktis<\/strong>gjorde forskere ombord p\u00e5 den tyske isbryteren Polarstern en uventet oppdagelse. En dukket plutselig opp i horisonten <strong>liten \u00f8y<\/strong>lang <strong>130 m og 50 m bred<\/strong>rapportert p\u00e5 sj\u00f8kart kun som uutforsket fareomr\u00e5de og med en posisjon som ikke samsvarer med det faktiske. Funnet ble annonsert av Alfred Wegener Institute og skjedde som en del av en <strong>ekspedisjon av et internasjonalt team<\/strong> i en n\u00f8kkelregion for \u00e5 studere globale havstr\u00f8mmer og havisens retrett.<\/p>\n<h2>\u00d8ya som forveksles med et isfjell: oppdagelsen<\/h2>\n<p>Det som tillot forskerne \u00e5 identifisere \u00f8ya var <strong>ugunstige v\u00e6rforhold<\/strong> som tvang dem til \u00e5 slutte \u00e5 jobbe og<strong> endre retning<\/strong> \u00e5 se etter en mer skjermet stilling. \u00d8ya dukket dermed opp p\u00e5 ruten deres, som i utgangspunktet var p\u00e5 grunn av isen som dekket den <strong>forveksles med et isfjell<\/strong>. Sj\u00f8kartene indikerte generelt et farlig omr\u00e5de, og selv p\u00e5 satellittbildene kunne ikke \u00f8ya skilles fra de mange isfjellene som finnes i omr\u00e5det. Men ved n\u00e6rmere observasjon inns\u00e5 forskerne at det var stein, og med isbryteren Polarstern klarte de \u00e5 komme innenfor 150 m fra \u00f8ya og omg\u00e5 den.<\/p>\n<p>En sonar montert p\u00e5 skipet gjorde det mulig <strong>kartlegge havbunnen<\/strong> omgivelser og en drone ga bilder som gjorde at vi kunne f\u00e5 tak i en <strong>digital fremstilling av topografi<\/strong> av \u00f8ya. Denne kommer ut av vannet ca. 16 m, er ca. 130 m lang, litt lengre enn Polarstern og 50 m bred. Den n\u00f8yaktige plasseringen er forel\u00f8pig ikke kjent. Det vil f\u00f8rst v\u00e6re n\u00f8dvendig \u00e5 klassifisere det, <strong>gi den et navn og oppdater sj\u00f8kartene<\/strong> internasjonal. De siste \u00e5rene har det v\u00e6rt mange <strong>nye \u00f8yer oppdaget<\/strong> av mennesker under forskningsekspedisjoner. Noen av disse dukket opp p\u00e5 grunn av smeltende is i de arktiske omr\u00e5dene, mens andre er et resultat av vulkanutbrudd under vann.<\/p>\n<div class=\"cp_wrapper cp_wrapper--fw mb-50\">\n<figure class=\"mm\"><picture class=\"img\" style=\"padding-top:66.65%\"><source  media=\"(min-width: 1024px)\"><source  media=\"(min-width: 768px)\"><img decoding=\"async\" loading=\"lazy\" src=\"https:\/\/nordnesrepublikken.no\/wp-content\/uploads\/2026\/04\/1776491754_536_En-oy-ukjent-pa-kart-oppdaget-i-Antarktis-av-et.jpg\" alt=\"Bilde\" width=\"2000\" height=\"1333\"\/><\/source><\/source><\/picture><\/figure>\n<\/p><\/div>\n<h2><strong>Hva forskere studerer i Weddellhavet<\/strong><\/h2>\n<p>Et av m\u00e5lene med Weddell Sea-ekspedisjonene er \u00e5 studere utviklingen av havisen i Antarktis. I lang tid ble dette, i motsetning til Arktis, ansett som relativt stabilt. Imidlertid <strong>starter i 2017<\/strong>i det nordvestlige omr\u00e5det av Weddellhavet er det <strong>utvidelsen er redusert betydelig<\/strong>sannsynligvis p\u00e5 grunn av varmere overflatevann. Det er verifisert at tykkelsen p\u00e5 havis varierer avhengig av omr\u00e5det som vurderes. Totalt sett viser imidlertid isen sterk overflatesmelting, med mange vannbassenger. Generelt, i dette omr\u00e5det er p\u00e5 plass <strong>enorme endringer for\u00e5rsaket av global oppvarming<\/strong> og forskere studerer dem for <strong>forst\u00e5 hvilke effekter de har p\u00e5 globalt niv\u00e5<\/strong>for eksempel i forhold til variasjoner i havstr\u00f8mmer og stigende havniv\u00e5.<\/p>\n<div class=\"cp_wrapper cp_wrapper--fw mb-50\">\n<figure class=\"mm\"><picture class=\"img\" style=\"padding-top:56.982421875%\"><source  media=\"(min-width: 1024px)\"><source  media=\"(min-width: 768px)\"><img decoding=\"async\" loading=\"lazy\" src=\"https:\/\/nordnesrepublikken.no\/wp-content\/uploads\/2026\/04\/1776491755_70_En-oy-ukjent-pa-kart-oppdaget-i-Antarktis-av-et.jpg\" alt=\"Bilde\" width=\"2048\" height=\"1167\" class=\"js-seedtag-img\"\/><\/source><\/source><\/picture><\/figure>\n<\/p><\/div>\n<\/p><\/div>\n","protected":false},"excerpt":{"rendered":"<p>Mens du utforsker Weddellhavetoversett avNordvest-Antarktisgjorde forskere ombord p\u00e5 den tyske isbryteren Polarstern en uventet oppdagelse.<\/p>\n","protected":false},"author":1,"featured_media":17122,"comment_status":"closed","ping_status":"open","sticky":false,"template":"","format":"standard","meta":{"footnotes":""},"categories":[26],"tags":[758,2142,1247,78,6313,81,2082,2734,11058],"class_list":["post-17121","post","type-post","status-publish","format-standard","has-post-thumbnail","hentry","category-miljo","tag-antarktis","tag-forskere","tag-kart","tag-oppdaget","tag-oy","tag-pa","tag-team","tag-ukjent","tag-weddellhavet","generate-columns","tablet-grid-50","mobile-grid-100","grid-parent","grid-33","resize-featured-image"],"yoast_head":"<!-- This site is optimized with the Yoast SEO plugin v24.4 - https:\/\/yoast.com\/wordpress\/plugins\/seo\/ -->\n<title>En \u00f8y ukjent p\u00e5 kart oppdaget i Antarktis av et team av forskere i Weddellhavet - Nordnesrepublikken<\/title>\n<meta name=\"robots\" content=\"index, follow, max-snippet:-1, max-image-preview:large, max-video-preview:-1\" \/>\n<link rel=\"canonical\" href=\"https:\/\/nordnesrepublikken.no\/index.php\/2026\/04\/18\/en-oy-ukjent-pa-kart-oppdaget-i-antarktis-av-et-team-av-forskere-i-weddellhavet\/\" \/>\n<meta property=\"og:locale\" content=\"nb_NO\" \/>\n<meta property=\"og:type\" content=\"article\" \/>\n<meta property=\"og:title\" content=\"En \u00f8y ukjent p\u00e5 kart oppdaget i Antarktis av et team av forskere i Weddellhavet - Nordnesrepublikken\" \/>\n<meta property=\"og:description\" content=\"Mens du utforsker Weddellhavetoversett avNordvest-Antarktisgjorde forskere ombord p\u00e5 den tyske isbryteren Polarstern en uventet oppdagelse.\" \/>\n<meta property=\"og:url\" content=\"https:\/\/nordnesrepublikken.no\/index.php\/2026\/04\/18\/en-oy-ukjent-pa-kart-oppdaget-i-antarktis-av-et-team-av-forskere-i-weddellhavet\/\" \/>\n<meta property=\"og:site_name\" content=\"Nordnesrepublikken\" \/>\n<meta property=\"article:published_time\" content=\"2026-04-18T05:55:55+00:00\" \/>\n<meta property=\"article:modified_time\" content=\"2026-04-18T05:55:59+00:00\" \/>\n<meta property=\"og:image\" content=\"https:\/\/nordnesrepublikken.no\/wp-content\/uploads\/2026\/04\/1776491757_En-oy-ukjent-pa-kart-oppdaget-i-Antarktis-av-et.jpg\" \/>\n\t<meta property=\"og:image:width\" content=\"2400\" \/>\n\t<meta property=\"og:image:height\" content=\"1348\" \/>\n\t<meta property=\"og:image:type\" content=\"image\/jpeg\" \/>\n<meta name=\"author\" content=\"Ole Andersen\" \/>\n<meta name=\"twitter:card\" content=\"summary_large_image\" \/>\n<meta name=\"twitter:label1\" content=\"Skrevet av\" \/>\n\t<meta name=\"twitter:data1\" content=\"Ole Andersen\" \/>\n\t<meta name=\"twitter:label2\" content=\"Ansl. lesetid\" \/>\n\t<meta name=\"twitter:data2\" content=\"2 minutter\" \/>\n<script type=\"application\/ld+json\" class=\"yoast-schema-graph\">{\"@context\":\"https:\/\/schema.org\",\"@graph\":[{\"@type\":\"Article\",\"@id\":\"https:\/\/nordnesrepublikken.no\/index.php\/2026\/04\/18\/en-oy-ukjent-pa-kart-oppdaget-i-antarktis-av-et-team-av-forskere-i-weddellhavet\/#article\",\"isPartOf\":{\"@id\":\"https:\/\/nordnesrepublikken.no\/index.php\/2026\/04\/18\/en-oy-ukjent-pa-kart-oppdaget-i-antarktis-av-et-team-av-forskere-i-weddellhavet\/\"},\"author\":{\"name\":\"Ole Andersen\",\"@id\":\"https:\/\/nordnesrepublikken.no\/#\/schema\/person\/2e7e81935bab77882fffb79296240ff1\"},\"headline\":\"En \u00f8y ukjent p\u00e5 kart oppdaget i Antarktis av et team av forskere i Weddellhavet\",\"datePublished\":\"2026-04-18T05:55:55+00:00\",\"dateModified\":\"2026-04-18T05:55:59+00:00\",\"mainEntityOfPage\":{\"@id\":\"https:\/\/nordnesrepublikken.no\/index.php\/2026\/04\/18\/en-oy-ukjent-pa-kart-oppdaget-i-antarktis-av-et-team-av-forskere-i-weddellhavet\/\"},\"wordCount\":428,\"publisher\":{\"@id\":\"https:\/\/nordnesrepublikken.no\/#organization\"},\"image\":{\"@id\":\"https:\/\/nordnesrepublikken.no\/index.php\/2026\/04\/18\/en-oy-ukjent-pa-kart-oppdaget-i-antarktis-av-et-team-av-forskere-i-weddellhavet\/#primaryimage\"},\"thumbnailUrl\":\"https:\/\/nordnesrepublikken.no\/wp-content\/uploads\/2026\/04\/1776491757_En-oy-ukjent-pa-kart-oppdaget-i-Antarktis-av-et.jpg\",\"keywords\":[\"Antarktis\",\"forskere\",\"Kart\",\"oppdaget\",\"\u00f8y\",\"p\u00e5\",\"team\",\"ukjent\",\"Weddellhavet\"],\"articleSection\":[\"Milj\u00f8\"],\"inLanguage\":\"nb-NO\"},{\"@type\":\"WebPage\",\"@id\":\"https:\/\/nordnesrepublikken.no\/index.php\/2026\/04\/18\/en-oy-ukjent-pa-kart-oppdaget-i-antarktis-av-et-team-av-forskere-i-weddellhavet\/\",\"url\":\"https:\/\/nordnesrepublikken.no\/index.php\/2026\/04\/18\/en-oy-ukjent-pa-kart-oppdaget-i-antarktis-av-et-team-av-forskere-i-weddellhavet\/\",\"name\":\"En \u00f8y ukjent p\u00e5 kart oppdaget i Antarktis av et team av forskere i Weddellhavet - Nordnesrepublikken\",\"isPartOf\":{\"@id\":\"https:\/\/nordnesrepublikken.no\/#website\"},\"primaryImageOfPage\":{\"@id\":\"https:\/\/nordnesrepublikken.no\/index.php\/2026\/04\/18\/en-oy-ukjent-pa-kart-oppdaget-i-antarktis-av-et-team-av-forskere-i-weddellhavet\/#primaryimage\"},\"image\":{\"@id\":\"https:\/\/nordnesrepublikken.no\/index.php\/2026\/04\/18\/en-oy-ukjent-pa-kart-oppdaget-i-antarktis-av-et-team-av-forskere-i-weddellhavet\/#primaryimage\"},\"thumbnailUrl\":\"https:\/\/nordnesrepublikken.no\/wp-content\/uploads\/2026\/04\/1776491757_En-oy-ukjent-pa-kart-oppdaget-i-Antarktis-av-et.jpg\",\"datePublished\":\"2026-04-18T05:55:55+00:00\",\"dateModified\":\"2026-04-18T05:55:59+00:00\",\"breadcrumb\":{\"@id\":\"https:\/\/nordnesrepublikken.no\/index.php\/2026\/04\/18\/en-oy-ukjent-pa-kart-oppdaget-i-antarktis-av-et-team-av-forskere-i-weddellhavet\/#breadcrumb\"},\"inLanguage\":\"nb-NO\",\"potentialAction\":[{\"@type\":\"ReadAction\",\"target\":[\"https:\/\/nordnesrepublikken.no\/index.php\/2026\/04\/18\/en-oy-ukjent-pa-kart-oppdaget-i-antarktis-av-et-team-av-forskere-i-weddellhavet\/\"]}]},{\"@type\":\"ImageObject\",\"inLanguage\":\"nb-NO\",\"@id\":\"https:\/\/nordnesrepublikken.no\/index.php\/2026\/04\/18\/en-oy-ukjent-pa-kart-oppdaget-i-antarktis-av-et-team-av-forskere-i-weddellhavet\/#primaryimage\",\"url\":\"https:\/\/nordnesrepublikken.no\/wp-content\/uploads\/2026\/04\/1776491757_En-oy-ukjent-pa-kart-oppdaget-i-Antarktis-av-et.jpg\",\"contentUrl\":\"https:\/\/nordnesrepublikken.no\/wp-content\/uploads\/2026\/04\/1776491757_En-oy-ukjent-pa-kart-oppdaget-i-Antarktis-av-et.jpg\",\"width\":2400,\"height\":1348,\"caption\":\"En \u00f8y ukjent p\u00e5 kart oppdaget i Antarktis av et team av forskere i Weddellhavet\"},{\"@type\":\"BreadcrumbList\",\"@id\":\"https:\/\/nordnesrepublikken.no\/index.php\/2026\/04\/18\/en-oy-ukjent-pa-kart-oppdaget-i-antarktis-av-et-team-av-forskere-i-weddellhavet\/#breadcrumb\",\"itemListElement\":[{\"@type\":\"ListItem\",\"position\":1,\"name\":\"Home\",\"item\":\"https:\/\/nordnesrepublikken.no\/\"},{\"@type\":\"ListItem\",\"position\":2,\"name\":\"En \u00f8y ukjent p\u00e5 kart oppdaget i Antarktis av et team av forskere i Weddellhavet\"}]},{\"@type\":\"WebSite\",\"@id\":\"https:\/\/nordnesrepublikken.no\/#website\",\"url\":\"https:\/\/nordnesrepublikken.no\/\",\"name\":\"Nordnesrepublikken\",\"description\":\"Stemmer og Visjoner fra Republikkens Hjerte\",\"publisher\":{\"@id\":\"https:\/\/nordnesrepublikken.no\/#organization\"},\"potentialAction\":[{\"@type\":\"SearchAction\",\"target\":{\"@type\":\"EntryPoint\",\"urlTemplate\":\"https:\/\/nordnesrepublikken.no\/?s={search_term_string}\"},\"query-input\":{\"@type\":\"PropertyValueSpecification\",\"valueRequired\":true,\"valueName\":\"search_term_string\"}}],\"inLanguage\":\"nb-NO\"},{\"@type\":\"Organization\",\"@id\":\"https:\/\/nordnesrepublikken.no\/#organization\",\"name\":\"Nordnesrepublikken\",\"url\":\"https:\/\/nordnesrepublikken.no\/\",\"logo\":{\"@type\":\"ImageObject\",\"inLanguage\":\"nb-NO\",\"@id\":\"https:\/\/nordnesrepublikken.no\/#\/schema\/logo\/image\/\",\"url\":\"https:\/\/nordnesrepublikken.no\/wp-content\/uploads\/2025\/02\/cropped-nordnesrepublikken-2.png\",\"contentUrl\":\"https:\/\/nordnesrepublikken.no\/wp-content\/uploads\/2025\/02\/cropped-nordnesrepublikken-2.png\",\"width\":1248,\"height\":362,\"caption\":\"Nordnesrepublikken\"},\"image\":{\"@id\":\"https:\/\/nordnesrepublikken.no\/#\/schema\/logo\/image\/\"}},{\"@type\":\"Person\",\"@id\":\"https:\/\/nordnesrepublikken.no\/#\/schema\/person\/2e7e81935bab77882fffb79296240ff1\",\"name\":\"Ole Andersen\",\"image\":{\"@type\":\"ImageObject\",\"inLanguage\":\"nb-NO\",\"@id\":\"https:\/\/nordnesrepublikken.no\/#\/schema\/person\/image\/\",\"url\":\"https:\/\/nordnesrepublikken.no\/wp-content\/uploads\/2025\/02\/nordnesrepublikken-2-2-150x150.jpg\",\"contentUrl\":\"https:\/\/nordnesrepublikken.no\/wp-content\/uploads\/2025\/02\/nordnesrepublikken-2-2-150x150.jpg\",\"caption\":\"Ole Andersen\"},\"description\":\"Ettersom jeg vokste opp i Oslo, har jeg alltid v\u00e6rt fascinert av ordenes kraft og deres evne til \u00e5 skape endringer. Etter \u00e5 ha fullf\u00f8rt min utdannelse i kommunikasjon ved Universitetet i Bergen, fikk jeg muligheten til \u00e5 jobbe innen ulike medier, der jeg har s\u00f8kt \u00e5 belyse viktige samfunnssp\u00f8rsm\u00e5l. I dag, som redakt\u00f8r for Nordnesrepublikken, pr\u00f8ver jeg \u00e5 forene min kj\u00e6rlighet for journalistikk med min lidenskap for innovasjon og eventyr.\",\"sameAs\":[\"https:\/\/nordnesrepublikken.no\/\"]}]}<\/script>\n<!-- \/ Yoast SEO plugin. -->","yoast_head_json":{"title":"En \u00f8y ukjent p\u00e5 kart oppdaget i Antarktis av et team av forskere i Weddellhavet - Nordnesrepublikken","robots":{"index":"index","follow":"follow","max-snippet":"max-snippet:-1","max-image-preview":"max-image-preview:large","max-video-preview":"max-video-preview:-1"},"canonical":"https:\/\/nordnesrepublikken.no\/index.php\/2026\/04\/18\/en-oy-ukjent-pa-kart-oppdaget-i-antarktis-av-et-team-av-forskere-i-weddellhavet\/","og_locale":"nb_NO","og_type":"article","og_title":"En \u00f8y ukjent p\u00e5 kart oppdaget i Antarktis av et team av forskere i Weddellhavet - Nordnesrepublikken","og_description":"Mens du utforsker Weddellhavetoversett avNordvest-Antarktisgjorde forskere ombord p\u00e5 den tyske isbryteren Polarstern en uventet oppdagelse.","og_url":"https:\/\/nordnesrepublikken.no\/index.php\/2026\/04\/18\/en-oy-ukjent-pa-kart-oppdaget-i-antarktis-av-et-team-av-forskere-i-weddellhavet\/","og_site_name":"Nordnesrepublikken","article_published_time":"2026-04-18T05:55:55+00:00","article_modified_time":"2026-04-18T05:55:59+00:00","og_image":[{"width":2400,"height":1348,"url":"https:\/\/nordnesrepublikken.no\/wp-content\/uploads\/2026\/04\/1776491757_En-oy-ukjent-pa-kart-oppdaget-i-Antarktis-av-et.jpg","type":"image\/jpeg"}],"author":"Ole Andersen","twitter_card":"summary_large_image","twitter_misc":{"Skrevet av":"Ole Andersen","Ansl. lesetid":"2 minutter"},"schema":{"@context":"https:\/\/schema.org","@graph":[{"@type":"Article","@id":"https:\/\/nordnesrepublikken.no\/index.php\/2026\/04\/18\/en-oy-ukjent-pa-kart-oppdaget-i-antarktis-av-et-team-av-forskere-i-weddellhavet\/#article","isPartOf":{"@id":"https:\/\/nordnesrepublikken.no\/index.php\/2026\/04\/18\/en-oy-ukjent-pa-kart-oppdaget-i-antarktis-av-et-team-av-forskere-i-weddellhavet\/"},"author":{"name":"Ole Andersen","@id":"https:\/\/nordnesrepublikken.no\/#\/schema\/person\/2e7e81935bab77882fffb79296240ff1"},"headline":"En \u00f8y ukjent p\u00e5 kart oppdaget i Antarktis av et team av forskere i Weddellhavet","datePublished":"2026-04-18T05:55:55+00:00","dateModified":"2026-04-18T05:55:59+00:00","mainEntityOfPage":{"@id":"https:\/\/nordnesrepublikken.no\/index.php\/2026\/04\/18\/en-oy-ukjent-pa-kart-oppdaget-i-antarktis-av-et-team-av-forskere-i-weddellhavet\/"},"wordCount":428,"publisher":{"@id":"https:\/\/nordnesrepublikken.no\/#organization"},"image":{"@id":"https:\/\/nordnesrepublikken.no\/index.php\/2026\/04\/18\/en-oy-ukjent-pa-kart-oppdaget-i-antarktis-av-et-team-av-forskere-i-weddellhavet\/#primaryimage"},"thumbnailUrl":"https:\/\/nordnesrepublikken.no\/wp-content\/uploads\/2026\/04\/1776491757_En-oy-ukjent-pa-kart-oppdaget-i-Antarktis-av-et.jpg","keywords":["Antarktis","forskere","Kart","oppdaget","\u00f8y","p\u00e5","team","ukjent","Weddellhavet"],"articleSection":["Milj\u00f8"],"inLanguage":"nb-NO"},{"@type":"WebPage","@id":"https:\/\/nordnesrepublikken.no\/index.php\/2026\/04\/18\/en-oy-ukjent-pa-kart-oppdaget-i-antarktis-av-et-team-av-forskere-i-weddellhavet\/","url":"https:\/\/nordnesrepublikken.no\/index.php\/2026\/04\/18\/en-oy-ukjent-pa-kart-oppdaget-i-antarktis-av-et-team-av-forskere-i-weddellhavet\/","name":"En \u00f8y ukjent p\u00e5 kart oppdaget i Antarktis av et team av forskere i Weddellhavet - Nordnesrepublikken","isPartOf":{"@id":"https:\/\/nordnesrepublikken.no\/#website"},"primaryImageOfPage":{"@id":"https:\/\/nordnesrepublikken.no\/index.php\/2026\/04\/18\/en-oy-ukjent-pa-kart-oppdaget-i-antarktis-av-et-team-av-forskere-i-weddellhavet\/#primaryimage"},"image":{"@id":"https:\/\/nordnesrepublikken.no\/index.php\/2026\/04\/18\/en-oy-ukjent-pa-kart-oppdaget-i-antarktis-av-et-team-av-forskere-i-weddellhavet\/#primaryimage"},"thumbnailUrl":"https:\/\/nordnesrepublikken.no\/wp-content\/uploads\/2026\/04\/1776491757_En-oy-ukjent-pa-kart-oppdaget-i-Antarktis-av-et.jpg","datePublished":"2026-04-18T05:55:55+00:00","dateModified":"2026-04-18T05:55:59+00:00","breadcrumb":{"@id":"https:\/\/nordnesrepublikken.no\/index.php\/2026\/04\/18\/en-oy-ukjent-pa-kart-oppdaget-i-antarktis-av-et-team-av-forskere-i-weddellhavet\/#breadcrumb"},"inLanguage":"nb-NO","potentialAction":[{"@type":"ReadAction","target":["https:\/\/nordnesrepublikken.no\/index.php\/2026\/04\/18\/en-oy-ukjent-pa-kart-oppdaget-i-antarktis-av-et-team-av-forskere-i-weddellhavet\/"]}]},{"@type":"ImageObject","inLanguage":"nb-NO","@id":"https:\/\/nordnesrepublikken.no\/index.php\/2026\/04\/18\/en-oy-ukjent-pa-kart-oppdaget-i-antarktis-av-et-team-av-forskere-i-weddellhavet\/#primaryimage","url":"https:\/\/nordnesrepublikken.no\/wp-content\/uploads\/2026\/04\/1776491757_En-oy-ukjent-pa-kart-oppdaget-i-Antarktis-av-et.jpg","contentUrl":"https:\/\/nordnesrepublikken.no\/wp-content\/uploads\/2026\/04\/1776491757_En-oy-ukjent-pa-kart-oppdaget-i-Antarktis-av-et.jpg","width":2400,"height":1348,"caption":"En \u00f8y ukjent p\u00e5 kart oppdaget i Antarktis av et team av forskere i Weddellhavet"},{"@type":"BreadcrumbList","@id":"https:\/\/nordnesrepublikken.no\/index.php\/2026\/04\/18\/en-oy-ukjent-pa-kart-oppdaget-i-antarktis-av-et-team-av-forskere-i-weddellhavet\/#breadcrumb","itemListElement":[{"@type":"ListItem","position":1,"name":"Home","item":"https:\/\/nordnesrepublikken.no\/"},{"@type":"ListItem","position":2,"name":"En \u00f8y ukjent p\u00e5 kart oppdaget i Antarktis av et team av forskere i Weddellhavet"}]},{"@type":"WebSite","@id":"https:\/\/nordnesrepublikken.no\/#website","url":"https:\/\/nordnesrepublikken.no\/","name":"Nordnesrepublikken","description":"Stemmer og Visjoner fra Republikkens Hjerte","publisher":{"@id":"https:\/\/nordnesrepublikken.no\/#organization"},"potentialAction":[{"@type":"SearchAction","target":{"@type":"EntryPoint","urlTemplate":"https:\/\/nordnesrepublikken.no\/?s={search_term_string}"},"query-input":{"@type":"PropertyValueSpecification","valueRequired":true,"valueName":"search_term_string"}}],"inLanguage":"nb-NO"},{"@type":"Organization","@id":"https:\/\/nordnesrepublikken.no\/#organization","name":"Nordnesrepublikken","url":"https:\/\/nordnesrepublikken.no\/","logo":{"@type":"ImageObject","inLanguage":"nb-NO","@id":"https:\/\/nordnesrepublikken.no\/#\/schema\/logo\/image\/","url":"https:\/\/nordnesrepublikken.no\/wp-content\/uploads\/2025\/02\/cropped-nordnesrepublikken-2.png","contentUrl":"https:\/\/nordnesrepublikken.no\/wp-content\/uploads\/2025\/02\/cropped-nordnesrepublikken-2.png","width":1248,"height":362,"caption":"Nordnesrepublikken"},"image":{"@id":"https:\/\/nordnesrepublikken.no\/#\/schema\/logo\/image\/"}},{"@type":"Person","@id":"https:\/\/nordnesrepublikken.no\/#\/schema\/person\/2e7e81935bab77882fffb79296240ff1","name":"Ole Andersen","image":{"@type":"ImageObject","inLanguage":"nb-NO","@id":"https:\/\/nordnesrepublikken.no\/#\/schema\/person\/image\/","url":"https:\/\/nordnesrepublikken.no\/wp-content\/uploads\/2025\/02\/nordnesrepublikken-2-2-150x150.jpg","contentUrl":"https:\/\/nordnesrepublikken.no\/wp-content\/uploads\/2025\/02\/nordnesrepublikken-2-2-150x150.jpg","caption":"Ole Andersen"},"description":"Ettersom jeg vokste opp i Oslo, har jeg alltid v\u00e6rt fascinert av ordenes kraft og deres evne til \u00e5 skape endringer. Etter \u00e5 ha fullf\u00f8rt min utdannelse i kommunikasjon ved Universitetet i Bergen, fikk jeg muligheten til \u00e5 jobbe innen ulike medier, der jeg har s\u00f8kt \u00e5 belyse viktige samfunnssp\u00f8rsm\u00e5l. I dag, som redakt\u00f8r for Nordnesrepublikken, pr\u00f8ver jeg \u00e5 forene min kj\u00e6rlighet for journalistikk med min lidenskap for innovasjon og eventyr.","sameAs":["https:\/\/nordnesrepublikken.no\/"]}]}},"_links":{"self":[{"href":"https:\/\/nordnesrepublikken.no\/index.php\/wp-json\/wp\/v2\/posts\/17121","targetHints":{"allow":["GET"]}}],"collection":[{"href":"https:\/\/nordnesrepublikken.no\/index.php\/wp-json\/wp\/v2\/posts"}],"about":[{"href":"https:\/\/nordnesrepublikken.no\/index.php\/wp-json\/wp\/v2\/types\/post"}],"author":[{"embeddable":true,"href":"https:\/\/nordnesrepublikken.no\/index.php\/wp-json\/wp\/v2\/users\/1"}],"replies":[{"embeddable":true,"href":"https:\/\/nordnesrepublikken.no\/index.php\/wp-json\/wp\/v2\/comments?post=17121"}],"version-history":[{"count":1,"href":"https:\/\/nordnesrepublikken.no\/index.php\/wp-json\/wp\/v2\/posts\/17121\/revisions"}],"predecessor-version":[{"id":17123,"href":"https:\/\/nordnesrepublikken.no\/index.php\/wp-json\/wp\/v2\/posts\/17121\/revisions\/17123"}],"wp:featuredmedia":[{"embeddable":true,"href":"https:\/\/nordnesrepublikken.no\/index.php\/wp-json\/wp\/v2\/media\/17122"}],"wp:attachment":[{"href":"https:\/\/nordnesrepublikken.no\/index.php\/wp-json\/wp\/v2\/media?parent=17121"}],"wp:term":[{"taxonomy":"category","embeddable":true,"href":"https:\/\/nordnesrepublikken.no\/index.php\/wp-json\/wp\/v2\/categories?post=17121"},{"taxonomy":"post_tag","embeddable":true,"href":"https:\/\/nordnesrepublikken.no\/index.php\/wp-json\/wp\/v2\/tags?post=17121"}],"curies":[{"name":"wp","href":"https:\/\/api.w.org\/{rel}","templated":true}]}}