{"id":17118,"date":"2026-04-18T06:32:15","date_gmt":"2026-04-18T04:32:15","guid":{"rendered":"https:\/\/nordnesrepublikken.no\/index.php\/2026\/04\/18\/det-italienske-politiske-valget-18-april-1948-det-forste-og-viktigste-i-var-republikk\/"},"modified":"2026-04-18T06:32:17","modified_gmt":"2026-04-18T04:32:17","slug":"det-italienske-politiske-valget-18-april-1948-det-forste-og-viktigste-i-var-republikk","status":"publish","type":"post","link":"https:\/\/nordnesrepublikken.no\/index.php\/2026\/04\/18\/det-italienske-politiske-valget-18-april-1948-det-forste-og-viktigste-i-var-republikk\/","title":{"rendered":"Det italienske politiske valget 18. april 1948, det f\u00f8rste og viktigste i v\u00e5r republikk"},"content":{"rendered":"<div>\n<div class=\"cp_wrapper cp_wrapper--fw mb-30 mb-20@tablet\">\n<figure class=\"mm\"><picture class=\"img\" style=\"padding-top:56.25%\"><source  media=\"(min-width: 1024px)\"><source  media=\"(min-width: 768px)\"><\/source><\/source><\/picture><\/figure>\n<\/p><\/div>\n<p>De <strong>18. og 19. april 1948<\/strong> Italienske borgere ble kalt til \u00e5 velge det f\u00f8rste parlamentet i den nyopprettede republikken. Valgene var betinget av den kalde krigen, fordi de viktigste utfordrerne var partier som refererte til de to <strong>blokker som har dukket opp p\u00e5 verdensscenen<\/strong>: p\u00e5 den ene siden <strong>Kristendemokrati<\/strong>st\u00f8ttet av USA og kirken, p\u00e5 den andre <strong>Popul\u00e6r demokratisk front<\/strong>som best\u00e5r av de sosialistiske og kommunistiske partiene, ideologisk n\u00e6r<strong>Sovjetunionen<\/strong>. Valget sanksjonerte suksessen til DC og markerte begynnelsen p\u00e5 dens dominans over italiensk politikk. Avstemningen ble p\u00e5virket av <strong>utenlandsk innblanding<\/strong>spesielt amerikanere, som imidlertid aldri har blitt kastet fullt lys over.<\/p>\n<h2>Politisk kontekst: et kontinent delt mellom to verdener<\/h2>\n<p>Etter andre verdenskrig var Italia involvert i dynamikken i den kalde krigen. Som vi vet fant Europa seg delt inn i <strong>to blokker<\/strong>: en vestlig, ledet av USA, og en \u00f8stlig, hegemonisert av Sovjetunionen. Divisjonen ble faktisk etablert i internasjonale konferanser holdt i <strong>siste tider av krigen<\/strong> og var i prinsippet basert p\u00e5 h\u00e6renes fremskritt (landene som ble frigjort av sovjeterne ble en del av Sovjetunionens allierte, de andre av den amerikanske blokken).<\/p>\n<div class=\"cp_wrapper cp_wrapper--fw mb-50\">\n<figure class=\"mm\"><picture class=\"img\" style=\"padding-top:103.00429184549%\"><source  media=\"(min-width: 1024px)\"><source  media=\"(min-width: 768px)\"><img decoding=\"async\" loading=\"lazy\" src=\"https:\/\/nordnesrepublikken.no\/wp-content\/uploads\/2026\/04\/1776486733_393_Det-italienske-politiske-valget-18-april-1948-det-forste-og.jpg\" alt=\"Europa delte seg\" width=\"1165\" height=\"1200\"\/><\/source><\/source><\/picture><\/figure>\n<\/p><\/div>\n<p>DE&#8217;<strong>Italia var en del av vestblokken<\/strong>fordi den var blitt frigjort av anglo-amerikanerne som sammen med partisanene hadde beseiret nazistene og fascistene. Etter krigen fortsatte amerikanske soldater \u00e5 v\u00e6re stasjonert p\u00e5 det nasjonale territoriet.<\/p>\n<p>USA n\u00f8t st\u00f8tte fra et av de viktigste partiene, <strong>Kristendemokrati<\/strong>. Imidlertid var det ogs\u00e5 partier i landet som s\u00e5 positivt p\u00e5 Sovjetunionen: <strong>kommunistpartiet og sosialistpartiet<\/strong>.<\/p>\n<p>Fram til 1947 <strong>de pro-amerikanske og pro-sovjetiske partiene<\/strong>som i fellesskap hadde ledet kampen mot fascismen og nazistenes okkupasjon, <strong>de hadde<\/strong> <strong>styrt sammen<\/strong>. I mai 1947 bestemte kristendemokratene, etter oppfordring fra amerikanske myndigheter, \u00e5 <strong>fjerne sosialkommunistene fra regjeringen<\/strong>. To sider ble dermed opprettet: den ene ledet av DC og statsministeren, <strong>Alcide De Gasperi<\/strong>som n\u00f8t st\u00f8tte fra USA og Vatikanet; kommunistenes og sosialistenes, st\u00f8ttet av Sovjetunionen og ledet av <strong>Palmiro Togliatti<\/strong>sekret\u00e6r for PCI.<\/p>\n<div class=\"cp_wrapper cp_wrapper--fw mb-50\">\n<figure class=\"mm\"><picture class=\"img\" style=\"padding-top:128.61736334405%\"><source  media=\"(min-width: 1024px)\"><source  media=\"(min-width: 768px)\"><img decoding=\"async\" loading=\"lazy\" src=\"https:\/\/nordnesrepublikken.no\/wp-content\/uploads\/2026\/04\/1776486733_736_Det-italienske-politiske-valget-18-april-1948-det-forste-og.jpg\" alt=\"Alcide De Gasperi\" width=\"933\" height=\"1200\" class=\"js-seedtag-img\"\/><\/source><\/source><\/picture><\/figure>\n<\/p><\/div>\n<h2>Valgkampen: den f\u00f8rste medieutfordringen<\/h2>\n<p>Den 1. januar 1948 tr\u00e5dte som kjent republikkens grunnlov i kraft, som overlot lovgivende makt til et parlament best\u00e5ende av kammeret og senatet. De f\u00f8rste valgene ble utlyst 18. og 19. april. De m\u00e5tte velges <strong>574 medlemmer av kammeret<\/strong> Og <strong>237 medlemmer av senatet <\/strong>(som ble lagt til senatorene til h\u00f8yre). Valgsystemet var <strong>proporsjonal<\/strong> og landet ble delt inn i <strong>valgkretser<\/strong> p\u00e5 territoriell basis.<\/p>\n<p>Hovedlistene var de fra DC og Den demokratisk-popul\u00e6re fronten, som samlet sosialister og kommunister. Men mindre lister var ogs\u00e5 til stede: de <strong>Nasjonal frihetsblokk<\/strong> av liberal ideologi; De <strong>Nasjonalt monarkistisk parti<\/strong>; listen over <strong>Sosialistisk enhet<\/strong>mot alliansen med kommunistene; nyfascistene av <strong>Sosial bevegelse<\/strong>.<\/p>\n<p>Valgkampen var sv\u00e6rt opphetet. Resultatet var uforutsigbart, for i valget til den grunnlovgivende forsamlingen i 1946, de eneste som ble holdt etter det fascistiske diktaturet, hadde de to blokkene oppn\u00e5dd tilsvarende prosentandeler av stemmer: DC 35 %, sosialistene og kommunistene (som presenterte seg hver for seg) 39 % totalt.<\/p>\n<p>Under valgkampen i 1948 gjorde eksponentene for de to blokkene det <strong>de anklaget hverandre for \u00e5 v\u00e6re forr\u00e6dere<\/strong>. Videre <strong>Kirke<\/strong>p\u00e5 linje til st\u00f8tte for DC, blandet seg kraftig inn: mange sogneprester brukte religi\u00f8se feiringer til kampanje og fikk de troende til \u00e5 tro at stemmegivning<strong> for Folkefronten var det en d\u00f8dssynd<\/strong>. I et dypt religi\u00f8st samfunn som det p\u00e5 1940-tallet hadde truslene fra prestene en sterk effekt.<\/p>\n<p>Selv <strong>USAs innblanding<\/strong> var tunge: fra 1947 finansierte USA Italia med midler fra <strong>Marshall-planen<\/strong> og i valgkampen vedtok de budskapet om at det var n\u00f8dvendig \u00e5 stemme p\u00e5 DC for \u00e5 fortsette \u00e5 ha finansiering.<\/p>\n<div class=\"cp_wrapper cp_wrapper--fw mb-50\">\n<figure class=\"mm\"><picture class=\"img\" style=\"padding-top:140.87719298246%\"><source  media=\"(min-width: 1024px)\"><source  media=\"(min-width: 768px)\"><img decoding=\"async\" loading=\"lazy\" src=\"https:\/\/nordnesrepublikken.no\/wp-content\/uploads\/2026\/04\/1776486734_318_Det-italienske-politiske-valget-18-april-1948-det-forste-og.jpg\" alt=\"Popul\u00e6rt frontmanifest\" width=\"570\" height=\"803\"\/><\/source><\/source><\/picture><\/figure>\n<\/p><\/div>\n<p>DE&#8217;<strong>Sovjetunionen<\/strong>finansierte p\u00e5 sin side kommunistpartiet, men <strong>han grep ikke direkte inn i valgkampen<\/strong> fordi han var klar over at Italia tilh\u00f8rte Atlanterhavsblokken.<\/p>\n<h2>Resultatene: De Gasperis triumf<\/h2>\n<p>18. og 19. april<strong> oppm\u00f8tet<\/strong> ved meningsm\u00e5lingene var det veldig h\u00f8yt: det stemte over <strong>92 %<\/strong> av de berettigede. Utfallet av avstemningen var klart i fav\u00f8r av <strong>Kristendemokrati<\/strong>. Dataene for kammeret var som f\u00f8lger:<\/p>\n<div class=\"cp_wrapper cp_wrapper--fw mb-50\">\n<figure class=\"mm\"><picture class=\"img\" style=\"padding-top:44.615384615385%\"><source  media=\"(min-width: 1024px)\"><source  media=\"(min-width: 768px)\"><img decoding=\"async\" loading=\"lazy\" src=\"https:\/\/nordnesrepublikken.no\/wp-content\/uploads\/2026\/04\/1776486734_961_Det-italienske-politiske-valget-18-april-1948-det-forste-og.jpg\" alt=\"Bilde\" width=\"1820\" height=\"812\" class=\"js-seedtag-img\"\/><\/source><\/source><\/picture><\/figure>\n<\/p><\/div>\n<p>For <strong>Senatet<\/strong>var resultatene like p\u00e5 alle m\u00e5ter: DC oppn\u00e5dde 48,11% av stemmene og 131 seter, mens Popular Front stoppet ved 30,76% av stemmene og 72 seter. DC seiret i <strong>store deler av landet<\/strong> og viste seg \u00e5 ha sin h\u00f8yborg i <strong>Veneto<\/strong>i noen omr\u00e5der av Lombardia og i noen sektorer i S\u00f8r-Italia. Folkefronten seiret i noen <strong>regioner i det sentrale Italia<\/strong>: Emilia-Romagna, Toscana, Umbria og Marche.<\/p>\n<div class=\"cp_wrapper cp_wrapper--fw mb-50\">\n<figure class=\"mm\"><picture class=\"img\" style=\"padding-top:129.375%\"><source  media=\"(min-width: 1024px)\"><source  media=\"(min-width: 768px)\"><img decoding=\"async\" loading=\"lazy\" src=\"https:\/\/nordnesrepublikken.no\/wp-content\/uploads\/2026\/04\/1776486735_84_Det-italienske-politiske-valget-18-april-1948-det-forste-og.jpg\" alt=\"Resultatkart (kreditt Thern via Wikimedia Commons)\" width=\"960\" height=\"1242\"\/><\/source><\/source><\/picture><\/figure>\n<\/p><\/div>\n<p>Etter avstemningen dannet DC en <strong>regjering sammen med andre sentrumspartier<\/strong>starter en <strong>hegemoni<\/strong> p\u00e5 den italienske politiske scenen som skulle vare til 1990-tallet. Videre bekreftet valget Italias medlemskap i Atlanterhavsblokken, som ikke lenger ville bli stilt sp\u00f8rsm\u00e5l ved.<\/p>\n<h2><strong>Innblandingen fra CIA<\/strong><\/h2>\n<p>If\u00f8lge uttalelser utgitt av medlemmer av CIA de siste \u00e5rene, begrenset ikke USA seg til <strong>st\u00f8tte antikommunistiske partier med lovlige midler<\/strong>men de blandet seg ogs\u00e5 inn i avstemningen p\u00e5 andre m\u00e5ter, og ga finansiering, og kanskje v\u00e5pen, til DC. Det er ogs\u00e5 sannsynlig at CIA hadde en plan p\u00e5 plass <strong>for \u00e5 hindre venstreorienterte partier i \u00e5 ta makten<\/strong> hvis de hadde vunnet valget. Dokumentene om saken har imidlertid aldri blitt avklassifisert, og rollen til de amerikanske tjenestene er det ikke <strong>aldri blitt helt avklart<\/strong>.<\/p>\n<\/p><\/div>\n","protected":false},"excerpt":{"rendered":"<p>De 18. og 19. april 1948 Italienske borgere ble kalt til \u00e5 velge det f\u00f8rste<\/p>\n","protected":false},"author":1,"featured_media":17119,"comment_status":"closed","ping_status":"open","sticky":false,"template":"","format":"standard","meta":{"footnotes":""},"categories":[104],"tags":[619,66,67,782,2250,11057,1806,100,1572],"class_list":["post-17118","post","type-post","status-publish","format-standard","has-post-thumbnail","hentry","category-samfunn","tag-april","tag-det","tag-forste","tag-italienske","tag-politiske","tag-republikk","tag-valget","tag-var","tag-viktigste","generate-columns","tablet-grid-50","mobile-grid-100","grid-parent","grid-33","resize-featured-image"],"yoast_head":"<!-- This site is optimized with the Yoast SEO plugin v24.4 - https:\/\/yoast.com\/wordpress\/plugins\/seo\/ -->\n<title>Det italienske politiske valget 18. april 1948, det f\u00f8rste og viktigste i v\u00e5r republikk - Nordnesrepublikken<\/title>\n<meta name=\"robots\" content=\"index, follow, max-snippet:-1, max-image-preview:large, max-video-preview:-1\" \/>\n<link rel=\"canonical\" href=\"https:\/\/nordnesrepublikken.no\/index.php\/2026\/04\/18\/det-italienske-politiske-valget-18-april-1948-det-forste-og-viktigste-i-var-republikk\/\" \/>\n<meta property=\"og:locale\" content=\"nb_NO\" \/>\n<meta property=\"og:type\" content=\"article\" \/>\n<meta property=\"og:title\" content=\"Det italienske politiske valget 18. april 1948, det f\u00f8rste og viktigste i v\u00e5r republikk - Nordnesrepublikken\" \/>\n<meta property=\"og:description\" content=\"De 18. og 19. april 1948 Italienske borgere ble kalt til \u00e5 velge det f\u00f8rste\" \/>\n<meta property=\"og:url\" content=\"https:\/\/nordnesrepublikken.no\/index.php\/2026\/04\/18\/det-italienske-politiske-valget-18-april-1948-det-forste-og-viktigste-i-var-republikk\/\" \/>\n<meta property=\"og:site_name\" content=\"Nordnesrepublikken\" \/>\n<meta property=\"article:published_time\" content=\"2026-04-18T04:32:15+00:00\" \/>\n<meta property=\"article:modified_time\" content=\"2026-04-18T04:32:17+00:00\" \/>\n<meta property=\"og:image\" content=\"https:\/\/nordnesrepublikken.no\/wp-content\/uploads\/2026\/04\/1776486737_Det-italienske-politiske-valget-18-april-1948-det-forste-og.jpg\" \/>\n\t<meta property=\"og:image:width\" content=\"735\" \/>\n\t<meta property=\"og:image:height\" content=\"416\" \/>\n\t<meta property=\"og:image:type\" content=\"image\/jpeg\" \/>\n<meta name=\"author\" content=\"Ole Andersen\" \/>\n<meta name=\"twitter:card\" content=\"summary_large_image\" \/>\n<meta name=\"twitter:label1\" content=\"Skrevet av\" \/>\n\t<meta name=\"twitter:data1\" content=\"Ole Andersen\" \/>\n\t<meta name=\"twitter:label2\" content=\"Ansl. lesetid\" \/>\n\t<meta name=\"twitter:data2\" content=\"4 minutter\" \/>\n<script type=\"application\/ld+json\" class=\"yoast-schema-graph\">{\"@context\":\"https:\/\/schema.org\",\"@graph\":[{\"@type\":\"Article\",\"@id\":\"https:\/\/nordnesrepublikken.no\/index.php\/2026\/04\/18\/det-italienske-politiske-valget-18-april-1948-det-forste-og-viktigste-i-var-republikk\/#article\",\"isPartOf\":{\"@id\":\"https:\/\/nordnesrepublikken.no\/index.php\/2026\/04\/18\/det-italienske-politiske-valget-18-april-1948-det-forste-og-viktigste-i-var-republikk\/\"},\"author\":{\"name\":\"Ole Andersen\",\"@id\":\"https:\/\/nordnesrepublikken.no\/#\/schema\/person\/2e7e81935bab77882fffb79296240ff1\"},\"headline\":\"Det italienske politiske valget 18. april 1948, det f\u00f8rste og viktigste i v\u00e5r republikk\",\"datePublished\":\"2026-04-18T04:32:15+00:00\",\"dateModified\":\"2026-04-18T04:32:17+00:00\",\"mainEntityOfPage\":{\"@id\":\"https:\/\/nordnesrepublikken.no\/index.php\/2026\/04\/18\/det-italienske-politiske-valget-18-april-1948-det-forste-og-viktigste-i-var-republikk\/\"},\"wordCount\":847,\"publisher\":{\"@id\":\"https:\/\/nordnesrepublikken.no\/#organization\"},\"image\":{\"@id\":\"https:\/\/nordnesrepublikken.no\/index.php\/2026\/04\/18\/det-italienske-politiske-valget-18-april-1948-det-forste-og-viktigste-i-var-republikk\/#primaryimage\"},\"thumbnailUrl\":\"https:\/\/nordnesrepublikken.no\/wp-content\/uploads\/2026\/04\/1776486737_Det-italienske-politiske-valget-18-april-1948-det-forste-og.jpg\",\"keywords\":[\"april\",\"Det\",\"f\u00f8rste\",\"italienske\",\"politiske\",\"republikk\",\"valget\",\"var\",\"viktigste\"],\"articleSection\":[\"Samfunn\"],\"inLanguage\":\"nb-NO\"},{\"@type\":\"WebPage\",\"@id\":\"https:\/\/nordnesrepublikken.no\/index.php\/2026\/04\/18\/det-italienske-politiske-valget-18-april-1948-det-forste-og-viktigste-i-var-republikk\/\",\"url\":\"https:\/\/nordnesrepublikken.no\/index.php\/2026\/04\/18\/det-italienske-politiske-valget-18-april-1948-det-forste-og-viktigste-i-var-republikk\/\",\"name\":\"Det italienske politiske valget 18. april 1948, det f\u00f8rste og viktigste i v\u00e5r republikk - Nordnesrepublikken\",\"isPartOf\":{\"@id\":\"https:\/\/nordnesrepublikken.no\/#website\"},\"primaryImageOfPage\":{\"@id\":\"https:\/\/nordnesrepublikken.no\/index.php\/2026\/04\/18\/det-italienske-politiske-valget-18-april-1948-det-forste-og-viktigste-i-var-republikk\/#primaryimage\"},\"image\":{\"@id\":\"https:\/\/nordnesrepublikken.no\/index.php\/2026\/04\/18\/det-italienske-politiske-valget-18-april-1948-det-forste-og-viktigste-i-var-republikk\/#primaryimage\"},\"thumbnailUrl\":\"https:\/\/nordnesrepublikken.no\/wp-content\/uploads\/2026\/04\/1776486737_Det-italienske-politiske-valget-18-april-1948-det-forste-og.jpg\",\"datePublished\":\"2026-04-18T04:32:15+00:00\",\"dateModified\":\"2026-04-18T04:32:17+00:00\",\"breadcrumb\":{\"@id\":\"https:\/\/nordnesrepublikken.no\/index.php\/2026\/04\/18\/det-italienske-politiske-valget-18-april-1948-det-forste-og-viktigste-i-var-republikk\/#breadcrumb\"},\"inLanguage\":\"nb-NO\",\"potentialAction\":[{\"@type\":\"ReadAction\",\"target\":[\"https:\/\/nordnesrepublikken.no\/index.php\/2026\/04\/18\/det-italienske-politiske-valget-18-april-1948-det-forste-og-viktigste-i-var-republikk\/\"]}]},{\"@type\":\"ImageObject\",\"inLanguage\":\"nb-NO\",\"@id\":\"https:\/\/nordnesrepublikken.no\/index.php\/2026\/04\/18\/det-italienske-politiske-valget-18-april-1948-det-forste-og-viktigste-i-var-republikk\/#primaryimage\",\"url\":\"https:\/\/nordnesrepublikken.no\/wp-content\/uploads\/2026\/04\/1776486737_Det-italienske-politiske-valget-18-april-1948-det-forste-og.jpg\",\"contentUrl\":\"https:\/\/nordnesrepublikken.no\/wp-content\/uploads\/2026\/04\/1776486737_Det-italienske-politiske-valget-18-april-1948-det-forste-og.jpg\",\"width\":735,\"height\":416,\"caption\":\"Det italienske politiske valget 18. april 1948, det f\u00f8rste og viktigste i v\u00e5r republikk\"},{\"@type\":\"BreadcrumbList\",\"@id\":\"https:\/\/nordnesrepublikken.no\/index.php\/2026\/04\/18\/det-italienske-politiske-valget-18-april-1948-det-forste-og-viktigste-i-var-republikk\/#breadcrumb\",\"itemListElement\":[{\"@type\":\"ListItem\",\"position\":1,\"name\":\"Home\",\"item\":\"https:\/\/nordnesrepublikken.no\/\"},{\"@type\":\"ListItem\",\"position\":2,\"name\":\"Det italienske politiske valget 18. april 1948, det f\u00f8rste og viktigste i v\u00e5r republikk\"}]},{\"@type\":\"WebSite\",\"@id\":\"https:\/\/nordnesrepublikken.no\/#website\",\"url\":\"https:\/\/nordnesrepublikken.no\/\",\"name\":\"Nordnesrepublikken\",\"description\":\"Stemmer og Visjoner fra Republikkens Hjerte\",\"publisher\":{\"@id\":\"https:\/\/nordnesrepublikken.no\/#organization\"},\"potentialAction\":[{\"@type\":\"SearchAction\",\"target\":{\"@type\":\"EntryPoint\",\"urlTemplate\":\"https:\/\/nordnesrepublikken.no\/?s={search_term_string}\"},\"query-input\":{\"@type\":\"PropertyValueSpecification\",\"valueRequired\":true,\"valueName\":\"search_term_string\"}}],\"inLanguage\":\"nb-NO\"},{\"@type\":\"Organization\",\"@id\":\"https:\/\/nordnesrepublikken.no\/#organization\",\"name\":\"Nordnesrepublikken\",\"url\":\"https:\/\/nordnesrepublikken.no\/\",\"logo\":{\"@type\":\"ImageObject\",\"inLanguage\":\"nb-NO\",\"@id\":\"https:\/\/nordnesrepublikken.no\/#\/schema\/logo\/image\/\",\"url\":\"https:\/\/nordnesrepublikken.no\/wp-content\/uploads\/2025\/02\/cropped-nordnesrepublikken-2.png\",\"contentUrl\":\"https:\/\/nordnesrepublikken.no\/wp-content\/uploads\/2025\/02\/cropped-nordnesrepublikken-2.png\",\"width\":1248,\"height\":362,\"caption\":\"Nordnesrepublikken\"},\"image\":{\"@id\":\"https:\/\/nordnesrepublikken.no\/#\/schema\/logo\/image\/\"}},{\"@type\":\"Person\",\"@id\":\"https:\/\/nordnesrepublikken.no\/#\/schema\/person\/2e7e81935bab77882fffb79296240ff1\",\"name\":\"Ole Andersen\",\"image\":{\"@type\":\"ImageObject\",\"inLanguage\":\"nb-NO\",\"@id\":\"https:\/\/nordnesrepublikken.no\/#\/schema\/person\/image\/\",\"url\":\"https:\/\/nordnesrepublikken.no\/wp-content\/uploads\/2025\/02\/nordnesrepublikken-2-2-150x150.jpg\",\"contentUrl\":\"https:\/\/nordnesrepublikken.no\/wp-content\/uploads\/2025\/02\/nordnesrepublikken-2-2-150x150.jpg\",\"caption\":\"Ole Andersen\"},\"description\":\"Ettersom jeg vokste opp i Oslo, har jeg alltid v\u00e6rt fascinert av ordenes kraft og deres evne til \u00e5 skape endringer. Etter \u00e5 ha fullf\u00f8rt min utdannelse i kommunikasjon ved Universitetet i Bergen, fikk jeg muligheten til \u00e5 jobbe innen ulike medier, der jeg har s\u00f8kt \u00e5 belyse viktige samfunnssp\u00f8rsm\u00e5l. I dag, som redakt\u00f8r for Nordnesrepublikken, pr\u00f8ver jeg \u00e5 forene min kj\u00e6rlighet for journalistikk med min lidenskap for innovasjon og eventyr.\",\"sameAs\":[\"https:\/\/nordnesrepublikken.no\/\"]}]}<\/script>\n<!-- \/ Yoast SEO plugin. -->","yoast_head_json":{"title":"Det italienske politiske valget 18. april 1948, det f\u00f8rste og viktigste i v\u00e5r republikk - Nordnesrepublikken","robots":{"index":"index","follow":"follow","max-snippet":"max-snippet:-1","max-image-preview":"max-image-preview:large","max-video-preview":"max-video-preview:-1"},"canonical":"https:\/\/nordnesrepublikken.no\/index.php\/2026\/04\/18\/det-italienske-politiske-valget-18-april-1948-det-forste-og-viktigste-i-var-republikk\/","og_locale":"nb_NO","og_type":"article","og_title":"Det italienske politiske valget 18. april 1948, det f\u00f8rste og viktigste i v\u00e5r republikk - Nordnesrepublikken","og_description":"De 18. og 19. april 1948 Italienske borgere ble kalt til \u00e5 velge det f\u00f8rste","og_url":"https:\/\/nordnesrepublikken.no\/index.php\/2026\/04\/18\/det-italienske-politiske-valget-18-april-1948-det-forste-og-viktigste-i-var-republikk\/","og_site_name":"Nordnesrepublikken","article_published_time":"2026-04-18T04:32:15+00:00","article_modified_time":"2026-04-18T04:32:17+00:00","og_image":[{"width":735,"height":416,"url":"https:\/\/nordnesrepublikken.no\/wp-content\/uploads\/2026\/04\/1776486737_Det-italienske-politiske-valget-18-april-1948-det-forste-og.jpg","type":"image\/jpeg"}],"author":"Ole Andersen","twitter_card":"summary_large_image","twitter_misc":{"Skrevet av":"Ole Andersen","Ansl. lesetid":"4 minutter"},"schema":{"@context":"https:\/\/schema.org","@graph":[{"@type":"Article","@id":"https:\/\/nordnesrepublikken.no\/index.php\/2026\/04\/18\/det-italienske-politiske-valget-18-april-1948-det-forste-og-viktigste-i-var-republikk\/#article","isPartOf":{"@id":"https:\/\/nordnesrepublikken.no\/index.php\/2026\/04\/18\/det-italienske-politiske-valget-18-april-1948-det-forste-og-viktigste-i-var-republikk\/"},"author":{"name":"Ole Andersen","@id":"https:\/\/nordnesrepublikken.no\/#\/schema\/person\/2e7e81935bab77882fffb79296240ff1"},"headline":"Det italienske politiske valget 18. april 1948, det f\u00f8rste og viktigste i v\u00e5r republikk","datePublished":"2026-04-18T04:32:15+00:00","dateModified":"2026-04-18T04:32:17+00:00","mainEntityOfPage":{"@id":"https:\/\/nordnesrepublikken.no\/index.php\/2026\/04\/18\/det-italienske-politiske-valget-18-april-1948-det-forste-og-viktigste-i-var-republikk\/"},"wordCount":847,"publisher":{"@id":"https:\/\/nordnesrepublikken.no\/#organization"},"image":{"@id":"https:\/\/nordnesrepublikken.no\/index.php\/2026\/04\/18\/det-italienske-politiske-valget-18-april-1948-det-forste-og-viktigste-i-var-republikk\/#primaryimage"},"thumbnailUrl":"https:\/\/nordnesrepublikken.no\/wp-content\/uploads\/2026\/04\/1776486737_Det-italienske-politiske-valget-18-april-1948-det-forste-og.jpg","keywords":["april","Det","f\u00f8rste","italienske","politiske","republikk","valget","var","viktigste"],"articleSection":["Samfunn"],"inLanguage":"nb-NO"},{"@type":"WebPage","@id":"https:\/\/nordnesrepublikken.no\/index.php\/2026\/04\/18\/det-italienske-politiske-valget-18-april-1948-det-forste-og-viktigste-i-var-republikk\/","url":"https:\/\/nordnesrepublikken.no\/index.php\/2026\/04\/18\/det-italienske-politiske-valget-18-april-1948-det-forste-og-viktigste-i-var-republikk\/","name":"Det italienske politiske valget 18. april 1948, det f\u00f8rste og viktigste i v\u00e5r republikk - Nordnesrepublikken","isPartOf":{"@id":"https:\/\/nordnesrepublikken.no\/#website"},"primaryImageOfPage":{"@id":"https:\/\/nordnesrepublikken.no\/index.php\/2026\/04\/18\/det-italienske-politiske-valget-18-april-1948-det-forste-og-viktigste-i-var-republikk\/#primaryimage"},"image":{"@id":"https:\/\/nordnesrepublikken.no\/index.php\/2026\/04\/18\/det-italienske-politiske-valget-18-april-1948-det-forste-og-viktigste-i-var-republikk\/#primaryimage"},"thumbnailUrl":"https:\/\/nordnesrepublikken.no\/wp-content\/uploads\/2026\/04\/1776486737_Det-italienske-politiske-valget-18-april-1948-det-forste-og.jpg","datePublished":"2026-04-18T04:32:15+00:00","dateModified":"2026-04-18T04:32:17+00:00","breadcrumb":{"@id":"https:\/\/nordnesrepublikken.no\/index.php\/2026\/04\/18\/det-italienske-politiske-valget-18-april-1948-det-forste-og-viktigste-i-var-republikk\/#breadcrumb"},"inLanguage":"nb-NO","potentialAction":[{"@type":"ReadAction","target":["https:\/\/nordnesrepublikken.no\/index.php\/2026\/04\/18\/det-italienske-politiske-valget-18-april-1948-det-forste-og-viktigste-i-var-republikk\/"]}]},{"@type":"ImageObject","inLanguage":"nb-NO","@id":"https:\/\/nordnesrepublikken.no\/index.php\/2026\/04\/18\/det-italienske-politiske-valget-18-april-1948-det-forste-og-viktigste-i-var-republikk\/#primaryimage","url":"https:\/\/nordnesrepublikken.no\/wp-content\/uploads\/2026\/04\/1776486737_Det-italienske-politiske-valget-18-april-1948-det-forste-og.jpg","contentUrl":"https:\/\/nordnesrepublikken.no\/wp-content\/uploads\/2026\/04\/1776486737_Det-italienske-politiske-valget-18-april-1948-det-forste-og.jpg","width":735,"height":416,"caption":"Det italienske politiske valget 18. april 1948, det f\u00f8rste og viktigste i v\u00e5r republikk"},{"@type":"BreadcrumbList","@id":"https:\/\/nordnesrepublikken.no\/index.php\/2026\/04\/18\/det-italienske-politiske-valget-18-april-1948-det-forste-og-viktigste-i-var-republikk\/#breadcrumb","itemListElement":[{"@type":"ListItem","position":1,"name":"Home","item":"https:\/\/nordnesrepublikken.no\/"},{"@type":"ListItem","position":2,"name":"Det italienske politiske valget 18. april 1948, det f\u00f8rste og viktigste i v\u00e5r republikk"}]},{"@type":"WebSite","@id":"https:\/\/nordnesrepublikken.no\/#website","url":"https:\/\/nordnesrepublikken.no\/","name":"Nordnesrepublikken","description":"Stemmer og Visjoner fra Republikkens Hjerte","publisher":{"@id":"https:\/\/nordnesrepublikken.no\/#organization"},"potentialAction":[{"@type":"SearchAction","target":{"@type":"EntryPoint","urlTemplate":"https:\/\/nordnesrepublikken.no\/?s={search_term_string}"},"query-input":{"@type":"PropertyValueSpecification","valueRequired":true,"valueName":"search_term_string"}}],"inLanguage":"nb-NO"},{"@type":"Organization","@id":"https:\/\/nordnesrepublikken.no\/#organization","name":"Nordnesrepublikken","url":"https:\/\/nordnesrepublikken.no\/","logo":{"@type":"ImageObject","inLanguage":"nb-NO","@id":"https:\/\/nordnesrepublikken.no\/#\/schema\/logo\/image\/","url":"https:\/\/nordnesrepublikken.no\/wp-content\/uploads\/2025\/02\/cropped-nordnesrepublikken-2.png","contentUrl":"https:\/\/nordnesrepublikken.no\/wp-content\/uploads\/2025\/02\/cropped-nordnesrepublikken-2.png","width":1248,"height":362,"caption":"Nordnesrepublikken"},"image":{"@id":"https:\/\/nordnesrepublikken.no\/#\/schema\/logo\/image\/"}},{"@type":"Person","@id":"https:\/\/nordnesrepublikken.no\/#\/schema\/person\/2e7e81935bab77882fffb79296240ff1","name":"Ole Andersen","image":{"@type":"ImageObject","inLanguage":"nb-NO","@id":"https:\/\/nordnesrepublikken.no\/#\/schema\/person\/image\/","url":"https:\/\/nordnesrepublikken.no\/wp-content\/uploads\/2025\/02\/nordnesrepublikken-2-2-150x150.jpg","contentUrl":"https:\/\/nordnesrepublikken.no\/wp-content\/uploads\/2025\/02\/nordnesrepublikken-2-2-150x150.jpg","caption":"Ole Andersen"},"description":"Ettersom jeg vokste opp i Oslo, har jeg alltid v\u00e6rt fascinert av ordenes kraft og deres evne til \u00e5 skape endringer. Etter \u00e5 ha fullf\u00f8rt min utdannelse i kommunikasjon ved Universitetet i Bergen, fikk jeg muligheten til \u00e5 jobbe innen ulike medier, der jeg har s\u00f8kt \u00e5 belyse viktige samfunnssp\u00f8rsm\u00e5l. I dag, som redakt\u00f8r for Nordnesrepublikken, pr\u00f8ver jeg \u00e5 forene min kj\u00e6rlighet for journalistikk med min lidenskap for innovasjon og eventyr.","sameAs":["https:\/\/nordnesrepublikken.no\/"]}]}},"_links":{"self":[{"href":"https:\/\/nordnesrepublikken.no\/index.php\/wp-json\/wp\/v2\/posts\/17118","targetHints":{"allow":["GET"]}}],"collection":[{"href":"https:\/\/nordnesrepublikken.no\/index.php\/wp-json\/wp\/v2\/posts"}],"about":[{"href":"https:\/\/nordnesrepublikken.no\/index.php\/wp-json\/wp\/v2\/types\/post"}],"author":[{"embeddable":true,"href":"https:\/\/nordnesrepublikken.no\/index.php\/wp-json\/wp\/v2\/users\/1"}],"replies":[{"embeddable":true,"href":"https:\/\/nordnesrepublikken.no\/index.php\/wp-json\/wp\/v2\/comments?post=17118"}],"version-history":[{"count":1,"href":"https:\/\/nordnesrepublikken.no\/index.php\/wp-json\/wp\/v2\/posts\/17118\/revisions"}],"predecessor-version":[{"id":17120,"href":"https:\/\/nordnesrepublikken.no\/index.php\/wp-json\/wp\/v2\/posts\/17118\/revisions\/17120"}],"wp:featuredmedia":[{"embeddable":true,"href":"https:\/\/nordnesrepublikken.no\/index.php\/wp-json\/wp\/v2\/media\/17119"}],"wp:attachment":[{"href":"https:\/\/nordnesrepublikken.no\/index.php\/wp-json\/wp\/v2\/media?parent=17118"}],"wp:term":[{"taxonomy":"category","embeddable":true,"href":"https:\/\/nordnesrepublikken.no\/index.php\/wp-json\/wp\/v2\/categories?post=17118"},{"taxonomy":"post_tag","embeddable":true,"href":"https:\/\/nordnesrepublikken.no\/index.php\/wp-json\/wp\/v2\/tags?post=17118"}],"curies":[{"name":"wp","href":"https:\/\/api.w.org\/{rel}","templated":true}]}}