{"id":17100,"date":"2026-04-17T13:13:51","date_gmt":"2026-04-17T11:13:51","guid":{"rendered":"https:\/\/nordnesrepublikken.no\/index.php\/2026\/04\/17\/tidskapsel-pa-hjul-marilyn-monroes-mercedes-benz-gar-pa-auksjon\/"},"modified":"2026-04-17T13:13:53","modified_gmt":"2026-04-17T11:13:53","slug":"tidskapsel-pa-hjul-marilyn-monroes-mercedes-benz-gar-pa-auksjon","status":"publish","type":"post","link":"https:\/\/nordnesrepublikken.no\/index.php\/2026\/04\/17\/tidskapsel-pa-hjul-marilyn-monroes-mercedes-benz-gar-pa-auksjon\/","title":{"rendered":"Tidskapsel p\u00e5 hjul: Marilyn Monroes Mercedes-Benz g\u00e5r p\u00e5 auksjon"},"content":{"rendered":"<p><\/p>\n<div class=\"wordpress-content\">\n                    <!-- Article Start --><\/p>\n<p>En vintage Mercedes-Benz vil v\u00e6re ute p\u00e5 auksjon i mai og ansl\u00e5s \u00e5 f\u00e5 en heftig pris p\u00e5 mer enn \u00a3150 000 for sin tilknytning til popkulturikonet Marilyn Monroe.<\/p>\n<h2><strong>Hollywood-tilknyttede 1950 Mercedes-Benz til salgs<\/strong><\/h2>\n<p>1950 170 S (W136) sies \u00e5 v\u00e6re den samme som Marilyn Monroe kj\u00f8rte gjennom gatene i Hellas under ferien sin der i 1956. Hennes deleierskap st\u00f8ttes av et forsikringsdokument signert \u00abMarilyn Monroe\u00bb og datert fra februar til august 1956, som stemmer overens med tiden Monroe bodde i Europa.<\/p>\n<p>Dette var en godt dokumentert periode i Monroes liv, mest kjent for hennes ekteskap med dramatikeren Arthur Miller i juni 1956.<\/p>\n<div class=\"sra_unit\"><link rel=\"stylesheet\" id=\"block-sra\" href=\"https:\/\/euroweeklynews.com\/wp-content\/plugins\/snack-related-articles\/dist\/css\/snack-related.min.css?250312-193541\" type=\"text\/css\" media=\"all\">\n<\/div>\n<h2><strong>Historisk betydning <\/strong><\/h2>\n<p>170 S-modellen spilte en n\u00f8kkelrolle i Mercedes-Benz sin gjenoppretting etter krigen, og utviklet seg fra den tidligere 170-serien. Den tilb\u00f8d forbedret raffinement, oppgradert fj\u00e6ring og en 1,7-liters motor som yter rundt 52 \u200b\u200bhk, noe som gjorde den til en m\u00e5lestokk for slitesterk, men komfortabel bilkj\u00f8ring p\u00e5 begynnelsen av 1950-tallet.<\/p>\n<p>Bilen er godt bevart. Auksjonsoppf\u00f8ringer fremhever at modellen forblir mekanisk i samsvar med sin tidlige 1950-tallsteknikk, noe av det som gj\u00f8r den ettertraktet for samlere av europeiske klassikere etter krigen. Den har gjennomg\u00e5tt omfattende restaurering for \u00e5 opprettholde bilens klassiske egenskaper og historiske prestisje.<\/p>\n<h2><strong>Oppdagelse av personlige gjenstander<\/strong><\/h2>\n<p>Faktisk var det under denne gratis restaureringen at bilens n\u00e5v\u00e6rende eier oppdaget forbindelsen til Hollywood-stjernen. Inne i bilen ble det funnet et bagasjesett med det umiskjennelige MM-merket, sammen med en skreddersydd dashbordplakett. Disse gjenstandene vil ogs\u00e5 bli solgt ved siden av bilen, noe som styrker auksjonens status.<\/p>\n<h2><strong>Samlerappell<\/strong><\/h2>\n<p>Interessen for bilen strekker seg utover klassiske bilsamlere. Denne kombinasjonen av bilhistorie og Hollywood-arv som gj\u00f8r at Mercedesen skiller seg ut. B\u00e5de klassiske kj\u00f8ret\u00f8ysamlere og hardbarkede Monroe-fans ser p\u00e5 den som mer enn bare en restaurert bil, men som en sjelden kulturell gjenstand knyttet til en av de mest fotograferte skikkelsene i det 20. \u00e5rhundre.<\/p>\n<p>Kj\u00f8ret\u00f8yet tilbys gjennom Iconic Auctioneers og er satt til \u00e5 g\u00e5 under hammeren 16. mai, med anslagsbud som starter p\u00e5 \u00a3120.000 til \u00a3160.000. Sterk interesse tyder imidlertid p\u00e5 at den endelige prisen kan overg\u00e5 forventningene avhengig av konkurranseutsetting.<\/p>\n<p>                    <!-- Originally published at https:\/\/euroweeklynews.com\/2026\/04\/17\/time-capsule-on-wheels-marilyn-monroes-mercedes-benz-goes-up-for-auction\/ on 17 Apr 2026 at 12:55 by Elli Freeman --><br \/>\n                    <!-- Article End -->\n                <\/div>\n","protected":false},"excerpt":{"rendered":"<p>En vintage Mercedes-Benz vil v\u00e6re ute p\u00e5 auksjon i mai og ansl\u00e5s \u00e5 f\u00e5 en<\/p>\n","protected":false},"author":1,"featured_media":17101,"comment_status":"closed","ping_status":"open","sticky":false,"template":"","format":"standard","meta":{"footnotes":""},"categories":[105],"tags":[11047,300,3202,11044,11046,11045,81,11043],"class_list":["post-17100","post","type-post","status-publish","format-standard","has-post-thumbnail","hentry","category-livsstil","tag-auksjon","tag-gar","tag-hjul","tag-marilyn","tag-mercedesbenz","tag-monroes","tag-pa","tag-tidskapsel","generate-columns","tablet-grid-50","mobile-grid-100","grid-parent","grid-33","resize-featured-image"],"yoast_head":"<!-- This site is optimized with the Yoast SEO plugin v24.4 - https:\/\/yoast.com\/wordpress\/plugins\/seo\/ -->\n<title>Tidskapsel p\u00e5 hjul: Marilyn Monroes Mercedes-Benz g\u00e5r p\u00e5 auksjon - Nordnesrepublikken<\/title>\n<meta name=\"robots\" content=\"index, follow, max-snippet:-1, max-image-preview:large, max-video-preview:-1\" \/>\n<link rel=\"canonical\" href=\"https:\/\/nordnesrepublikken.no\/index.php\/2026\/04\/17\/tidskapsel-pa-hjul-marilyn-monroes-mercedes-benz-gar-pa-auksjon\/\" \/>\n<meta property=\"og:locale\" content=\"nb_NO\" \/>\n<meta property=\"og:type\" content=\"article\" \/>\n<meta property=\"og:title\" content=\"Tidskapsel p\u00e5 hjul: Marilyn Monroes Mercedes-Benz g\u00e5r p\u00e5 auksjon - Nordnesrepublikken\" \/>\n<meta property=\"og:description\" content=\"En vintage Mercedes-Benz vil v\u00e6re ute p\u00e5 auksjon i mai og ansl\u00e5s \u00e5 f\u00e5 en\" \/>\n<meta property=\"og:url\" content=\"https:\/\/nordnesrepublikken.no\/index.php\/2026\/04\/17\/tidskapsel-pa-hjul-marilyn-monroes-mercedes-benz-gar-pa-auksjon\/\" \/>\n<meta property=\"og:site_name\" content=\"Nordnesrepublikken\" \/>\n<meta property=\"article:published_time\" content=\"2026-04-17T11:13:51+00:00\" \/>\n<meta property=\"article:modified_time\" content=\"2026-04-17T11:13:53+00:00\" \/>\n<meta property=\"og:image\" content=\"https:\/\/nordnesrepublikken.no\/wp-content\/uploads\/2026\/04\/1776424432_Tidskapsel-pa-hjul-Marilyn-Monroes-Mercedes-Benz-gar-pa-auksjon.jpg\" \/>\n\t<meta property=\"og:image:width\" content=\"1600\" \/>\n\t<meta property=\"og:image:height\" content=\"1068\" \/>\n\t<meta property=\"og:image:type\" content=\"image\/jpeg\" \/>\n<meta name=\"author\" content=\"Ole Andersen\" \/>\n<meta name=\"twitter:card\" content=\"summary_large_image\" \/>\n<meta name=\"twitter:label1\" content=\"Skrevet av\" \/>\n\t<meta name=\"twitter:data1\" content=\"Ole Andersen\" \/>\n\t<meta name=\"twitter:label2\" content=\"Ansl. lesetid\" \/>\n\t<meta name=\"twitter:data2\" content=\"2 minutter\" \/>\n<script type=\"application\/ld+json\" class=\"yoast-schema-graph\">{\"@context\":\"https:\/\/schema.org\",\"@graph\":[{\"@type\":\"Article\",\"@id\":\"https:\/\/nordnesrepublikken.no\/index.php\/2026\/04\/17\/tidskapsel-pa-hjul-marilyn-monroes-mercedes-benz-gar-pa-auksjon\/#article\",\"isPartOf\":{\"@id\":\"https:\/\/nordnesrepublikken.no\/index.php\/2026\/04\/17\/tidskapsel-pa-hjul-marilyn-monroes-mercedes-benz-gar-pa-auksjon\/\"},\"author\":{\"name\":\"Ole Andersen\",\"@id\":\"https:\/\/nordnesrepublikken.no\/#\/schema\/person\/2e7e81935bab77882fffb79296240ff1\"},\"headline\":\"Tidskapsel p\u00e5 hjul: Marilyn Monroes Mercedes-Benz g\u00e5r p\u00e5 auksjon\",\"datePublished\":\"2026-04-17T11:13:51+00:00\",\"dateModified\":\"2026-04-17T11:13:53+00:00\",\"mainEntityOfPage\":{\"@id\":\"https:\/\/nordnesrepublikken.no\/index.php\/2026\/04\/17\/tidskapsel-pa-hjul-marilyn-monroes-mercedes-benz-gar-pa-auksjon\/\"},\"wordCount\":356,\"publisher\":{\"@id\":\"https:\/\/nordnesrepublikken.no\/#organization\"},\"image\":{\"@id\":\"https:\/\/nordnesrepublikken.no\/index.php\/2026\/04\/17\/tidskapsel-pa-hjul-marilyn-monroes-mercedes-benz-gar-pa-auksjon\/#primaryimage\"},\"thumbnailUrl\":\"https:\/\/nordnesrepublikken.no\/wp-content\/uploads\/2026\/04\/1776424432_Tidskapsel-pa-hjul-Marilyn-Monroes-Mercedes-Benz-gar-pa-auksjon.jpg\",\"keywords\":[\"auksjon\",\"g\u00e5r\",\"hjul\",\"Marilyn\",\"MercedesBenz\",\"Monroes\",\"p\u00e5\",\"Tidskapsel\"],\"articleSection\":[\"Livsstil\"],\"inLanguage\":\"nb-NO\"},{\"@type\":\"WebPage\",\"@id\":\"https:\/\/nordnesrepublikken.no\/index.php\/2026\/04\/17\/tidskapsel-pa-hjul-marilyn-monroes-mercedes-benz-gar-pa-auksjon\/\",\"url\":\"https:\/\/nordnesrepublikken.no\/index.php\/2026\/04\/17\/tidskapsel-pa-hjul-marilyn-monroes-mercedes-benz-gar-pa-auksjon\/\",\"name\":\"Tidskapsel p\u00e5 hjul: Marilyn Monroes Mercedes-Benz g\u00e5r p\u00e5 auksjon - Nordnesrepublikken\",\"isPartOf\":{\"@id\":\"https:\/\/nordnesrepublikken.no\/#website\"},\"primaryImageOfPage\":{\"@id\":\"https:\/\/nordnesrepublikken.no\/index.php\/2026\/04\/17\/tidskapsel-pa-hjul-marilyn-monroes-mercedes-benz-gar-pa-auksjon\/#primaryimage\"},\"image\":{\"@id\":\"https:\/\/nordnesrepublikken.no\/index.php\/2026\/04\/17\/tidskapsel-pa-hjul-marilyn-monroes-mercedes-benz-gar-pa-auksjon\/#primaryimage\"},\"thumbnailUrl\":\"https:\/\/nordnesrepublikken.no\/wp-content\/uploads\/2026\/04\/1776424432_Tidskapsel-pa-hjul-Marilyn-Monroes-Mercedes-Benz-gar-pa-auksjon.jpg\",\"datePublished\":\"2026-04-17T11:13:51+00:00\",\"dateModified\":\"2026-04-17T11:13:53+00:00\",\"breadcrumb\":{\"@id\":\"https:\/\/nordnesrepublikken.no\/index.php\/2026\/04\/17\/tidskapsel-pa-hjul-marilyn-monroes-mercedes-benz-gar-pa-auksjon\/#breadcrumb\"},\"inLanguage\":\"nb-NO\",\"potentialAction\":[{\"@type\":\"ReadAction\",\"target\":[\"https:\/\/nordnesrepublikken.no\/index.php\/2026\/04\/17\/tidskapsel-pa-hjul-marilyn-monroes-mercedes-benz-gar-pa-auksjon\/\"]}]},{\"@type\":\"ImageObject\",\"inLanguage\":\"nb-NO\",\"@id\":\"https:\/\/nordnesrepublikken.no\/index.php\/2026\/04\/17\/tidskapsel-pa-hjul-marilyn-monroes-mercedes-benz-gar-pa-auksjon\/#primaryimage\",\"url\":\"https:\/\/nordnesrepublikken.no\/wp-content\/uploads\/2026\/04\/1776424432_Tidskapsel-pa-hjul-Marilyn-Monroes-Mercedes-Benz-gar-pa-auksjon.jpg\",\"contentUrl\":\"https:\/\/nordnesrepublikken.no\/wp-content\/uploads\/2026\/04\/1776424432_Tidskapsel-pa-hjul-Marilyn-Monroes-Mercedes-Benz-gar-pa-auksjon.jpg\",\"width\":1600,\"height\":1068,\"caption\":\"Tidskapsel p\u00e5 hjul: Marilyn Monroes Mercedes-Benz g\u00e5r p\u00e5 auksjon\"},{\"@type\":\"BreadcrumbList\",\"@id\":\"https:\/\/nordnesrepublikken.no\/index.php\/2026\/04\/17\/tidskapsel-pa-hjul-marilyn-monroes-mercedes-benz-gar-pa-auksjon\/#breadcrumb\",\"itemListElement\":[{\"@type\":\"ListItem\",\"position\":1,\"name\":\"Home\",\"item\":\"https:\/\/nordnesrepublikken.no\/\"},{\"@type\":\"ListItem\",\"position\":2,\"name\":\"Tidskapsel p\u00e5 hjul: Marilyn Monroes Mercedes-Benz g\u00e5r p\u00e5 auksjon\"}]},{\"@type\":\"WebSite\",\"@id\":\"https:\/\/nordnesrepublikken.no\/#website\",\"url\":\"https:\/\/nordnesrepublikken.no\/\",\"name\":\"Nordnesrepublikken\",\"description\":\"Stemmer og Visjoner fra Republikkens Hjerte\",\"publisher\":{\"@id\":\"https:\/\/nordnesrepublikken.no\/#organization\"},\"potentialAction\":[{\"@type\":\"SearchAction\",\"target\":{\"@type\":\"EntryPoint\",\"urlTemplate\":\"https:\/\/nordnesrepublikken.no\/?s={search_term_string}\"},\"query-input\":{\"@type\":\"PropertyValueSpecification\",\"valueRequired\":true,\"valueName\":\"search_term_string\"}}],\"inLanguage\":\"nb-NO\"},{\"@type\":\"Organization\",\"@id\":\"https:\/\/nordnesrepublikken.no\/#organization\",\"name\":\"Nordnesrepublikken\",\"url\":\"https:\/\/nordnesrepublikken.no\/\",\"logo\":{\"@type\":\"ImageObject\",\"inLanguage\":\"nb-NO\",\"@id\":\"https:\/\/nordnesrepublikken.no\/#\/schema\/logo\/image\/\",\"url\":\"https:\/\/nordnesrepublikken.no\/wp-content\/uploads\/2025\/02\/cropped-nordnesrepublikken-2.png\",\"contentUrl\":\"https:\/\/nordnesrepublikken.no\/wp-content\/uploads\/2025\/02\/cropped-nordnesrepublikken-2.png\",\"width\":1248,\"height\":362,\"caption\":\"Nordnesrepublikken\"},\"image\":{\"@id\":\"https:\/\/nordnesrepublikken.no\/#\/schema\/logo\/image\/\"}},{\"@type\":\"Person\",\"@id\":\"https:\/\/nordnesrepublikken.no\/#\/schema\/person\/2e7e81935bab77882fffb79296240ff1\",\"name\":\"Ole Andersen\",\"image\":{\"@type\":\"ImageObject\",\"inLanguage\":\"nb-NO\",\"@id\":\"https:\/\/nordnesrepublikken.no\/#\/schema\/person\/image\/\",\"url\":\"https:\/\/nordnesrepublikken.no\/wp-content\/uploads\/2025\/02\/nordnesrepublikken-2-2-150x150.jpg\",\"contentUrl\":\"https:\/\/nordnesrepublikken.no\/wp-content\/uploads\/2025\/02\/nordnesrepublikken-2-2-150x150.jpg\",\"caption\":\"Ole Andersen\"},\"description\":\"Ettersom jeg vokste opp i Oslo, har jeg alltid v\u00e6rt fascinert av ordenes kraft og deres evne til \u00e5 skape endringer. Etter \u00e5 ha fullf\u00f8rt min utdannelse i kommunikasjon ved Universitetet i Bergen, fikk jeg muligheten til \u00e5 jobbe innen ulike medier, der jeg har s\u00f8kt \u00e5 belyse viktige samfunnssp\u00f8rsm\u00e5l. I dag, som redakt\u00f8r for Nordnesrepublikken, pr\u00f8ver jeg \u00e5 forene min kj\u00e6rlighet for journalistikk med min lidenskap for innovasjon og eventyr.\",\"sameAs\":[\"https:\/\/nordnesrepublikken.no\/\"]}]}<\/script>\n<!-- \/ Yoast SEO plugin. -->","yoast_head_json":{"title":"Tidskapsel p\u00e5 hjul: Marilyn Monroes Mercedes-Benz g\u00e5r p\u00e5 auksjon - Nordnesrepublikken","robots":{"index":"index","follow":"follow","max-snippet":"max-snippet:-1","max-image-preview":"max-image-preview:large","max-video-preview":"max-video-preview:-1"},"canonical":"https:\/\/nordnesrepublikken.no\/index.php\/2026\/04\/17\/tidskapsel-pa-hjul-marilyn-monroes-mercedes-benz-gar-pa-auksjon\/","og_locale":"nb_NO","og_type":"article","og_title":"Tidskapsel p\u00e5 hjul: Marilyn Monroes Mercedes-Benz g\u00e5r p\u00e5 auksjon - Nordnesrepublikken","og_description":"En vintage Mercedes-Benz vil v\u00e6re ute p\u00e5 auksjon i mai og ansl\u00e5s \u00e5 f\u00e5 en","og_url":"https:\/\/nordnesrepublikken.no\/index.php\/2026\/04\/17\/tidskapsel-pa-hjul-marilyn-monroes-mercedes-benz-gar-pa-auksjon\/","og_site_name":"Nordnesrepublikken","article_published_time":"2026-04-17T11:13:51+00:00","article_modified_time":"2026-04-17T11:13:53+00:00","og_image":[{"width":1600,"height":1068,"url":"https:\/\/nordnesrepublikken.no\/wp-content\/uploads\/2026\/04\/1776424432_Tidskapsel-pa-hjul-Marilyn-Monroes-Mercedes-Benz-gar-pa-auksjon.jpg","type":"image\/jpeg"}],"author":"Ole Andersen","twitter_card":"summary_large_image","twitter_misc":{"Skrevet av":"Ole Andersen","Ansl. lesetid":"2 minutter"},"schema":{"@context":"https:\/\/schema.org","@graph":[{"@type":"Article","@id":"https:\/\/nordnesrepublikken.no\/index.php\/2026\/04\/17\/tidskapsel-pa-hjul-marilyn-monroes-mercedes-benz-gar-pa-auksjon\/#article","isPartOf":{"@id":"https:\/\/nordnesrepublikken.no\/index.php\/2026\/04\/17\/tidskapsel-pa-hjul-marilyn-monroes-mercedes-benz-gar-pa-auksjon\/"},"author":{"name":"Ole Andersen","@id":"https:\/\/nordnesrepublikken.no\/#\/schema\/person\/2e7e81935bab77882fffb79296240ff1"},"headline":"Tidskapsel p\u00e5 hjul: Marilyn Monroes Mercedes-Benz g\u00e5r p\u00e5 auksjon","datePublished":"2026-04-17T11:13:51+00:00","dateModified":"2026-04-17T11:13:53+00:00","mainEntityOfPage":{"@id":"https:\/\/nordnesrepublikken.no\/index.php\/2026\/04\/17\/tidskapsel-pa-hjul-marilyn-monroes-mercedes-benz-gar-pa-auksjon\/"},"wordCount":356,"publisher":{"@id":"https:\/\/nordnesrepublikken.no\/#organization"},"image":{"@id":"https:\/\/nordnesrepublikken.no\/index.php\/2026\/04\/17\/tidskapsel-pa-hjul-marilyn-monroes-mercedes-benz-gar-pa-auksjon\/#primaryimage"},"thumbnailUrl":"https:\/\/nordnesrepublikken.no\/wp-content\/uploads\/2026\/04\/1776424432_Tidskapsel-pa-hjul-Marilyn-Monroes-Mercedes-Benz-gar-pa-auksjon.jpg","keywords":["auksjon","g\u00e5r","hjul","Marilyn","MercedesBenz","Monroes","p\u00e5","Tidskapsel"],"articleSection":["Livsstil"],"inLanguage":"nb-NO"},{"@type":"WebPage","@id":"https:\/\/nordnesrepublikken.no\/index.php\/2026\/04\/17\/tidskapsel-pa-hjul-marilyn-monroes-mercedes-benz-gar-pa-auksjon\/","url":"https:\/\/nordnesrepublikken.no\/index.php\/2026\/04\/17\/tidskapsel-pa-hjul-marilyn-monroes-mercedes-benz-gar-pa-auksjon\/","name":"Tidskapsel p\u00e5 hjul: Marilyn Monroes Mercedes-Benz g\u00e5r p\u00e5 auksjon - Nordnesrepublikken","isPartOf":{"@id":"https:\/\/nordnesrepublikken.no\/#website"},"primaryImageOfPage":{"@id":"https:\/\/nordnesrepublikken.no\/index.php\/2026\/04\/17\/tidskapsel-pa-hjul-marilyn-monroes-mercedes-benz-gar-pa-auksjon\/#primaryimage"},"image":{"@id":"https:\/\/nordnesrepublikken.no\/index.php\/2026\/04\/17\/tidskapsel-pa-hjul-marilyn-monroes-mercedes-benz-gar-pa-auksjon\/#primaryimage"},"thumbnailUrl":"https:\/\/nordnesrepublikken.no\/wp-content\/uploads\/2026\/04\/1776424432_Tidskapsel-pa-hjul-Marilyn-Monroes-Mercedes-Benz-gar-pa-auksjon.jpg","datePublished":"2026-04-17T11:13:51+00:00","dateModified":"2026-04-17T11:13:53+00:00","breadcrumb":{"@id":"https:\/\/nordnesrepublikken.no\/index.php\/2026\/04\/17\/tidskapsel-pa-hjul-marilyn-monroes-mercedes-benz-gar-pa-auksjon\/#breadcrumb"},"inLanguage":"nb-NO","potentialAction":[{"@type":"ReadAction","target":["https:\/\/nordnesrepublikken.no\/index.php\/2026\/04\/17\/tidskapsel-pa-hjul-marilyn-monroes-mercedes-benz-gar-pa-auksjon\/"]}]},{"@type":"ImageObject","inLanguage":"nb-NO","@id":"https:\/\/nordnesrepublikken.no\/index.php\/2026\/04\/17\/tidskapsel-pa-hjul-marilyn-monroes-mercedes-benz-gar-pa-auksjon\/#primaryimage","url":"https:\/\/nordnesrepublikken.no\/wp-content\/uploads\/2026\/04\/1776424432_Tidskapsel-pa-hjul-Marilyn-Monroes-Mercedes-Benz-gar-pa-auksjon.jpg","contentUrl":"https:\/\/nordnesrepublikken.no\/wp-content\/uploads\/2026\/04\/1776424432_Tidskapsel-pa-hjul-Marilyn-Monroes-Mercedes-Benz-gar-pa-auksjon.jpg","width":1600,"height":1068,"caption":"Tidskapsel p\u00e5 hjul: Marilyn Monroes Mercedes-Benz g\u00e5r p\u00e5 auksjon"},{"@type":"BreadcrumbList","@id":"https:\/\/nordnesrepublikken.no\/index.php\/2026\/04\/17\/tidskapsel-pa-hjul-marilyn-monroes-mercedes-benz-gar-pa-auksjon\/#breadcrumb","itemListElement":[{"@type":"ListItem","position":1,"name":"Home","item":"https:\/\/nordnesrepublikken.no\/"},{"@type":"ListItem","position":2,"name":"Tidskapsel p\u00e5 hjul: Marilyn Monroes Mercedes-Benz g\u00e5r p\u00e5 auksjon"}]},{"@type":"WebSite","@id":"https:\/\/nordnesrepublikken.no\/#website","url":"https:\/\/nordnesrepublikken.no\/","name":"Nordnesrepublikken","description":"Stemmer og Visjoner fra Republikkens Hjerte","publisher":{"@id":"https:\/\/nordnesrepublikken.no\/#organization"},"potentialAction":[{"@type":"SearchAction","target":{"@type":"EntryPoint","urlTemplate":"https:\/\/nordnesrepublikken.no\/?s={search_term_string}"},"query-input":{"@type":"PropertyValueSpecification","valueRequired":true,"valueName":"search_term_string"}}],"inLanguage":"nb-NO"},{"@type":"Organization","@id":"https:\/\/nordnesrepublikken.no\/#organization","name":"Nordnesrepublikken","url":"https:\/\/nordnesrepublikken.no\/","logo":{"@type":"ImageObject","inLanguage":"nb-NO","@id":"https:\/\/nordnesrepublikken.no\/#\/schema\/logo\/image\/","url":"https:\/\/nordnesrepublikken.no\/wp-content\/uploads\/2025\/02\/cropped-nordnesrepublikken-2.png","contentUrl":"https:\/\/nordnesrepublikken.no\/wp-content\/uploads\/2025\/02\/cropped-nordnesrepublikken-2.png","width":1248,"height":362,"caption":"Nordnesrepublikken"},"image":{"@id":"https:\/\/nordnesrepublikken.no\/#\/schema\/logo\/image\/"}},{"@type":"Person","@id":"https:\/\/nordnesrepublikken.no\/#\/schema\/person\/2e7e81935bab77882fffb79296240ff1","name":"Ole Andersen","image":{"@type":"ImageObject","inLanguage":"nb-NO","@id":"https:\/\/nordnesrepublikken.no\/#\/schema\/person\/image\/","url":"https:\/\/nordnesrepublikken.no\/wp-content\/uploads\/2025\/02\/nordnesrepublikken-2-2-150x150.jpg","contentUrl":"https:\/\/nordnesrepublikken.no\/wp-content\/uploads\/2025\/02\/nordnesrepublikken-2-2-150x150.jpg","caption":"Ole Andersen"},"description":"Ettersom jeg vokste opp i Oslo, har jeg alltid v\u00e6rt fascinert av ordenes kraft og deres evne til \u00e5 skape endringer. Etter \u00e5 ha fullf\u00f8rt min utdannelse i kommunikasjon ved Universitetet i Bergen, fikk jeg muligheten til \u00e5 jobbe innen ulike medier, der jeg har s\u00f8kt \u00e5 belyse viktige samfunnssp\u00f8rsm\u00e5l. I dag, som redakt\u00f8r for Nordnesrepublikken, pr\u00f8ver jeg \u00e5 forene min kj\u00e6rlighet for journalistikk med min lidenskap for innovasjon og eventyr.","sameAs":["https:\/\/nordnesrepublikken.no\/"]}]}},"_links":{"self":[{"href":"https:\/\/nordnesrepublikken.no\/index.php\/wp-json\/wp\/v2\/posts\/17100","targetHints":{"allow":["GET"]}}],"collection":[{"href":"https:\/\/nordnesrepublikken.no\/index.php\/wp-json\/wp\/v2\/posts"}],"about":[{"href":"https:\/\/nordnesrepublikken.no\/index.php\/wp-json\/wp\/v2\/types\/post"}],"author":[{"embeddable":true,"href":"https:\/\/nordnesrepublikken.no\/index.php\/wp-json\/wp\/v2\/users\/1"}],"replies":[{"embeddable":true,"href":"https:\/\/nordnesrepublikken.no\/index.php\/wp-json\/wp\/v2\/comments?post=17100"}],"version-history":[{"count":1,"href":"https:\/\/nordnesrepublikken.no\/index.php\/wp-json\/wp\/v2\/posts\/17100\/revisions"}],"predecessor-version":[{"id":17102,"href":"https:\/\/nordnesrepublikken.no\/index.php\/wp-json\/wp\/v2\/posts\/17100\/revisions\/17102"}],"wp:featuredmedia":[{"embeddable":true,"href":"https:\/\/nordnesrepublikken.no\/index.php\/wp-json\/wp\/v2\/media\/17101"}],"wp:attachment":[{"href":"https:\/\/nordnesrepublikken.no\/index.php\/wp-json\/wp\/v2\/media?parent=17100"}],"wp:term":[{"taxonomy":"category","embeddable":true,"href":"https:\/\/nordnesrepublikken.no\/index.php\/wp-json\/wp\/v2\/categories?post=17100"},{"taxonomy":"post_tag","embeddable":true,"href":"https:\/\/nordnesrepublikken.no\/index.php\/wp-json\/wp\/v2\/tags?post=17100"}],"curies":[{"name":"wp","href":"https:\/\/api.w.org\/{rel}","templated":true}]}}