{"id":17097,"date":"2026-04-17T12:15:55","date_gmt":"2026-04-17T10:15:55","guid":{"rendered":"https:\/\/nordnesrepublikken.no\/index.php\/2026\/04\/17\/hvorfor-og-hvordan-du-ber-om-cie\/"},"modified":"2026-04-17T12:15:59","modified_gmt":"2026-04-17T10:15:59","slug":"hvorfor-og-hvordan-du-ber-om-cie","status":"publish","type":"post","link":"https:\/\/nordnesrepublikken.no\/index.php\/2026\/04\/17\/hvorfor-og-hvordan-du-ber-om-cie\/","title":{"rendered":"hvorfor og hvordan du ber om CIE"},"content":{"rendered":"<div>\n<div class=\"cp_wrapper cp_wrapper--fw mb-30 mb-20@tablet\">\n<figure class=\"mm\"><picture class=\"img\" style=\"padding-top:56.25%\"><source  media=\"(min-width: 1024px)\"><source  media=\"(min-width: 768px)\"><\/source><\/source><\/picture><\/figure>\n<\/p><\/div>\n<p>Fra <strong>3. august 2026<\/strong> der <strong>papir identitetskort<\/strong> <strong>vil ikke lenger v\u00e6re gyldig<\/strong> i Italia eller i utlandet,<strong> uansett<\/strong> fra datoen for <strong>utl\u00f8p<\/strong>. Dette bekreftes av to rundskriv fra innenriksdepartementet (la<strong> n. 76\/2025<\/strong> og den<strong> n. 8\/2026<\/strong>), der det spesifiseres at fra neste august vil papirdokumentet miste all gyldighet ogs\u00e5 p\u00e5 det nasjonale territoriet, selv om det enn\u00e5 ikke er utl\u00f8pt, og m\u00e5 <strong>erstattet<\/strong> fra en <strong>elektronisk identitetskort (CIE)<\/strong>.<\/p>\n<p>Denne endringen tjener til \u00e5 overholde bestemmelsene i <strong>EU-forordning 2019\/1157<\/strong>som p\u00e5legger alle medlemsland \u00e5 fase ut identitetsdokumenter som ikke er i samsvar med europeiske sikkerhetsstandarder, som ikke garanteres av papiridentitetskort. Til \u00e5 begynne med <strong>det var ikke klart<\/strong> hvis gyldighetens slutt bare gjaldt<strong>bruk til utland<\/strong> eller til og med sirkulasjon p\u00e5 italiensk territorium: tvilen ble deretter l\u00f8st av Department of Public Function, som bekreftet stopp for bruken overalt.<\/p>\n<p>For \u00f8yeblikket er det ikke klart hvor mange papiridentitetsdokumenter som fortsatt er i oml\u00f8p: if\u00f8lge nettstedet til State Polygraphic and Mint Institute, over <strong>61 millioner elektroniske identitetskort<\/strong>av totalt <strong>66 158 714 innbyggere<\/strong> \u2013 hvorav 6 707 264 er bosatt i utlandet \u2013 angitt av folkeregisteret for bosattbefolkningen (oppdatert til 16. april 2026). I f\u00f8lge disse dataene gjenst\u00e5r det derfor fortsatt omtrent 5 millioner papiridentitetskort som skal byttes i l\u00f8pet av de neste 3 m\u00e5nedene.<\/p>\n<p>Nyhetene vil blant annet ogs\u00e5 f\u00e5 ringvirkninger for systemet <strong>SPID digital identitet<\/strong>som i \u00e5rene som kommer gradvis kan bli erstattet av digitale identiteter knyttet til elektroniske identitetskort (CIE).<\/p>\n<h2>Fordi papiridentitetskortet ikke lenger vil v\u00e6re gyldig i Italia eller i utlandet<\/h2>\n<p>Nyheten ble introdusert for \u00e5 f\u00f8lge opp <strong>EU-forordning 2019\/1157<\/strong>if\u00f8lge hvilke identitetskort som ikke overholder minimumssikkerhetsstandardene \u00abopph\u00f8rer \u00e5 v\u00e6re gyldige ved utl\u00f8p eller innen <strong>3. august 2026<\/strong>hvis sistnevnte dato er tidligere.&raquo;<\/p>\n<p>Med <strong>Rundskriv nr. 76\/2025 av oktober 2025,<\/strong> Innenriksdepartementet hadde kommunisert at alle papiridentitetskort vil forbli gyldige eksklusivt til 3. august 2026: deretter kunne de ikke brukes til utsendelse.<\/p>\n<p>P\u00e5 det tidspunktet gjensto det imidlertid en <strong>tvil<\/strong>knyttet til muligheten for<strong> fortsette \u00e5 bruke <\/strong>papirdokumentet inne i <strong>italiensk territorium<\/strong>. P\u00e5 det tidspunktet hadde departementet stilt sp\u00f8rsm\u00e5let til departementet for siviltjeneste, som svarte negativt: \u00e5 opprettholde gyldigheten av papirkort selv bare for internt bruk ville ha <strong>risikerte \u00e5 v\u00e6re i konflikt<\/strong> med sikte p\u00e5 <strong>Regulering<\/strong>og utsetter Italia for risikoen for utfordringer fra EU-kommisjonen.<\/p>\n<p>Forordningen skiller faktisk ikke mellom kort beregnet p\u00e5 internt bruk og kort for utland: den gjelder for <strong>alle<\/strong> identitetskort utstedt til borgere av medlemsstatene, med unntak av forel\u00f8pige dokumenter med en gyldighet p\u00e5 mindre enn seks m\u00e5neder.<\/p>\n<p>Den neste <strong>Rundskriv nr. 8\/2026 fra innenriksdepartementet, <\/strong>publisert 2. februar 2026, bekreftet deretter det som allerede er sagt: fra 3. august 2026 papiridentitetskortet <strong>det vil ikke lenger v\u00e6re brukbart til noe form\u00e5l<\/strong>uavhengig av utl\u00f8psdatoen som er rapportert, ikke engang som et enkelt identifikasjonsdokument p\u00e5 italiensk jord.<\/p>\n<p>Den obligatoriske overgangen til elektroniske identitetskort er <strong>begrunnet av konkrete sikkerhetshensyn<\/strong> og ved en internasjonal harmonisering av anerkjennelsessystemer. CIE integrerer faktisk avanserte beskyttelsesteknologier som ikke bare gj\u00f8r forfalskning vanskeligere, men som ogs\u00e5 gj\u00f8r det mulig \u00e5 fremskynde grensekontrollen takket v\u00e6re MRZ-systemet (<em>Maskinlesbar sone<\/em>). Dette er en del trykket p\u00e5 dokumentet med <strong>maskinlesbare alfanumeriske strenger<\/strong> av elektroniske systemer, som garanterer rask og n\u00f8yaktig kontroll av personopplysninger.<\/p>\n<h2>Hva du skal gj\u00f8re for \u00e5 be om et elektronisk identitetskort<\/h2>\n<p>Men, s\u00e5, hva er det <strong>prosedyre<\/strong> \u00e5 f\u00f8lge<strong> \u00e5 be om<\/strong> det elektroniske identitetskortet? Det nye dokumentet kan rekvireres, etter avtale, p\u00e5 registerkontoret til din bosteds- eller bostedskommune (eller p\u00e5 det utenlandske konsulatet dersom det er statsborgere som bor utenfor Italia). Dokumentene som skal presenteres er ett <strong>passbilde<\/strong> nylig, i papirformat, den <strong>skattekode og det gamle papirbeviset<\/strong> (eller annet gyldig dokument i tilfelle tyveri eller tap).<\/p>\n<p>Kostnaden for det nye dokumentet er ca <strong>\u20ac22,21 <\/strong>(selv om prisen kan variere basert p\u00e5 sekret\u00e6rrettighetene til de enkelte kommunene) betales samme dag for utnevnelsen, mens gyldigheten av CIE vil avhenge av personens alder: spesifikt snakker vi om <strong>3 \u00e5rs gyldighet<\/strong> for mindre\u00e5rige <strong>opptil 3 \u00e5r<\/strong>, <strong>5 \u00e5r<\/strong> for de som har <strong>mellom 3 og 18 \u00e5r<\/strong>, <strong>10 \u00e5r<\/strong> for alle<strong> voksne, <\/strong>med unntak av de over 70 \u00e5r som identitetsdokumentet opph\u00f8rer \u00e5 ha utl\u00f8psdato dersom det utstedes etter 30. juli 2026. N\u00e5r det gjelder mindre\u00e5rige statsborgere, er det ogs\u00e5 n\u00f8dvendig med tilstedev\u00e6relse av begge foreldrene ved avtalen, samt den mindre\u00e5rige selv.<\/p>\n<p>Under utgivelsen av det nye dokumentet vil informasjonen ogs\u00e5 innhentes<strong> eierens fingeravtrykk<\/strong> av identitetskortet, som vil bli bedt om \u00e5 uttrykke en preferanse p\u00e5<strong>mulig donasjon av organer og vev<\/strong> p\u00e5 d\u00f8dstidspunktet. Det nye dokumentet vil ikke bli utgitt umiddelbart, men vi m\u00e5 vente<strong> 6 virkedager<\/strong> for levering: CIE skrives faktisk utelukkende av<strong>Statens trykkeriinstitutt og myntverk<\/strong>som er basert i Roma.<\/p>\n<h2>Sp\u00f8rsm\u00e5let om digital identitet knyttet til CIE<\/h2>\n<p>Med slutten av gyldigheten av papiret identitetskort, en bredere prosess for transformasjon av<strong>digital identitet<\/strong> i Italia. CIE er faktisk ikke bare et fysisk dokument: takket v\u00e6re <strong>NFC mikrobrikke<\/strong> integrert i kortet fungerer det ogs\u00e5 som et digitalt autentiseringsverkt\u00f8y, med tre sikkerhetsniv\u00e5er som ligner p\u00e5 <strong>SPID<\/strong>. Fristen 3. august vil derfor ha direkte virkninger for det offentlige digitale identitetssystemet, som det er ment \u00e5 v\u00e6re <strong>gradvis erstattet av CIE<\/strong> som et enkelt tilgangssystem til digitale tjenester.<\/p>\n<p>Den digitale identiteten knyttet til det elektroniske identitetskortet administreres direkte av staten og er helt gratis i motsetning til SPID, som fra 1. januar 2026 gir en \u00e5rlig avgift ogs\u00e5 for Poste Italiane-brukere, som m\u00e5 betale <strong>6 euro per \u00e5r<\/strong> fra og med andre bruks\u00e5r.<\/p>\n<\/p><\/div>\n","protected":false},"excerpt":{"rendered":"<p>Fra 3. august 2026 der papir identitetskort vil ikke lenger v\u00e6re gyldig i Italia eller<\/p>\n","protected":false},"author":1,"featured_media":17098,"comment_status":"closed","ping_status":"open","sticky":false,"template":"","format":"standard","meta":{"footnotes":""},"categories":[104],"tags":[500,8960,112,101],"class_list":["post-17097","post","type-post","status-publish","format-standard","has-post-thumbnail","hentry","category-samfunn","tag-ber","tag-cie","tag-hvordan","tag-hvorfor","generate-columns","tablet-grid-50","mobile-grid-100","grid-parent","grid-33","resize-featured-image"],"yoast_head":"<!-- This site is optimized with the Yoast SEO plugin v24.4 - https:\/\/yoast.com\/wordpress\/plugins\/seo\/ -->\n<title>hvorfor og hvordan du ber om CIE - Nordnesrepublikken<\/title>\n<meta name=\"robots\" content=\"index, follow, max-snippet:-1, max-image-preview:large, max-video-preview:-1\" \/>\n<link rel=\"canonical\" href=\"https:\/\/nordnesrepublikken.no\/index.php\/2026\/04\/17\/hvorfor-og-hvordan-du-ber-om-cie\/\" \/>\n<meta property=\"og:locale\" content=\"nb_NO\" \/>\n<meta property=\"og:type\" content=\"article\" \/>\n<meta property=\"og:title\" content=\"hvorfor og hvordan du ber om CIE - Nordnesrepublikken\" \/>\n<meta property=\"og:description\" content=\"Fra 3. august 2026 der papir identitetskort vil ikke lenger v\u00e6re gyldig i Italia eller\" \/>\n<meta property=\"og:url\" content=\"https:\/\/nordnesrepublikken.no\/index.php\/2026\/04\/17\/hvorfor-og-hvordan-du-ber-om-cie\/\" \/>\n<meta property=\"og:site_name\" content=\"Nordnesrepublikken\" \/>\n<meta property=\"article:published_time\" content=\"2026-04-17T10:15:55+00:00\" \/>\n<meta property=\"article:modified_time\" content=\"2026-04-17T10:15:59+00:00\" \/>\n<meta property=\"og:image\" content=\"https:\/\/nordnesrepublikken.no\/wp-content\/uploads\/2026\/04\/1776420957_hvorfor-og-hvordan-du-ber-om-CIE-scaled.jpg\" \/>\n\t<meta property=\"og:image:width\" content=\"2560\" \/>\n\t<meta property=\"og:image:height\" content=\"1429\" \/>\n\t<meta property=\"og:image:type\" content=\"image\/jpeg\" \/>\n<meta name=\"author\" content=\"Ole Andersen\" \/>\n<meta name=\"twitter:card\" content=\"summary_large_image\" \/>\n<meta name=\"twitter:label1\" content=\"Skrevet av\" \/>\n\t<meta name=\"twitter:data1\" content=\"Ole Andersen\" \/>\n\t<meta name=\"twitter:label2\" content=\"Ansl. lesetid\" \/>\n\t<meta name=\"twitter:data2\" content=\"4 minutter\" \/>\n<script type=\"application\/ld+json\" class=\"yoast-schema-graph\">{\"@context\":\"https:\/\/schema.org\",\"@graph\":[{\"@type\":\"Article\",\"@id\":\"https:\/\/nordnesrepublikken.no\/index.php\/2026\/04\/17\/hvorfor-og-hvordan-du-ber-om-cie\/#article\",\"isPartOf\":{\"@id\":\"https:\/\/nordnesrepublikken.no\/index.php\/2026\/04\/17\/hvorfor-og-hvordan-du-ber-om-cie\/\"},\"author\":{\"name\":\"Ole Andersen\",\"@id\":\"https:\/\/nordnesrepublikken.no\/#\/schema\/person\/2e7e81935bab77882fffb79296240ff1\"},\"headline\":\"hvorfor og hvordan du ber om CIE\",\"datePublished\":\"2026-04-17T10:15:55+00:00\",\"dateModified\":\"2026-04-17T10:15:59+00:00\",\"mainEntityOfPage\":{\"@id\":\"https:\/\/nordnesrepublikken.no\/index.php\/2026\/04\/17\/hvorfor-og-hvordan-du-ber-om-cie\/\"},\"wordCount\":882,\"publisher\":{\"@id\":\"https:\/\/nordnesrepublikken.no\/#organization\"},\"image\":{\"@id\":\"https:\/\/nordnesrepublikken.no\/index.php\/2026\/04\/17\/hvorfor-og-hvordan-du-ber-om-cie\/#primaryimage\"},\"thumbnailUrl\":\"https:\/\/nordnesrepublikken.no\/wp-content\/uploads\/2026\/04\/1776420957_hvorfor-og-hvordan-du-ber-om-CIE-scaled.jpg\",\"keywords\":[\"ber\",\"CIE\",\"Hvordan\",\"hvorfor\"],\"articleSection\":[\"Samfunn\"],\"inLanguage\":\"nb-NO\"},{\"@type\":\"WebPage\",\"@id\":\"https:\/\/nordnesrepublikken.no\/index.php\/2026\/04\/17\/hvorfor-og-hvordan-du-ber-om-cie\/\",\"url\":\"https:\/\/nordnesrepublikken.no\/index.php\/2026\/04\/17\/hvorfor-og-hvordan-du-ber-om-cie\/\",\"name\":\"hvorfor og hvordan du ber om CIE - Nordnesrepublikken\",\"isPartOf\":{\"@id\":\"https:\/\/nordnesrepublikken.no\/#website\"},\"primaryImageOfPage\":{\"@id\":\"https:\/\/nordnesrepublikken.no\/index.php\/2026\/04\/17\/hvorfor-og-hvordan-du-ber-om-cie\/#primaryimage\"},\"image\":{\"@id\":\"https:\/\/nordnesrepublikken.no\/index.php\/2026\/04\/17\/hvorfor-og-hvordan-du-ber-om-cie\/#primaryimage\"},\"thumbnailUrl\":\"https:\/\/nordnesrepublikken.no\/wp-content\/uploads\/2026\/04\/1776420957_hvorfor-og-hvordan-du-ber-om-CIE-scaled.jpg\",\"datePublished\":\"2026-04-17T10:15:55+00:00\",\"dateModified\":\"2026-04-17T10:15:59+00:00\",\"breadcrumb\":{\"@id\":\"https:\/\/nordnesrepublikken.no\/index.php\/2026\/04\/17\/hvorfor-og-hvordan-du-ber-om-cie\/#breadcrumb\"},\"inLanguage\":\"nb-NO\",\"potentialAction\":[{\"@type\":\"ReadAction\",\"target\":[\"https:\/\/nordnesrepublikken.no\/index.php\/2026\/04\/17\/hvorfor-og-hvordan-du-ber-om-cie\/\"]}]},{\"@type\":\"ImageObject\",\"inLanguage\":\"nb-NO\",\"@id\":\"https:\/\/nordnesrepublikken.no\/index.php\/2026\/04\/17\/hvorfor-og-hvordan-du-ber-om-cie\/#primaryimage\",\"url\":\"https:\/\/nordnesrepublikken.no\/wp-content\/uploads\/2026\/04\/1776420957_hvorfor-og-hvordan-du-ber-om-CIE-scaled.jpg\",\"contentUrl\":\"https:\/\/nordnesrepublikken.no\/wp-content\/uploads\/2026\/04\/1776420957_hvorfor-og-hvordan-du-ber-om-CIE-scaled.jpg\",\"width\":2560,\"height\":1429,\"caption\":\"hvorfor og hvordan du ber om CIE\"},{\"@type\":\"BreadcrumbList\",\"@id\":\"https:\/\/nordnesrepublikken.no\/index.php\/2026\/04\/17\/hvorfor-og-hvordan-du-ber-om-cie\/#breadcrumb\",\"itemListElement\":[{\"@type\":\"ListItem\",\"position\":1,\"name\":\"Home\",\"item\":\"https:\/\/nordnesrepublikken.no\/\"},{\"@type\":\"ListItem\",\"position\":2,\"name\":\"hvorfor og hvordan du ber om CIE\"}]},{\"@type\":\"WebSite\",\"@id\":\"https:\/\/nordnesrepublikken.no\/#website\",\"url\":\"https:\/\/nordnesrepublikken.no\/\",\"name\":\"Nordnesrepublikken\",\"description\":\"Stemmer og Visjoner fra Republikkens Hjerte\",\"publisher\":{\"@id\":\"https:\/\/nordnesrepublikken.no\/#organization\"},\"potentialAction\":[{\"@type\":\"SearchAction\",\"target\":{\"@type\":\"EntryPoint\",\"urlTemplate\":\"https:\/\/nordnesrepublikken.no\/?s={search_term_string}\"},\"query-input\":{\"@type\":\"PropertyValueSpecification\",\"valueRequired\":true,\"valueName\":\"search_term_string\"}}],\"inLanguage\":\"nb-NO\"},{\"@type\":\"Organization\",\"@id\":\"https:\/\/nordnesrepublikken.no\/#organization\",\"name\":\"Nordnesrepublikken\",\"url\":\"https:\/\/nordnesrepublikken.no\/\",\"logo\":{\"@type\":\"ImageObject\",\"inLanguage\":\"nb-NO\",\"@id\":\"https:\/\/nordnesrepublikken.no\/#\/schema\/logo\/image\/\",\"url\":\"https:\/\/nordnesrepublikken.no\/wp-content\/uploads\/2025\/02\/cropped-nordnesrepublikken-2.png\",\"contentUrl\":\"https:\/\/nordnesrepublikken.no\/wp-content\/uploads\/2025\/02\/cropped-nordnesrepublikken-2.png\",\"width\":1248,\"height\":362,\"caption\":\"Nordnesrepublikken\"},\"image\":{\"@id\":\"https:\/\/nordnesrepublikken.no\/#\/schema\/logo\/image\/\"}},{\"@type\":\"Person\",\"@id\":\"https:\/\/nordnesrepublikken.no\/#\/schema\/person\/2e7e81935bab77882fffb79296240ff1\",\"name\":\"Ole Andersen\",\"image\":{\"@type\":\"ImageObject\",\"inLanguage\":\"nb-NO\",\"@id\":\"https:\/\/nordnesrepublikken.no\/#\/schema\/person\/image\/\",\"url\":\"https:\/\/nordnesrepublikken.no\/wp-content\/uploads\/2025\/02\/nordnesrepublikken-2-2-150x150.jpg\",\"contentUrl\":\"https:\/\/nordnesrepublikken.no\/wp-content\/uploads\/2025\/02\/nordnesrepublikken-2-2-150x150.jpg\",\"caption\":\"Ole Andersen\"},\"description\":\"Ettersom jeg vokste opp i Oslo, har jeg alltid v\u00e6rt fascinert av ordenes kraft og deres evne til \u00e5 skape endringer. Etter \u00e5 ha fullf\u00f8rt min utdannelse i kommunikasjon ved Universitetet i Bergen, fikk jeg muligheten til \u00e5 jobbe innen ulike medier, der jeg har s\u00f8kt \u00e5 belyse viktige samfunnssp\u00f8rsm\u00e5l. I dag, som redakt\u00f8r for Nordnesrepublikken, pr\u00f8ver jeg \u00e5 forene min kj\u00e6rlighet for journalistikk med min lidenskap for innovasjon og eventyr.\",\"sameAs\":[\"https:\/\/nordnesrepublikken.no\/\"]}]}<\/script>\n<!-- \/ Yoast SEO plugin. -->","yoast_head_json":{"title":"hvorfor og hvordan du ber om CIE - Nordnesrepublikken","robots":{"index":"index","follow":"follow","max-snippet":"max-snippet:-1","max-image-preview":"max-image-preview:large","max-video-preview":"max-video-preview:-1"},"canonical":"https:\/\/nordnesrepublikken.no\/index.php\/2026\/04\/17\/hvorfor-og-hvordan-du-ber-om-cie\/","og_locale":"nb_NO","og_type":"article","og_title":"hvorfor og hvordan du ber om CIE - Nordnesrepublikken","og_description":"Fra 3. august 2026 der papir identitetskort vil ikke lenger v\u00e6re gyldig i Italia eller","og_url":"https:\/\/nordnesrepublikken.no\/index.php\/2026\/04\/17\/hvorfor-og-hvordan-du-ber-om-cie\/","og_site_name":"Nordnesrepublikken","article_published_time":"2026-04-17T10:15:55+00:00","article_modified_time":"2026-04-17T10:15:59+00:00","og_image":[{"width":2560,"height":1429,"url":"https:\/\/nordnesrepublikken.no\/wp-content\/uploads\/2026\/04\/1776420957_hvorfor-og-hvordan-du-ber-om-CIE-scaled.jpg","type":"image\/jpeg"}],"author":"Ole Andersen","twitter_card":"summary_large_image","twitter_misc":{"Skrevet av":"Ole Andersen","Ansl. lesetid":"4 minutter"},"schema":{"@context":"https:\/\/schema.org","@graph":[{"@type":"Article","@id":"https:\/\/nordnesrepublikken.no\/index.php\/2026\/04\/17\/hvorfor-og-hvordan-du-ber-om-cie\/#article","isPartOf":{"@id":"https:\/\/nordnesrepublikken.no\/index.php\/2026\/04\/17\/hvorfor-og-hvordan-du-ber-om-cie\/"},"author":{"name":"Ole Andersen","@id":"https:\/\/nordnesrepublikken.no\/#\/schema\/person\/2e7e81935bab77882fffb79296240ff1"},"headline":"hvorfor og hvordan du ber om CIE","datePublished":"2026-04-17T10:15:55+00:00","dateModified":"2026-04-17T10:15:59+00:00","mainEntityOfPage":{"@id":"https:\/\/nordnesrepublikken.no\/index.php\/2026\/04\/17\/hvorfor-og-hvordan-du-ber-om-cie\/"},"wordCount":882,"publisher":{"@id":"https:\/\/nordnesrepublikken.no\/#organization"},"image":{"@id":"https:\/\/nordnesrepublikken.no\/index.php\/2026\/04\/17\/hvorfor-og-hvordan-du-ber-om-cie\/#primaryimage"},"thumbnailUrl":"https:\/\/nordnesrepublikken.no\/wp-content\/uploads\/2026\/04\/1776420957_hvorfor-og-hvordan-du-ber-om-CIE-scaled.jpg","keywords":["ber","CIE","Hvordan","hvorfor"],"articleSection":["Samfunn"],"inLanguage":"nb-NO"},{"@type":"WebPage","@id":"https:\/\/nordnesrepublikken.no\/index.php\/2026\/04\/17\/hvorfor-og-hvordan-du-ber-om-cie\/","url":"https:\/\/nordnesrepublikken.no\/index.php\/2026\/04\/17\/hvorfor-og-hvordan-du-ber-om-cie\/","name":"hvorfor og hvordan du ber om CIE - Nordnesrepublikken","isPartOf":{"@id":"https:\/\/nordnesrepublikken.no\/#website"},"primaryImageOfPage":{"@id":"https:\/\/nordnesrepublikken.no\/index.php\/2026\/04\/17\/hvorfor-og-hvordan-du-ber-om-cie\/#primaryimage"},"image":{"@id":"https:\/\/nordnesrepublikken.no\/index.php\/2026\/04\/17\/hvorfor-og-hvordan-du-ber-om-cie\/#primaryimage"},"thumbnailUrl":"https:\/\/nordnesrepublikken.no\/wp-content\/uploads\/2026\/04\/1776420957_hvorfor-og-hvordan-du-ber-om-CIE-scaled.jpg","datePublished":"2026-04-17T10:15:55+00:00","dateModified":"2026-04-17T10:15:59+00:00","breadcrumb":{"@id":"https:\/\/nordnesrepublikken.no\/index.php\/2026\/04\/17\/hvorfor-og-hvordan-du-ber-om-cie\/#breadcrumb"},"inLanguage":"nb-NO","potentialAction":[{"@type":"ReadAction","target":["https:\/\/nordnesrepublikken.no\/index.php\/2026\/04\/17\/hvorfor-og-hvordan-du-ber-om-cie\/"]}]},{"@type":"ImageObject","inLanguage":"nb-NO","@id":"https:\/\/nordnesrepublikken.no\/index.php\/2026\/04\/17\/hvorfor-og-hvordan-du-ber-om-cie\/#primaryimage","url":"https:\/\/nordnesrepublikken.no\/wp-content\/uploads\/2026\/04\/1776420957_hvorfor-og-hvordan-du-ber-om-CIE-scaled.jpg","contentUrl":"https:\/\/nordnesrepublikken.no\/wp-content\/uploads\/2026\/04\/1776420957_hvorfor-og-hvordan-du-ber-om-CIE-scaled.jpg","width":2560,"height":1429,"caption":"hvorfor og hvordan du ber om CIE"},{"@type":"BreadcrumbList","@id":"https:\/\/nordnesrepublikken.no\/index.php\/2026\/04\/17\/hvorfor-og-hvordan-du-ber-om-cie\/#breadcrumb","itemListElement":[{"@type":"ListItem","position":1,"name":"Home","item":"https:\/\/nordnesrepublikken.no\/"},{"@type":"ListItem","position":2,"name":"hvorfor og hvordan du ber om CIE"}]},{"@type":"WebSite","@id":"https:\/\/nordnesrepublikken.no\/#website","url":"https:\/\/nordnesrepublikken.no\/","name":"Nordnesrepublikken","description":"Stemmer og Visjoner fra Republikkens Hjerte","publisher":{"@id":"https:\/\/nordnesrepublikken.no\/#organization"},"potentialAction":[{"@type":"SearchAction","target":{"@type":"EntryPoint","urlTemplate":"https:\/\/nordnesrepublikken.no\/?s={search_term_string}"},"query-input":{"@type":"PropertyValueSpecification","valueRequired":true,"valueName":"search_term_string"}}],"inLanguage":"nb-NO"},{"@type":"Organization","@id":"https:\/\/nordnesrepublikken.no\/#organization","name":"Nordnesrepublikken","url":"https:\/\/nordnesrepublikken.no\/","logo":{"@type":"ImageObject","inLanguage":"nb-NO","@id":"https:\/\/nordnesrepublikken.no\/#\/schema\/logo\/image\/","url":"https:\/\/nordnesrepublikken.no\/wp-content\/uploads\/2025\/02\/cropped-nordnesrepublikken-2.png","contentUrl":"https:\/\/nordnesrepublikken.no\/wp-content\/uploads\/2025\/02\/cropped-nordnesrepublikken-2.png","width":1248,"height":362,"caption":"Nordnesrepublikken"},"image":{"@id":"https:\/\/nordnesrepublikken.no\/#\/schema\/logo\/image\/"}},{"@type":"Person","@id":"https:\/\/nordnesrepublikken.no\/#\/schema\/person\/2e7e81935bab77882fffb79296240ff1","name":"Ole Andersen","image":{"@type":"ImageObject","inLanguage":"nb-NO","@id":"https:\/\/nordnesrepublikken.no\/#\/schema\/person\/image\/","url":"https:\/\/nordnesrepublikken.no\/wp-content\/uploads\/2025\/02\/nordnesrepublikken-2-2-150x150.jpg","contentUrl":"https:\/\/nordnesrepublikken.no\/wp-content\/uploads\/2025\/02\/nordnesrepublikken-2-2-150x150.jpg","caption":"Ole Andersen"},"description":"Ettersom jeg vokste opp i Oslo, har jeg alltid v\u00e6rt fascinert av ordenes kraft og deres evne til \u00e5 skape endringer. Etter \u00e5 ha fullf\u00f8rt min utdannelse i kommunikasjon ved Universitetet i Bergen, fikk jeg muligheten til \u00e5 jobbe innen ulike medier, der jeg har s\u00f8kt \u00e5 belyse viktige samfunnssp\u00f8rsm\u00e5l. I dag, som redakt\u00f8r for Nordnesrepublikken, pr\u00f8ver jeg \u00e5 forene min kj\u00e6rlighet for journalistikk med min lidenskap for innovasjon og eventyr.","sameAs":["https:\/\/nordnesrepublikken.no\/"]}]}},"_links":{"self":[{"href":"https:\/\/nordnesrepublikken.no\/index.php\/wp-json\/wp\/v2\/posts\/17097","targetHints":{"allow":["GET"]}}],"collection":[{"href":"https:\/\/nordnesrepublikken.no\/index.php\/wp-json\/wp\/v2\/posts"}],"about":[{"href":"https:\/\/nordnesrepublikken.no\/index.php\/wp-json\/wp\/v2\/types\/post"}],"author":[{"embeddable":true,"href":"https:\/\/nordnesrepublikken.no\/index.php\/wp-json\/wp\/v2\/users\/1"}],"replies":[{"embeddable":true,"href":"https:\/\/nordnesrepublikken.no\/index.php\/wp-json\/wp\/v2\/comments?post=17097"}],"version-history":[{"count":1,"href":"https:\/\/nordnesrepublikken.no\/index.php\/wp-json\/wp\/v2\/posts\/17097\/revisions"}],"predecessor-version":[{"id":17099,"href":"https:\/\/nordnesrepublikken.no\/index.php\/wp-json\/wp\/v2\/posts\/17097\/revisions\/17099"}],"wp:featuredmedia":[{"embeddable":true,"href":"https:\/\/nordnesrepublikken.no\/index.php\/wp-json\/wp\/v2\/media\/17098"}],"wp:attachment":[{"href":"https:\/\/nordnesrepublikken.no\/index.php\/wp-json\/wp\/v2\/media?parent=17097"}],"wp:term":[{"taxonomy":"category","embeddable":true,"href":"https:\/\/nordnesrepublikken.no\/index.php\/wp-json\/wp\/v2\/categories?post=17097"},{"taxonomy":"post_tag","embeddable":true,"href":"https:\/\/nordnesrepublikken.no\/index.php\/wp-json\/wp\/v2\/tags?post=17097"}],"curies":[{"name":"wp","href":"https:\/\/api.w.org\/{rel}","templated":true}]}}