{"id":17094,"date":"2026-04-17T11:14:46","date_gmt":"2026-04-17T09:14:46","guid":{"rendered":"https:\/\/nordnesrepublikken.no\/index.php\/2026\/04\/17\/overtroen-pa-fredag-den-17-som-en-uheldig-dag-opprinnelse-og-mening\/"},"modified":"2026-04-17T11:14:49","modified_gmt":"2026-04-17T09:14:49","slug":"overtroen-pa-fredag-den-17-som-en-uheldig-dag-opprinnelse-og-mening","status":"publish","type":"post","link":"https:\/\/nordnesrepublikken.no\/index.php\/2026\/04\/17\/overtroen-pa-fredag-den-17-som-en-uheldig-dag-opprinnelse-og-mening\/","title":{"rendered":"Overtroen p\u00e5 fredag \u200b\u200bden 17. som en uheldig dag: opprinnelse og mening"},"content":{"rendered":"<div>\n<div class=\"cp_wrapper cp_wrapper--fw mb-30 mb-20@tablet\">\n<figure class=\"mm\"><picture class=\"img\" style=\"padding-top:56.25%\"><source  media=\"(min-width: 1024px)\"><source  media=\"(min-width: 768px)\"><\/source><\/source><\/picture><\/figure>\n<\/p><\/div>\n<p>I mange land rundt om i verden anses dagen som uheldig <strong>Fredag \u200b\u200b13<\/strong>. I Italia er det imidlertid det <strong>fredag \u200b\u200b17<\/strong>. Overtroen stammer delvis fra den kristne tradisjonen (fredag \u200b\u200bregnes som dagen da Kristus d\u00f8de p\u00e5 korset), men har sine r\u00f8tter allerede i det gamle Romas tid, da fobien for tallet 17 (som ogs\u00e5 har et navn, <strong>heptacaidekafobi<\/strong>).<\/p>\n<p>Selv om den 17. nok ikke ble godt mottatt allerede <strong>Pythagoras<\/strong> (med sin hengivenhet til tall, ser det ut til at han ikke godt kunne bed\u00f8mme et primtall mellom to &laquo;perfekte&raquo; tall, dvs. 16 og 18), kom assosiasjonen av tallet 17 til uflaks definitivt inn i v\u00e5r kollektive fantasi i romertiden. \u00c5rsaken er at &laquo;17&raquo; ble skrevet med romertall <strong>XVII<\/strong>hvis anagram er <strong>vixi<\/strong>det vil si &laquo;Jeg levde&raquo;, i betydningen: &laquo;Jeg d\u00f8de&raquo;. \u201cVixi\u201d var et begravelsesuttrykk p\u00e5 den tiden, og det tok ikke lang tid f\u00f8r det ble assosiert med 17, og f\u00f8lgelig ble det d\u00e5rlige tallet ansett som en varsler om ulykke.<\/p>\n<p>Overtroen knyttet til 17 forble ogs\u00e5 i den kristne tid. Det var p\u00e5 den tiden den ondskapsfulle makten til det 17. ble assosiert med <strong>fredag<\/strong>betraktet av tradisjonen som <strong>dagen for Jesu korsfestelse<\/strong>. I \u00e5rhundrer ble det ansett som et d\u00e5rlig tegn \u00e5 legge ut p\u00e5 en reise, avslutte en avtale eller starte noe nytt p\u00e5 en fredag. Den negative verdien av fredag \u200b\u200bendte opp med \u00e5 m\u00f8te den 17. for \u00e5 gi opphav til overtroen, som fortsatt lever i dag, at fredag \u200b\u200bden 17. er en uheldig dato.<\/p>\n<p>Hvis den uheldige dagen par excellence i Italia er fredag \u200b\u200bden 17., i de fleste angelsaksiske land (og p\u00e5 grunn av kulturell p\u00e5virkning, i en stor del av verden) er den fryktede dagen i stedet <strong>Fredag \u200b\u200b13<\/strong>. Den 13 ble ansett som uheldig allerede i antikken, sannsynligvis p\u00e5 grunn av tilknytning til <strong>antall deltakere p\u00e5 Nattverden<\/strong> (Jesus og de 12 apostlene). Hypotesen har nylig festet seg om at fobien for tallet 13 ville blitt utkrystallisert av det faktum at arrestasjonen av tempelridderne fant sted fredag \u200b\u200bden 13. (13. oktober 1307), men absolutt fobien for tallet 13 (ogs\u00e5 dette har et navn, triscaidekafobi) har allerede eksistert f\u00f8r: spor av det kan allerede finnes i min norske historie.<\/p>\n<\/p><\/div>\n","protected":false},"excerpt":{"rendered":"<p>I mange land rundt om i verden anses dagen som uheldig Fredag \u200b\u200b13. I Italia<\/p>\n","protected":false},"author":1,"featured_media":17095,"comment_status":"closed","ping_status":"open","sticky":false,"template":"","format":"standard","meta":{"footnotes":""},"categories":[104],"tags":[568,74,11041,7122,1480,11040,81,31,11042],"class_list":["post-17094","post","type-post","status-publish","format-standard","has-post-thumbnail","hentry","category-samfunn","tag-dag","tag-den","tag-fredag","tag-mening","tag-opprinnelse","tag-overtroen","tag-pa","tag-som","tag-uheldig","generate-columns","tablet-grid-50","mobile-grid-100","grid-parent","grid-33","resize-featured-image"],"yoast_head":"<!-- This site is optimized with the Yoast SEO plugin v24.4 - https:\/\/yoast.com\/wordpress\/plugins\/seo\/ -->\n<title>Overtroen p\u00e5 fredag \u200b\u200bden 17. som en uheldig dag: opprinnelse og mening - Nordnesrepublikken<\/title>\n<meta name=\"robots\" content=\"index, follow, max-snippet:-1, max-image-preview:large, max-video-preview:-1\" \/>\n<link rel=\"canonical\" href=\"https:\/\/nordnesrepublikken.no\/index.php\/2026\/04\/17\/overtroen-pa-fredag-den-17-som-en-uheldig-dag-opprinnelse-og-mening\/\" \/>\n<meta property=\"og:locale\" content=\"nb_NO\" \/>\n<meta property=\"og:type\" content=\"article\" \/>\n<meta property=\"og:title\" content=\"Overtroen p\u00e5 fredag \u200b\u200bden 17. som en uheldig dag: opprinnelse og mening - Nordnesrepublikken\" \/>\n<meta property=\"og:description\" content=\"I mange land rundt om i verden anses dagen som uheldig Fredag \u200b\u200b13. I Italia\" \/>\n<meta property=\"og:url\" content=\"https:\/\/nordnesrepublikken.no\/index.php\/2026\/04\/17\/overtroen-pa-fredag-den-17-som-en-uheldig-dag-opprinnelse-og-mening\/\" \/>\n<meta property=\"og:site_name\" content=\"Nordnesrepublikken\" \/>\n<meta property=\"article:published_time\" content=\"2026-04-17T09:14:46+00:00\" \/>\n<meta property=\"article:modified_time\" content=\"2026-04-17T09:14:49+00:00\" \/>\n<meta property=\"og:image\" content=\"https:\/\/nordnesrepublikken.no\/wp-content\/uploads\/2026\/04\/1776417287_Overtroen-pa-fredag-\u200b\u200bden-17-som-en-uheldig-dag-opprinnelse-scaled.jpg\" \/>\n\t<meta property=\"og:image:width\" content=\"2560\" \/>\n\t<meta property=\"og:image:height\" content=\"1429\" \/>\n\t<meta property=\"og:image:type\" content=\"image\/jpeg\" \/>\n<meta name=\"author\" content=\"Ole Andersen\" \/>\n<meta name=\"twitter:card\" content=\"summary_large_image\" \/>\n<meta name=\"twitter:label1\" content=\"Skrevet av\" \/>\n\t<meta name=\"twitter:data1\" content=\"Ole Andersen\" \/>\n\t<meta name=\"twitter:label2\" content=\"Ansl. lesetid\" \/>\n\t<meta name=\"twitter:data2\" content=\"2 minutter\" \/>\n<script type=\"application\/ld+json\" class=\"yoast-schema-graph\">{\"@context\":\"https:\/\/schema.org\",\"@graph\":[{\"@type\":\"Article\",\"@id\":\"https:\/\/nordnesrepublikken.no\/index.php\/2026\/04\/17\/overtroen-pa-fredag-den-17-som-en-uheldig-dag-opprinnelse-og-mening\/#article\",\"isPartOf\":{\"@id\":\"https:\/\/nordnesrepublikken.no\/index.php\/2026\/04\/17\/overtroen-pa-fredag-den-17-som-en-uheldig-dag-opprinnelse-og-mening\/\"},\"author\":{\"name\":\"Ole Andersen\",\"@id\":\"https:\/\/nordnesrepublikken.no\/#\/schema\/person\/2e7e81935bab77882fffb79296240ff1\"},\"headline\":\"Overtroen p\u00e5 fredag \u200b\u200bden 17. som en uheldig dag: opprinnelse og mening\",\"datePublished\":\"2026-04-17T09:14:46+00:00\",\"dateModified\":\"2026-04-17T09:14:49+00:00\",\"mainEntityOfPage\":{\"@id\":\"https:\/\/nordnesrepublikken.no\/index.php\/2026\/04\/17\/overtroen-pa-fredag-den-17-som-en-uheldig-dag-opprinnelse-og-mening\/\"},\"wordCount\":362,\"publisher\":{\"@id\":\"https:\/\/nordnesrepublikken.no\/#organization\"},\"image\":{\"@id\":\"https:\/\/nordnesrepublikken.no\/index.php\/2026\/04\/17\/overtroen-pa-fredag-den-17-som-en-uheldig-dag-opprinnelse-og-mening\/#primaryimage\"},\"thumbnailUrl\":\"https:\/\/nordnesrepublikken.no\/wp-content\/uploads\/2026\/04\/1776417287_Overtroen-pa-fredag-\u200b\u200bden-17-som-en-uheldig-dag-opprinnelse-scaled.jpg\",\"keywords\":[\"dag\",\"den\",\"fredag\",\"mening\",\"Opprinnelse\",\"Overtroen\",\"p\u00e5\",\"som\",\"uheldig\"],\"articleSection\":[\"Samfunn\"],\"inLanguage\":\"nb-NO\"},{\"@type\":\"WebPage\",\"@id\":\"https:\/\/nordnesrepublikken.no\/index.php\/2026\/04\/17\/overtroen-pa-fredag-den-17-som-en-uheldig-dag-opprinnelse-og-mening\/\",\"url\":\"https:\/\/nordnesrepublikken.no\/index.php\/2026\/04\/17\/overtroen-pa-fredag-den-17-som-en-uheldig-dag-opprinnelse-og-mening\/\",\"name\":\"Overtroen p\u00e5 fredag \u200b\u200bden 17. som en uheldig dag: opprinnelse og mening - Nordnesrepublikken\",\"isPartOf\":{\"@id\":\"https:\/\/nordnesrepublikken.no\/#website\"},\"primaryImageOfPage\":{\"@id\":\"https:\/\/nordnesrepublikken.no\/index.php\/2026\/04\/17\/overtroen-pa-fredag-den-17-som-en-uheldig-dag-opprinnelse-og-mening\/#primaryimage\"},\"image\":{\"@id\":\"https:\/\/nordnesrepublikken.no\/index.php\/2026\/04\/17\/overtroen-pa-fredag-den-17-som-en-uheldig-dag-opprinnelse-og-mening\/#primaryimage\"},\"thumbnailUrl\":\"https:\/\/nordnesrepublikken.no\/wp-content\/uploads\/2026\/04\/1776417287_Overtroen-pa-fredag-\u200b\u200bden-17-som-en-uheldig-dag-opprinnelse-scaled.jpg\",\"datePublished\":\"2026-04-17T09:14:46+00:00\",\"dateModified\":\"2026-04-17T09:14:49+00:00\",\"breadcrumb\":{\"@id\":\"https:\/\/nordnesrepublikken.no\/index.php\/2026\/04\/17\/overtroen-pa-fredag-den-17-som-en-uheldig-dag-opprinnelse-og-mening\/#breadcrumb\"},\"inLanguage\":\"nb-NO\",\"potentialAction\":[{\"@type\":\"ReadAction\",\"target\":[\"https:\/\/nordnesrepublikken.no\/index.php\/2026\/04\/17\/overtroen-pa-fredag-den-17-som-en-uheldig-dag-opprinnelse-og-mening\/\"]}]},{\"@type\":\"ImageObject\",\"inLanguage\":\"nb-NO\",\"@id\":\"https:\/\/nordnesrepublikken.no\/index.php\/2026\/04\/17\/overtroen-pa-fredag-den-17-som-en-uheldig-dag-opprinnelse-og-mening\/#primaryimage\",\"url\":\"https:\/\/nordnesrepublikken.no\/wp-content\/uploads\/2026\/04\/1776417287_Overtroen-pa-fredag-\u200b\u200bden-17-som-en-uheldig-dag-opprinnelse-scaled.jpg\",\"contentUrl\":\"https:\/\/nordnesrepublikken.no\/wp-content\/uploads\/2026\/04\/1776417287_Overtroen-pa-fredag-\u200b\u200bden-17-som-en-uheldig-dag-opprinnelse-scaled.jpg\",\"width\":2560,\"height\":1429,\"caption\":\"Overtroen p\u00e5 fredag \u200b\u200bden 17. som en uheldig dag: opprinnelse og mening\"},{\"@type\":\"BreadcrumbList\",\"@id\":\"https:\/\/nordnesrepublikken.no\/index.php\/2026\/04\/17\/overtroen-pa-fredag-den-17-som-en-uheldig-dag-opprinnelse-og-mening\/#breadcrumb\",\"itemListElement\":[{\"@type\":\"ListItem\",\"position\":1,\"name\":\"Home\",\"item\":\"https:\/\/nordnesrepublikken.no\/\"},{\"@type\":\"ListItem\",\"position\":2,\"name\":\"Overtroen p\u00e5 fredag \u200b\u200bden 17. som en uheldig dag: opprinnelse og mening\"}]},{\"@type\":\"WebSite\",\"@id\":\"https:\/\/nordnesrepublikken.no\/#website\",\"url\":\"https:\/\/nordnesrepublikken.no\/\",\"name\":\"Nordnesrepublikken\",\"description\":\"Stemmer og Visjoner fra Republikkens Hjerte\",\"publisher\":{\"@id\":\"https:\/\/nordnesrepublikken.no\/#organization\"},\"potentialAction\":[{\"@type\":\"SearchAction\",\"target\":{\"@type\":\"EntryPoint\",\"urlTemplate\":\"https:\/\/nordnesrepublikken.no\/?s={search_term_string}\"},\"query-input\":{\"@type\":\"PropertyValueSpecification\",\"valueRequired\":true,\"valueName\":\"search_term_string\"}}],\"inLanguage\":\"nb-NO\"},{\"@type\":\"Organization\",\"@id\":\"https:\/\/nordnesrepublikken.no\/#organization\",\"name\":\"Nordnesrepublikken\",\"url\":\"https:\/\/nordnesrepublikken.no\/\",\"logo\":{\"@type\":\"ImageObject\",\"inLanguage\":\"nb-NO\",\"@id\":\"https:\/\/nordnesrepublikken.no\/#\/schema\/logo\/image\/\",\"url\":\"https:\/\/nordnesrepublikken.no\/wp-content\/uploads\/2025\/02\/cropped-nordnesrepublikken-2.png\",\"contentUrl\":\"https:\/\/nordnesrepublikken.no\/wp-content\/uploads\/2025\/02\/cropped-nordnesrepublikken-2.png\",\"width\":1248,\"height\":362,\"caption\":\"Nordnesrepublikken\"},\"image\":{\"@id\":\"https:\/\/nordnesrepublikken.no\/#\/schema\/logo\/image\/\"}},{\"@type\":\"Person\",\"@id\":\"https:\/\/nordnesrepublikken.no\/#\/schema\/person\/2e7e81935bab77882fffb79296240ff1\",\"name\":\"Ole Andersen\",\"image\":{\"@type\":\"ImageObject\",\"inLanguage\":\"nb-NO\",\"@id\":\"https:\/\/nordnesrepublikken.no\/#\/schema\/person\/image\/\",\"url\":\"https:\/\/nordnesrepublikken.no\/wp-content\/uploads\/2025\/02\/nordnesrepublikken-2-2-150x150.jpg\",\"contentUrl\":\"https:\/\/nordnesrepublikken.no\/wp-content\/uploads\/2025\/02\/nordnesrepublikken-2-2-150x150.jpg\",\"caption\":\"Ole Andersen\"},\"description\":\"Ettersom jeg vokste opp i Oslo, har jeg alltid v\u00e6rt fascinert av ordenes kraft og deres evne til \u00e5 skape endringer. Etter \u00e5 ha fullf\u00f8rt min utdannelse i kommunikasjon ved Universitetet i Bergen, fikk jeg muligheten til \u00e5 jobbe innen ulike medier, der jeg har s\u00f8kt \u00e5 belyse viktige samfunnssp\u00f8rsm\u00e5l. I dag, som redakt\u00f8r for Nordnesrepublikken, pr\u00f8ver jeg \u00e5 forene min kj\u00e6rlighet for journalistikk med min lidenskap for innovasjon og eventyr.\",\"sameAs\":[\"https:\/\/nordnesrepublikken.no\/\"]}]}<\/script>\n<!-- \/ Yoast SEO plugin. -->","yoast_head_json":{"title":"Overtroen p\u00e5 fredag \u200b\u200bden 17. som en uheldig dag: opprinnelse og mening - Nordnesrepublikken","robots":{"index":"index","follow":"follow","max-snippet":"max-snippet:-1","max-image-preview":"max-image-preview:large","max-video-preview":"max-video-preview:-1"},"canonical":"https:\/\/nordnesrepublikken.no\/index.php\/2026\/04\/17\/overtroen-pa-fredag-den-17-som-en-uheldig-dag-opprinnelse-og-mening\/","og_locale":"nb_NO","og_type":"article","og_title":"Overtroen p\u00e5 fredag \u200b\u200bden 17. som en uheldig dag: opprinnelse og mening - Nordnesrepublikken","og_description":"I mange land rundt om i verden anses dagen som uheldig Fredag \u200b\u200b13. I Italia","og_url":"https:\/\/nordnesrepublikken.no\/index.php\/2026\/04\/17\/overtroen-pa-fredag-den-17-som-en-uheldig-dag-opprinnelse-og-mening\/","og_site_name":"Nordnesrepublikken","article_published_time":"2026-04-17T09:14:46+00:00","article_modified_time":"2026-04-17T09:14:49+00:00","og_image":[{"width":2560,"height":1429,"url":"https:\/\/nordnesrepublikken.no\/wp-content\/uploads\/2026\/04\/1776417287_Overtroen-pa-fredag-\u200b\u200bden-17-som-en-uheldig-dag-opprinnelse-scaled.jpg","type":"image\/jpeg"}],"author":"Ole Andersen","twitter_card":"summary_large_image","twitter_misc":{"Skrevet av":"Ole Andersen","Ansl. lesetid":"2 minutter"},"schema":{"@context":"https:\/\/schema.org","@graph":[{"@type":"Article","@id":"https:\/\/nordnesrepublikken.no\/index.php\/2026\/04\/17\/overtroen-pa-fredag-den-17-som-en-uheldig-dag-opprinnelse-og-mening\/#article","isPartOf":{"@id":"https:\/\/nordnesrepublikken.no\/index.php\/2026\/04\/17\/overtroen-pa-fredag-den-17-som-en-uheldig-dag-opprinnelse-og-mening\/"},"author":{"name":"Ole Andersen","@id":"https:\/\/nordnesrepublikken.no\/#\/schema\/person\/2e7e81935bab77882fffb79296240ff1"},"headline":"Overtroen p\u00e5 fredag \u200b\u200bden 17. som en uheldig dag: opprinnelse og mening","datePublished":"2026-04-17T09:14:46+00:00","dateModified":"2026-04-17T09:14:49+00:00","mainEntityOfPage":{"@id":"https:\/\/nordnesrepublikken.no\/index.php\/2026\/04\/17\/overtroen-pa-fredag-den-17-som-en-uheldig-dag-opprinnelse-og-mening\/"},"wordCount":362,"publisher":{"@id":"https:\/\/nordnesrepublikken.no\/#organization"},"image":{"@id":"https:\/\/nordnesrepublikken.no\/index.php\/2026\/04\/17\/overtroen-pa-fredag-den-17-som-en-uheldig-dag-opprinnelse-og-mening\/#primaryimage"},"thumbnailUrl":"https:\/\/nordnesrepublikken.no\/wp-content\/uploads\/2026\/04\/1776417287_Overtroen-pa-fredag-\u200b\u200bden-17-som-en-uheldig-dag-opprinnelse-scaled.jpg","keywords":["dag","den","fredag","mening","Opprinnelse","Overtroen","p\u00e5","som","uheldig"],"articleSection":["Samfunn"],"inLanguage":"nb-NO"},{"@type":"WebPage","@id":"https:\/\/nordnesrepublikken.no\/index.php\/2026\/04\/17\/overtroen-pa-fredag-den-17-som-en-uheldig-dag-opprinnelse-og-mening\/","url":"https:\/\/nordnesrepublikken.no\/index.php\/2026\/04\/17\/overtroen-pa-fredag-den-17-som-en-uheldig-dag-opprinnelse-og-mening\/","name":"Overtroen p\u00e5 fredag \u200b\u200bden 17. som en uheldig dag: opprinnelse og mening - Nordnesrepublikken","isPartOf":{"@id":"https:\/\/nordnesrepublikken.no\/#website"},"primaryImageOfPage":{"@id":"https:\/\/nordnesrepublikken.no\/index.php\/2026\/04\/17\/overtroen-pa-fredag-den-17-som-en-uheldig-dag-opprinnelse-og-mening\/#primaryimage"},"image":{"@id":"https:\/\/nordnesrepublikken.no\/index.php\/2026\/04\/17\/overtroen-pa-fredag-den-17-som-en-uheldig-dag-opprinnelse-og-mening\/#primaryimage"},"thumbnailUrl":"https:\/\/nordnesrepublikken.no\/wp-content\/uploads\/2026\/04\/1776417287_Overtroen-pa-fredag-\u200b\u200bden-17-som-en-uheldig-dag-opprinnelse-scaled.jpg","datePublished":"2026-04-17T09:14:46+00:00","dateModified":"2026-04-17T09:14:49+00:00","breadcrumb":{"@id":"https:\/\/nordnesrepublikken.no\/index.php\/2026\/04\/17\/overtroen-pa-fredag-den-17-som-en-uheldig-dag-opprinnelse-og-mening\/#breadcrumb"},"inLanguage":"nb-NO","potentialAction":[{"@type":"ReadAction","target":["https:\/\/nordnesrepublikken.no\/index.php\/2026\/04\/17\/overtroen-pa-fredag-den-17-som-en-uheldig-dag-opprinnelse-og-mening\/"]}]},{"@type":"ImageObject","inLanguage":"nb-NO","@id":"https:\/\/nordnesrepublikken.no\/index.php\/2026\/04\/17\/overtroen-pa-fredag-den-17-som-en-uheldig-dag-opprinnelse-og-mening\/#primaryimage","url":"https:\/\/nordnesrepublikken.no\/wp-content\/uploads\/2026\/04\/1776417287_Overtroen-pa-fredag-\u200b\u200bden-17-som-en-uheldig-dag-opprinnelse-scaled.jpg","contentUrl":"https:\/\/nordnesrepublikken.no\/wp-content\/uploads\/2026\/04\/1776417287_Overtroen-pa-fredag-\u200b\u200bden-17-som-en-uheldig-dag-opprinnelse-scaled.jpg","width":2560,"height":1429,"caption":"Overtroen p\u00e5 fredag \u200b\u200bden 17. som en uheldig dag: opprinnelse og mening"},{"@type":"BreadcrumbList","@id":"https:\/\/nordnesrepublikken.no\/index.php\/2026\/04\/17\/overtroen-pa-fredag-den-17-som-en-uheldig-dag-opprinnelse-og-mening\/#breadcrumb","itemListElement":[{"@type":"ListItem","position":1,"name":"Home","item":"https:\/\/nordnesrepublikken.no\/"},{"@type":"ListItem","position":2,"name":"Overtroen p\u00e5 fredag \u200b\u200bden 17. som en uheldig dag: opprinnelse og mening"}]},{"@type":"WebSite","@id":"https:\/\/nordnesrepublikken.no\/#website","url":"https:\/\/nordnesrepublikken.no\/","name":"Nordnesrepublikken","description":"Stemmer og Visjoner fra Republikkens Hjerte","publisher":{"@id":"https:\/\/nordnesrepublikken.no\/#organization"},"potentialAction":[{"@type":"SearchAction","target":{"@type":"EntryPoint","urlTemplate":"https:\/\/nordnesrepublikken.no\/?s={search_term_string}"},"query-input":{"@type":"PropertyValueSpecification","valueRequired":true,"valueName":"search_term_string"}}],"inLanguage":"nb-NO"},{"@type":"Organization","@id":"https:\/\/nordnesrepublikken.no\/#organization","name":"Nordnesrepublikken","url":"https:\/\/nordnesrepublikken.no\/","logo":{"@type":"ImageObject","inLanguage":"nb-NO","@id":"https:\/\/nordnesrepublikken.no\/#\/schema\/logo\/image\/","url":"https:\/\/nordnesrepublikken.no\/wp-content\/uploads\/2025\/02\/cropped-nordnesrepublikken-2.png","contentUrl":"https:\/\/nordnesrepublikken.no\/wp-content\/uploads\/2025\/02\/cropped-nordnesrepublikken-2.png","width":1248,"height":362,"caption":"Nordnesrepublikken"},"image":{"@id":"https:\/\/nordnesrepublikken.no\/#\/schema\/logo\/image\/"}},{"@type":"Person","@id":"https:\/\/nordnesrepublikken.no\/#\/schema\/person\/2e7e81935bab77882fffb79296240ff1","name":"Ole Andersen","image":{"@type":"ImageObject","inLanguage":"nb-NO","@id":"https:\/\/nordnesrepublikken.no\/#\/schema\/person\/image\/","url":"https:\/\/nordnesrepublikken.no\/wp-content\/uploads\/2025\/02\/nordnesrepublikken-2-2-150x150.jpg","contentUrl":"https:\/\/nordnesrepublikken.no\/wp-content\/uploads\/2025\/02\/nordnesrepublikken-2-2-150x150.jpg","caption":"Ole Andersen"},"description":"Ettersom jeg vokste opp i Oslo, har jeg alltid v\u00e6rt fascinert av ordenes kraft og deres evne til \u00e5 skape endringer. Etter \u00e5 ha fullf\u00f8rt min utdannelse i kommunikasjon ved Universitetet i Bergen, fikk jeg muligheten til \u00e5 jobbe innen ulike medier, der jeg har s\u00f8kt \u00e5 belyse viktige samfunnssp\u00f8rsm\u00e5l. I dag, som redakt\u00f8r for Nordnesrepublikken, pr\u00f8ver jeg \u00e5 forene min kj\u00e6rlighet for journalistikk med min lidenskap for innovasjon og eventyr.","sameAs":["https:\/\/nordnesrepublikken.no\/"]}]}},"_links":{"self":[{"href":"https:\/\/nordnesrepublikken.no\/index.php\/wp-json\/wp\/v2\/posts\/17094","targetHints":{"allow":["GET"]}}],"collection":[{"href":"https:\/\/nordnesrepublikken.no\/index.php\/wp-json\/wp\/v2\/posts"}],"about":[{"href":"https:\/\/nordnesrepublikken.no\/index.php\/wp-json\/wp\/v2\/types\/post"}],"author":[{"embeddable":true,"href":"https:\/\/nordnesrepublikken.no\/index.php\/wp-json\/wp\/v2\/users\/1"}],"replies":[{"embeddable":true,"href":"https:\/\/nordnesrepublikken.no\/index.php\/wp-json\/wp\/v2\/comments?post=17094"}],"version-history":[{"count":1,"href":"https:\/\/nordnesrepublikken.no\/index.php\/wp-json\/wp\/v2\/posts\/17094\/revisions"}],"predecessor-version":[{"id":17096,"href":"https:\/\/nordnesrepublikken.no\/index.php\/wp-json\/wp\/v2\/posts\/17094\/revisions\/17096"}],"wp:featuredmedia":[{"embeddable":true,"href":"https:\/\/nordnesrepublikken.no\/index.php\/wp-json\/wp\/v2\/media\/17095"}],"wp:attachment":[{"href":"https:\/\/nordnesrepublikken.no\/index.php\/wp-json\/wp\/v2\/media?parent=17094"}],"wp:term":[{"taxonomy":"category","embeddable":true,"href":"https:\/\/nordnesrepublikken.no\/index.php\/wp-json\/wp\/v2\/categories?post=17094"},{"taxonomy":"post_tag","embeddable":true,"href":"https:\/\/nordnesrepublikken.no\/index.php\/wp-json\/wp\/v2\/tags?post=17094"}],"curies":[{"name":"wp","href":"https:\/\/api.w.org\/{rel}","templated":true}]}}