{"id":17082,"date":"2026-04-16T22:59:59","date_gmt":"2026-04-16T20:59:59","guid":{"rendered":"https:\/\/nordnesrepublikken.no\/index.php\/2026\/04\/16\/spania-flyplass-stenger-i-over-en-maned-med-alle-flyvninger-kansellert-og-britiske-reisende-star-overfor-kaos\/"},"modified":"2026-04-16T23:00:01","modified_gmt":"2026-04-16T21:00:01","slug":"spania-flyplass-stenger-i-over-en-maned-med-alle-flyvninger-kansellert-og-britiske-reisende-star-overfor-kaos","status":"publish","type":"post","link":"https:\/\/nordnesrepublikken.no\/index.php\/2026\/04\/16\/spania-flyplass-stenger-i-over-en-maned-med-alle-flyvninger-kansellert-og-britiske-reisende-star-overfor-kaos\/","title":{"rendered":"Spania flyplass stenger i over en m\u00e5ned med alle flyvninger kansellert og britiske reisende st\u00e5r overfor kaos"},"content":{"rendered":"<p><\/p>\n<div class=\"wordpress-content\">\n                    <!-- Article Start --><\/p>\n<p>Tusenvis av britiske reisende kan trenge \u00e5 revurdere planene sine etter at en spansk flyplass bekreftet at den vil stenge i mer enn en m\u00e5ned, med alle rutefly innstilt under store rullebanearbeider. Santiago de Compostela lufthavn, en av hovedportene til Galicia i Nord-Spania, skal stenge fra 23. april til 27. mai 2026. Ingen fly vil ta av eller lande i l\u00f8pet av denne perioden, noe som betyr at passasjerer som allerede er booket kan bli utsatt for kanselleringer, omdirigering eller lengre reiser.<\/p>\n<p>For mange mennesker kunne timingen knapt v\u00e6rt d\u00e5rligere. V\u00e5rreiser er allerede travelt, p\u00e5skeettersp\u00f8rselen er fortsatt h\u00f8y, og sommeren har begynt.<\/p>\n<h2>Hvorfor Santiago de Compostela flyplass stenger<\/h2>\n<p><strong>Den spanske flyplassoperat\u00f8ren Aena<\/strong> sier at den midlertidige nedstengningen er n\u00f8dvendig for gjenoppbyggingsarbeid p\u00e5 rullebanen.<\/p>\n<div class=\"sra_unit\"><link rel=\"stylesheet\" id=\"block-sra\" href=\"https:\/\/euroweeklynews.com\/wp-content\/plugins\/snack-related-articles\/dist\/css\/snack-related.min.css?250312-193541\" type=\"text\/css\" media=\"all\">\n<\/div>\n<p>Det betyr at flyplassen vil v\u00e6re helt stengt for flytrafikk mens prosjektet gjennomf\u00f8res. Kommersielle flyvninger, privatfly og rutepassasjer vil alle stoppe til arbeidet er ferdig.<\/p>\n<p>Store vedlikeholdsprosjekter som dette er avgj\u00f8rende for sikkerhet og langsiktig drift, men de kan fortsatt for\u00e5rsake store forstyrrelser n\u00e5r en flyplass ikke har andre rullebane eller ledig kapasitet.<\/p>\n<p>Rent praktisk vil alle som forventer \u00e5 lande i Santiago eller reise fra byen i l\u00f8pet av disse ukene trenge en annen plan.<\/p>\n<h2>Hvorfor britiske reisende sannsynligvis vil f\u00f8le det<\/h2>\n<p>Santiago de Compostela har jevnlige forbindelser med Storbritannia og er popul\u00e6r blant flere typer reisende.<\/p>\n<p>Noen drar dit for storbyferier. Andre bruker det som et utgangspunkt for \u00e5 reise rundt i Galicia. Mange ankommer p\u00e5 grunn av den ber\u00f8mte Camino de Santiago, med pilegrimer som avslutter ruten i byen f\u00f8r de flyr hjem.<\/p>\n<p>Flyselskaper som opererer britiske forbindelser kan inkludere Ryanair, Vueling, Iberia og British Airways, avhengig av rute og sesong.<\/p>\n<p>Det betyr at et betydelig antall britiske passasjerer n\u00e5 kan trenge \u00e5 booke om, akseptere alternative flyplasser eller be om refusjon.<\/p>\n<p>Alle med reiseforsikring b\u00f8r ogs\u00e5 gjennomg\u00e5 dekningen, spesielt hvis hotell, leiebil eller videretransport ble bestilt separat.<\/p>\n<h2>Hva passasjerene b\u00f8r gj\u00f8re akkurat n\u00e5<\/h2>\n<p>Hvis du skal reise mellom 23. april og 27. mai, sjekk bestillingen din i dag i stedet for \u00e5 vente.<\/p>\n<p>Flyselskaper kontakter vanligvis kundene direkte n\u00e5r ruten endres, men det er alltid bedre \u00e5 logge inn og vurdere reservasjonen selv.<\/p>\n<p>Noen passasjerer kan flyttes automatisk til en annen flyvning. Andre m\u00e5 kanskje velge mellom refusjon, en annen dato eller en flyplass i n\u00e6rheten.<\/p>\n<p>Pakkeferiekunder b\u00f8r ogs\u00e5 kontakte operat\u00f8ren sin, spesielt hvis overf\u00f8ringer var inkludert.<\/p>\n<p>Jo tidligere du handler, jo flere alternativer har du sannsynligvis.<\/p>\n<h2>Beste alternative flyplasser for Galicia<\/h2>\n<p>Den n\u00e6rmeste \u00e5penbare erstatningen er A Coru\u00f1a flyplass, rundt en time nord for Santiago med bil. Det er ofte det f\u00f8rste alternativet for reisende som fortsatt \u00f8nsker \u00e5 n\u00e5 regionen raskt.<\/p>\n<p>Et annet alternativ er Vigo flyplass, i s\u00f8r, ogs\u00e5 tilgjengelig med bil eller tog avhengig av reiseruten din.<\/p>\n<p>For mange britiske passasjerer kan Porto lufthavn i Portugal v\u00e6re den mest praktiske l\u00f8sningen. Det tilbyr et bredt utvalg av direkteflyvninger til Storbritannia og er omtrent to timers kj\u00f8retur fra Santiago.<\/p>\n<p>Den ekstra reisetiden kan likevel v\u00e6re enklere enn \u00e5 kansellere turen helt.<\/p>\n<p>Tog- og bussforbindelser mellom disse byene og Santiago er ogs\u00e5 tilgjengelige, noe som gir bes\u00f8kende mer fleksibilitet.<\/p>\n<h2>Hvorfor folk fortsatt \u00f8nsker \u00e5 g\u00e5<\/h2>\n<p>Selv med flyplassstengningen er Santiago de Compostela fortsatt en av Spanias mest givende destinasjoner.<\/p>\n<p>Byen er hovedstaden i Galicia og mest kjent for sin katedral, gamlebygater og historiske rolle som endepunktet for Camino-pilegrimsreisen.<\/p>\n<p>Bes\u00f8kende kommer ogs\u00e5 for maten. Galicia er kjent for sj\u00f8mat, lokale r\u00e5varer og en mer tradisjonell spansk ferie som f\u00f8les veldig annerledes enn den overfylte feriestedetsmodellen.<\/p>\n<p>V\u00e5ren er spesielt popul\u00e6r fordi temperaturene er milde og byen er livlig uten full sommermasse.<\/p>\n<p>Det er grunnen til at stengingen sannsynligvis vil skuffe s\u00e5 mange reisende.<\/p>\n<h2>Hva passasjerene trenger \u00e5 vite<\/h2>\n<p>Turen din kan fortsatt skje, men ruten kan endres. Flyreiser til selve Santiago vil stoppe under stengingen, s\u00e5 alle som reiser i det vinduet b\u00f8r forberede seg p\u00e5 justeringer.<\/p>\n<p>Noen vil miste tid, andre kan bruke mer p\u00e5 overf\u00f8ringer, og mange vil trenge t\u00e5lmodighet.<\/p>\n<p>Men Galicia forblir \u00e5pen, byen forblir der, og med litt fleksibilitet b\u00f8r de fleste reisende fortsatt kunne ta turen.<\/p>\n<p>De kan bare lande et annet sted f\u00f8rst.<\/p>\n<p>                    <!-- Originally published at https:\/\/euroweeklynews.com\/2026\/04\/16\/spain-airport-closes-for-over-a-month-with-all-flights-cancelled-and-uk-travellers-face-chaos\/ on 16 Apr 2026 at 22:44 by Farah Mokrani --><br \/>\n                    <!-- Article End -->\n                <\/div>\n","protected":false},"excerpt":{"rendered":"<p>Tusenvis av britiske reisende kan trenge \u00e5 revurdere planene sine etter at en spansk flyplass<\/p>\n","protected":false},"author":1,"featured_media":17083,"comment_status":"closed","ping_status":"open","sticky":false,"template":"","format":"standard","meta":{"footnotes":""},"categories":[105],"tags":[1515,1765,979,5772,3662,4118,4356,79,387,3092,529,386,643],"class_list":["post-17082","post","type-post","status-publish","format-standard","has-post-thumbnail","hentry","category-livsstil","tag-alle","tag-britiske","tag-flyplass","tag-flyvninger","tag-kansellert","tag-kaos","tag-maned","tag-med","tag-overfor","tag-reisende","tag-spania","tag-star","tag-stenger","generate-columns","tablet-grid-50","mobile-grid-100","grid-parent","grid-33","resize-featured-image"],"yoast_head":"<!-- This site is optimized with the Yoast SEO plugin v24.4 - https:\/\/yoast.com\/wordpress\/plugins\/seo\/ -->\n<title>Spania flyplass stenger i over en m\u00e5ned med alle flyvninger kansellert og britiske reisende st\u00e5r overfor kaos - Nordnesrepublikken<\/title>\n<meta name=\"robots\" content=\"index, follow, max-snippet:-1, max-image-preview:large, max-video-preview:-1\" \/>\n<link rel=\"canonical\" href=\"https:\/\/nordnesrepublikken.no\/index.php\/2026\/04\/16\/spania-flyplass-stenger-i-over-en-maned-med-alle-flyvninger-kansellert-og-britiske-reisende-star-overfor-kaos\/\" \/>\n<meta property=\"og:locale\" content=\"nb_NO\" \/>\n<meta property=\"og:type\" content=\"article\" \/>\n<meta property=\"og:title\" content=\"Spania flyplass stenger i over en m\u00e5ned med alle flyvninger kansellert og britiske reisende st\u00e5r overfor kaos - Nordnesrepublikken\" \/>\n<meta property=\"og:description\" content=\"Tusenvis av britiske reisende kan trenge \u00e5 revurdere planene sine etter at en spansk flyplass\" \/>\n<meta property=\"og:url\" content=\"https:\/\/nordnesrepublikken.no\/index.php\/2026\/04\/16\/spania-flyplass-stenger-i-over-en-maned-med-alle-flyvninger-kansellert-og-britiske-reisende-star-overfor-kaos\/\" \/>\n<meta property=\"og:site_name\" content=\"Nordnesrepublikken\" \/>\n<meta property=\"article:published_time\" content=\"2026-04-16T20:59:59+00:00\" \/>\n<meta property=\"article:modified_time\" content=\"2026-04-16T21:00:01+00:00\" \/>\n<meta property=\"og:image\" content=\"https:\/\/nordnesrepublikken.no\/wp-content\/uploads\/2026\/04\/1776373200_Spania-flyplass-stenger-i-over-en-maned-med-alle-flyvninger.jpg\" \/>\n\t<meta property=\"og:image:width\" content=\"1200\" \/>\n\t<meta property=\"og:image:height\" content=\"799\" \/>\n\t<meta property=\"og:image:type\" content=\"image\/jpeg\" \/>\n<meta name=\"author\" content=\"Ole Andersen\" \/>\n<meta name=\"twitter:card\" content=\"summary_large_image\" \/>\n<meta name=\"twitter:label1\" content=\"Skrevet av\" \/>\n\t<meta name=\"twitter:data1\" content=\"Ole Andersen\" \/>\n\t<meta name=\"twitter:label2\" content=\"Ansl. lesetid\" \/>\n\t<meta name=\"twitter:data2\" content=\"4 minutter\" \/>\n<script type=\"application\/ld+json\" class=\"yoast-schema-graph\">{\"@context\":\"https:\/\/schema.org\",\"@graph\":[{\"@type\":\"Article\",\"@id\":\"https:\/\/nordnesrepublikken.no\/index.php\/2026\/04\/16\/spania-flyplass-stenger-i-over-en-maned-med-alle-flyvninger-kansellert-og-britiske-reisende-star-overfor-kaos\/#article\",\"isPartOf\":{\"@id\":\"https:\/\/nordnesrepublikken.no\/index.php\/2026\/04\/16\/spania-flyplass-stenger-i-over-en-maned-med-alle-flyvninger-kansellert-og-britiske-reisende-star-overfor-kaos\/\"},\"author\":{\"name\":\"Ole Andersen\",\"@id\":\"https:\/\/nordnesrepublikken.no\/#\/schema\/person\/2e7e81935bab77882fffb79296240ff1\"},\"headline\":\"Spania flyplass stenger i over en m\u00e5ned med alle flyvninger kansellert og britiske reisende st\u00e5r overfor kaos\",\"datePublished\":\"2026-04-16T20:59:59+00:00\",\"dateModified\":\"2026-04-16T21:00:01+00:00\",\"mainEntityOfPage\":{\"@id\":\"https:\/\/nordnesrepublikken.no\/index.php\/2026\/04\/16\/spania-flyplass-stenger-i-over-en-maned-med-alle-flyvninger-kansellert-og-britiske-reisende-star-overfor-kaos\/\"},\"wordCount\":738,\"publisher\":{\"@id\":\"https:\/\/nordnesrepublikken.no\/#organization\"},\"image\":{\"@id\":\"https:\/\/nordnesrepublikken.no\/index.php\/2026\/04\/16\/spania-flyplass-stenger-i-over-en-maned-med-alle-flyvninger-kansellert-og-britiske-reisende-star-overfor-kaos\/#primaryimage\"},\"thumbnailUrl\":\"https:\/\/nordnesrepublikken.no\/wp-content\/uploads\/2026\/04\/1776373200_Spania-flyplass-stenger-i-over-en-maned-med-alle-flyvninger.jpg\",\"keywords\":[\"alle\",\"britiske\",\"flyplass\",\"flyvninger\",\"kansellert\",\"kaos\",\"m\u00e5ned\",\"med\",\"overfor\",\"reisende\",\"Spania\",\"st\u00e5r\",\"stenger\"],\"articleSection\":[\"Livsstil\"],\"inLanguage\":\"nb-NO\"},{\"@type\":\"WebPage\",\"@id\":\"https:\/\/nordnesrepublikken.no\/index.php\/2026\/04\/16\/spania-flyplass-stenger-i-over-en-maned-med-alle-flyvninger-kansellert-og-britiske-reisende-star-overfor-kaos\/\",\"url\":\"https:\/\/nordnesrepublikken.no\/index.php\/2026\/04\/16\/spania-flyplass-stenger-i-over-en-maned-med-alle-flyvninger-kansellert-og-britiske-reisende-star-overfor-kaos\/\",\"name\":\"Spania flyplass stenger i over en m\u00e5ned med alle flyvninger kansellert og britiske reisende st\u00e5r overfor kaos - Nordnesrepublikken\",\"isPartOf\":{\"@id\":\"https:\/\/nordnesrepublikken.no\/#website\"},\"primaryImageOfPage\":{\"@id\":\"https:\/\/nordnesrepublikken.no\/index.php\/2026\/04\/16\/spania-flyplass-stenger-i-over-en-maned-med-alle-flyvninger-kansellert-og-britiske-reisende-star-overfor-kaos\/#primaryimage\"},\"image\":{\"@id\":\"https:\/\/nordnesrepublikken.no\/index.php\/2026\/04\/16\/spania-flyplass-stenger-i-over-en-maned-med-alle-flyvninger-kansellert-og-britiske-reisende-star-overfor-kaos\/#primaryimage\"},\"thumbnailUrl\":\"https:\/\/nordnesrepublikken.no\/wp-content\/uploads\/2026\/04\/1776373200_Spania-flyplass-stenger-i-over-en-maned-med-alle-flyvninger.jpg\",\"datePublished\":\"2026-04-16T20:59:59+00:00\",\"dateModified\":\"2026-04-16T21:00:01+00:00\",\"breadcrumb\":{\"@id\":\"https:\/\/nordnesrepublikken.no\/index.php\/2026\/04\/16\/spania-flyplass-stenger-i-over-en-maned-med-alle-flyvninger-kansellert-og-britiske-reisende-star-overfor-kaos\/#breadcrumb\"},\"inLanguage\":\"nb-NO\",\"potentialAction\":[{\"@type\":\"ReadAction\",\"target\":[\"https:\/\/nordnesrepublikken.no\/index.php\/2026\/04\/16\/spania-flyplass-stenger-i-over-en-maned-med-alle-flyvninger-kansellert-og-britiske-reisende-star-overfor-kaos\/\"]}]},{\"@type\":\"ImageObject\",\"inLanguage\":\"nb-NO\",\"@id\":\"https:\/\/nordnesrepublikken.no\/index.php\/2026\/04\/16\/spania-flyplass-stenger-i-over-en-maned-med-alle-flyvninger-kansellert-og-britiske-reisende-star-overfor-kaos\/#primaryimage\",\"url\":\"https:\/\/nordnesrepublikken.no\/wp-content\/uploads\/2026\/04\/1776373200_Spania-flyplass-stenger-i-over-en-maned-med-alle-flyvninger.jpg\",\"contentUrl\":\"https:\/\/nordnesrepublikken.no\/wp-content\/uploads\/2026\/04\/1776373200_Spania-flyplass-stenger-i-over-en-maned-med-alle-flyvninger.jpg\",\"width\":1200,\"height\":799,\"caption\":\"Spania flyplass stenger i over en m\u00e5ned med alle flyvninger kansellert og britiske reisende st\u00e5r overfor kaos\"},{\"@type\":\"BreadcrumbList\",\"@id\":\"https:\/\/nordnesrepublikken.no\/index.php\/2026\/04\/16\/spania-flyplass-stenger-i-over-en-maned-med-alle-flyvninger-kansellert-og-britiske-reisende-star-overfor-kaos\/#breadcrumb\",\"itemListElement\":[{\"@type\":\"ListItem\",\"position\":1,\"name\":\"Home\",\"item\":\"https:\/\/nordnesrepublikken.no\/\"},{\"@type\":\"ListItem\",\"position\":2,\"name\":\"Spania flyplass stenger i over en m\u00e5ned med alle flyvninger kansellert og britiske reisende st\u00e5r overfor kaos\"}]},{\"@type\":\"WebSite\",\"@id\":\"https:\/\/nordnesrepublikken.no\/#website\",\"url\":\"https:\/\/nordnesrepublikken.no\/\",\"name\":\"Nordnesrepublikken\",\"description\":\"Stemmer og Visjoner fra Republikkens Hjerte\",\"publisher\":{\"@id\":\"https:\/\/nordnesrepublikken.no\/#organization\"},\"potentialAction\":[{\"@type\":\"SearchAction\",\"target\":{\"@type\":\"EntryPoint\",\"urlTemplate\":\"https:\/\/nordnesrepublikken.no\/?s={search_term_string}\"},\"query-input\":{\"@type\":\"PropertyValueSpecification\",\"valueRequired\":true,\"valueName\":\"search_term_string\"}}],\"inLanguage\":\"nb-NO\"},{\"@type\":\"Organization\",\"@id\":\"https:\/\/nordnesrepublikken.no\/#organization\",\"name\":\"Nordnesrepublikken\",\"url\":\"https:\/\/nordnesrepublikken.no\/\",\"logo\":{\"@type\":\"ImageObject\",\"inLanguage\":\"nb-NO\",\"@id\":\"https:\/\/nordnesrepublikken.no\/#\/schema\/logo\/image\/\",\"url\":\"https:\/\/nordnesrepublikken.no\/wp-content\/uploads\/2025\/02\/cropped-nordnesrepublikken-2.png\",\"contentUrl\":\"https:\/\/nordnesrepublikken.no\/wp-content\/uploads\/2025\/02\/cropped-nordnesrepublikken-2.png\",\"width\":1248,\"height\":362,\"caption\":\"Nordnesrepublikken\"},\"image\":{\"@id\":\"https:\/\/nordnesrepublikken.no\/#\/schema\/logo\/image\/\"}},{\"@type\":\"Person\",\"@id\":\"https:\/\/nordnesrepublikken.no\/#\/schema\/person\/2e7e81935bab77882fffb79296240ff1\",\"name\":\"Ole Andersen\",\"image\":{\"@type\":\"ImageObject\",\"inLanguage\":\"nb-NO\",\"@id\":\"https:\/\/nordnesrepublikken.no\/#\/schema\/person\/image\/\",\"url\":\"https:\/\/nordnesrepublikken.no\/wp-content\/uploads\/2025\/02\/nordnesrepublikken-2-2-150x150.jpg\",\"contentUrl\":\"https:\/\/nordnesrepublikken.no\/wp-content\/uploads\/2025\/02\/nordnesrepublikken-2-2-150x150.jpg\",\"caption\":\"Ole Andersen\"},\"description\":\"Ettersom jeg vokste opp i Oslo, har jeg alltid v\u00e6rt fascinert av ordenes kraft og deres evne til \u00e5 skape endringer. Etter \u00e5 ha fullf\u00f8rt min utdannelse i kommunikasjon ved Universitetet i Bergen, fikk jeg muligheten til \u00e5 jobbe innen ulike medier, der jeg har s\u00f8kt \u00e5 belyse viktige samfunnssp\u00f8rsm\u00e5l. I dag, som redakt\u00f8r for Nordnesrepublikken, pr\u00f8ver jeg \u00e5 forene min kj\u00e6rlighet for journalistikk med min lidenskap for innovasjon og eventyr.\",\"sameAs\":[\"https:\/\/nordnesrepublikken.no\/\"]}]}<\/script>\n<!-- \/ Yoast SEO plugin. -->","yoast_head_json":{"title":"Spania flyplass stenger i over en m\u00e5ned med alle flyvninger kansellert og britiske reisende st\u00e5r overfor kaos - Nordnesrepublikken","robots":{"index":"index","follow":"follow","max-snippet":"max-snippet:-1","max-image-preview":"max-image-preview:large","max-video-preview":"max-video-preview:-1"},"canonical":"https:\/\/nordnesrepublikken.no\/index.php\/2026\/04\/16\/spania-flyplass-stenger-i-over-en-maned-med-alle-flyvninger-kansellert-og-britiske-reisende-star-overfor-kaos\/","og_locale":"nb_NO","og_type":"article","og_title":"Spania flyplass stenger i over en m\u00e5ned med alle flyvninger kansellert og britiske reisende st\u00e5r overfor kaos - Nordnesrepublikken","og_description":"Tusenvis av britiske reisende kan trenge \u00e5 revurdere planene sine etter at en spansk flyplass","og_url":"https:\/\/nordnesrepublikken.no\/index.php\/2026\/04\/16\/spania-flyplass-stenger-i-over-en-maned-med-alle-flyvninger-kansellert-og-britiske-reisende-star-overfor-kaos\/","og_site_name":"Nordnesrepublikken","article_published_time":"2026-04-16T20:59:59+00:00","article_modified_time":"2026-04-16T21:00:01+00:00","og_image":[{"width":1200,"height":799,"url":"https:\/\/nordnesrepublikken.no\/wp-content\/uploads\/2026\/04\/1776373200_Spania-flyplass-stenger-i-over-en-maned-med-alle-flyvninger.jpg","type":"image\/jpeg"}],"author":"Ole Andersen","twitter_card":"summary_large_image","twitter_misc":{"Skrevet av":"Ole Andersen","Ansl. lesetid":"4 minutter"},"schema":{"@context":"https:\/\/schema.org","@graph":[{"@type":"Article","@id":"https:\/\/nordnesrepublikken.no\/index.php\/2026\/04\/16\/spania-flyplass-stenger-i-over-en-maned-med-alle-flyvninger-kansellert-og-britiske-reisende-star-overfor-kaos\/#article","isPartOf":{"@id":"https:\/\/nordnesrepublikken.no\/index.php\/2026\/04\/16\/spania-flyplass-stenger-i-over-en-maned-med-alle-flyvninger-kansellert-og-britiske-reisende-star-overfor-kaos\/"},"author":{"name":"Ole Andersen","@id":"https:\/\/nordnesrepublikken.no\/#\/schema\/person\/2e7e81935bab77882fffb79296240ff1"},"headline":"Spania flyplass stenger i over en m\u00e5ned med alle flyvninger kansellert og britiske reisende st\u00e5r overfor kaos","datePublished":"2026-04-16T20:59:59+00:00","dateModified":"2026-04-16T21:00:01+00:00","mainEntityOfPage":{"@id":"https:\/\/nordnesrepublikken.no\/index.php\/2026\/04\/16\/spania-flyplass-stenger-i-over-en-maned-med-alle-flyvninger-kansellert-og-britiske-reisende-star-overfor-kaos\/"},"wordCount":738,"publisher":{"@id":"https:\/\/nordnesrepublikken.no\/#organization"},"image":{"@id":"https:\/\/nordnesrepublikken.no\/index.php\/2026\/04\/16\/spania-flyplass-stenger-i-over-en-maned-med-alle-flyvninger-kansellert-og-britiske-reisende-star-overfor-kaos\/#primaryimage"},"thumbnailUrl":"https:\/\/nordnesrepublikken.no\/wp-content\/uploads\/2026\/04\/1776373200_Spania-flyplass-stenger-i-over-en-maned-med-alle-flyvninger.jpg","keywords":["alle","britiske","flyplass","flyvninger","kansellert","kaos","m\u00e5ned","med","overfor","reisende","Spania","st\u00e5r","stenger"],"articleSection":["Livsstil"],"inLanguage":"nb-NO"},{"@type":"WebPage","@id":"https:\/\/nordnesrepublikken.no\/index.php\/2026\/04\/16\/spania-flyplass-stenger-i-over-en-maned-med-alle-flyvninger-kansellert-og-britiske-reisende-star-overfor-kaos\/","url":"https:\/\/nordnesrepublikken.no\/index.php\/2026\/04\/16\/spania-flyplass-stenger-i-over-en-maned-med-alle-flyvninger-kansellert-og-britiske-reisende-star-overfor-kaos\/","name":"Spania flyplass stenger i over en m\u00e5ned med alle flyvninger kansellert og britiske reisende st\u00e5r overfor kaos - Nordnesrepublikken","isPartOf":{"@id":"https:\/\/nordnesrepublikken.no\/#website"},"primaryImageOfPage":{"@id":"https:\/\/nordnesrepublikken.no\/index.php\/2026\/04\/16\/spania-flyplass-stenger-i-over-en-maned-med-alle-flyvninger-kansellert-og-britiske-reisende-star-overfor-kaos\/#primaryimage"},"image":{"@id":"https:\/\/nordnesrepublikken.no\/index.php\/2026\/04\/16\/spania-flyplass-stenger-i-over-en-maned-med-alle-flyvninger-kansellert-og-britiske-reisende-star-overfor-kaos\/#primaryimage"},"thumbnailUrl":"https:\/\/nordnesrepublikken.no\/wp-content\/uploads\/2026\/04\/1776373200_Spania-flyplass-stenger-i-over-en-maned-med-alle-flyvninger.jpg","datePublished":"2026-04-16T20:59:59+00:00","dateModified":"2026-04-16T21:00:01+00:00","breadcrumb":{"@id":"https:\/\/nordnesrepublikken.no\/index.php\/2026\/04\/16\/spania-flyplass-stenger-i-over-en-maned-med-alle-flyvninger-kansellert-og-britiske-reisende-star-overfor-kaos\/#breadcrumb"},"inLanguage":"nb-NO","potentialAction":[{"@type":"ReadAction","target":["https:\/\/nordnesrepublikken.no\/index.php\/2026\/04\/16\/spania-flyplass-stenger-i-over-en-maned-med-alle-flyvninger-kansellert-og-britiske-reisende-star-overfor-kaos\/"]}]},{"@type":"ImageObject","inLanguage":"nb-NO","@id":"https:\/\/nordnesrepublikken.no\/index.php\/2026\/04\/16\/spania-flyplass-stenger-i-over-en-maned-med-alle-flyvninger-kansellert-og-britiske-reisende-star-overfor-kaos\/#primaryimage","url":"https:\/\/nordnesrepublikken.no\/wp-content\/uploads\/2026\/04\/1776373200_Spania-flyplass-stenger-i-over-en-maned-med-alle-flyvninger.jpg","contentUrl":"https:\/\/nordnesrepublikken.no\/wp-content\/uploads\/2026\/04\/1776373200_Spania-flyplass-stenger-i-over-en-maned-med-alle-flyvninger.jpg","width":1200,"height":799,"caption":"Spania flyplass stenger i over en m\u00e5ned med alle flyvninger kansellert og britiske reisende st\u00e5r overfor kaos"},{"@type":"BreadcrumbList","@id":"https:\/\/nordnesrepublikken.no\/index.php\/2026\/04\/16\/spania-flyplass-stenger-i-over-en-maned-med-alle-flyvninger-kansellert-og-britiske-reisende-star-overfor-kaos\/#breadcrumb","itemListElement":[{"@type":"ListItem","position":1,"name":"Home","item":"https:\/\/nordnesrepublikken.no\/"},{"@type":"ListItem","position":2,"name":"Spania flyplass stenger i over en m\u00e5ned med alle flyvninger kansellert og britiske reisende st\u00e5r overfor kaos"}]},{"@type":"WebSite","@id":"https:\/\/nordnesrepublikken.no\/#website","url":"https:\/\/nordnesrepublikken.no\/","name":"Nordnesrepublikken","description":"Stemmer og Visjoner fra Republikkens Hjerte","publisher":{"@id":"https:\/\/nordnesrepublikken.no\/#organization"},"potentialAction":[{"@type":"SearchAction","target":{"@type":"EntryPoint","urlTemplate":"https:\/\/nordnesrepublikken.no\/?s={search_term_string}"},"query-input":{"@type":"PropertyValueSpecification","valueRequired":true,"valueName":"search_term_string"}}],"inLanguage":"nb-NO"},{"@type":"Organization","@id":"https:\/\/nordnesrepublikken.no\/#organization","name":"Nordnesrepublikken","url":"https:\/\/nordnesrepublikken.no\/","logo":{"@type":"ImageObject","inLanguage":"nb-NO","@id":"https:\/\/nordnesrepublikken.no\/#\/schema\/logo\/image\/","url":"https:\/\/nordnesrepublikken.no\/wp-content\/uploads\/2025\/02\/cropped-nordnesrepublikken-2.png","contentUrl":"https:\/\/nordnesrepublikken.no\/wp-content\/uploads\/2025\/02\/cropped-nordnesrepublikken-2.png","width":1248,"height":362,"caption":"Nordnesrepublikken"},"image":{"@id":"https:\/\/nordnesrepublikken.no\/#\/schema\/logo\/image\/"}},{"@type":"Person","@id":"https:\/\/nordnesrepublikken.no\/#\/schema\/person\/2e7e81935bab77882fffb79296240ff1","name":"Ole Andersen","image":{"@type":"ImageObject","inLanguage":"nb-NO","@id":"https:\/\/nordnesrepublikken.no\/#\/schema\/person\/image\/","url":"https:\/\/nordnesrepublikken.no\/wp-content\/uploads\/2025\/02\/nordnesrepublikken-2-2-150x150.jpg","contentUrl":"https:\/\/nordnesrepublikken.no\/wp-content\/uploads\/2025\/02\/nordnesrepublikken-2-2-150x150.jpg","caption":"Ole Andersen"},"description":"Ettersom jeg vokste opp i Oslo, har jeg alltid v\u00e6rt fascinert av ordenes kraft og deres evne til \u00e5 skape endringer. Etter \u00e5 ha fullf\u00f8rt min utdannelse i kommunikasjon ved Universitetet i Bergen, fikk jeg muligheten til \u00e5 jobbe innen ulike medier, der jeg har s\u00f8kt \u00e5 belyse viktige samfunnssp\u00f8rsm\u00e5l. I dag, som redakt\u00f8r for Nordnesrepublikken, pr\u00f8ver jeg \u00e5 forene min kj\u00e6rlighet for journalistikk med min lidenskap for innovasjon og eventyr.","sameAs":["https:\/\/nordnesrepublikken.no\/"]}]}},"_links":{"self":[{"href":"https:\/\/nordnesrepublikken.no\/index.php\/wp-json\/wp\/v2\/posts\/17082","targetHints":{"allow":["GET"]}}],"collection":[{"href":"https:\/\/nordnesrepublikken.no\/index.php\/wp-json\/wp\/v2\/posts"}],"about":[{"href":"https:\/\/nordnesrepublikken.no\/index.php\/wp-json\/wp\/v2\/types\/post"}],"author":[{"embeddable":true,"href":"https:\/\/nordnesrepublikken.no\/index.php\/wp-json\/wp\/v2\/users\/1"}],"replies":[{"embeddable":true,"href":"https:\/\/nordnesrepublikken.no\/index.php\/wp-json\/wp\/v2\/comments?post=17082"}],"version-history":[{"count":1,"href":"https:\/\/nordnesrepublikken.no\/index.php\/wp-json\/wp\/v2\/posts\/17082\/revisions"}],"predecessor-version":[{"id":17084,"href":"https:\/\/nordnesrepublikken.no\/index.php\/wp-json\/wp\/v2\/posts\/17082\/revisions\/17084"}],"wp:featuredmedia":[{"embeddable":true,"href":"https:\/\/nordnesrepublikken.no\/index.php\/wp-json\/wp\/v2\/media\/17083"}],"wp:attachment":[{"href":"https:\/\/nordnesrepublikken.no\/index.php\/wp-json\/wp\/v2\/media?parent=17082"}],"wp:term":[{"taxonomy":"category","embeddable":true,"href":"https:\/\/nordnesrepublikken.no\/index.php\/wp-json\/wp\/v2\/categories?post=17082"},{"taxonomy":"post_tag","embeddable":true,"href":"https:\/\/nordnesrepublikken.no\/index.php\/wp-json\/wp\/v2\/tags?post=17082"}],"curies":[{"name":"wp","href":"https:\/\/api.w.org\/{rel}","templated":true}]}}