{"id":17070,"date":"2026-04-16T18:02:49","date_gmt":"2026-04-16T16:02:49","guid":{"rendered":"https:\/\/nordnesrepublikken.no\/index.php\/2026\/04\/16\/hvorfor-erklaerte-personverngarantisten-faceboarding-hos-milan-linate-for-ulovlig\/"},"modified":"2026-04-16T18:02:52","modified_gmt":"2026-04-16T16:02:52","slug":"hvorfor-erklaerte-personverngarantisten-faceboarding-hos-milan-linate-for-ulovlig","status":"publish","type":"post","link":"https:\/\/nordnesrepublikken.no\/index.php\/2026\/04\/16\/hvorfor-erklaerte-personverngarantisten-faceboarding-hos-milan-linate-for-ulovlig\/","title":{"rendered":"Hvorfor erkl\u00e6rte personverngarantisten FaceBoarding hos Milan-Linate for &laquo;ulovlig&raquo;?"},"content":{"rendered":"<div>\n<div class=\"cp_wrapper cp_wrapper--fw mb-30 mb-20@tablet\">\n<figure class=\"mm\"><picture class=\"img\" style=\"padding-top:56.25%\"><source  media=\"(min-width: 1024px)\"><source  media=\"(min-width: 768px)\"><\/source><\/source><\/picture><\/figure>\n<\/p><\/div>\n<p>De <strong>Personverngarantist<\/strong> krasjet systemet <strong>FaceBoarding<\/strong> av<strong>Milano Linate flyplass<\/strong>erkl\u00e6rer<strong> behandlingen av personopplysninger som administreres av SEA-selskapet er ulovlig<\/strong>. Den offisielle etterforskningen endret den forel\u00f8pige suspensjonen av <strong>september 2025<\/strong> inn i et permanent forbud, motivert av strukturelle problemer i m\u00e5ten flyplassbrukeres ansikter ble h\u00e5ndtert. I motsetning til systemer der sensitive data forblir lagret p\u00e5 den enkelte brukers enhet, akkumulerte infrastrukturen skanningene i en enkelt <strong>digitalt arkiv<\/strong>hindrer interesserte parter i \u00e5 ha eksklusiv kontroll over informasjonen deres. Til dette er det ogs\u00e5 lagt skjerpende teknikker, som f.eks<strong>frav\u00e6r av kryptering<\/strong> for \u00e5 beskytte matematiske modeller avledet fra ansiktstrekk, f <strong>uberettigede lagringstider<\/strong>som n\u00e5dde 12 m\u00e5neder. Det mest kritiske elementet som er tatt opp av tilsynet gjelder<strong>utilsiktet innhenting av data<\/strong>: Kameraene ved hybridportene tok bilder av de som hadde valgt \u00e5 ikke delta i tjenesten, og konfigurerte en samling uten samtykke for de som passerte gjennom de s\u00e5kalte &laquo;hybridportene&raquo;.<\/p>\n<h2>Hvordan Milan-Linate FaceBoarding fungerer<\/h2>\n<p>For \u00e5 forst\u00e5 \u00e5rsakene til blokkeringen, la oss analysere <strong>funksjonen til Milan-Linate FaceBoarding-systemet<\/strong>. Tjenesten ble designet for \u00e5 erstatte den fysiske presentasjonen av et identitetskort, pass og boardingkort ved flyplasskontroller. Voksne passasjerer kunne registrere seg p\u00e5 frivillig basis via en mobilapplikasjon eller gjennom fysiske kiosker i avgangsomr\u00e5det. Prosedyren krevde skanning av reisedokumentet. Ved hjelp av smarttelefonen ble koden rammet inn <strong>MRZ <\/strong>(<em>Maskinlesbar sone<\/em>), strengen med bokstaver og tall nederst p\u00e5 ID-dokumenter, designet spesielt for optisk lesing.<\/p>\n<p>Deretter tok kameraet et bilde av ansiktet. I dette trinnet kommer konseptet med biometriske data og mal inn i bildet. Et avansert gjenkjenningssystem lagrer ikke et banalt todimensjonalt fotografi, men analyserer geometriene til ansiktet, m\u00e5ler ufravikelige avstander som mellomrommet mellom \u00f8ynene, for \u00e5 generere en unik matematisk modell: <strong>biometrisk mal<\/strong>. Ved de dedikerte turnstilene utf\u00f8rte kameraene en umiddelbar lesing, og sammenlignet ansiktet med den registrerte malen for \u00e5 autorisere tilgang.<\/p>\n<h2>Fordi garantisten blokkerte FaceBoarding p\u00e5 Milan-Linate<\/h2>\n<p>Garantien har sl\u00e5tt fast at denne praksisen bryter med <strong>GDPR<\/strong>eller den generelle databeskyttelsesforordningen, som setter seg i \u00e5pen konflikt med direktivene til Den europeiske komit\u00e9 for beskyttelse av personopplysninger,<strong>EDPB <\/strong>(<em>European Data Protection Board<\/em>), utarbeidet spesielt for flyplasser.<\/p>\n<p>En av de viktigste kritiske problemene som garantisten m\u00f8ter er relatert til <strong>lagring av tusenvis av biometriske maler p\u00e5 \u00e9n enkelt bedriftsserver<\/strong>. Denne praksisen skaper en potensielt irreversibel IT-risiko. Hvis en angriper skulle klare \u00e5 trenge inn i arkivet, <strong>det ville kompromittere passasjerenes identitetsegenskaper<\/strong>siden et menneskeansikt ikke kan tilbakestilles eller endres som et passord. Denne risikofaktoren ble forsterket av totalen <strong>mangel p\u00e5 datakryptering<\/strong>dvs. frav\u00e6ret av de algoritmene som maskerer sensitiv informasjon som gj\u00f8r den uleselig uten hjelp av en spesifikk kryptografisk n\u00f8kkel.<\/p>\n<p>En ytterligere anomali gjaldt bl.a <strong>datalagringstider p\u00e5 databaser<\/strong>. Passasjerer kunne velge om de skulle melde seg p\u00e5 systemet for en enkelt flyvning eller holde profilen aktiv p\u00e5 lang sikt, men unders\u00f8kelsen fant at <strong>infrastrukturen fanget opp sensitiv informasjon i opptil et helt kalender\u00e5r<\/strong>enormt \u00f8kende s\u00e5rbarhet for digitalt tyveri. For \u00e5 gj\u00f8re det generelle bildet verre, fremhevet inspeksjonen et plassproblem: \u00e5 v\u00e6re den <strong>passasjer av hybrid karakter<\/strong>kameraets linser ervervet konstant de biometriske egenskapene til selv de som bare passerte ved \u00e5 bruke standardbanene uten noen gang \u00e5 ha gitt sitt informerte samtykke, alt forverret av en personverninformasjon gitt til offentligheten ansett som un\u00f8yaktig.<\/p>\n<p>Alle disse \u00e5rsakene er godt oppsummert i det offisielle notatet utstedt av garantisten selv, tilgjengelig p\u00e5 nettstedet, delvis gjengitt nedenfor:<\/p>\n<blockquote>\n<p>Myndigheten, under etterforskningen som ble igangsatt ex officio, konstaterte at \u00abFaceBoarding\u00bb bryter med GDPR og er spesielt i motsetning til EDPBs mening om bruken av ansiktsgjenkjenning p\u00e5 flyplassen. Faktisk krever systemet at de biometriske dataene som er innhentet i sin helhet lagres sentralt p\u00e5 SEAs servere, noe som hindrer passasjerer i \u00e5 ut\u00f8ve eksklusiv kontroll over dataene deres. Garanten fant ogs\u00e5 at SEA ikke har tatt i bruk krypteringstiltak for biometriske modeller; beholdt malene i en for lang periode (opptil 12 m\u00e5neder), og dermed f\u00f8rt til en betydelig \u00f8kning i risikoen for brudd p\u00e5 personopplysninger, og utstedt informasjon med un\u00f8yaktig informasjon. Videre skaffet selskapet, uten deres samtykke, bilder av ansiktene til passasjerer som, til tross for at de ikke ble med i \u00abFaceBoarding\u00bb, brukte hybridportene.<\/p>\n<\/blockquote><\/div>\n","protected":false},"excerpt":{"rendered":"<p>De Personverngarantist krasjet systemet FaceBoarding avMilano Linate flyplasserkl\u00e6rer behandlingen av personopplysninger som administreres av SEA-selskapet<\/p>\n","protected":false},"author":1,"featured_media":17071,"comment_status":"closed","ping_status":"open","sticky":false,"template":"","format":"standard","meta":{"footnotes":""},"categories":[25],"tags":[9968,11023,717,101,10958,6331,10793],"class_list":["post-17070","post","type-post","status-publish","format-standard","has-post-thumbnail","hentry","category-teknologi","tag-erklaerte","tag-faceboarding","tag-hos","tag-hvorfor","tag-milanlinate","tag-personverngarantisten","tag-ulovlig","generate-columns","tablet-grid-50","mobile-grid-100","grid-parent","grid-33","resize-featured-image"],"yoast_head":"<!-- This site is optimized with the Yoast SEO plugin v24.4 - https:\/\/yoast.com\/wordpress\/plugins\/seo\/ -->\n<title>Hvorfor erkl\u00e6rte personverngarantisten FaceBoarding hos Milan-Linate for &quot;ulovlig&quot;? - Nordnesrepublikken<\/title>\n<meta name=\"robots\" content=\"index, follow, max-snippet:-1, max-image-preview:large, max-video-preview:-1\" \/>\n<link rel=\"canonical\" href=\"https:\/\/nordnesrepublikken.no\/index.php\/2026\/04\/16\/hvorfor-erklaerte-personverngarantisten-faceboarding-hos-milan-linate-for-ulovlig\/\" \/>\n<meta property=\"og:locale\" content=\"nb_NO\" \/>\n<meta property=\"og:type\" content=\"article\" \/>\n<meta property=\"og:title\" content=\"Hvorfor erkl\u00e6rte personverngarantisten FaceBoarding hos Milan-Linate for &quot;ulovlig&quot;? - Nordnesrepublikken\" \/>\n<meta property=\"og:description\" content=\"De Personverngarantist krasjet systemet FaceBoarding avMilano Linate flyplasserkl\u00e6rer behandlingen av personopplysninger som administreres av SEA-selskapet\" \/>\n<meta property=\"og:url\" content=\"https:\/\/nordnesrepublikken.no\/index.php\/2026\/04\/16\/hvorfor-erklaerte-personverngarantisten-faceboarding-hos-milan-linate-for-ulovlig\/\" \/>\n<meta property=\"og:site_name\" content=\"Nordnesrepublikken\" \/>\n<meta property=\"article:published_time\" content=\"2026-04-16T16:02:49+00:00\" \/>\n<meta property=\"article:modified_time\" content=\"2026-04-16T16:02:52+00:00\" \/>\n<meta property=\"og:image\" content=\"https:\/\/nordnesrepublikken.no\/wp-content\/uploads\/2026\/04\/1776355370_Hvorfor-erklaerte-personverngarantisten-FaceBoarding-hos-Milan-Linate-for-ulovlig.jpg\" \/>\n\t<meta property=\"og:image:width\" content=\"2104\" \/>\n\t<meta property=\"og:image:height\" content=\"1424\" \/>\n\t<meta property=\"og:image:type\" content=\"image\/jpeg\" \/>\n<meta name=\"author\" content=\"Ole Andersen\" \/>\n<meta name=\"twitter:card\" content=\"summary_large_image\" \/>\n<meta name=\"twitter:label1\" content=\"Skrevet av\" \/>\n\t<meta name=\"twitter:data1\" content=\"Ole Andersen\" \/>\n\t<meta name=\"twitter:label2\" content=\"Ansl. lesetid\" \/>\n\t<meta name=\"twitter:data2\" content=\"3 minutter\" \/>\n<script type=\"application\/ld+json\" class=\"yoast-schema-graph\">{\"@context\":\"https:\/\/schema.org\",\"@graph\":[{\"@type\":\"Article\",\"@id\":\"https:\/\/nordnesrepublikken.no\/index.php\/2026\/04\/16\/hvorfor-erklaerte-personverngarantisten-faceboarding-hos-milan-linate-for-ulovlig\/#article\",\"isPartOf\":{\"@id\":\"https:\/\/nordnesrepublikken.no\/index.php\/2026\/04\/16\/hvorfor-erklaerte-personverngarantisten-faceboarding-hos-milan-linate-for-ulovlig\/\"},\"author\":{\"name\":\"Ole Andersen\",\"@id\":\"https:\/\/nordnesrepublikken.no\/#\/schema\/person\/2e7e81935bab77882fffb79296240ff1\"},\"headline\":\"Hvorfor erkl\u00e6rte personverngarantisten FaceBoarding hos Milan-Linate for &laquo;ulovlig&raquo;?\",\"datePublished\":\"2026-04-16T16:02:49+00:00\",\"dateModified\":\"2026-04-16T16:02:52+00:00\",\"mainEntityOfPage\":{\"@id\":\"https:\/\/nordnesrepublikken.no\/index.php\/2026\/04\/16\/hvorfor-erklaerte-personverngarantisten-faceboarding-hos-milan-linate-for-ulovlig\/\"},\"wordCount\":687,\"publisher\":{\"@id\":\"https:\/\/nordnesrepublikken.no\/#organization\"},\"image\":{\"@id\":\"https:\/\/nordnesrepublikken.no\/index.php\/2026\/04\/16\/hvorfor-erklaerte-personverngarantisten-faceboarding-hos-milan-linate-for-ulovlig\/#primaryimage\"},\"thumbnailUrl\":\"https:\/\/nordnesrepublikken.no\/wp-content\/uploads\/2026\/04\/1776355370_Hvorfor-erklaerte-personverngarantisten-FaceBoarding-hos-Milan-Linate-for-ulovlig.jpg\",\"keywords\":[\"erkl\u00e6rte\",\"FaceBoarding\",\"hos\",\"hvorfor\",\"MilanLinate\",\"personverngarantisten\",\"ulovlig\"],\"articleSection\":[\"Teknologi\"],\"inLanguage\":\"nb-NO\"},{\"@type\":\"WebPage\",\"@id\":\"https:\/\/nordnesrepublikken.no\/index.php\/2026\/04\/16\/hvorfor-erklaerte-personverngarantisten-faceboarding-hos-milan-linate-for-ulovlig\/\",\"url\":\"https:\/\/nordnesrepublikken.no\/index.php\/2026\/04\/16\/hvorfor-erklaerte-personverngarantisten-faceboarding-hos-milan-linate-for-ulovlig\/\",\"name\":\"Hvorfor erkl\u00e6rte personverngarantisten FaceBoarding hos Milan-Linate for \\\"ulovlig\\\"? - Nordnesrepublikken\",\"isPartOf\":{\"@id\":\"https:\/\/nordnesrepublikken.no\/#website\"},\"primaryImageOfPage\":{\"@id\":\"https:\/\/nordnesrepublikken.no\/index.php\/2026\/04\/16\/hvorfor-erklaerte-personverngarantisten-faceboarding-hos-milan-linate-for-ulovlig\/#primaryimage\"},\"image\":{\"@id\":\"https:\/\/nordnesrepublikken.no\/index.php\/2026\/04\/16\/hvorfor-erklaerte-personverngarantisten-faceboarding-hos-milan-linate-for-ulovlig\/#primaryimage\"},\"thumbnailUrl\":\"https:\/\/nordnesrepublikken.no\/wp-content\/uploads\/2026\/04\/1776355370_Hvorfor-erklaerte-personverngarantisten-FaceBoarding-hos-Milan-Linate-for-ulovlig.jpg\",\"datePublished\":\"2026-04-16T16:02:49+00:00\",\"dateModified\":\"2026-04-16T16:02:52+00:00\",\"breadcrumb\":{\"@id\":\"https:\/\/nordnesrepublikken.no\/index.php\/2026\/04\/16\/hvorfor-erklaerte-personverngarantisten-faceboarding-hos-milan-linate-for-ulovlig\/#breadcrumb\"},\"inLanguage\":\"nb-NO\",\"potentialAction\":[{\"@type\":\"ReadAction\",\"target\":[\"https:\/\/nordnesrepublikken.no\/index.php\/2026\/04\/16\/hvorfor-erklaerte-personverngarantisten-faceboarding-hos-milan-linate-for-ulovlig\/\"]}]},{\"@type\":\"ImageObject\",\"inLanguage\":\"nb-NO\",\"@id\":\"https:\/\/nordnesrepublikken.no\/index.php\/2026\/04\/16\/hvorfor-erklaerte-personverngarantisten-faceboarding-hos-milan-linate-for-ulovlig\/#primaryimage\",\"url\":\"https:\/\/nordnesrepublikken.no\/wp-content\/uploads\/2026\/04\/1776355370_Hvorfor-erklaerte-personverngarantisten-FaceBoarding-hos-Milan-Linate-for-ulovlig.jpg\",\"contentUrl\":\"https:\/\/nordnesrepublikken.no\/wp-content\/uploads\/2026\/04\/1776355370_Hvorfor-erklaerte-personverngarantisten-FaceBoarding-hos-Milan-Linate-for-ulovlig.jpg\",\"width\":2104,\"height\":1424,\"caption\":\"Hvorfor erkl\u00e6rte personverngarantisten FaceBoarding hos Milan-Linate for \\\"ulovlig\\\"?\"},{\"@type\":\"BreadcrumbList\",\"@id\":\"https:\/\/nordnesrepublikken.no\/index.php\/2026\/04\/16\/hvorfor-erklaerte-personverngarantisten-faceboarding-hos-milan-linate-for-ulovlig\/#breadcrumb\",\"itemListElement\":[{\"@type\":\"ListItem\",\"position\":1,\"name\":\"Home\",\"item\":\"https:\/\/nordnesrepublikken.no\/\"},{\"@type\":\"ListItem\",\"position\":2,\"name\":\"Hvorfor erkl\u00e6rte personverngarantisten FaceBoarding hos Milan-Linate for &laquo;ulovlig&raquo;?\"}]},{\"@type\":\"WebSite\",\"@id\":\"https:\/\/nordnesrepublikken.no\/#website\",\"url\":\"https:\/\/nordnesrepublikken.no\/\",\"name\":\"Nordnesrepublikken\",\"description\":\"Stemmer og Visjoner fra Republikkens Hjerte\",\"publisher\":{\"@id\":\"https:\/\/nordnesrepublikken.no\/#organization\"},\"potentialAction\":[{\"@type\":\"SearchAction\",\"target\":{\"@type\":\"EntryPoint\",\"urlTemplate\":\"https:\/\/nordnesrepublikken.no\/?s={search_term_string}\"},\"query-input\":{\"@type\":\"PropertyValueSpecification\",\"valueRequired\":true,\"valueName\":\"search_term_string\"}}],\"inLanguage\":\"nb-NO\"},{\"@type\":\"Organization\",\"@id\":\"https:\/\/nordnesrepublikken.no\/#organization\",\"name\":\"Nordnesrepublikken\",\"url\":\"https:\/\/nordnesrepublikken.no\/\",\"logo\":{\"@type\":\"ImageObject\",\"inLanguage\":\"nb-NO\",\"@id\":\"https:\/\/nordnesrepublikken.no\/#\/schema\/logo\/image\/\",\"url\":\"https:\/\/nordnesrepublikken.no\/wp-content\/uploads\/2025\/02\/cropped-nordnesrepublikken-2.png\",\"contentUrl\":\"https:\/\/nordnesrepublikken.no\/wp-content\/uploads\/2025\/02\/cropped-nordnesrepublikken-2.png\",\"width\":1248,\"height\":362,\"caption\":\"Nordnesrepublikken\"},\"image\":{\"@id\":\"https:\/\/nordnesrepublikken.no\/#\/schema\/logo\/image\/\"}},{\"@type\":\"Person\",\"@id\":\"https:\/\/nordnesrepublikken.no\/#\/schema\/person\/2e7e81935bab77882fffb79296240ff1\",\"name\":\"Ole Andersen\",\"image\":{\"@type\":\"ImageObject\",\"inLanguage\":\"nb-NO\",\"@id\":\"https:\/\/nordnesrepublikken.no\/#\/schema\/person\/image\/\",\"url\":\"https:\/\/nordnesrepublikken.no\/wp-content\/uploads\/2025\/02\/nordnesrepublikken-2-2-150x150.jpg\",\"contentUrl\":\"https:\/\/nordnesrepublikken.no\/wp-content\/uploads\/2025\/02\/nordnesrepublikken-2-2-150x150.jpg\",\"caption\":\"Ole Andersen\"},\"description\":\"Ettersom jeg vokste opp i Oslo, har jeg alltid v\u00e6rt fascinert av ordenes kraft og deres evne til \u00e5 skape endringer. Etter \u00e5 ha fullf\u00f8rt min utdannelse i kommunikasjon ved Universitetet i Bergen, fikk jeg muligheten til \u00e5 jobbe innen ulike medier, der jeg har s\u00f8kt \u00e5 belyse viktige samfunnssp\u00f8rsm\u00e5l. I dag, som redakt\u00f8r for Nordnesrepublikken, pr\u00f8ver jeg \u00e5 forene min kj\u00e6rlighet for journalistikk med min lidenskap for innovasjon og eventyr.\",\"sameAs\":[\"https:\/\/nordnesrepublikken.no\/\"]}]}<\/script>\n<!-- \/ Yoast SEO plugin. -->","yoast_head_json":{"title":"Hvorfor erkl\u00e6rte personverngarantisten FaceBoarding hos Milan-Linate for \"ulovlig\"? - Nordnesrepublikken","robots":{"index":"index","follow":"follow","max-snippet":"max-snippet:-1","max-image-preview":"max-image-preview:large","max-video-preview":"max-video-preview:-1"},"canonical":"https:\/\/nordnesrepublikken.no\/index.php\/2026\/04\/16\/hvorfor-erklaerte-personverngarantisten-faceboarding-hos-milan-linate-for-ulovlig\/","og_locale":"nb_NO","og_type":"article","og_title":"Hvorfor erkl\u00e6rte personverngarantisten FaceBoarding hos Milan-Linate for \"ulovlig\"? - Nordnesrepublikken","og_description":"De Personverngarantist krasjet systemet FaceBoarding avMilano Linate flyplasserkl\u00e6rer behandlingen av personopplysninger som administreres av SEA-selskapet","og_url":"https:\/\/nordnesrepublikken.no\/index.php\/2026\/04\/16\/hvorfor-erklaerte-personverngarantisten-faceboarding-hos-milan-linate-for-ulovlig\/","og_site_name":"Nordnesrepublikken","article_published_time":"2026-04-16T16:02:49+00:00","article_modified_time":"2026-04-16T16:02:52+00:00","og_image":[{"width":2104,"height":1424,"url":"https:\/\/nordnesrepublikken.no\/wp-content\/uploads\/2026\/04\/1776355370_Hvorfor-erklaerte-personverngarantisten-FaceBoarding-hos-Milan-Linate-for-ulovlig.jpg","type":"image\/jpeg"}],"author":"Ole Andersen","twitter_card":"summary_large_image","twitter_misc":{"Skrevet av":"Ole Andersen","Ansl. lesetid":"3 minutter"},"schema":{"@context":"https:\/\/schema.org","@graph":[{"@type":"Article","@id":"https:\/\/nordnesrepublikken.no\/index.php\/2026\/04\/16\/hvorfor-erklaerte-personverngarantisten-faceboarding-hos-milan-linate-for-ulovlig\/#article","isPartOf":{"@id":"https:\/\/nordnesrepublikken.no\/index.php\/2026\/04\/16\/hvorfor-erklaerte-personverngarantisten-faceboarding-hos-milan-linate-for-ulovlig\/"},"author":{"name":"Ole Andersen","@id":"https:\/\/nordnesrepublikken.no\/#\/schema\/person\/2e7e81935bab77882fffb79296240ff1"},"headline":"Hvorfor erkl\u00e6rte personverngarantisten FaceBoarding hos Milan-Linate for &laquo;ulovlig&raquo;?","datePublished":"2026-04-16T16:02:49+00:00","dateModified":"2026-04-16T16:02:52+00:00","mainEntityOfPage":{"@id":"https:\/\/nordnesrepublikken.no\/index.php\/2026\/04\/16\/hvorfor-erklaerte-personverngarantisten-faceboarding-hos-milan-linate-for-ulovlig\/"},"wordCount":687,"publisher":{"@id":"https:\/\/nordnesrepublikken.no\/#organization"},"image":{"@id":"https:\/\/nordnesrepublikken.no\/index.php\/2026\/04\/16\/hvorfor-erklaerte-personverngarantisten-faceboarding-hos-milan-linate-for-ulovlig\/#primaryimage"},"thumbnailUrl":"https:\/\/nordnesrepublikken.no\/wp-content\/uploads\/2026\/04\/1776355370_Hvorfor-erklaerte-personverngarantisten-FaceBoarding-hos-Milan-Linate-for-ulovlig.jpg","keywords":["erkl\u00e6rte","FaceBoarding","hos","hvorfor","MilanLinate","personverngarantisten","ulovlig"],"articleSection":["Teknologi"],"inLanguage":"nb-NO"},{"@type":"WebPage","@id":"https:\/\/nordnesrepublikken.no\/index.php\/2026\/04\/16\/hvorfor-erklaerte-personverngarantisten-faceboarding-hos-milan-linate-for-ulovlig\/","url":"https:\/\/nordnesrepublikken.no\/index.php\/2026\/04\/16\/hvorfor-erklaerte-personverngarantisten-faceboarding-hos-milan-linate-for-ulovlig\/","name":"Hvorfor erkl\u00e6rte personverngarantisten FaceBoarding hos Milan-Linate for \"ulovlig\"? - Nordnesrepublikken","isPartOf":{"@id":"https:\/\/nordnesrepublikken.no\/#website"},"primaryImageOfPage":{"@id":"https:\/\/nordnesrepublikken.no\/index.php\/2026\/04\/16\/hvorfor-erklaerte-personverngarantisten-faceboarding-hos-milan-linate-for-ulovlig\/#primaryimage"},"image":{"@id":"https:\/\/nordnesrepublikken.no\/index.php\/2026\/04\/16\/hvorfor-erklaerte-personverngarantisten-faceboarding-hos-milan-linate-for-ulovlig\/#primaryimage"},"thumbnailUrl":"https:\/\/nordnesrepublikken.no\/wp-content\/uploads\/2026\/04\/1776355370_Hvorfor-erklaerte-personverngarantisten-FaceBoarding-hos-Milan-Linate-for-ulovlig.jpg","datePublished":"2026-04-16T16:02:49+00:00","dateModified":"2026-04-16T16:02:52+00:00","breadcrumb":{"@id":"https:\/\/nordnesrepublikken.no\/index.php\/2026\/04\/16\/hvorfor-erklaerte-personverngarantisten-faceboarding-hos-milan-linate-for-ulovlig\/#breadcrumb"},"inLanguage":"nb-NO","potentialAction":[{"@type":"ReadAction","target":["https:\/\/nordnesrepublikken.no\/index.php\/2026\/04\/16\/hvorfor-erklaerte-personverngarantisten-faceboarding-hos-milan-linate-for-ulovlig\/"]}]},{"@type":"ImageObject","inLanguage":"nb-NO","@id":"https:\/\/nordnesrepublikken.no\/index.php\/2026\/04\/16\/hvorfor-erklaerte-personverngarantisten-faceboarding-hos-milan-linate-for-ulovlig\/#primaryimage","url":"https:\/\/nordnesrepublikken.no\/wp-content\/uploads\/2026\/04\/1776355370_Hvorfor-erklaerte-personverngarantisten-FaceBoarding-hos-Milan-Linate-for-ulovlig.jpg","contentUrl":"https:\/\/nordnesrepublikken.no\/wp-content\/uploads\/2026\/04\/1776355370_Hvorfor-erklaerte-personverngarantisten-FaceBoarding-hos-Milan-Linate-for-ulovlig.jpg","width":2104,"height":1424,"caption":"Hvorfor erkl\u00e6rte personverngarantisten FaceBoarding hos Milan-Linate for \"ulovlig\"?"},{"@type":"BreadcrumbList","@id":"https:\/\/nordnesrepublikken.no\/index.php\/2026\/04\/16\/hvorfor-erklaerte-personverngarantisten-faceboarding-hos-milan-linate-for-ulovlig\/#breadcrumb","itemListElement":[{"@type":"ListItem","position":1,"name":"Home","item":"https:\/\/nordnesrepublikken.no\/"},{"@type":"ListItem","position":2,"name":"Hvorfor erkl\u00e6rte personverngarantisten FaceBoarding hos Milan-Linate for &laquo;ulovlig&raquo;?"}]},{"@type":"WebSite","@id":"https:\/\/nordnesrepublikken.no\/#website","url":"https:\/\/nordnesrepublikken.no\/","name":"Nordnesrepublikken","description":"Stemmer og Visjoner fra Republikkens Hjerte","publisher":{"@id":"https:\/\/nordnesrepublikken.no\/#organization"},"potentialAction":[{"@type":"SearchAction","target":{"@type":"EntryPoint","urlTemplate":"https:\/\/nordnesrepublikken.no\/?s={search_term_string}"},"query-input":{"@type":"PropertyValueSpecification","valueRequired":true,"valueName":"search_term_string"}}],"inLanguage":"nb-NO"},{"@type":"Organization","@id":"https:\/\/nordnesrepublikken.no\/#organization","name":"Nordnesrepublikken","url":"https:\/\/nordnesrepublikken.no\/","logo":{"@type":"ImageObject","inLanguage":"nb-NO","@id":"https:\/\/nordnesrepublikken.no\/#\/schema\/logo\/image\/","url":"https:\/\/nordnesrepublikken.no\/wp-content\/uploads\/2025\/02\/cropped-nordnesrepublikken-2.png","contentUrl":"https:\/\/nordnesrepublikken.no\/wp-content\/uploads\/2025\/02\/cropped-nordnesrepublikken-2.png","width":1248,"height":362,"caption":"Nordnesrepublikken"},"image":{"@id":"https:\/\/nordnesrepublikken.no\/#\/schema\/logo\/image\/"}},{"@type":"Person","@id":"https:\/\/nordnesrepublikken.no\/#\/schema\/person\/2e7e81935bab77882fffb79296240ff1","name":"Ole Andersen","image":{"@type":"ImageObject","inLanguage":"nb-NO","@id":"https:\/\/nordnesrepublikken.no\/#\/schema\/person\/image\/","url":"https:\/\/nordnesrepublikken.no\/wp-content\/uploads\/2025\/02\/nordnesrepublikken-2-2-150x150.jpg","contentUrl":"https:\/\/nordnesrepublikken.no\/wp-content\/uploads\/2025\/02\/nordnesrepublikken-2-2-150x150.jpg","caption":"Ole Andersen"},"description":"Ettersom jeg vokste opp i Oslo, har jeg alltid v\u00e6rt fascinert av ordenes kraft og deres evne til \u00e5 skape endringer. Etter \u00e5 ha fullf\u00f8rt min utdannelse i kommunikasjon ved Universitetet i Bergen, fikk jeg muligheten til \u00e5 jobbe innen ulike medier, der jeg har s\u00f8kt \u00e5 belyse viktige samfunnssp\u00f8rsm\u00e5l. I dag, som redakt\u00f8r for Nordnesrepublikken, pr\u00f8ver jeg \u00e5 forene min kj\u00e6rlighet for journalistikk med min lidenskap for innovasjon og eventyr.","sameAs":["https:\/\/nordnesrepublikken.no\/"]}]}},"_links":{"self":[{"href":"https:\/\/nordnesrepublikken.no\/index.php\/wp-json\/wp\/v2\/posts\/17070","targetHints":{"allow":["GET"]}}],"collection":[{"href":"https:\/\/nordnesrepublikken.no\/index.php\/wp-json\/wp\/v2\/posts"}],"about":[{"href":"https:\/\/nordnesrepublikken.no\/index.php\/wp-json\/wp\/v2\/types\/post"}],"author":[{"embeddable":true,"href":"https:\/\/nordnesrepublikken.no\/index.php\/wp-json\/wp\/v2\/users\/1"}],"replies":[{"embeddable":true,"href":"https:\/\/nordnesrepublikken.no\/index.php\/wp-json\/wp\/v2\/comments?post=17070"}],"version-history":[{"count":1,"href":"https:\/\/nordnesrepublikken.no\/index.php\/wp-json\/wp\/v2\/posts\/17070\/revisions"}],"predecessor-version":[{"id":17072,"href":"https:\/\/nordnesrepublikken.no\/index.php\/wp-json\/wp\/v2\/posts\/17070\/revisions\/17072"}],"wp:featuredmedia":[{"embeddable":true,"href":"https:\/\/nordnesrepublikken.no\/index.php\/wp-json\/wp\/v2\/media\/17071"}],"wp:attachment":[{"href":"https:\/\/nordnesrepublikken.no\/index.php\/wp-json\/wp\/v2\/media?parent=17070"}],"wp:term":[{"taxonomy":"category","embeddable":true,"href":"https:\/\/nordnesrepublikken.no\/index.php\/wp-json\/wp\/v2\/categories?post=17070"},{"taxonomy":"post_tag","embeddable":true,"href":"https:\/\/nordnesrepublikken.no\/index.php\/wp-json\/wp\/v2\/tags?post=17070"}],"curies":[{"name":"wp","href":"https:\/\/api.w.org\/{rel}","templated":true}]}}