{"id":17061,"date":"2026-04-16T16:02:13","date_gmt":"2026-04-16T14:02:13","guid":{"rendered":"https:\/\/nordnesrepublikken.no\/index.php\/2026\/04\/16\/iran-truer-med-a-blokkere-rodehavet-bab-el-mandeb-stredet-er-i-fare-de-mulige-konsekvensene\/"},"modified":"2026-04-16T16:02:18","modified_gmt":"2026-04-16T14:02:18","slug":"iran-truer-med-a-blokkere-rodehavet-bab-el-mandeb-stredet-er-i-fare-de-mulige-konsekvensene","status":"publish","type":"post","link":"https:\/\/nordnesrepublikken.no\/index.php\/2026\/04\/16\/iran-truer-med-a-blokkere-rodehavet-bab-el-mandeb-stredet-er-i-fare-de-mulige-konsekvensene\/","title":{"rendered":"Iran truer med \u00e5 blokkere R\u00f8dehavet, Bab el-Mandeb-stredet er i fare: de mulige konsekvensene"},"content":{"rendered":"<div>\n<div class=\"cp_wrapper cp_wrapper--fw mb-30 mb-20@tablet\">\n<figure class=\"mm\"><picture class=\"img\" style=\"padding-top:56.25%\"><source  media=\"(min-width: 1024px)\"><source  media=\"(min-width: 768px)\"><\/source><\/source><\/picture><\/figure>\n<\/p><\/div>\n<p>Etter det<strong> USA<\/strong> de innf\u00f8rte en marineblokade p\u00e5 <strong>Hormuzstredet<\/strong> \u2013 allerede stengt siden begynnelsen av Midt\u00f8sten-krigen mellom Iran, USA og Israel \u2013 Teheran har truet med \u00e5 blokkere sj\u00f8trafikken ogs\u00e5 i R\u00f8dehavet, og hindre tilgang til Bab el-Mandeb-stredet. Sundet representerer <strong>en av de tre <em>chokepoint<\/em> essensielle i Midt\u00f8sten<\/strong> (sammen med Hormuz-stredet og Suez-kanalen) som<strong> forbinder R\u00f8dehavet<\/strong> til<strong>Det indiske hav<\/strong> over Adenbukta, som ligger mellom Yemen, Djibouti og Eritrea.<\/p>\n<p>Det er derfor et avgj\u00f8rende maritimt knutepunkt for <strong>global handel<\/strong>som flere tusen containerskip og oljetankere passerer gjennom hver dag, satte hovedsakelig kursen mot Europa gjennom Suez-kanalen, som gir direkte tilgang til Middelhavet.<\/p>\n<p>Men i motsetning til Hormuz, hvorav en del er under direkte kontroll av Iran, er Bab el-Mandeb-stredet under innflytelsessf\u00e6ren av <strong>Houthier fra Yemen<\/strong>den pro-iranske v\u00e6pnede gruppen del av den s\u00e5kalte &laquo;<strong>Motstandsakse<\/strong>\u201d, som allerede hadde intensivert angrep mot transittende kommersielle skip i 2023 som et svar p\u00e5 den israelske invasjonen av <strong>Gazastripen. <\/strong><\/p>\n<p>En eventuell stenging av begge Midt\u00f8sten-sundene vil blokkere ca <strong>en fjerdedel av verdens energiforsyninger<\/strong>med s\u00e6rlig store konsekvenser, spesielt for Europa. Hvis det maritime knutepunktet p\u00e5 noen m\u00e5te ble hindret, ville skipene faktisk blitt tvunget til det <b>omg\u00e5 Afrika<\/b> passerer Kapp det gode h\u00e5p, og forlenger<b> ganger<\/b> uker med reise, med store konsekvenser for prisene.<\/p>\n<h2>Hvor Bab el-Mandeb-stredet ligger og hvorfor det er viktig for global trafikk<\/h2>\n<p>De <strong>Bab el-Mandeb (som p\u00e5 arabisk betyr<\/strong> &laquo;<strong>Door of Tears<\/strong>\u201d) er et sund som forbinder <strong>R\u00f8dehavet<\/strong> med <strong>Adenbukta<\/strong> og derfra med<strong>Det indiske hav<\/strong>. Det ligger mellom vestkysten av <strong>Jemen, som ligger nord-\u00f8st for sundet, <\/strong>og kysten av <strong>Djibouti, <\/strong>p\u00e5 Afrikas horn, som ligger s\u00f8r-vest. Fra et synspunkt av geografisk konformasjon er sundet naturlig delt i to kanaler av \u00f8ya Perim: internasjonal sj\u00f8trafikk g\u00e5r hovedsakelig gjennom den vestlige kanalen, omtrent 26 km bred og omtrent 200 meter dyp. Den \u00f8stlige kanalen, som n\u00e5r bare 30 meter dyp og 3 km bred, brukes til lokaltrafikk og sm\u00e5b\u00e5ter.<\/p>\n<p>Den strategiske betydningen av stredet <strong>Bab el-Mandeb <\/strong>har vokst enormt siden<strong>\u00e5pningen av Suez-kanalen i 1869<\/strong>som gjorde det mulig for maritim handel mellom Asia og Europa \u00e5 unng\u00e5 \u00e5 omg\u00e5 Afrika ved \u00e5 passere direkte gjennom R\u00f8dehavet og derfra g\u00e5 direkte inn i Middelhavet.<\/p>\n<p>I dag regnes Bab el-Mandeb som den <strong>tredje travleste chokepoint<\/strong> for verdenshandelen <strong>petrolium<\/strong>etter Malaccastredet (som ligger mellom Malaysia og Indonesia) og Hormuz. If\u00f8lge det som ble rapportert av US Energy Information Agency (EIA), volumet<b> av olje <\/b>transitt gjennom Bab el-Mandeb-stredet gikk fra 5,7 millioner fat per dag i 2020 til br\u00f8nn<strong> 9,3 millioner fat per dag i 2023.<\/strong> Etter starten av Houthi-angrepene i sundet, reduserte transitten av r\u00e5olje gjennom dette sjekkpunktet, og falt til <strong>4,1 millioner fat per dag i 2024<\/strong> (omtrent 5 % av den globale totalen) og til 4,2 millioner fat per dag i f\u00f8rste halvdel av 2025.<\/p>\n<div class=\"cp_wrapper cp_wrapper--fw mb-50\">\n<figure class=\"mm\"><picture class=\"img\" style=\"padding-top:133.92857142857%\"><source  media=\"(min-width: 1024px)\"><source  media=\"(min-width: 768px)\"><img decoding=\"async\" loading=\"lazy\" src=\"https:\/\/nordnesrepublikken.no\/wp-content\/uploads\/2026\/04\/1776348133_223_Iran-truer-med-a-blokkere-Rodehavet-Bab-el-Mandeb-stredet-er-i.jpg\" alt=\"chokepoints map Midt\u00f8sten ispi\" width=\"1792\" height=\"2400\"\/><\/source><\/source><\/picture><\/figure>\n<\/p><\/div>\n<h2>De mulige konsekvensene av en blokade av Bab el-Mandeb-stredet<\/h2>\n<p>En hypotetisk stenging av b\u00e5de Hormuzstredet og Bab el-Mandeb ville utgj\u00f8re en <strong>enest\u00e5ende scenario <\/strong>p\u00e5 globalt niv\u00e5, risikerer \u00e5 kompromittere, om ikke engang lammende, marinetrafikken mot Europa.<\/p>\n<p>Tatt i betraktning at rundt 20 % av den globale r\u00e5oljen passerer gjennom Hormuzstredet \u2013 n\u00e5r det er \u00e5pent \u2013 <strong>hvis Bab al-Mandeb og Hormuz<\/strong> de kom<strong> stengt samtidig<\/strong>Ja<strong> de ville blokkere omtrent 1\/4 av verdens forsyninger<\/strong> av olje. Problemene gjelder imidlertid ikke bare olje: fra Bab el-Mandeb-stredet <strong>omtrent 10 % av verdenshandelen g\u00e5r ogs\u00e5 gjennom<\/strong>med mange containere som kommer fra Kina, India og andre asiatiske land og satte kursen mot Europa.<\/p>\n<p>Sj\u00f8trafikken, selv i dag, har ikke blitt gjenopprettet til 2023-niv\u00e5er, og houthiene har de siste ukene erkl\u00e6rt at de har &laquo;de milit\u00e6re evner som er n\u00f8dvendige for \u00e5 beskytte Bab el-Mandeb-stredet&raquo;. I dette tilfellet kan houthiene kanskje <strong>fysisk blokkere tilgang for marinefart\u00f8yer<\/strong> eller, som i tilfellet med Hormuz, <strong>undergrave sundet<\/strong> av Bab el-Mandeb, noe som effektivt gj\u00f8r navigering farlig.<\/p>\n<p>Men hva blir de \u00f8konomiske konsekvensene ved en eventuell nedleggelse av dette maritime knutepunktet? I umiddelbar fremtid vil de \u00f8ke betydelig <strong>drivstoffpriser<\/strong> p\u00e5 grunn av lavere tilbud, med en <strong>kaskadeeffekt p\u00e5 regninger, mat og forbruksvarer.<\/strong> Rederier ville da bli tvunget til det <strong>omdirigere ruter<\/strong> rundt i Afrika, med \u00f8kte leveringstider og \u00f8kte frakt- og drivstoffkostnader. Risikoen ville da v\u00e6re en ytterligere risiko<strong> eskalering av konflikten<\/strong>med mulig involvering av Saudi-Arabia, hvis oljeeksport n\u00e5 er enormt avhengig av denne maritime strekningen.<\/p>\n<p>N\u00e5r det gjelder de mulige effektene p\u00e5 global handel, tenk bare p\u00e5 skaden for\u00e5rsaket i 2021 av grunnst\u00f8tingen av skipet <strong>Noen gang gitt<\/strong> i Suez-kanalen, som p\u00e5 bare 6 dager hadde for\u00e5rsaket tap p\u00e5 ca <strong>9 milliarder dollar om dagen<\/strong>.<\/p>\n<h2>Hvor reell er risikoen for en blokade av Bab el-Mandeb-stredet<\/h2>\n<p>De siste ukene har noen store rederier allerede omdirigert sine skipsruter til Bab el-Mandeb-stredet og Suez-kanalen i de tidlige stadiene av krigen mellom USA, Israel og Iran. Ikke overraskende, ogs\u00e5<strong>&#8216;Saudi-Arabia<\/strong>som til n\u00e5 hadde v\u00e6rt avhengig av Hormuzstredet for \u00e5 eksportere oljen sin, begynte \u00e5 bruke R\u00f8dehavshavnen Yanbu mer og oftere for \u00e5<strong>\u00e5 sende r\u00e5olje gjennom Bab al-Mandeb<\/strong>som effektivt avleder eksporten fra Persiabukta til R\u00f8dehavet.<\/p>\n<p>Det som gj\u00f8r muligheten for en blokade av Bab el-Mandeb-stredet til betong er det faktum at <strong>Houthier, <\/strong>tidligere har de allerede vist sin evne til \u00e5 forstyrre trafikken ved dette strupepunktet. Starter fra <strong>2023, faktisk,<\/strong> yemen-gruppen hadde trappet opp angrep mot kommersielle skip som passerte sundet, som svar p\u00e5 den israelske invasjonen av <strong>Gazastripen<\/strong>: konsekvensen ble et sammenbrudd i trafikken, som ble halvert i forhold til<strong> til vanlig kapasitet<\/strong>med mange selskaper tvunget til \u00e5 omdirigere sine ruter ved \u00e5 omg\u00e5 Afrika og passere rundt <strong>Kapp det gode h\u00e5p, S\u00f8r-Afrika<\/strong>.<\/p>\n<\/p><\/div>\n","protected":false},"excerpt":{"rendered":"<p>Etter det USA de innf\u00f8rte en marineblokade p\u00e5 Hormuzstredet \u2013 allerede stengt siden begynnelsen av<\/p>\n","protected":false},"author":1,"featured_media":17062,"comment_status":"closed","ping_status":"open","sticky":false,"template":"","format":"standard","meta":{"footnotes":""},"categories":[23],"tags":[11014,1809,11015,1416,3519,203,79,253,11013,2127],"class_list":["post-17061","post","type-post","status-publish","format-standard","has-post-thumbnail","hentry","category-politikk","tag-bab","tag-blokkere","tag-elmandebstredet","tag-fare","tag-iran","tag-konsekvensene","tag-med","tag-mulige","tag-rodehavet","tag-truer","generate-columns","tablet-grid-50","mobile-grid-100","grid-parent","grid-33","resize-featured-image"],"yoast_head":"<!-- This site is optimized with the Yoast SEO plugin v24.4 - https:\/\/yoast.com\/wordpress\/plugins\/seo\/ -->\n<title>Iran truer med \u00e5 blokkere R\u00f8dehavet, Bab el-Mandeb-stredet er i fare: de mulige konsekvensene - Nordnesrepublikken<\/title>\n<meta name=\"robots\" content=\"index, follow, max-snippet:-1, max-image-preview:large, max-video-preview:-1\" \/>\n<link rel=\"canonical\" href=\"https:\/\/nordnesrepublikken.no\/index.php\/2026\/04\/16\/iran-truer-med-a-blokkere-rodehavet-bab-el-mandeb-stredet-er-i-fare-de-mulige-konsekvensene\/\" \/>\n<meta property=\"og:locale\" content=\"nb_NO\" \/>\n<meta property=\"og:type\" content=\"article\" \/>\n<meta property=\"og:title\" content=\"Iran truer med \u00e5 blokkere R\u00f8dehavet, Bab el-Mandeb-stredet er i fare: de mulige konsekvensene - Nordnesrepublikken\" \/>\n<meta property=\"og:description\" content=\"Etter det USA de innf\u00f8rte en marineblokade p\u00e5 Hormuzstredet \u2013 allerede stengt siden begynnelsen av\" \/>\n<meta property=\"og:url\" content=\"https:\/\/nordnesrepublikken.no\/index.php\/2026\/04\/16\/iran-truer-med-a-blokkere-rodehavet-bab-el-mandeb-stredet-er-i-fare-de-mulige-konsekvensene\/\" \/>\n<meta property=\"og:site_name\" content=\"Nordnesrepublikken\" \/>\n<meta property=\"article:published_time\" content=\"2026-04-16T14:02:13+00:00\" \/>\n<meta property=\"article:modified_time\" content=\"2026-04-16T14:02:18+00:00\" \/>\n<meta property=\"og:image\" content=\"https:\/\/nordnesrepublikken.no\/wp-content\/uploads\/2026\/04\/1776348135_Iran-truer-med-a-blokkere-Rodehavet-Bab-el-Mandeb-stredet-er-i-scaled.jpg\" \/>\n\t<meta property=\"og:image:width\" content=\"2560\" \/>\n\t<meta property=\"og:image:height\" content=\"1429\" \/>\n\t<meta property=\"og:image:type\" content=\"image\/jpeg\" \/>\n<meta name=\"author\" content=\"Ole Andersen\" \/>\n<meta name=\"twitter:card\" content=\"summary_large_image\" \/>\n<meta name=\"twitter:label1\" content=\"Skrevet av\" \/>\n\t<meta name=\"twitter:data1\" content=\"Ole Andersen\" \/>\n\t<meta name=\"twitter:label2\" content=\"Ansl. lesetid\" \/>\n\t<meta name=\"twitter:data2\" content=\"5 minutter\" \/>\n<script type=\"application\/ld+json\" class=\"yoast-schema-graph\">{\"@context\":\"https:\/\/schema.org\",\"@graph\":[{\"@type\":\"Article\",\"@id\":\"https:\/\/nordnesrepublikken.no\/index.php\/2026\/04\/16\/iran-truer-med-a-blokkere-rodehavet-bab-el-mandeb-stredet-er-i-fare-de-mulige-konsekvensene\/#article\",\"isPartOf\":{\"@id\":\"https:\/\/nordnesrepublikken.no\/index.php\/2026\/04\/16\/iran-truer-med-a-blokkere-rodehavet-bab-el-mandeb-stredet-er-i-fare-de-mulige-konsekvensene\/\"},\"author\":{\"name\":\"Ole Andersen\",\"@id\":\"https:\/\/nordnesrepublikken.no\/#\/schema\/person\/2e7e81935bab77882fffb79296240ff1\"},\"headline\":\"Iran truer med \u00e5 blokkere R\u00f8dehavet, Bab el-Mandeb-stredet er i fare: de mulige konsekvensene\",\"datePublished\":\"2026-04-16T14:02:13+00:00\",\"dateModified\":\"2026-04-16T14:02:18+00:00\",\"mainEntityOfPage\":{\"@id\":\"https:\/\/nordnesrepublikken.no\/index.php\/2026\/04\/16\/iran-truer-med-a-blokkere-rodehavet-bab-el-mandeb-stredet-er-i-fare-de-mulige-konsekvensene\/\"},\"wordCount\":932,\"publisher\":{\"@id\":\"https:\/\/nordnesrepublikken.no\/#organization\"},\"image\":{\"@id\":\"https:\/\/nordnesrepublikken.no\/index.php\/2026\/04\/16\/iran-truer-med-a-blokkere-rodehavet-bab-el-mandeb-stredet-er-i-fare-de-mulige-konsekvensene\/#primaryimage\"},\"thumbnailUrl\":\"https:\/\/nordnesrepublikken.no\/wp-content\/uploads\/2026\/04\/1776348135_Iran-truer-med-a-blokkere-Rodehavet-Bab-el-Mandeb-stredet-er-i-scaled.jpg\",\"keywords\":[\"Bab\",\"blokkere\",\"elMandebstredet\",\"fare\",\"Iran\",\"konsekvensene\",\"med\",\"mulige\",\"R\u00f8dehavet\",\"truer\"],\"articleSection\":[\"Politikk\"],\"inLanguage\":\"nb-NO\"},{\"@type\":\"WebPage\",\"@id\":\"https:\/\/nordnesrepublikken.no\/index.php\/2026\/04\/16\/iran-truer-med-a-blokkere-rodehavet-bab-el-mandeb-stredet-er-i-fare-de-mulige-konsekvensene\/\",\"url\":\"https:\/\/nordnesrepublikken.no\/index.php\/2026\/04\/16\/iran-truer-med-a-blokkere-rodehavet-bab-el-mandeb-stredet-er-i-fare-de-mulige-konsekvensene\/\",\"name\":\"Iran truer med \u00e5 blokkere R\u00f8dehavet, Bab el-Mandeb-stredet er i fare: de mulige konsekvensene - Nordnesrepublikken\",\"isPartOf\":{\"@id\":\"https:\/\/nordnesrepublikken.no\/#website\"},\"primaryImageOfPage\":{\"@id\":\"https:\/\/nordnesrepublikken.no\/index.php\/2026\/04\/16\/iran-truer-med-a-blokkere-rodehavet-bab-el-mandeb-stredet-er-i-fare-de-mulige-konsekvensene\/#primaryimage\"},\"image\":{\"@id\":\"https:\/\/nordnesrepublikken.no\/index.php\/2026\/04\/16\/iran-truer-med-a-blokkere-rodehavet-bab-el-mandeb-stredet-er-i-fare-de-mulige-konsekvensene\/#primaryimage\"},\"thumbnailUrl\":\"https:\/\/nordnesrepublikken.no\/wp-content\/uploads\/2026\/04\/1776348135_Iran-truer-med-a-blokkere-Rodehavet-Bab-el-Mandeb-stredet-er-i-scaled.jpg\",\"datePublished\":\"2026-04-16T14:02:13+00:00\",\"dateModified\":\"2026-04-16T14:02:18+00:00\",\"breadcrumb\":{\"@id\":\"https:\/\/nordnesrepublikken.no\/index.php\/2026\/04\/16\/iran-truer-med-a-blokkere-rodehavet-bab-el-mandeb-stredet-er-i-fare-de-mulige-konsekvensene\/#breadcrumb\"},\"inLanguage\":\"nb-NO\",\"potentialAction\":[{\"@type\":\"ReadAction\",\"target\":[\"https:\/\/nordnesrepublikken.no\/index.php\/2026\/04\/16\/iran-truer-med-a-blokkere-rodehavet-bab-el-mandeb-stredet-er-i-fare-de-mulige-konsekvensene\/\"]}]},{\"@type\":\"ImageObject\",\"inLanguage\":\"nb-NO\",\"@id\":\"https:\/\/nordnesrepublikken.no\/index.php\/2026\/04\/16\/iran-truer-med-a-blokkere-rodehavet-bab-el-mandeb-stredet-er-i-fare-de-mulige-konsekvensene\/#primaryimage\",\"url\":\"https:\/\/nordnesrepublikken.no\/wp-content\/uploads\/2026\/04\/1776348135_Iran-truer-med-a-blokkere-Rodehavet-Bab-el-Mandeb-stredet-er-i-scaled.jpg\",\"contentUrl\":\"https:\/\/nordnesrepublikken.no\/wp-content\/uploads\/2026\/04\/1776348135_Iran-truer-med-a-blokkere-Rodehavet-Bab-el-Mandeb-stredet-er-i-scaled.jpg\",\"width\":2560,\"height\":1429,\"caption\":\"Iran truer med \u00e5 blokkere R\u00f8dehavet, Bab el-Mandeb-stredet er i fare: de mulige konsekvensene\"},{\"@type\":\"BreadcrumbList\",\"@id\":\"https:\/\/nordnesrepublikken.no\/index.php\/2026\/04\/16\/iran-truer-med-a-blokkere-rodehavet-bab-el-mandeb-stredet-er-i-fare-de-mulige-konsekvensene\/#breadcrumb\",\"itemListElement\":[{\"@type\":\"ListItem\",\"position\":1,\"name\":\"Home\",\"item\":\"https:\/\/nordnesrepublikken.no\/\"},{\"@type\":\"ListItem\",\"position\":2,\"name\":\"Iran truer med \u00e5 blokkere R\u00f8dehavet, Bab el-Mandeb-stredet er i fare: de mulige konsekvensene\"}]},{\"@type\":\"WebSite\",\"@id\":\"https:\/\/nordnesrepublikken.no\/#website\",\"url\":\"https:\/\/nordnesrepublikken.no\/\",\"name\":\"Nordnesrepublikken\",\"description\":\"Stemmer og Visjoner fra Republikkens Hjerte\",\"publisher\":{\"@id\":\"https:\/\/nordnesrepublikken.no\/#organization\"},\"potentialAction\":[{\"@type\":\"SearchAction\",\"target\":{\"@type\":\"EntryPoint\",\"urlTemplate\":\"https:\/\/nordnesrepublikken.no\/?s={search_term_string}\"},\"query-input\":{\"@type\":\"PropertyValueSpecification\",\"valueRequired\":true,\"valueName\":\"search_term_string\"}}],\"inLanguage\":\"nb-NO\"},{\"@type\":\"Organization\",\"@id\":\"https:\/\/nordnesrepublikken.no\/#organization\",\"name\":\"Nordnesrepublikken\",\"url\":\"https:\/\/nordnesrepublikken.no\/\",\"logo\":{\"@type\":\"ImageObject\",\"inLanguage\":\"nb-NO\",\"@id\":\"https:\/\/nordnesrepublikken.no\/#\/schema\/logo\/image\/\",\"url\":\"https:\/\/nordnesrepublikken.no\/wp-content\/uploads\/2025\/02\/cropped-nordnesrepublikken-2.png\",\"contentUrl\":\"https:\/\/nordnesrepublikken.no\/wp-content\/uploads\/2025\/02\/cropped-nordnesrepublikken-2.png\",\"width\":1248,\"height\":362,\"caption\":\"Nordnesrepublikken\"},\"image\":{\"@id\":\"https:\/\/nordnesrepublikken.no\/#\/schema\/logo\/image\/\"}},{\"@type\":\"Person\",\"@id\":\"https:\/\/nordnesrepublikken.no\/#\/schema\/person\/2e7e81935bab77882fffb79296240ff1\",\"name\":\"Ole Andersen\",\"image\":{\"@type\":\"ImageObject\",\"inLanguage\":\"nb-NO\",\"@id\":\"https:\/\/nordnesrepublikken.no\/#\/schema\/person\/image\/\",\"url\":\"https:\/\/nordnesrepublikken.no\/wp-content\/uploads\/2025\/02\/nordnesrepublikken-2-2-150x150.jpg\",\"contentUrl\":\"https:\/\/nordnesrepublikken.no\/wp-content\/uploads\/2025\/02\/nordnesrepublikken-2-2-150x150.jpg\",\"caption\":\"Ole Andersen\"},\"description\":\"Ettersom jeg vokste opp i Oslo, har jeg alltid v\u00e6rt fascinert av ordenes kraft og deres evne til \u00e5 skape endringer. Etter \u00e5 ha fullf\u00f8rt min utdannelse i kommunikasjon ved Universitetet i Bergen, fikk jeg muligheten til \u00e5 jobbe innen ulike medier, der jeg har s\u00f8kt \u00e5 belyse viktige samfunnssp\u00f8rsm\u00e5l. I dag, som redakt\u00f8r for Nordnesrepublikken, pr\u00f8ver jeg \u00e5 forene min kj\u00e6rlighet for journalistikk med min lidenskap for innovasjon og eventyr.\",\"sameAs\":[\"https:\/\/nordnesrepublikken.no\/\"]}]}<\/script>\n<!-- \/ Yoast SEO plugin. -->","yoast_head_json":{"title":"Iran truer med \u00e5 blokkere R\u00f8dehavet, Bab el-Mandeb-stredet er i fare: de mulige konsekvensene - Nordnesrepublikken","robots":{"index":"index","follow":"follow","max-snippet":"max-snippet:-1","max-image-preview":"max-image-preview:large","max-video-preview":"max-video-preview:-1"},"canonical":"https:\/\/nordnesrepublikken.no\/index.php\/2026\/04\/16\/iran-truer-med-a-blokkere-rodehavet-bab-el-mandeb-stredet-er-i-fare-de-mulige-konsekvensene\/","og_locale":"nb_NO","og_type":"article","og_title":"Iran truer med \u00e5 blokkere R\u00f8dehavet, Bab el-Mandeb-stredet er i fare: de mulige konsekvensene - Nordnesrepublikken","og_description":"Etter det USA de innf\u00f8rte en marineblokade p\u00e5 Hormuzstredet \u2013 allerede stengt siden begynnelsen av","og_url":"https:\/\/nordnesrepublikken.no\/index.php\/2026\/04\/16\/iran-truer-med-a-blokkere-rodehavet-bab-el-mandeb-stredet-er-i-fare-de-mulige-konsekvensene\/","og_site_name":"Nordnesrepublikken","article_published_time":"2026-04-16T14:02:13+00:00","article_modified_time":"2026-04-16T14:02:18+00:00","og_image":[{"width":2560,"height":1429,"url":"https:\/\/nordnesrepublikken.no\/wp-content\/uploads\/2026\/04\/1776348135_Iran-truer-med-a-blokkere-Rodehavet-Bab-el-Mandeb-stredet-er-i-scaled.jpg","type":"image\/jpeg"}],"author":"Ole Andersen","twitter_card":"summary_large_image","twitter_misc":{"Skrevet av":"Ole Andersen","Ansl. lesetid":"5 minutter"},"schema":{"@context":"https:\/\/schema.org","@graph":[{"@type":"Article","@id":"https:\/\/nordnesrepublikken.no\/index.php\/2026\/04\/16\/iran-truer-med-a-blokkere-rodehavet-bab-el-mandeb-stredet-er-i-fare-de-mulige-konsekvensene\/#article","isPartOf":{"@id":"https:\/\/nordnesrepublikken.no\/index.php\/2026\/04\/16\/iran-truer-med-a-blokkere-rodehavet-bab-el-mandeb-stredet-er-i-fare-de-mulige-konsekvensene\/"},"author":{"name":"Ole Andersen","@id":"https:\/\/nordnesrepublikken.no\/#\/schema\/person\/2e7e81935bab77882fffb79296240ff1"},"headline":"Iran truer med \u00e5 blokkere R\u00f8dehavet, Bab el-Mandeb-stredet er i fare: de mulige konsekvensene","datePublished":"2026-04-16T14:02:13+00:00","dateModified":"2026-04-16T14:02:18+00:00","mainEntityOfPage":{"@id":"https:\/\/nordnesrepublikken.no\/index.php\/2026\/04\/16\/iran-truer-med-a-blokkere-rodehavet-bab-el-mandeb-stredet-er-i-fare-de-mulige-konsekvensene\/"},"wordCount":932,"publisher":{"@id":"https:\/\/nordnesrepublikken.no\/#organization"},"image":{"@id":"https:\/\/nordnesrepublikken.no\/index.php\/2026\/04\/16\/iran-truer-med-a-blokkere-rodehavet-bab-el-mandeb-stredet-er-i-fare-de-mulige-konsekvensene\/#primaryimage"},"thumbnailUrl":"https:\/\/nordnesrepublikken.no\/wp-content\/uploads\/2026\/04\/1776348135_Iran-truer-med-a-blokkere-Rodehavet-Bab-el-Mandeb-stredet-er-i-scaled.jpg","keywords":["Bab","blokkere","elMandebstredet","fare","Iran","konsekvensene","med","mulige","R\u00f8dehavet","truer"],"articleSection":["Politikk"],"inLanguage":"nb-NO"},{"@type":"WebPage","@id":"https:\/\/nordnesrepublikken.no\/index.php\/2026\/04\/16\/iran-truer-med-a-blokkere-rodehavet-bab-el-mandeb-stredet-er-i-fare-de-mulige-konsekvensene\/","url":"https:\/\/nordnesrepublikken.no\/index.php\/2026\/04\/16\/iran-truer-med-a-blokkere-rodehavet-bab-el-mandeb-stredet-er-i-fare-de-mulige-konsekvensene\/","name":"Iran truer med \u00e5 blokkere R\u00f8dehavet, Bab el-Mandeb-stredet er i fare: de mulige konsekvensene - Nordnesrepublikken","isPartOf":{"@id":"https:\/\/nordnesrepublikken.no\/#website"},"primaryImageOfPage":{"@id":"https:\/\/nordnesrepublikken.no\/index.php\/2026\/04\/16\/iran-truer-med-a-blokkere-rodehavet-bab-el-mandeb-stredet-er-i-fare-de-mulige-konsekvensene\/#primaryimage"},"image":{"@id":"https:\/\/nordnesrepublikken.no\/index.php\/2026\/04\/16\/iran-truer-med-a-blokkere-rodehavet-bab-el-mandeb-stredet-er-i-fare-de-mulige-konsekvensene\/#primaryimage"},"thumbnailUrl":"https:\/\/nordnesrepublikken.no\/wp-content\/uploads\/2026\/04\/1776348135_Iran-truer-med-a-blokkere-Rodehavet-Bab-el-Mandeb-stredet-er-i-scaled.jpg","datePublished":"2026-04-16T14:02:13+00:00","dateModified":"2026-04-16T14:02:18+00:00","breadcrumb":{"@id":"https:\/\/nordnesrepublikken.no\/index.php\/2026\/04\/16\/iran-truer-med-a-blokkere-rodehavet-bab-el-mandeb-stredet-er-i-fare-de-mulige-konsekvensene\/#breadcrumb"},"inLanguage":"nb-NO","potentialAction":[{"@type":"ReadAction","target":["https:\/\/nordnesrepublikken.no\/index.php\/2026\/04\/16\/iran-truer-med-a-blokkere-rodehavet-bab-el-mandeb-stredet-er-i-fare-de-mulige-konsekvensene\/"]}]},{"@type":"ImageObject","inLanguage":"nb-NO","@id":"https:\/\/nordnesrepublikken.no\/index.php\/2026\/04\/16\/iran-truer-med-a-blokkere-rodehavet-bab-el-mandeb-stredet-er-i-fare-de-mulige-konsekvensene\/#primaryimage","url":"https:\/\/nordnesrepublikken.no\/wp-content\/uploads\/2026\/04\/1776348135_Iran-truer-med-a-blokkere-Rodehavet-Bab-el-Mandeb-stredet-er-i-scaled.jpg","contentUrl":"https:\/\/nordnesrepublikken.no\/wp-content\/uploads\/2026\/04\/1776348135_Iran-truer-med-a-blokkere-Rodehavet-Bab-el-Mandeb-stredet-er-i-scaled.jpg","width":2560,"height":1429,"caption":"Iran truer med \u00e5 blokkere R\u00f8dehavet, Bab el-Mandeb-stredet er i fare: de mulige konsekvensene"},{"@type":"BreadcrumbList","@id":"https:\/\/nordnesrepublikken.no\/index.php\/2026\/04\/16\/iran-truer-med-a-blokkere-rodehavet-bab-el-mandeb-stredet-er-i-fare-de-mulige-konsekvensene\/#breadcrumb","itemListElement":[{"@type":"ListItem","position":1,"name":"Home","item":"https:\/\/nordnesrepublikken.no\/"},{"@type":"ListItem","position":2,"name":"Iran truer med \u00e5 blokkere R\u00f8dehavet, Bab el-Mandeb-stredet er i fare: de mulige konsekvensene"}]},{"@type":"WebSite","@id":"https:\/\/nordnesrepublikken.no\/#website","url":"https:\/\/nordnesrepublikken.no\/","name":"Nordnesrepublikken","description":"Stemmer og Visjoner fra Republikkens Hjerte","publisher":{"@id":"https:\/\/nordnesrepublikken.no\/#organization"},"potentialAction":[{"@type":"SearchAction","target":{"@type":"EntryPoint","urlTemplate":"https:\/\/nordnesrepublikken.no\/?s={search_term_string}"},"query-input":{"@type":"PropertyValueSpecification","valueRequired":true,"valueName":"search_term_string"}}],"inLanguage":"nb-NO"},{"@type":"Organization","@id":"https:\/\/nordnesrepublikken.no\/#organization","name":"Nordnesrepublikken","url":"https:\/\/nordnesrepublikken.no\/","logo":{"@type":"ImageObject","inLanguage":"nb-NO","@id":"https:\/\/nordnesrepublikken.no\/#\/schema\/logo\/image\/","url":"https:\/\/nordnesrepublikken.no\/wp-content\/uploads\/2025\/02\/cropped-nordnesrepublikken-2.png","contentUrl":"https:\/\/nordnesrepublikken.no\/wp-content\/uploads\/2025\/02\/cropped-nordnesrepublikken-2.png","width":1248,"height":362,"caption":"Nordnesrepublikken"},"image":{"@id":"https:\/\/nordnesrepublikken.no\/#\/schema\/logo\/image\/"}},{"@type":"Person","@id":"https:\/\/nordnesrepublikken.no\/#\/schema\/person\/2e7e81935bab77882fffb79296240ff1","name":"Ole Andersen","image":{"@type":"ImageObject","inLanguage":"nb-NO","@id":"https:\/\/nordnesrepublikken.no\/#\/schema\/person\/image\/","url":"https:\/\/nordnesrepublikken.no\/wp-content\/uploads\/2025\/02\/nordnesrepublikken-2-2-150x150.jpg","contentUrl":"https:\/\/nordnesrepublikken.no\/wp-content\/uploads\/2025\/02\/nordnesrepublikken-2-2-150x150.jpg","caption":"Ole Andersen"},"description":"Ettersom jeg vokste opp i Oslo, har jeg alltid v\u00e6rt fascinert av ordenes kraft og deres evne til \u00e5 skape endringer. Etter \u00e5 ha fullf\u00f8rt min utdannelse i kommunikasjon ved Universitetet i Bergen, fikk jeg muligheten til \u00e5 jobbe innen ulike medier, der jeg har s\u00f8kt \u00e5 belyse viktige samfunnssp\u00f8rsm\u00e5l. I dag, som redakt\u00f8r for Nordnesrepublikken, pr\u00f8ver jeg \u00e5 forene min kj\u00e6rlighet for journalistikk med min lidenskap for innovasjon og eventyr.","sameAs":["https:\/\/nordnesrepublikken.no\/"]}]}},"_links":{"self":[{"href":"https:\/\/nordnesrepublikken.no\/index.php\/wp-json\/wp\/v2\/posts\/17061","targetHints":{"allow":["GET"]}}],"collection":[{"href":"https:\/\/nordnesrepublikken.no\/index.php\/wp-json\/wp\/v2\/posts"}],"about":[{"href":"https:\/\/nordnesrepublikken.no\/index.php\/wp-json\/wp\/v2\/types\/post"}],"author":[{"embeddable":true,"href":"https:\/\/nordnesrepublikken.no\/index.php\/wp-json\/wp\/v2\/users\/1"}],"replies":[{"embeddable":true,"href":"https:\/\/nordnesrepublikken.no\/index.php\/wp-json\/wp\/v2\/comments?post=17061"}],"version-history":[{"count":1,"href":"https:\/\/nordnesrepublikken.no\/index.php\/wp-json\/wp\/v2\/posts\/17061\/revisions"}],"predecessor-version":[{"id":17063,"href":"https:\/\/nordnesrepublikken.no\/index.php\/wp-json\/wp\/v2\/posts\/17061\/revisions\/17063"}],"wp:featuredmedia":[{"embeddable":true,"href":"https:\/\/nordnesrepublikken.no\/index.php\/wp-json\/wp\/v2\/media\/17062"}],"wp:attachment":[{"href":"https:\/\/nordnesrepublikken.no\/index.php\/wp-json\/wp\/v2\/media?parent=17061"}],"wp:term":[{"taxonomy":"category","embeddable":true,"href":"https:\/\/nordnesrepublikken.no\/index.php\/wp-json\/wp\/v2\/categories?post=17061"},{"taxonomy":"post_tag","embeddable":true,"href":"https:\/\/nordnesrepublikken.no\/index.php\/wp-json\/wp\/v2\/tags?post=17061"}],"curies":[{"name":"wp","href":"https:\/\/api.w.org\/{rel}","templated":true}]}}