{"id":17055,"date":"2026-04-16T14:51:44","date_gmt":"2026-04-16T12:51:44","guid":{"rendered":"https:\/\/nordnesrepublikken.no\/index.php\/2026\/04\/16\/her-er-hva-som-faktisk-vil-skje-med-kindle-en-din-20-mai\/"},"modified":"2026-04-16T14:51:46","modified_gmt":"2026-04-16T12:51:46","slug":"her-er-hva-som-faktisk-vil-skje-med-kindle-en-din-20-mai","status":"publish","type":"post","link":"https:\/\/nordnesrepublikken.no\/index.php\/2026\/04\/16\/her-er-hva-som-faktisk-vil-skje-med-kindle-en-din-20-mai\/","title":{"rendered":"Her er hva som faktisk vil skje med Kindle-en din 20. mai"},"content":{"rendered":"<p><\/p>\n<div class=\"wordpress-content\">\n                    <!-- Article Start --><\/p>\n<p><span style=\"font-weight: 400\">For mange lesere er Amazon Kindle en gudegave. Den er lett, b\u00e6rbar, vannavst\u00f8tende og har en enorm lagringskapasitet. Batterilevetiden er forbl\u00f8ffende, kan vare i flere dager, og den bakgrunnsbelyste E-blekkskjermen, som etterligner ekte papir, lar leserne lese om natten (og i fly, for eksempel), samtidig som den er lettere for \u00f8ynene enn en tradisjonell bl\u00e5lysskjerm. Dette er for \u00e5 ikke si noe om den sentimentale verdien en Kindle kan ha for bokormer som kommer med den <\/span><i><span style=\"font-weight: 400\">overalt<\/span><\/i><span style=\"font-weight: 400\">  med dem.<\/span><\/p>\n<p><span style=\"font-weight: 400\">Men denne m\u00e5neden har teknologigiganten Amazon annonsert en ny endring som har utl\u00f8st tilbakeslag fra dedikerte e-leserbrukere: fra 20. mai 2026 vil noen Kindle-enheter ikke lenger st\u00f8ttes. Men hva betyr dette, og hvilke Kindles vil bli ber\u00f8rt?<\/span><\/p>\n<h2><b>Amazons kunngj\u00f8ring &#8230; og hva det faktisk betyr<\/b><\/h2>\n<p><span style=\"font-weight: 400\">Varselet fra Amazon sa det <strong>eldre Kindle-modeller vil ikke lenger st\u00f8ttes.<\/strong> Kort fortalt betyr dette at fra 20. mai vil brukere ikke lenger kunne laste ned nye b\u00f8ker fra Amazon-butikken, da enhetene ikke lenger vil ha nettst\u00f8tte. Libby-brukere vil ogs\u00e5 f\u00e5 et slag, og de kan ikke l\u00e5ne e-b\u00f8ker fra biblioteket deres, da disse b\u00f8kene ogs\u00e5 g\u00e5r gjennom Kindle-butikken og &#8216;Send til Kindle&#8217;-funksjonen.<\/span><\/p>\n<div class=\"sra_unit\"><link rel=\"stylesheet\" id=\"block-sra\" href=\"https:\/\/euroweeklynews.com\/wp-content\/plugins\/snack-related-articles\/dist\/css\/snack-related.min.css?250312-193541\" type=\"text\/css\" media=\"all\">\n<\/div>\n<p><span style=\"font-weight: 400\">De ber\u00f8rte enhetene vil heller ikke lenger kunne motta oppdateringer, og Amazons e-post opplyser at brukere som avregistrerer seg eller gj\u00f8r en tilbakestilling av fabrikken p\u00e5 enhetene sine, ikke vil kunne registrere dem igjen.<\/span><\/p>\n<p><span style=\"font-weight: 400\">Spesielt vil Kindle-biblioteket forbli fullt tilgjengelig for brukere gjennom den gratis Kindle-appen og Kindle for Web. Brukere som kobler Kindle til en datamaskin og bruker et program som Caliber vil fortsatt kunne overf\u00f8re, eller \u00absideloade\u00bb e-b\u00f8ker til Kindle.<\/span><\/p>\n<h2><b>Hvilke Kindles blir ber\u00f8rt?<\/b><\/h2>\n<p><span style=\"font-weight: 400\">I e-posten Kindle-brukere mottok, uttalte Amazon at de \u00abavbryter st\u00f8tten for Kindle-enheter <\/span><b>utgitt i 2012 eller tidligere.<\/b><span style=\"font-weight: 400\">  De ber\u00f8rte enhetene inkluderer:<\/span><\/p>\n<ul>\n<li style=\"font-weight: 400\"><span style=\"font-weight: 400\">Kindle (1. generasjon)<\/span><\/li>\n<li style=\"font-weight: 400\"><span style=\"font-weight: 400\">Kindle (2. generasjon)<\/span><\/li>\n<li style=\"font-weight: 400\"><span style=\"font-weight: 400\">Kindle DX<\/span><\/li>\n<li style=\"font-weight: 400\"><span style=\"font-weight: 400\">Kindle DX Graphite<\/span><\/li>\n<li style=\"font-weight: 400\"><span style=\"font-weight: 400\">Kindle-tastatur<\/span><\/li>\n<li style=\"font-weight: 400\"><span style=\"font-weight: 400\">Kindle 4<\/span><\/li>\n<li style=\"font-weight: 400\"><span style=\"font-weight: 400\">Kindle Touch<\/span><\/li>\n<li style=\"font-weight: 400\"><span style=\"font-weight: 400\">Kindle 5<\/span><\/li>\n<li style=\"font-weight: 400\"><span style=\"font-weight: 400\">Kindle Paperwhite (1. generasjon)<\/span><\/li>\n<li style=\"font-weight: 400\"><span style=\"font-weight: 400\">Kindle Fire (1. generasjon)<\/span><\/li>\n<li style=\"font-weight: 400\"><span style=\"font-weight: 400\">Kindle Fire (2. generasjon)<\/span><\/li>\n<li style=\"font-weight: 400\"><span style=\"font-weight: 400\">Kindle Fire HD 7<\/span><\/li>\n<li style=\"font-weight: 400\"><span style=\"font-weight: 400\">Kindle Fire HD 8.9<\/span><\/li>\n<\/ul>\n<p><span style=\"font-weight: 400\">Totalt ansl\u00e5s flyttingen \u00e5 p\u00e5virke noen <\/span><b>2 millioner enheter.<\/b><\/p>\n<h2><b>Kontroversen<\/b><\/h2>\n<p><span style=\"font-weight: 400\">Flyttingen har blitt sterkt kritisert av lesere som eier Kindles. Mens brukere av disse eldre Kindle-modellene fortsatt vil kunne lese b\u00f8kene som allerede er lastet ned til enheten, kan utsiktene til \u00e5 ikke kunne laste ned nye b\u00f8ker uten \u00e5 bruke et tredjepartsprogram v\u00e6re en avtalebryter, som f\u00e5r brukerne til \u00e5 bytte til andre enheter, som en Kobo.<\/span><\/p>\n<p><span style=\"font-weight: 400\">Kritikk av Amazons brukergrensesnitt for Kindle, inkludert utbredelsen av annonser og ofte restriktiv formatst\u00f8tte, har ogs\u00e5 f\u00f8rt til at brukere dropper Kindles og velger andre e-lesere. <\/span><\/p>\n<p><span style=\"font-weight: 400\">I tillegg rapporterer mange brukere at deres Kindles, til tross for at de er mer enn et ti\u00e5r gamle, fortsatt fungerer bra. Nyere Kindles kan vare i flere uker p\u00e5 en enkelt lading, mens batterihelsen og ytelseshastigheten til eldre modeller sakte vil forringes over tid ved mye bruk; men for det meste er mange Kindles produsert i 2012 eller f\u00f8r fortsatt i perfekt stand. Som et resultat har mange lesere ford\u00f8mt Amazons kunngj\u00f8ring som et bevisst triks for \u00e5 f\u00e5 leserne til \u00e5 kj\u00f8pe en annen Kindle.<\/span><\/p>\n<p>Eldre Kindle-modeller har ogs\u00e5 fysiske sidevendingsknapper p\u00e5 enhetene, noe noen lesere foretrekker. Med den nye kunngj\u00f8ringen kan misforn\u00f8yde lesere bli tvunget til \u00e5 g\u00e5 med alternativene for sidevending p\u00e5 ber\u00f8ringsskjerm i stedet.<\/p>\n<p><span style=\"font-weight: 400\">For \u00e5 lette noen brukeres overgang til en ny Kindle, har Amazon tilbudt en <strong>20 prosent rabatt p\u00e5 en nyere modell, samt e-bokkreditter.<\/strong> Flyttingen har imidlertid blitt ford\u00f8mt som &laquo;bedriftsgr\u00e5dighet&raquo; av rasende brukere, for hvem Kindle ikke bare er en praktisk m\u00e5te \u00e5 lagre b\u00f8ker og lese p\u00e5 farten, men en sentimental enhet.<\/span><\/p>\n<h2>Bunnlinjen for leserne<\/h2>\n<p><span style=\"font-weight: 400\">For noen brukere vil den eneste levedyktige veien v\u00e6re \u00e5 droppe sin gamle Kindle og g\u00e5 over til en nyere modell eller til og med et annet merke av e-leser. Andre vil velge \u00e5 jailbreake deres Kindle, en prosess som inneb\u00e6rer \u00e5 fjerne Amazons programvarerestriksjoner og f\u00e5 tilgang til enhetens operativsystem.<\/span><\/p>\n<p><span style=\"font-weight: 400\">Til syvende og sist m\u00e5 leserne bestemme om de er villige til \u00e5 bli i Amazonas \u00f8kosystem, eller til slutt snu siden p\u00e5 det.<\/span><\/p>\n<p>                    <!-- Originally published at https:\/\/euroweeklynews.com\/2026\/04\/16\/heres-what-will-actually-happen-to-your-kindle-on-may-20\/ on 16 Apr 2026 at 14:40 by Natascha Rivera --><br \/>\n                    <!-- Article End -->\n                <\/div>\n","protected":false},"excerpt":{"rendered":"<p>For mange lesere er Amazon Kindle en gudegave. Den er lett, b\u00e6rbar, vannavst\u00f8tende og har<\/p>\n","protected":false},"author":1,"featured_media":17056,"comment_status":"closed","ping_status":"open","sticky":false,"template":"","format":"standard","meta":{"footnotes":""},"categories":[105],"tags":[584,1723,144,11009,2397,79,2151,31,149],"class_list":["post-17055","post","type-post","status-publish","format-standard","has-post-thumbnail","hentry","category-livsstil","tag-din","tag-faktisk","tag-hva","tag-kindleen","tag-mai","tag-med","tag-skje","tag-som","tag-vil","generate-columns","tablet-grid-50","mobile-grid-100","grid-parent","grid-33","resize-featured-image"],"yoast_head":"<!-- This site is optimized with the Yoast SEO plugin v24.4 - https:\/\/yoast.com\/wordpress\/plugins\/seo\/ -->\n<title>Her er hva som faktisk vil skje med Kindle-en din 20. mai - Nordnesrepublikken<\/title>\n<meta name=\"robots\" content=\"index, follow, max-snippet:-1, max-image-preview:large, max-video-preview:-1\" \/>\n<link rel=\"canonical\" href=\"https:\/\/nordnesrepublikken.no\/index.php\/2026\/04\/16\/her-er-hva-som-faktisk-vil-skje-med-kindle-en-din-20-mai\/\" \/>\n<meta property=\"og:locale\" content=\"nb_NO\" \/>\n<meta property=\"og:type\" content=\"article\" \/>\n<meta property=\"og:title\" content=\"Her er hva som faktisk vil skje med Kindle-en din 20. mai - Nordnesrepublikken\" \/>\n<meta property=\"og:description\" content=\"For mange lesere er Amazon Kindle en gudegave. Den er lett, b\u00e6rbar, vannavst\u00f8tende og har\" \/>\n<meta property=\"og:url\" content=\"https:\/\/nordnesrepublikken.no\/index.php\/2026\/04\/16\/her-er-hva-som-faktisk-vil-skje-med-kindle-en-din-20-mai\/\" \/>\n<meta property=\"og:site_name\" content=\"Nordnesrepublikken\" \/>\n<meta property=\"article:published_time\" content=\"2026-04-16T12:51:44+00:00\" \/>\n<meta property=\"article:modified_time\" content=\"2026-04-16T12:51:46+00:00\" \/>\n<meta property=\"og:image\" content=\"https:\/\/nordnesrepublikken.no\/wp-content\/uploads\/2026\/04\/1776343905_Her-er-hva-som-faktisk-vil-skje-med-Kindle-en-din.jpg\" \/>\n\t<meta property=\"og:image:width\" content=\"1600\" \/>\n\t<meta property=\"og:image:height\" content=\"1069\" \/>\n\t<meta property=\"og:image:type\" content=\"image\/jpeg\" \/>\n<meta name=\"author\" content=\"Ole Andersen\" \/>\n<meta name=\"twitter:card\" content=\"summary_large_image\" \/>\n<meta name=\"twitter:label1\" content=\"Skrevet av\" \/>\n\t<meta name=\"twitter:data1\" content=\"Ole Andersen\" \/>\n\t<meta name=\"twitter:label2\" content=\"Ansl. lesetid\" \/>\n\t<meta name=\"twitter:data2\" content=\"3 minutter\" \/>\n<script type=\"application\/ld+json\" class=\"yoast-schema-graph\">{\"@context\":\"https:\/\/schema.org\",\"@graph\":[{\"@type\":\"Article\",\"@id\":\"https:\/\/nordnesrepublikken.no\/index.php\/2026\/04\/16\/her-er-hva-som-faktisk-vil-skje-med-kindle-en-din-20-mai\/#article\",\"isPartOf\":{\"@id\":\"https:\/\/nordnesrepublikken.no\/index.php\/2026\/04\/16\/her-er-hva-som-faktisk-vil-skje-med-kindle-en-din-20-mai\/\"},\"author\":{\"name\":\"Ole Andersen\",\"@id\":\"https:\/\/nordnesrepublikken.no\/#\/schema\/person\/2e7e81935bab77882fffb79296240ff1\"},\"headline\":\"Her er hva som faktisk vil skje med Kindle-en din 20. mai\",\"datePublished\":\"2026-04-16T12:51:44+00:00\",\"dateModified\":\"2026-04-16T12:51:46+00:00\",\"mainEntityOfPage\":{\"@id\":\"https:\/\/nordnesrepublikken.no\/index.php\/2026\/04\/16\/her-er-hva-som-faktisk-vil-skje-med-kindle-en-din-20-mai\/\"},\"wordCount\":692,\"publisher\":{\"@id\":\"https:\/\/nordnesrepublikken.no\/#organization\"},\"image\":{\"@id\":\"https:\/\/nordnesrepublikken.no\/index.php\/2026\/04\/16\/her-er-hva-som-faktisk-vil-skje-med-kindle-en-din-20-mai\/#primaryimage\"},\"thumbnailUrl\":\"https:\/\/nordnesrepublikken.no\/wp-content\/uploads\/2026\/04\/1776343905_Her-er-hva-som-faktisk-vil-skje-med-Kindle-en-din.jpg\",\"keywords\":[\"din\",\"faktisk\",\"Hva\",\"Kindleen\",\"mai\",\"med\",\"skje\",\"som\",\"vil\"],\"articleSection\":[\"Livsstil\"],\"inLanguage\":\"nb-NO\"},{\"@type\":\"WebPage\",\"@id\":\"https:\/\/nordnesrepublikken.no\/index.php\/2026\/04\/16\/her-er-hva-som-faktisk-vil-skje-med-kindle-en-din-20-mai\/\",\"url\":\"https:\/\/nordnesrepublikken.no\/index.php\/2026\/04\/16\/her-er-hva-som-faktisk-vil-skje-med-kindle-en-din-20-mai\/\",\"name\":\"Her er hva som faktisk vil skje med Kindle-en din 20. mai - Nordnesrepublikken\",\"isPartOf\":{\"@id\":\"https:\/\/nordnesrepublikken.no\/#website\"},\"primaryImageOfPage\":{\"@id\":\"https:\/\/nordnesrepublikken.no\/index.php\/2026\/04\/16\/her-er-hva-som-faktisk-vil-skje-med-kindle-en-din-20-mai\/#primaryimage\"},\"image\":{\"@id\":\"https:\/\/nordnesrepublikken.no\/index.php\/2026\/04\/16\/her-er-hva-som-faktisk-vil-skje-med-kindle-en-din-20-mai\/#primaryimage\"},\"thumbnailUrl\":\"https:\/\/nordnesrepublikken.no\/wp-content\/uploads\/2026\/04\/1776343905_Her-er-hva-som-faktisk-vil-skje-med-Kindle-en-din.jpg\",\"datePublished\":\"2026-04-16T12:51:44+00:00\",\"dateModified\":\"2026-04-16T12:51:46+00:00\",\"breadcrumb\":{\"@id\":\"https:\/\/nordnesrepublikken.no\/index.php\/2026\/04\/16\/her-er-hva-som-faktisk-vil-skje-med-kindle-en-din-20-mai\/#breadcrumb\"},\"inLanguage\":\"nb-NO\",\"potentialAction\":[{\"@type\":\"ReadAction\",\"target\":[\"https:\/\/nordnesrepublikken.no\/index.php\/2026\/04\/16\/her-er-hva-som-faktisk-vil-skje-med-kindle-en-din-20-mai\/\"]}]},{\"@type\":\"ImageObject\",\"inLanguage\":\"nb-NO\",\"@id\":\"https:\/\/nordnesrepublikken.no\/index.php\/2026\/04\/16\/her-er-hva-som-faktisk-vil-skje-med-kindle-en-din-20-mai\/#primaryimage\",\"url\":\"https:\/\/nordnesrepublikken.no\/wp-content\/uploads\/2026\/04\/1776343905_Her-er-hva-som-faktisk-vil-skje-med-Kindle-en-din.jpg\",\"contentUrl\":\"https:\/\/nordnesrepublikken.no\/wp-content\/uploads\/2026\/04\/1776343905_Her-er-hva-som-faktisk-vil-skje-med-Kindle-en-din.jpg\",\"width\":1600,\"height\":1069,\"caption\":\"Her er hva som faktisk vil skje med Kindle-en din 20. mai\"},{\"@type\":\"BreadcrumbList\",\"@id\":\"https:\/\/nordnesrepublikken.no\/index.php\/2026\/04\/16\/her-er-hva-som-faktisk-vil-skje-med-kindle-en-din-20-mai\/#breadcrumb\",\"itemListElement\":[{\"@type\":\"ListItem\",\"position\":1,\"name\":\"Home\",\"item\":\"https:\/\/nordnesrepublikken.no\/\"},{\"@type\":\"ListItem\",\"position\":2,\"name\":\"Her er hva som faktisk vil skje med Kindle-en din 20. mai\"}]},{\"@type\":\"WebSite\",\"@id\":\"https:\/\/nordnesrepublikken.no\/#website\",\"url\":\"https:\/\/nordnesrepublikken.no\/\",\"name\":\"Nordnesrepublikken\",\"description\":\"Stemmer og Visjoner fra Republikkens Hjerte\",\"publisher\":{\"@id\":\"https:\/\/nordnesrepublikken.no\/#organization\"},\"potentialAction\":[{\"@type\":\"SearchAction\",\"target\":{\"@type\":\"EntryPoint\",\"urlTemplate\":\"https:\/\/nordnesrepublikken.no\/?s={search_term_string}\"},\"query-input\":{\"@type\":\"PropertyValueSpecification\",\"valueRequired\":true,\"valueName\":\"search_term_string\"}}],\"inLanguage\":\"nb-NO\"},{\"@type\":\"Organization\",\"@id\":\"https:\/\/nordnesrepublikken.no\/#organization\",\"name\":\"Nordnesrepublikken\",\"url\":\"https:\/\/nordnesrepublikken.no\/\",\"logo\":{\"@type\":\"ImageObject\",\"inLanguage\":\"nb-NO\",\"@id\":\"https:\/\/nordnesrepublikken.no\/#\/schema\/logo\/image\/\",\"url\":\"https:\/\/nordnesrepublikken.no\/wp-content\/uploads\/2025\/02\/cropped-nordnesrepublikken-2.png\",\"contentUrl\":\"https:\/\/nordnesrepublikken.no\/wp-content\/uploads\/2025\/02\/cropped-nordnesrepublikken-2.png\",\"width\":1248,\"height\":362,\"caption\":\"Nordnesrepublikken\"},\"image\":{\"@id\":\"https:\/\/nordnesrepublikken.no\/#\/schema\/logo\/image\/\"}},{\"@type\":\"Person\",\"@id\":\"https:\/\/nordnesrepublikken.no\/#\/schema\/person\/2e7e81935bab77882fffb79296240ff1\",\"name\":\"Ole Andersen\",\"image\":{\"@type\":\"ImageObject\",\"inLanguage\":\"nb-NO\",\"@id\":\"https:\/\/nordnesrepublikken.no\/#\/schema\/person\/image\/\",\"url\":\"https:\/\/nordnesrepublikken.no\/wp-content\/uploads\/2025\/02\/nordnesrepublikken-2-2-150x150.jpg\",\"contentUrl\":\"https:\/\/nordnesrepublikken.no\/wp-content\/uploads\/2025\/02\/nordnesrepublikken-2-2-150x150.jpg\",\"caption\":\"Ole Andersen\"},\"description\":\"Ettersom jeg vokste opp i Oslo, har jeg alltid v\u00e6rt fascinert av ordenes kraft og deres evne til \u00e5 skape endringer. Etter \u00e5 ha fullf\u00f8rt min utdannelse i kommunikasjon ved Universitetet i Bergen, fikk jeg muligheten til \u00e5 jobbe innen ulike medier, der jeg har s\u00f8kt \u00e5 belyse viktige samfunnssp\u00f8rsm\u00e5l. I dag, som redakt\u00f8r for Nordnesrepublikken, pr\u00f8ver jeg \u00e5 forene min kj\u00e6rlighet for journalistikk med min lidenskap for innovasjon og eventyr.\",\"sameAs\":[\"https:\/\/nordnesrepublikken.no\/\"]}]}<\/script>\n<!-- \/ Yoast SEO plugin. -->","yoast_head_json":{"title":"Her er hva som faktisk vil skje med Kindle-en din 20. mai - Nordnesrepublikken","robots":{"index":"index","follow":"follow","max-snippet":"max-snippet:-1","max-image-preview":"max-image-preview:large","max-video-preview":"max-video-preview:-1"},"canonical":"https:\/\/nordnesrepublikken.no\/index.php\/2026\/04\/16\/her-er-hva-som-faktisk-vil-skje-med-kindle-en-din-20-mai\/","og_locale":"nb_NO","og_type":"article","og_title":"Her er hva som faktisk vil skje med Kindle-en din 20. mai - Nordnesrepublikken","og_description":"For mange lesere er Amazon Kindle en gudegave. Den er lett, b\u00e6rbar, vannavst\u00f8tende og har","og_url":"https:\/\/nordnesrepublikken.no\/index.php\/2026\/04\/16\/her-er-hva-som-faktisk-vil-skje-med-kindle-en-din-20-mai\/","og_site_name":"Nordnesrepublikken","article_published_time":"2026-04-16T12:51:44+00:00","article_modified_time":"2026-04-16T12:51:46+00:00","og_image":[{"width":1600,"height":1069,"url":"https:\/\/nordnesrepublikken.no\/wp-content\/uploads\/2026\/04\/1776343905_Her-er-hva-som-faktisk-vil-skje-med-Kindle-en-din.jpg","type":"image\/jpeg"}],"author":"Ole Andersen","twitter_card":"summary_large_image","twitter_misc":{"Skrevet av":"Ole Andersen","Ansl. lesetid":"3 minutter"},"schema":{"@context":"https:\/\/schema.org","@graph":[{"@type":"Article","@id":"https:\/\/nordnesrepublikken.no\/index.php\/2026\/04\/16\/her-er-hva-som-faktisk-vil-skje-med-kindle-en-din-20-mai\/#article","isPartOf":{"@id":"https:\/\/nordnesrepublikken.no\/index.php\/2026\/04\/16\/her-er-hva-som-faktisk-vil-skje-med-kindle-en-din-20-mai\/"},"author":{"name":"Ole Andersen","@id":"https:\/\/nordnesrepublikken.no\/#\/schema\/person\/2e7e81935bab77882fffb79296240ff1"},"headline":"Her er hva som faktisk vil skje med Kindle-en din 20. mai","datePublished":"2026-04-16T12:51:44+00:00","dateModified":"2026-04-16T12:51:46+00:00","mainEntityOfPage":{"@id":"https:\/\/nordnesrepublikken.no\/index.php\/2026\/04\/16\/her-er-hva-som-faktisk-vil-skje-med-kindle-en-din-20-mai\/"},"wordCount":692,"publisher":{"@id":"https:\/\/nordnesrepublikken.no\/#organization"},"image":{"@id":"https:\/\/nordnesrepublikken.no\/index.php\/2026\/04\/16\/her-er-hva-som-faktisk-vil-skje-med-kindle-en-din-20-mai\/#primaryimage"},"thumbnailUrl":"https:\/\/nordnesrepublikken.no\/wp-content\/uploads\/2026\/04\/1776343905_Her-er-hva-som-faktisk-vil-skje-med-Kindle-en-din.jpg","keywords":["din","faktisk","Hva","Kindleen","mai","med","skje","som","vil"],"articleSection":["Livsstil"],"inLanguage":"nb-NO"},{"@type":"WebPage","@id":"https:\/\/nordnesrepublikken.no\/index.php\/2026\/04\/16\/her-er-hva-som-faktisk-vil-skje-med-kindle-en-din-20-mai\/","url":"https:\/\/nordnesrepublikken.no\/index.php\/2026\/04\/16\/her-er-hva-som-faktisk-vil-skje-med-kindle-en-din-20-mai\/","name":"Her er hva som faktisk vil skje med Kindle-en din 20. mai - Nordnesrepublikken","isPartOf":{"@id":"https:\/\/nordnesrepublikken.no\/#website"},"primaryImageOfPage":{"@id":"https:\/\/nordnesrepublikken.no\/index.php\/2026\/04\/16\/her-er-hva-som-faktisk-vil-skje-med-kindle-en-din-20-mai\/#primaryimage"},"image":{"@id":"https:\/\/nordnesrepublikken.no\/index.php\/2026\/04\/16\/her-er-hva-som-faktisk-vil-skje-med-kindle-en-din-20-mai\/#primaryimage"},"thumbnailUrl":"https:\/\/nordnesrepublikken.no\/wp-content\/uploads\/2026\/04\/1776343905_Her-er-hva-som-faktisk-vil-skje-med-Kindle-en-din.jpg","datePublished":"2026-04-16T12:51:44+00:00","dateModified":"2026-04-16T12:51:46+00:00","breadcrumb":{"@id":"https:\/\/nordnesrepublikken.no\/index.php\/2026\/04\/16\/her-er-hva-som-faktisk-vil-skje-med-kindle-en-din-20-mai\/#breadcrumb"},"inLanguage":"nb-NO","potentialAction":[{"@type":"ReadAction","target":["https:\/\/nordnesrepublikken.no\/index.php\/2026\/04\/16\/her-er-hva-som-faktisk-vil-skje-med-kindle-en-din-20-mai\/"]}]},{"@type":"ImageObject","inLanguage":"nb-NO","@id":"https:\/\/nordnesrepublikken.no\/index.php\/2026\/04\/16\/her-er-hva-som-faktisk-vil-skje-med-kindle-en-din-20-mai\/#primaryimage","url":"https:\/\/nordnesrepublikken.no\/wp-content\/uploads\/2026\/04\/1776343905_Her-er-hva-som-faktisk-vil-skje-med-Kindle-en-din.jpg","contentUrl":"https:\/\/nordnesrepublikken.no\/wp-content\/uploads\/2026\/04\/1776343905_Her-er-hva-som-faktisk-vil-skje-med-Kindle-en-din.jpg","width":1600,"height":1069,"caption":"Her er hva som faktisk vil skje med Kindle-en din 20. mai"},{"@type":"BreadcrumbList","@id":"https:\/\/nordnesrepublikken.no\/index.php\/2026\/04\/16\/her-er-hva-som-faktisk-vil-skje-med-kindle-en-din-20-mai\/#breadcrumb","itemListElement":[{"@type":"ListItem","position":1,"name":"Home","item":"https:\/\/nordnesrepublikken.no\/"},{"@type":"ListItem","position":2,"name":"Her er hva som faktisk vil skje med Kindle-en din 20. mai"}]},{"@type":"WebSite","@id":"https:\/\/nordnesrepublikken.no\/#website","url":"https:\/\/nordnesrepublikken.no\/","name":"Nordnesrepublikken","description":"Stemmer og Visjoner fra Republikkens Hjerte","publisher":{"@id":"https:\/\/nordnesrepublikken.no\/#organization"},"potentialAction":[{"@type":"SearchAction","target":{"@type":"EntryPoint","urlTemplate":"https:\/\/nordnesrepublikken.no\/?s={search_term_string}"},"query-input":{"@type":"PropertyValueSpecification","valueRequired":true,"valueName":"search_term_string"}}],"inLanguage":"nb-NO"},{"@type":"Organization","@id":"https:\/\/nordnesrepublikken.no\/#organization","name":"Nordnesrepublikken","url":"https:\/\/nordnesrepublikken.no\/","logo":{"@type":"ImageObject","inLanguage":"nb-NO","@id":"https:\/\/nordnesrepublikken.no\/#\/schema\/logo\/image\/","url":"https:\/\/nordnesrepublikken.no\/wp-content\/uploads\/2025\/02\/cropped-nordnesrepublikken-2.png","contentUrl":"https:\/\/nordnesrepublikken.no\/wp-content\/uploads\/2025\/02\/cropped-nordnesrepublikken-2.png","width":1248,"height":362,"caption":"Nordnesrepublikken"},"image":{"@id":"https:\/\/nordnesrepublikken.no\/#\/schema\/logo\/image\/"}},{"@type":"Person","@id":"https:\/\/nordnesrepublikken.no\/#\/schema\/person\/2e7e81935bab77882fffb79296240ff1","name":"Ole Andersen","image":{"@type":"ImageObject","inLanguage":"nb-NO","@id":"https:\/\/nordnesrepublikken.no\/#\/schema\/person\/image\/","url":"https:\/\/nordnesrepublikken.no\/wp-content\/uploads\/2025\/02\/nordnesrepublikken-2-2-150x150.jpg","contentUrl":"https:\/\/nordnesrepublikken.no\/wp-content\/uploads\/2025\/02\/nordnesrepublikken-2-2-150x150.jpg","caption":"Ole Andersen"},"description":"Ettersom jeg vokste opp i Oslo, har jeg alltid v\u00e6rt fascinert av ordenes kraft og deres evne til \u00e5 skape endringer. Etter \u00e5 ha fullf\u00f8rt min utdannelse i kommunikasjon ved Universitetet i Bergen, fikk jeg muligheten til \u00e5 jobbe innen ulike medier, der jeg har s\u00f8kt \u00e5 belyse viktige samfunnssp\u00f8rsm\u00e5l. I dag, som redakt\u00f8r for Nordnesrepublikken, pr\u00f8ver jeg \u00e5 forene min kj\u00e6rlighet for journalistikk med min lidenskap for innovasjon og eventyr.","sameAs":["https:\/\/nordnesrepublikken.no\/"]}]}},"_links":{"self":[{"href":"https:\/\/nordnesrepublikken.no\/index.php\/wp-json\/wp\/v2\/posts\/17055","targetHints":{"allow":["GET"]}}],"collection":[{"href":"https:\/\/nordnesrepublikken.no\/index.php\/wp-json\/wp\/v2\/posts"}],"about":[{"href":"https:\/\/nordnesrepublikken.no\/index.php\/wp-json\/wp\/v2\/types\/post"}],"author":[{"embeddable":true,"href":"https:\/\/nordnesrepublikken.no\/index.php\/wp-json\/wp\/v2\/users\/1"}],"replies":[{"embeddable":true,"href":"https:\/\/nordnesrepublikken.no\/index.php\/wp-json\/wp\/v2\/comments?post=17055"}],"version-history":[{"count":1,"href":"https:\/\/nordnesrepublikken.no\/index.php\/wp-json\/wp\/v2\/posts\/17055\/revisions"}],"predecessor-version":[{"id":17057,"href":"https:\/\/nordnesrepublikken.no\/index.php\/wp-json\/wp\/v2\/posts\/17055\/revisions\/17057"}],"wp:featuredmedia":[{"embeddable":true,"href":"https:\/\/nordnesrepublikken.no\/index.php\/wp-json\/wp\/v2\/media\/17056"}],"wp:attachment":[{"href":"https:\/\/nordnesrepublikken.no\/index.php\/wp-json\/wp\/v2\/media?parent=17055"}],"wp:term":[{"taxonomy":"category","embeddable":true,"href":"https:\/\/nordnesrepublikken.no\/index.php\/wp-json\/wp\/v2\/categories?post=17055"},{"taxonomy":"post_tag","embeddable":true,"href":"https:\/\/nordnesrepublikken.no\/index.php\/wp-json\/wp\/v2\/tags?post=17055"}],"curies":[{"name":"wp","href":"https:\/\/api.w.org\/{rel}","templated":true}]}}