{"id":17052,"date":"2026-04-16T13:52:21","date_gmt":"2026-04-16T11:52:21","guid":{"rendered":"https:\/\/nordnesrepublikken.no\/index.php\/2026\/04\/16\/flybillettprisene-stiger-etter-a-ha-allerede-betalt-for-dem\/"},"modified":"2026-04-16T13:52:25","modified_gmt":"2026-04-16T11:52:25","slug":"flybillettprisene-stiger-etter-a-ha-allerede-betalt-for-dem","status":"publish","type":"post","link":"https:\/\/nordnesrepublikken.no\/index.php\/2026\/04\/16\/flybillettprisene-stiger-etter-a-ha-allerede-betalt-for-dem\/","title":{"rendered":"flybillettprisene stiger etter \u00e5 ha allerede betalt for dem"},"content":{"rendered":"<div>\n<div class=\"cp_wrapper cp_wrapper--fw mb-30 mb-20@tablet\">\n<figure class=\"mm\"><picture class=\"img\" style=\"padding-top:56.25%\"><source  media=\"(min-width: 1024px)\"><source  media=\"(min-width: 768px)\"><\/source><\/source><\/picture><\/figure>\n<\/p><\/div>\n<p>I de siste timene, mens vi allerede snakker om <strong>kansellerte flyreiser,<\/strong> Av <strong>\u00f8kning i drivstoffprisene<\/strong> og f\u00f8lgelig av flyreiser har nyhetene om det spanske lavprisflyselskapet Volotea sirkulert bredt, som spurte passasjerene, noen dager f\u00f8r avgang,<strong> et tillegg til billetten som allerede er kj\u00f8pt<\/strong> (mellom 7 og 9 euro), p\u00e5 grunn av det dyre drivstoffet som f\u00f8lge av ustabiliteten i energimarkedene og krigen i Midt\u00f8sten mellom USA, Israel og Iran. En integrasjon som selskapet erkl\u00e6rer i sitt &laquo;Fair travel l\u00f8fte&raquo;, som det gjelder for alle bestillinger gjort fra 16. mars, &laquo;inntil videre&raquo;. Er dette noe legitimt? Og kan andre selskaper ogs\u00e5 gj\u00f8re det?<\/p>\n<h2><b>Dyrt drivstoff: Flybilletttillegg og tilleggsavgifter<\/b><\/h2>\n<p><b>Mellom tillegg og tillegg <\/b>at flyselskaper kan s\u00f8ke, som alltid skal deklareres eksplisitt og transparent p\u00e5 bestillingsplattformer, det er vanligvis de som er knyttet til <strong>bagasje<\/strong> (stor h\u00e5ndbagasje som skal plasseres i overliggende kup\u00e9, innventet bagasje, ekstra bagasje, overdimensjonert eller overvekt under ombordstigning, tillegget for erkl\u00e6ring om &laquo;spesiell interesse&raquo; og tilleggsgebyr for bagasjeforsikring). S\u00e5 er det tillegg knyttet til tjenester (som setevalg, prioritert ombordstigning, innsjekking p\u00e5 flyplassen) og bestillingsgebyrer; til slutt forsikringstillegg, som f.eks <strong>supplerende reisepolitikk. <\/strong>Dette er valgfrie tjenester \u2013 sammenlignet med <strong>flyplassavgifter<\/strong> (ombordstigning, ilandstigning, sikkerhet, brannavgifter) og det kommunale tillegget p\u00e5 italienske flyplasser &#8211; som passasjeren kan velge ved kj\u00f8p av billetten.<\/p>\n<p>Da kommer det tilleggsavgifter som f.eks <b>&laquo;drivstofftillegg&raquo;<\/b> (fast drivstofftillegg) og &laquo;<b>drivstoffjusteringsfaktor&raquo;<\/b> (fuel adjustment factor), som periodisk omregnes p\u00e5 markedsbasis, som vi kanskje er mindre kjent med, men som vi b\u00f8r begynne \u00e5 ta mer hensyn til i bookingfasen. Den f\u00f8rste er et forh\u00e5ndsbestemt og fast tilleggsgebyr som selskapet legger til prisen p\u00e5 billetten ved kj\u00f8pstidspunktet. Passasjeren ser det umiddelbart i kostnadsdetaljene, betaler det umiddelbart og finner det derfor innarbeidet i den endelige prisen. Det er modellen som Volotea uttrykkelig oppgir \u00e5 ikke bruke: \u00abI motsetning til mange flyselskaper inkluderer vi ikke faste drivstoffkostnader i billettprisen under noen omstendigheter\u00bb.<\/p>\n<p>I stedet vedtar selskapet en <b>mekanisme for drivstoffjustering<\/b> dynamisk, indeksert til en objektiv og offentlig markedsparameter, som gjelder i et tidsvindu etter kj\u00f8pet og som kan bevege seg i begge retninger: b\u00e5de \u00f8kende og avtagende. Dette er en utbredt tilpasning innen godstransport (maritim og luftfrakt), hvor det ogs\u00e5 kalles <b>BAF<\/b> (Bunkerjusteringsfaktor) o <b>YQ\/YR<\/b> i IATAs tariffsystemer for last. I dette tilfellet brukes imidlertid FAF, i motsetning til hva som normalt gj\u00f8res <b>ved bestilling<\/b>definitivt, Volotea-mekanismen bruker i stedet logikken til FAF <strong>etter at transportkontrakten allerede er inng\u00e5tt med betaling av billetten.<\/strong><\/p>\n<h2><b>Det &laquo;rettferdige reisel\u00f8ftet&raquo;<\/b><\/h2>\n<p>I dette tilfellet har Volotea aktivert en selskapspolicy, den av <strong>\u201cRiktig reisel\u00f8fte\u201d<\/strong>&laquo;Fair Travel Promise,&raquo; gjelder &laquo;for alle bestillinger gjort fra 16. mars inntil videre.&raquo; I dette tilfellet, som rapportert p\u00e5 selskapets kontraktsmessige betingelser side, kostnadene for drivstoff <strong>var ikke fullt ut inkludert i den opprinnelige billettprisen<\/strong>: selskapet forbeholder seg retten til \u00e5 foreta en etterjustering p\u00e5 grunn av markedsutviklingen.<\/p>\n<p>&laquo;Ved eksepsjonelle hendelser som i betydelig grad p\u00e5virker drivstoffprisene, slik som den n\u00e5v\u00e6rende situasjonen i Midt\u00f8sten,&raquo; er det ogs\u00e5 spesifisert p\u00e5 selskapets nettside, &laquo;kan vi bruke begrensede og forholdsmessige justeringer av billettprisene for \u00e5 reflektere endringer i drivstoffkostnader.&raquo; Prisen p\u00e5 drivstoff sjekkes 7 dager f\u00f8r avreise. Hvis den har \u00f8kt, gj\u00f8res en justering i henhold til en tabell p\u00e5 siden. Ved nedgang,<strong> selskapet forplikter seg i stedet til \u00e5 tilbakebetale differansen<\/strong>.<\/p>\n<div class=\"cp_wrapper cp_wrapper--fw mb-50\">\n<figure class=\"mm\"><picture class=\"img\" style=\"padding-top:43.827671913836%\"><source  media=\"(min-width: 1024px)\"><source  media=\"(min-width: 768px)\"><img decoding=\"async\" loading=\"lazy\" src=\"https:\/\/nordnesrepublikken.no\/wp-content\/uploads\/2026\/04\/1776340340_402_flybillettprisene-stiger-etter-a-ha-allerede-betalt-for-dem.jpg\" alt=\"Bilde\" width=\"2414\" height=\"1058\"\/><\/source><\/source><\/picture><\/figure>\n<\/p><\/div>\n<h2><b>Hva gir det europeiske direktivet og hva er forbrukerbeskyttelsen? <\/b><\/h2>\n<p>Er det lovlig? Prisvariabilitetsklausulen finnes i de generelle transportbetingelsene som brukeren er forpliktet til \u00e5 akseptere ved fullf\u00f8ring av kj\u00f8pet av en billett. Imidlertid kan vi alle ha unnlatt \u00e5 lese dem f\u00f8r vi gikk videre til den siste kj\u00f8psfasen. Hva sier europeisk lovgivning? Referanseteksten er <b>Forordning (EF) 1008\/2008<\/b>som regulerer pristransparens i lufttransport innenfor fellesskapet, og spesielt <strong>kunsten. 23.<\/strong><\/p>\n<p>Som han forklarte oss <b>Mark De Laurentiis, direkt\u00f8r for Direktoratet for beskyttelse av passasjerrettigheter i ENAC (National Civil Aviation Authority)<\/b>kunsten. 23 etablerer plikten for flyselskapene til \u00e5 &laquo;gj\u00f8re alle komponentene i flybilletten gjennomsiktige, derfor tariffer, avgifter, eventuelle tillegg, inkludert drivstofftillegget og drivstoffavgiften. N\u00e5r en passasjer kj\u00f8per flybilletten skal han kunne se alle komponentene i den endelige prisen p\u00e5 flybilletten, teknisk kalt sammenbrudd av prisen&raquo;.<\/p>\n<p>I f\u00f8lge dette<strong> prinsippet om \u00e5penhet<\/strong>b\u00f8r den endelige prisen p\u00e5 flybilletten publiseres inkludert alle skatter, flyplassavgifter og uunng\u00e5elige og forutsigbare tilleggsavgifter ved bestilling og f\u00f8r det endelige kj\u00f8pet. Disse priselementene skal gis p\u00e5 en neddelt og detaljert m\u00e5te, som i bildet nedenfor.<\/p>\n<div class=\"cp_wrapper cp_wrapper--fw mb-50\">\n<figure class=\"mm\"><picture class=\"img\" style=\"padding-top:44.006069802731%\"><source  media=\"(min-width: 1024px)\"><source  media=\"(min-width: 768px)\"><img decoding=\"async\" loading=\"lazy\" src=\"https:\/\/nordnesrepublikken.no\/wp-content\/uploads\/2026\/04\/1776340341_848_flybillettprisene-stiger-etter-a-ha-allerede-betalt-for-dem.jpg\" alt=\"Bilde\" width=\"1318\" height=\"580\" class=\"js-seedtag-img\"\/><\/source><\/source><\/picture><\/figure>\n<\/p><\/div>\n<p>Dette prinsippet har ogs\u00e5 blitt gjentatt av rettsvitenskapen til <b>Den europeiske unions domstol<\/b>som gjentatte ganger har presisert at tillegg m\u00e5 v\u00e6re <b>transparent og ikke-villedende<\/b>for \u00e5 gi passasjeren muligheten til \u00e5 akseptere tjenesten eller ikke.<\/p>\n<p>Etter \u00e5 ha avklart dette, fortsetter De Laurentiis, er det som er fastsatt med selskapene og leverand\u00f8rene hver gang vi kj\u00f8per en billett til et fly eller et tog, <b>alltid og uansett en kontrakt<\/b>selv om bel\u00f8pene er mindre enn dyrere kj\u00f8p. &laquo;Det f\u00f8rste du m\u00e5 gj\u00f8re er \u00e5 alltid lese alle kontraktsbestemmelsene n\u00f8ye. For n\u00e5r du kj\u00f8per en billett, selv om det n\u00e5 er en ganske rutineoperasjon, etableres et synallagmatisk forhold (red.anm.: en kobling av gjensidighet og gjensidig avhengighet) mellom kj\u00f8per og tjenesteleverand\u00f8r, i dette tilfellet flyselskapet&raquo;. Kort oppsummert inneholder kontrakten ikke bare forpliktelsene til de som leverer tjenestene, men ogs\u00e5 de som kj\u00f8per dem, og det er derfor lurt \u00e5 lese n\u00f8ye.<\/p>\n<p><strong>B\u00f8r vi forvente at andre selskaper f\u00f8lger samme politikk?<\/strong> &laquo;Det er mulig,&raquo; sier De Laurentiis. &laquo;Utover noen faste komponenter har de rett til \u00e5 fastsette den delen av gratisprisene som foresl\u00e5s for individuelle reiser, som foreskrevet i lovgivningen&raquo;, og det er ingen tak, fordi de, uten at det ber\u00f8rer passasjerens garantier, alle er gratis aktiviteter av kommersiell karakter.<\/p>\n<h2>Kan vi f\u00e5 tilbakebetaling?<\/h2>\n<p>Er det derfor tillatt for flyselskaper \u00e5 bruke FAF-logikken p\u00e5 en billett som allerede er solgt? Det er slik n\u00e5r klausulen er satt inn p\u00e5 en klar og oversiktlig m\u00e5te i transportkontrakten som ble akseptert p\u00e5 kj\u00f8pstidspunktet. Etter utallige rapporter fra passasjerer har Codacons likevel kunngjort en klage til Antitrust, for \u00e5 verifisere effektiv \u00e5penhet i kommunikasjonen, og at justeringen ogs\u00e5 skjer med tilbakebetaling av deler av billettprisen i tilfelle prisene faller, som det st\u00e5r i &laquo;l\u00f8ftet&raquo;.<\/p>\n<p><strong>Er det rett til refusjon?<\/strong> <strong>Ikke alltid<\/strong>alt avhenger av kontraktsforholdene. Dersom selskapet har aktivert et fleksibelt alternativ, slik Volotea gj\u00f8r, som inkluderer det i sitt Fair Travel Promise, kan passasjeren som ikke \u00f8nsker \u00e5 betale justeringen velge \u00e5 kansellere inntil fire timer f\u00f8r flyreisen og f\u00e5 reisekreditt. Ellers, med ikke-refunderbare grunnleggende lavprispriser, risikerer passasjeren som nekter \u00e5 betale tillegget \u00e5 miste billetten.<\/p>\n<p>Men hvis klausulen ikke har blitt kommunisert p\u00e5 en gjennomsiktig m\u00e5te eller har en uforholdsmessig innvirkning p\u00e5 prisen, kan passasjeren bestride den ved \u00e5 kontakte ENAC, AGCM eller forbrukerforeninger, basert p\u00e5 forbrukerbeskyttelseslovgivningen (lovvedtak 206\/2005), og be om tilbakebetaling av det betalte bel\u00f8pet. Scenarioet der selskapet kansellerer flyet er annerledes: i s\u00e5 fall gjelder EF-forordning 261\/2004, som garanterer passasjeren rett til full refusjon eller en alternativ flygning, og i visse tilfeller ogs\u00e5 til \u00f8konomisk kompensasjon.<\/p>\n<\/p><\/div>\n","protected":false},"excerpt":{"rendered":"<p>I de siste timene, mens vi allerede snakker om kansellerte flyreiser, Av \u00f8kning i drivstoffprisene<\/p>\n","protected":false},"author":1,"featured_media":17053,"comment_status":"closed","ping_status":"open","sticky":false,"template":"","format":"standard","meta":{"footnotes":""},"categories":[104],"tags":[2410,3789,150,92,11008,900],"class_list":["post-17052","post","type-post","status-publish","format-standard","has-post-thumbnail","hentry","category-samfunn","tag-allerede","tag-betalt","tag-dem","tag-etter","tag-flybillettprisene","tag-stiger","generate-columns","tablet-grid-50","mobile-grid-100","grid-parent","grid-33","resize-featured-image"],"yoast_head":"<!-- This site is optimized with the Yoast SEO plugin v24.4 - https:\/\/yoast.com\/wordpress\/plugins\/seo\/ -->\n<title>flybillettprisene stiger etter \u00e5 ha allerede betalt for dem - Nordnesrepublikken<\/title>\n<meta name=\"robots\" content=\"index, follow, max-snippet:-1, max-image-preview:large, max-video-preview:-1\" \/>\n<link rel=\"canonical\" href=\"https:\/\/nordnesrepublikken.no\/index.php\/2026\/04\/16\/flybillettprisene-stiger-etter-a-ha-allerede-betalt-for-dem\/\" \/>\n<meta property=\"og:locale\" content=\"nb_NO\" \/>\n<meta property=\"og:type\" content=\"article\" \/>\n<meta property=\"og:title\" content=\"flybillettprisene stiger etter \u00e5 ha allerede betalt for dem - Nordnesrepublikken\" \/>\n<meta property=\"og:description\" content=\"I de siste timene, mens vi allerede snakker om kansellerte flyreiser, Av \u00f8kning i drivstoffprisene\" \/>\n<meta property=\"og:url\" content=\"https:\/\/nordnesrepublikken.no\/index.php\/2026\/04\/16\/flybillettprisene-stiger-etter-a-ha-allerede-betalt-for-dem\/\" \/>\n<meta property=\"og:site_name\" content=\"Nordnesrepublikken\" \/>\n<meta property=\"article:published_time\" content=\"2026-04-16T11:52:21+00:00\" \/>\n<meta property=\"article:modified_time\" content=\"2026-04-16T11:52:25+00:00\" \/>\n<meta property=\"og:image\" content=\"https:\/\/nordnesrepublikken.no\/wp-content\/uploads\/2026\/04\/1776340342_flybillettprisene-stiger-etter-a-ha-allerede-betalt-for-dem-scaled.jpg\" \/>\n\t<meta property=\"og:image:width\" content=\"2560\" \/>\n\t<meta property=\"og:image:height\" content=\"1428\" \/>\n\t<meta property=\"og:image:type\" content=\"image\/jpeg\" \/>\n<meta name=\"author\" content=\"Ole Andersen\" \/>\n<meta name=\"twitter:card\" content=\"summary_large_image\" \/>\n<meta name=\"twitter:label1\" content=\"Skrevet av\" \/>\n\t<meta name=\"twitter:data1\" content=\"Ole Andersen\" \/>\n\t<meta name=\"twitter:label2\" content=\"Ansl. lesetid\" \/>\n\t<meta name=\"twitter:data2\" content=\"6 minutter\" \/>\n<script type=\"application\/ld+json\" class=\"yoast-schema-graph\">{\"@context\":\"https:\/\/schema.org\",\"@graph\":[{\"@type\":\"Article\",\"@id\":\"https:\/\/nordnesrepublikken.no\/index.php\/2026\/04\/16\/flybillettprisene-stiger-etter-a-ha-allerede-betalt-for-dem\/#article\",\"isPartOf\":{\"@id\":\"https:\/\/nordnesrepublikken.no\/index.php\/2026\/04\/16\/flybillettprisene-stiger-etter-a-ha-allerede-betalt-for-dem\/\"},\"author\":{\"name\":\"Ole Andersen\",\"@id\":\"https:\/\/nordnesrepublikken.no\/#\/schema\/person\/2e7e81935bab77882fffb79296240ff1\"},\"headline\":\"flybillettprisene stiger etter \u00e5 ha allerede betalt for dem\",\"datePublished\":\"2026-04-16T11:52:21+00:00\",\"dateModified\":\"2026-04-16T11:52:25+00:00\",\"mainEntityOfPage\":{\"@id\":\"https:\/\/nordnesrepublikken.no\/index.php\/2026\/04\/16\/flybillettprisene-stiger-etter-a-ha-allerede-betalt-for-dem\/\"},\"wordCount\":1180,\"publisher\":{\"@id\":\"https:\/\/nordnesrepublikken.no\/#organization\"},\"image\":{\"@id\":\"https:\/\/nordnesrepublikken.no\/index.php\/2026\/04\/16\/flybillettprisene-stiger-etter-a-ha-allerede-betalt-for-dem\/#primaryimage\"},\"thumbnailUrl\":\"https:\/\/nordnesrepublikken.no\/wp-content\/uploads\/2026\/04\/1776340342_flybillettprisene-stiger-etter-a-ha-allerede-betalt-for-dem-scaled.jpg\",\"keywords\":[\"allerede\",\"betalt\",\"dem\",\"Etter\",\"flybillettprisene\",\"stiger\"],\"articleSection\":[\"Samfunn\"],\"inLanguage\":\"nb-NO\"},{\"@type\":\"WebPage\",\"@id\":\"https:\/\/nordnesrepublikken.no\/index.php\/2026\/04\/16\/flybillettprisene-stiger-etter-a-ha-allerede-betalt-for-dem\/\",\"url\":\"https:\/\/nordnesrepublikken.no\/index.php\/2026\/04\/16\/flybillettprisene-stiger-etter-a-ha-allerede-betalt-for-dem\/\",\"name\":\"flybillettprisene stiger etter \u00e5 ha allerede betalt for dem - Nordnesrepublikken\",\"isPartOf\":{\"@id\":\"https:\/\/nordnesrepublikken.no\/#website\"},\"primaryImageOfPage\":{\"@id\":\"https:\/\/nordnesrepublikken.no\/index.php\/2026\/04\/16\/flybillettprisene-stiger-etter-a-ha-allerede-betalt-for-dem\/#primaryimage\"},\"image\":{\"@id\":\"https:\/\/nordnesrepublikken.no\/index.php\/2026\/04\/16\/flybillettprisene-stiger-etter-a-ha-allerede-betalt-for-dem\/#primaryimage\"},\"thumbnailUrl\":\"https:\/\/nordnesrepublikken.no\/wp-content\/uploads\/2026\/04\/1776340342_flybillettprisene-stiger-etter-a-ha-allerede-betalt-for-dem-scaled.jpg\",\"datePublished\":\"2026-04-16T11:52:21+00:00\",\"dateModified\":\"2026-04-16T11:52:25+00:00\",\"breadcrumb\":{\"@id\":\"https:\/\/nordnesrepublikken.no\/index.php\/2026\/04\/16\/flybillettprisene-stiger-etter-a-ha-allerede-betalt-for-dem\/#breadcrumb\"},\"inLanguage\":\"nb-NO\",\"potentialAction\":[{\"@type\":\"ReadAction\",\"target\":[\"https:\/\/nordnesrepublikken.no\/index.php\/2026\/04\/16\/flybillettprisene-stiger-etter-a-ha-allerede-betalt-for-dem\/\"]}]},{\"@type\":\"ImageObject\",\"inLanguage\":\"nb-NO\",\"@id\":\"https:\/\/nordnesrepublikken.no\/index.php\/2026\/04\/16\/flybillettprisene-stiger-etter-a-ha-allerede-betalt-for-dem\/#primaryimage\",\"url\":\"https:\/\/nordnesrepublikken.no\/wp-content\/uploads\/2026\/04\/1776340342_flybillettprisene-stiger-etter-a-ha-allerede-betalt-for-dem-scaled.jpg\",\"contentUrl\":\"https:\/\/nordnesrepublikken.no\/wp-content\/uploads\/2026\/04\/1776340342_flybillettprisene-stiger-etter-a-ha-allerede-betalt-for-dem-scaled.jpg\",\"width\":2560,\"height\":1428,\"caption\":\"flybillettprisene stiger etter \u00e5 ha allerede betalt for dem\"},{\"@type\":\"BreadcrumbList\",\"@id\":\"https:\/\/nordnesrepublikken.no\/index.php\/2026\/04\/16\/flybillettprisene-stiger-etter-a-ha-allerede-betalt-for-dem\/#breadcrumb\",\"itemListElement\":[{\"@type\":\"ListItem\",\"position\":1,\"name\":\"Home\",\"item\":\"https:\/\/nordnesrepublikken.no\/\"},{\"@type\":\"ListItem\",\"position\":2,\"name\":\"flybillettprisene stiger etter \u00e5 ha allerede betalt for dem\"}]},{\"@type\":\"WebSite\",\"@id\":\"https:\/\/nordnesrepublikken.no\/#website\",\"url\":\"https:\/\/nordnesrepublikken.no\/\",\"name\":\"Nordnesrepublikken\",\"description\":\"Stemmer og Visjoner fra Republikkens Hjerte\",\"publisher\":{\"@id\":\"https:\/\/nordnesrepublikken.no\/#organization\"},\"potentialAction\":[{\"@type\":\"SearchAction\",\"target\":{\"@type\":\"EntryPoint\",\"urlTemplate\":\"https:\/\/nordnesrepublikken.no\/?s={search_term_string}\"},\"query-input\":{\"@type\":\"PropertyValueSpecification\",\"valueRequired\":true,\"valueName\":\"search_term_string\"}}],\"inLanguage\":\"nb-NO\"},{\"@type\":\"Organization\",\"@id\":\"https:\/\/nordnesrepublikken.no\/#organization\",\"name\":\"Nordnesrepublikken\",\"url\":\"https:\/\/nordnesrepublikken.no\/\",\"logo\":{\"@type\":\"ImageObject\",\"inLanguage\":\"nb-NO\",\"@id\":\"https:\/\/nordnesrepublikken.no\/#\/schema\/logo\/image\/\",\"url\":\"https:\/\/nordnesrepublikken.no\/wp-content\/uploads\/2025\/02\/cropped-nordnesrepublikken-2.png\",\"contentUrl\":\"https:\/\/nordnesrepublikken.no\/wp-content\/uploads\/2025\/02\/cropped-nordnesrepublikken-2.png\",\"width\":1248,\"height\":362,\"caption\":\"Nordnesrepublikken\"},\"image\":{\"@id\":\"https:\/\/nordnesrepublikken.no\/#\/schema\/logo\/image\/\"}},{\"@type\":\"Person\",\"@id\":\"https:\/\/nordnesrepublikken.no\/#\/schema\/person\/2e7e81935bab77882fffb79296240ff1\",\"name\":\"Ole Andersen\",\"image\":{\"@type\":\"ImageObject\",\"inLanguage\":\"nb-NO\",\"@id\":\"https:\/\/nordnesrepublikken.no\/#\/schema\/person\/image\/\",\"url\":\"https:\/\/nordnesrepublikken.no\/wp-content\/uploads\/2025\/02\/nordnesrepublikken-2-2-150x150.jpg\",\"contentUrl\":\"https:\/\/nordnesrepublikken.no\/wp-content\/uploads\/2025\/02\/nordnesrepublikken-2-2-150x150.jpg\",\"caption\":\"Ole Andersen\"},\"description\":\"Ettersom jeg vokste opp i Oslo, har jeg alltid v\u00e6rt fascinert av ordenes kraft og deres evne til \u00e5 skape endringer. Etter \u00e5 ha fullf\u00f8rt min utdannelse i kommunikasjon ved Universitetet i Bergen, fikk jeg muligheten til \u00e5 jobbe innen ulike medier, der jeg har s\u00f8kt \u00e5 belyse viktige samfunnssp\u00f8rsm\u00e5l. I dag, som redakt\u00f8r for Nordnesrepublikken, pr\u00f8ver jeg \u00e5 forene min kj\u00e6rlighet for journalistikk med min lidenskap for innovasjon og eventyr.\",\"sameAs\":[\"https:\/\/nordnesrepublikken.no\/\"]}]}<\/script>\n<!-- \/ Yoast SEO plugin. -->","yoast_head_json":{"title":"flybillettprisene stiger etter \u00e5 ha allerede betalt for dem - Nordnesrepublikken","robots":{"index":"index","follow":"follow","max-snippet":"max-snippet:-1","max-image-preview":"max-image-preview:large","max-video-preview":"max-video-preview:-1"},"canonical":"https:\/\/nordnesrepublikken.no\/index.php\/2026\/04\/16\/flybillettprisene-stiger-etter-a-ha-allerede-betalt-for-dem\/","og_locale":"nb_NO","og_type":"article","og_title":"flybillettprisene stiger etter \u00e5 ha allerede betalt for dem - Nordnesrepublikken","og_description":"I de siste timene, mens vi allerede snakker om kansellerte flyreiser, Av \u00f8kning i drivstoffprisene","og_url":"https:\/\/nordnesrepublikken.no\/index.php\/2026\/04\/16\/flybillettprisene-stiger-etter-a-ha-allerede-betalt-for-dem\/","og_site_name":"Nordnesrepublikken","article_published_time":"2026-04-16T11:52:21+00:00","article_modified_time":"2026-04-16T11:52:25+00:00","og_image":[{"width":2560,"height":1428,"url":"https:\/\/nordnesrepublikken.no\/wp-content\/uploads\/2026\/04\/1776340342_flybillettprisene-stiger-etter-a-ha-allerede-betalt-for-dem-scaled.jpg","type":"image\/jpeg"}],"author":"Ole Andersen","twitter_card":"summary_large_image","twitter_misc":{"Skrevet av":"Ole Andersen","Ansl. lesetid":"6 minutter"},"schema":{"@context":"https:\/\/schema.org","@graph":[{"@type":"Article","@id":"https:\/\/nordnesrepublikken.no\/index.php\/2026\/04\/16\/flybillettprisene-stiger-etter-a-ha-allerede-betalt-for-dem\/#article","isPartOf":{"@id":"https:\/\/nordnesrepublikken.no\/index.php\/2026\/04\/16\/flybillettprisene-stiger-etter-a-ha-allerede-betalt-for-dem\/"},"author":{"name":"Ole Andersen","@id":"https:\/\/nordnesrepublikken.no\/#\/schema\/person\/2e7e81935bab77882fffb79296240ff1"},"headline":"flybillettprisene stiger etter \u00e5 ha allerede betalt for dem","datePublished":"2026-04-16T11:52:21+00:00","dateModified":"2026-04-16T11:52:25+00:00","mainEntityOfPage":{"@id":"https:\/\/nordnesrepublikken.no\/index.php\/2026\/04\/16\/flybillettprisene-stiger-etter-a-ha-allerede-betalt-for-dem\/"},"wordCount":1180,"publisher":{"@id":"https:\/\/nordnesrepublikken.no\/#organization"},"image":{"@id":"https:\/\/nordnesrepublikken.no\/index.php\/2026\/04\/16\/flybillettprisene-stiger-etter-a-ha-allerede-betalt-for-dem\/#primaryimage"},"thumbnailUrl":"https:\/\/nordnesrepublikken.no\/wp-content\/uploads\/2026\/04\/1776340342_flybillettprisene-stiger-etter-a-ha-allerede-betalt-for-dem-scaled.jpg","keywords":["allerede","betalt","dem","Etter","flybillettprisene","stiger"],"articleSection":["Samfunn"],"inLanguage":"nb-NO"},{"@type":"WebPage","@id":"https:\/\/nordnesrepublikken.no\/index.php\/2026\/04\/16\/flybillettprisene-stiger-etter-a-ha-allerede-betalt-for-dem\/","url":"https:\/\/nordnesrepublikken.no\/index.php\/2026\/04\/16\/flybillettprisene-stiger-etter-a-ha-allerede-betalt-for-dem\/","name":"flybillettprisene stiger etter \u00e5 ha allerede betalt for dem - Nordnesrepublikken","isPartOf":{"@id":"https:\/\/nordnesrepublikken.no\/#website"},"primaryImageOfPage":{"@id":"https:\/\/nordnesrepublikken.no\/index.php\/2026\/04\/16\/flybillettprisene-stiger-etter-a-ha-allerede-betalt-for-dem\/#primaryimage"},"image":{"@id":"https:\/\/nordnesrepublikken.no\/index.php\/2026\/04\/16\/flybillettprisene-stiger-etter-a-ha-allerede-betalt-for-dem\/#primaryimage"},"thumbnailUrl":"https:\/\/nordnesrepublikken.no\/wp-content\/uploads\/2026\/04\/1776340342_flybillettprisene-stiger-etter-a-ha-allerede-betalt-for-dem-scaled.jpg","datePublished":"2026-04-16T11:52:21+00:00","dateModified":"2026-04-16T11:52:25+00:00","breadcrumb":{"@id":"https:\/\/nordnesrepublikken.no\/index.php\/2026\/04\/16\/flybillettprisene-stiger-etter-a-ha-allerede-betalt-for-dem\/#breadcrumb"},"inLanguage":"nb-NO","potentialAction":[{"@type":"ReadAction","target":["https:\/\/nordnesrepublikken.no\/index.php\/2026\/04\/16\/flybillettprisene-stiger-etter-a-ha-allerede-betalt-for-dem\/"]}]},{"@type":"ImageObject","inLanguage":"nb-NO","@id":"https:\/\/nordnesrepublikken.no\/index.php\/2026\/04\/16\/flybillettprisene-stiger-etter-a-ha-allerede-betalt-for-dem\/#primaryimage","url":"https:\/\/nordnesrepublikken.no\/wp-content\/uploads\/2026\/04\/1776340342_flybillettprisene-stiger-etter-a-ha-allerede-betalt-for-dem-scaled.jpg","contentUrl":"https:\/\/nordnesrepublikken.no\/wp-content\/uploads\/2026\/04\/1776340342_flybillettprisene-stiger-etter-a-ha-allerede-betalt-for-dem-scaled.jpg","width":2560,"height":1428,"caption":"flybillettprisene stiger etter \u00e5 ha allerede betalt for dem"},{"@type":"BreadcrumbList","@id":"https:\/\/nordnesrepublikken.no\/index.php\/2026\/04\/16\/flybillettprisene-stiger-etter-a-ha-allerede-betalt-for-dem\/#breadcrumb","itemListElement":[{"@type":"ListItem","position":1,"name":"Home","item":"https:\/\/nordnesrepublikken.no\/"},{"@type":"ListItem","position":2,"name":"flybillettprisene stiger etter \u00e5 ha allerede betalt for dem"}]},{"@type":"WebSite","@id":"https:\/\/nordnesrepublikken.no\/#website","url":"https:\/\/nordnesrepublikken.no\/","name":"Nordnesrepublikken","description":"Stemmer og Visjoner fra Republikkens Hjerte","publisher":{"@id":"https:\/\/nordnesrepublikken.no\/#organization"},"potentialAction":[{"@type":"SearchAction","target":{"@type":"EntryPoint","urlTemplate":"https:\/\/nordnesrepublikken.no\/?s={search_term_string}"},"query-input":{"@type":"PropertyValueSpecification","valueRequired":true,"valueName":"search_term_string"}}],"inLanguage":"nb-NO"},{"@type":"Organization","@id":"https:\/\/nordnesrepublikken.no\/#organization","name":"Nordnesrepublikken","url":"https:\/\/nordnesrepublikken.no\/","logo":{"@type":"ImageObject","inLanguage":"nb-NO","@id":"https:\/\/nordnesrepublikken.no\/#\/schema\/logo\/image\/","url":"https:\/\/nordnesrepublikken.no\/wp-content\/uploads\/2025\/02\/cropped-nordnesrepublikken-2.png","contentUrl":"https:\/\/nordnesrepublikken.no\/wp-content\/uploads\/2025\/02\/cropped-nordnesrepublikken-2.png","width":1248,"height":362,"caption":"Nordnesrepublikken"},"image":{"@id":"https:\/\/nordnesrepublikken.no\/#\/schema\/logo\/image\/"}},{"@type":"Person","@id":"https:\/\/nordnesrepublikken.no\/#\/schema\/person\/2e7e81935bab77882fffb79296240ff1","name":"Ole Andersen","image":{"@type":"ImageObject","inLanguage":"nb-NO","@id":"https:\/\/nordnesrepublikken.no\/#\/schema\/person\/image\/","url":"https:\/\/nordnesrepublikken.no\/wp-content\/uploads\/2025\/02\/nordnesrepublikken-2-2-150x150.jpg","contentUrl":"https:\/\/nordnesrepublikken.no\/wp-content\/uploads\/2025\/02\/nordnesrepublikken-2-2-150x150.jpg","caption":"Ole Andersen"},"description":"Ettersom jeg vokste opp i Oslo, har jeg alltid v\u00e6rt fascinert av ordenes kraft og deres evne til \u00e5 skape endringer. Etter \u00e5 ha fullf\u00f8rt min utdannelse i kommunikasjon ved Universitetet i Bergen, fikk jeg muligheten til \u00e5 jobbe innen ulike medier, der jeg har s\u00f8kt \u00e5 belyse viktige samfunnssp\u00f8rsm\u00e5l. I dag, som redakt\u00f8r for Nordnesrepublikken, pr\u00f8ver jeg \u00e5 forene min kj\u00e6rlighet for journalistikk med min lidenskap for innovasjon og eventyr.","sameAs":["https:\/\/nordnesrepublikken.no\/"]}]}},"_links":{"self":[{"href":"https:\/\/nordnesrepublikken.no\/index.php\/wp-json\/wp\/v2\/posts\/17052","targetHints":{"allow":["GET"]}}],"collection":[{"href":"https:\/\/nordnesrepublikken.no\/index.php\/wp-json\/wp\/v2\/posts"}],"about":[{"href":"https:\/\/nordnesrepublikken.no\/index.php\/wp-json\/wp\/v2\/types\/post"}],"author":[{"embeddable":true,"href":"https:\/\/nordnesrepublikken.no\/index.php\/wp-json\/wp\/v2\/users\/1"}],"replies":[{"embeddable":true,"href":"https:\/\/nordnesrepublikken.no\/index.php\/wp-json\/wp\/v2\/comments?post=17052"}],"version-history":[{"count":1,"href":"https:\/\/nordnesrepublikken.no\/index.php\/wp-json\/wp\/v2\/posts\/17052\/revisions"}],"predecessor-version":[{"id":17054,"href":"https:\/\/nordnesrepublikken.no\/index.php\/wp-json\/wp\/v2\/posts\/17052\/revisions\/17054"}],"wp:featuredmedia":[{"embeddable":true,"href":"https:\/\/nordnesrepublikken.no\/index.php\/wp-json\/wp\/v2\/media\/17053"}],"wp:attachment":[{"href":"https:\/\/nordnesrepublikken.no\/index.php\/wp-json\/wp\/v2\/media?parent=17052"}],"wp:term":[{"taxonomy":"category","embeddable":true,"href":"https:\/\/nordnesrepublikken.no\/index.php\/wp-json\/wp\/v2\/categories?post=17052"},{"taxonomy":"post_tag","embeddable":true,"href":"https:\/\/nordnesrepublikken.no\/index.php\/wp-json\/wp\/v2\/tags?post=17052"}],"curies":[{"name":"wp","href":"https:\/\/api.w.org\/{rel}","templated":true}]}}