{"id":17040,"date":"2026-04-16T10:03:14","date_gmt":"2026-04-16T08:03:14","guid":{"rendered":"https:\/\/nordnesrepublikken.no\/index.php\/2026\/04\/16\/forskjellen-mellom-hvitt-vann-og-svart-vann-avhenger-av-opprinnelsen-til-avlopsvannet-og-forurensningen\/"},"modified":"2026-04-16T10:03:17","modified_gmt":"2026-04-16T08:03:17","slug":"forskjellen-mellom-hvitt-vann-og-svart-vann-avhenger-av-opprinnelsen-til-avlopsvannet-og-forurensningen","status":"publish","type":"post","link":"https:\/\/nordnesrepublikken.no\/index.php\/2026\/04\/16\/forskjellen-mellom-hvitt-vann-og-svart-vann-avhenger-av-opprinnelsen-til-avlopsvannet-og-forurensningen\/","title":{"rendered":"Forskjellen mellom hvitt vann og svart vann avhenger av opprinnelsen til avl\u00f8psvannet og forurensningen"},"content":{"rendered":"<div>\n<div class=\"cp_wrapper cp_wrapper--fw mb-30 mb-20@tablet\">\n<figure class=\"mm\"><picture class=\"img\" style=\"padding-top:56.25%\"><source  media=\"(min-width: 1024px)\"><source  media=\"(min-width: 768px)\"><\/source><\/source><\/picture><\/figure>\n<\/p><\/div>\n<p>B\u00e5de i hverdagsspr\u00e5ket og i<strong>sanit\u00e6rteknikk<\/strong>skillet mellom <b>hvitt vann<\/b> Og <b>svart vann<\/b> representerer den grunnleggende pilaren i urban vannforvaltning. Denne klassifiseringen <strong>det refererer ikke til den synlige fargen p\u00e5 vannet <\/strong>men det er basert p\u00e5<b>opprinnelsen til avl\u00f8psvannet<\/b> og p\u00e5 hans <b>forurensende belastning<\/b>: hvitt vann kommer fra regn eller lite forurenset avl\u00f8psvann, mens svart vann har h\u00f8y grad av forurensning fra organiske eller industrielle rester. Riktig kildeseparasjon er avgj\u00f8rende for <strong>optimalisere renseprosesser<\/strong>inneholde energikostnader og beskytte milj\u00f8et.<\/p>\n<h2>Hvitt vann og svart vann: skillet<\/h2>\n<p>Skillet mellom hvitt og svart vann svarer p\u00e5 et logistisk og \u00f8konomisk behov: \u00e5 unng\u00e5 overdimensjonering av renseanlegg og forhindre sl\u00f8sing med ressurser i behandlingen av lett forurenset vann. P\u00e5 det tekniske feltet skilles det ut fra <strong>forurensende belastning<\/strong>. Som du kan gjette ut fra navnet, le <strong>svart vann<\/strong> de er den mest forurensede typen avl\u00f8psvann. P\u00e5 den annen side <strong>hvitt vann<\/strong> i stedet har de et mye lavere niv\u00e5 av forurensning, og dette p\u00e5virker direkte <strong>behandlingsformer<\/strong> og videre <strong>forvaltningskostnader<\/strong> avl\u00f8psanlegg og renseanlegg.<\/p>\n<h3>Det hvite vannet<\/h3>\n<p>De best\u00e5r hovedsakelig av <strong>regnvann og avl\u00f8p<\/strong> som ikke har kommet i kontakt med husholdnings- eller industriavfall. For eksempel regnvann fra tak, terrasser, plasser og gater, overflatevann eller vann fra offentlige fontener regnes som bakvann. De presenterer en <strong>lav organisk belastning<\/strong>men de kan b\u00e6re forurensninger som samles inn under <b>utvasking<\/b> (sand, oljer, dekkrester). Spesielt <b>f\u00f8rste regnvann<\/b> \u2013 som i utgangspunktet er de mest forurensede i kategorien \u2013 krever ofte oljefjerningsbehandlinger f\u00f8r utslipp til mottakende vannforekomster.<\/p>\n<p>Dette vannet ledes inn i dedikerte nettverk eller kanaler. Hvis nettverket kun samler opp disse vannet, kalles det <b>separat avl\u00f8pssystem<\/b>. Dersom mottakssystemet imidlertid ogs\u00e5 omfatter fjerning av kloakk, kalles det <b>enhetlig eller blandet avl\u00f8p<\/b>.<\/p>\n<h3>Det svarte vannet<\/h3>\n<p>De representerer typen avl\u00f8psvann a <strong>h\u00f8yere milj\u00f8p\u00e5virkning<\/strong>. Disse kjennetegnes ved et h\u00f8yt innhold av organiske stoffer, sykdomsfremkallende mikroorganismer og kjemiske forbindelser. En ytterligere forgrening av denne typologien tillater oss \u00e5 skille mellom:<\/p>\n<ul>\n<li><b>Svart\/brunt vann,<\/b> det vil si de som utelukkende kommer fra toalettene (WC);<\/li>\n<li><b>Gr\u00e5tt vann,<\/b> dvs. de som kommer fra kj\u00f8kken, vasker, dusjer og vaskemaskiner (lastet med fett og overflateaktive stoffer);<\/li>\n<li>Vann fra <b>industriavfall, <\/b>dvs. avl\u00f8psvann som kommer fra produksjonsprosesser. Det er viktig \u00e5 understreke at disse obligatorisk krever en <b>spesifikk forbehandling<\/b> (kjemisk-fysiske eller indre biologiske) f\u00f8r de slippes ut i det offentlige kloakksystemet, for \u00e5 respektere grensene fastsatt i lovdekret 152\/2006.<\/li>\n<\/ul>\n<p>Svart vann krever en <strong>obligatorisk passasje i biologiske renseanlegg<\/strong> for reduksjon av BOD-belastningen<sub>5<\/sub>COD og n\u00e6ringsstoffer, som representerer et indirekte m\u00e5l p\u00e5 den biologisk nedbrytbare organiske belastningen (BOD5) og for totalen av oksiderbare stoffer (COD) som finnes i vannet.<\/p>\n<h2>Separasjonen av vannene<\/h2>\n<p>Separasjonen i separate nettverk (obligatorisk i henhold til <strong>Lovvedtak 152\/2006<\/strong>) lar deg <strong>redusere volumene som skal behandles<\/strong> i renseanlegg, samtidig begrense energiforbruket og forbedre motstandskraften til avl\u00f8pssystemene ved intense meteorologiske hendelser. Videre favoriserer denne separasjonen gjenbruk av mindre forurenset vann. I sammenheng med <strong>\u00f8kologisk overgang <\/strong>og klimatilpasning, f\u00e5r denne distinksjonen en stadig mer strategisk rolle, spesielt i komplekse urbane systemer.<\/p>\n<h2>Hva menes med &laquo;avl\u00f8psvann&raquo; og hva er renseprosessene<\/h2>\n<p>Med fristen <strong>avl\u00f8psvann<\/strong> (eller avl\u00f8psvann) betyr alt vann hvis kvalitet har blitt endret av menneskelig handling, noe som gj\u00f8r dem uegnet for direkte bruk eller, i de mest alvorlige tilfellene, <strong>potensielt skadelig for \u00f8kosystemet<\/strong>. I henhold til gjeldende lovgivning kan vi skille forskjellige typer &laquo;forurenset&raquo; vann:<\/p>\n<ul>\n<li><b>Husholdningsavl\u00f8psvann<\/b>som stammer fra boligaktiviteter og aktiviteter til det enkelte menneske.<\/li>\n<li><b>Industrielt avl\u00f8psvann<\/b>som kommer fra kommersielle eller produktive aktiviteter (annet enn innenlands og meteorisk).<\/li>\n<li><b>Avrenning av regnvann<\/b>som f\u00f8lge av atmosf\u00e6risk nedb\u00f8r.<\/li>\n<\/ul>\n<p>Hensikten med behandlingen deres er todelt: \u00e5 garantere folkehelsen og \u00e5 bevare den kjemisk-fysiske tilstanden til dyrene <b>mottak av vannforekomster<\/b> (dvs. elver, innsj\u00f8er, hav), i tr\u00e5d med nasjonale og europeiske prinsipper for b\u00e6rekraftig utvikling.<\/p>\n<\/p><\/div>\n","protected":false},"excerpt":{"rendered":"<p>B\u00e5de i hverdagsspr\u00e5ket og isanit\u00e6rteknikkskillet mellom hvitt vann Og svart vann representerer den grunnleggende pilaren<\/p>\n","protected":false},"author":1,"featured_media":17041,"comment_status":"closed","ping_status":"open","sticky":false,"template":"","format":"standard","meta":{"footnotes":""},"categories":[24],"tags":[4542,10997,659,10998,796,212,2162,973,117,2179],"class_list":["post-17040","post","type-post","status-publish","format-standard","has-post-thumbnail","hentry","category-vitenskap","tag-avhenger","tag-avlopsvannet","tag-forskjellen","tag-forurensningen","tag-hvitt","tag-mellom","tag-opprinnelsen","tag-svart","tag-til","tag-vann","generate-columns","tablet-grid-50","mobile-grid-100","grid-parent","grid-33","resize-featured-image"],"yoast_head":"<!-- This site is optimized with the Yoast SEO plugin v24.4 - https:\/\/yoast.com\/wordpress\/plugins\/seo\/ -->\n<title>Forskjellen mellom hvitt vann og svart vann avhenger av opprinnelsen til avl\u00f8psvannet og forurensningen - Nordnesrepublikken<\/title>\n<meta name=\"robots\" content=\"index, follow, max-snippet:-1, max-image-preview:large, max-video-preview:-1\" \/>\n<link rel=\"canonical\" href=\"https:\/\/nordnesrepublikken.no\/index.php\/2026\/04\/16\/forskjellen-mellom-hvitt-vann-og-svart-vann-avhenger-av-opprinnelsen-til-avlopsvannet-og-forurensningen\/\" \/>\n<meta property=\"og:locale\" content=\"nb_NO\" \/>\n<meta property=\"og:type\" content=\"article\" \/>\n<meta property=\"og:title\" content=\"Forskjellen mellom hvitt vann og svart vann avhenger av opprinnelsen til avl\u00f8psvannet og forurensningen - Nordnesrepublikken\" \/>\n<meta property=\"og:description\" content=\"B\u00e5de i hverdagsspr\u00e5ket og isanit\u00e6rteknikkskillet mellom hvitt vann Og svart vann representerer den grunnleggende pilaren\" \/>\n<meta property=\"og:url\" content=\"https:\/\/nordnesrepublikken.no\/index.php\/2026\/04\/16\/forskjellen-mellom-hvitt-vann-og-svart-vann-avhenger-av-opprinnelsen-til-avlopsvannet-og-forurensningen\/\" \/>\n<meta property=\"og:site_name\" content=\"Nordnesrepublikken\" \/>\n<meta property=\"article:published_time\" content=\"2026-04-16T08:03:14+00:00\" \/>\n<meta property=\"article:modified_time\" content=\"2026-04-16T08:03:17+00:00\" \/>\n<meta property=\"og:image\" content=\"https:\/\/nordnesrepublikken.no\/wp-content\/uploads\/2026\/04\/1776326595_Forskjellen-mellom-hvitt-vann-og-svart-vann-avhenger-av-opprinnelsen.jpg\" \/>\n\t<meta property=\"og:image:width\" content=\"2549\" \/>\n\t<meta property=\"og:image:height\" content=\"1491\" \/>\n\t<meta property=\"og:image:type\" content=\"image\/jpeg\" \/>\n<meta name=\"author\" content=\"Ole Andersen\" \/>\n<meta name=\"twitter:card\" content=\"summary_large_image\" \/>\n<meta name=\"twitter:label1\" content=\"Skrevet av\" \/>\n\t<meta name=\"twitter:data1\" content=\"Ole Andersen\" \/>\n\t<meta name=\"twitter:label2\" content=\"Ansl. lesetid\" \/>\n\t<meta name=\"twitter:data2\" content=\"3 minutter\" \/>\n<script type=\"application\/ld+json\" class=\"yoast-schema-graph\">{\"@context\":\"https:\/\/schema.org\",\"@graph\":[{\"@type\":\"Article\",\"@id\":\"https:\/\/nordnesrepublikken.no\/index.php\/2026\/04\/16\/forskjellen-mellom-hvitt-vann-og-svart-vann-avhenger-av-opprinnelsen-til-avlopsvannet-og-forurensningen\/#article\",\"isPartOf\":{\"@id\":\"https:\/\/nordnesrepublikken.no\/index.php\/2026\/04\/16\/forskjellen-mellom-hvitt-vann-og-svart-vann-avhenger-av-opprinnelsen-til-avlopsvannet-og-forurensningen\/\"},\"author\":{\"name\":\"Ole Andersen\",\"@id\":\"https:\/\/nordnesrepublikken.no\/#\/schema\/person\/2e7e81935bab77882fffb79296240ff1\"},\"headline\":\"Forskjellen mellom hvitt vann og svart vann avhenger av opprinnelsen til avl\u00f8psvannet og forurensningen\",\"datePublished\":\"2026-04-16T08:03:14+00:00\",\"dateModified\":\"2026-04-16T08:03:17+00:00\",\"mainEntityOfPage\":{\"@id\":\"https:\/\/nordnesrepublikken.no\/index.php\/2026\/04\/16\/forskjellen-mellom-hvitt-vann-og-svart-vann-avhenger-av-opprinnelsen-til-avlopsvannet-og-forurensningen\/\"},\"wordCount\":652,\"publisher\":{\"@id\":\"https:\/\/nordnesrepublikken.no\/#organization\"},\"image\":{\"@id\":\"https:\/\/nordnesrepublikken.no\/index.php\/2026\/04\/16\/forskjellen-mellom-hvitt-vann-og-svart-vann-avhenger-av-opprinnelsen-til-avlopsvannet-og-forurensningen\/#primaryimage\"},\"thumbnailUrl\":\"https:\/\/nordnesrepublikken.no\/wp-content\/uploads\/2026\/04\/1776326595_Forskjellen-mellom-hvitt-vann-og-svart-vann-avhenger-av-opprinnelsen.jpg\",\"keywords\":[\"avhenger\",\"avl\u00f8psvannet\",\"forskjellen\",\"forurensningen\",\"hvitt\",\"mellom\",\"Opprinnelsen\",\"Svart\",\"til\",\"vann\"],\"articleSection\":[\"Vitenskap\"],\"inLanguage\":\"nb-NO\"},{\"@type\":\"WebPage\",\"@id\":\"https:\/\/nordnesrepublikken.no\/index.php\/2026\/04\/16\/forskjellen-mellom-hvitt-vann-og-svart-vann-avhenger-av-opprinnelsen-til-avlopsvannet-og-forurensningen\/\",\"url\":\"https:\/\/nordnesrepublikken.no\/index.php\/2026\/04\/16\/forskjellen-mellom-hvitt-vann-og-svart-vann-avhenger-av-opprinnelsen-til-avlopsvannet-og-forurensningen\/\",\"name\":\"Forskjellen mellom hvitt vann og svart vann avhenger av opprinnelsen til avl\u00f8psvannet og forurensningen - Nordnesrepublikken\",\"isPartOf\":{\"@id\":\"https:\/\/nordnesrepublikken.no\/#website\"},\"primaryImageOfPage\":{\"@id\":\"https:\/\/nordnesrepublikken.no\/index.php\/2026\/04\/16\/forskjellen-mellom-hvitt-vann-og-svart-vann-avhenger-av-opprinnelsen-til-avlopsvannet-og-forurensningen\/#primaryimage\"},\"image\":{\"@id\":\"https:\/\/nordnesrepublikken.no\/index.php\/2026\/04\/16\/forskjellen-mellom-hvitt-vann-og-svart-vann-avhenger-av-opprinnelsen-til-avlopsvannet-og-forurensningen\/#primaryimage\"},\"thumbnailUrl\":\"https:\/\/nordnesrepublikken.no\/wp-content\/uploads\/2026\/04\/1776326595_Forskjellen-mellom-hvitt-vann-og-svart-vann-avhenger-av-opprinnelsen.jpg\",\"datePublished\":\"2026-04-16T08:03:14+00:00\",\"dateModified\":\"2026-04-16T08:03:17+00:00\",\"breadcrumb\":{\"@id\":\"https:\/\/nordnesrepublikken.no\/index.php\/2026\/04\/16\/forskjellen-mellom-hvitt-vann-og-svart-vann-avhenger-av-opprinnelsen-til-avlopsvannet-og-forurensningen\/#breadcrumb\"},\"inLanguage\":\"nb-NO\",\"potentialAction\":[{\"@type\":\"ReadAction\",\"target\":[\"https:\/\/nordnesrepublikken.no\/index.php\/2026\/04\/16\/forskjellen-mellom-hvitt-vann-og-svart-vann-avhenger-av-opprinnelsen-til-avlopsvannet-og-forurensningen\/\"]}]},{\"@type\":\"ImageObject\",\"inLanguage\":\"nb-NO\",\"@id\":\"https:\/\/nordnesrepublikken.no\/index.php\/2026\/04\/16\/forskjellen-mellom-hvitt-vann-og-svart-vann-avhenger-av-opprinnelsen-til-avlopsvannet-og-forurensningen\/#primaryimage\",\"url\":\"https:\/\/nordnesrepublikken.no\/wp-content\/uploads\/2026\/04\/1776326595_Forskjellen-mellom-hvitt-vann-og-svart-vann-avhenger-av-opprinnelsen.jpg\",\"contentUrl\":\"https:\/\/nordnesrepublikken.no\/wp-content\/uploads\/2026\/04\/1776326595_Forskjellen-mellom-hvitt-vann-og-svart-vann-avhenger-av-opprinnelsen.jpg\",\"width\":2549,\"height\":1491,\"caption\":\"Forskjellen mellom hvitt vann og svart vann avhenger av opprinnelsen til avl\u00f8psvannet og forurensningen\"},{\"@type\":\"BreadcrumbList\",\"@id\":\"https:\/\/nordnesrepublikken.no\/index.php\/2026\/04\/16\/forskjellen-mellom-hvitt-vann-og-svart-vann-avhenger-av-opprinnelsen-til-avlopsvannet-og-forurensningen\/#breadcrumb\",\"itemListElement\":[{\"@type\":\"ListItem\",\"position\":1,\"name\":\"Home\",\"item\":\"https:\/\/nordnesrepublikken.no\/\"},{\"@type\":\"ListItem\",\"position\":2,\"name\":\"Forskjellen mellom hvitt vann og svart vann avhenger av opprinnelsen til avl\u00f8psvannet og forurensningen\"}]},{\"@type\":\"WebSite\",\"@id\":\"https:\/\/nordnesrepublikken.no\/#website\",\"url\":\"https:\/\/nordnesrepublikken.no\/\",\"name\":\"Nordnesrepublikken\",\"description\":\"Stemmer og Visjoner fra Republikkens Hjerte\",\"publisher\":{\"@id\":\"https:\/\/nordnesrepublikken.no\/#organization\"},\"potentialAction\":[{\"@type\":\"SearchAction\",\"target\":{\"@type\":\"EntryPoint\",\"urlTemplate\":\"https:\/\/nordnesrepublikken.no\/?s={search_term_string}\"},\"query-input\":{\"@type\":\"PropertyValueSpecification\",\"valueRequired\":true,\"valueName\":\"search_term_string\"}}],\"inLanguage\":\"nb-NO\"},{\"@type\":\"Organization\",\"@id\":\"https:\/\/nordnesrepublikken.no\/#organization\",\"name\":\"Nordnesrepublikken\",\"url\":\"https:\/\/nordnesrepublikken.no\/\",\"logo\":{\"@type\":\"ImageObject\",\"inLanguage\":\"nb-NO\",\"@id\":\"https:\/\/nordnesrepublikken.no\/#\/schema\/logo\/image\/\",\"url\":\"https:\/\/nordnesrepublikken.no\/wp-content\/uploads\/2025\/02\/cropped-nordnesrepublikken-2.png\",\"contentUrl\":\"https:\/\/nordnesrepublikken.no\/wp-content\/uploads\/2025\/02\/cropped-nordnesrepublikken-2.png\",\"width\":1248,\"height\":362,\"caption\":\"Nordnesrepublikken\"},\"image\":{\"@id\":\"https:\/\/nordnesrepublikken.no\/#\/schema\/logo\/image\/\"}},{\"@type\":\"Person\",\"@id\":\"https:\/\/nordnesrepublikken.no\/#\/schema\/person\/2e7e81935bab77882fffb79296240ff1\",\"name\":\"Ole Andersen\",\"image\":{\"@type\":\"ImageObject\",\"inLanguage\":\"nb-NO\",\"@id\":\"https:\/\/nordnesrepublikken.no\/#\/schema\/person\/image\/\",\"url\":\"https:\/\/nordnesrepublikken.no\/wp-content\/uploads\/2025\/02\/nordnesrepublikken-2-2-150x150.jpg\",\"contentUrl\":\"https:\/\/nordnesrepublikken.no\/wp-content\/uploads\/2025\/02\/nordnesrepublikken-2-2-150x150.jpg\",\"caption\":\"Ole Andersen\"},\"description\":\"Ettersom jeg vokste opp i Oslo, har jeg alltid v\u00e6rt fascinert av ordenes kraft og deres evne til \u00e5 skape endringer. Etter \u00e5 ha fullf\u00f8rt min utdannelse i kommunikasjon ved Universitetet i Bergen, fikk jeg muligheten til \u00e5 jobbe innen ulike medier, der jeg har s\u00f8kt \u00e5 belyse viktige samfunnssp\u00f8rsm\u00e5l. I dag, som redakt\u00f8r for Nordnesrepublikken, pr\u00f8ver jeg \u00e5 forene min kj\u00e6rlighet for journalistikk med min lidenskap for innovasjon og eventyr.\",\"sameAs\":[\"https:\/\/nordnesrepublikken.no\/\"]}]}<\/script>\n<!-- \/ Yoast SEO plugin. -->","yoast_head_json":{"title":"Forskjellen mellom hvitt vann og svart vann avhenger av opprinnelsen til avl\u00f8psvannet og forurensningen - Nordnesrepublikken","robots":{"index":"index","follow":"follow","max-snippet":"max-snippet:-1","max-image-preview":"max-image-preview:large","max-video-preview":"max-video-preview:-1"},"canonical":"https:\/\/nordnesrepublikken.no\/index.php\/2026\/04\/16\/forskjellen-mellom-hvitt-vann-og-svart-vann-avhenger-av-opprinnelsen-til-avlopsvannet-og-forurensningen\/","og_locale":"nb_NO","og_type":"article","og_title":"Forskjellen mellom hvitt vann og svart vann avhenger av opprinnelsen til avl\u00f8psvannet og forurensningen - Nordnesrepublikken","og_description":"B\u00e5de i hverdagsspr\u00e5ket og isanit\u00e6rteknikkskillet mellom hvitt vann Og svart vann representerer den grunnleggende pilaren","og_url":"https:\/\/nordnesrepublikken.no\/index.php\/2026\/04\/16\/forskjellen-mellom-hvitt-vann-og-svart-vann-avhenger-av-opprinnelsen-til-avlopsvannet-og-forurensningen\/","og_site_name":"Nordnesrepublikken","article_published_time":"2026-04-16T08:03:14+00:00","article_modified_time":"2026-04-16T08:03:17+00:00","og_image":[{"width":2549,"height":1491,"url":"https:\/\/nordnesrepublikken.no\/wp-content\/uploads\/2026\/04\/1776326595_Forskjellen-mellom-hvitt-vann-og-svart-vann-avhenger-av-opprinnelsen.jpg","type":"image\/jpeg"}],"author":"Ole Andersen","twitter_card":"summary_large_image","twitter_misc":{"Skrevet av":"Ole Andersen","Ansl. lesetid":"3 minutter"},"schema":{"@context":"https:\/\/schema.org","@graph":[{"@type":"Article","@id":"https:\/\/nordnesrepublikken.no\/index.php\/2026\/04\/16\/forskjellen-mellom-hvitt-vann-og-svart-vann-avhenger-av-opprinnelsen-til-avlopsvannet-og-forurensningen\/#article","isPartOf":{"@id":"https:\/\/nordnesrepublikken.no\/index.php\/2026\/04\/16\/forskjellen-mellom-hvitt-vann-og-svart-vann-avhenger-av-opprinnelsen-til-avlopsvannet-og-forurensningen\/"},"author":{"name":"Ole Andersen","@id":"https:\/\/nordnesrepublikken.no\/#\/schema\/person\/2e7e81935bab77882fffb79296240ff1"},"headline":"Forskjellen mellom hvitt vann og svart vann avhenger av opprinnelsen til avl\u00f8psvannet og forurensningen","datePublished":"2026-04-16T08:03:14+00:00","dateModified":"2026-04-16T08:03:17+00:00","mainEntityOfPage":{"@id":"https:\/\/nordnesrepublikken.no\/index.php\/2026\/04\/16\/forskjellen-mellom-hvitt-vann-og-svart-vann-avhenger-av-opprinnelsen-til-avlopsvannet-og-forurensningen\/"},"wordCount":652,"publisher":{"@id":"https:\/\/nordnesrepublikken.no\/#organization"},"image":{"@id":"https:\/\/nordnesrepublikken.no\/index.php\/2026\/04\/16\/forskjellen-mellom-hvitt-vann-og-svart-vann-avhenger-av-opprinnelsen-til-avlopsvannet-og-forurensningen\/#primaryimage"},"thumbnailUrl":"https:\/\/nordnesrepublikken.no\/wp-content\/uploads\/2026\/04\/1776326595_Forskjellen-mellom-hvitt-vann-og-svart-vann-avhenger-av-opprinnelsen.jpg","keywords":["avhenger","avl\u00f8psvannet","forskjellen","forurensningen","hvitt","mellom","Opprinnelsen","Svart","til","vann"],"articleSection":["Vitenskap"],"inLanguage":"nb-NO"},{"@type":"WebPage","@id":"https:\/\/nordnesrepublikken.no\/index.php\/2026\/04\/16\/forskjellen-mellom-hvitt-vann-og-svart-vann-avhenger-av-opprinnelsen-til-avlopsvannet-og-forurensningen\/","url":"https:\/\/nordnesrepublikken.no\/index.php\/2026\/04\/16\/forskjellen-mellom-hvitt-vann-og-svart-vann-avhenger-av-opprinnelsen-til-avlopsvannet-og-forurensningen\/","name":"Forskjellen mellom hvitt vann og svart vann avhenger av opprinnelsen til avl\u00f8psvannet og forurensningen - Nordnesrepublikken","isPartOf":{"@id":"https:\/\/nordnesrepublikken.no\/#website"},"primaryImageOfPage":{"@id":"https:\/\/nordnesrepublikken.no\/index.php\/2026\/04\/16\/forskjellen-mellom-hvitt-vann-og-svart-vann-avhenger-av-opprinnelsen-til-avlopsvannet-og-forurensningen\/#primaryimage"},"image":{"@id":"https:\/\/nordnesrepublikken.no\/index.php\/2026\/04\/16\/forskjellen-mellom-hvitt-vann-og-svart-vann-avhenger-av-opprinnelsen-til-avlopsvannet-og-forurensningen\/#primaryimage"},"thumbnailUrl":"https:\/\/nordnesrepublikken.no\/wp-content\/uploads\/2026\/04\/1776326595_Forskjellen-mellom-hvitt-vann-og-svart-vann-avhenger-av-opprinnelsen.jpg","datePublished":"2026-04-16T08:03:14+00:00","dateModified":"2026-04-16T08:03:17+00:00","breadcrumb":{"@id":"https:\/\/nordnesrepublikken.no\/index.php\/2026\/04\/16\/forskjellen-mellom-hvitt-vann-og-svart-vann-avhenger-av-opprinnelsen-til-avlopsvannet-og-forurensningen\/#breadcrumb"},"inLanguage":"nb-NO","potentialAction":[{"@type":"ReadAction","target":["https:\/\/nordnesrepublikken.no\/index.php\/2026\/04\/16\/forskjellen-mellom-hvitt-vann-og-svart-vann-avhenger-av-opprinnelsen-til-avlopsvannet-og-forurensningen\/"]}]},{"@type":"ImageObject","inLanguage":"nb-NO","@id":"https:\/\/nordnesrepublikken.no\/index.php\/2026\/04\/16\/forskjellen-mellom-hvitt-vann-og-svart-vann-avhenger-av-opprinnelsen-til-avlopsvannet-og-forurensningen\/#primaryimage","url":"https:\/\/nordnesrepublikken.no\/wp-content\/uploads\/2026\/04\/1776326595_Forskjellen-mellom-hvitt-vann-og-svart-vann-avhenger-av-opprinnelsen.jpg","contentUrl":"https:\/\/nordnesrepublikken.no\/wp-content\/uploads\/2026\/04\/1776326595_Forskjellen-mellom-hvitt-vann-og-svart-vann-avhenger-av-opprinnelsen.jpg","width":2549,"height":1491,"caption":"Forskjellen mellom hvitt vann og svart vann avhenger av opprinnelsen til avl\u00f8psvannet og forurensningen"},{"@type":"BreadcrumbList","@id":"https:\/\/nordnesrepublikken.no\/index.php\/2026\/04\/16\/forskjellen-mellom-hvitt-vann-og-svart-vann-avhenger-av-opprinnelsen-til-avlopsvannet-og-forurensningen\/#breadcrumb","itemListElement":[{"@type":"ListItem","position":1,"name":"Home","item":"https:\/\/nordnesrepublikken.no\/"},{"@type":"ListItem","position":2,"name":"Forskjellen mellom hvitt vann og svart vann avhenger av opprinnelsen til avl\u00f8psvannet og forurensningen"}]},{"@type":"WebSite","@id":"https:\/\/nordnesrepublikken.no\/#website","url":"https:\/\/nordnesrepublikken.no\/","name":"Nordnesrepublikken","description":"Stemmer og Visjoner fra Republikkens Hjerte","publisher":{"@id":"https:\/\/nordnesrepublikken.no\/#organization"},"potentialAction":[{"@type":"SearchAction","target":{"@type":"EntryPoint","urlTemplate":"https:\/\/nordnesrepublikken.no\/?s={search_term_string}"},"query-input":{"@type":"PropertyValueSpecification","valueRequired":true,"valueName":"search_term_string"}}],"inLanguage":"nb-NO"},{"@type":"Organization","@id":"https:\/\/nordnesrepublikken.no\/#organization","name":"Nordnesrepublikken","url":"https:\/\/nordnesrepublikken.no\/","logo":{"@type":"ImageObject","inLanguage":"nb-NO","@id":"https:\/\/nordnesrepublikken.no\/#\/schema\/logo\/image\/","url":"https:\/\/nordnesrepublikken.no\/wp-content\/uploads\/2025\/02\/cropped-nordnesrepublikken-2.png","contentUrl":"https:\/\/nordnesrepublikken.no\/wp-content\/uploads\/2025\/02\/cropped-nordnesrepublikken-2.png","width":1248,"height":362,"caption":"Nordnesrepublikken"},"image":{"@id":"https:\/\/nordnesrepublikken.no\/#\/schema\/logo\/image\/"}},{"@type":"Person","@id":"https:\/\/nordnesrepublikken.no\/#\/schema\/person\/2e7e81935bab77882fffb79296240ff1","name":"Ole Andersen","image":{"@type":"ImageObject","inLanguage":"nb-NO","@id":"https:\/\/nordnesrepublikken.no\/#\/schema\/person\/image\/","url":"https:\/\/nordnesrepublikken.no\/wp-content\/uploads\/2025\/02\/nordnesrepublikken-2-2-150x150.jpg","contentUrl":"https:\/\/nordnesrepublikken.no\/wp-content\/uploads\/2025\/02\/nordnesrepublikken-2-2-150x150.jpg","caption":"Ole Andersen"},"description":"Ettersom jeg vokste opp i Oslo, har jeg alltid v\u00e6rt fascinert av ordenes kraft og deres evne til \u00e5 skape endringer. Etter \u00e5 ha fullf\u00f8rt min utdannelse i kommunikasjon ved Universitetet i Bergen, fikk jeg muligheten til \u00e5 jobbe innen ulike medier, der jeg har s\u00f8kt \u00e5 belyse viktige samfunnssp\u00f8rsm\u00e5l. I dag, som redakt\u00f8r for Nordnesrepublikken, pr\u00f8ver jeg \u00e5 forene min kj\u00e6rlighet for journalistikk med min lidenskap for innovasjon og eventyr.","sameAs":["https:\/\/nordnesrepublikken.no\/"]}]}},"_links":{"self":[{"href":"https:\/\/nordnesrepublikken.no\/index.php\/wp-json\/wp\/v2\/posts\/17040","targetHints":{"allow":["GET"]}}],"collection":[{"href":"https:\/\/nordnesrepublikken.no\/index.php\/wp-json\/wp\/v2\/posts"}],"about":[{"href":"https:\/\/nordnesrepublikken.no\/index.php\/wp-json\/wp\/v2\/types\/post"}],"author":[{"embeddable":true,"href":"https:\/\/nordnesrepublikken.no\/index.php\/wp-json\/wp\/v2\/users\/1"}],"replies":[{"embeddable":true,"href":"https:\/\/nordnesrepublikken.no\/index.php\/wp-json\/wp\/v2\/comments?post=17040"}],"version-history":[{"count":1,"href":"https:\/\/nordnesrepublikken.no\/index.php\/wp-json\/wp\/v2\/posts\/17040\/revisions"}],"predecessor-version":[{"id":17042,"href":"https:\/\/nordnesrepublikken.no\/index.php\/wp-json\/wp\/v2\/posts\/17040\/revisions\/17042"}],"wp:featuredmedia":[{"embeddable":true,"href":"https:\/\/nordnesrepublikken.no\/index.php\/wp-json\/wp\/v2\/media\/17041"}],"wp:attachment":[{"href":"https:\/\/nordnesrepublikken.no\/index.php\/wp-json\/wp\/v2\/media?parent=17040"}],"wp:term":[{"taxonomy":"category","embeddable":true,"href":"https:\/\/nordnesrepublikken.no\/index.php\/wp-json\/wp\/v2\/categories?post=17040"},{"taxonomy":"post_tag","embeddable":true,"href":"https:\/\/nordnesrepublikken.no\/index.php\/wp-json\/wp\/v2\/tags?post=17040"}],"curies":[{"name":"wp","href":"https:\/\/api.w.org\/{rel}","templated":true}]}}