{"id":17010,"date":"2026-04-15T13:25:07","date_gmt":"2026-04-15T11:25:07","guid":{"rendered":"https:\/\/nordnesrepublikken.no\/index.php\/2026\/04\/15\/hva-ville-skje-i-italia-ved-en-energisperring-og-hva-er-eus-holdning\/"},"modified":"2026-04-15T13:25:11","modified_gmt":"2026-04-15T11:25:11","slug":"hva-ville-skje-i-italia-ved-en-energisperring-og-hva-er-eus-holdning","status":"publish","type":"post","link":"https:\/\/nordnesrepublikken.no\/index.php\/2026\/04\/15\/hva-ville-skje-i-italia-ved-en-energisperring-og-hva-er-eus-holdning\/","title":{"rendered":"Hva ville skje i Italia ved en energisperring og hva er EUs holdning"},"content":{"rendered":"<div>\n<div class=\"cp_wrapper cp_wrapper--fw mb-30 mb-20@tablet\">\n<figure class=\"mm\"><picture class=\"img\" style=\"padding-top:56.25%\"><source  media=\"(min-width: 1024px)\"><source  media=\"(min-width: 768px)\"><\/source><\/source><\/picture><\/figure>\n<\/p><\/div>\n<p>For uker i Italia og EU muligheten for en s\u00e5kalt<em> <strong>energisperring <\/strong><\/em>som en konsekvens av krigen i <strong>Midt\u00f8sten<\/strong> mellom USA, Israel og Iran og <strong>blokade av Hormuzstredet<\/strong>.<\/p>\n<p>For \u00f8yeblikket<strong> det er ingen definert plan<\/strong> som du tenker p\u00e5 <strong>energirasjonering<\/strong> for borgere eller bedrifter, verken p\u00e5 italiensk eller europeisk niv\u00e5. I f\u00f8lge prognoser, faktisk, hvis krigen i Midt\u00f8sten skulle fortsette i de kommende ukene, <strong>Italia ville ikke umiddelbart finne seg selv uten olje<\/strong>gitt at 42 % av r\u00e5oljen importert til Italia kommer fra det afrikanske kontinentet (med Libya som hovedleverand\u00f8r med en andel p\u00e5 24 %, som bekreftet av Unem-data). For \u00f8yeblikket, derfor<strong> energirasjoneringstiltak forblir bare hypotetiske<\/strong> og ta som eksempel politikken som ble vedtatt av stater under tidligere energikriser, som de i 2022 og 1973.<\/p>\n<p>Hovedproblemet n\u00e5 er knyttet til<strong>prisstigning<\/strong>: som bekreftet av presidenten for EU-kommisjonen Ursula von der Leyen p\u00e5 en pressekonferanse, p\u00e5 bare 44 dager med konflikt i Midt\u00f8sten, har europeiske utgifter til import av fossilt brensel \u00f8kt med mer enn <strong>22 milliarder euro<\/strong>med EU som n\u00e5 vurderer umiddelbare tiltak for \u00e5 redusere energiettersp\u00f8rselen.<\/p>\n<h2>Hva er en energisperre og hva inneb\u00e6rer det<\/h2>\n<p>I motsetning til hva begrepet kan antyde, a <strong>energisperring<\/strong> det ville ikke ha noe \u00e5 gj\u00f8re med begrensningene for personlig frihet som ble brukt under Covid-19-pandemien. I dette tilfellet ville det v\u00e6rt det <strong>begrense energiforbruket<\/strong> \u2013 elektrisitet, gass og drivstoff \u2013 for \u00e5 hindre at systemet kollapser ved kraftig reduksjon i forsyninger eller for stor pris\u00f8kning.<\/p>\n<p>M\u00e5let med en eventuell energisperring vil v\u00e6re \u00e5 <strong>beskytte noen viktige tjenester<\/strong> \u2013 som sykehus eller annen kritisk infrastruktur \u2013 pr\u00f8ver \u00e5 redusere privat transport og ikke-n\u00f8dvendig innenlandsforbruk.<\/p>\n<p>Som forventet, men <strong>verken den italienske regjeringen eller EU tenker faktisk p\u00e5 \u00e5 innf\u00f8re en energisperre<\/strong>: Det som n\u00e5 er i gang er en energikrise, med forsyningsvansker for r\u00e5varer som olje eller LNG, som imidlertid enn\u00e5 ikke har n\u00e5dd en slik alvorlighetsgrad at den krever godkjenning av begrensninger p\u00e5 energibrukstider eller reduksjoner i industriell produksjon.<\/p>\n<h2>Tiltak anbefalt av EU for \u00e5 redusere energibehovet<\/h2>\n<p>Selv om hypotesen om en energisperring er utelukket, i det minste for \u00f8yeblikket, har EU likevel r\u00e5det medlemslandene til \u00e5 vedta en rekke tiltak rettet mot <strong>redusere energibehovet<\/strong>basert p\u00e5 anbefalingene som allerede er gitt av Det internasjonale energibyr\u00e5et, ogs\u00e5 evaluere <strong>reaktiver noen tiltak<\/strong> allerede brukt i l\u00f8pet av <strong>krisen i 2022<\/strong>da Russland drastisk kuttet gassforsyningen til Europa. Disse forslagene inkluderer for eksempel:<\/p>\n<ul>\n<li>Oppmuntre, n\u00e5r det er mulig, <strong>jobbe hjemmefra<\/strong> (smart arbeid).<\/li>\n<li>Oppmuntre til <strong>offentlig transport<\/strong>.<\/li>\n<li><strong>Unng\u00e5 flyreiser<\/strong> der det finnes alternativer.<\/li>\n<li><strong>Reduser fartsgrensene<\/strong> p\u00e5 motorveier minst 10 km\/t.<\/li>\n<\/ul>\n<p>I pressekonferansen holdt 13. april, presidenten for EU-kommisjonen<strong> Ursula Von der Leyen<\/strong> bekreftet at EU vil vedta en rekke tiltak for \u00e5 h\u00e5ndtere energikrisen: Selv om fiendtlighetene skulle opph\u00f8re umiddelbart, vil faktisk avbrudd i energiforsyningen fra Gulfen fortsatt strekke seg over flere m\u00e5neder, spesielt hvis vi tar i betraktning at energiinfrastrukturen ogs\u00e5 ble skadet under angrepene.<\/p>\n<p>Den endelige planen vil bli presentert av EU neste uke og vil hovedsakelig omhandle:<\/p>\n<ul>\n<li>De<strong> \u00e5 styrke koordineringen<\/strong> <strong>mellom medlemsland,<\/strong> basert p\u00e5 det som allerede er gjort under 2022-krisen, med sikte p\u00e5 \u00e5 effektivt koordinere<strong> frigj\u00f8ring av strategiske oljelagre<\/strong> og forhindre at markedene i medlemslandene konkurrerer med hverandre.<\/li>\n<li>Adopsjonen av <strong>m\u00e5lrettede st\u00f8ttetiltak<\/strong> for s\u00e5rbare familier og de mest utsatte sektorene (med den hjelpen som m\u00e5 gis <strong>m\u00e5lrettet, tidsriktig og midlertidig<\/strong>) og evaluering av mer fleksible statsst\u00f8tteregler.<\/li>\n<li><strong>Reduksjon av ettersp\u00f8rsel<\/strong> <strong>energi<\/strong>: i dette tilfellet snakket imidlertid ikke EU-kommisjonen om energirasjonering, men om en reduksjon i forbruket p\u00e5 mellomlang\/lang sikt, gjennom effektiviseringsinngrep som renovering av bygninger og modernisering av industrianlegg.<\/li>\n<\/ul>\n<h2>Hva er de mulige rasjoneringene som kan brukes i Italia<\/h2>\n<p>Men hva vil derfor skje i Italia i tilfelle en energisperring? F\u00f8rst av alt er det n\u00f8dvendig \u00e5 avklare det, som bekreftet av milj\u00f8- og energisikkerhetsministeren <strong>Gilberto Pichetto Fratin, <\/strong>i Italia \u00ab<strong>Det er enn\u00e5 ikke forutsetninger for \u00e5 gripe inn<\/strong>\u00bb rasjonering av energiforbruk.<\/p>\n<p>I teorien b\u00f8r imidlertid det mest effektive rasjoneringstiltaket inkludere en <strong>begrense forbruket til de mest &laquo;energikrevende&raquo; n\u00e6ringene<\/strong>som i Italia er de som opererer i metallurgisk sektor, i produksjon av gummi- og plastartikler og i bearbeiding av ikke-metalliske mineraler.<\/p>\n<p>Fra et praktisk synspunkt vil dette imidlertid bety <strong>blokkere noen grunnleggende sektorer i den nasjonale \u00f8konomien<\/strong>. Dette er grunnen til at de hypotetiske rasjoneringstiltakene f\u00f8rst og fremst vil gjelde transport og ikke-essensielt forbruk av befolkningen, etter en gradvis og progressiv prosess.<\/p>\n<p>Mer spesifikt for <strong>redusere drivstoffbehovet<\/strong> har v\u00e6rt diskutert <strong>mulighet<\/strong> \u00e5 introdusere:<\/p>\n<ul>\n<li>der<strong> fjernundervisning<\/strong> for skoler;<\/li>\n<li>de <strong>smart arbeid<\/strong> for alle offentlig ansatte;<\/li>\n<li><strong>den planlagte stengingen av offentlig belysning<\/strong> ikke avgj\u00f8rende;<\/li>\n<li>der<strong> sirkulasjon med vekslende bilskilt<\/strong> i st\u00f8rre bysentre, men kun i det mest alvorlige scenarioet. Dette tiltaket ble allerede vedtatt i Italia mellom 1973 og 1974 i perioden \u00ab<em>innstramminger<\/em>\u00bb og energikrisen knyttet, ogs\u00e5 i dette tilfellet, til en krig i Midt\u00f8sten.<\/li>\n<\/ul>\n<p>Men blokaden av Hormuzstredet setter ogs\u00e5<strong>gassforsyning<\/strong>: tatt i betraktning at Italia produserer rundt 40 % av sin elektrisitet ved \u00e5 brenne naturgass \u2013 med Qatar som dekker rundt 44\u201345 % av italiensk LNG-import \u2013 er det mulig at i tilfelle krigen i Midt\u00f8sten fortsetter i de kommende m\u00e5nedene, <strong>rasjonering<\/strong> involvere<strong> str\u00f8mforbruk<\/strong>som hovedsakelig gjelder i sommersesongen <strong>bruk av klimaanlegg.<\/strong><\/p>\n<p>Selv i dette tilfellet ville tiltaket ikke v\u00e6re nytt: allerede i 2022, midt i energikrisen p\u00e5 grunn av Russland-Ukraina-konflikten, ble det godkjent lovgivning som p\u00e5la <strong>strenge grenser for klimaanlegg i offentlige bygninger,<\/strong> forbyr temperaturer under 27 \u00b0C (med 2 \u00b0C toleranse, derfor minimum 25 \u00b0C) for \u00e5 avkj\u00f8le interi\u00f8ret.<\/p>\n<p>Kort sagt, som vi allerede har sett, <strong>for \u00f8yeblikket er det ingen grunn til umiddelbar alarm om mulig energirasjonering<\/strong>: Skulle krigen i Midt\u00f8sten bli forlenget, er det imidlertid mulig at EU eller den italienske regjeringen vil vedta n\u00f8dstiltak.<\/p>\n<\/p><\/div>\n","protected":false},"excerpt":{"rendered":"<p>For uker i Italia og EU muligheten for en s\u00e5kalt energisperring som en konsekvens av<\/p>\n","protected":false},"author":1,"featured_media":17011,"comment_status":"closed","ping_status":"open","sticky":false,"template":"","format":"standard","meta":{"footnotes":""},"categories":[104],"tags":[10982,759,10779,144,437,2151,231,723],"class_list":["post-17010","post","type-post","status-publish","format-standard","has-post-thumbnail","hentry","category-samfunn","tag-energisperring","tag-eus","tag-holdning","tag-hva","tag-italia","tag-skje","tag-ved","tag-ville","generate-columns","tablet-grid-50","mobile-grid-100","grid-parent","grid-33","resize-featured-image"],"yoast_head":"<!-- This site is optimized with the Yoast SEO plugin v24.4 - https:\/\/yoast.com\/wordpress\/plugins\/seo\/ -->\n<title>Hva ville skje i Italia ved en energisperring og hva er EUs holdning - Nordnesrepublikken<\/title>\n<meta name=\"robots\" content=\"index, follow, max-snippet:-1, max-image-preview:large, max-video-preview:-1\" \/>\n<link rel=\"canonical\" href=\"https:\/\/nordnesrepublikken.no\/index.php\/2026\/04\/15\/hva-ville-skje-i-italia-ved-en-energisperring-og-hva-er-eus-holdning\/\" \/>\n<meta property=\"og:locale\" content=\"nb_NO\" \/>\n<meta property=\"og:type\" content=\"article\" \/>\n<meta property=\"og:title\" content=\"Hva ville skje i Italia ved en energisperring og hva er EUs holdning - Nordnesrepublikken\" \/>\n<meta property=\"og:description\" content=\"For uker i Italia og EU muligheten for en s\u00e5kalt energisperring som en konsekvens av\" \/>\n<meta property=\"og:url\" content=\"https:\/\/nordnesrepublikken.no\/index.php\/2026\/04\/15\/hva-ville-skje-i-italia-ved-en-energisperring-og-hva-er-eus-holdning\/\" \/>\n<meta property=\"og:site_name\" content=\"Nordnesrepublikken\" \/>\n<meta property=\"article:published_time\" content=\"2026-04-15T11:25:07+00:00\" \/>\n<meta property=\"article:modified_time\" content=\"2026-04-15T11:25:11+00:00\" \/>\n<meta property=\"og:image\" content=\"https:\/\/nordnesrepublikken.no\/wp-content\/uploads\/2026\/04\/1776252308_Hva-ville-skje-i-Italia-ved-en-energisperring-og-hva.jpg\" \/>\n\t<meta property=\"og:image:width\" content=\"2528\" \/>\n\t<meta property=\"og:image:height\" content=\"1684\" \/>\n\t<meta property=\"og:image:type\" content=\"image\/jpeg\" \/>\n<meta name=\"author\" content=\"Ole Andersen\" \/>\n<meta name=\"twitter:card\" content=\"summary_large_image\" \/>\n<meta name=\"twitter:label1\" content=\"Skrevet av\" \/>\n\t<meta name=\"twitter:data1\" content=\"Ole Andersen\" \/>\n\t<meta name=\"twitter:label2\" content=\"Ansl. lesetid\" \/>\n\t<meta name=\"twitter:data2\" content=\"5 minutter\" \/>\n<script type=\"application\/ld+json\" class=\"yoast-schema-graph\">{\"@context\":\"https:\/\/schema.org\",\"@graph\":[{\"@type\":\"Article\",\"@id\":\"https:\/\/nordnesrepublikken.no\/index.php\/2026\/04\/15\/hva-ville-skje-i-italia-ved-en-energisperring-og-hva-er-eus-holdning\/#article\",\"isPartOf\":{\"@id\":\"https:\/\/nordnesrepublikken.no\/index.php\/2026\/04\/15\/hva-ville-skje-i-italia-ved-en-energisperring-og-hva-er-eus-holdning\/\"},\"author\":{\"name\":\"Ole Andersen\",\"@id\":\"https:\/\/nordnesrepublikken.no\/#\/schema\/person\/2e7e81935bab77882fffb79296240ff1\"},\"headline\":\"Hva ville skje i Italia ved en energisperring og hva er EUs holdning\",\"datePublished\":\"2026-04-15T11:25:07+00:00\",\"dateModified\":\"2026-04-15T11:25:11+00:00\",\"mainEntityOfPage\":{\"@id\":\"https:\/\/nordnesrepublikken.no\/index.php\/2026\/04\/15\/hva-ville-skje-i-italia-ved-en-energisperring-og-hva-er-eus-holdning\/\"},\"wordCount\":958,\"publisher\":{\"@id\":\"https:\/\/nordnesrepublikken.no\/#organization\"},\"image\":{\"@id\":\"https:\/\/nordnesrepublikken.no\/index.php\/2026\/04\/15\/hva-ville-skje-i-italia-ved-en-energisperring-og-hva-er-eus-holdning\/#primaryimage\"},\"thumbnailUrl\":\"https:\/\/nordnesrepublikken.no\/wp-content\/uploads\/2026\/04\/1776252308_Hva-ville-skje-i-Italia-ved-en-energisperring-og-hva.jpg\",\"keywords\":[\"energisperring\",\"EUs\",\"holdning\",\"Hva\",\"Italia\",\"skje\",\"ved\",\"ville\"],\"articleSection\":[\"Samfunn\"],\"inLanguage\":\"nb-NO\"},{\"@type\":\"WebPage\",\"@id\":\"https:\/\/nordnesrepublikken.no\/index.php\/2026\/04\/15\/hva-ville-skje-i-italia-ved-en-energisperring-og-hva-er-eus-holdning\/\",\"url\":\"https:\/\/nordnesrepublikken.no\/index.php\/2026\/04\/15\/hva-ville-skje-i-italia-ved-en-energisperring-og-hva-er-eus-holdning\/\",\"name\":\"Hva ville skje i Italia ved en energisperring og hva er EUs holdning - Nordnesrepublikken\",\"isPartOf\":{\"@id\":\"https:\/\/nordnesrepublikken.no\/#website\"},\"primaryImageOfPage\":{\"@id\":\"https:\/\/nordnesrepublikken.no\/index.php\/2026\/04\/15\/hva-ville-skje-i-italia-ved-en-energisperring-og-hva-er-eus-holdning\/#primaryimage\"},\"image\":{\"@id\":\"https:\/\/nordnesrepublikken.no\/index.php\/2026\/04\/15\/hva-ville-skje-i-italia-ved-en-energisperring-og-hva-er-eus-holdning\/#primaryimage\"},\"thumbnailUrl\":\"https:\/\/nordnesrepublikken.no\/wp-content\/uploads\/2026\/04\/1776252308_Hva-ville-skje-i-Italia-ved-en-energisperring-og-hva.jpg\",\"datePublished\":\"2026-04-15T11:25:07+00:00\",\"dateModified\":\"2026-04-15T11:25:11+00:00\",\"breadcrumb\":{\"@id\":\"https:\/\/nordnesrepublikken.no\/index.php\/2026\/04\/15\/hva-ville-skje-i-italia-ved-en-energisperring-og-hva-er-eus-holdning\/#breadcrumb\"},\"inLanguage\":\"nb-NO\",\"potentialAction\":[{\"@type\":\"ReadAction\",\"target\":[\"https:\/\/nordnesrepublikken.no\/index.php\/2026\/04\/15\/hva-ville-skje-i-italia-ved-en-energisperring-og-hva-er-eus-holdning\/\"]}]},{\"@type\":\"ImageObject\",\"inLanguage\":\"nb-NO\",\"@id\":\"https:\/\/nordnesrepublikken.no\/index.php\/2026\/04\/15\/hva-ville-skje-i-italia-ved-en-energisperring-og-hva-er-eus-holdning\/#primaryimage\",\"url\":\"https:\/\/nordnesrepublikken.no\/wp-content\/uploads\/2026\/04\/1776252308_Hva-ville-skje-i-Italia-ved-en-energisperring-og-hva.jpg\",\"contentUrl\":\"https:\/\/nordnesrepublikken.no\/wp-content\/uploads\/2026\/04\/1776252308_Hva-ville-skje-i-Italia-ved-en-energisperring-og-hva.jpg\",\"width\":2528,\"height\":1684,\"caption\":\"Hva ville skje i Italia ved en energisperring og hva er EUs holdning\"},{\"@type\":\"BreadcrumbList\",\"@id\":\"https:\/\/nordnesrepublikken.no\/index.php\/2026\/04\/15\/hva-ville-skje-i-italia-ved-en-energisperring-og-hva-er-eus-holdning\/#breadcrumb\",\"itemListElement\":[{\"@type\":\"ListItem\",\"position\":1,\"name\":\"Home\",\"item\":\"https:\/\/nordnesrepublikken.no\/\"},{\"@type\":\"ListItem\",\"position\":2,\"name\":\"Hva ville skje i Italia ved en energisperring og hva er EUs holdning\"}]},{\"@type\":\"WebSite\",\"@id\":\"https:\/\/nordnesrepublikken.no\/#website\",\"url\":\"https:\/\/nordnesrepublikken.no\/\",\"name\":\"Nordnesrepublikken\",\"description\":\"Stemmer og Visjoner fra Republikkens Hjerte\",\"publisher\":{\"@id\":\"https:\/\/nordnesrepublikken.no\/#organization\"},\"potentialAction\":[{\"@type\":\"SearchAction\",\"target\":{\"@type\":\"EntryPoint\",\"urlTemplate\":\"https:\/\/nordnesrepublikken.no\/?s={search_term_string}\"},\"query-input\":{\"@type\":\"PropertyValueSpecification\",\"valueRequired\":true,\"valueName\":\"search_term_string\"}}],\"inLanguage\":\"nb-NO\"},{\"@type\":\"Organization\",\"@id\":\"https:\/\/nordnesrepublikken.no\/#organization\",\"name\":\"Nordnesrepublikken\",\"url\":\"https:\/\/nordnesrepublikken.no\/\",\"logo\":{\"@type\":\"ImageObject\",\"inLanguage\":\"nb-NO\",\"@id\":\"https:\/\/nordnesrepublikken.no\/#\/schema\/logo\/image\/\",\"url\":\"https:\/\/nordnesrepublikken.no\/wp-content\/uploads\/2025\/02\/cropped-nordnesrepublikken-2.png\",\"contentUrl\":\"https:\/\/nordnesrepublikken.no\/wp-content\/uploads\/2025\/02\/cropped-nordnesrepublikken-2.png\",\"width\":1248,\"height\":362,\"caption\":\"Nordnesrepublikken\"},\"image\":{\"@id\":\"https:\/\/nordnesrepublikken.no\/#\/schema\/logo\/image\/\"}},{\"@type\":\"Person\",\"@id\":\"https:\/\/nordnesrepublikken.no\/#\/schema\/person\/2e7e81935bab77882fffb79296240ff1\",\"name\":\"Ole Andersen\",\"image\":{\"@type\":\"ImageObject\",\"inLanguage\":\"nb-NO\",\"@id\":\"https:\/\/nordnesrepublikken.no\/#\/schema\/person\/image\/\",\"url\":\"https:\/\/nordnesrepublikken.no\/wp-content\/uploads\/2025\/02\/nordnesrepublikken-2-2-150x150.jpg\",\"contentUrl\":\"https:\/\/nordnesrepublikken.no\/wp-content\/uploads\/2025\/02\/nordnesrepublikken-2-2-150x150.jpg\",\"caption\":\"Ole Andersen\"},\"description\":\"Ettersom jeg vokste opp i Oslo, har jeg alltid v\u00e6rt fascinert av ordenes kraft og deres evne til \u00e5 skape endringer. Etter \u00e5 ha fullf\u00f8rt min utdannelse i kommunikasjon ved Universitetet i Bergen, fikk jeg muligheten til \u00e5 jobbe innen ulike medier, der jeg har s\u00f8kt \u00e5 belyse viktige samfunnssp\u00f8rsm\u00e5l. I dag, som redakt\u00f8r for Nordnesrepublikken, pr\u00f8ver jeg \u00e5 forene min kj\u00e6rlighet for journalistikk med min lidenskap for innovasjon og eventyr.\",\"sameAs\":[\"https:\/\/nordnesrepublikken.no\/\"]}]}<\/script>\n<!-- \/ Yoast SEO plugin. -->","yoast_head_json":{"title":"Hva ville skje i Italia ved en energisperring og hva er EUs holdning - Nordnesrepublikken","robots":{"index":"index","follow":"follow","max-snippet":"max-snippet:-1","max-image-preview":"max-image-preview:large","max-video-preview":"max-video-preview:-1"},"canonical":"https:\/\/nordnesrepublikken.no\/index.php\/2026\/04\/15\/hva-ville-skje-i-italia-ved-en-energisperring-og-hva-er-eus-holdning\/","og_locale":"nb_NO","og_type":"article","og_title":"Hva ville skje i Italia ved en energisperring og hva er EUs holdning - Nordnesrepublikken","og_description":"For uker i Italia og EU muligheten for en s\u00e5kalt energisperring som en konsekvens av","og_url":"https:\/\/nordnesrepublikken.no\/index.php\/2026\/04\/15\/hva-ville-skje-i-italia-ved-en-energisperring-og-hva-er-eus-holdning\/","og_site_name":"Nordnesrepublikken","article_published_time":"2026-04-15T11:25:07+00:00","article_modified_time":"2026-04-15T11:25:11+00:00","og_image":[{"width":2528,"height":1684,"url":"https:\/\/nordnesrepublikken.no\/wp-content\/uploads\/2026\/04\/1776252308_Hva-ville-skje-i-Italia-ved-en-energisperring-og-hva.jpg","type":"image\/jpeg"}],"author":"Ole Andersen","twitter_card":"summary_large_image","twitter_misc":{"Skrevet av":"Ole Andersen","Ansl. lesetid":"5 minutter"},"schema":{"@context":"https:\/\/schema.org","@graph":[{"@type":"Article","@id":"https:\/\/nordnesrepublikken.no\/index.php\/2026\/04\/15\/hva-ville-skje-i-italia-ved-en-energisperring-og-hva-er-eus-holdning\/#article","isPartOf":{"@id":"https:\/\/nordnesrepublikken.no\/index.php\/2026\/04\/15\/hva-ville-skje-i-italia-ved-en-energisperring-og-hva-er-eus-holdning\/"},"author":{"name":"Ole Andersen","@id":"https:\/\/nordnesrepublikken.no\/#\/schema\/person\/2e7e81935bab77882fffb79296240ff1"},"headline":"Hva ville skje i Italia ved en energisperring og hva er EUs holdning","datePublished":"2026-04-15T11:25:07+00:00","dateModified":"2026-04-15T11:25:11+00:00","mainEntityOfPage":{"@id":"https:\/\/nordnesrepublikken.no\/index.php\/2026\/04\/15\/hva-ville-skje-i-italia-ved-en-energisperring-og-hva-er-eus-holdning\/"},"wordCount":958,"publisher":{"@id":"https:\/\/nordnesrepublikken.no\/#organization"},"image":{"@id":"https:\/\/nordnesrepublikken.no\/index.php\/2026\/04\/15\/hva-ville-skje-i-italia-ved-en-energisperring-og-hva-er-eus-holdning\/#primaryimage"},"thumbnailUrl":"https:\/\/nordnesrepublikken.no\/wp-content\/uploads\/2026\/04\/1776252308_Hva-ville-skje-i-Italia-ved-en-energisperring-og-hva.jpg","keywords":["energisperring","EUs","holdning","Hva","Italia","skje","ved","ville"],"articleSection":["Samfunn"],"inLanguage":"nb-NO"},{"@type":"WebPage","@id":"https:\/\/nordnesrepublikken.no\/index.php\/2026\/04\/15\/hva-ville-skje-i-italia-ved-en-energisperring-og-hva-er-eus-holdning\/","url":"https:\/\/nordnesrepublikken.no\/index.php\/2026\/04\/15\/hva-ville-skje-i-italia-ved-en-energisperring-og-hva-er-eus-holdning\/","name":"Hva ville skje i Italia ved en energisperring og hva er EUs holdning - Nordnesrepublikken","isPartOf":{"@id":"https:\/\/nordnesrepublikken.no\/#website"},"primaryImageOfPage":{"@id":"https:\/\/nordnesrepublikken.no\/index.php\/2026\/04\/15\/hva-ville-skje-i-italia-ved-en-energisperring-og-hva-er-eus-holdning\/#primaryimage"},"image":{"@id":"https:\/\/nordnesrepublikken.no\/index.php\/2026\/04\/15\/hva-ville-skje-i-italia-ved-en-energisperring-og-hva-er-eus-holdning\/#primaryimage"},"thumbnailUrl":"https:\/\/nordnesrepublikken.no\/wp-content\/uploads\/2026\/04\/1776252308_Hva-ville-skje-i-Italia-ved-en-energisperring-og-hva.jpg","datePublished":"2026-04-15T11:25:07+00:00","dateModified":"2026-04-15T11:25:11+00:00","breadcrumb":{"@id":"https:\/\/nordnesrepublikken.no\/index.php\/2026\/04\/15\/hva-ville-skje-i-italia-ved-en-energisperring-og-hva-er-eus-holdning\/#breadcrumb"},"inLanguage":"nb-NO","potentialAction":[{"@type":"ReadAction","target":["https:\/\/nordnesrepublikken.no\/index.php\/2026\/04\/15\/hva-ville-skje-i-italia-ved-en-energisperring-og-hva-er-eus-holdning\/"]}]},{"@type":"ImageObject","inLanguage":"nb-NO","@id":"https:\/\/nordnesrepublikken.no\/index.php\/2026\/04\/15\/hva-ville-skje-i-italia-ved-en-energisperring-og-hva-er-eus-holdning\/#primaryimage","url":"https:\/\/nordnesrepublikken.no\/wp-content\/uploads\/2026\/04\/1776252308_Hva-ville-skje-i-Italia-ved-en-energisperring-og-hva.jpg","contentUrl":"https:\/\/nordnesrepublikken.no\/wp-content\/uploads\/2026\/04\/1776252308_Hva-ville-skje-i-Italia-ved-en-energisperring-og-hva.jpg","width":2528,"height":1684,"caption":"Hva ville skje i Italia ved en energisperring og hva er EUs holdning"},{"@type":"BreadcrumbList","@id":"https:\/\/nordnesrepublikken.no\/index.php\/2026\/04\/15\/hva-ville-skje-i-italia-ved-en-energisperring-og-hva-er-eus-holdning\/#breadcrumb","itemListElement":[{"@type":"ListItem","position":1,"name":"Home","item":"https:\/\/nordnesrepublikken.no\/"},{"@type":"ListItem","position":2,"name":"Hva ville skje i Italia ved en energisperring og hva er EUs holdning"}]},{"@type":"WebSite","@id":"https:\/\/nordnesrepublikken.no\/#website","url":"https:\/\/nordnesrepublikken.no\/","name":"Nordnesrepublikken","description":"Stemmer og Visjoner fra Republikkens Hjerte","publisher":{"@id":"https:\/\/nordnesrepublikken.no\/#organization"},"potentialAction":[{"@type":"SearchAction","target":{"@type":"EntryPoint","urlTemplate":"https:\/\/nordnesrepublikken.no\/?s={search_term_string}"},"query-input":{"@type":"PropertyValueSpecification","valueRequired":true,"valueName":"search_term_string"}}],"inLanguage":"nb-NO"},{"@type":"Organization","@id":"https:\/\/nordnesrepublikken.no\/#organization","name":"Nordnesrepublikken","url":"https:\/\/nordnesrepublikken.no\/","logo":{"@type":"ImageObject","inLanguage":"nb-NO","@id":"https:\/\/nordnesrepublikken.no\/#\/schema\/logo\/image\/","url":"https:\/\/nordnesrepublikken.no\/wp-content\/uploads\/2025\/02\/cropped-nordnesrepublikken-2.png","contentUrl":"https:\/\/nordnesrepublikken.no\/wp-content\/uploads\/2025\/02\/cropped-nordnesrepublikken-2.png","width":1248,"height":362,"caption":"Nordnesrepublikken"},"image":{"@id":"https:\/\/nordnesrepublikken.no\/#\/schema\/logo\/image\/"}},{"@type":"Person","@id":"https:\/\/nordnesrepublikken.no\/#\/schema\/person\/2e7e81935bab77882fffb79296240ff1","name":"Ole Andersen","image":{"@type":"ImageObject","inLanguage":"nb-NO","@id":"https:\/\/nordnesrepublikken.no\/#\/schema\/person\/image\/","url":"https:\/\/nordnesrepublikken.no\/wp-content\/uploads\/2025\/02\/nordnesrepublikken-2-2-150x150.jpg","contentUrl":"https:\/\/nordnesrepublikken.no\/wp-content\/uploads\/2025\/02\/nordnesrepublikken-2-2-150x150.jpg","caption":"Ole Andersen"},"description":"Ettersom jeg vokste opp i Oslo, har jeg alltid v\u00e6rt fascinert av ordenes kraft og deres evne til \u00e5 skape endringer. Etter \u00e5 ha fullf\u00f8rt min utdannelse i kommunikasjon ved Universitetet i Bergen, fikk jeg muligheten til \u00e5 jobbe innen ulike medier, der jeg har s\u00f8kt \u00e5 belyse viktige samfunnssp\u00f8rsm\u00e5l. I dag, som redakt\u00f8r for Nordnesrepublikken, pr\u00f8ver jeg \u00e5 forene min kj\u00e6rlighet for journalistikk med min lidenskap for innovasjon og eventyr.","sameAs":["https:\/\/nordnesrepublikken.no\/"]}]}},"_links":{"self":[{"href":"https:\/\/nordnesrepublikken.no\/index.php\/wp-json\/wp\/v2\/posts\/17010","targetHints":{"allow":["GET"]}}],"collection":[{"href":"https:\/\/nordnesrepublikken.no\/index.php\/wp-json\/wp\/v2\/posts"}],"about":[{"href":"https:\/\/nordnesrepublikken.no\/index.php\/wp-json\/wp\/v2\/types\/post"}],"author":[{"embeddable":true,"href":"https:\/\/nordnesrepublikken.no\/index.php\/wp-json\/wp\/v2\/users\/1"}],"replies":[{"embeddable":true,"href":"https:\/\/nordnesrepublikken.no\/index.php\/wp-json\/wp\/v2\/comments?post=17010"}],"version-history":[{"count":1,"href":"https:\/\/nordnesrepublikken.no\/index.php\/wp-json\/wp\/v2\/posts\/17010\/revisions"}],"predecessor-version":[{"id":17012,"href":"https:\/\/nordnesrepublikken.no\/index.php\/wp-json\/wp\/v2\/posts\/17010\/revisions\/17012"}],"wp:featuredmedia":[{"embeddable":true,"href":"https:\/\/nordnesrepublikken.no\/index.php\/wp-json\/wp\/v2\/media\/17011"}],"wp:attachment":[{"href":"https:\/\/nordnesrepublikken.no\/index.php\/wp-json\/wp\/v2\/media?parent=17010"}],"wp:term":[{"taxonomy":"category","embeddable":true,"href":"https:\/\/nordnesrepublikken.no\/index.php\/wp-json\/wp\/v2\/categories?post=17010"},{"taxonomy":"post_tag","embeddable":true,"href":"https:\/\/nordnesrepublikken.no\/index.php\/wp-json\/wp\/v2\/tags?post=17010"}],"curies":[{"name":"wp","href":"https:\/\/api.w.org\/{rel}","templated":true}]}}