{"id":16999,"date":"2026-04-15T11:23:04","date_gmt":"2026-04-15T09:23:04","guid":{"rendered":"https:\/\/nordnesrepublikken.no\/index.php\/2026\/04\/15\/hvordan-priser-forbruk-og-roykeavgifter-endres\/"},"modified":"2026-04-15T11:23:06","modified_gmt":"2026-04-15T09:23:06","slug":"hvordan-priser-forbruk-og-roykeavgifter-endres","status":"publish","type":"post","link":"https:\/\/nordnesrepublikken.no\/index.php\/2026\/04\/15\/hvordan-priser-forbruk-og-roykeavgifter-endres\/","title":{"rendered":"hvordan priser, forbruk og r\u00f8ykeavgifter endres"},"content":{"rendered":"<div>\n<div class=\"cp_wrapper cp_wrapper--fw mb-30 mb-20@tablet\">\n<figure class=\"mm\"><picture class=\"img\" style=\"padding-top:56.25%\"><source  media=\"(min-width: 1024px)\"><source  media=\"(min-width: 768px)\"><\/source><\/source><\/picture><\/figure>\n<\/p><\/div>\n<p>Starter i dag <strong>15. april 2026<\/strong> a vil bli brukt <strong>ytterligere \u00f8kning i tobakksprisene<\/strong>. En pris\u00f8kning som varierer avhengig av merkene og kan til og med n\u00e5 maksimalt 30 \u00f8re per pakke. Dagens \u00f8kning er faktisk en del av en tre\u00e5rsplan som startet 13. februar sist og som legger opp til \u00f8kninger p\u00e5 opptil <strong>40 \u00f8re p\u00e5 tre \u00e5r<\/strong>i samsvar med tiltakene i den nye budsjettloven som gjelder fra begynnelsen av 2026. Pris\u00f8kningen vil finne sted <strong>i faser<\/strong>: 15 \u00f8re per pakke i snitt i \u00e5r, 25 \u00f8re i 2027 og ca 40 \u00f8re per pakke med start i 2028. Iht. <em>Assoutients<\/em>en ideell forening som spesialiserer seg p\u00e5 forbrukerbeskyttelse, b\u00f8r pris\u00f8kningen generere <strong>en inntekt p\u00e5 1,47 milliarder euro<\/strong> i tre\u00e5rsperioden for statskassen.<\/p>\n<p>Tiltaket styrker ogs\u00e5 bruken av s\u00e6ravgift as <strong>finanspolitisk virkemiddel<\/strong> og avskrekkende forbruk, med sikte p\u00e5 gradvise \u00f8kninger over tid. Skattene p\u00e5 sigaretter, sigarillos og kuttet tobakk \u00f8kes trinnvis <strong>mellom 2026 og 2028<\/strong>b\u00e5de i den faste komponenten og i minimumsniv\u00e5ene, med sikte p\u00e5 \u00e5 gj\u00f8re produktene gradvis dyrere.<\/p>\n<h2><strong>Hvordan tobakksvarer prises<\/strong><\/h2>\n<p>Prisen p\u00e5 tobakksvarer bestemmes ikke fritt av forhandleren, men kommer av en beslutning <strong>fast struktur<\/strong> etablert ved lov. Den best\u00e5r av flere deler: en <strong>andel som g\u00e5r til produsenten<\/strong>The <strong>margin innregnet til forhandleren<\/strong> og en <strong>finansiell komponent<\/strong> som veier betydelig. Denne avgiftsdelen inkluderer b\u00e5de merverdiavgift og, viktigere, <strong>s\u00e6ravgiften<\/strong>dvs. en spesifikk avgift p\u00e5lagt tobakk som en vare som er p\u00e5lagt s\u00e6ravgifter.<\/p>\n<p>For eksempel, hvis vi tar det konvensjonelle kiloet sigaretter som referanse, som er grunnlaget brukt i de offisielle tabellene, p\u00e5 en gjennomsnittlig sluttpris p\u00e5 100 euro p\u00e5 alle sigarettmerker, ca. <strong>60 euro<\/strong> de er s\u00e6ravgifter, <strong>18-19 euro inkl. mva<\/strong> (Merverdiavgift), mens produsent og forhandler sammen forblir <strong>litt over 20 euro<\/strong>. Prisen p\u00e5 pakken som du kj\u00f8per hos tobakksforretningen kommer da fra denne basen, etter forhold, men andelene endres ikke.<\/p>\n<p>Denne mekanismen gjelder ikke bare for sigaretter, men for alle kategorier av <strong>produsert tobakk<\/strong> og er designet for \u00e5 gj\u00f8re prisene homogene, kontrollerbare og lett p\u00e5virkelige av finanspolitikken, spesielt n\u00e5r det besluttes \u00e5 \u00f8ke dem for \u00e5 \u00f8ke inntektene eller redusere forbruket.<\/p>\n<h2><strong>Hvor mange r\u00f8yker i Italia? En jevn nedgang siden 2008<\/strong><\/h2>\n<p>I f\u00f8lge data fra ISS (Istituto Superiore di Sanit\u00e0) som registrerer data om r\u00f8yking i Italia,<strong> Andel r\u00f8ykere synker over tid<\/strong>. I 2008 \u2013 de f\u00f8rste dataene tilgjengelig \u2013 r\u00f8ykte han omtrent <strong>30 % av befolkningen<\/strong>mens andelen i 2024 falt til <strong>ca 23 %<\/strong>.<\/p>\n<p><iframe title=\"Interactive or visual content\" class=\"flourish-embed-iframe js-parse-embed\" frameborder=\"0\" scrolling=\"no\" style=\"width:100%;height:600px;\" sandbox=\"allow-same-origin allow-forms allow-scripts allow-downloads allow-popups allow-popups-to-escape-sandbox allow-top-navigation-by-user-activation\" data-type=\"generic-iframe\" data-src=\"https:\/\/flo.uri.sh\/visualisation\/27666929\/embed\"><\/iframe><\/p>\n<p>Det er derfor en nedgang, men den er ikke kontinuerlig: mellom 2019 og 2020 \u00f8kte for eksempel andelen litt f\u00f8r den falt igjen. Denne trinnvise trenden indikerer at r\u00f8ykeslutt ikke er en line\u00e6r prosess <strong>antall r\u00f8ykere g\u00e5r ned<\/strong> p\u00e5 lang sikt, men p\u00e5virkes av eksterne faktorer, som \u00f8konomiske kriser eller endringer i vaner, som kan bremse eller midlertidig avbryte nedgangen.<\/p>\n<h2><strong>I hvilken region forekommer r\u00f8yking mest? <\/strong><\/h2>\n<p>De territorielle forskjellene er markerte. P\u00e5 regionalt niv\u00e5 finnes de h\u00f8yeste andelene av r\u00f8ykere i flere omr\u00e5der i S\u00f8r- og Sentralomr\u00e5det: <strong>Molise (31,4 %)<\/strong>, <strong>Campania (28,4 %)<\/strong>, <strong>Umbria (28,2 %)<\/strong> Og <strong>Valle d&#8217;Aosta (27,2 %)<\/strong> overstiger landsgjennomsnittet betydelig, dvs <strong>23,8 %<\/strong>.<\/p>\n<p><iframe title=\"Interactive or visual content\" class=\"flourish-embed-iframe js-parse-embed\" frameborder=\"0\" scrolling=\"no\" style=\"width:100%;height:600px;\" sandbox=\"allow-same-origin allow-forms allow-scripts allow-downloads allow-popups allow-popups-to-escape-sandbox allow-top-navigation-by-user-activation\" data-type=\"generic-iframe\" data-src=\"https:\/\/flo.uri.sh\/visualisation\/27666564\/embed\"><\/iframe><\/p>\n<p>Tvert imot kan regioner som f.eks <strong>Veneto (19,7 %)<\/strong> Og <strong>Toscana (20,5 %)<\/strong> de er under gjennomsnittet. Men det tydeligste gapet oppst\u00e5r p\u00e5 et sosialt niv\u00e5: mellom menneskene som erkl\u00e6rer <strong>mange \u00f8konomiske vanskeligheter<\/strong>r\u00f8yker <strong>omtrent 35\u201338 %<\/strong>mens andelen synker til <strong>ca 21 %<\/strong> blant dem som ikke har noen vanskeligheter.<\/p>\n<p><iframe title=\"Interactive or visual content\" class=\"flourish-embed-iframe js-parse-embed\" frameborder=\"0\" scrolling=\"no\" style=\"width:100%;height:600px;\" sandbox=\"allow-same-origin allow-forms allow-scripts allow-downloads allow-popups allow-popups-to-escape-sandbox allow-top-navigation-by-user-activation\" data-type=\"generic-iframe\" data-src=\"https:\/\/flo.uri.sh\/visualisation\/27666773\/embed\"><\/iframe><\/p>\n<p>R\u00f8yking er derfor mer utbredt nettopp der levek\u00e5rene er mest ustabile og pris\u00f8kningene har st\u00f8rst konsekvenser.<\/p>\n<h2><strong>Markedsandeler: f\u00e6rre sigaretter, flere elektroniske enheter<\/strong><\/h2>\n<p>Et annet element \u00e5 understreke n\u00e5r man ser p\u00e5 ISS-dataene er at tobakksmarkedet er i endring over tid: Hvis tidligere sigaretter dominerte, tar elektroniske enheter i dag en stadig st\u00f8rre markedsandel.<\/p>\n<p><iframe title=\"Interactive or visual content\" class=\"flourish-embed-iframe js-parse-embed\" frameborder=\"0\" scrolling=\"no\" style=\"width:100%;height:600px;\" sandbox=\"allow-same-origin allow-forms allow-scripts allow-downloads allow-popups allow-popups-to-escape-sandbox allow-top-navigation-by-user-activation\" data-type=\"generic-iframe\" data-src=\"https:\/\/flo.uri.sh\/visualisation\/27666965\/embed\"><\/iframe><\/p>\n<p>I 2008 ble nesten hele andelen gjort av <strong>bare tradisjonelle sigaretter (ca. 30 %)<\/strong>. I 2024 vil imidlertid de som kun r\u00f8yker sigaretter falle til <strong>ca 18 % av befolkningen<\/strong>mens alternativene vokser: <strong>elektroniske enheter<\/strong> de ankommer kl <strong>ca 5 %<\/strong> og kombinert bruk av sigaretter og utstyr a <strong>ca 4 %<\/strong>.<\/p>\n<\/p><\/div>\n","protected":false},"excerpt":{"rendered":"<p>Starter i dag 15. april 2026 a vil bli brukt ytterligere \u00f8kning i tobakksprisene. En<\/p>\n","protected":false},"author":1,"featured_media":17000,"comment_status":"closed","ping_status":"open","sticky":false,"template":"","format":"standard","meta":{"footnotes":""},"categories":[104],"tags":[4451,10979,112,5070,10980],"class_list":["post-16999","post","type-post","status-publish","format-standard","has-post-thumbnail","hentry","category-samfunn","tag-endres","tag-forbruk","tag-hvordan","tag-priser","tag-roykeavgifter","generate-columns","tablet-grid-50","mobile-grid-100","grid-parent","grid-33","resize-featured-image"],"yoast_head":"<!-- This site is optimized with the Yoast SEO plugin v24.4 - https:\/\/yoast.com\/wordpress\/plugins\/seo\/ -->\n<title>hvordan priser, forbruk og r\u00f8ykeavgifter endres - Nordnesrepublikken<\/title>\n<meta name=\"robots\" content=\"index, follow, max-snippet:-1, max-image-preview:large, max-video-preview:-1\" \/>\n<link rel=\"canonical\" href=\"https:\/\/nordnesrepublikken.no\/index.php\/2026\/04\/15\/hvordan-priser-forbruk-og-roykeavgifter-endres\/\" \/>\n<meta property=\"og:locale\" content=\"nb_NO\" \/>\n<meta property=\"og:type\" content=\"article\" \/>\n<meta property=\"og:title\" content=\"hvordan priser, forbruk og r\u00f8ykeavgifter endres - Nordnesrepublikken\" \/>\n<meta property=\"og:description\" content=\"Starter i dag 15. april 2026 a vil bli brukt ytterligere \u00f8kning i tobakksprisene. En\" \/>\n<meta property=\"og:url\" content=\"https:\/\/nordnesrepublikken.no\/index.php\/2026\/04\/15\/hvordan-priser-forbruk-og-roykeavgifter-endres\/\" \/>\n<meta property=\"og:site_name\" content=\"Nordnesrepublikken\" \/>\n<meta property=\"article:published_time\" content=\"2026-04-15T09:23:04+00:00\" \/>\n<meta property=\"article:modified_time\" content=\"2026-04-15T09:23:06+00:00\" \/>\n<meta property=\"og:image\" content=\"https:\/\/nordnesrepublikken.no\/wp-content\/uploads\/2026\/04\/1776244985_hvordan-priser-forbruk-og-roykeavgifter-endres.jpg\" \/>\n\t<meta property=\"og:image:width\" content=\"1193\" \/>\n\t<meta property=\"og:image:height\" content=\"758\" \/>\n\t<meta property=\"og:image:type\" content=\"image\/jpeg\" \/>\n<meta name=\"author\" content=\"Ole Andersen\" \/>\n<meta name=\"twitter:card\" content=\"summary_large_image\" \/>\n<meta name=\"twitter:label1\" content=\"Skrevet av\" \/>\n\t<meta name=\"twitter:data1\" content=\"Ole Andersen\" \/>\n\t<meta name=\"twitter:label2\" content=\"Ansl. lesetid\" \/>\n\t<meta name=\"twitter:data2\" content=\"3 minutter\" \/>\n<script type=\"application\/ld+json\" class=\"yoast-schema-graph\">{\"@context\":\"https:\/\/schema.org\",\"@graph\":[{\"@type\":\"Article\",\"@id\":\"https:\/\/nordnesrepublikken.no\/index.php\/2026\/04\/15\/hvordan-priser-forbruk-og-roykeavgifter-endres\/#article\",\"isPartOf\":{\"@id\":\"https:\/\/nordnesrepublikken.no\/index.php\/2026\/04\/15\/hvordan-priser-forbruk-og-roykeavgifter-endres\/\"},\"author\":{\"name\":\"Ole Andersen\",\"@id\":\"https:\/\/nordnesrepublikken.no\/#\/schema\/person\/2e7e81935bab77882fffb79296240ff1\"},\"headline\":\"hvordan priser, forbruk og r\u00f8ykeavgifter endres\",\"datePublished\":\"2026-04-15T09:23:04+00:00\",\"dateModified\":\"2026-04-15T09:23:06+00:00\",\"mainEntityOfPage\":{\"@id\":\"https:\/\/nordnesrepublikken.no\/index.php\/2026\/04\/15\/hvordan-priser-forbruk-og-roykeavgifter-endres\/\"},\"wordCount\":658,\"publisher\":{\"@id\":\"https:\/\/nordnesrepublikken.no\/#organization\"},\"image\":{\"@id\":\"https:\/\/nordnesrepublikken.no\/index.php\/2026\/04\/15\/hvordan-priser-forbruk-og-roykeavgifter-endres\/#primaryimage\"},\"thumbnailUrl\":\"https:\/\/nordnesrepublikken.no\/wp-content\/uploads\/2026\/04\/1776244985_hvordan-priser-forbruk-og-roykeavgifter-endres.jpg\",\"keywords\":[\"endres\",\"forbruk\",\"Hvordan\",\"Priser\",\"r\u00f8ykeavgifter\"],\"articleSection\":[\"Samfunn\"],\"inLanguage\":\"nb-NO\"},{\"@type\":\"WebPage\",\"@id\":\"https:\/\/nordnesrepublikken.no\/index.php\/2026\/04\/15\/hvordan-priser-forbruk-og-roykeavgifter-endres\/\",\"url\":\"https:\/\/nordnesrepublikken.no\/index.php\/2026\/04\/15\/hvordan-priser-forbruk-og-roykeavgifter-endres\/\",\"name\":\"hvordan priser, forbruk og r\u00f8ykeavgifter endres - Nordnesrepublikken\",\"isPartOf\":{\"@id\":\"https:\/\/nordnesrepublikken.no\/#website\"},\"primaryImageOfPage\":{\"@id\":\"https:\/\/nordnesrepublikken.no\/index.php\/2026\/04\/15\/hvordan-priser-forbruk-og-roykeavgifter-endres\/#primaryimage\"},\"image\":{\"@id\":\"https:\/\/nordnesrepublikken.no\/index.php\/2026\/04\/15\/hvordan-priser-forbruk-og-roykeavgifter-endres\/#primaryimage\"},\"thumbnailUrl\":\"https:\/\/nordnesrepublikken.no\/wp-content\/uploads\/2026\/04\/1776244985_hvordan-priser-forbruk-og-roykeavgifter-endres.jpg\",\"datePublished\":\"2026-04-15T09:23:04+00:00\",\"dateModified\":\"2026-04-15T09:23:06+00:00\",\"breadcrumb\":{\"@id\":\"https:\/\/nordnesrepublikken.no\/index.php\/2026\/04\/15\/hvordan-priser-forbruk-og-roykeavgifter-endres\/#breadcrumb\"},\"inLanguage\":\"nb-NO\",\"potentialAction\":[{\"@type\":\"ReadAction\",\"target\":[\"https:\/\/nordnesrepublikken.no\/index.php\/2026\/04\/15\/hvordan-priser-forbruk-og-roykeavgifter-endres\/\"]}]},{\"@type\":\"ImageObject\",\"inLanguage\":\"nb-NO\",\"@id\":\"https:\/\/nordnesrepublikken.no\/index.php\/2026\/04\/15\/hvordan-priser-forbruk-og-roykeavgifter-endres\/#primaryimage\",\"url\":\"https:\/\/nordnesrepublikken.no\/wp-content\/uploads\/2026\/04\/1776244985_hvordan-priser-forbruk-og-roykeavgifter-endres.jpg\",\"contentUrl\":\"https:\/\/nordnesrepublikken.no\/wp-content\/uploads\/2026\/04\/1776244985_hvordan-priser-forbruk-og-roykeavgifter-endres.jpg\",\"width\":1193,\"height\":758,\"caption\":\"hvordan priser, forbruk og r\u00f8ykeavgifter endres\"},{\"@type\":\"BreadcrumbList\",\"@id\":\"https:\/\/nordnesrepublikken.no\/index.php\/2026\/04\/15\/hvordan-priser-forbruk-og-roykeavgifter-endres\/#breadcrumb\",\"itemListElement\":[{\"@type\":\"ListItem\",\"position\":1,\"name\":\"Home\",\"item\":\"https:\/\/nordnesrepublikken.no\/\"},{\"@type\":\"ListItem\",\"position\":2,\"name\":\"hvordan priser, forbruk og r\u00f8ykeavgifter endres\"}]},{\"@type\":\"WebSite\",\"@id\":\"https:\/\/nordnesrepublikken.no\/#website\",\"url\":\"https:\/\/nordnesrepublikken.no\/\",\"name\":\"Nordnesrepublikken\",\"description\":\"Stemmer og Visjoner fra Republikkens Hjerte\",\"publisher\":{\"@id\":\"https:\/\/nordnesrepublikken.no\/#organization\"},\"potentialAction\":[{\"@type\":\"SearchAction\",\"target\":{\"@type\":\"EntryPoint\",\"urlTemplate\":\"https:\/\/nordnesrepublikken.no\/?s={search_term_string}\"},\"query-input\":{\"@type\":\"PropertyValueSpecification\",\"valueRequired\":true,\"valueName\":\"search_term_string\"}}],\"inLanguage\":\"nb-NO\"},{\"@type\":\"Organization\",\"@id\":\"https:\/\/nordnesrepublikken.no\/#organization\",\"name\":\"Nordnesrepublikken\",\"url\":\"https:\/\/nordnesrepublikken.no\/\",\"logo\":{\"@type\":\"ImageObject\",\"inLanguage\":\"nb-NO\",\"@id\":\"https:\/\/nordnesrepublikken.no\/#\/schema\/logo\/image\/\",\"url\":\"https:\/\/nordnesrepublikken.no\/wp-content\/uploads\/2025\/02\/cropped-nordnesrepublikken-2.png\",\"contentUrl\":\"https:\/\/nordnesrepublikken.no\/wp-content\/uploads\/2025\/02\/cropped-nordnesrepublikken-2.png\",\"width\":1248,\"height\":362,\"caption\":\"Nordnesrepublikken\"},\"image\":{\"@id\":\"https:\/\/nordnesrepublikken.no\/#\/schema\/logo\/image\/\"}},{\"@type\":\"Person\",\"@id\":\"https:\/\/nordnesrepublikken.no\/#\/schema\/person\/2e7e81935bab77882fffb79296240ff1\",\"name\":\"Ole Andersen\",\"image\":{\"@type\":\"ImageObject\",\"inLanguage\":\"nb-NO\",\"@id\":\"https:\/\/nordnesrepublikken.no\/#\/schema\/person\/image\/\",\"url\":\"https:\/\/nordnesrepublikken.no\/wp-content\/uploads\/2025\/02\/nordnesrepublikken-2-2-150x150.jpg\",\"contentUrl\":\"https:\/\/nordnesrepublikken.no\/wp-content\/uploads\/2025\/02\/nordnesrepublikken-2-2-150x150.jpg\",\"caption\":\"Ole Andersen\"},\"description\":\"Ettersom jeg vokste opp i Oslo, har jeg alltid v\u00e6rt fascinert av ordenes kraft og deres evne til \u00e5 skape endringer. Etter \u00e5 ha fullf\u00f8rt min utdannelse i kommunikasjon ved Universitetet i Bergen, fikk jeg muligheten til \u00e5 jobbe innen ulike medier, der jeg har s\u00f8kt \u00e5 belyse viktige samfunnssp\u00f8rsm\u00e5l. I dag, som redakt\u00f8r for Nordnesrepublikken, pr\u00f8ver jeg \u00e5 forene min kj\u00e6rlighet for journalistikk med min lidenskap for innovasjon og eventyr.\",\"sameAs\":[\"https:\/\/nordnesrepublikken.no\/\"]}]}<\/script>\n<!-- \/ Yoast SEO plugin. -->","yoast_head_json":{"title":"hvordan priser, forbruk og r\u00f8ykeavgifter endres - Nordnesrepublikken","robots":{"index":"index","follow":"follow","max-snippet":"max-snippet:-1","max-image-preview":"max-image-preview:large","max-video-preview":"max-video-preview:-1"},"canonical":"https:\/\/nordnesrepublikken.no\/index.php\/2026\/04\/15\/hvordan-priser-forbruk-og-roykeavgifter-endres\/","og_locale":"nb_NO","og_type":"article","og_title":"hvordan priser, forbruk og r\u00f8ykeavgifter endres - Nordnesrepublikken","og_description":"Starter i dag 15. april 2026 a vil bli brukt ytterligere \u00f8kning i tobakksprisene. En","og_url":"https:\/\/nordnesrepublikken.no\/index.php\/2026\/04\/15\/hvordan-priser-forbruk-og-roykeavgifter-endres\/","og_site_name":"Nordnesrepublikken","article_published_time":"2026-04-15T09:23:04+00:00","article_modified_time":"2026-04-15T09:23:06+00:00","og_image":[{"width":1193,"height":758,"url":"https:\/\/nordnesrepublikken.no\/wp-content\/uploads\/2026\/04\/1776244985_hvordan-priser-forbruk-og-roykeavgifter-endres.jpg","type":"image\/jpeg"}],"author":"Ole Andersen","twitter_card":"summary_large_image","twitter_misc":{"Skrevet av":"Ole Andersen","Ansl. lesetid":"3 minutter"},"schema":{"@context":"https:\/\/schema.org","@graph":[{"@type":"Article","@id":"https:\/\/nordnesrepublikken.no\/index.php\/2026\/04\/15\/hvordan-priser-forbruk-og-roykeavgifter-endres\/#article","isPartOf":{"@id":"https:\/\/nordnesrepublikken.no\/index.php\/2026\/04\/15\/hvordan-priser-forbruk-og-roykeavgifter-endres\/"},"author":{"name":"Ole Andersen","@id":"https:\/\/nordnesrepublikken.no\/#\/schema\/person\/2e7e81935bab77882fffb79296240ff1"},"headline":"hvordan priser, forbruk og r\u00f8ykeavgifter endres","datePublished":"2026-04-15T09:23:04+00:00","dateModified":"2026-04-15T09:23:06+00:00","mainEntityOfPage":{"@id":"https:\/\/nordnesrepublikken.no\/index.php\/2026\/04\/15\/hvordan-priser-forbruk-og-roykeavgifter-endres\/"},"wordCount":658,"publisher":{"@id":"https:\/\/nordnesrepublikken.no\/#organization"},"image":{"@id":"https:\/\/nordnesrepublikken.no\/index.php\/2026\/04\/15\/hvordan-priser-forbruk-og-roykeavgifter-endres\/#primaryimage"},"thumbnailUrl":"https:\/\/nordnesrepublikken.no\/wp-content\/uploads\/2026\/04\/1776244985_hvordan-priser-forbruk-og-roykeavgifter-endres.jpg","keywords":["endres","forbruk","Hvordan","Priser","r\u00f8ykeavgifter"],"articleSection":["Samfunn"],"inLanguage":"nb-NO"},{"@type":"WebPage","@id":"https:\/\/nordnesrepublikken.no\/index.php\/2026\/04\/15\/hvordan-priser-forbruk-og-roykeavgifter-endres\/","url":"https:\/\/nordnesrepublikken.no\/index.php\/2026\/04\/15\/hvordan-priser-forbruk-og-roykeavgifter-endres\/","name":"hvordan priser, forbruk og r\u00f8ykeavgifter endres - Nordnesrepublikken","isPartOf":{"@id":"https:\/\/nordnesrepublikken.no\/#website"},"primaryImageOfPage":{"@id":"https:\/\/nordnesrepublikken.no\/index.php\/2026\/04\/15\/hvordan-priser-forbruk-og-roykeavgifter-endres\/#primaryimage"},"image":{"@id":"https:\/\/nordnesrepublikken.no\/index.php\/2026\/04\/15\/hvordan-priser-forbruk-og-roykeavgifter-endres\/#primaryimage"},"thumbnailUrl":"https:\/\/nordnesrepublikken.no\/wp-content\/uploads\/2026\/04\/1776244985_hvordan-priser-forbruk-og-roykeavgifter-endres.jpg","datePublished":"2026-04-15T09:23:04+00:00","dateModified":"2026-04-15T09:23:06+00:00","breadcrumb":{"@id":"https:\/\/nordnesrepublikken.no\/index.php\/2026\/04\/15\/hvordan-priser-forbruk-og-roykeavgifter-endres\/#breadcrumb"},"inLanguage":"nb-NO","potentialAction":[{"@type":"ReadAction","target":["https:\/\/nordnesrepublikken.no\/index.php\/2026\/04\/15\/hvordan-priser-forbruk-og-roykeavgifter-endres\/"]}]},{"@type":"ImageObject","inLanguage":"nb-NO","@id":"https:\/\/nordnesrepublikken.no\/index.php\/2026\/04\/15\/hvordan-priser-forbruk-og-roykeavgifter-endres\/#primaryimage","url":"https:\/\/nordnesrepublikken.no\/wp-content\/uploads\/2026\/04\/1776244985_hvordan-priser-forbruk-og-roykeavgifter-endres.jpg","contentUrl":"https:\/\/nordnesrepublikken.no\/wp-content\/uploads\/2026\/04\/1776244985_hvordan-priser-forbruk-og-roykeavgifter-endres.jpg","width":1193,"height":758,"caption":"hvordan priser, forbruk og r\u00f8ykeavgifter endres"},{"@type":"BreadcrumbList","@id":"https:\/\/nordnesrepublikken.no\/index.php\/2026\/04\/15\/hvordan-priser-forbruk-og-roykeavgifter-endres\/#breadcrumb","itemListElement":[{"@type":"ListItem","position":1,"name":"Home","item":"https:\/\/nordnesrepublikken.no\/"},{"@type":"ListItem","position":2,"name":"hvordan priser, forbruk og r\u00f8ykeavgifter endres"}]},{"@type":"WebSite","@id":"https:\/\/nordnesrepublikken.no\/#website","url":"https:\/\/nordnesrepublikken.no\/","name":"Nordnesrepublikken","description":"Stemmer og Visjoner fra Republikkens Hjerte","publisher":{"@id":"https:\/\/nordnesrepublikken.no\/#organization"},"potentialAction":[{"@type":"SearchAction","target":{"@type":"EntryPoint","urlTemplate":"https:\/\/nordnesrepublikken.no\/?s={search_term_string}"},"query-input":{"@type":"PropertyValueSpecification","valueRequired":true,"valueName":"search_term_string"}}],"inLanguage":"nb-NO"},{"@type":"Organization","@id":"https:\/\/nordnesrepublikken.no\/#organization","name":"Nordnesrepublikken","url":"https:\/\/nordnesrepublikken.no\/","logo":{"@type":"ImageObject","inLanguage":"nb-NO","@id":"https:\/\/nordnesrepublikken.no\/#\/schema\/logo\/image\/","url":"https:\/\/nordnesrepublikken.no\/wp-content\/uploads\/2025\/02\/cropped-nordnesrepublikken-2.png","contentUrl":"https:\/\/nordnesrepublikken.no\/wp-content\/uploads\/2025\/02\/cropped-nordnesrepublikken-2.png","width":1248,"height":362,"caption":"Nordnesrepublikken"},"image":{"@id":"https:\/\/nordnesrepublikken.no\/#\/schema\/logo\/image\/"}},{"@type":"Person","@id":"https:\/\/nordnesrepublikken.no\/#\/schema\/person\/2e7e81935bab77882fffb79296240ff1","name":"Ole Andersen","image":{"@type":"ImageObject","inLanguage":"nb-NO","@id":"https:\/\/nordnesrepublikken.no\/#\/schema\/person\/image\/","url":"https:\/\/nordnesrepublikken.no\/wp-content\/uploads\/2025\/02\/nordnesrepublikken-2-2-150x150.jpg","contentUrl":"https:\/\/nordnesrepublikken.no\/wp-content\/uploads\/2025\/02\/nordnesrepublikken-2-2-150x150.jpg","caption":"Ole Andersen"},"description":"Ettersom jeg vokste opp i Oslo, har jeg alltid v\u00e6rt fascinert av ordenes kraft og deres evne til \u00e5 skape endringer. Etter \u00e5 ha fullf\u00f8rt min utdannelse i kommunikasjon ved Universitetet i Bergen, fikk jeg muligheten til \u00e5 jobbe innen ulike medier, der jeg har s\u00f8kt \u00e5 belyse viktige samfunnssp\u00f8rsm\u00e5l. I dag, som redakt\u00f8r for Nordnesrepublikken, pr\u00f8ver jeg \u00e5 forene min kj\u00e6rlighet for journalistikk med min lidenskap for innovasjon og eventyr.","sameAs":["https:\/\/nordnesrepublikken.no\/"]}]}},"_links":{"self":[{"href":"https:\/\/nordnesrepublikken.no\/index.php\/wp-json\/wp\/v2\/posts\/16999","targetHints":{"allow":["GET"]}}],"collection":[{"href":"https:\/\/nordnesrepublikken.no\/index.php\/wp-json\/wp\/v2\/posts"}],"about":[{"href":"https:\/\/nordnesrepublikken.no\/index.php\/wp-json\/wp\/v2\/types\/post"}],"author":[{"embeddable":true,"href":"https:\/\/nordnesrepublikken.no\/index.php\/wp-json\/wp\/v2\/users\/1"}],"replies":[{"embeddable":true,"href":"https:\/\/nordnesrepublikken.no\/index.php\/wp-json\/wp\/v2\/comments?post=16999"}],"version-history":[{"count":1,"href":"https:\/\/nordnesrepublikken.no\/index.php\/wp-json\/wp\/v2\/posts\/16999\/revisions"}],"predecessor-version":[{"id":17001,"href":"https:\/\/nordnesrepublikken.no\/index.php\/wp-json\/wp\/v2\/posts\/16999\/revisions\/17001"}],"wp:featuredmedia":[{"embeddable":true,"href":"https:\/\/nordnesrepublikken.no\/index.php\/wp-json\/wp\/v2\/media\/17000"}],"wp:attachment":[{"href":"https:\/\/nordnesrepublikken.no\/index.php\/wp-json\/wp\/v2\/media?parent=16999"}],"wp:term":[{"taxonomy":"category","embeddable":true,"href":"https:\/\/nordnesrepublikken.no\/index.php\/wp-json\/wp\/v2\/categories?post=16999"},{"taxonomy":"post_tag","embeddable":true,"href":"https:\/\/nordnesrepublikken.no\/index.php\/wp-json\/wp\/v2\/tags?post=16999"}],"curies":[{"name":"wp","href":"https:\/\/api.w.org\/{rel}","templated":true}]}}