{"id":16996,"date":"2026-04-15T11:21:16","date_gmt":"2026-04-15T09:21:16","guid":{"rendered":"https:\/\/nordnesrepublikken.no\/index.php\/2026\/04\/15\/hvorfor-du-alltid-er-pa-og-hvorfor-kroppen-din-aldri-virkelig-hviler\/"},"modified":"2026-04-15T11:21:20","modified_gmt":"2026-04-15T09:21:20","slug":"hvorfor-du-alltid-er-pa-og-hvorfor-kroppen-din-aldri-virkelig-hviler","status":"publish","type":"post","link":"https:\/\/nordnesrepublikken.no\/index.php\/2026\/04\/15\/hvorfor-du-alltid-er-pa-og-hvorfor-kroppen-din-aldri-virkelig-hviler\/","title":{"rendered":"Hvorfor du alltid er &laquo;p\u00e5&raquo;: Og hvorfor kroppen din aldri virkelig hviler"},"content":{"rendered":"<p><\/p>\n<div class=\"wordpress-content\">\n                    <!-- Article Start --><\/p>\n<p>Du setter deg ned for \u00e5 slappe av&#8230;<\/p>\n<p>Men tankene dine l\u00f8per fortsatt.<\/p>\n<div class=\"sra_unit\"><link rel=\"stylesheet\" id=\"block-sra\" href=\"https:\/\/euroweeklynews.com\/wp-content\/plugins\/snack-related-articles\/dist\/css\/snack-related.min.css?250312-193541\" type=\"text\/css\" media=\"all\">\n<\/div>\n<p>Tenker p\u00e5 hva som skjedde i dag.<br \/>\nHva m\u00e5 gj\u00f8res i morgen.<br \/>\nMeldinger. Planer. Sm\u00e5 ting du ikke vil glemme.<\/p>\n<p>Selv n\u00e5r ingenting skjer \u2026 skjer det noe inne i hodet ditt.<\/p>\n<p>Og det er den delen folk flest ikke er klar over.<\/p>\n<p>Du er ikke bare sliten fordi du har det travelt.<br \/>\nDu er sliten fordi du alltid er det <strong>p\u00e5<\/strong>.<\/p>\n<p>Jeg ser dette overalt.<\/p>\n<p>Folk avslutter arbeidsdagen, setter seg i sofaen, sl\u00e5r p\u00e5 TVen &#8230; og f\u00f8ler seg fortsatt rastl\u00f8se.<br \/>\nRulling. Tenker. Halvt avslappende, men sl\u00e5r seg aldri helt av.<\/p>\n<p>Og over tid begynner kroppen \u00e5 f\u00f8le det.<\/p>\n<p>S\u00f8vnen blir lettere.<br \/>\nEnergi faller i l\u00f8pet av dagen.<br \/>\nDu f\u00f8ler deg sliten, men kablet p\u00e5 samme tid.<\/p>\n<p>For mange blir dette normalt.<\/p>\n<p>&laquo;Dette er bare livet.&raquo;<\/p>\n<p>Men det er ikke slik kroppen er designet for \u00e5 fungere.<\/p>\n<p>Kroppen din trenger \u00f8yeblikk der den virkelig kan g\u00e5 i hvilemodus.<br \/>\nIkke distrahert hvile. Ikke halv oppmerksomhet. Virkelig bedring.<\/p>\n<p>Og det er der middelhavslivsstilen byr p\u00e5 noe mektig, uten engang \u00e5 pr\u00f8ve.<\/p>\n<p>Da jeg begynte \u00e5 bo her, la jeg merke til noe enkelt, men viktig.<\/p>\n<p>Folk jobber ikke bare og hviler seg.<\/p>\n<p>De <strong>overgang<\/strong>.<\/p>\n<p>Etter jobb er det en tur.<br \/>\nEt \u00f8yeblikk utenfor.<br \/>\nEn samtale.<br \/>\nEn kaffe i solen.<\/p>\n<p>Ikke stresset. Ikke tvunget. Bare et naturlig skifte fra en del av dagen til en annen.<\/p>\n<p>Og det skiftet er det som lar kroppen bremse.<\/p>\n<p>Kveldene er ogs\u00e5 annerledes.<\/p>\n<p>M\u00e5ltider spises ikke foran skjermer.<br \/>\nDe er delt. Snakket gjennom. Erfaren.<\/p>\n<p>Nervesystemet ordner seg.<br \/>\nKroppen slapper av.<br \/>\nOg s\u00f8vnen blir dypere uten anstrengelse.<\/p>\n<p>Dette handler ikke om \u00e5 gj\u00f8re mindre.<\/p>\n<p>Det handler om \u00e5 skape <strong>mellomrom mellom ting<\/strong>.<\/p>\n<p>For n\u00e5r dagen din ikke har plass&#8230; forblir sinnet ditt aktivt.<br \/>\nOg n\u00e5r sinnet ditt forblir aktivt&#8230; hviler kroppen din aldri helt.<\/p>\n<h2><strong>Hva du kan begynne \u00e5 gj\u00f8re i dag<\/strong><\/h2>\n<p>Du trenger ikke endre alt.<\/p>\n<p>Start med dette:<\/p>\n<ol>\n<li><strong>  Lag en overgang etter at dagen er over<\/strong>\n<p>F\u00f8r du g\u00e5r hjem eller setter deg ned, ta en kort spasertur. La kroppen skifte ut av \u00abarbeidsmodus\u00bb.<\/li>\n<li><strong>  Reduser stimulering om kvelden<\/strong>\n<p>Mindre skjerm, flere virkelige \u00f8yeblikk. Samtale, en rolig spasertur eller bare sitte ute.<\/li>\n<li><strong>  Spis uten distraksjon<\/strong>\n<p>Et enkelt m\u00e5ltid, spist rolig, signaliserer allerede kroppen din om \u00e5 bremse.<\/li>\n<li><strong>  Gi tankene dine plass<\/strong>\n<p>Du trenger ikke fylle hvert \u00f8yeblikk. Noen f\u00e5 minutter uten \u00e5 gj\u00f8re noe er kraftig.<\/li>\n<\/ol>\n<p>Det er dette middelhavslivsstilen forst\u00e5r s\u00e5 godt.<\/p>\n<p>Hvile er ikke noe du sl\u00e5r p\u00e5 om natten.<\/p>\n<p>Det er noe du bygger gjennom dagen.<\/p>\n<p>Og n\u00e5r du begynner \u00e5 gj\u00f8re det&#8230;<\/p>\n<p>Du f\u00f8ler deg ikke bare mindre sliten.<\/p>\n<p>Du f\u00f8ler deg roligere. Tydeligere. Mer kontroll.<\/p>\n<h2><strong>Ukens middelhavstips<\/strong><\/h2>\n<p>Skap ett \u00f8yeblikk i dagen uten inndata, ingen telefon, ingen skjerm, ingen distraksjon. Bare deg, dine omgivelser og et lavere tempo.<\/p>\n<h2><strong>Hvis du vil ha veiledning<\/strong><\/h2>\n<p>Hvis du kjenner igjen denne f\u00f8lelsen av \u00e5 alltid v\u00e6re &laquo;p\u00e5&raquo;, er du ikke alene.<\/p>\n<p>Med sm\u00e5 endringer i din daglige rytme kan du hjelpe kroppen din til \u00e5 virkelig sl\u00e5 seg av igjen.<\/p>\n<p>Hvis du vil ha st\u00f8tte til \u00e5 bruke dette i ditt eget liv, kan du finne mer veiledning og ideer om:<\/p>\n<p><strong>www.casamiguel.life<\/strong><\/p>\n<p>Fordi ekte hvile&#8230;<\/p>\n<p>Handler ikke om \u00e5 stoppe.<\/p>\n<p>Det handler om \u00e5 bremse p\u00e5 riktig m\u00e5te.<\/p>\n<p>                    <!-- Originally published at https:\/\/euroweeklynews.com\/2026\/04\/15\/why-youre-always-on-and-why-your-body-never-truly-rests\/ on 15 Apr 2026 at 9:00 by Miguel Franco --><br \/>\n                    <!-- Article End -->\n                <\/div>\n","protected":false},"excerpt":{"rendered":"<p>Du setter deg ned for \u00e5 slappe av&#8230; Men tankene dine l\u00f8per fortsatt. Tenker p\u00e5<\/p>\n","protected":false},"author":1,"featured_media":16997,"comment_status":"closed","ping_status":"open","sticky":false,"template":"","format":"standard","meta":{"footnotes":""},"categories":[105],"tags":[1558,1105,584,10978,101,2864,81,227],"class_list":["post-16996","post","type-post","status-publish","format-standard","has-post-thumbnail","hentry","category-livsstil","tag-aldri","tag-alltid","tag-din","tag-hviler","tag-hvorfor","tag-kroppen","tag-pa","tag-virkelig","generate-columns","tablet-grid-50","mobile-grid-100","grid-parent","grid-33","resize-featured-image"],"yoast_head":"<!-- This site is optimized with the Yoast SEO plugin v24.4 - https:\/\/yoast.com\/wordpress\/plugins\/seo\/ -->\n<title>Hvorfor du alltid er &quot;p\u00e5&quot;: Og hvorfor kroppen din aldri virkelig hviler - Nordnesrepublikken<\/title>\n<meta name=\"robots\" content=\"index, follow, max-snippet:-1, max-image-preview:large, max-video-preview:-1\" \/>\n<link rel=\"canonical\" href=\"https:\/\/nordnesrepublikken.no\/index.php\/2026\/04\/15\/hvorfor-du-alltid-er-pa-og-hvorfor-kroppen-din-aldri-virkelig-hviler\/\" \/>\n<meta property=\"og:locale\" content=\"nb_NO\" \/>\n<meta property=\"og:type\" content=\"article\" \/>\n<meta property=\"og:title\" content=\"Hvorfor du alltid er &quot;p\u00e5&quot;: Og hvorfor kroppen din aldri virkelig hviler - Nordnesrepublikken\" \/>\n<meta property=\"og:description\" content=\"Du setter deg ned for \u00e5 slappe av&#8230; Men tankene dine l\u00f8per fortsatt. Tenker p\u00e5\" \/>\n<meta property=\"og:url\" content=\"https:\/\/nordnesrepublikken.no\/index.php\/2026\/04\/15\/hvorfor-du-alltid-er-pa-og-hvorfor-kroppen-din-aldri-virkelig-hviler\/\" \/>\n<meta property=\"og:site_name\" content=\"Nordnesrepublikken\" \/>\n<meta property=\"article:published_time\" content=\"2026-04-15T09:21:16+00:00\" \/>\n<meta property=\"article:modified_time\" content=\"2026-04-15T09:21:20+00:00\" \/>\n<meta property=\"og:image\" content=\"https:\/\/nordnesrepublikken.no\/wp-content\/uploads\/2026\/04\/1776244878_Hvorfor-du-alltid-er-pa-Og-hvorfor-kroppen-din-aldri.png\" \/>\n\t<meta property=\"og:image:width\" content=\"1080\" \/>\n\t<meta property=\"og:image:height\" content=\"1350\" \/>\n\t<meta property=\"og:image:type\" content=\"image\/png\" \/>\n<meta name=\"author\" content=\"Ole Andersen\" \/>\n<meta name=\"twitter:card\" content=\"summary_large_image\" \/>\n<meta name=\"twitter:label1\" content=\"Skrevet av\" \/>\n\t<meta name=\"twitter:data1\" content=\"Ole Andersen\" \/>\n\t<meta name=\"twitter:label2\" content=\"Ansl. lesetid\" \/>\n\t<meta name=\"twitter:data2\" content=\"3 minutter\" \/>\n<script type=\"application\/ld+json\" class=\"yoast-schema-graph\">{\"@context\":\"https:\/\/schema.org\",\"@graph\":[{\"@type\":\"Article\",\"@id\":\"https:\/\/nordnesrepublikken.no\/index.php\/2026\/04\/15\/hvorfor-du-alltid-er-pa-og-hvorfor-kroppen-din-aldri-virkelig-hviler\/#article\",\"isPartOf\":{\"@id\":\"https:\/\/nordnesrepublikken.no\/index.php\/2026\/04\/15\/hvorfor-du-alltid-er-pa-og-hvorfor-kroppen-din-aldri-virkelig-hviler\/\"},\"author\":{\"name\":\"Ole Andersen\",\"@id\":\"https:\/\/nordnesrepublikken.no\/#\/schema\/person\/2e7e81935bab77882fffb79296240ff1\"},\"headline\":\"Hvorfor du alltid er &laquo;p\u00e5&raquo;: Og hvorfor kroppen din aldri virkelig hviler\",\"datePublished\":\"2026-04-15T09:21:16+00:00\",\"dateModified\":\"2026-04-15T09:21:20+00:00\",\"mainEntityOfPage\":{\"@id\":\"https:\/\/nordnesrepublikken.no\/index.php\/2026\/04\/15\/hvorfor-du-alltid-er-pa-og-hvorfor-kroppen-din-aldri-virkelig-hviler\/\"},\"wordCount\":575,\"publisher\":{\"@id\":\"https:\/\/nordnesrepublikken.no\/#organization\"},\"image\":{\"@id\":\"https:\/\/nordnesrepublikken.no\/index.php\/2026\/04\/15\/hvorfor-du-alltid-er-pa-og-hvorfor-kroppen-din-aldri-virkelig-hviler\/#primaryimage\"},\"thumbnailUrl\":\"https:\/\/nordnesrepublikken.no\/wp-content\/uploads\/2026\/04\/1776244878_Hvorfor-du-alltid-er-pa-Og-hvorfor-kroppen-din-aldri.png\",\"keywords\":[\"aldri\",\"alltid\",\"din\",\"hviler\",\"hvorfor\",\"kroppen\",\"p\u00e5\",\"virkelig\"],\"articleSection\":[\"Livsstil\"],\"inLanguage\":\"nb-NO\"},{\"@type\":\"WebPage\",\"@id\":\"https:\/\/nordnesrepublikken.no\/index.php\/2026\/04\/15\/hvorfor-du-alltid-er-pa-og-hvorfor-kroppen-din-aldri-virkelig-hviler\/\",\"url\":\"https:\/\/nordnesrepublikken.no\/index.php\/2026\/04\/15\/hvorfor-du-alltid-er-pa-og-hvorfor-kroppen-din-aldri-virkelig-hviler\/\",\"name\":\"Hvorfor du alltid er \\\"p\u00e5\\\": Og hvorfor kroppen din aldri virkelig hviler - Nordnesrepublikken\",\"isPartOf\":{\"@id\":\"https:\/\/nordnesrepublikken.no\/#website\"},\"primaryImageOfPage\":{\"@id\":\"https:\/\/nordnesrepublikken.no\/index.php\/2026\/04\/15\/hvorfor-du-alltid-er-pa-og-hvorfor-kroppen-din-aldri-virkelig-hviler\/#primaryimage\"},\"image\":{\"@id\":\"https:\/\/nordnesrepublikken.no\/index.php\/2026\/04\/15\/hvorfor-du-alltid-er-pa-og-hvorfor-kroppen-din-aldri-virkelig-hviler\/#primaryimage\"},\"thumbnailUrl\":\"https:\/\/nordnesrepublikken.no\/wp-content\/uploads\/2026\/04\/1776244878_Hvorfor-du-alltid-er-pa-Og-hvorfor-kroppen-din-aldri.png\",\"datePublished\":\"2026-04-15T09:21:16+00:00\",\"dateModified\":\"2026-04-15T09:21:20+00:00\",\"breadcrumb\":{\"@id\":\"https:\/\/nordnesrepublikken.no\/index.php\/2026\/04\/15\/hvorfor-du-alltid-er-pa-og-hvorfor-kroppen-din-aldri-virkelig-hviler\/#breadcrumb\"},\"inLanguage\":\"nb-NO\",\"potentialAction\":[{\"@type\":\"ReadAction\",\"target\":[\"https:\/\/nordnesrepublikken.no\/index.php\/2026\/04\/15\/hvorfor-du-alltid-er-pa-og-hvorfor-kroppen-din-aldri-virkelig-hviler\/\"]}]},{\"@type\":\"ImageObject\",\"inLanguage\":\"nb-NO\",\"@id\":\"https:\/\/nordnesrepublikken.no\/index.php\/2026\/04\/15\/hvorfor-du-alltid-er-pa-og-hvorfor-kroppen-din-aldri-virkelig-hviler\/#primaryimage\",\"url\":\"https:\/\/nordnesrepublikken.no\/wp-content\/uploads\/2026\/04\/1776244878_Hvorfor-du-alltid-er-pa-Og-hvorfor-kroppen-din-aldri.png\",\"contentUrl\":\"https:\/\/nordnesrepublikken.no\/wp-content\/uploads\/2026\/04\/1776244878_Hvorfor-du-alltid-er-pa-Og-hvorfor-kroppen-din-aldri.png\",\"width\":1080,\"height\":1350,\"caption\":\"Hvorfor du alltid er \\\"p\u00e5\\\": Og hvorfor kroppen din aldri virkelig hviler\"},{\"@type\":\"BreadcrumbList\",\"@id\":\"https:\/\/nordnesrepublikken.no\/index.php\/2026\/04\/15\/hvorfor-du-alltid-er-pa-og-hvorfor-kroppen-din-aldri-virkelig-hviler\/#breadcrumb\",\"itemListElement\":[{\"@type\":\"ListItem\",\"position\":1,\"name\":\"Home\",\"item\":\"https:\/\/nordnesrepublikken.no\/\"},{\"@type\":\"ListItem\",\"position\":2,\"name\":\"Hvorfor du alltid er &laquo;p\u00e5&raquo;: Og hvorfor kroppen din aldri virkelig hviler\"}]},{\"@type\":\"WebSite\",\"@id\":\"https:\/\/nordnesrepublikken.no\/#website\",\"url\":\"https:\/\/nordnesrepublikken.no\/\",\"name\":\"Nordnesrepublikken\",\"description\":\"Stemmer og Visjoner fra Republikkens Hjerte\",\"publisher\":{\"@id\":\"https:\/\/nordnesrepublikken.no\/#organization\"},\"potentialAction\":[{\"@type\":\"SearchAction\",\"target\":{\"@type\":\"EntryPoint\",\"urlTemplate\":\"https:\/\/nordnesrepublikken.no\/?s={search_term_string}\"},\"query-input\":{\"@type\":\"PropertyValueSpecification\",\"valueRequired\":true,\"valueName\":\"search_term_string\"}}],\"inLanguage\":\"nb-NO\"},{\"@type\":\"Organization\",\"@id\":\"https:\/\/nordnesrepublikken.no\/#organization\",\"name\":\"Nordnesrepublikken\",\"url\":\"https:\/\/nordnesrepublikken.no\/\",\"logo\":{\"@type\":\"ImageObject\",\"inLanguage\":\"nb-NO\",\"@id\":\"https:\/\/nordnesrepublikken.no\/#\/schema\/logo\/image\/\",\"url\":\"https:\/\/nordnesrepublikken.no\/wp-content\/uploads\/2025\/02\/cropped-nordnesrepublikken-2.png\",\"contentUrl\":\"https:\/\/nordnesrepublikken.no\/wp-content\/uploads\/2025\/02\/cropped-nordnesrepublikken-2.png\",\"width\":1248,\"height\":362,\"caption\":\"Nordnesrepublikken\"},\"image\":{\"@id\":\"https:\/\/nordnesrepublikken.no\/#\/schema\/logo\/image\/\"}},{\"@type\":\"Person\",\"@id\":\"https:\/\/nordnesrepublikken.no\/#\/schema\/person\/2e7e81935bab77882fffb79296240ff1\",\"name\":\"Ole Andersen\",\"image\":{\"@type\":\"ImageObject\",\"inLanguage\":\"nb-NO\",\"@id\":\"https:\/\/nordnesrepublikken.no\/#\/schema\/person\/image\/\",\"url\":\"https:\/\/nordnesrepublikken.no\/wp-content\/uploads\/2025\/02\/nordnesrepublikken-2-2-150x150.jpg\",\"contentUrl\":\"https:\/\/nordnesrepublikken.no\/wp-content\/uploads\/2025\/02\/nordnesrepublikken-2-2-150x150.jpg\",\"caption\":\"Ole Andersen\"},\"description\":\"Ettersom jeg vokste opp i Oslo, har jeg alltid v\u00e6rt fascinert av ordenes kraft og deres evne til \u00e5 skape endringer. Etter \u00e5 ha fullf\u00f8rt min utdannelse i kommunikasjon ved Universitetet i Bergen, fikk jeg muligheten til \u00e5 jobbe innen ulike medier, der jeg har s\u00f8kt \u00e5 belyse viktige samfunnssp\u00f8rsm\u00e5l. I dag, som redakt\u00f8r for Nordnesrepublikken, pr\u00f8ver jeg \u00e5 forene min kj\u00e6rlighet for journalistikk med min lidenskap for innovasjon og eventyr.\",\"sameAs\":[\"https:\/\/nordnesrepublikken.no\/\"]}]}<\/script>\n<!-- \/ Yoast SEO plugin. -->","yoast_head_json":{"title":"Hvorfor du alltid er \"p\u00e5\": Og hvorfor kroppen din aldri virkelig hviler - Nordnesrepublikken","robots":{"index":"index","follow":"follow","max-snippet":"max-snippet:-1","max-image-preview":"max-image-preview:large","max-video-preview":"max-video-preview:-1"},"canonical":"https:\/\/nordnesrepublikken.no\/index.php\/2026\/04\/15\/hvorfor-du-alltid-er-pa-og-hvorfor-kroppen-din-aldri-virkelig-hviler\/","og_locale":"nb_NO","og_type":"article","og_title":"Hvorfor du alltid er \"p\u00e5\": Og hvorfor kroppen din aldri virkelig hviler - Nordnesrepublikken","og_description":"Du setter deg ned for \u00e5 slappe av&#8230; Men tankene dine l\u00f8per fortsatt. Tenker p\u00e5","og_url":"https:\/\/nordnesrepublikken.no\/index.php\/2026\/04\/15\/hvorfor-du-alltid-er-pa-og-hvorfor-kroppen-din-aldri-virkelig-hviler\/","og_site_name":"Nordnesrepublikken","article_published_time":"2026-04-15T09:21:16+00:00","article_modified_time":"2026-04-15T09:21:20+00:00","og_image":[{"width":1080,"height":1350,"url":"https:\/\/nordnesrepublikken.no\/wp-content\/uploads\/2026\/04\/1776244878_Hvorfor-du-alltid-er-pa-Og-hvorfor-kroppen-din-aldri.png","type":"image\/png"}],"author":"Ole Andersen","twitter_card":"summary_large_image","twitter_misc":{"Skrevet av":"Ole Andersen","Ansl. lesetid":"3 minutter"},"schema":{"@context":"https:\/\/schema.org","@graph":[{"@type":"Article","@id":"https:\/\/nordnesrepublikken.no\/index.php\/2026\/04\/15\/hvorfor-du-alltid-er-pa-og-hvorfor-kroppen-din-aldri-virkelig-hviler\/#article","isPartOf":{"@id":"https:\/\/nordnesrepublikken.no\/index.php\/2026\/04\/15\/hvorfor-du-alltid-er-pa-og-hvorfor-kroppen-din-aldri-virkelig-hviler\/"},"author":{"name":"Ole Andersen","@id":"https:\/\/nordnesrepublikken.no\/#\/schema\/person\/2e7e81935bab77882fffb79296240ff1"},"headline":"Hvorfor du alltid er &laquo;p\u00e5&raquo;: Og hvorfor kroppen din aldri virkelig hviler","datePublished":"2026-04-15T09:21:16+00:00","dateModified":"2026-04-15T09:21:20+00:00","mainEntityOfPage":{"@id":"https:\/\/nordnesrepublikken.no\/index.php\/2026\/04\/15\/hvorfor-du-alltid-er-pa-og-hvorfor-kroppen-din-aldri-virkelig-hviler\/"},"wordCount":575,"publisher":{"@id":"https:\/\/nordnesrepublikken.no\/#organization"},"image":{"@id":"https:\/\/nordnesrepublikken.no\/index.php\/2026\/04\/15\/hvorfor-du-alltid-er-pa-og-hvorfor-kroppen-din-aldri-virkelig-hviler\/#primaryimage"},"thumbnailUrl":"https:\/\/nordnesrepublikken.no\/wp-content\/uploads\/2026\/04\/1776244878_Hvorfor-du-alltid-er-pa-Og-hvorfor-kroppen-din-aldri.png","keywords":["aldri","alltid","din","hviler","hvorfor","kroppen","p\u00e5","virkelig"],"articleSection":["Livsstil"],"inLanguage":"nb-NO"},{"@type":"WebPage","@id":"https:\/\/nordnesrepublikken.no\/index.php\/2026\/04\/15\/hvorfor-du-alltid-er-pa-og-hvorfor-kroppen-din-aldri-virkelig-hviler\/","url":"https:\/\/nordnesrepublikken.no\/index.php\/2026\/04\/15\/hvorfor-du-alltid-er-pa-og-hvorfor-kroppen-din-aldri-virkelig-hviler\/","name":"Hvorfor du alltid er \"p\u00e5\": Og hvorfor kroppen din aldri virkelig hviler - Nordnesrepublikken","isPartOf":{"@id":"https:\/\/nordnesrepublikken.no\/#website"},"primaryImageOfPage":{"@id":"https:\/\/nordnesrepublikken.no\/index.php\/2026\/04\/15\/hvorfor-du-alltid-er-pa-og-hvorfor-kroppen-din-aldri-virkelig-hviler\/#primaryimage"},"image":{"@id":"https:\/\/nordnesrepublikken.no\/index.php\/2026\/04\/15\/hvorfor-du-alltid-er-pa-og-hvorfor-kroppen-din-aldri-virkelig-hviler\/#primaryimage"},"thumbnailUrl":"https:\/\/nordnesrepublikken.no\/wp-content\/uploads\/2026\/04\/1776244878_Hvorfor-du-alltid-er-pa-Og-hvorfor-kroppen-din-aldri.png","datePublished":"2026-04-15T09:21:16+00:00","dateModified":"2026-04-15T09:21:20+00:00","breadcrumb":{"@id":"https:\/\/nordnesrepublikken.no\/index.php\/2026\/04\/15\/hvorfor-du-alltid-er-pa-og-hvorfor-kroppen-din-aldri-virkelig-hviler\/#breadcrumb"},"inLanguage":"nb-NO","potentialAction":[{"@type":"ReadAction","target":["https:\/\/nordnesrepublikken.no\/index.php\/2026\/04\/15\/hvorfor-du-alltid-er-pa-og-hvorfor-kroppen-din-aldri-virkelig-hviler\/"]}]},{"@type":"ImageObject","inLanguage":"nb-NO","@id":"https:\/\/nordnesrepublikken.no\/index.php\/2026\/04\/15\/hvorfor-du-alltid-er-pa-og-hvorfor-kroppen-din-aldri-virkelig-hviler\/#primaryimage","url":"https:\/\/nordnesrepublikken.no\/wp-content\/uploads\/2026\/04\/1776244878_Hvorfor-du-alltid-er-pa-Og-hvorfor-kroppen-din-aldri.png","contentUrl":"https:\/\/nordnesrepublikken.no\/wp-content\/uploads\/2026\/04\/1776244878_Hvorfor-du-alltid-er-pa-Og-hvorfor-kroppen-din-aldri.png","width":1080,"height":1350,"caption":"Hvorfor du alltid er \"p\u00e5\": Og hvorfor kroppen din aldri virkelig hviler"},{"@type":"BreadcrumbList","@id":"https:\/\/nordnesrepublikken.no\/index.php\/2026\/04\/15\/hvorfor-du-alltid-er-pa-og-hvorfor-kroppen-din-aldri-virkelig-hviler\/#breadcrumb","itemListElement":[{"@type":"ListItem","position":1,"name":"Home","item":"https:\/\/nordnesrepublikken.no\/"},{"@type":"ListItem","position":2,"name":"Hvorfor du alltid er &laquo;p\u00e5&raquo;: Og hvorfor kroppen din aldri virkelig hviler"}]},{"@type":"WebSite","@id":"https:\/\/nordnesrepublikken.no\/#website","url":"https:\/\/nordnesrepublikken.no\/","name":"Nordnesrepublikken","description":"Stemmer og Visjoner fra Republikkens Hjerte","publisher":{"@id":"https:\/\/nordnesrepublikken.no\/#organization"},"potentialAction":[{"@type":"SearchAction","target":{"@type":"EntryPoint","urlTemplate":"https:\/\/nordnesrepublikken.no\/?s={search_term_string}"},"query-input":{"@type":"PropertyValueSpecification","valueRequired":true,"valueName":"search_term_string"}}],"inLanguage":"nb-NO"},{"@type":"Organization","@id":"https:\/\/nordnesrepublikken.no\/#organization","name":"Nordnesrepublikken","url":"https:\/\/nordnesrepublikken.no\/","logo":{"@type":"ImageObject","inLanguage":"nb-NO","@id":"https:\/\/nordnesrepublikken.no\/#\/schema\/logo\/image\/","url":"https:\/\/nordnesrepublikken.no\/wp-content\/uploads\/2025\/02\/cropped-nordnesrepublikken-2.png","contentUrl":"https:\/\/nordnesrepublikken.no\/wp-content\/uploads\/2025\/02\/cropped-nordnesrepublikken-2.png","width":1248,"height":362,"caption":"Nordnesrepublikken"},"image":{"@id":"https:\/\/nordnesrepublikken.no\/#\/schema\/logo\/image\/"}},{"@type":"Person","@id":"https:\/\/nordnesrepublikken.no\/#\/schema\/person\/2e7e81935bab77882fffb79296240ff1","name":"Ole Andersen","image":{"@type":"ImageObject","inLanguage":"nb-NO","@id":"https:\/\/nordnesrepublikken.no\/#\/schema\/person\/image\/","url":"https:\/\/nordnesrepublikken.no\/wp-content\/uploads\/2025\/02\/nordnesrepublikken-2-2-150x150.jpg","contentUrl":"https:\/\/nordnesrepublikken.no\/wp-content\/uploads\/2025\/02\/nordnesrepublikken-2-2-150x150.jpg","caption":"Ole Andersen"},"description":"Ettersom jeg vokste opp i Oslo, har jeg alltid v\u00e6rt fascinert av ordenes kraft og deres evne til \u00e5 skape endringer. Etter \u00e5 ha fullf\u00f8rt min utdannelse i kommunikasjon ved Universitetet i Bergen, fikk jeg muligheten til \u00e5 jobbe innen ulike medier, der jeg har s\u00f8kt \u00e5 belyse viktige samfunnssp\u00f8rsm\u00e5l. I dag, som redakt\u00f8r for Nordnesrepublikken, pr\u00f8ver jeg \u00e5 forene min kj\u00e6rlighet for journalistikk med min lidenskap for innovasjon og eventyr.","sameAs":["https:\/\/nordnesrepublikken.no\/"]}]}},"_links":{"self":[{"href":"https:\/\/nordnesrepublikken.no\/index.php\/wp-json\/wp\/v2\/posts\/16996","targetHints":{"allow":["GET"]}}],"collection":[{"href":"https:\/\/nordnesrepublikken.no\/index.php\/wp-json\/wp\/v2\/posts"}],"about":[{"href":"https:\/\/nordnesrepublikken.no\/index.php\/wp-json\/wp\/v2\/types\/post"}],"author":[{"embeddable":true,"href":"https:\/\/nordnesrepublikken.no\/index.php\/wp-json\/wp\/v2\/users\/1"}],"replies":[{"embeddable":true,"href":"https:\/\/nordnesrepublikken.no\/index.php\/wp-json\/wp\/v2\/comments?post=16996"}],"version-history":[{"count":1,"href":"https:\/\/nordnesrepublikken.no\/index.php\/wp-json\/wp\/v2\/posts\/16996\/revisions"}],"predecessor-version":[{"id":16998,"href":"https:\/\/nordnesrepublikken.no\/index.php\/wp-json\/wp\/v2\/posts\/16996\/revisions\/16998"}],"wp:featuredmedia":[{"embeddable":true,"href":"https:\/\/nordnesrepublikken.no\/index.php\/wp-json\/wp\/v2\/media\/16997"}],"wp:attachment":[{"href":"https:\/\/nordnesrepublikken.no\/index.php\/wp-json\/wp\/v2\/media?parent=16996"}],"wp:term":[{"taxonomy":"category","embeddable":true,"href":"https:\/\/nordnesrepublikken.no\/index.php\/wp-json\/wp\/v2\/categories?post=16996"},{"taxonomy":"post_tag","embeddable":true,"href":"https:\/\/nordnesrepublikken.no\/index.php\/wp-json\/wp\/v2\/tags?post=16996"}],"curies":[{"name":"wp","href":"https:\/\/api.w.org\/{rel}","templated":true}]}}