{"id":16984,"date":"2026-04-15T08:20:05","date_gmt":"2026-04-15T06:20:05","guid":{"rendered":"https:\/\/nordnesrepublikken.no\/index.php\/2026\/04\/15\/en-romersk-last-oppdaget-pa-bunnen-av-innsjoen-neuchatel-i-sveits-etter-2000-ar\/"},"modified":"2026-04-15T08:20:08","modified_gmt":"2026-04-15T06:20:08","slug":"en-romersk-last-oppdaget-pa-bunnen-av-innsjoen-neuchatel-i-sveits-etter-2000-ar","status":"publish","type":"post","link":"https:\/\/nordnesrepublikken.no\/index.php\/2026\/04\/15\/en-romersk-last-oppdaget-pa-bunnen-av-innsjoen-neuchatel-i-sveits-etter-2000-ar\/","title":{"rendered":"En romersk last oppdaget p\u00e5 bunnen av innsj\u00f8en Neuch\u00e2tel i Sveits etter 2000 \u00e5r"},"content":{"rendered":"<div>\n<div class=\"cp_wrapper cp_wrapper--fw mb-30 mb-20@tablet\">\n<figure class=\"mm\"><picture class=\"img\" style=\"padding-top:56.25%\"><source  media=\"(min-width: 1024px)\"><source  media=\"(min-width: 768px)\"><\/source><\/source><\/picture><\/figure>\n<\/p><\/div>\n<p>Lasten av et vrak ble oppdaget p\u00e5 havbunnen av<strong> Lake Neuch\u00e2tel<\/strong>i Sveits. Som en del av bevaringsprogrammet <em>S\u00e5rbare vrak av innsj\u00f8en Neuch\u00e2tel<\/em> \u2013 startet i <strong>2018 <\/strong>\u2013 den eksterne samarbeidspartneren <strong>Fabien Droz<\/strong> identifiserte en anomali p\u00e5 innsj\u00f8en via drone. I de p\u00e5f\u00f8lgende dagene, i november 2024, ble arkeologen <strong>Fabien Langenegger<\/strong> og presidenten for Octopus Foundation (en ideell forening som har som m\u00e5l \u00e5 ivareta marin arv) <strong>Julien Pfyffer <\/strong>utf\u00f8rte det f\u00f8rste verifikasjonsdykket som bekreftet tilstedev\u00e6relsen av en <strong>stor opphopning av gammel keramikk<\/strong>sannsynligvis knyttet til lasten til et gammelt vrak, senere avsl\u00f8rt \u00e5 v\u00e6re av <strong>romertiden<\/strong>.<\/p>\n<p>EN <strong>trepr\u00f8ve<\/strong> ble utsatt for dating kl <strong>karbon-14<\/strong>: Resultatene plasserer vraket <strong>mellom 50 f.Kr. og 50 e.Kr<\/strong> EN <strong>fibula<\/strong> funnet p\u00e5 stedet, en bestemt type <strong>milit\u00e6r pin<\/strong>som dukket opp under regjeringen av <strong>Tiberius<\/strong> (14-37 e.Kr.), og <strong>dendrokronologisk datering<\/strong> (prosedyre som, gjennom sammenligning av <strong>vekst ringer<\/strong> av en stamme, er det mulig \u00e5 datere treverket med en viss presisjon) av en treplanke funnet under keramikken har gitt en ganske presis datering, <strong>etter 17 e.Kr<\/strong><\/p>\n<div class=\"cp_wrapper cp_wrapper--fw mb-50\">\n<figure class=\"mm\"><picture class=\"img\" style=\"padding-top:65.755208333333%\"><source  media=\"(min-width: 1024px)\"><source  media=\"(min-width: 768px)\"><img decoding=\"async\" loading=\"lazy\" src=\"https:\/\/nordnesrepublikken.no\/wp-content\/uploads\/2026\/04\/1776234004_301_En-romersk-last-oppdaget-pa-bunnen-av-innsjoen-Neuchatel-i.jpg\" alt=\"Bilde\" width=\"1536\" height=\"1010\"\/><\/source><\/source><\/picture><\/figure>\n<\/p><\/div>\n<p>Utgravninger av vraket fant sted i <strong>to kampanjer<\/strong>. Den f\u00f8rste, i <strong>mars 2025<\/strong>involvert et arbeidsomr\u00e5de av <strong>60 meter ganger 24 meter<\/strong> til en <strong>dybde p\u00e5 8 meter<\/strong>delt inn i ruter p\u00e5 4 meter hver. 42 perifere firkanter ble gravd ut, og gjenfunnet omtrent 150 gjenstander knyttet til lasten til det gamle fart\u00f8yet. Den andre kampanjen, i <strong>mars 2026<\/strong> og som varte i nesten en m\u00e5ned, fullf\u00f8rte den de resterende 19 rutene i det sentrale omr\u00e5det, noe som brakte totalen til over <strong>1000 gjenstander gjenvunnet<\/strong>.<\/p>\n<div class=\"cp_wrapper cp_wrapper--fw mb-50\">\n<figure class=\"mm\"><picture class=\"img\" style=\"padding-top:56.298828125%\"><source  media=\"(min-width: 1024px)\"><source  media=\"(min-width: 768px)\"><img decoding=\"async\" loading=\"lazy\" src=\"https:\/\/nordnesrepublikken.no\/wp-content\/uploads\/2026\/04\/En-romersk-last-oppdaget-pa-bunnen-av-innsjoen-Neuchatel-i.jpeg\" alt=\"Bilde\" width=\"2048\" height=\"1153\" class=\"js-seedtag-img\"\/><\/source><\/source><\/picture><\/figure>\n<\/p><\/div>\n<p>Lasten inkluderer <strong>hundrevis av intakt keramikk<\/strong> (tallerkener, boller, kopper, brett), sannsynligvis av lokal produksjon, som kommer fra det sveitsiske plat\u00e5et; <strong>fragmenter av amforer for olje eller vin<\/strong>; en <strong>flettet kurv<\/strong> som inneholder seks keramikk av ulik produksjon, tolket som keramikk fra b\u00e5tens mannskap; <strong>kj\u00f8kkengjenstander i metall<\/strong> som en gryte og en smeltedigel; elementer av <strong>hestesele<\/strong>slik som biter, stenger, pinner; <strong>fire vognhjul<\/strong> laget av tre og metall, datert til samme periode som lasten; gjenstander av <strong>legion\u00e6rt utstyr<\/strong>: en beltespenne, en <strong>dolabra<\/strong> (\u00f8ksehakke, brukt av legion\u00e6rer til forskjellige jobber), en fibula og to<strong> komplett gladii<\/strong>hvorav den ene fortsatt er i sin originale tre- og metallkappe.<\/p>\n<div class=\"cp_wrapper cp_wrapper--fw mb-50\">\n<figure class=\"mm\"><picture class=\"img\" style=\"padding-top:65.7%\"><source  media=\"(min-width: 1024px)\"><source  media=\"(min-width: 768px)\"><img decoding=\"async\" loading=\"lazy\" src=\"https:\/\/nordnesrepublikken.no\/wp-content\/uploads\/2026\/04\/1776234005_207_En-romersk-last-oppdaget-pa-bunnen-av-innsjoen-Neuchatel-i.jpg\" alt=\"Bilde\" width=\"2000\" height=\"1314\"\/><\/source><\/source><\/picture><\/figure>\n<\/p><\/div>\n<p>Det ble ikke funnet spor etter skroget i n\u00e6rheten. Arkeologer utelukker ikke at skipet klarte \u00e5 n\u00e5 land eller sank andre steder. Den r\u00e5dende hypotesen er at lasten var beregnet p\u00e5 <strong>XIII Gemina Legion, stasjonert i Vindonissa fra 16 e.Kr<\/strong> (dagens <strong>Windisch<\/strong>i kantonen Aargau, i det sentrale-nordlige Sveits) med oppgaven \u00e5 vokte grensen til Rhinen. Varene ville ha g\u00e5tt fra havnen i <strong>Yverdon<\/strong>i kantonen Vaud (L&#8217;antica <em>Eburodunum<\/em>), ved den s\u00f8rlige enden av innsj\u00f8en Neuch\u00e2tel, p\u00e5 vei nordover gjennom innsj\u00f8ene og kanalene, og ville <strong>synke<\/strong> ved munningen av Thielle-kanalen, kanskje p\u00e5 grunn av en <strong>plutselig vindkast<\/strong>.<\/p>\n<div class=\"cp_wrapper cp_wrapper--fw mb-50\">\n<figure class=\"mm\"><picture class=\"img\" style=\"padding-top:66.6015625%\"><source  media=\"(min-width: 1024px)\"><source  media=\"(min-width: 768px)\"><img decoding=\"async\" loading=\"lazy\" src=\"https:\/\/nordnesrepublikken.no\/wp-content\/uploads\/2026\/04\/1776234005_975_En-romersk-last-oppdaget-pa-bunnen-av-innsjoen-Neuchatel-i.jpg\" alt=\"Bilde\" width=\"2048\" height=\"1364\" class=\"js-seedtag-img\"\/><\/source><\/source><\/picture><\/figure>\n<\/p><\/div>\n<p>Stedet for forliset hadde st\u00e5tt lenge <strong>beskyttet av lag med innsj\u00f8sedimenter<\/strong>senere erodert under de to vannreguleringsinngrepene, p\u00e5 1800- og 1900-tallet. Av denne grunn ble det besluttet \u00e5 fortsette raskt med utvinningen. I l\u00f8pet av \u00e5ret mellom de to kampanjene overv\u00e5ket et undervannskamerasystem utviklet av Octopus Foundation omr\u00e5det kontinuerlig for \u00e5 forhindre plyndring. Funnene er for tiden under konstruksjon <strong>konservativ behandling i demineralisert vann ved ca. 5-6\u00b0C<\/strong>vil bli utsatt for <strong>Lat\u00e9nium<\/strong>museet og den arkeologiske parken i Neuch\u00e2tel. Octopus Foundation planlegger ogs\u00e5 \u00e5 gi ut en bok og dokumentar i 2027.<\/p>\n<\/p><\/div>\n","protected":false},"excerpt":{"rendered":"<p>Lasten av et vrak ble oppdaget p\u00e5 havbunnen av Lake Neuch\u00e2teli Sveits. Som en del<\/p>\n","protected":false},"author":1,"featured_media":16985,"comment_status":"closed","ping_status":"open","sticky":false,"template":"","format":"standard","meta":{"footnotes":""},"categories":[104],"tags":[595,10971,92,2308,10972,78,81,8337,2993],"class_list":["post-16984","post","type-post","status-publish","format-standard","has-post-thumbnail","hentry","category-samfunn","tag-ar","tag-bunnen","tag-etter","tag-innsjoen","tag-neuchatel","tag-oppdaget","tag-pa","tag-romersk","tag-sveits","generate-columns","tablet-grid-50","mobile-grid-100","grid-parent","grid-33","resize-featured-image"],"yoast_head":"<!-- This site is optimized with the Yoast SEO plugin v24.4 - https:\/\/yoast.com\/wordpress\/plugins\/seo\/ -->\n<title>En romersk last oppdaget p\u00e5 bunnen av innsj\u00f8en Neuch\u00e2tel i Sveits etter 2000 \u00e5r - Nordnesrepublikken<\/title>\n<meta name=\"robots\" content=\"index, follow, max-snippet:-1, max-image-preview:large, max-video-preview:-1\" \/>\n<link rel=\"canonical\" href=\"https:\/\/nordnesrepublikken.no\/index.php\/2026\/04\/15\/en-romersk-last-oppdaget-pa-bunnen-av-innsjoen-neuchatel-i-sveits-etter-2000-ar\/\" \/>\n<meta property=\"og:locale\" content=\"nb_NO\" \/>\n<meta property=\"og:type\" content=\"article\" \/>\n<meta property=\"og:title\" content=\"En romersk last oppdaget p\u00e5 bunnen av innsj\u00f8en Neuch\u00e2tel i Sveits etter 2000 \u00e5r - Nordnesrepublikken\" \/>\n<meta property=\"og:description\" content=\"Lasten av et vrak ble oppdaget p\u00e5 havbunnen av Lake Neuch\u00e2teli Sveits. Som en del\" \/>\n<meta property=\"og:url\" content=\"https:\/\/nordnesrepublikken.no\/index.php\/2026\/04\/15\/en-romersk-last-oppdaget-pa-bunnen-av-innsjoen-neuchatel-i-sveits-etter-2000-ar\/\" \/>\n<meta property=\"og:site_name\" content=\"Nordnesrepublikken\" \/>\n<meta property=\"article:published_time\" content=\"2026-04-15T06:20:05+00:00\" \/>\n<meta property=\"article:modified_time\" content=\"2026-04-15T06:20:08+00:00\" \/>\n<meta property=\"og:image\" content=\"https:\/\/nordnesrepublikken.no\/wp-content\/uploads\/2026\/04\/1776234007_En-romersk-last-oppdaget-pa-bunnen-av-innsjoen-Neuchatel-i.jpg\" \/>\n\t<meta property=\"og:image:width\" content=\"2000\" \/>\n\t<meta property=\"og:image:height\" content=\"1317\" \/>\n\t<meta property=\"og:image:type\" content=\"image\/jpeg\" \/>\n<meta name=\"author\" content=\"Ole Andersen\" \/>\n<meta name=\"twitter:card\" content=\"summary_large_image\" \/>\n<meta name=\"twitter:label1\" content=\"Skrevet av\" \/>\n\t<meta name=\"twitter:data1\" content=\"Ole Andersen\" \/>\n\t<meta name=\"twitter:label2\" content=\"Ansl. lesetid\" \/>\n\t<meta name=\"twitter:data2\" content=\"3 minutter\" \/>\n<script type=\"application\/ld+json\" class=\"yoast-schema-graph\">{\"@context\":\"https:\/\/schema.org\",\"@graph\":[{\"@type\":\"Article\",\"@id\":\"https:\/\/nordnesrepublikken.no\/index.php\/2026\/04\/15\/en-romersk-last-oppdaget-pa-bunnen-av-innsjoen-neuchatel-i-sveits-etter-2000-ar\/#article\",\"isPartOf\":{\"@id\":\"https:\/\/nordnesrepublikken.no\/index.php\/2026\/04\/15\/en-romersk-last-oppdaget-pa-bunnen-av-innsjoen-neuchatel-i-sveits-etter-2000-ar\/\"},\"author\":{\"name\":\"Ole Andersen\",\"@id\":\"https:\/\/nordnesrepublikken.no\/#\/schema\/person\/2e7e81935bab77882fffb79296240ff1\"},\"headline\":\"En romersk last oppdaget p\u00e5 bunnen av innsj\u00f8en Neuch\u00e2tel i Sveits etter 2000 \u00e5r\",\"datePublished\":\"2026-04-15T06:20:05+00:00\",\"dateModified\":\"2026-04-15T06:20:08+00:00\",\"mainEntityOfPage\":{\"@id\":\"https:\/\/nordnesrepublikken.no\/index.php\/2026\/04\/15\/en-romersk-last-oppdaget-pa-bunnen-av-innsjoen-neuchatel-i-sveits-etter-2000-ar\/\"},\"wordCount\":575,\"publisher\":{\"@id\":\"https:\/\/nordnesrepublikken.no\/#organization\"},\"image\":{\"@id\":\"https:\/\/nordnesrepublikken.no\/index.php\/2026\/04\/15\/en-romersk-last-oppdaget-pa-bunnen-av-innsjoen-neuchatel-i-sveits-etter-2000-ar\/#primaryimage\"},\"thumbnailUrl\":\"https:\/\/nordnesrepublikken.no\/wp-content\/uploads\/2026\/04\/1776234007_En-romersk-last-oppdaget-pa-bunnen-av-innsjoen-Neuchatel-i.jpg\",\"keywords\":[\"\u00e5r\",\"bunnen\",\"Etter\",\"innsj\u00f8en\",\"Neuch\u00e2tel\",\"oppdaget\",\"p\u00e5\",\"romersk\",\"Sveits\"],\"articleSection\":[\"Samfunn\"],\"inLanguage\":\"nb-NO\"},{\"@type\":\"WebPage\",\"@id\":\"https:\/\/nordnesrepublikken.no\/index.php\/2026\/04\/15\/en-romersk-last-oppdaget-pa-bunnen-av-innsjoen-neuchatel-i-sveits-etter-2000-ar\/\",\"url\":\"https:\/\/nordnesrepublikken.no\/index.php\/2026\/04\/15\/en-romersk-last-oppdaget-pa-bunnen-av-innsjoen-neuchatel-i-sveits-etter-2000-ar\/\",\"name\":\"En romersk last oppdaget p\u00e5 bunnen av innsj\u00f8en Neuch\u00e2tel i Sveits etter 2000 \u00e5r - Nordnesrepublikken\",\"isPartOf\":{\"@id\":\"https:\/\/nordnesrepublikken.no\/#website\"},\"primaryImageOfPage\":{\"@id\":\"https:\/\/nordnesrepublikken.no\/index.php\/2026\/04\/15\/en-romersk-last-oppdaget-pa-bunnen-av-innsjoen-neuchatel-i-sveits-etter-2000-ar\/#primaryimage\"},\"image\":{\"@id\":\"https:\/\/nordnesrepublikken.no\/index.php\/2026\/04\/15\/en-romersk-last-oppdaget-pa-bunnen-av-innsjoen-neuchatel-i-sveits-etter-2000-ar\/#primaryimage\"},\"thumbnailUrl\":\"https:\/\/nordnesrepublikken.no\/wp-content\/uploads\/2026\/04\/1776234007_En-romersk-last-oppdaget-pa-bunnen-av-innsjoen-Neuchatel-i.jpg\",\"datePublished\":\"2026-04-15T06:20:05+00:00\",\"dateModified\":\"2026-04-15T06:20:08+00:00\",\"breadcrumb\":{\"@id\":\"https:\/\/nordnesrepublikken.no\/index.php\/2026\/04\/15\/en-romersk-last-oppdaget-pa-bunnen-av-innsjoen-neuchatel-i-sveits-etter-2000-ar\/#breadcrumb\"},\"inLanguage\":\"nb-NO\",\"potentialAction\":[{\"@type\":\"ReadAction\",\"target\":[\"https:\/\/nordnesrepublikken.no\/index.php\/2026\/04\/15\/en-romersk-last-oppdaget-pa-bunnen-av-innsjoen-neuchatel-i-sveits-etter-2000-ar\/\"]}]},{\"@type\":\"ImageObject\",\"inLanguage\":\"nb-NO\",\"@id\":\"https:\/\/nordnesrepublikken.no\/index.php\/2026\/04\/15\/en-romersk-last-oppdaget-pa-bunnen-av-innsjoen-neuchatel-i-sveits-etter-2000-ar\/#primaryimage\",\"url\":\"https:\/\/nordnesrepublikken.no\/wp-content\/uploads\/2026\/04\/1776234007_En-romersk-last-oppdaget-pa-bunnen-av-innsjoen-Neuchatel-i.jpg\",\"contentUrl\":\"https:\/\/nordnesrepublikken.no\/wp-content\/uploads\/2026\/04\/1776234007_En-romersk-last-oppdaget-pa-bunnen-av-innsjoen-Neuchatel-i.jpg\",\"width\":2000,\"height\":1317,\"caption\":\"En romersk last oppdaget p\u00e5 bunnen av innsj\u00f8en Neuch\u00e2tel i Sveits etter 2000 \u00e5r\"},{\"@type\":\"BreadcrumbList\",\"@id\":\"https:\/\/nordnesrepublikken.no\/index.php\/2026\/04\/15\/en-romersk-last-oppdaget-pa-bunnen-av-innsjoen-neuchatel-i-sveits-etter-2000-ar\/#breadcrumb\",\"itemListElement\":[{\"@type\":\"ListItem\",\"position\":1,\"name\":\"Home\",\"item\":\"https:\/\/nordnesrepublikken.no\/\"},{\"@type\":\"ListItem\",\"position\":2,\"name\":\"En romersk last oppdaget p\u00e5 bunnen av innsj\u00f8en Neuch\u00e2tel i Sveits etter 2000 \u00e5r\"}]},{\"@type\":\"WebSite\",\"@id\":\"https:\/\/nordnesrepublikken.no\/#website\",\"url\":\"https:\/\/nordnesrepublikken.no\/\",\"name\":\"Nordnesrepublikken\",\"description\":\"Stemmer og Visjoner fra Republikkens Hjerte\",\"publisher\":{\"@id\":\"https:\/\/nordnesrepublikken.no\/#organization\"},\"potentialAction\":[{\"@type\":\"SearchAction\",\"target\":{\"@type\":\"EntryPoint\",\"urlTemplate\":\"https:\/\/nordnesrepublikken.no\/?s={search_term_string}\"},\"query-input\":{\"@type\":\"PropertyValueSpecification\",\"valueRequired\":true,\"valueName\":\"search_term_string\"}}],\"inLanguage\":\"nb-NO\"},{\"@type\":\"Organization\",\"@id\":\"https:\/\/nordnesrepublikken.no\/#organization\",\"name\":\"Nordnesrepublikken\",\"url\":\"https:\/\/nordnesrepublikken.no\/\",\"logo\":{\"@type\":\"ImageObject\",\"inLanguage\":\"nb-NO\",\"@id\":\"https:\/\/nordnesrepublikken.no\/#\/schema\/logo\/image\/\",\"url\":\"https:\/\/nordnesrepublikken.no\/wp-content\/uploads\/2025\/02\/cropped-nordnesrepublikken-2.png\",\"contentUrl\":\"https:\/\/nordnesrepublikken.no\/wp-content\/uploads\/2025\/02\/cropped-nordnesrepublikken-2.png\",\"width\":1248,\"height\":362,\"caption\":\"Nordnesrepublikken\"},\"image\":{\"@id\":\"https:\/\/nordnesrepublikken.no\/#\/schema\/logo\/image\/\"}},{\"@type\":\"Person\",\"@id\":\"https:\/\/nordnesrepublikken.no\/#\/schema\/person\/2e7e81935bab77882fffb79296240ff1\",\"name\":\"Ole Andersen\",\"image\":{\"@type\":\"ImageObject\",\"inLanguage\":\"nb-NO\",\"@id\":\"https:\/\/nordnesrepublikken.no\/#\/schema\/person\/image\/\",\"url\":\"https:\/\/nordnesrepublikken.no\/wp-content\/uploads\/2025\/02\/nordnesrepublikken-2-2-150x150.jpg\",\"contentUrl\":\"https:\/\/nordnesrepublikken.no\/wp-content\/uploads\/2025\/02\/nordnesrepublikken-2-2-150x150.jpg\",\"caption\":\"Ole Andersen\"},\"description\":\"Ettersom jeg vokste opp i Oslo, har jeg alltid v\u00e6rt fascinert av ordenes kraft og deres evne til \u00e5 skape endringer. Etter \u00e5 ha fullf\u00f8rt min utdannelse i kommunikasjon ved Universitetet i Bergen, fikk jeg muligheten til \u00e5 jobbe innen ulike medier, der jeg har s\u00f8kt \u00e5 belyse viktige samfunnssp\u00f8rsm\u00e5l. I dag, som redakt\u00f8r for Nordnesrepublikken, pr\u00f8ver jeg \u00e5 forene min kj\u00e6rlighet for journalistikk med min lidenskap for innovasjon og eventyr.\",\"sameAs\":[\"https:\/\/nordnesrepublikken.no\/\"]}]}<\/script>\n<!-- \/ Yoast SEO plugin. -->","yoast_head_json":{"title":"En romersk last oppdaget p\u00e5 bunnen av innsj\u00f8en Neuch\u00e2tel i Sveits etter 2000 \u00e5r - Nordnesrepublikken","robots":{"index":"index","follow":"follow","max-snippet":"max-snippet:-1","max-image-preview":"max-image-preview:large","max-video-preview":"max-video-preview:-1"},"canonical":"https:\/\/nordnesrepublikken.no\/index.php\/2026\/04\/15\/en-romersk-last-oppdaget-pa-bunnen-av-innsjoen-neuchatel-i-sveits-etter-2000-ar\/","og_locale":"nb_NO","og_type":"article","og_title":"En romersk last oppdaget p\u00e5 bunnen av innsj\u00f8en Neuch\u00e2tel i Sveits etter 2000 \u00e5r - Nordnesrepublikken","og_description":"Lasten av et vrak ble oppdaget p\u00e5 havbunnen av Lake Neuch\u00e2teli Sveits. Som en del","og_url":"https:\/\/nordnesrepublikken.no\/index.php\/2026\/04\/15\/en-romersk-last-oppdaget-pa-bunnen-av-innsjoen-neuchatel-i-sveits-etter-2000-ar\/","og_site_name":"Nordnesrepublikken","article_published_time":"2026-04-15T06:20:05+00:00","article_modified_time":"2026-04-15T06:20:08+00:00","og_image":[{"width":2000,"height":1317,"url":"https:\/\/nordnesrepublikken.no\/wp-content\/uploads\/2026\/04\/1776234007_En-romersk-last-oppdaget-pa-bunnen-av-innsjoen-Neuchatel-i.jpg","type":"image\/jpeg"}],"author":"Ole Andersen","twitter_card":"summary_large_image","twitter_misc":{"Skrevet av":"Ole Andersen","Ansl. lesetid":"3 minutter"},"schema":{"@context":"https:\/\/schema.org","@graph":[{"@type":"Article","@id":"https:\/\/nordnesrepublikken.no\/index.php\/2026\/04\/15\/en-romersk-last-oppdaget-pa-bunnen-av-innsjoen-neuchatel-i-sveits-etter-2000-ar\/#article","isPartOf":{"@id":"https:\/\/nordnesrepublikken.no\/index.php\/2026\/04\/15\/en-romersk-last-oppdaget-pa-bunnen-av-innsjoen-neuchatel-i-sveits-etter-2000-ar\/"},"author":{"name":"Ole Andersen","@id":"https:\/\/nordnesrepublikken.no\/#\/schema\/person\/2e7e81935bab77882fffb79296240ff1"},"headline":"En romersk last oppdaget p\u00e5 bunnen av innsj\u00f8en Neuch\u00e2tel i Sveits etter 2000 \u00e5r","datePublished":"2026-04-15T06:20:05+00:00","dateModified":"2026-04-15T06:20:08+00:00","mainEntityOfPage":{"@id":"https:\/\/nordnesrepublikken.no\/index.php\/2026\/04\/15\/en-romersk-last-oppdaget-pa-bunnen-av-innsjoen-neuchatel-i-sveits-etter-2000-ar\/"},"wordCount":575,"publisher":{"@id":"https:\/\/nordnesrepublikken.no\/#organization"},"image":{"@id":"https:\/\/nordnesrepublikken.no\/index.php\/2026\/04\/15\/en-romersk-last-oppdaget-pa-bunnen-av-innsjoen-neuchatel-i-sveits-etter-2000-ar\/#primaryimage"},"thumbnailUrl":"https:\/\/nordnesrepublikken.no\/wp-content\/uploads\/2026\/04\/1776234007_En-romersk-last-oppdaget-pa-bunnen-av-innsjoen-Neuchatel-i.jpg","keywords":["\u00e5r","bunnen","Etter","innsj\u00f8en","Neuch\u00e2tel","oppdaget","p\u00e5","romersk","Sveits"],"articleSection":["Samfunn"],"inLanguage":"nb-NO"},{"@type":"WebPage","@id":"https:\/\/nordnesrepublikken.no\/index.php\/2026\/04\/15\/en-romersk-last-oppdaget-pa-bunnen-av-innsjoen-neuchatel-i-sveits-etter-2000-ar\/","url":"https:\/\/nordnesrepublikken.no\/index.php\/2026\/04\/15\/en-romersk-last-oppdaget-pa-bunnen-av-innsjoen-neuchatel-i-sveits-etter-2000-ar\/","name":"En romersk last oppdaget p\u00e5 bunnen av innsj\u00f8en Neuch\u00e2tel i Sveits etter 2000 \u00e5r - Nordnesrepublikken","isPartOf":{"@id":"https:\/\/nordnesrepublikken.no\/#website"},"primaryImageOfPage":{"@id":"https:\/\/nordnesrepublikken.no\/index.php\/2026\/04\/15\/en-romersk-last-oppdaget-pa-bunnen-av-innsjoen-neuchatel-i-sveits-etter-2000-ar\/#primaryimage"},"image":{"@id":"https:\/\/nordnesrepublikken.no\/index.php\/2026\/04\/15\/en-romersk-last-oppdaget-pa-bunnen-av-innsjoen-neuchatel-i-sveits-etter-2000-ar\/#primaryimage"},"thumbnailUrl":"https:\/\/nordnesrepublikken.no\/wp-content\/uploads\/2026\/04\/1776234007_En-romersk-last-oppdaget-pa-bunnen-av-innsjoen-Neuchatel-i.jpg","datePublished":"2026-04-15T06:20:05+00:00","dateModified":"2026-04-15T06:20:08+00:00","breadcrumb":{"@id":"https:\/\/nordnesrepublikken.no\/index.php\/2026\/04\/15\/en-romersk-last-oppdaget-pa-bunnen-av-innsjoen-neuchatel-i-sveits-etter-2000-ar\/#breadcrumb"},"inLanguage":"nb-NO","potentialAction":[{"@type":"ReadAction","target":["https:\/\/nordnesrepublikken.no\/index.php\/2026\/04\/15\/en-romersk-last-oppdaget-pa-bunnen-av-innsjoen-neuchatel-i-sveits-etter-2000-ar\/"]}]},{"@type":"ImageObject","inLanguage":"nb-NO","@id":"https:\/\/nordnesrepublikken.no\/index.php\/2026\/04\/15\/en-romersk-last-oppdaget-pa-bunnen-av-innsjoen-neuchatel-i-sveits-etter-2000-ar\/#primaryimage","url":"https:\/\/nordnesrepublikken.no\/wp-content\/uploads\/2026\/04\/1776234007_En-romersk-last-oppdaget-pa-bunnen-av-innsjoen-Neuchatel-i.jpg","contentUrl":"https:\/\/nordnesrepublikken.no\/wp-content\/uploads\/2026\/04\/1776234007_En-romersk-last-oppdaget-pa-bunnen-av-innsjoen-Neuchatel-i.jpg","width":2000,"height":1317,"caption":"En romersk last oppdaget p\u00e5 bunnen av innsj\u00f8en Neuch\u00e2tel i Sveits etter 2000 \u00e5r"},{"@type":"BreadcrumbList","@id":"https:\/\/nordnesrepublikken.no\/index.php\/2026\/04\/15\/en-romersk-last-oppdaget-pa-bunnen-av-innsjoen-neuchatel-i-sveits-etter-2000-ar\/#breadcrumb","itemListElement":[{"@type":"ListItem","position":1,"name":"Home","item":"https:\/\/nordnesrepublikken.no\/"},{"@type":"ListItem","position":2,"name":"En romersk last oppdaget p\u00e5 bunnen av innsj\u00f8en Neuch\u00e2tel i Sveits etter 2000 \u00e5r"}]},{"@type":"WebSite","@id":"https:\/\/nordnesrepublikken.no\/#website","url":"https:\/\/nordnesrepublikken.no\/","name":"Nordnesrepublikken","description":"Stemmer og Visjoner fra Republikkens Hjerte","publisher":{"@id":"https:\/\/nordnesrepublikken.no\/#organization"},"potentialAction":[{"@type":"SearchAction","target":{"@type":"EntryPoint","urlTemplate":"https:\/\/nordnesrepublikken.no\/?s={search_term_string}"},"query-input":{"@type":"PropertyValueSpecification","valueRequired":true,"valueName":"search_term_string"}}],"inLanguage":"nb-NO"},{"@type":"Organization","@id":"https:\/\/nordnesrepublikken.no\/#organization","name":"Nordnesrepublikken","url":"https:\/\/nordnesrepublikken.no\/","logo":{"@type":"ImageObject","inLanguage":"nb-NO","@id":"https:\/\/nordnesrepublikken.no\/#\/schema\/logo\/image\/","url":"https:\/\/nordnesrepublikken.no\/wp-content\/uploads\/2025\/02\/cropped-nordnesrepublikken-2.png","contentUrl":"https:\/\/nordnesrepublikken.no\/wp-content\/uploads\/2025\/02\/cropped-nordnesrepublikken-2.png","width":1248,"height":362,"caption":"Nordnesrepublikken"},"image":{"@id":"https:\/\/nordnesrepublikken.no\/#\/schema\/logo\/image\/"}},{"@type":"Person","@id":"https:\/\/nordnesrepublikken.no\/#\/schema\/person\/2e7e81935bab77882fffb79296240ff1","name":"Ole Andersen","image":{"@type":"ImageObject","inLanguage":"nb-NO","@id":"https:\/\/nordnesrepublikken.no\/#\/schema\/person\/image\/","url":"https:\/\/nordnesrepublikken.no\/wp-content\/uploads\/2025\/02\/nordnesrepublikken-2-2-150x150.jpg","contentUrl":"https:\/\/nordnesrepublikken.no\/wp-content\/uploads\/2025\/02\/nordnesrepublikken-2-2-150x150.jpg","caption":"Ole Andersen"},"description":"Ettersom jeg vokste opp i Oslo, har jeg alltid v\u00e6rt fascinert av ordenes kraft og deres evne til \u00e5 skape endringer. Etter \u00e5 ha fullf\u00f8rt min utdannelse i kommunikasjon ved Universitetet i Bergen, fikk jeg muligheten til \u00e5 jobbe innen ulike medier, der jeg har s\u00f8kt \u00e5 belyse viktige samfunnssp\u00f8rsm\u00e5l. I dag, som redakt\u00f8r for Nordnesrepublikken, pr\u00f8ver jeg \u00e5 forene min kj\u00e6rlighet for journalistikk med min lidenskap for innovasjon og eventyr.","sameAs":["https:\/\/nordnesrepublikken.no\/"]}]}},"_links":{"self":[{"href":"https:\/\/nordnesrepublikken.no\/index.php\/wp-json\/wp\/v2\/posts\/16984","targetHints":{"allow":["GET"]}}],"collection":[{"href":"https:\/\/nordnesrepublikken.no\/index.php\/wp-json\/wp\/v2\/posts"}],"about":[{"href":"https:\/\/nordnesrepublikken.no\/index.php\/wp-json\/wp\/v2\/types\/post"}],"author":[{"embeddable":true,"href":"https:\/\/nordnesrepublikken.no\/index.php\/wp-json\/wp\/v2\/users\/1"}],"replies":[{"embeddable":true,"href":"https:\/\/nordnesrepublikken.no\/index.php\/wp-json\/wp\/v2\/comments?post=16984"}],"version-history":[{"count":1,"href":"https:\/\/nordnesrepublikken.no\/index.php\/wp-json\/wp\/v2\/posts\/16984\/revisions"}],"predecessor-version":[{"id":16986,"href":"https:\/\/nordnesrepublikken.no\/index.php\/wp-json\/wp\/v2\/posts\/16984\/revisions\/16986"}],"wp:featuredmedia":[{"embeddable":true,"href":"https:\/\/nordnesrepublikken.no\/index.php\/wp-json\/wp\/v2\/media\/16985"}],"wp:attachment":[{"href":"https:\/\/nordnesrepublikken.no\/index.php\/wp-json\/wp\/v2\/media?parent=16984"}],"wp:term":[{"taxonomy":"category","embeddable":true,"href":"https:\/\/nordnesrepublikken.no\/index.php\/wp-json\/wp\/v2\/categories?post=16984"},{"taxonomy":"post_tag","embeddable":true,"href":"https:\/\/nordnesrepublikken.no\/index.php\/wp-json\/wp\/v2\/tags?post=16984"}],"curies":[{"name":"wp","href":"https:\/\/api.w.org\/{rel}","templated":true}]}}