{"id":16981,"date":"2026-04-15T07:37:03","date_gmt":"2026-04-15T05:37:03","guid":{"rendered":"https:\/\/nordnesrepublikken.no\/index.php\/2026\/04\/15\/ingv-bulletinen-etter-sjokkene-i-md-3-3-og-3-4\/"},"modified":"2026-04-15T07:37:06","modified_gmt":"2026-04-15T05:37:06","slug":"ingv-bulletinen-etter-sjokkene-i-md-3-3-og-3-4","status":"publish","type":"post","link":"https:\/\/nordnesrepublikken.no\/index.php\/2026\/04\/15\/ingv-bulletinen-etter-sjokkene-i-md-3-3-og-3-4\/","title":{"rendered":"INGV-bulletinen etter sjokkene i Md 3.3 og 3.4"},"content":{"rendered":"<div>\n<div class=\"cp_wrapper cp_wrapper--fw mb-30 mb-20@tablet\">\n<figure class=\"mm\"><picture class=\"img\" style=\"padding-top:56.25%\"><source  media=\"(min-width: 1024px)\"><source  media=\"(min-width: 768px)\"><\/source><\/source><\/picture><\/figure>\n<\/p><\/div>\n<p>Til <strong>Phlegraean Fields<\/strong> der <strong>seismisitet<\/strong> g\u00e5 tilbake til <strong>vokse<\/strong> etter flere uker med relativ ro: i uken fra 6. til 12. april 2026 registrerte INGV Vesuvian Observatory <strong>94 jordskjelv med en maksimal styrke p\u00e5 3,4<\/strong> (sistnevnte registrert 8. april 2026, som skjedde dagen etter jordskjelvet med styrke 3,3), hvorav 37 var lokalisert innenfor <strong>to seismiske svermer.<\/strong><\/p>\n<p>Dette er derfor en klar \u00f8kning sammenlignet med forrige uke, da bare 26 skjelvinger p\u00e5 Mdmax 2,4 ble oppdaget: likevel, INGV n<strong>p\u00e5 rapportert<\/strong> elementer som tyder p\u00e5 vesentlige <strong>evolusjoner<\/strong> p\u00e5 kort sikt.<\/p>\n<p>Verdier <strong>stabil<\/strong>i stedet, b\u00e5de for <strong>bradyseisme<\/strong> det for jeg <strong>geokjemiske parametere<\/strong>: hastigheten p\u00e5 markl\u00f8ft holder seg p\u00e5 10 mm per m\u00e5ned, mens gjennomsnittstemperaturen til fumarolen i Solfatara-krateret alltid ligger p\u00e5 rundt 173 \u00b0C.<\/p>\n<h2>Ved Campi Flegrei 94 skjelv med en maksimal styrke p\u00e5 3,4 og 2 seismiske svermer<\/h2>\n<p>I uken fra 6. til 12. april 2026 ble de tatt opp p\u00e5 Campi Flegrei <strong>94 jordskjelv<\/strong>med en maksimal styrke p\u00e5 3,4. Av disse skjelvingene var 37 lokalisert innenfor to seismiske svermer:<\/p>\n<ul>\n<li>De<strong> f\u00f8rste seismiske sverm<\/strong> startet klokken 02:32 UTC den 04\/07\/2026, med totalt 17 jordskjelv med maksimal styrke 3,3 som fant sted i Solfatara-Accademia-omr\u00e5det.<\/li>\n<li>De <strong>andre seismiske sverm<\/strong> startet klokken 13:08 UTC den 04\/08\/2026, med totalt 20 jordskjelv med maksimal styrke 3,4, som fant sted i Pozzuoli-Accademia-omr\u00e5det.\n<div class=\"cp_wrapper cp_wrapper--fw mb-50\">\n<figure class=\"mm\"><picture class=\"img\" style=\"padding-top:72.540983606557%\"><source  media=\"(min-width: 1024px)\"><source  media=\"(min-width: 768px)\"><img decoding=\"async\" loading=\"lazy\" src=\"https:\/\/nordnesrepublikken.no\/wp-content\/uploads\/2026\/04\/1776231423_296_INGV-bulletinen-etter-sjokkene-i-Md-33-og-34.jpg\" alt=\"jordskjelv-kart-campi-flegrei\" width=\"976\" height=\"708\"\/><\/source><\/source><\/picture><\/figure>\n<\/p><\/div>\n<\/li>\n<\/ul>\n<p>Der <strong>dybde<\/strong> av jordskjelv har imidlertid vedvart <strong>overfladisk<\/strong>varierende mellom 0,21 km og 2,62 km. Dette skjer fordi i det flegreiske omr\u00e5det skyldes seismisiteten bradyseisme: jordskjelv genereres ikke av klassiske tektoniske bevegelser, men av deformasjon av jordskorpen for\u00e5rsaket av skyvekraft fra v\u00e6sker og l\u00f8ft.<\/p>\n<h2>Bradyseisme forblir stabil med jordl\u00f8fting p\u00e5 10 mm per m\u00e5ned<\/h2>\n<p>Fra februar 2026 var <strong>gjennomsnittlig hastighet p\u00e5 markl\u00f8ft<\/strong> (som er p\u00e5 grunn av bradyseisme) har returnert til stabile verdier lik <strong>10 \u00b1 3 mm per m\u00e5ned<\/strong>avtagende etter akselerasjonen registrert mellom oktober og desember 2025, da hastigheten n\u00e5dde 25 mm\/m\u00e5ned. Siden januar 2025 er den totale heisen registrert p\u00e5 GNSS-stasjonen (Rione Terra) ca <strong>26 cm.<\/strong><\/p>\n<div class=\"cp_wrapper cp_wrapper--fw mb-50\">\n<figure class=\"mm\"><picture class=\"img\" style=\"padding-top:47.095761381476%\"><source  media=\"(min-width: 1024px)\"><source  media=\"(min-width: 768px)\"><img decoding=\"async\" loading=\"lazy\" src=\"https:\/\/nordnesrepublikken.no\/wp-content\/uploads\/2026\/04\/1776231423_977_INGV-bulletinen-etter-sjokkene-i-Md-33-og-34.jpg\" alt=\"bradyseisme-campi-flegrei\" width=\"1274\" height=\"600\" class=\"js-seedtag-img\"\/><\/source><\/source><\/picture><\/figure>\n<\/p><\/div>\n<p>De geokjemiske parametrene er ogs\u00e5 p\u00e5 linje med tidligere uker, noe som bekrefter <strong>de allerede kjente \u00f8kende trendene<\/strong>b\u00e5de n\u00e5r det gjelder gassstr\u00f8mmer som slippes ut og n\u00e5r det gjelder temperaturen til fumarolene. I referanseuken viste temperaturen i Pisciarelli fumarole en gjennomsnittsverdi p\u00e5 <strong>~95 \u00b0C,<\/strong> mens ved hovedfumarolen (BG) i Solfatara-krateret en gjennomsnittsverdi p\u00e5 ca <strong>173\u00b0C.<\/strong><\/p>\n<h2>Sammendraget av INGVs ukentlige bulletin<\/h2>\n<p>Oppsummert, INGVs ukentlige bulletin knyttet til Campi Flegrei fremhevet i uken 6.-12. april:<\/p>\n<ul>\n<li><strong>Seismisitet<\/strong>: 94 jordskjelv med en maksimal styrke p\u00e5 3,4.<\/li>\n<li><strong>Seismiske svermer<\/strong>: 2 seismiske svermer, som skjedde henholdsvis 7. og 8. april 2026, hvor det ble lokalisert totalt 37 jordskjelv.<\/li>\n<li><strong>Bradyseisme<\/strong>: bekreftet stabil fra februar 2026, med en markl\u00f8fthastighet p\u00e5 ca. 10\u00b13 mm\/mnd.<\/li>\n<li><strong>Temperaturer<\/strong>: verdier vesentlig uendret (rundt 173 \u00b0C i Solfatara-krateret), i tr\u00e5d med den langsiktige trenden som indikerer en progressiv oppvarming av det hydrotermiske systemet.<\/li>\n<\/ul><\/div>\n","protected":false},"excerpt":{"rendered":"<p>Til Phlegraean Fields der seismisitet g\u00e5 tilbake til vokse etter flere uker med relativ ro:<\/p>\n","protected":false},"author":1,"featured_media":16982,"comment_status":"closed","ping_status":"open","sticky":false,"template":"","format":"standard","meta":{"footnotes":""},"categories":[24],"tags":[92,7138,10970],"class_list":["post-16981","post","type-post","status-publish","format-standard","has-post-thumbnail","hentry","category-vitenskap","tag-etter","tag-ingvbulletinen","tag-sjokkene","generate-columns","tablet-grid-50","mobile-grid-100","grid-parent","grid-33","resize-featured-image"],"yoast_head":"<!-- This site is optimized with the Yoast SEO plugin v24.4 - https:\/\/yoast.com\/wordpress\/plugins\/seo\/ -->\n<title>INGV-bulletinen etter sjokkene i Md 3.3 og 3.4 - Nordnesrepublikken<\/title>\n<meta name=\"robots\" content=\"index, follow, max-snippet:-1, max-image-preview:large, max-video-preview:-1\" \/>\n<link rel=\"canonical\" href=\"https:\/\/nordnesrepublikken.no\/index.php\/2026\/04\/15\/ingv-bulletinen-etter-sjokkene-i-md-3-3-og-3-4\/\" \/>\n<meta property=\"og:locale\" content=\"nb_NO\" \/>\n<meta property=\"og:type\" content=\"article\" \/>\n<meta property=\"og:title\" content=\"INGV-bulletinen etter sjokkene i Md 3.3 og 3.4 - Nordnesrepublikken\" \/>\n<meta property=\"og:description\" content=\"Til Phlegraean Fields der seismisitet g\u00e5 tilbake til vokse etter flere uker med relativ ro:\" \/>\n<meta property=\"og:url\" content=\"https:\/\/nordnesrepublikken.no\/index.php\/2026\/04\/15\/ingv-bulletinen-etter-sjokkene-i-md-3-3-og-3-4\/\" \/>\n<meta property=\"og:site_name\" content=\"Nordnesrepublikken\" \/>\n<meta property=\"article:published_time\" content=\"2026-04-15T05:37:03+00:00\" \/>\n<meta property=\"article:modified_time\" content=\"2026-04-15T05:37:06+00:00\" \/>\n<meta property=\"og:image\" content=\"https:\/\/nordnesrepublikken.no\/wp-content\/uploads\/2026\/04\/1776231425_INGV-bulletinen-etter-sjokkene-i-Md-33-og-34.jpg\" \/>\n\t<meta property=\"og:image:width\" content=\"1280\" \/>\n\t<meta property=\"og:image:height\" content=\"720\" \/>\n\t<meta property=\"og:image:type\" content=\"image\/jpeg\" \/>\n<meta name=\"author\" content=\"Ole Andersen\" \/>\n<meta name=\"twitter:card\" content=\"summary_large_image\" \/>\n<meta name=\"twitter:label1\" content=\"Skrevet av\" \/>\n\t<meta name=\"twitter:data1\" content=\"Ole Andersen\" \/>\n\t<meta name=\"twitter:label2\" content=\"Ansl. lesetid\" \/>\n\t<meta name=\"twitter:data2\" content=\"2 minutter\" \/>\n<script type=\"application\/ld+json\" class=\"yoast-schema-graph\">{\"@context\":\"https:\/\/schema.org\",\"@graph\":[{\"@type\":\"Article\",\"@id\":\"https:\/\/nordnesrepublikken.no\/index.php\/2026\/04\/15\/ingv-bulletinen-etter-sjokkene-i-md-3-3-og-3-4\/#article\",\"isPartOf\":{\"@id\":\"https:\/\/nordnesrepublikken.no\/index.php\/2026\/04\/15\/ingv-bulletinen-etter-sjokkene-i-md-3-3-og-3-4\/\"},\"author\":{\"name\":\"Ole Andersen\",\"@id\":\"https:\/\/nordnesrepublikken.no\/#\/schema\/person\/2e7e81935bab77882fffb79296240ff1\"},\"headline\":\"INGV-bulletinen etter sjokkene i Md 3.3 og 3.4\",\"datePublished\":\"2026-04-15T05:37:03+00:00\",\"dateModified\":\"2026-04-15T05:37:06+00:00\",\"mainEntityOfPage\":{\"@id\":\"https:\/\/nordnesrepublikken.no\/index.php\/2026\/04\/15\/ingv-bulletinen-etter-sjokkene-i-md-3-3-og-3-4\/\"},\"wordCount\":438,\"publisher\":{\"@id\":\"https:\/\/nordnesrepublikken.no\/#organization\"},\"image\":{\"@id\":\"https:\/\/nordnesrepublikken.no\/index.php\/2026\/04\/15\/ingv-bulletinen-etter-sjokkene-i-md-3-3-og-3-4\/#primaryimage\"},\"thumbnailUrl\":\"https:\/\/nordnesrepublikken.no\/wp-content\/uploads\/2026\/04\/1776231425_INGV-bulletinen-etter-sjokkene-i-Md-33-og-34.jpg\",\"keywords\":[\"Etter\",\"INGVbulletinen\",\"sjokkene\"],\"articleSection\":[\"Vitenskap\"],\"inLanguage\":\"nb-NO\"},{\"@type\":\"WebPage\",\"@id\":\"https:\/\/nordnesrepublikken.no\/index.php\/2026\/04\/15\/ingv-bulletinen-etter-sjokkene-i-md-3-3-og-3-4\/\",\"url\":\"https:\/\/nordnesrepublikken.no\/index.php\/2026\/04\/15\/ingv-bulletinen-etter-sjokkene-i-md-3-3-og-3-4\/\",\"name\":\"INGV-bulletinen etter sjokkene i Md 3.3 og 3.4 - Nordnesrepublikken\",\"isPartOf\":{\"@id\":\"https:\/\/nordnesrepublikken.no\/#website\"},\"primaryImageOfPage\":{\"@id\":\"https:\/\/nordnesrepublikken.no\/index.php\/2026\/04\/15\/ingv-bulletinen-etter-sjokkene-i-md-3-3-og-3-4\/#primaryimage\"},\"image\":{\"@id\":\"https:\/\/nordnesrepublikken.no\/index.php\/2026\/04\/15\/ingv-bulletinen-etter-sjokkene-i-md-3-3-og-3-4\/#primaryimage\"},\"thumbnailUrl\":\"https:\/\/nordnesrepublikken.no\/wp-content\/uploads\/2026\/04\/1776231425_INGV-bulletinen-etter-sjokkene-i-Md-33-og-34.jpg\",\"datePublished\":\"2026-04-15T05:37:03+00:00\",\"dateModified\":\"2026-04-15T05:37:06+00:00\",\"breadcrumb\":{\"@id\":\"https:\/\/nordnesrepublikken.no\/index.php\/2026\/04\/15\/ingv-bulletinen-etter-sjokkene-i-md-3-3-og-3-4\/#breadcrumb\"},\"inLanguage\":\"nb-NO\",\"potentialAction\":[{\"@type\":\"ReadAction\",\"target\":[\"https:\/\/nordnesrepublikken.no\/index.php\/2026\/04\/15\/ingv-bulletinen-etter-sjokkene-i-md-3-3-og-3-4\/\"]}]},{\"@type\":\"ImageObject\",\"inLanguage\":\"nb-NO\",\"@id\":\"https:\/\/nordnesrepublikken.no\/index.php\/2026\/04\/15\/ingv-bulletinen-etter-sjokkene-i-md-3-3-og-3-4\/#primaryimage\",\"url\":\"https:\/\/nordnesrepublikken.no\/wp-content\/uploads\/2026\/04\/1776231425_INGV-bulletinen-etter-sjokkene-i-Md-33-og-34.jpg\",\"contentUrl\":\"https:\/\/nordnesrepublikken.no\/wp-content\/uploads\/2026\/04\/1776231425_INGV-bulletinen-etter-sjokkene-i-Md-33-og-34.jpg\",\"width\":1280,\"height\":720,\"caption\":\"INGV-bulletinen etter sjokkene i Md 3.3 og 3.4\"},{\"@type\":\"BreadcrumbList\",\"@id\":\"https:\/\/nordnesrepublikken.no\/index.php\/2026\/04\/15\/ingv-bulletinen-etter-sjokkene-i-md-3-3-og-3-4\/#breadcrumb\",\"itemListElement\":[{\"@type\":\"ListItem\",\"position\":1,\"name\":\"Home\",\"item\":\"https:\/\/nordnesrepublikken.no\/\"},{\"@type\":\"ListItem\",\"position\":2,\"name\":\"INGV-bulletinen etter sjokkene i Md 3.3 og 3.4\"}]},{\"@type\":\"WebSite\",\"@id\":\"https:\/\/nordnesrepublikken.no\/#website\",\"url\":\"https:\/\/nordnesrepublikken.no\/\",\"name\":\"Nordnesrepublikken\",\"description\":\"Stemmer og Visjoner fra Republikkens Hjerte\",\"publisher\":{\"@id\":\"https:\/\/nordnesrepublikken.no\/#organization\"},\"potentialAction\":[{\"@type\":\"SearchAction\",\"target\":{\"@type\":\"EntryPoint\",\"urlTemplate\":\"https:\/\/nordnesrepublikken.no\/?s={search_term_string}\"},\"query-input\":{\"@type\":\"PropertyValueSpecification\",\"valueRequired\":true,\"valueName\":\"search_term_string\"}}],\"inLanguage\":\"nb-NO\"},{\"@type\":\"Organization\",\"@id\":\"https:\/\/nordnesrepublikken.no\/#organization\",\"name\":\"Nordnesrepublikken\",\"url\":\"https:\/\/nordnesrepublikken.no\/\",\"logo\":{\"@type\":\"ImageObject\",\"inLanguage\":\"nb-NO\",\"@id\":\"https:\/\/nordnesrepublikken.no\/#\/schema\/logo\/image\/\",\"url\":\"https:\/\/nordnesrepublikken.no\/wp-content\/uploads\/2025\/02\/cropped-nordnesrepublikken-2.png\",\"contentUrl\":\"https:\/\/nordnesrepublikken.no\/wp-content\/uploads\/2025\/02\/cropped-nordnesrepublikken-2.png\",\"width\":1248,\"height\":362,\"caption\":\"Nordnesrepublikken\"},\"image\":{\"@id\":\"https:\/\/nordnesrepublikken.no\/#\/schema\/logo\/image\/\"}},{\"@type\":\"Person\",\"@id\":\"https:\/\/nordnesrepublikken.no\/#\/schema\/person\/2e7e81935bab77882fffb79296240ff1\",\"name\":\"Ole Andersen\",\"image\":{\"@type\":\"ImageObject\",\"inLanguage\":\"nb-NO\",\"@id\":\"https:\/\/nordnesrepublikken.no\/#\/schema\/person\/image\/\",\"url\":\"https:\/\/nordnesrepublikken.no\/wp-content\/uploads\/2025\/02\/nordnesrepublikken-2-2-150x150.jpg\",\"contentUrl\":\"https:\/\/nordnesrepublikken.no\/wp-content\/uploads\/2025\/02\/nordnesrepublikken-2-2-150x150.jpg\",\"caption\":\"Ole Andersen\"},\"description\":\"Ettersom jeg vokste opp i Oslo, har jeg alltid v\u00e6rt fascinert av ordenes kraft og deres evne til \u00e5 skape endringer. Etter \u00e5 ha fullf\u00f8rt min utdannelse i kommunikasjon ved Universitetet i Bergen, fikk jeg muligheten til \u00e5 jobbe innen ulike medier, der jeg har s\u00f8kt \u00e5 belyse viktige samfunnssp\u00f8rsm\u00e5l. I dag, som redakt\u00f8r for Nordnesrepublikken, pr\u00f8ver jeg \u00e5 forene min kj\u00e6rlighet for journalistikk med min lidenskap for innovasjon og eventyr.\",\"sameAs\":[\"https:\/\/nordnesrepublikken.no\/\"]}]}<\/script>\n<!-- \/ Yoast SEO plugin. -->","yoast_head_json":{"title":"INGV-bulletinen etter sjokkene i Md 3.3 og 3.4 - Nordnesrepublikken","robots":{"index":"index","follow":"follow","max-snippet":"max-snippet:-1","max-image-preview":"max-image-preview:large","max-video-preview":"max-video-preview:-1"},"canonical":"https:\/\/nordnesrepublikken.no\/index.php\/2026\/04\/15\/ingv-bulletinen-etter-sjokkene-i-md-3-3-og-3-4\/","og_locale":"nb_NO","og_type":"article","og_title":"INGV-bulletinen etter sjokkene i Md 3.3 og 3.4 - Nordnesrepublikken","og_description":"Til Phlegraean Fields der seismisitet g\u00e5 tilbake til vokse etter flere uker med relativ ro:","og_url":"https:\/\/nordnesrepublikken.no\/index.php\/2026\/04\/15\/ingv-bulletinen-etter-sjokkene-i-md-3-3-og-3-4\/","og_site_name":"Nordnesrepublikken","article_published_time":"2026-04-15T05:37:03+00:00","article_modified_time":"2026-04-15T05:37:06+00:00","og_image":[{"width":1280,"height":720,"url":"https:\/\/nordnesrepublikken.no\/wp-content\/uploads\/2026\/04\/1776231425_INGV-bulletinen-etter-sjokkene-i-Md-33-og-34.jpg","type":"image\/jpeg"}],"author":"Ole Andersen","twitter_card":"summary_large_image","twitter_misc":{"Skrevet av":"Ole Andersen","Ansl. lesetid":"2 minutter"},"schema":{"@context":"https:\/\/schema.org","@graph":[{"@type":"Article","@id":"https:\/\/nordnesrepublikken.no\/index.php\/2026\/04\/15\/ingv-bulletinen-etter-sjokkene-i-md-3-3-og-3-4\/#article","isPartOf":{"@id":"https:\/\/nordnesrepublikken.no\/index.php\/2026\/04\/15\/ingv-bulletinen-etter-sjokkene-i-md-3-3-og-3-4\/"},"author":{"name":"Ole Andersen","@id":"https:\/\/nordnesrepublikken.no\/#\/schema\/person\/2e7e81935bab77882fffb79296240ff1"},"headline":"INGV-bulletinen etter sjokkene i Md 3.3 og 3.4","datePublished":"2026-04-15T05:37:03+00:00","dateModified":"2026-04-15T05:37:06+00:00","mainEntityOfPage":{"@id":"https:\/\/nordnesrepublikken.no\/index.php\/2026\/04\/15\/ingv-bulletinen-etter-sjokkene-i-md-3-3-og-3-4\/"},"wordCount":438,"publisher":{"@id":"https:\/\/nordnesrepublikken.no\/#organization"},"image":{"@id":"https:\/\/nordnesrepublikken.no\/index.php\/2026\/04\/15\/ingv-bulletinen-etter-sjokkene-i-md-3-3-og-3-4\/#primaryimage"},"thumbnailUrl":"https:\/\/nordnesrepublikken.no\/wp-content\/uploads\/2026\/04\/1776231425_INGV-bulletinen-etter-sjokkene-i-Md-33-og-34.jpg","keywords":["Etter","INGVbulletinen","sjokkene"],"articleSection":["Vitenskap"],"inLanguage":"nb-NO"},{"@type":"WebPage","@id":"https:\/\/nordnesrepublikken.no\/index.php\/2026\/04\/15\/ingv-bulletinen-etter-sjokkene-i-md-3-3-og-3-4\/","url":"https:\/\/nordnesrepublikken.no\/index.php\/2026\/04\/15\/ingv-bulletinen-etter-sjokkene-i-md-3-3-og-3-4\/","name":"INGV-bulletinen etter sjokkene i Md 3.3 og 3.4 - Nordnesrepublikken","isPartOf":{"@id":"https:\/\/nordnesrepublikken.no\/#website"},"primaryImageOfPage":{"@id":"https:\/\/nordnesrepublikken.no\/index.php\/2026\/04\/15\/ingv-bulletinen-etter-sjokkene-i-md-3-3-og-3-4\/#primaryimage"},"image":{"@id":"https:\/\/nordnesrepublikken.no\/index.php\/2026\/04\/15\/ingv-bulletinen-etter-sjokkene-i-md-3-3-og-3-4\/#primaryimage"},"thumbnailUrl":"https:\/\/nordnesrepublikken.no\/wp-content\/uploads\/2026\/04\/1776231425_INGV-bulletinen-etter-sjokkene-i-Md-33-og-34.jpg","datePublished":"2026-04-15T05:37:03+00:00","dateModified":"2026-04-15T05:37:06+00:00","breadcrumb":{"@id":"https:\/\/nordnesrepublikken.no\/index.php\/2026\/04\/15\/ingv-bulletinen-etter-sjokkene-i-md-3-3-og-3-4\/#breadcrumb"},"inLanguage":"nb-NO","potentialAction":[{"@type":"ReadAction","target":["https:\/\/nordnesrepublikken.no\/index.php\/2026\/04\/15\/ingv-bulletinen-etter-sjokkene-i-md-3-3-og-3-4\/"]}]},{"@type":"ImageObject","inLanguage":"nb-NO","@id":"https:\/\/nordnesrepublikken.no\/index.php\/2026\/04\/15\/ingv-bulletinen-etter-sjokkene-i-md-3-3-og-3-4\/#primaryimage","url":"https:\/\/nordnesrepublikken.no\/wp-content\/uploads\/2026\/04\/1776231425_INGV-bulletinen-etter-sjokkene-i-Md-33-og-34.jpg","contentUrl":"https:\/\/nordnesrepublikken.no\/wp-content\/uploads\/2026\/04\/1776231425_INGV-bulletinen-etter-sjokkene-i-Md-33-og-34.jpg","width":1280,"height":720,"caption":"INGV-bulletinen etter sjokkene i Md 3.3 og 3.4"},{"@type":"BreadcrumbList","@id":"https:\/\/nordnesrepublikken.no\/index.php\/2026\/04\/15\/ingv-bulletinen-etter-sjokkene-i-md-3-3-og-3-4\/#breadcrumb","itemListElement":[{"@type":"ListItem","position":1,"name":"Home","item":"https:\/\/nordnesrepublikken.no\/"},{"@type":"ListItem","position":2,"name":"INGV-bulletinen etter sjokkene i Md 3.3 og 3.4"}]},{"@type":"WebSite","@id":"https:\/\/nordnesrepublikken.no\/#website","url":"https:\/\/nordnesrepublikken.no\/","name":"Nordnesrepublikken","description":"Stemmer og Visjoner fra Republikkens Hjerte","publisher":{"@id":"https:\/\/nordnesrepublikken.no\/#organization"},"potentialAction":[{"@type":"SearchAction","target":{"@type":"EntryPoint","urlTemplate":"https:\/\/nordnesrepublikken.no\/?s={search_term_string}"},"query-input":{"@type":"PropertyValueSpecification","valueRequired":true,"valueName":"search_term_string"}}],"inLanguage":"nb-NO"},{"@type":"Organization","@id":"https:\/\/nordnesrepublikken.no\/#organization","name":"Nordnesrepublikken","url":"https:\/\/nordnesrepublikken.no\/","logo":{"@type":"ImageObject","inLanguage":"nb-NO","@id":"https:\/\/nordnesrepublikken.no\/#\/schema\/logo\/image\/","url":"https:\/\/nordnesrepublikken.no\/wp-content\/uploads\/2025\/02\/cropped-nordnesrepublikken-2.png","contentUrl":"https:\/\/nordnesrepublikken.no\/wp-content\/uploads\/2025\/02\/cropped-nordnesrepublikken-2.png","width":1248,"height":362,"caption":"Nordnesrepublikken"},"image":{"@id":"https:\/\/nordnesrepublikken.no\/#\/schema\/logo\/image\/"}},{"@type":"Person","@id":"https:\/\/nordnesrepublikken.no\/#\/schema\/person\/2e7e81935bab77882fffb79296240ff1","name":"Ole Andersen","image":{"@type":"ImageObject","inLanguage":"nb-NO","@id":"https:\/\/nordnesrepublikken.no\/#\/schema\/person\/image\/","url":"https:\/\/nordnesrepublikken.no\/wp-content\/uploads\/2025\/02\/nordnesrepublikken-2-2-150x150.jpg","contentUrl":"https:\/\/nordnesrepublikken.no\/wp-content\/uploads\/2025\/02\/nordnesrepublikken-2-2-150x150.jpg","caption":"Ole Andersen"},"description":"Ettersom jeg vokste opp i Oslo, har jeg alltid v\u00e6rt fascinert av ordenes kraft og deres evne til \u00e5 skape endringer. Etter \u00e5 ha fullf\u00f8rt min utdannelse i kommunikasjon ved Universitetet i Bergen, fikk jeg muligheten til \u00e5 jobbe innen ulike medier, der jeg har s\u00f8kt \u00e5 belyse viktige samfunnssp\u00f8rsm\u00e5l. I dag, som redakt\u00f8r for Nordnesrepublikken, pr\u00f8ver jeg \u00e5 forene min kj\u00e6rlighet for journalistikk med min lidenskap for innovasjon og eventyr.","sameAs":["https:\/\/nordnesrepublikken.no\/"]}]}},"_links":{"self":[{"href":"https:\/\/nordnesrepublikken.no\/index.php\/wp-json\/wp\/v2\/posts\/16981","targetHints":{"allow":["GET"]}}],"collection":[{"href":"https:\/\/nordnesrepublikken.no\/index.php\/wp-json\/wp\/v2\/posts"}],"about":[{"href":"https:\/\/nordnesrepublikken.no\/index.php\/wp-json\/wp\/v2\/types\/post"}],"author":[{"embeddable":true,"href":"https:\/\/nordnesrepublikken.no\/index.php\/wp-json\/wp\/v2\/users\/1"}],"replies":[{"embeddable":true,"href":"https:\/\/nordnesrepublikken.no\/index.php\/wp-json\/wp\/v2\/comments?post=16981"}],"version-history":[{"count":1,"href":"https:\/\/nordnesrepublikken.no\/index.php\/wp-json\/wp\/v2\/posts\/16981\/revisions"}],"predecessor-version":[{"id":16983,"href":"https:\/\/nordnesrepublikken.no\/index.php\/wp-json\/wp\/v2\/posts\/16981\/revisions\/16983"}],"wp:featuredmedia":[{"embeddable":true,"href":"https:\/\/nordnesrepublikken.no\/index.php\/wp-json\/wp\/v2\/media\/16982"}],"wp:attachment":[{"href":"https:\/\/nordnesrepublikken.no\/index.php\/wp-json\/wp\/v2\/media?parent=16981"}],"wp:term":[{"taxonomy":"category","embeddable":true,"href":"https:\/\/nordnesrepublikken.no\/index.php\/wp-json\/wp\/v2\/categories?post=16981"},{"taxonomy":"post_tag","embeddable":true,"href":"https:\/\/nordnesrepublikken.no\/index.php\/wp-json\/wp\/v2\/tags?post=16981"}],"curies":[{"name":"wp","href":"https:\/\/api.w.org\/{rel}","templated":true}]}}