{"id":16972,"date":"2026-04-14T18:22:06","date_gmt":"2026-04-14T16:22:06","guid":{"rendered":"https:\/\/nordnesrepublikken.no\/index.php\/2026\/04\/14\/jordskjelv-pa-sicilia-med-styrke-37-episenter-i-havet-33-km-fra-mazara-del-vallo\/"},"modified":"2026-04-14T18:22:09","modified_gmt":"2026-04-14T16:22:09","slug":"jordskjelv-pa-sicilia-med-styrke-37-episenter-i-havet-33-km-fra-mazara-del-vallo","status":"publish","type":"post","link":"https:\/\/nordnesrepublikken.no\/index.php\/2026\/04\/14\/jordskjelv-pa-sicilia-med-styrke-37-episenter-i-havet-33-km-fra-mazara-del-vallo\/","title":{"rendered":"Jordskjelv p\u00e5 Sicilia med styrke 3,7, episenter i havet 33 km fra Mazara del Vallo"},"content":{"rendered":"<div>\n<div class=\"cp_wrapper cp_wrapper--fw mb-30 mb-20@tablet\">\n<figure class=\"mm\"><picture class=\"img\" style=\"padding-top:56.25%\"><source  media=\"(min-width: 1024px)\"><source  media=\"(min-width: 768px)\"><\/source><\/source><\/picture><\/figure>\n<\/p><\/div>\n<p>Et sjokk av <strong>jordskjelv<\/strong> Av <strong>styrke 3,7<\/strong> treffer <strong>kyst<\/strong> s\u00f8rvest for<strong> Sicilia,<\/strong> I dag <b>14. april <\/b>p\u00e5 timer <strong>17.08<\/strong>. I f\u00f8lge det som ble registrert av INGV, var episenteret lokalisert i havet, omtrent 33 km fra kysten av <strong>Mazara del Vallo<\/strong>i provinsen<strong> Trapani<\/strong>. Hyposenteret ble imidlertid knapt oppdaget<strong> 5 km dyp<\/strong>.<\/p>\n<p>Det er forel\u00f8pig ikke klart om jordskjelvet ble f\u00f8lt av befolkningen. For \u00f8yeblikket derimot,<strong> ingen spesiell skade ble rapportert<\/strong> til bygninger eller mennesker.<\/p>\n<p>Fra et geologisk synspunkt er Sicilia klassifisert som en annonsesone<strong> h\u00f8y seismisk risiko<\/strong>p\u00e5 grunn av<strong> sammenst\u00f8t mellom to tektoniske plater<\/strong>: den afrikanske og den eurasiske. Dette sammenst\u00f8tet genererer komplekse forkastningssystemer som over tid kan gi opphav til sv\u00e6rt intense jordskjelv. Kartet nedenfor, utgitt av INGV, viser alle rystelsene registrert i omr\u00e5det med dagens episenter fra 1985 til i dag.<\/p>\n<div class=\"cp_wrapper cp_wrapper--fw mb-50\">\n<figure class=\"mm\"><picture class=\"img\" style=\"padding-top:115.08333333333%\"><source  media=\"(min-width: 1024px)\"><source  media=\"(min-width: 768px)\"><img decoding=\"async\" loading=\"lazy\" src=\"https:\/\/nordnesrepublikken.no\/wp-content\/uploads\/2026\/04\/Jordskjelv-pa-Sicilia-med-styrke-37-episenter-i-havet-33.jpeg\" alt=\"Seismisitet p\u00e5 Sicilia\" width=\"1200\" height=\"1381\"\/><\/source><\/source><\/picture><\/figure>\n<\/p><\/div>\n<p><em>Artikkelen oppdateres.<\/em><\/p>\n<\/p><\/div>\n","protected":false},"excerpt":{"rendered":"<p>Et sjokk av jordskjelv Av styrke 3,7 treffer kyst s\u00f8rvest for Sicilia, I dag 14.<\/p>\n","protected":false},"author":1,"featured_media":16973,"comment_status":"closed","ping_status":"open","sticky":false,"template":"","format":"standard","meta":{"footnotes":""},"categories":[24],"tags":[87,2076,125,1255,137,10963,79,81,82,6954,10964],"class_list":["post-16972","post","type-post","status-publish","format-standard","has-post-thumbnail","hentry","category-vitenskap","tag-del","tag-episenter","tag-fra","tag-havet","tag-jordskjelv","tag-mazara","tag-med","tag-pa","tag-sicilia","tag-styrke","tag-vallo","generate-columns","tablet-grid-50","mobile-grid-100","grid-parent","grid-33","resize-featured-image"],"yoast_head":"<!-- This site is optimized with the Yoast SEO plugin v24.4 - https:\/\/yoast.com\/wordpress\/plugins\/seo\/ -->\n<title>Jordskjelv p\u00e5 Sicilia med styrke 3,7, episenter i havet 33 km fra Mazara del Vallo - Nordnesrepublikken<\/title>\n<meta name=\"robots\" content=\"index, follow, max-snippet:-1, max-image-preview:large, max-video-preview:-1\" \/>\n<link rel=\"canonical\" href=\"https:\/\/nordnesrepublikken.no\/index.php\/2026\/04\/14\/jordskjelv-pa-sicilia-med-styrke-37-episenter-i-havet-33-km-fra-mazara-del-vallo\/\" \/>\n<meta property=\"og:locale\" content=\"nb_NO\" \/>\n<meta property=\"og:type\" content=\"article\" \/>\n<meta property=\"og:title\" content=\"Jordskjelv p\u00e5 Sicilia med styrke 3,7, episenter i havet 33 km fra Mazara del Vallo - Nordnesrepublikken\" \/>\n<meta property=\"og:description\" content=\"Et sjokk av jordskjelv Av styrke 3,7 treffer kyst s\u00f8rvest for Sicilia, I dag 14.\" \/>\n<meta property=\"og:url\" content=\"https:\/\/nordnesrepublikken.no\/index.php\/2026\/04\/14\/jordskjelv-pa-sicilia-med-styrke-37-episenter-i-havet-33-km-fra-mazara-del-vallo\/\" \/>\n<meta property=\"og:site_name\" content=\"Nordnesrepublikken\" \/>\n<meta property=\"article:published_time\" content=\"2026-04-14T16:22:06+00:00\" \/>\n<meta property=\"article:modified_time\" content=\"2026-04-14T16:22:09+00:00\" \/>\n<meta property=\"og:image\" content=\"https:\/\/nordnesrepublikken.no\/wp-content\/uploads\/2026\/04\/1776183729_Jordskjelv-pa-Sicilia-med-styrke-37-episenter-i-havet-33.jpg\" \/>\n\t<meta property=\"og:image:width\" content=\"1280\" \/>\n\t<meta property=\"og:image:height\" content=\"720\" \/>\n\t<meta property=\"og:image:type\" content=\"image\/jpeg\" \/>\n<meta name=\"author\" content=\"Ole Andersen\" \/>\n<meta name=\"twitter:card\" content=\"summary_large_image\" \/>\n<meta name=\"twitter:label1\" content=\"Skrevet av\" \/>\n\t<meta name=\"twitter:data1\" content=\"Ole Andersen\" \/>\n\t<meta name=\"twitter:label2\" content=\"Ansl. lesetid\" \/>\n\t<meta name=\"twitter:data2\" content=\"1 minutt\" \/>\n<script type=\"application\/ld+json\" class=\"yoast-schema-graph\">{\"@context\":\"https:\/\/schema.org\",\"@graph\":[{\"@type\":\"Article\",\"@id\":\"https:\/\/nordnesrepublikken.no\/index.php\/2026\/04\/14\/jordskjelv-pa-sicilia-med-styrke-37-episenter-i-havet-33-km-fra-mazara-del-vallo\/#article\",\"isPartOf\":{\"@id\":\"https:\/\/nordnesrepublikken.no\/index.php\/2026\/04\/14\/jordskjelv-pa-sicilia-med-styrke-37-episenter-i-havet-33-km-fra-mazara-del-vallo\/\"},\"author\":{\"name\":\"Ole Andersen\",\"@id\":\"https:\/\/nordnesrepublikken.no\/#\/schema\/person\/2e7e81935bab77882fffb79296240ff1\"},\"headline\":\"Jordskjelv p\u00e5 Sicilia med styrke 3,7, episenter i havet 33 km fra Mazara del Vallo\",\"datePublished\":\"2026-04-14T16:22:06+00:00\",\"dateModified\":\"2026-04-14T16:22:09+00:00\",\"mainEntityOfPage\":{\"@id\":\"https:\/\/nordnesrepublikken.no\/index.php\/2026\/04\/14\/jordskjelv-pa-sicilia-med-styrke-37-episenter-i-havet-33-km-fra-mazara-del-vallo\/\"},\"wordCount\":151,\"publisher\":{\"@id\":\"https:\/\/nordnesrepublikken.no\/#organization\"},\"image\":{\"@id\":\"https:\/\/nordnesrepublikken.no\/index.php\/2026\/04\/14\/jordskjelv-pa-sicilia-med-styrke-37-episenter-i-havet-33-km-fra-mazara-del-vallo\/#primaryimage\"},\"thumbnailUrl\":\"https:\/\/nordnesrepublikken.no\/wp-content\/uploads\/2026\/04\/1776183729_Jordskjelv-pa-Sicilia-med-styrke-37-episenter-i-havet-33.jpg\",\"keywords\":[\"del\",\"episenter\",\"fra\",\"havet\",\"Jordskjelv\",\"Mazara\",\"med\",\"p\u00e5\",\"Sicilia\",\"styrke\",\"Vallo\"],\"articleSection\":[\"Vitenskap\"],\"inLanguage\":\"nb-NO\"},{\"@type\":\"WebPage\",\"@id\":\"https:\/\/nordnesrepublikken.no\/index.php\/2026\/04\/14\/jordskjelv-pa-sicilia-med-styrke-37-episenter-i-havet-33-km-fra-mazara-del-vallo\/\",\"url\":\"https:\/\/nordnesrepublikken.no\/index.php\/2026\/04\/14\/jordskjelv-pa-sicilia-med-styrke-37-episenter-i-havet-33-km-fra-mazara-del-vallo\/\",\"name\":\"Jordskjelv p\u00e5 Sicilia med styrke 3,7, episenter i havet 33 km fra Mazara del Vallo - Nordnesrepublikken\",\"isPartOf\":{\"@id\":\"https:\/\/nordnesrepublikken.no\/#website\"},\"primaryImageOfPage\":{\"@id\":\"https:\/\/nordnesrepublikken.no\/index.php\/2026\/04\/14\/jordskjelv-pa-sicilia-med-styrke-37-episenter-i-havet-33-km-fra-mazara-del-vallo\/#primaryimage\"},\"image\":{\"@id\":\"https:\/\/nordnesrepublikken.no\/index.php\/2026\/04\/14\/jordskjelv-pa-sicilia-med-styrke-37-episenter-i-havet-33-km-fra-mazara-del-vallo\/#primaryimage\"},\"thumbnailUrl\":\"https:\/\/nordnesrepublikken.no\/wp-content\/uploads\/2026\/04\/1776183729_Jordskjelv-pa-Sicilia-med-styrke-37-episenter-i-havet-33.jpg\",\"datePublished\":\"2026-04-14T16:22:06+00:00\",\"dateModified\":\"2026-04-14T16:22:09+00:00\",\"breadcrumb\":{\"@id\":\"https:\/\/nordnesrepublikken.no\/index.php\/2026\/04\/14\/jordskjelv-pa-sicilia-med-styrke-37-episenter-i-havet-33-km-fra-mazara-del-vallo\/#breadcrumb\"},\"inLanguage\":\"nb-NO\",\"potentialAction\":[{\"@type\":\"ReadAction\",\"target\":[\"https:\/\/nordnesrepublikken.no\/index.php\/2026\/04\/14\/jordskjelv-pa-sicilia-med-styrke-37-episenter-i-havet-33-km-fra-mazara-del-vallo\/\"]}]},{\"@type\":\"ImageObject\",\"inLanguage\":\"nb-NO\",\"@id\":\"https:\/\/nordnesrepublikken.no\/index.php\/2026\/04\/14\/jordskjelv-pa-sicilia-med-styrke-37-episenter-i-havet-33-km-fra-mazara-del-vallo\/#primaryimage\",\"url\":\"https:\/\/nordnesrepublikken.no\/wp-content\/uploads\/2026\/04\/1776183729_Jordskjelv-pa-Sicilia-med-styrke-37-episenter-i-havet-33.jpg\",\"contentUrl\":\"https:\/\/nordnesrepublikken.no\/wp-content\/uploads\/2026\/04\/1776183729_Jordskjelv-pa-Sicilia-med-styrke-37-episenter-i-havet-33.jpg\",\"width\":1280,\"height\":720,\"caption\":\"Jordskjelv p\u00e5 Sicilia med styrke 3,7, episenter i havet 33 km fra Mazara del Vallo\"},{\"@type\":\"BreadcrumbList\",\"@id\":\"https:\/\/nordnesrepublikken.no\/index.php\/2026\/04\/14\/jordskjelv-pa-sicilia-med-styrke-37-episenter-i-havet-33-km-fra-mazara-del-vallo\/#breadcrumb\",\"itemListElement\":[{\"@type\":\"ListItem\",\"position\":1,\"name\":\"Home\",\"item\":\"https:\/\/nordnesrepublikken.no\/\"},{\"@type\":\"ListItem\",\"position\":2,\"name\":\"Jordskjelv p\u00e5 Sicilia med styrke 3,7, episenter i havet 33 km fra Mazara del Vallo\"}]},{\"@type\":\"WebSite\",\"@id\":\"https:\/\/nordnesrepublikken.no\/#website\",\"url\":\"https:\/\/nordnesrepublikken.no\/\",\"name\":\"Nordnesrepublikken\",\"description\":\"Stemmer og Visjoner fra Republikkens Hjerte\",\"publisher\":{\"@id\":\"https:\/\/nordnesrepublikken.no\/#organization\"},\"potentialAction\":[{\"@type\":\"SearchAction\",\"target\":{\"@type\":\"EntryPoint\",\"urlTemplate\":\"https:\/\/nordnesrepublikken.no\/?s={search_term_string}\"},\"query-input\":{\"@type\":\"PropertyValueSpecification\",\"valueRequired\":true,\"valueName\":\"search_term_string\"}}],\"inLanguage\":\"nb-NO\"},{\"@type\":\"Organization\",\"@id\":\"https:\/\/nordnesrepublikken.no\/#organization\",\"name\":\"Nordnesrepublikken\",\"url\":\"https:\/\/nordnesrepublikken.no\/\",\"logo\":{\"@type\":\"ImageObject\",\"inLanguage\":\"nb-NO\",\"@id\":\"https:\/\/nordnesrepublikken.no\/#\/schema\/logo\/image\/\",\"url\":\"https:\/\/nordnesrepublikken.no\/wp-content\/uploads\/2025\/02\/cropped-nordnesrepublikken-2.png\",\"contentUrl\":\"https:\/\/nordnesrepublikken.no\/wp-content\/uploads\/2025\/02\/cropped-nordnesrepublikken-2.png\",\"width\":1248,\"height\":362,\"caption\":\"Nordnesrepublikken\"},\"image\":{\"@id\":\"https:\/\/nordnesrepublikken.no\/#\/schema\/logo\/image\/\"}},{\"@type\":\"Person\",\"@id\":\"https:\/\/nordnesrepublikken.no\/#\/schema\/person\/2e7e81935bab77882fffb79296240ff1\",\"name\":\"Ole Andersen\",\"image\":{\"@type\":\"ImageObject\",\"inLanguage\":\"nb-NO\",\"@id\":\"https:\/\/nordnesrepublikken.no\/#\/schema\/person\/image\/\",\"url\":\"https:\/\/nordnesrepublikken.no\/wp-content\/uploads\/2025\/02\/nordnesrepublikken-2-2-150x150.jpg\",\"contentUrl\":\"https:\/\/nordnesrepublikken.no\/wp-content\/uploads\/2025\/02\/nordnesrepublikken-2-2-150x150.jpg\",\"caption\":\"Ole Andersen\"},\"description\":\"Ettersom jeg vokste opp i Oslo, har jeg alltid v\u00e6rt fascinert av ordenes kraft og deres evne til \u00e5 skape endringer. Etter \u00e5 ha fullf\u00f8rt min utdannelse i kommunikasjon ved Universitetet i Bergen, fikk jeg muligheten til \u00e5 jobbe innen ulike medier, der jeg har s\u00f8kt \u00e5 belyse viktige samfunnssp\u00f8rsm\u00e5l. I dag, som redakt\u00f8r for Nordnesrepublikken, pr\u00f8ver jeg \u00e5 forene min kj\u00e6rlighet for journalistikk med min lidenskap for innovasjon og eventyr.\",\"sameAs\":[\"https:\/\/nordnesrepublikken.no\/\"]}]}<\/script>\n<!-- \/ Yoast SEO plugin. -->","yoast_head_json":{"title":"Jordskjelv p\u00e5 Sicilia med styrke 3,7, episenter i havet 33 km fra Mazara del Vallo - Nordnesrepublikken","robots":{"index":"index","follow":"follow","max-snippet":"max-snippet:-1","max-image-preview":"max-image-preview:large","max-video-preview":"max-video-preview:-1"},"canonical":"https:\/\/nordnesrepublikken.no\/index.php\/2026\/04\/14\/jordskjelv-pa-sicilia-med-styrke-37-episenter-i-havet-33-km-fra-mazara-del-vallo\/","og_locale":"nb_NO","og_type":"article","og_title":"Jordskjelv p\u00e5 Sicilia med styrke 3,7, episenter i havet 33 km fra Mazara del Vallo - Nordnesrepublikken","og_description":"Et sjokk av jordskjelv Av styrke 3,7 treffer kyst s\u00f8rvest for Sicilia, I dag 14.","og_url":"https:\/\/nordnesrepublikken.no\/index.php\/2026\/04\/14\/jordskjelv-pa-sicilia-med-styrke-37-episenter-i-havet-33-km-fra-mazara-del-vallo\/","og_site_name":"Nordnesrepublikken","article_published_time":"2026-04-14T16:22:06+00:00","article_modified_time":"2026-04-14T16:22:09+00:00","og_image":[{"width":1280,"height":720,"url":"https:\/\/nordnesrepublikken.no\/wp-content\/uploads\/2026\/04\/1776183729_Jordskjelv-pa-Sicilia-med-styrke-37-episenter-i-havet-33.jpg","type":"image\/jpeg"}],"author":"Ole Andersen","twitter_card":"summary_large_image","twitter_misc":{"Skrevet av":"Ole Andersen","Ansl. lesetid":"1 minutt"},"schema":{"@context":"https:\/\/schema.org","@graph":[{"@type":"Article","@id":"https:\/\/nordnesrepublikken.no\/index.php\/2026\/04\/14\/jordskjelv-pa-sicilia-med-styrke-37-episenter-i-havet-33-km-fra-mazara-del-vallo\/#article","isPartOf":{"@id":"https:\/\/nordnesrepublikken.no\/index.php\/2026\/04\/14\/jordskjelv-pa-sicilia-med-styrke-37-episenter-i-havet-33-km-fra-mazara-del-vallo\/"},"author":{"name":"Ole Andersen","@id":"https:\/\/nordnesrepublikken.no\/#\/schema\/person\/2e7e81935bab77882fffb79296240ff1"},"headline":"Jordskjelv p\u00e5 Sicilia med styrke 3,7, episenter i havet 33 km fra Mazara del Vallo","datePublished":"2026-04-14T16:22:06+00:00","dateModified":"2026-04-14T16:22:09+00:00","mainEntityOfPage":{"@id":"https:\/\/nordnesrepublikken.no\/index.php\/2026\/04\/14\/jordskjelv-pa-sicilia-med-styrke-37-episenter-i-havet-33-km-fra-mazara-del-vallo\/"},"wordCount":151,"publisher":{"@id":"https:\/\/nordnesrepublikken.no\/#organization"},"image":{"@id":"https:\/\/nordnesrepublikken.no\/index.php\/2026\/04\/14\/jordskjelv-pa-sicilia-med-styrke-37-episenter-i-havet-33-km-fra-mazara-del-vallo\/#primaryimage"},"thumbnailUrl":"https:\/\/nordnesrepublikken.no\/wp-content\/uploads\/2026\/04\/1776183729_Jordskjelv-pa-Sicilia-med-styrke-37-episenter-i-havet-33.jpg","keywords":["del","episenter","fra","havet","Jordskjelv","Mazara","med","p\u00e5","Sicilia","styrke","Vallo"],"articleSection":["Vitenskap"],"inLanguage":"nb-NO"},{"@type":"WebPage","@id":"https:\/\/nordnesrepublikken.no\/index.php\/2026\/04\/14\/jordskjelv-pa-sicilia-med-styrke-37-episenter-i-havet-33-km-fra-mazara-del-vallo\/","url":"https:\/\/nordnesrepublikken.no\/index.php\/2026\/04\/14\/jordskjelv-pa-sicilia-med-styrke-37-episenter-i-havet-33-km-fra-mazara-del-vallo\/","name":"Jordskjelv p\u00e5 Sicilia med styrke 3,7, episenter i havet 33 km fra Mazara del Vallo - Nordnesrepublikken","isPartOf":{"@id":"https:\/\/nordnesrepublikken.no\/#website"},"primaryImageOfPage":{"@id":"https:\/\/nordnesrepublikken.no\/index.php\/2026\/04\/14\/jordskjelv-pa-sicilia-med-styrke-37-episenter-i-havet-33-km-fra-mazara-del-vallo\/#primaryimage"},"image":{"@id":"https:\/\/nordnesrepublikken.no\/index.php\/2026\/04\/14\/jordskjelv-pa-sicilia-med-styrke-37-episenter-i-havet-33-km-fra-mazara-del-vallo\/#primaryimage"},"thumbnailUrl":"https:\/\/nordnesrepublikken.no\/wp-content\/uploads\/2026\/04\/1776183729_Jordskjelv-pa-Sicilia-med-styrke-37-episenter-i-havet-33.jpg","datePublished":"2026-04-14T16:22:06+00:00","dateModified":"2026-04-14T16:22:09+00:00","breadcrumb":{"@id":"https:\/\/nordnesrepublikken.no\/index.php\/2026\/04\/14\/jordskjelv-pa-sicilia-med-styrke-37-episenter-i-havet-33-km-fra-mazara-del-vallo\/#breadcrumb"},"inLanguage":"nb-NO","potentialAction":[{"@type":"ReadAction","target":["https:\/\/nordnesrepublikken.no\/index.php\/2026\/04\/14\/jordskjelv-pa-sicilia-med-styrke-37-episenter-i-havet-33-km-fra-mazara-del-vallo\/"]}]},{"@type":"ImageObject","inLanguage":"nb-NO","@id":"https:\/\/nordnesrepublikken.no\/index.php\/2026\/04\/14\/jordskjelv-pa-sicilia-med-styrke-37-episenter-i-havet-33-km-fra-mazara-del-vallo\/#primaryimage","url":"https:\/\/nordnesrepublikken.no\/wp-content\/uploads\/2026\/04\/1776183729_Jordskjelv-pa-Sicilia-med-styrke-37-episenter-i-havet-33.jpg","contentUrl":"https:\/\/nordnesrepublikken.no\/wp-content\/uploads\/2026\/04\/1776183729_Jordskjelv-pa-Sicilia-med-styrke-37-episenter-i-havet-33.jpg","width":1280,"height":720,"caption":"Jordskjelv p\u00e5 Sicilia med styrke 3,7, episenter i havet 33 km fra Mazara del Vallo"},{"@type":"BreadcrumbList","@id":"https:\/\/nordnesrepublikken.no\/index.php\/2026\/04\/14\/jordskjelv-pa-sicilia-med-styrke-37-episenter-i-havet-33-km-fra-mazara-del-vallo\/#breadcrumb","itemListElement":[{"@type":"ListItem","position":1,"name":"Home","item":"https:\/\/nordnesrepublikken.no\/"},{"@type":"ListItem","position":2,"name":"Jordskjelv p\u00e5 Sicilia med styrke 3,7, episenter i havet 33 km fra Mazara del Vallo"}]},{"@type":"WebSite","@id":"https:\/\/nordnesrepublikken.no\/#website","url":"https:\/\/nordnesrepublikken.no\/","name":"Nordnesrepublikken","description":"Stemmer og Visjoner fra Republikkens Hjerte","publisher":{"@id":"https:\/\/nordnesrepublikken.no\/#organization"},"potentialAction":[{"@type":"SearchAction","target":{"@type":"EntryPoint","urlTemplate":"https:\/\/nordnesrepublikken.no\/?s={search_term_string}"},"query-input":{"@type":"PropertyValueSpecification","valueRequired":true,"valueName":"search_term_string"}}],"inLanguage":"nb-NO"},{"@type":"Organization","@id":"https:\/\/nordnesrepublikken.no\/#organization","name":"Nordnesrepublikken","url":"https:\/\/nordnesrepublikken.no\/","logo":{"@type":"ImageObject","inLanguage":"nb-NO","@id":"https:\/\/nordnesrepublikken.no\/#\/schema\/logo\/image\/","url":"https:\/\/nordnesrepublikken.no\/wp-content\/uploads\/2025\/02\/cropped-nordnesrepublikken-2.png","contentUrl":"https:\/\/nordnesrepublikken.no\/wp-content\/uploads\/2025\/02\/cropped-nordnesrepublikken-2.png","width":1248,"height":362,"caption":"Nordnesrepublikken"},"image":{"@id":"https:\/\/nordnesrepublikken.no\/#\/schema\/logo\/image\/"}},{"@type":"Person","@id":"https:\/\/nordnesrepublikken.no\/#\/schema\/person\/2e7e81935bab77882fffb79296240ff1","name":"Ole Andersen","image":{"@type":"ImageObject","inLanguage":"nb-NO","@id":"https:\/\/nordnesrepublikken.no\/#\/schema\/person\/image\/","url":"https:\/\/nordnesrepublikken.no\/wp-content\/uploads\/2025\/02\/nordnesrepublikken-2-2-150x150.jpg","contentUrl":"https:\/\/nordnesrepublikken.no\/wp-content\/uploads\/2025\/02\/nordnesrepublikken-2-2-150x150.jpg","caption":"Ole Andersen"},"description":"Ettersom jeg vokste opp i Oslo, har jeg alltid v\u00e6rt fascinert av ordenes kraft og deres evne til \u00e5 skape endringer. Etter \u00e5 ha fullf\u00f8rt min utdannelse i kommunikasjon ved Universitetet i Bergen, fikk jeg muligheten til \u00e5 jobbe innen ulike medier, der jeg har s\u00f8kt \u00e5 belyse viktige samfunnssp\u00f8rsm\u00e5l. I dag, som redakt\u00f8r for Nordnesrepublikken, pr\u00f8ver jeg \u00e5 forene min kj\u00e6rlighet for journalistikk med min lidenskap for innovasjon og eventyr.","sameAs":["https:\/\/nordnesrepublikken.no\/"]}]}},"_links":{"self":[{"href":"https:\/\/nordnesrepublikken.no\/index.php\/wp-json\/wp\/v2\/posts\/16972","targetHints":{"allow":["GET"]}}],"collection":[{"href":"https:\/\/nordnesrepublikken.no\/index.php\/wp-json\/wp\/v2\/posts"}],"about":[{"href":"https:\/\/nordnesrepublikken.no\/index.php\/wp-json\/wp\/v2\/types\/post"}],"author":[{"embeddable":true,"href":"https:\/\/nordnesrepublikken.no\/index.php\/wp-json\/wp\/v2\/users\/1"}],"replies":[{"embeddable":true,"href":"https:\/\/nordnesrepublikken.no\/index.php\/wp-json\/wp\/v2\/comments?post=16972"}],"version-history":[{"count":1,"href":"https:\/\/nordnesrepublikken.no\/index.php\/wp-json\/wp\/v2\/posts\/16972\/revisions"}],"predecessor-version":[{"id":16974,"href":"https:\/\/nordnesrepublikken.no\/index.php\/wp-json\/wp\/v2\/posts\/16972\/revisions\/16974"}],"wp:featuredmedia":[{"embeddable":true,"href":"https:\/\/nordnesrepublikken.no\/index.php\/wp-json\/wp\/v2\/media\/16973"}],"wp:attachment":[{"href":"https:\/\/nordnesrepublikken.no\/index.php\/wp-json\/wp\/v2\/media?parent=16972"}],"wp:term":[{"taxonomy":"category","embeddable":true,"href":"https:\/\/nordnesrepublikken.no\/index.php\/wp-json\/wp\/v2\/categories?post=16972"},{"taxonomy":"post_tag","embeddable":true,"href":"https:\/\/nordnesrepublikken.no\/index.php\/wp-json\/wp\/v2\/tags?post=16972"}],"curies":[{"name":"wp","href":"https:\/\/api.w.org\/{rel}","templated":true}]}}