{"id":16966,"date":"2026-04-14T16:10:55","date_gmt":"2026-04-14T14:10:55","guid":{"rendered":"https:\/\/nordnesrepublikken.no\/index.php\/2026\/04\/14\/tid-og-sted-hvor-meldingen-hores-ut\/"},"modified":"2026-04-14T16:10:59","modified_gmt":"2026-04-14T14:10:59","slug":"tid-og-sted-hvor-meldingen-hores-ut","status":"publish","type":"post","link":"https:\/\/nordnesrepublikken.no\/index.php\/2026\/04\/14\/tid-og-sted-hvor-meldingen-hores-ut\/","title":{"rendered":"tid og sted hvor meldingen h\u00f8res ut"},"content":{"rendered":"<div>\n<div class=\"cp_wrapper cp_wrapper--fw mb-30 mb-20@tablet\">\n<figure class=\"mm\"><picture class=\"img\" style=\"padding-top:56.25%\"><source  media=\"(min-width: 1024px)\"><source  media=\"(min-width: 768px)\"><\/source><\/source><\/picture><\/figure>\n<\/p><\/div>\n<p>I morgen <strong>15. april<\/strong>p\u00e5 timer<strong> 10.30<\/strong>vil bli holdt p\u00e5 <strong>f\u00f8rst<\/strong> <strong>IT-Alert test<\/strong> av <strong>2026<\/strong>: Det nasjonale offentlige varslingssystemet vil bli aktivert i <strong>Calabria<\/strong>simulerer risikoen for <strong>stor industriulykke<\/strong>. Simuleringen vil spesifikt gjelde fabrikken<strong> Gargano gass<\/strong> Av <strong>Montalto Uffugo<\/strong>i provinsen <strong>Cosenza<\/strong>som involverer alle innbyggere som vil v\u00e6re inne p\u00e5 tidspunktet for testen<strong> 3 km radius<\/strong> rundt anlegget.<\/p>\n<p>Ogs\u00e5 i dette tilfellet vil alle mobiltelefoner som er koblet til mobiltelefoner i de ber\u00f8rte omr\u00e5dene motta en <strong>tekst- og lydvarsling,<\/strong> selv uten internettforbindelse.<\/p>\n<p>Siden 2024 har IT-Alert-systemet v\u00e6rt aktivt for fire risikoscenarier &#8211; atomulykker, industriulykker, kollaps av en stor demning og vulkansk aktivitet &#8211; mens det fortsatt p\u00e5g\u00e5r fors\u00f8k for tsunamier, vulkansk aktivitet i Stromboli og intens nedb\u00f8r. M\u00e5let med simuleringen 15. april er \u00e5 <strong>forbedre effektiviteten til systemet<\/strong> og, spesielt for industriell risiko og tillate et st\u00f8rre antall industrielle virksomheter <strong>\u00f8velse<\/strong> ens evne til \u00e5 svare i tilfelle <strong>n\u00f8dsituasjoner<\/strong>.<\/p>\n<h2>Hvor og n\u00e5r IT-Alert-testen vil lyde i Calabria<\/h2>\n<p>Testen av <strong>15. april 2026<\/strong> vil ber\u00f8re alle kommuner ved<strong> 3 km fra Gargano gassindustrianlegg<\/strong> i Montalto Uffugo, i provinsen Cosenza (Calabria): den spesifikke risikoen som simuleres er den for en betydelig industriulykke, med det mener vi \u00aben hendelse som f.eks. <strong>en utl\u00f8sning, brann eller eksplosjon<\/strong> av stor st\u00f8rrelse, p\u00e5 grunn av ukontrollert utvikling som skjer under aktiviteten til en industribedrift klassifisert som utsatt for storulykke i henhold til Seveso-direktivet og som gir opphav til en <strong>alvorlig fare<\/strong>umiddelbar eller utsatt, for menneskers helse og milj\u00f8et, i eller utenfor virksomheten\u00bb.<\/p>\n<p>Spesielt gir kalenderen at:<\/p>\n<ul>\n<li><strong>10.30<\/strong> \u2013 <strong>Test IT-Alert<\/strong> p\u00e5 grunn av en st\u00f8rre arbeidsulykke ved anlegget <strong>Gargano-gass fra Montalto Uffugo<\/strong> (CS). Kommunene innenfor 3 km fra industrianlegget er ber\u00f8rt. Teksten i varselet vil v\u00e6re som f\u00f8lger:<\/li>\n<\/ul>\n<blockquote>\n<p>TEST TEST IT-varsling testmelding. Det er i gang <strong>SIMULERING<\/strong> av en ulykke p\u00e5 et industrianlegg i omr\u00e5det der du befinner deg. For \u00e5 finne ut meldingen du vil motta i tilfelle reell fare og for \u00e5 fylle ut sp\u00f8rreskjemaet, g\u00e5 til www.it-alert.gov.it TEST TEST<\/p>\n<\/blockquote>\n<h2>Hva du skal gj\u00f8re n\u00e5r alarmmeldingen h\u00f8res p\u00e5 mobiltelefonen din<\/h2>\n<p>Som alle tidligere simuleringer, inneb\u00e6rer den f\u00f8rste i 2026 i Calabria ogs\u00e5 \u00e5 sende en tekstmelding ledsaget av en <strong>direkte lydalarm til alle smarttelefoner<\/strong> sl\u00e5tt p\u00e5 og koblet til cellene som dekker omr\u00e5dene som er ber\u00f8rt av de spesifikke risikoene som simuleres. Siden dette er en test, kreves det ingen p\u00e5f\u00f8lgende handling fra de involverte innbyggerne, og meldingene som sendes av IT-Alert-systemet krever ikke svar eller interaksjoner.<\/p>\n<p>Den som mottar varselet vil fortsatt kunne velge \u00e5 fylle ut en <strong>kort sp\u00f8rreskjema<\/strong> (valgfritt) \u00e5 rapportere om meldingen er mottatt riktig, gi en samlet tilbakemelding og dermed bidra til \u00e5 forbedre varslingssystemet med tanke p\u00e5 eventuelle fremtidige n\u00f8dsituasjoner.<\/p>\n<h2>Hvordan ville meldingen v\u00e6rt i tilfelle en reell ulykke i et industrianlegg<\/h2>\n<p>Montalto Uffugo IT-Alert-testen representerer derfor en simulering. I tilfelle av <strong>reell fare<\/strong> for en ulykke p\u00e5 et industrianlegg, vil mobiltelefoner i omr\u00e5der n\u00e6r de ber\u00f8rte anleggene motta en <strong>beskjed<\/strong> IT-varsler som dette:<\/p>\n<blockquote>\n<p><strong>Sivilbeskyttelsesalarm<\/strong> DD\/MM\/YY 00:00 &#8211; Ulykke i XYZ industrianlegg med tilstedev\u00e6relse av farlige stoffer, i XYZ kommune (PROVINS). <strong>FINN LY INNENd\u00f8rS OG IKKE G\u00c5 I N\u00c6RHETEN av systemet<\/strong>. Hold deg oppdatert og f\u00f8lg instruksjonene fra myndighetene.<\/p>\n<\/blockquote>\n<p>Imidlertid forblir det der <strong>mulighet<\/strong> at noen <strong>enheter mottar ikke meldingen<\/strong>til tross for at de er tilstede i omr\u00e5dene som er ber\u00f8rt av n\u00f8dssituasjonen: Dette skyldes grensene for cellekringkastingsteknologi, som det er umulig \u00e5 perfekt overlappe omr\u00e5det som potensielt er ber\u00f8rt av n\u00f8dssituasjonen med omr\u00e5det som dekkes av telefonoperat\u00f8renes antenner.<\/p>\n<\/p><\/div>\n","protected":false},"excerpt":{"rendered":"<p>I morgen 15. aprilp\u00e5 timer 10.30vil bli holdt p\u00e5 f\u00f8rst IT-Alert test av 2026: Det<\/p>\n","protected":false},"author":1,"featured_media":16967,"comment_status":"closed","ping_status":"open","sticky":false,"template":"","format":"standard","meta":{"footnotes":""},"categories":[25],"tags":[577,449,3047,494,636],"class_list":["post-16966","post","type-post","status-publish","format-standard","has-post-thumbnail","hentry","category-teknologi","tag-hores","tag-hvor","tag-meldingen","tag-sted","tag-tid","generate-columns","tablet-grid-50","mobile-grid-100","grid-parent","grid-33","resize-featured-image"],"yoast_head":"<!-- This site is optimized with the Yoast SEO plugin v24.4 - https:\/\/yoast.com\/wordpress\/plugins\/seo\/ -->\n<title>tid og sted hvor meldingen h\u00f8res ut - Nordnesrepublikken<\/title>\n<meta name=\"robots\" content=\"index, follow, max-snippet:-1, max-image-preview:large, max-video-preview:-1\" \/>\n<link rel=\"canonical\" href=\"https:\/\/nordnesrepublikken.no\/index.php\/2026\/04\/14\/tid-og-sted-hvor-meldingen-hores-ut\/\" \/>\n<meta property=\"og:locale\" content=\"nb_NO\" \/>\n<meta property=\"og:type\" content=\"article\" \/>\n<meta property=\"og:title\" content=\"tid og sted hvor meldingen h\u00f8res ut - Nordnesrepublikken\" \/>\n<meta property=\"og:description\" content=\"I morgen 15. aprilp\u00e5 timer 10.30vil bli holdt p\u00e5 f\u00f8rst IT-Alert test av 2026: Det\" \/>\n<meta property=\"og:url\" content=\"https:\/\/nordnesrepublikken.no\/index.php\/2026\/04\/14\/tid-og-sted-hvor-meldingen-hores-ut\/\" \/>\n<meta property=\"og:site_name\" content=\"Nordnesrepublikken\" \/>\n<meta property=\"article:published_time\" content=\"2026-04-14T14:10:55+00:00\" \/>\n<meta property=\"article:modified_time\" content=\"2026-04-14T14:10:59+00:00\" \/>\n<meta property=\"og:image\" content=\"https:\/\/nordnesrepublikken.no\/wp-content\/uploads\/2026\/04\/1776175857_tid-og-sted-hvor-meldingen-hores-ut-scaled.jpg\" \/>\n\t<meta property=\"og:image:width\" content=\"2560\" \/>\n\t<meta property=\"og:image:height\" content=\"1429\" \/>\n\t<meta property=\"og:image:type\" content=\"image\/jpeg\" \/>\n<meta name=\"author\" content=\"Ole Andersen\" \/>\n<meta name=\"twitter:card\" content=\"summary_large_image\" \/>\n<meta name=\"twitter:label1\" content=\"Skrevet av\" \/>\n\t<meta name=\"twitter:data1\" content=\"Ole Andersen\" \/>\n\t<meta name=\"twitter:label2\" content=\"Ansl. lesetid\" \/>\n\t<meta name=\"twitter:data2\" content=\"3 minutter\" \/>\n<script type=\"application\/ld+json\" class=\"yoast-schema-graph\">{\"@context\":\"https:\/\/schema.org\",\"@graph\":[{\"@type\":\"Article\",\"@id\":\"https:\/\/nordnesrepublikken.no\/index.php\/2026\/04\/14\/tid-og-sted-hvor-meldingen-hores-ut\/#article\",\"isPartOf\":{\"@id\":\"https:\/\/nordnesrepublikken.no\/index.php\/2026\/04\/14\/tid-og-sted-hvor-meldingen-hores-ut\/\"},\"author\":{\"name\":\"Ole Andersen\",\"@id\":\"https:\/\/nordnesrepublikken.no\/#\/schema\/person\/2e7e81935bab77882fffb79296240ff1\"},\"headline\":\"tid og sted hvor meldingen h\u00f8res ut\",\"datePublished\":\"2026-04-14T14:10:55+00:00\",\"dateModified\":\"2026-04-14T14:10:59+00:00\",\"mainEntityOfPage\":{\"@id\":\"https:\/\/nordnesrepublikken.no\/index.php\/2026\/04\/14\/tid-og-sted-hvor-meldingen-hores-ut\/\"},\"wordCount\":611,\"publisher\":{\"@id\":\"https:\/\/nordnesrepublikken.no\/#organization\"},\"image\":{\"@id\":\"https:\/\/nordnesrepublikken.no\/index.php\/2026\/04\/14\/tid-og-sted-hvor-meldingen-hores-ut\/#primaryimage\"},\"thumbnailUrl\":\"https:\/\/nordnesrepublikken.no\/wp-content\/uploads\/2026\/04\/1776175857_tid-og-sted-hvor-meldingen-hores-ut-scaled.jpg\",\"keywords\":[\"h\u00f8res\",\"hvor\",\"meldingen\",\"sted\",\"tid\"],\"articleSection\":[\"Teknologi\"],\"inLanguage\":\"nb-NO\"},{\"@type\":\"WebPage\",\"@id\":\"https:\/\/nordnesrepublikken.no\/index.php\/2026\/04\/14\/tid-og-sted-hvor-meldingen-hores-ut\/\",\"url\":\"https:\/\/nordnesrepublikken.no\/index.php\/2026\/04\/14\/tid-og-sted-hvor-meldingen-hores-ut\/\",\"name\":\"tid og sted hvor meldingen h\u00f8res ut - Nordnesrepublikken\",\"isPartOf\":{\"@id\":\"https:\/\/nordnesrepublikken.no\/#website\"},\"primaryImageOfPage\":{\"@id\":\"https:\/\/nordnesrepublikken.no\/index.php\/2026\/04\/14\/tid-og-sted-hvor-meldingen-hores-ut\/#primaryimage\"},\"image\":{\"@id\":\"https:\/\/nordnesrepublikken.no\/index.php\/2026\/04\/14\/tid-og-sted-hvor-meldingen-hores-ut\/#primaryimage\"},\"thumbnailUrl\":\"https:\/\/nordnesrepublikken.no\/wp-content\/uploads\/2026\/04\/1776175857_tid-og-sted-hvor-meldingen-hores-ut-scaled.jpg\",\"datePublished\":\"2026-04-14T14:10:55+00:00\",\"dateModified\":\"2026-04-14T14:10:59+00:00\",\"breadcrumb\":{\"@id\":\"https:\/\/nordnesrepublikken.no\/index.php\/2026\/04\/14\/tid-og-sted-hvor-meldingen-hores-ut\/#breadcrumb\"},\"inLanguage\":\"nb-NO\",\"potentialAction\":[{\"@type\":\"ReadAction\",\"target\":[\"https:\/\/nordnesrepublikken.no\/index.php\/2026\/04\/14\/tid-og-sted-hvor-meldingen-hores-ut\/\"]}]},{\"@type\":\"ImageObject\",\"inLanguage\":\"nb-NO\",\"@id\":\"https:\/\/nordnesrepublikken.no\/index.php\/2026\/04\/14\/tid-og-sted-hvor-meldingen-hores-ut\/#primaryimage\",\"url\":\"https:\/\/nordnesrepublikken.no\/wp-content\/uploads\/2026\/04\/1776175857_tid-og-sted-hvor-meldingen-hores-ut-scaled.jpg\",\"contentUrl\":\"https:\/\/nordnesrepublikken.no\/wp-content\/uploads\/2026\/04\/1776175857_tid-og-sted-hvor-meldingen-hores-ut-scaled.jpg\",\"width\":2560,\"height\":1429,\"caption\":\"tid og sted hvor meldingen h\u00f8res ut\"},{\"@type\":\"BreadcrumbList\",\"@id\":\"https:\/\/nordnesrepublikken.no\/index.php\/2026\/04\/14\/tid-og-sted-hvor-meldingen-hores-ut\/#breadcrumb\",\"itemListElement\":[{\"@type\":\"ListItem\",\"position\":1,\"name\":\"Home\",\"item\":\"https:\/\/nordnesrepublikken.no\/\"},{\"@type\":\"ListItem\",\"position\":2,\"name\":\"tid og sted hvor meldingen h\u00f8res ut\"}]},{\"@type\":\"WebSite\",\"@id\":\"https:\/\/nordnesrepublikken.no\/#website\",\"url\":\"https:\/\/nordnesrepublikken.no\/\",\"name\":\"Nordnesrepublikken\",\"description\":\"Stemmer og Visjoner fra Republikkens Hjerte\",\"publisher\":{\"@id\":\"https:\/\/nordnesrepublikken.no\/#organization\"},\"potentialAction\":[{\"@type\":\"SearchAction\",\"target\":{\"@type\":\"EntryPoint\",\"urlTemplate\":\"https:\/\/nordnesrepublikken.no\/?s={search_term_string}\"},\"query-input\":{\"@type\":\"PropertyValueSpecification\",\"valueRequired\":true,\"valueName\":\"search_term_string\"}}],\"inLanguage\":\"nb-NO\"},{\"@type\":\"Organization\",\"@id\":\"https:\/\/nordnesrepublikken.no\/#organization\",\"name\":\"Nordnesrepublikken\",\"url\":\"https:\/\/nordnesrepublikken.no\/\",\"logo\":{\"@type\":\"ImageObject\",\"inLanguage\":\"nb-NO\",\"@id\":\"https:\/\/nordnesrepublikken.no\/#\/schema\/logo\/image\/\",\"url\":\"https:\/\/nordnesrepublikken.no\/wp-content\/uploads\/2025\/02\/cropped-nordnesrepublikken-2.png\",\"contentUrl\":\"https:\/\/nordnesrepublikken.no\/wp-content\/uploads\/2025\/02\/cropped-nordnesrepublikken-2.png\",\"width\":1248,\"height\":362,\"caption\":\"Nordnesrepublikken\"},\"image\":{\"@id\":\"https:\/\/nordnesrepublikken.no\/#\/schema\/logo\/image\/\"}},{\"@type\":\"Person\",\"@id\":\"https:\/\/nordnesrepublikken.no\/#\/schema\/person\/2e7e81935bab77882fffb79296240ff1\",\"name\":\"Ole Andersen\",\"image\":{\"@type\":\"ImageObject\",\"inLanguage\":\"nb-NO\",\"@id\":\"https:\/\/nordnesrepublikken.no\/#\/schema\/person\/image\/\",\"url\":\"https:\/\/nordnesrepublikken.no\/wp-content\/uploads\/2025\/02\/nordnesrepublikken-2-2-150x150.jpg\",\"contentUrl\":\"https:\/\/nordnesrepublikken.no\/wp-content\/uploads\/2025\/02\/nordnesrepublikken-2-2-150x150.jpg\",\"caption\":\"Ole Andersen\"},\"description\":\"Ettersom jeg vokste opp i Oslo, har jeg alltid v\u00e6rt fascinert av ordenes kraft og deres evne til \u00e5 skape endringer. Etter \u00e5 ha fullf\u00f8rt min utdannelse i kommunikasjon ved Universitetet i Bergen, fikk jeg muligheten til \u00e5 jobbe innen ulike medier, der jeg har s\u00f8kt \u00e5 belyse viktige samfunnssp\u00f8rsm\u00e5l. I dag, som redakt\u00f8r for Nordnesrepublikken, pr\u00f8ver jeg \u00e5 forene min kj\u00e6rlighet for journalistikk med min lidenskap for innovasjon og eventyr.\",\"sameAs\":[\"https:\/\/nordnesrepublikken.no\/\"]}]}<\/script>\n<!-- \/ Yoast SEO plugin. -->","yoast_head_json":{"title":"tid og sted hvor meldingen h\u00f8res ut - Nordnesrepublikken","robots":{"index":"index","follow":"follow","max-snippet":"max-snippet:-1","max-image-preview":"max-image-preview:large","max-video-preview":"max-video-preview:-1"},"canonical":"https:\/\/nordnesrepublikken.no\/index.php\/2026\/04\/14\/tid-og-sted-hvor-meldingen-hores-ut\/","og_locale":"nb_NO","og_type":"article","og_title":"tid og sted hvor meldingen h\u00f8res ut - Nordnesrepublikken","og_description":"I morgen 15. aprilp\u00e5 timer 10.30vil bli holdt p\u00e5 f\u00f8rst IT-Alert test av 2026: Det","og_url":"https:\/\/nordnesrepublikken.no\/index.php\/2026\/04\/14\/tid-og-sted-hvor-meldingen-hores-ut\/","og_site_name":"Nordnesrepublikken","article_published_time":"2026-04-14T14:10:55+00:00","article_modified_time":"2026-04-14T14:10:59+00:00","og_image":[{"width":2560,"height":1429,"url":"https:\/\/nordnesrepublikken.no\/wp-content\/uploads\/2026\/04\/1776175857_tid-og-sted-hvor-meldingen-hores-ut-scaled.jpg","type":"image\/jpeg"}],"author":"Ole Andersen","twitter_card":"summary_large_image","twitter_misc":{"Skrevet av":"Ole Andersen","Ansl. lesetid":"3 minutter"},"schema":{"@context":"https:\/\/schema.org","@graph":[{"@type":"Article","@id":"https:\/\/nordnesrepublikken.no\/index.php\/2026\/04\/14\/tid-og-sted-hvor-meldingen-hores-ut\/#article","isPartOf":{"@id":"https:\/\/nordnesrepublikken.no\/index.php\/2026\/04\/14\/tid-og-sted-hvor-meldingen-hores-ut\/"},"author":{"name":"Ole Andersen","@id":"https:\/\/nordnesrepublikken.no\/#\/schema\/person\/2e7e81935bab77882fffb79296240ff1"},"headline":"tid og sted hvor meldingen h\u00f8res ut","datePublished":"2026-04-14T14:10:55+00:00","dateModified":"2026-04-14T14:10:59+00:00","mainEntityOfPage":{"@id":"https:\/\/nordnesrepublikken.no\/index.php\/2026\/04\/14\/tid-og-sted-hvor-meldingen-hores-ut\/"},"wordCount":611,"publisher":{"@id":"https:\/\/nordnesrepublikken.no\/#organization"},"image":{"@id":"https:\/\/nordnesrepublikken.no\/index.php\/2026\/04\/14\/tid-og-sted-hvor-meldingen-hores-ut\/#primaryimage"},"thumbnailUrl":"https:\/\/nordnesrepublikken.no\/wp-content\/uploads\/2026\/04\/1776175857_tid-og-sted-hvor-meldingen-hores-ut-scaled.jpg","keywords":["h\u00f8res","hvor","meldingen","sted","tid"],"articleSection":["Teknologi"],"inLanguage":"nb-NO"},{"@type":"WebPage","@id":"https:\/\/nordnesrepublikken.no\/index.php\/2026\/04\/14\/tid-og-sted-hvor-meldingen-hores-ut\/","url":"https:\/\/nordnesrepublikken.no\/index.php\/2026\/04\/14\/tid-og-sted-hvor-meldingen-hores-ut\/","name":"tid og sted hvor meldingen h\u00f8res ut - Nordnesrepublikken","isPartOf":{"@id":"https:\/\/nordnesrepublikken.no\/#website"},"primaryImageOfPage":{"@id":"https:\/\/nordnesrepublikken.no\/index.php\/2026\/04\/14\/tid-og-sted-hvor-meldingen-hores-ut\/#primaryimage"},"image":{"@id":"https:\/\/nordnesrepublikken.no\/index.php\/2026\/04\/14\/tid-og-sted-hvor-meldingen-hores-ut\/#primaryimage"},"thumbnailUrl":"https:\/\/nordnesrepublikken.no\/wp-content\/uploads\/2026\/04\/1776175857_tid-og-sted-hvor-meldingen-hores-ut-scaled.jpg","datePublished":"2026-04-14T14:10:55+00:00","dateModified":"2026-04-14T14:10:59+00:00","breadcrumb":{"@id":"https:\/\/nordnesrepublikken.no\/index.php\/2026\/04\/14\/tid-og-sted-hvor-meldingen-hores-ut\/#breadcrumb"},"inLanguage":"nb-NO","potentialAction":[{"@type":"ReadAction","target":["https:\/\/nordnesrepublikken.no\/index.php\/2026\/04\/14\/tid-og-sted-hvor-meldingen-hores-ut\/"]}]},{"@type":"ImageObject","inLanguage":"nb-NO","@id":"https:\/\/nordnesrepublikken.no\/index.php\/2026\/04\/14\/tid-og-sted-hvor-meldingen-hores-ut\/#primaryimage","url":"https:\/\/nordnesrepublikken.no\/wp-content\/uploads\/2026\/04\/1776175857_tid-og-sted-hvor-meldingen-hores-ut-scaled.jpg","contentUrl":"https:\/\/nordnesrepublikken.no\/wp-content\/uploads\/2026\/04\/1776175857_tid-og-sted-hvor-meldingen-hores-ut-scaled.jpg","width":2560,"height":1429,"caption":"tid og sted hvor meldingen h\u00f8res ut"},{"@type":"BreadcrumbList","@id":"https:\/\/nordnesrepublikken.no\/index.php\/2026\/04\/14\/tid-og-sted-hvor-meldingen-hores-ut\/#breadcrumb","itemListElement":[{"@type":"ListItem","position":1,"name":"Home","item":"https:\/\/nordnesrepublikken.no\/"},{"@type":"ListItem","position":2,"name":"tid og sted hvor meldingen h\u00f8res ut"}]},{"@type":"WebSite","@id":"https:\/\/nordnesrepublikken.no\/#website","url":"https:\/\/nordnesrepublikken.no\/","name":"Nordnesrepublikken","description":"Stemmer og Visjoner fra Republikkens Hjerte","publisher":{"@id":"https:\/\/nordnesrepublikken.no\/#organization"},"potentialAction":[{"@type":"SearchAction","target":{"@type":"EntryPoint","urlTemplate":"https:\/\/nordnesrepublikken.no\/?s={search_term_string}"},"query-input":{"@type":"PropertyValueSpecification","valueRequired":true,"valueName":"search_term_string"}}],"inLanguage":"nb-NO"},{"@type":"Organization","@id":"https:\/\/nordnesrepublikken.no\/#organization","name":"Nordnesrepublikken","url":"https:\/\/nordnesrepublikken.no\/","logo":{"@type":"ImageObject","inLanguage":"nb-NO","@id":"https:\/\/nordnesrepublikken.no\/#\/schema\/logo\/image\/","url":"https:\/\/nordnesrepublikken.no\/wp-content\/uploads\/2025\/02\/cropped-nordnesrepublikken-2.png","contentUrl":"https:\/\/nordnesrepublikken.no\/wp-content\/uploads\/2025\/02\/cropped-nordnesrepublikken-2.png","width":1248,"height":362,"caption":"Nordnesrepublikken"},"image":{"@id":"https:\/\/nordnesrepublikken.no\/#\/schema\/logo\/image\/"}},{"@type":"Person","@id":"https:\/\/nordnesrepublikken.no\/#\/schema\/person\/2e7e81935bab77882fffb79296240ff1","name":"Ole Andersen","image":{"@type":"ImageObject","inLanguage":"nb-NO","@id":"https:\/\/nordnesrepublikken.no\/#\/schema\/person\/image\/","url":"https:\/\/nordnesrepublikken.no\/wp-content\/uploads\/2025\/02\/nordnesrepublikken-2-2-150x150.jpg","contentUrl":"https:\/\/nordnesrepublikken.no\/wp-content\/uploads\/2025\/02\/nordnesrepublikken-2-2-150x150.jpg","caption":"Ole Andersen"},"description":"Ettersom jeg vokste opp i Oslo, har jeg alltid v\u00e6rt fascinert av ordenes kraft og deres evne til \u00e5 skape endringer. Etter \u00e5 ha fullf\u00f8rt min utdannelse i kommunikasjon ved Universitetet i Bergen, fikk jeg muligheten til \u00e5 jobbe innen ulike medier, der jeg har s\u00f8kt \u00e5 belyse viktige samfunnssp\u00f8rsm\u00e5l. I dag, som redakt\u00f8r for Nordnesrepublikken, pr\u00f8ver jeg \u00e5 forene min kj\u00e6rlighet for journalistikk med min lidenskap for innovasjon og eventyr.","sameAs":["https:\/\/nordnesrepublikken.no\/"]}]}},"_links":{"self":[{"href":"https:\/\/nordnesrepublikken.no\/index.php\/wp-json\/wp\/v2\/posts\/16966","targetHints":{"allow":["GET"]}}],"collection":[{"href":"https:\/\/nordnesrepublikken.no\/index.php\/wp-json\/wp\/v2\/posts"}],"about":[{"href":"https:\/\/nordnesrepublikken.no\/index.php\/wp-json\/wp\/v2\/types\/post"}],"author":[{"embeddable":true,"href":"https:\/\/nordnesrepublikken.no\/index.php\/wp-json\/wp\/v2\/users\/1"}],"replies":[{"embeddable":true,"href":"https:\/\/nordnesrepublikken.no\/index.php\/wp-json\/wp\/v2\/comments?post=16966"}],"version-history":[{"count":1,"href":"https:\/\/nordnesrepublikken.no\/index.php\/wp-json\/wp\/v2\/posts\/16966\/revisions"}],"predecessor-version":[{"id":16968,"href":"https:\/\/nordnesrepublikken.no\/index.php\/wp-json\/wp\/v2\/posts\/16966\/revisions\/16968"}],"wp:featuredmedia":[{"embeddable":true,"href":"https:\/\/nordnesrepublikken.no\/index.php\/wp-json\/wp\/v2\/media\/16967"}],"wp:attachment":[{"href":"https:\/\/nordnesrepublikken.no\/index.php\/wp-json\/wp\/v2\/media?parent=16966"}],"wp:term":[{"taxonomy":"category","embeddable":true,"href":"https:\/\/nordnesrepublikken.no\/index.php\/wp-json\/wp\/v2\/categories?post=16966"},{"taxonomy":"post_tag","embeddable":true,"href":"https:\/\/nordnesrepublikken.no\/index.php\/wp-json\/wp\/v2\/tags?post=16966"}],"curies":[{"name":"wp","href":"https:\/\/api.w.org\/{rel}","templated":true}]}}