{"id":16945,"date":"2026-04-14T06:12:50","date_gmt":"2026-04-14T04:12:50","guid":{"rendered":"https:\/\/nordnesrepublikken.no\/index.php\/2026\/04\/14\/i-hvilke-byer-stoppet-trer-i-kraft\/"},"modified":"2026-04-14T06:12:55","modified_gmt":"2026-04-14T04:12:55","slug":"i-hvilke-byer-stoppet-trer-i-kraft","status":"publish","type":"post","link":"https:\/\/nordnesrepublikken.no\/index.php\/2026\/04\/14\/i-hvilke-byer-stoppet-trer-i-kraft\/","title":{"rendered":"i hvilke byer stoppet trer i kraft"},"content":{"rendered":"<div>\n<div class=\"cp_wrapper cp_wrapper--fw mb-30 mb-20@tablet\">\n<figure class=\"mm\"><picture class=\"img\" style=\"padding-top:56.25%\"><source  media=\"(min-width: 1024px)\"><source  media=\"(min-width: 768px)\"><\/source><\/source><\/picture><\/figure>\n<\/p><\/div>\n<p>Sentralvarme vil bli sl\u00e5tt av i nesten hele Italia fra i morgen, onsdag 15. april: som hvert \u00e5r varierer datokalenderen avhengig av <strong>klimatiske soner<\/strong>. I dette tilfellet<strong> radiatorer m\u00e5 ogs\u00e5 sl\u00e5s av i byer i klimasonene D og E, <\/strong>som omfatter de fleste byene i Sentrum og Nord som f.eks <strong>Milano, Torino,<\/strong> Bologna, men ogs\u00e5 Firenze, Genova, Ancona og Pescara.<\/p>\n<p>P\u00e5 dette tidspunktet vil varmeovnene bare kunne st\u00e5 p\u00e5 for de kaldeste byene som Cuneo og Belluno, som det ikke er noen tidsbegrensning for. I noen kommuner i sone E, spesielt de mer nordlige, er det imidlertid gitt unntak ved spesielle forstyrrelser: i Milano, for eksempel, anses det \u00e5 v\u00e6re berettiget n\u00e5r <strong>gjennomsnittlig daglig temperatur faller under 13\u00b0C<\/strong>.<\/p>\n<p>I l\u00f8pet av nedstengningsperioden av systemene anbefaler ENEA at det gjennomf\u00f8res en rekke aktiviteter for \u00e5 garantere energieffektivitet og optimal funksjon i neste sesong, fra plassering av termostatventiler til rengj\u00f8ring av radiatorene.<\/p>\n<p>Den f\u00f8rste omstarten for 2026 er planlagt til 15. oktober, igjen for stedene som faller inn under klimab\u00e5nd E.<\/p>\n<h2>Sl\u00e5 av radiatorene i henhold til klimasonene<\/h2>\n<p>I Italia er reguleringen av varmesystemer styrt av dekretet fra republikkens president n.74 av<strong> 16. april 2013,<\/strong> som deler opp <strong>nasjonalt territorium i seks klimasoner<\/strong> \u2013 fra A til F \u2013 som hver etablerer ulike driftsperioder og tider.<\/p>\n<p>Hver kommune er plassert i en klimasone p\u00e5 grunnlag av den s\u00e5kalte &laquo;<strong>graddager<\/strong>\u201d, en indikator som summerer over hele \u00e5ret, for hver dag, den (positive) forskjellen mellom den indre temperaturen i en bygning og den gjennomsnittlige daglige ytre temperaturen.<\/p>\n<div class=\"cp_wrapper--table\">\n<table class=\"aligncenter\">\n<thead>\n<tr>\n<th>Klimasone<\/th>\n<th>Graddager<\/th>\n<\/tr>\n<\/thead>\n<tbody>\n<tr>\n<td data-label=\"Zona climatica\">TIL<\/td>\n<td data-label=\"Gradi giorno\">< 600<\/td>\n<\/tr>\n<tr>\n<td data-label=\"Zona climatica\">B<\/td>\n<td data-label=\"Gradi giorno\">600-900<\/td>\n<\/tr>\n<tr>\n<td data-label=\"Zona climatica\">C<\/td>\n<td data-label=\"Gradi giorno\">901-1400<\/td>\n<\/tr>\n<tr>\n<td data-label=\"Zona climatica\">D<\/td>\n<td data-label=\"Gradi giorno\">1401-2100<\/td>\n<\/tr>\n<tr>\n<td data-label=\"Zona climatica\">OG<\/td>\n<td data-label=\"Gradi giorno\">2101-3000<\/td>\n<\/tr>\n<tr>\n<td data-label=\"Zona climatica\">F<\/td>\n<td data-label=\"Gradi giorno\">> 3000<\/td>\n<\/tr>\n<\/tbody>\n<\/table>\n<\/div>\n<p>Som synlig p\u00e5 kartet nedenfor lar sone A (den mildeste, i r\u00f8dt) radiatorene fungere 6 timer i d\u00f8gnet fra kl. <strong>1. desember til 15. mars, <\/strong>mens sone F (den kaldeste, i bl\u00e5tt) ikke er underlagt noen begrensninger i l\u00f8pet av \u00e5ret.<\/p>\n<p>De fleste av de store byene i Nord-Italia, fra Milano og Torino til Bologna, faller inn <strong>Sone E<\/strong>hvor den ordin\u00e6re avstengningen er satt for <strong>15. april.<\/strong> De andre byene i Sentral-Italia som Roma, Ancona og Pescara tilh\u00f8rer hovedsakelig <strong>Sone D<\/strong>med slutten av den termiske sesongen ogs\u00e5 planlagt til 15. april. De mer s\u00f8rlige og kystn\u00e6re omr\u00e5dene er i sone C, B eller A, med gradvis tidligere nedleggelsesdatoer.<\/p>\n<p>Dekretet bestemmer ogs\u00e5 at de indre temperaturene i <strong>oppvarmede milj\u00f8er m\u00e5 ikke overstige 19\u00b0C<\/strong> (med en toleranse p\u00e5 2\u00b0C) for boligbygg og bygninger for annen bruk enn industri, mens for industri- og h\u00e5ndverksbygg faller grensen til 18\u00b0C \u200b\u200bmed samme toleranse.<\/p>\n<div class=\"cp_wrapper cp_wrapper--fw mb-50\">\n<figure class=\"mm\"><picture class=\"img\" style=\"padding-top:77.79552715655%\"><source  media=\"(min-width: 1024px)\"><source  media=\"(min-width: 768px)\"><img decoding=\"async\" loading=\"lazy\" src=\"https:\/\/nordnesrepublikken.no\/wp-content\/uploads\/2026\/03\/1773467439_561_Varmen-slas-av-fra-i-morgen-kalenderen-med-soner-og.jpg\" alt=\"klimatiske soner-Italia\" width=\"1252\" height=\"974\"\/><\/source><\/source><\/picture><\/figure>\n<\/p><\/div>\n<h2>Nedstenging av radiatorer 2026 i henhold til klimasoner<\/h2>\n<p>Hver klimasone gir derfor en forskjellig av- og p\u00e5koblingsperiode, samt et nummer<strong>variabelt antall timer daglig drift<\/strong>som spenner fra maksimalt 14 timer per dag for sone E til maksimalt 6 timer for sone A. Stengingen 15. april gjelder derfor et stort utvalg byer, fra kl. <strong>Milano og Torino<\/strong> opp til Verona, Padua, Bergamo, Bolzano, Parma, Venezia, Perugia, L&#8217;Aquila, Firenze, Genova, Ancona, Viterbo og Pescara. Eneste unntak for <strong>Roma<\/strong> som til tross for at den faller innenfor klimasone D, forventes \u00e5 stenge ned 7. april.<\/p>\n<p>Den f\u00f8rste for i \u00e5r <strong>starte p\u00e5 nytt<\/strong> i stedet, den <strong>15. oktober 2026<\/strong> for noen byer i Nord-Italia.<\/p>\n<div class=\"cp_wrapper--table\">\n<table>\n<thead>\n<tr>\n<th>Klimasone<\/th>\n<th>Innkoblingstid og driftstimer<\/th>\n<\/tr>\n<\/thead>\n<tbody>\n<tr>\n<td data-label=\"Zona climatica\"><strong>TIL<\/strong> (f.eks. <strong>Lampedusa<\/strong>)<\/td>\n<td data-label=\"Periodo di accensione e ore di funzionamento\"> 1. desember \u2013 15. mars, 6 timer per dag<\/td>\n<\/tr>\n<tr>\n<td data-label=\"Zona climatica\"><strong>B<\/strong> (f.eks. <strong>Messina<\/strong>, <strong>Catania<\/strong>Palermo, Agrigento)<\/td>\n<td data-label=\"Periodo di accensione e ore di funzionamento\"> 1. desember \u2013 31. mars, 8 timer per dag<\/td>\n<\/tr>\n<tr>\n<td data-label=\"Zona climatica\"><strong>C<\/strong> (f.eks. <strong>Napoli<\/strong>, <strong>Bari<\/strong>Cagliari, Lecce)<\/td>\n<td data-label=\"Periodo di accensione e ore di funzionamento\"> 15. november \u2013 31. mars, 10 timer per dag<\/td>\n<\/tr>\n<tr>\n<td data-label=\"Zona climatica\"><strong>D<\/strong> (f.eks. <strong>Roma<\/strong>, <strong>Firenze<\/strong>Genova, Pescara)<\/td>\n<td data-label=\"Periodo di accensione e ore di funzionamento\"> 1. november \u2013 15. april, 12 timer per dag<\/td>\n<\/tr>\n<tr>\n<td data-label=\"Zona climatica\"><strong>OG<\/strong> (f.eks. <strong>Milan<\/strong>, <strong>Torino<\/strong>Bologna)<\/td>\n<td data-label=\"Periodo di accensione e ore di funzionamento\"> 15. oktober \u2013 15. april, 14 timer i d\u00f8gnet<\/td>\n<\/tr>\n<tr>\n<td data-label=\"Zona climatica\"><strong>F<\/strong> (f.eks. <strong>Kile<\/strong>, <strong>Belluno<\/strong>)<\/td>\n<td data-label=\"Periodo di accensione e ore di funzionamento\">Ingen grenser for \u00e5 sl\u00e5 av<\/td>\n<\/tr>\n<\/tbody>\n<\/table>\n<\/div>\n<p>Mens <strong>sone A er den minste<\/strong> og inkluderer bare Lampedusa, Linosa og Porto Empedocle <strong>E sone<\/strong> det er det faktisk <strong>mer folkerike<\/strong>med rundt 4000 kommuner involvert og nesten alle byene i nord, som f.eks <strong>Milano, Torino<\/strong>Bologna, Verona, Padua, Bergamo, Bolzano, Parma, Venezia, Perugia og L&#8217;Aquila. Til slutt inkluderer sone F bare Belluno og Cuneo.<\/p>\n<p>Respekt for disse periodene er en<strong> juridisk forpliktelse<\/strong>: for disse <strong>oppstartsdatoer<\/strong>det er de imidlertid <strong>unntak er forutsatt. <\/strong>Lovverket gir faktisk en fleksibilitetsmargin for uavhengig \u00e5 h\u00e5ndtere eventuelle temperaturfall eller intense forstyrrelser.<\/p>\n<p>I det spesifikke tilfellet med Milano kommune, for eksempel, kan systemene utenfor den ordin\u00e6re perioden aktiveres bare hvis det oppst\u00e5r klimatiske situasjoner som rettferdiggj\u00f8r driften: aktiveringen anses som berettiget n\u00e5r <strong>gjennomsnittlig daglig temperatur faller under 13\u00b0C<\/strong>. I disse unntakstilfellene kan oppvarmingen st\u00e5 p\u00e5 maksimalt syv timer om dagen, det vil si halvparten av timene som er planlagt for den ordin\u00e6re oppvarmingsperioden.<\/p>\n<\/p><\/div>\n","protected":false},"excerpt":{"rendered":"<p>Sentralvarme vil bli sl\u00e5tt av i nesten hele Italia fra i morgen, onsdag 15. april:<\/p>\n","protected":false},"author":1,"featured_media":16946,"comment_status":"closed","ping_status":"open","sticky":false,"template":"","format":"standard","meta":{"footnotes":""},"categories":[26],"tags":[3025,784,10686,1264,3742],"class_list":["post-16945","post","type-post","status-publish","format-standard","has-post-thumbnail","hentry","category-miljo","tag-byer","tag-hvilke","tag-kraft","tag-stoppet","tag-trer","generate-columns","tablet-grid-50","mobile-grid-100","grid-parent","grid-33","resize-featured-image"],"yoast_head":"<!-- This site is optimized with the Yoast SEO plugin v24.4 - https:\/\/yoast.com\/wordpress\/plugins\/seo\/ -->\n<title>i hvilke byer stoppet trer i kraft - Nordnesrepublikken<\/title>\n<meta name=\"robots\" content=\"index, follow, max-snippet:-1, max-image-preview:large, max-video-preview:-1\" \/>\n<link rel=\"canonical\" href=\"https:\/\/nordnesrepublikken.no\/index.php\/2026\/04\/14\/i-hvilke-byer-stoppet-trer-i-kraft\/\" \/>\n<meta property=\"og:locale\" content=\"nb_NO\" \/>\n<meta property=\"og:type\" content=\"article\" \/>\n<meta property=\"og:title\" content=\"i hvilke byer stoppet trer i kraft - Nordnesrepublikken\" \/>\n<meta property=\"og:description\" content=\"Sentralvarme vil bli sl\u00e5tt av i nesten hele Italia fra i morgen, onsdag 15. april:\" \/>\n<meta property=\"og:url\" content=\"https:\/\/nordnesrepublikken.no\/index.php\/2026\/04\/14\/i-hvilke-byer-stoppet-trer-i-kraft\/\" \/>\n<meta property=\"og:site_name\" content=\"Nordnesrepublikken\" \/>\n<meta property=\"article:published_time\" content=\"2026-04-14T04:12:50+00:00\" \/>\n<meta property=\"article:modified_time\" content=\"2026-04-14T04:12:55+00:00\" \/>\n<meta property=\"og:image\" content=\"https:\/\/nordnesrepublikken.no\/wp-content\/uploads\/2026\/04\/1776139972_i-hvilke-byer-stoppet-trer-i-kraft-scaled.jpg\" \/>\n\t<meta property=\"og:image:width\" content=\"2560\" \/>\n\t<meta property=\"og:image:height\" content=\"1429\" \/>\n\t<meta property=\"og:image:type\" content=\"image\/jpeg\" \/>\n<meta name=\"author\" content=\"Ole Andersen\" \/>\n<meta name=\"twitter:card\" content=\"summary_large_image\" \/>\n<meta name=\"twitter:label1\" content=\"Skrevet av\" \/>\n\t<meta name=\"twitter:data1\" content=\"Ole Andersen\" \/>\n\t<meta name=\"twitter:label2\" content=\"Ansl. lesetid\" \/>\n\t<meta name=\"twitter:data2\" content=\"4 minutter\" \/>\n<script type=\"application\/ld+json\" class=\"yoast-schema-graph\">{\"@context\":\"https:\/\/schema.org\",\"@graph\":[{\"@type\":\"Article\",\"@id\":\"https:\/\/nordnesrepublikken.no\/index.php\/2026\/04\/14\/i-hvilke-byer-stoppet-trer-i-kraft\/#article\",\"isPartOf\":{\"@id\":\"https:\/\/nordnesrepublikken.no\/index.php\/2026\/04\/14\/i-hvilke-byer-stoppet-trer-i-kraft\/\"},\"author\":{\"name\":\"Ole Andersen\",\"@id\":\"https:\/\/nordnesrepublikken.no\/#\/schema\/person\/2e7e81935bab77882fffb79296240ff1\"},\"headline\":\"i hvilke byer stoppet trer i kraft\",\"datePublished\":\"2026-04-14T04:12:50+00:00\",\"dateModified\":\"2026-04-14T04:12:55+00:00\",\"mainEntityOfPage\":{\"@id\":\"https:\/\/nordnesrepublikken.no\/index.php\/2026\/04\/14\/i-hvilke-byer-stoppet-trer-i-kraft\/\"},\"wordCount\":752,\"publisher\":{\"@id\":\"https:\/\/nordnesrepublikken.no\/#organization\"},\"image\":{\"@id\":\"https:\/\/nordnesrepublikken.no\/index.php\/2026\/04\/14\/i-hvilke-byer-stoppet-trer-i-kraft\/#primaryimage\"},\"thumbnailUrl\":\"https:\/\/nordnesrepublikken.no\/wp-content\/uploads\/2026\/04\/1776139972_i-hvilke-byer-stoppet-trer-i-kraft-scaled.jpg\",\"keywords\":[\"byer\",\"hvilke\",\"kraft\",\"stoppet\",\"trer\"],\"articleSection\":[\"Milj\u00f8\"],\"inLanguage\":\"nb-NO\"},{\"@type\":\"WebPage\",\"@id\":\"https:\/\/nordnesrepublikken.no\/index.php\/2026\/04\/14\/i-hvilke-byer-stoppet-trer-i-kraft\/\",\"url\":\"https:\/\/nordnesrepublikken.no\/index.php\/2026\/04\/14\/i-hvilke-byer-stoppet-trer-i-kraft\/\",\"name\":\"i hvilke byer stoppet trer i kraft - Nordnesrepublikken\",\"isPartOf\":{\"@id\":\"https:\/\/nordnesrepublikken.no\/#website\"},\"primaryImageOfPage\":{\"@id\":\"https:\/\/nordnesrepublikken.no\/index.php\/2026\/04\/14\/i-hvilke-byer-stoppet-trer-i-kraft\/#primaryimage\"},\"image\":{\"@id\":\"https:\/\/nordnesrepublikken.no\/index.php\/2026\/04\/14\/i-hvilke-byer-stoppet-trer-i-kraft\/#primaryimage\"},\"thumbnailUrl\":\"https:\/\/nordnesrepublikken.no\/wp-content\/uploads\/2026\/04\/1776139972_i-hvilke-byer-stoppet-trer-i-kraft-scaled.jpg\",\"datePublished\":\"2026-04-14T04:12:50+00:00\",\"dateModified\":\"2026-04-14T04:12:55+00:00\",\"breadcrumb\":{\"@id\":\"https:\/\/nordnesrepublikken.no\/index.php\/2026\/04\/14\/i-hvilke-byer-stoppet-trer-i-kraft\/#breadcrumb\"},\"inLanguage\":\"nb-NO\",\"potentialAction\":[{\"@type\":\"ReadAction\",\"target\":[\"https:\/\/nordnesrepublikken.no\/index.php\/2026\/04\/14\/i-hvilke-byer-stoppet-trer-i-kraft\/\"]}]},{\"@type\":\"ImageObject\",\"inLanguage\":\"nb-NO\",\"@id\":\"https:\/\/nordnesrepublikken.no\/index.php\/2026\/04\/14\/i-hvilke-byer-stoppet-trer-i-kraft\/#primaryimage\",\"url\":\"https:\/\/nordnesrepublikken.no\/wp-content\/uploads\/2026\/04\/1776139972_i-hvilke-byer-stoppet-trer-i-kraft-scaled.jpg\",\"contentUrl\":\"https:\/\/nordnesrepublikken.no\/wp-content\/uploads\/2026\/04\/1776139972_i-hvilke-byer-stoppet-trer-i-kraft-scaled.jpg\",\"width\":2560,\"height\":1429,\"caption\":\"i hvilke byer stoppet trer i kraft\"},{\"@type\":\"BreadcrumbList\",\"@id\":\"https:\/\/nordnesrepublikken.no\/index.php\/2026\/04\/14\/i-hvilke-byer-stoppet-trer-i-kraft\/#breadcrumb\",\"itemListElement\":[{\"@type\":\"ListItem\",\"position\":1,\"name\":\"Home\",\"item\":\"https:\/\/nordnesrepublikken.no\/\"},{\"@type\":\"ListItem\",\"position\":2,\"name\":\"i hvilke byer stoppet trer i kraft\"}]},{\"@type\":\"WebSite\",\"@id\":\"https:\/\/nordnesrepublikken.no\/#website\",\"url\":\"https:\/\/nordnesrepublikken.no\/\",\"name\":\"Nordnesrepublikken\",\"description\":\"Stemmer og Visjoner fra Republikkens Hjerte\",\"publisher\":{\"@id\":\"https:\/\/nordnesrepublikken.no\/#organization\"},\"potentialAction\":[{\"@type\":\"SearchAction\",\"target\":{\"@type\":\"EntryPoint\",\"urlTemplate\":\"https:\/\/nordnesrepublikken.no\/?s={search_term_string}\"},\"query-input\":{\"@type\":\"PropertyValueSpecification\",\"valueRequired\":true,\"valueName\":\"search_term_string\"}}],\"inLanguage\":\"nb-NO\"},{\"@type\":\"Organization\",\"@id\":\"https:\/\/nordnesrepublikken.no\/#organization\",\"name\":\"Nordnesrepublikken\",\"url\":\"https:\/\/nordnesrepublikken.no\/\",\"logo\":{\"@type\":\"ImageObject\",\"inLanguage\":\"nb-NO\",\"@id\":\"https:\/\/nordnesrepublikken.no\/#\/schema\/logo\/image\/\",\"url\":\"https:\/\/nordnesrepublikken.no\/wp-content\/uploads\/2025\/02\/cropped-nordnesrepublikken-2.png\",\"contentUrl\":\"https:\/\/nordnesrepublikken.no\/wp-content\/uploads\/2025\/02\/cropped-nordnesrepublikken-2.png\",\"width\":1248,\"height\":362,\"caption\":\"Nordnesrepublikken\"},\"image\":{\"@id\":\"https:\/\/nordnesrepublikken.no\/#\/schema\/logo\/image\/\"}},{\"@type\":\"Person\",\"@id\":\"https:\/\/nordnesrepublikken.no\/#\/schema\/person\/2e7e81935bab77882fffb79296240ff1\",\"name\":\"Ole Andersen\",\"image\":{\"@type\":\"ImageObject\",\"inLanguage\":\"nb-NO\",\"@id\":\"https:\/\/nordnesrepublikken.no\/#\/schema\/person\/image\/\",\"url\":\"https:\/\/nordnesrepublikken.no\/wp-content\/uploads\/2025\/02\/nordnesrepublikken-2-2-150x150.jpg\",\"contentUrl\":\"https:\/\/nordnesrepublikken.no\/wp-content\/uploads\/2025\/02\/nordnesrepublikken-2-2-150x150.jpg\",\"caption\":\"Ole Andersen\"},\"description\":\"Ettersom jeg vokste opp i Oslo, har jeg alltid v\u00e6rt fascinert av ordenes kraft og deres evne til \u00e5 skape endringer. Etter \u00e5 ha fullf\u00f8rt min utdannelse i kommunikasjon ved Universitetet i Bergen, fikk jeg muligheten til \u00e5 jobbe innen ulike medier, der jeg har s\u00f8kt \u00e5 belyse viktige samfunnssp\u00f8rsm\u00e5l. I dag, som redakt\u00f8r for Nordnesrepublikken, pr\u00f8ver jeg \u00e5 forene min kj\u00e6rlighet for journalistikk med min lidenskap for innovasjon og eventyr.\",\"sameAs\":[\"https:\/\/nordnesrepublikken.no\/\"]}]}<\/script>\n<!-- \/ Yoast SEO plugin. -->","yoast_head_json":{"title":"i hvilke byer stoppet trer i kraft - Nordnesrepublikken","robots":{"index":"index","follow":"follow","max-snippet":"max-snippet:-1","max-image-preview":"max-image-preview:large","max-video-preview":"max-video-preview:-1"},"canonical":"https:\/\/nordnesrepublikken.no\/index.php\/2026\/04\/14\/i-hvilke-byer-stoppet-trer-i-kraft\/","og_locale":"nb_NO","og_type":"article","og_title":"i hvilke byer stoppet trer i kraft - Nordnesrepublikken","og_description":"Sentralvarme vil bli sl\u00e5tt av i nesten hele Italia fra i morgen, onsdag 15. april:","og_url":"https:\/\/nordnesrepublikken.no\/index.php\/2026\/04\/14\/i-hvilke-byer-stoppet-trer-i-kraft\/","og_site_name":"Nordnesrepublikken","article_published_time":"2026-04-14T04:12:50+00:00","article_modified_time":"2026-04-14T04:12:55+00:00","og_image":[{"width":2560,"height":1429,"url":"https:\/\/nordnesrepublikken.no\/wp-content\/uploads\/2026\/04\/1776139972_i-hvilke-byer-stoppet-trer-i-kraft-scaled.jpg","type":"image\/jpeg"}],"author":"Ole Andersen","twitter_card":"summary_large_image","twitter_misc":{"Skrevet av":"Ole Andersen","Ansl. lesetid":"4 minutter"},"schema":{"@context":"https:\/\/schema.org","@graph":[{"@type":"Article","@id":"https:\/\/nordnesrepublikken.no\/index.php\/2026\/04\/14\/i-hvilke-byer-stoppet-trer-i-kraft\/#article","isPartOf":{"@id":"https:\/\/nordnesrepublikken.no\/index.php\/2026\/04\/14\/i-hvilke-byer-stoppet-trer-i-kraft\/"},"author":{"name":"Ole Andersen","@id":"https:\/\/nordnesrepublikken.no\/#\/schema\/person\/2e7e81935bab77882fffb79296240ff1"},"headline":"i hvilke byer stoppet trer i kraft","datePublished":"2026-04-14T04:12:50+00:00","dateModified":"2026-04-14T04:12:55+00:00","mainEntityOfPage":{"@id":"https:\/\/nordnesrepublikken.no\/index.php\/2026\/04\/14\/i-hvilke-byer-stoppet-trer-i-kraft\/"},"wordCount":752,"publisher":{"@id":"https:\/\/nordnesrepublikken.no\/#organization"},"image":{"@id":"https:\/\/nordnesrepublikken.no\/index.php\/2026\/04\/14\/i-hvilke-byer-stoppet-trer-i-kraft\/#primaryimage"},"thumbnailUrl":"https:\/\/nordnesrepublikken.no\/wp-content\/uploads\/2026\/04\/1776139972_i-hvilke-byer-stoppet-trer-i-kraft-scaled.jpg","keywords":["byer","hvilke","kraft","stoppet","trer"],"articleSection":["Milj\u00f8"],"inLanguage":"nb-NO"},{"@type":"WebPage","@id":"https:\/\/nordnesrepublikken.no\/index.php\/2026\/04\/14\/i-hvilke-byer-stoppet-trer-i-kraft\/","url":"https:\/\/nordnesrepublikken.no\/index.php\/2026\/04\/14\/i-hvilke-byer-stoppet-trer-i-kraft\/","name":"i hvilke byer stoppet trer i kraft - Nordnesrepublikken","isPartOf":{"@id":"https:\/\/nordnesrepublikken.no\/#website"},"primaryImageOfPage":{"@id":"https:\/\/nordnesrepublikken.no\/index.php\/2026\/04\/14\/i-hvilke-byer-stoppet-trer-i-kraft\/#primaryimage"},"image":{"@id":"https:\/\/nordnesrepublikken.no\/index.php\/2026\/04\/14\/i-hvilke-byer-stoppet-trer-i-kraft\/#primaryimage"},"thumbnailUrl":"https:\/\/nordnesrepublikken.no\/wp-content\/uploads\/2026\/04\/1776139972_i-hvilke-byer-stoppet-trer-i-kraft-scaled.jpg","datePublished":"2026-04-14T04:12:50+00:00","dateModified":"2026-04-14T04:12:55+00:00","breadcrumb":{"@id":"https:\/\/nordnesrepublikken.no\/index.php\/2026\/04\/14\/i-hvilke-byer-stoppet-trer-i-kraft\/#breadcrumb"},"inLanguage":"nb-NO","potentialAction":[{"@type":"ReadAction","target":["https:\/\/nordnesrepublikken.no\/index.php\/2026\/04\/14\/i-hvilke-byer-stoppet-trer-i-kraft\/"]}]},{"@type":"ImageObject","inLanguage":"nb-NO","@id":"https:\/\/nordnesrepublikken.no\/index.php\/2026\/04\/14\/i-hvilke-byer-stoppet-trer-i-kraft\/#primaryimage","url":"https:\/\/nordnesrepublikken.no\/wp-content\/uploads\/2026\/04\/1776139972_i-hvilke-byer-stoppet-trer-i-kraft-scaled.jpg","contentUrl":"https:\/\/nordnesrepublikken.no\/wp-content\/uploads\/2026\/04\/1776139972_i-hvilke-byer-stoppet-trer-i-kraft-scaled.jpg","width":2560,"height":1429,"caption":"i hvilke byer stoppet trer i kraft"},{"@type":"BreadcrumbList","@id":"https:\/\/nordnesrepublikken.no\/index.php\/2026\/04\/14\/i-hvilke-byer-stoppet-trer-i-kraft\/#breadcrumb","itemListElement":[{"@type":"ListItem","position":1,"name":"Home","item":"https:\/\/nordnesrepublikken.no\/"},{"@type":"ListItem","position":2,"name":"i hvilke byer stoppet trer i kraft"}]},{"@type":"WebSite","@id":"https:\/\/nordnesrepublikken.no\/#website","url":"https:\/\/nordnesrepublikken.no\/","name":"Nordnesrepublikken","description":"Stemmer og Visjoner fra Republikkens Hjerte","publisher":{"@id":"https:\/\/nordnesrepublikken.no\/#organization"},"potentialAction":[{"@type":"SearchAction","target":{"@type":"EntryPoint","urlTemplate":"https:\/\/nordnesrepublikken.no\/?s={search_term_string}"},"query-input":{"@type":"PropertyValueSpecification","valueRequired":true,"valueName":"search_term_string"}}],"inLanguage":"nb-NO"},{"@type":"Organization","@id":"https:\/\/nordnesrepublikken.no\/#organization","name":"Nordnesrepublikken","url":"https:\/\/nordnesrepublikken.no\/","logo":{"@type":"ImageObject","inLanguage":"nb-NO","@id":"https:\/\/nordnesrepublikken.no\/#\/schema\/logo\/image\/","url":"https:\/\/nordnesrepublikken.no\/wp-content\/uploads\/2025\/02\/cropped-nordnesrepublikken-2.png","contentUrl":"https:\/\/nordnesrepublikken.no\/wp-content\/uploads\/2025\/02\/cropped-nordnesrepublikken-2.png","width":1248,"height":362,"caption":"Nordnesrepublikken"},"image":{"@id":"https:\/\/nordnesrepublikken.no\/#\/schema\/logo\/image\/"}},{"@type":"Person","@id":"https:\/\/nordnesrepublikken.no\/#\/schema\/person\/2e7e81935bab77882fffb79296240ff1","name":"Ole Andersen","image":{"@type":"ImageObject","inLanguage":"nb-NO","@id":"https:\/\/nordnesrepublikken.no\/#\/schema\/person\/image\/","url":"https:\/\/nordnesrepublikken.no\/wp-content\/uploads\/2025\/02\/nordnesrepublikken-2-2-150x150.jpg","contentUrl":"https:\/\/nordnesrepublikken.no\/wp-content\/uploads\/2025\/02\/nordnesrepublikken-2-2-150x150.jpg","caption":"Ole Andersen"},"description":"Ettersom jeg vokste opp i Oslo, har jeg alltid v\u00e6rt fascinert av ordenes kraft og deres evne til \u00e5 skape endringer. Etter \u00e5 ha fullf\u00f8rt min utdannelse i kommunikasjon ved Universitetet i Bergen, fikk jeg muligheten til \u00e5 jobbe innen ulike medier, der jeg har s\u00f8kt \u00e5 belyse viktige samfunnssp\u00f8rsm\u00e5l. I dag, som redakt\u00f8r for Nordnesrepublikken, pr\u00f8ver jeg \u00e5 forene min kj\u00e6rlighet for journalistikk med min lidenskap for innovasjon og eventyr.","sameAs":["https:\/\/nordnesrepublikken.no\/"]}]}},"_links":{"self":[{"href":"https:\/\/nordnesrepublikken.no\/index.php\/wp-json\/wp\/v2\/posts\/16945","targetHints":{"allow":["GET"]}}],"collection":[{"href":"https:\/\/nordnesrepublikken.no\/index.php\/wp-json\/wp\/v2\/posts"}],"about":[{"href":"https:\/\/nordnesrepublikken.no\/index.php\/wp-json\/wp\/v2\/types\/post"}],"author":[{"embeddable":true,"href":"https:\/\/nordnesrepublikken.no\/index.php\/wp-json\/wp\/v2\/users\/1"}],"replies":[{"embeddable":true,"href":"https:\/\/nordnesrepublikken.no\/index.php\/wp-json\/wp\/v2\/comments?post=16945"}],"version-history":[{"count":1,"href":"https:\/\/nordnesrepublikken.no\/index.php\/wp-json\/wp\/v2\/posts\/16945\/revisions"}],"predecessor-version":[{"id":16947,"href":"https:\/\/nordnesrepublikken.no\/index.php\/wp-json\/wp\/v2\/posts\/16945\/revisions\/16947"}],"wp:featuredmedia":[{"embeddable":true,"href":"https:\/\/nordnesrepublikken.no\/index.php\/wp-json\/wp\/v2\/media\/16946"}],"wp:attachment":[{"href":"https:\/\/nordnesrepublikken.no\/index.php\/wp-json\/wp\/v2\/media?parent=16945"}],"wp:term":[{"taxonomy":"category","embeddable":true,"href":"https:\/\/nordnesrepublikken.no\/index.php\/wp-json\/wp\/v2\/categories?post=16945"},{"taxonomy":"post_tag","embeddable":true,"href":"https:\/\/nordnesrepublikken.no\/index.php\/wp-json\/wp\/v2\/tags?post=16945"}],"curies":[{"name":"wp","href":"https:\/\/api.w.org\/{rel}","templated":true}]}}