{"id":16942,"date":"2026-04-14T00:45:08","date_gmt":"2026-04-13T22:45:08","guid":{"rendered":"https:\/\/nordnesrepublikken.no\/index.php\/2026\/04\/14\/hastigheten-kuttet-til-100-kmt-pa-spanske-veier-der-forere-allerede-bremses-ned\/"},"modified":"2026-04-14T00:45:11","modified_gmt":"2026-04-13T22:45:11","slug":"hastigheten-kuttet-til-100-kmt-pa-spanske-veier-der-forere-allerede-bremses-ned","status":"publish","type":"post","link":"https:\/\/nordnesrepublikken.no\/index.php\/2026\/04\/14\/hastigheten-kuttet-til-100-kmt-pa-spanske-veier-der-forere-allerede-bremses-ned\/","title":{"rendered":"Hastigheten kuttet til 100 kmt p\u00e5 spanske veier: der f\u00f8rere allerede bremses ned"},"content":{"rendered":"<p><\/p>\n<div class=\"wordpress-content\">\n                    <!-- Article Start --><\/p>\n<p>Sj\u00e5f\u00f8rer over hele Spania begynner \u00e5 merke en endring p\u00e5 noen av landets hovedveier. I flere h\u00f8yrisikostrekninger er den maksimale fartsgrensen redusert til 100 kmt, som en del av et bredere l\u00f8ft fra DGT for \u00e5 f\u00e5 ned ulykkestallene. Tiltaket er allerede p\u00e5 plass p\u00e5 n\u00f8kkelruter, og flere omr\u00e5der kan f\u00f8lge etter.<\/p>\n<p>Tanken er enkel. Lavere hastighet i farlige partier betyr f\u00e6rre alvorlige ulykker. Men for mange sj\u00e5f\u00f8rer kommer endringen som en overraskelse, spesielt p\u00e5 veier der h\u00f8yere grenser en gang var normen.<\/p>\n<h2>Hvorfor Spania senker fartsgrensene p\u00e5 store veier<\/h2>\n<p>Trafikksikkerhet er fortsatt en stor bekymring i Spania, med hastighet fortsatt en av de vanligste faktorene i alvorlige ulykker. Til tross for tydelig skilting, fortsetter mange sj\u00e5f\u00f8rer \u00e5 overskride grensene, spesielt p\u00e5 motorveier og to kj\u00f8rebaner.<\/p>\n<div class=\"sra_unit\"><link rel=\"stylesheet\" id=\"block-sra\" href=\"https:\/\/euroweeklynews.com\/wp-content\/plugins\/snack-related-articles\/dist\/css\/snack-related.min.css?250312-193541\" type=\"text\/css\" media=\"all\">\n<\/div>\n<p>For \u00e5 takle dette har DGT begynt \u00e5 innf\u00f8re m\u00e5lrettede reduksjoner i stedet for generelle endringer, med fokus p\u00e5 seksjoner der ulykker er mer sannsynlige. Disse inkluderer omr\u00e5der med d\u00e5rlig sikt, bratte stigninger eller komplekse trafikkforhold.<\/p>\n<p>Flyttingen er ikke unik for Spania. Lignende tiltak er allerede innf\u00f8rt i land som Frankrike, Italia og Tyskland, ofte etter internasjonale anbefalinger rettet mot \u00e5 forbedre trafikksikkerheten.<\/p>\n<p>En av disse anbefalingene kommer fra FN, som har fremhevet 100 kmt som en sikrere maksimalhastighet i visse h\u00f8yrisikoveimilj\u00f8er.<\/p>\n<p>Spania bruker n\u00e5 gradvis denne tiln\u00e6rmingen, men bare i utvalgte omr\u00e5der i stedet for p\u00e5 tvers av hele nettverket.<\/p>\n<h2>Veiene er allerede ber\u00f8rt av 100 kmt-grensen<\/h2>\n<p>Noen av endringene er allerede p\u00e5 plass. Et av de mest bemerkelsesverdige eksemplene er p\u00e5 AP 7 i Catalonia, hvor en 140 kilometer lang strekning mellom El Vendrell og Ma\u00e7anet de la Selva n\u00e5 styres ved hjelp av variable fartsgrenser.<\/p>\n<p>Her kan makshastigheten endres i sanntid avhengig av trafikkforhold, v\u00e6r eller hendelser p\u00e5 veien. Systemet bruker digitale paneler for \u00e5 vise oppdaterte grenser for sj\u00e5f\u00f8rer n\u00e5r de reiser.<\/p>\n<p>I Baskerland er flere deler av AP 8 i Guip\u00fazcoa ogs\u00e5 redusert til 100 kmt. I mellomtiden i Galicia er deler av AG 55 mellom A Coru\u00f1a og Carballo n\u00e5 permanent begrenset til samme hastighet.<\/p>\n<p>Dette er ikke tilfeldige avgj\u00f8relser. Hver seksjon har blitt identifisert som et h\u00f8yere risikoomr\u00e5de, hvor reduksjon av hastighet kan utgj\u00f8re en m\u00e5lbar forskjell.<\/p>\n<p>I mange tilfeller er endringene ogs\u00e5 st\u00f8ttet av gjennomsnittsfartskameraer, designet for \u00e5 sikre at sj\u00e5f\u00f8rer holder seg til de nye grensene over lengre avstander i stedet for \u00e5 bremse ned en kort stund.<\/p>\n<h2>Hva sj\u00e5f\u00f8rer trenger \u00e5 vite om variable fartsgrenser<\/h2>\n<p>En av de st\u00f8rste kildene til forvirring er bruken av dynamiske fartsgrenser, spesielt p\u00e5 veier som AP 7.<\/p>\n<p>I motsetning til tradisjonelle grenser er disse ikke faste. De endres avhengig av hva som skjer p\u00e5 veien i det \u00f8yeblikket.<\/p>\n<p>Hvis trafikken blir stor, kan grensen reduseres for \u00e5 hindre br\u00e5 oppbremsing og kollisjoner. Hvis v\u00e6rforholdene forverres, for eksempel regn eller t\u00e5ke, senkes hastigheten for \u00e5 forbedre sikkerheten. Veiarbeid eller hendelser kan ogs\u00e5 utl\u00f8se midlertidige endringer.<\/p>\n<p>All denne informasjonen vises p\u00e5 elektroniske skilt over eller langs veien. Sj\u00e5f\u00f8rene forventes \u00e5 f\u00f8lge grensen som vises p\u00e5 det tidspunktet, selv om den avviker fra det vanlige maksimumet for den type vei.<\/p>\n<p>M\u00e5let er \u00e5 gj\u00f8re kj\u00f8reforholdene mer forutsigbare og redusere sannsynligheten for ulykker for\u00e5rsaket av plutselige hastighetsendringer.<\/p>\n<h2>Et skifte som kan utvide seg til flere veier i Spania<\/h2>\n<p>Forel\u00f8pig er 100 kmt-grensen begrenset til bestemte seksjoner, men den stopper kanskje ikke der. Dersom resultatene viser en klar reduksjon i ulykker, vil tilsvarende tiltak kunne utvides til andre deler av landet.<\/p>\n<p>For sj\u00e5f\u00f8rer betyr det \u00e5 v\u00e6re mer oppmerksom p\u00e5 skilting, spesielt p\u00e5 store ruter der forholdene kan endre seg raskt.<\/p>\n<p>Mens noen kan se de nedre grensene som restriktive, hevder myndighetene at m\u00e5let er enkelt. F\u00e6rre ulykker, f\u00e6rre alvorlige skader og tryggere veier totalt sett.<\/p>\n<p>Hvorvidt denne balansen blir akseptert av sj\u00e5f\u00f8rer vil sannsynligvis avhenge av hvor merkbar virkningen blir over tid. Forel\u00f8pig er \u00e9n ting sikkert. P\u00e5 noen av Spanias mest trafikkerte veier er det ikke lenger valgfritt \u00e5 bremse ned farten.<\/p>\n<p>                    <!-- Originally published at https:\/\/euroweeklynews.com\/2026\/04\/14\/speed-cut-to-100-kmh-on-spanish-roads-where-drivers-are-already-being-slowed-down\/ on 14 Apr 2026 at 0:10 by Farah Mokrani --><br \/>\n                    <!-- Article End -->\n                <\/div>\n","protected":false},"excerpt":{"rendered":"<p>Sj\u00e5f\u00f8rer over hele Spania begynner \u00e5 merke en endring p\u00e5 noen av landets hovedveier. I<\/p>\n","protected":false},"author":1,"featured_media":16943,"comment_status":"closed","ping_status":"open","sticky":false,"template":"","format":"standard","meta":{"footnotes":""},"categories":[105],"tags":[2410,10949,490,10948,6752,4383,320,324,81,1447,117,601],"class_list":["post-16942","post","type-post","status-publish","format-standard","has-post-thumbnail","hentry","category-livsstil","tag-allerede","tag-bremses","tag-der","tag-forere","tag-hastigheten","tag-kmt","tag-kuttet","tag-ned","tag-pa","tag-spanske","tag-til","tag-veier","generate-columns","tablet-grid-50","mobile-grid-100","grid-parent","grid-33","resize-featured-image"],"yoast_head":"<!-- This site is optimized with the Yoast SEO plugin v24.4 - https:\/\/yoast.com\/wordpress\/plugins\/seo\/ -->\n<title>Hastigheten kuttet til 100 kmt p\u00e5 spanske veier: der f\u00f8rere allerede bremses ned - Nordnesrepublikken<\/title>\n<meta name=\"robots\" content=\"index, follow, max-snippet:-1, max-image-preview:large, max-video-preview:-1\" \/>\n<link rel=\"canonical\" href=\"https:\/\/nordnesrepublikken.no\/index.php\/2026\/04\/14\/hastigheten-kuttet-til-100-kmt-pa-spanske-veier-der-forere-allerede-bremses-ned\/\" \/>\n<meta property=\"og:locale\" content=\"nb_NO\" \/>\n<meta property=\"og:type\" content=\"article\" \/>\n<meta property=\"og:title\" content=\"Hastigheten kuttet til 100 kmt p\u00e5 spanske veier: der f\u00f8rere allerede bremses ned - Nordnesrepublikken\" \/>\n<meta property=\"og:description\" content=\"Sj\u00e5f\u00f8rer over hele Spania begynner \u00e5 merke en endring p\u00e5 noen av landets hovedveier. I\" \/>\n<meta property=\"og:url\" content=\"https:\/\/nordnesrepublikken.no\/index.php\/2026\/04\/14\/hastigheten-kuttet-til-100-kmt-pa-spanske-veier-der-forere-allerede-bremses-ned\/\" \/>\n<meta property=\"og:site_name\" content=\"Nordnesrepublikken\" \/>\n<meta property=\"article:published_time\" content=\"2026-04-13T22:45:08+00:00\" \/>\n<meta property=\"article:modified_time\" content=\"2026-04-13T22:45:11+00:00\" \/>\n<meta property=\"og:image\" content=\"https:\/\/nordnesrepublikken.no\/wp-content\/uploads\/2026\/04\/1776120310_Hastigheten-kuttet-til-100-kmt-pa-spanske-veier-der-forere.jpg\" \/>\n\t<meta property=\"og:image:width\" content=\"1200\" \/>\n\t<meta property=\"og:image:height\" content=\"866\" \/>\n\t<meta property=\"og:image:type\" content=\"image\/jpeg\" \/>\n<meta name=\"author\" content=\"Ole Andersen\" \/>\n<meta name=\"twitter:card\" content=\"summary_large_image\" \/>\n<meta name=\"twitter:label1\" content=\"Skrevet av\" \/>\n\t<meta name=\"twitter:data1\" content=\"Ole Andersen\" \/>\n\t<meta name=\"twitter:label2\" content=\"Ansl. lesetid\" \/>\n\t<meta name=\"twitter:data2\" content=\"3 minutter\" \/>\n<script type=\"application\/ld+json\" class=\"yoast-schema-graph\">{\"@context\":\"https:\/\/schema.org\",\"@graph\":[{\"@type\":\"Article\",\"@id\":\"https:\/\/nordnesrepublikken.no\/index.php\/2026\/04\/14\/hastigheten-kuttet-til-100-kmt-pa-spanske-veier-der-forere-allerede-bremses-ned\/#article\",\"isPartOf\":{\"@id\":\"https:\/\/nordnesrepublikken.no\/index.php\/2026\/04\/14\/hastigheten-kuttet-til-100-kmt-pa-spanske-veier-der-forere-allerede-bremses-ned\/\"},\"author\":{\"name\":\"Ole Andersen\",\"@id\":\"https:\/\/nordnesrepublikken.no\/#\/schema\/person\/2e7e81935bab77882fffb79296240ff1\"},\"headline\":\"Hastigheten kuttet til 100 kmt p\u00e5 spanske veier: der f\u00f8rere allerede bremses ned\",\"datePublished\":\"2026-04-13T22:45:08+00:00\",\"dateModified\":\"2026-04-13T22:45:11+00:00\",\"mainEntityOfPage\":{\"@id\":\"https:\/\/nordnesrepublikken.no\/index.php\/2026\/04\/14\/hastigheten-kuttet-til-100-kmt-pa-spanske-veier-der-forere-allerede-bremses-ned\/\"},\"wordCount\":700,\"publisher\":{\"@id\":\"https:\/\/nordnesrepublikken.no\/#organization\"},\"image\":{\"@id\":\"https:\/\/nordnesrepublikken.no\/index.php\/2026\/04\/14\/hastigheten-kuttet-til-100-kmt-pa-spanske-veier-der-forere-allerede-bremses-ned\/#primaryimage\"},\"thumbnailUrl\":\"https:\/\/nordnesrepublikken.no\/wp-content\/uploads\/2026\/04\/1776120310_Hastigheten-kuttet-til-100-kmt-pa-spanske-veier-der-forere.jpg\",\"keywords\":[\"allerede\",\"bremses\",\"der\",\"f\u00f8rere\",\"hastigheten\",\"kmt\",\"kuttet\",\"ned\",\"p\u00e5\",\"spanske\",\"til\",\"veier\"],\"articleSection\":[\"Livsstil\"],\"inLanguage\":\"nb-NO\"},{\"@type\":\"WebPage\",\"@id\":\"https:\/\/nordnesrepublikken.no\/index.php\/2026\/04\/14\/hastigheten-kuttet-til-100-kmt-pa-spanske-veier-der-forere-allerede-bremses-ned\/\",\"url\":\"https:\/\/nordnesrepublikken.no\/index.php\/2026\/04\/14\/hastigheten-kuttet-til-100-kmt-pa-spanske-veier-der-forere-allerede-bremses-ned\/\",\"name\":\"Hastigheten kuttet til 100 kmt p\u00e5 spanske veier: der f\u00f8rere allerede bremses ned - Nordnesrepublikken\",\"isPartOf\":{\"@id\":\"https:\/\/nordnesrepublikken.no\/#website\"},\"primaryImageOfPage\":{\"@id\":\"https:\/\/nordnesrepublikken.no\/index.php\/2026\/04\/14\/hastigheten-kuttet-til-100-kmt-pa-spanske-veier-der-forere-allerede-bremses-ned\/#primaryimage\"},\"image\":{\"@id\":\"https:\/\/nordnesrepublikken.no\/index.php\/2026\/04\/14\/hastigheten-kuttet-til-100-kmt-pa-spanske-veier-der-forere-allerede-bremses-ned\/#primaryimage\"},\"thumbnailUrl\":\"https:\/\/nordnesrepublikken.no\/wp-content\/uploads\/2026\/04\/1776120310_Hastigheten-kuttet-til-100-kmt-pa-spanske-veier-der-forere.jpg\",\"datePublished\":\"2026-04-13T22:45:08+00:00\",\"dateModified\":\"2026-04-13T22:45:11+00:00\",\"breadcrumb\":{\"@id\":\"https:\/\/nordnesrepublikken.no\/index.php\/2026\/04\/14\/hastigheten-kuttet-til-100-kmt-pa-spanske-veier-der-forere-allerede-bremses-ned\/#breadcrumb\"},\"inLanguage\":\"nb-NO\",\"potentialAction\":[{\"@type\":\"ReadAction\",\"target\":[\"https:\/\/nordnesrepublikken.no\/index.php\/2026\/04\/14\/hastigheten-kuttet-til-100-kmt-pa-spanske-veier-der-forere-allerede-bremses-ned\/\"]}]},{\"@type\":\"ImageObject\",\"inLanguage\":\"nb-NO\",\"@id\":\"https:\/\/nordnesrepublikken.no\/index.php\/2026\/04\/14\/hastigheten-kuttet-til-100-kmt-pa-spanske-veier-der-forere-allerede-bremses-ned\/#primaryimage\",\"url\":\"https:\/\/nordnesrepublikken.no\/wp-content\/uploads\/2026\/04\/1776120310_Hastigheten-kuttet-til-100-kmt-pa-spanske-veier-der-forere.jpg\",\"contentUrl\":\"https:\/\/nordnesrepublikken.no\/wp-content\/uploads\/2026\/04\/1776120310_Hastigheten-kuttet-til-100-kmt-pa-spanske-veier-der-forere.jpg\",\"width\":1200,\"height\":866,\"caption\":\"Hastigheten kuttet til 100 kmt p\u00e5 spanske veier: der f\u00f8rere allerede bremses ned\"},{\"@type\":\"BreadcrumbList\",\"@id\":\"https:\/\/nordnesrepublikken.no\/index.php\/2026\/04\/14\/hastigheten-kuttet-til-100-kmt-pa-spanske-veier-der-forere-allerede-bremses-ned\/#breadcrumb\",\"itemListElement\":[{\"@type\":\"ListItem\",\"position\":1,\"name\":\"Home\",\"item\":\"https:\/\/nordnesrepublikken.no\/\"},{\"@type\":\"ListItem\",\"position\":2,\"name\":\"Hastigheten kuttet til 100 kmt p\u00e5 spanske veier: der f\u00f8rere allerede bremses ned\"}]},{\"@type\":\"WebSite\",\"@id\":\"https:\/\/nordnesrepublikken.no\/#website\",\"url\":\"https:\/\/nordnesrepublikken.no\/\",\"name\":\"Nordnesrepublikken\",\"description\":\"Stemmer og Visjoner fra Republikkens Hjerte\",\"publisher\":{\"@id\":\"https:\/\/nordnesrepublikken.no\/#organization\"},\"potentialAction\":[{\"@type\":\"SearchAction\",\"target\":{\"@type\":\"EntryPoint\",\"urlTemplate\":\"https:\/\/nordnesrepublikken.no\/?s={search_term_string}\"},\"query-input\":{\"@type\":\"PropertyValueSpecification\",\"valueRequired\":true,\"valueName\":\"search_term_string\"}}],\"inLanguage\":\"nb-NO\"},{\"@type\":\"Organization\",\"@id\":\"https:\/\/nordnesrepublikken.no\/#organization\",\"name\":\"Nordnesrepublikken\",\"url\":\"https:\/\/nordnesrepublikken.no\/\",\"logo\":{\"@type\":\"ImageObject\",\"inLanguage\":\"nb-NO\",\"@id\":\"https:\/\/nordnesrepublikken.no\/#\/schema\/logo\/image\/\",\"url\":\"https:\/\/nordnesrepublikken.no\/wp-content\/uploads\/2025\/02\/cropped-nordnesrepublikken-2.png\",\"contentUrl\":\"https:\/\/nordnesrepublikken.no\/wp-content\/uploads\/2025\/02\/cropped-nordnesrepublikken-2.png\",\"width\":1248,\"height\":362,\"caption\":\"Nordnesrepublikken\"},\"image\":{\"@id\":\"https:\/\/nordnesrepublikken.no\/#\/schema\/logo\/image\/\"}},{\"@type\":\"Person\",\"@id\":\"https:\/\/nordnesrepublikken.no\/#\/schema\/person\/2e7e81935bab77882fffb79296240ff1\",\"name\":\"Ole Andersen\",\"image\":{\"@type\":\"ImageObject\",\"inLanguage\":\"nb-NO\",\"@id\":\"https:\/\/nordnesrepublikken.no\/#\/schema\/person\/image\/\",\"url\":\"https:\/\/nordnesrepublikken.no\/wp-content\/uploads\/2025\/02\/nordnesrepublikken-2-2-150x150.jpg\",\"contentUrl\":\"https:\/\/nordnesrepublikken.no\/wp-content\/uploads\/2025\/02\/nordnesrepublikken-2-2-150x150.jpg\",\"caption\":\"Ole Andersen\"},\"description\":\"Ettersom jeg vokste opp i Oslo, har jeg alltid v\u00e6rt fascinert av ordenes kraft og deres evne til \u00e5 skape endringer. Etter \u00e5 ha fullf\u00f8rt min utdannelse i kommunikasjon ved Universitetet i Bergen, fikk jeg muligheten til \u00e5 jobbe innen ulike medier, der jeg har s\u00f8kt \u00e5 belyse viktige samfunnssp\u00f8rsm\u00e5l. I dag, som redakt\u00f8r for Nordnesrepublikken, pr\u00f8ver jeg \u00e5 forene min kj\u00e6rlighet for journalistikk med min lidenskap for innovasjon og eventyr.\",\"sameAs\":[\"https:\/\/nordnesrepublikken.no\/\"]}]}<\/script>\n<!-- \/ Yoast SEO plugin. -->","yoast_head_json":{"title":"Hastigheten kuttet til 100 kmt p\u00e5 spanske veier: der f\u00f8rere allerede bremses ned - Nordnesrepublikken","robots":{"index":"index","follow":"follow","max-snippet":"max-snippet:-1","max-image-preview":"max-image-preview:large","max-video-preview":"max-video-preview:-1"},"canonical":"https:\/\/nordnesrepublikken.no\/index.php\/2026\/04\/14\/hastigheten-kuttet-til-100-kmt-pa-spanske-veier-der-forere-allerede-bremses-ned\/","og_locale":"nb_NO","og_type":"article","og_title":"Hastigheten kuttet til 100 kmt p\u00e5 spanske veier: der f\u00f8rere allerede bremses ned - Nordnesrepublikken","og_description":"Sj\u00e5f\u00f8rer over hele Spania begynner \u00e5 merke en endring p\u00e5 noen av landets hovedveier. I","og_url":"https:\/\/nordnesrepublikken.no\/index.php\/2026\/04\/14\/hastigheten-kuttet-til-100-kmt-pa-spanske-veier-der-forere-allerede-bremses-ned\/","og_site_name":"Nordnesrepublikken","article_published_time":"2026-04-13T22:45:08+00:00","article_modified_time":"2026-04-13T22:45:11+00:00","og_image":[{"width":1200,"height":866,"url":"https:\/\/nordnesrepublikken.no\/wp-content\/uploads\/2026\/04\/1776120310_Hastigheten-kuttet-til-100-kmt-pa-spanske-veier-der-forere.jpg","type":"image\/jpeg"}],"author":"Ole Andersen","twitter_card":"summary_large_image","twitter_misc":{"Skrevet av":"Ole Andersen","Ansl. lesetid":"3 minutter"},"schema":{"@context":"https:\/\/schema.org","@graph":[{"@type":"Article","@id":"https:\/\/nordnesrepublikken.no\/index.php\/2026\/04\/14\/hastigheten-kuttet-til-100-kmt-pa-spanske-veier-der-forere-allerede-bremses-ned\/#article","isPartOf":{"@id":"https:\/\/nordnesrepublikken.no\/index.php\/2026\/04\/14\/hastigheten-kuttet-til-100-kmt-pa-spanske-veier-der-forere-allerede-bremses-ned\/"},"author":{"name":"Ole Andersen","@id":"https:\/\/nordnesrepublikken.no\/#\/schema\/person\/2e7e81935bab77882fffb79296240ff1"},"headline":"Hastigheten kuttet til 100 kmt p\u00e5 spanske veier: der f\u00f8rere allerede bremses ned","datePublished":"2026-04-13T22:45:08+00:00","dateModified":"2026-04-13T22:45:11+00:00","mainEntityOfPage":{"@id":"https:\/\/nordnesrepublikken.no\/index.php\/2026\/04\/14\/hastigheten-kuttet-til-100-kmt-pa-spanske-veier-der-forere-allerede-bremses-ned\/"},"wordCount":700,"publisher":{"@id":"https:\/\/nordnesrepublikken.no\/#organization"},"image":{"@id":"https:\/\/nordnesrepublikken.no\/index.php\/2026\/04\/14\/hastigheten-kuttet-til-100-kmt-pa-spanske-veier-der-forere-allerede-bremses-ned\/#primaryimage"},"thumbnailUrl":"https:\/\/nordnesrepublikken.no\/wp-content\/uploads\/2026\/04\/1776120310_Hastigheten-kuttet-til-100-kmt-pa-spanske-veier-der-forere.jpg","keywords":["allerede","bremses","der","f\u00f8rere","hastigheten","kmt","kuttet","ned","p\u00e5","spanske","til","veier"],"articleSection":["Livsstil"],"inLanguage":"nb-NO"},{"@type":"WebPage","@id":"https:\/\/nordnesrepublikken.no\/index.php\/2026\/04\/14\/hastigheten-kuttet-til-100-kmt-pa-spanske-veier-der-forere-allerede-bremses-ned\/","url":"https:\/\/nordnesrepublikken.no\/index.php\/2026\/04\/14\/hastigheten-kuttet-til-100-kmt-pa-spanske-veier-der-forere-allerede-bremses-ned\/","name":"Hastigheten kuttet til 100 kmt p\u00e5 spanske veier: der f\u00f8rere allerede bremses ned - Nordnesrepublikken","isPartOf":{"@id":"https:\/\/nordnesrepublikken.no\/#website"},"primaryImageOfPage":{"@id":"https:\/\/nordnesrepublikken.no\/index.php\/2026\/04\/14\/hastigheten-kuttet-til-100-kmt-pa-spanske-veier-der-forere-allerede-bremses-ned\/#primaryimage"},"image":{"@id":"https:\/\/nordnesrepublikken.no\/index.php\/2026\/04\/14\/hastigheten-kuttet-til-100-kmt-pa-spanske-veier-der-forere-allerede-bremses-ned\/#primaryimage"},"thumbnailUrl":"https:\/\/nordnesrepublikken.no\/wp-content\/uploads\/2026\/04\/1776120310_Hastigheten-kuttet-til-100-kmt-pa-spanske-veier-der-forere.jpg","datePublished":"2026-04-13T22:45:08+00:00","dateModified":"2026-04-13T22:45:11+00:00","breadcrumb":{"@id":"https:\/\/nordnesrepublikken.no\/index.php\/2026\/04\/14\/hastigheten-kuttet-til-100-kmt-pa-spanske-veier-der-forere-allerede-bremses-ned\/#breadcrumb"},"inLanguage":"nb-NO","potentialAction":[{"@type":"ReadAction","target":["https:\/\/nordnesrepublikken.no\/index.php\/2026\/04\/14\/hastigheten-kuttet-til-100-kmt-pa-spanske-veier-der-forere-allerede-bremses-ned\/"]}]},{"@type":"ImageObject","inLanguage":"nb-NO","@id":"https:\/\/nordnesrepublikken.no\/index.php\/2026\/04\/14\/hastigheten-kuttet-til-100-kmt-pa-spanske-veier-der-forere-allerede-bremses-ned\/#primaryimage","url":"https:\/\/nordnesrepublikken.no\/wp-content\/uploads\/2026\/04\/1776120310_Hastigheten-kuttet-til-100-kmt-pa-spanske-veier-der-forere.jpg","contentUrl":"https:\/\/nordnesrepublikken.no\/wp-content\/uploads\/2026\/04\/1776120310_Hastigheten-kuttet-til-100-kmt-pa-spanske-veier-der-forere.jpg","width":1200,"height":866,"caption":"Hastigheten kuttet til 100 kmt p\u00e5 spanske veier: der f\u00f8rere allerede bremses ned"},{"@type":"BreadcrumbList","@id":"https:\/\/nordnesrepublikken.no\/index.php\/2026\/04\/14\/hastigheten-kuttet-til-100-kmt-pa-spanske-veier-der-forere-allerede-bremses-ned\/#breadcrumb","itemListElement":[{"@type":"ListItem","position":1,"name":"Home","item":"https:\/\/nordnesrepublikken.no\/"},{"@type":"ListItem","position":2,"name":"Hastigheten kuttet til 100 kmt p\u00e5 spanske veier: der f\u00f8rere allerede bremses ned"}]},{"@type":"WebSite","@id":"https:\/\/nordnesrepublikken.no\/#website","url":"https:\/\/nordnesrepublikken.no\/","name":"Nordnesrepublikken","description":"Stemmer og Visjoner fra Republikkens Hjerte","publisher":{"@id":"https:\/\/nordnesrepublikken.no\/#organization"},"potentialAction":[{"@type":"SearchAction","target":{"@type":"EntryPoint","urlTemplate":"https:\/\/nordnesrepublikken.no\/?s={search_term_string}"},"query-input":{"@type":"PropertyValueSpecification","valueRequired":true,"valueName":"search_term_string"}}],"inLanguage":"nb-NO"},{"@type":"Organization","@id":"https:\/\/nordnesrepublikken.no\/#organization","name":"Nordnesrepublikken","url":"https:\/\/nordnesrepublikken.no\/","logo":{"@type":"ImageObject","inLanguage":"nb-NO","@id":"https:\/\/nordnesrepublikken.no\/#\/schema\/logo\/image\/","url":"https:\/\/nordnesrepublikken.no\/wp-content\/uploads\/2025\/02\/cropped-nordnesrepublikken-2.png","contentUrl":"https:\/\/nordnesrepublikken.no\/wp-content\/uploads\/2025\/02\/cropped-nordnesrepublikken-2.png","width":1248,"height":362,"caption":"Nordnesrepublikken"},"image":{"@id":"https:\/\/nordnesrepublikken.no\/#\/schema\/logo\/image\/"}},{"@type":"Person","@id":"https:\/\/nordnesrepublikken.no\/#\/schema\/person\/2e7e81935bab77882fffb79296240ff1","name":"Ole Andersen","image":{"@type":"ImageObject","inLanguage":"nb-NO","@id":"https:\/\/nordnesrepublikken.no\/#\/schema\/person\/image\/","url":"https:\/\/nordnesrepublikken.no\/wp-content\/uploads\/2025\/02\/nordnesrepublikken-2-2-150x150.jpg","contentUrl":"https:\/\/nordnesrepublikken.no\/wp-content\/uploads\/2025\/02\/nordnesrepublikken-2-2-150x150.jpg","caption":"Ole Andersen"},"description":"Ettersom jeg vokste opp i Oslo, har jeg alltid v\u00e6rt fascinert av ordenes kraft og deres evne til \u00e5 skape endringer. Etter \u00e5 ha fullf\u00f8rt min utdannelse i kommunikasjon ved Universitetet i Bergen, fikk jeg muligheten til \u00e5 jobbe innen ulike medier, der jeg har s\u00f8kt \u00e5 belyse viktige samfunnssp\u00f8rsm\u00e5l. I dag, som redakt\u00f8r for Nordnesrepublikken, pr\u00f8ver jeg \u00e5 forene min kj\u00e6rlighet for journalistikk med min lidenskap for innovasjon og eventyr.","sameAs":["https:\/\/nordnesrepublikken.no\/"]}]}},"_links":{"self":[{"href":"https:\/\/nordnesrepublikken.no\/index.php\/wp-json\/wp\/v2\/posts\/16942","targetHints":{"allow":["GET"]}}],"collection":[{"href":"https:\/\/nordnesrepublikken.no\/index.php\/wp-json\/wp\/v2\/posts"}],"about":[{"href":"https:\/\/nordnesrepublikken.no\/index.php\/wp-json\/wp\/v2\/types\/post"}],"author":[{"embeddable":true,"href":"https:\/\/nordnesrepublikken.no\/index.php\/wp-json\/wp\/v2\/users\/1"}],"replies":[{"embeddable":true,"href":"https:\/\/nordnesrepublikken.no\/index.php\/wp-json\/wp\/v2\/comments?post=16942"}],"version-history":[{"count":1,"href":"https:\/\/nordnesrepublikken.no\/index.php\/wp-json\/wp\/v2\/posts\/16942\/revisions"}],"predecessor-version":[{"id":16944,"href":"https:\/\/nordnesrepublikken.no\/index.php\/wp-json\/wp\/v2\/posts\/16942\/revisions\/16944"}],"wp:featuredmedia":[{"embeddable":true,"href":"https:\/\/nordnesrepublikken.no\/index.php\/wp-json\/wp\/v2\/media\/16943"}],"wp:attachment":[{"href":"https:\/\/nordnesrepublikken.no\/index.php\/wp-json\/wp\/v2\/media?parent=16942"}],"wp:term":[{"taxonomy":"category","embeddable":true,"href":"https:\/\/nordnesrepublikken.no\/index.php\/wp-json\/wp\/v2\/categories?post=16942"},{"taxonomy":"post_tag","embeddable":true,"href":"https:\/\/nordnesrepublikken.no\/index.php\/wp-json\/wp\/v2\/tags?post=16942"}],"curies":[{"name":"wp","href":"https:\/\/api.w.org\/{rel}","templated":true}]}}