{"id":16924,"date":"2026-04-13T12:44:03","date_gmt":"2026-04-13T10:44:03","guid":{"rendered":"https:\/\/nordnesrepublikken.no\/index.php\/2026\/04\/13\/hva-orbans-nederlag-i-det-ungarske-valget-betyr-og-hvilke-endringer-for-eu\/"},"modified":"2026-04-13T12:44:06","modified_gmt":"2026-04-13T10:44:06","slug":"hva-orbans-nederlag-i-det-ungarske-valget-betyr-og-hvilke-endringer-for-eu","status":"publish","type":"post","link":"https:\/\/nordnesrepublikken.no\/index.php\/2026\/04\/13\/hva-orbans-nederlag-i-det-ungarske-valget-betyr-og-hvilke-endringer-for-eu\/","title":{"rendered":"Hva Orbans nederlag i det ungarske valget betyr og hvilke endringer for EU"},"content":{"rendered":"<div>\n<div class=\"cp_wrapper cp_wrapper--fw mb-30 mb-20@tablet\">\n<figure class=\"mm\"><picture class=\"img\" style=\"padding-top:56.25%\"><source  media=\"(min-width: 1024px)\"><source  media=\"(min-width: 768px)\"><\/source><\/source><\/picture><\/figure>\n<\/p><\/div>\n<p>Den ungarske statsministeren <strong>Viktor Orban<\/strong> og hans parti <strong>Fidesz<\/strong> de tapte valget, beseiret av <strong>opposisjonspartiet Tisza<\/strong>ledet av <strong>Peter Magyar<\/strong>. Dette er et historisk resultat &#8211; ikke bare for Budapest, men ogs\u00e5 for den interne dynamikken i EU &#8211; som setter en stopper for 16 \u00e5r med regjering under ledelse av Orban, der statsministeren klarte \u00e5 sentralisere makten kraftig, og kom til \u00e5 kontrollere media, rettssystemet og ulike statlige organer.<\/p>\n<p>Sentrpartiets seier var overveldende, til og med over forventningene: Tisza oppn\u00e5dde <strong>138 seter av 199 <\/strong>(med over 53 % av stemmene), mens Fidesz stoppet kl <strong>55 seter,<\/strong> med 37 % av stemmene. Tredjepartiet som kom inn i Stortinget var ytre h\u00f8yre <strong>Mi Hazank<\/strong>som kun oppn\u00e5dde 6 mandater. I praksis betyr dette at Magyar vil kunne regne med 2\/3 flertall i parlamentet, noe som er n\u00f8dvendig for<strong> endre grunnloven<\/strong> og gripe inn i de s\u00e5kalte &laquo;kardinallovene&raquo;, som regulerer funksjonen til statlige institusjoner og organer.<\/p>\n<p>Orbans nederlag representerer en <strong>hardt slag<\/strong> ogs\u00e5 for <strong>Trumps USA<\/strong> (med visepresident JD Vance som personlig har reist til Ungarn for \u00e5 st\u00f8tte statsministeren) og for <strong>Putins Russland<\/strong>med Orban som den eneste russiske allierte i EU.<\/p>\n<p>Det som gjorde avstemningen enda mer betydningsfull var<strong>rekordoppslutning, med vel<\/strong> De <strong>77,8 % av de stemmeberettigede gikk til valgurnene<\/strong>: det handler om<strong>h\u00f8yeste valgdeltakelse siden slutten av kommunismen<\/strong> i 1989.<\/p>\n<p>Nyheten ble umiddelbart \u00f8nsket velkommen av lederne for<strong>Den europeiske union<\/strong>som jeg <strong>relasjoner<\/strong> de var blitt flere og flere <strong>avhandling<\/strong> ogs\u00e5 p\u00e5 grunn av de pro-russiske standpunktene til den ungarske regjeringen: n\u00e5 er det imidlertid ikke sikkert at Orbans utenrikspolitiske linje vil bli fullstendig omgjort av Magyar (som tidligere var medlem av den n\u00e5 tidligere statsministerens parti).<\/p>\n<h2>Hvem er i Peter Magyar og hva som f\u00f8rte til hans seier<\/h2>\n<p>F\u00f8dt i Budapest 16. mars 1981,<strong> Peter Magyar<\/strong> kommer fra en familie fra det ungarske kristendemokratiske etablissementet: fra et politisk synspunkt har han lenge v\u00e6rt en <strong>medlem av Orbans parti, Fidesz<\/strong> (uten noen gang \u00e5 f\u00e5 stillinger med stort ansvar) og forblir faktisk en <strong>konservativ eksponent<\/strong> med flere analytikere som kalte ham en &laquo;baby Orban&raquo;.<\/p>\n<p>Der <strong>politisk vendepunkt<\/strong> av Magyar ankom <strong>2024 <\/strong>da han etter \u00e5 ha forlatt sine tidligere offentlige stillinger <strong>grunnla Tisza-partiet <\/strong>\u00e5 stille til Europa-valget det \u00e5ret, og oppn\u00e5 ca <strong>30 % av stemmene.<\/strong><\/p>\n<p>Men fremfor alt var det de som gjorde forskjellen i det politiske valget i 2026<strong> to elementer <\/strong>intern politikk: <strong>kampen mot korrupsjon og gjenopplivingen av \u00f8konomien.<\/strong> Faktisk, under valgkampen sin, presenterte Magyars parti seg som en tredje politisk m\u00e5te, og utnyttet stoppet for statlig korrupsjon, behovet for interne reformer for \u00e5 restarte den ungarske \u00f8konomien og fremfor alt<strong> nektet \u00e5 alliere seg med den gamle opposisjonen<\/strong>som effektivt klarer \u00e5 skape bildet av et nytt parti som er i stand til \u00e5 samle konsensus fra en <strong>sv\u00e6rt mangfoldig velgermasse<\/strong>fra progressive til konservative skuffet over Orban.<\/p>\n<p>Det er nettopp<strong>\u00f8konomi<\/strong>faktisk \u00e5 ha klart det<strong> Orbans system er s\u00e5rbart<\/strong>: for \u00e5 v\u00e6re tydelig, til tross for at mellom 2005 og 2025 vokste det ungarske real-BNP med 40 %, i 2023 gikk den ungarske \u00f8konomien inn i resesjon (-0,8 % av BNP), med inflasjon p\u00e5 et gjennomsnitt p\u00e5 17 % per \u00e5r, det h\u00f8yeste tallet i hele EU. S\u00e5, i 2024, returnerte realveksten til positiv, men forble svak (+0,7 %), og etter to \u00e5r med begrenset vekst forventes BNP \u00e5 vokse med bare 2 % i 2026 og 2027, med inflasjonen som svinger rundt 4-4,5 %.<\/p>\n<h2>Hva endres for EU med Orbans nederlag<\/h2>\n<p>Men hva kan endres for EU med Orbans nederlag? I l\u00f8pet av de siste 16 \u00e5rene hadde statsministeren blitt den <strong>symbol par excellence<\/strong> av det han selv hadde definert som en &laquo;<strong>illiberalt demokrati&raquo;<\/strong>hvis politikk ofte var i strid med de grunnleggende verdiene til Den europeiske union, inkludert respekt for grunnleggende menneskerettigheter.<\/p>\n<p>Styrket av det parlamentariske flertallet som ble oppn\u00e5dd i 2010, hadde Orban <strong>omskrev grunnloven i 2011<\/strong> og endret hundrevis av lover, tvang hundrevis av dommere til \u00e5 g\u00e5 av, omskrevet valgregler, tatt kontroll over ca.<strong>80 % av media<\/strong> nasjonal og plassere de viktigste garantiinstitusjonene, fra forfatningsdomstolen til den nasjonale p\u00e5talemyndigheten, under kontroll av lojalister. Nettopp av disse grunnene, i 2022 <strong>Europaparlamentet<\/strong> han hadde definert det ungarske regimet som et &laquo;<strong>hybrid regime av valgautokrati&raquo;, <\/strong>med at EU-kommisjonen har suspendert milliarder av euro i midler beregnet p\u00e5 landet p\u00e5 grunn av brudd p\u00e5 <strong>Rettssikkerhet<\/strong>.<\/p>\n<p>P\u00e5 dette tidspunktet kan den f\u00f8rste effekten av dette nederlaget ang\u00e5r <strong>st\u00f8tte til Ukraina<\/strong>: I \u00e5revis var den ungarske statsministeren den eneste EU-lederen som systematisk motarbeidet milit\u00e6rhjelp til Kiev, for \u00e5 opprettholde n\u00e6re forbindelser med <strong>Vladimir Putin<\/strong> ea <strong>blokkere et europeisk l\u00e5n p\u00e5 90 milliarder euro<\/strong> bestemt til Ukraina. Med Magyar ved makten forventer analytikere en <strong>st\u00f8rre europeisk samhold<\/strong> p\u00e5 den ukrainske fronten og fremfor alt frigj\u00f8ringen av disse midlene beregnet p\u00e5 Kiev.<\/p>\n<p>Den andre effekten, kanskje den viktigste for den ungarske \u00f8konomien, ang\u00e5r bl.a <strong>frosne europeiske midler<\/strong>. Hvis den nye regjeringen faktisk implementerer anti-korrupsjonsreformene som ble lovet under valgkampen, kan Brussel frigj\u00f8re de milliarder av euro som for tiden er suspendert, noe som gir den ungarske \u00f8konomien muligheten for en konkret <strong>\u00f8konomisk vekkelse. <\/strong>Mer spesifikt vil det blant disse midlene ogs\u00e5 v\u00e6re en <strong>tilskuddspakke <\/strong>p\u00e5 ca <strong>10 milliarder euro <\/strong>\u2013 som det kreves statlig inngripen for innen utgangen av august \u2013 samt <strong>opprustningsl\u00e5n <\/strong>lik<strong> 16 milliarder euro.<\/strong><\/p>\n<h2>Det er ikke sikkert Ungarns utenrikspolitikk blir omgjort<\/h2>\n<p>Selv om EU feiret Orbans nederlag i Ungarn, er det ikke sikkert at den politiske linjen vedtatt av Magyar vil velte arven fra de siste 16 \u00e5rene: faktisk flere <strong>sp\u00f8rsm\u00e5lstegn<\/strong> p\u00e5 skikkelsen til Peter Magyar og den politiske linjen han vil vedta de neste m\u00e5nedene.<\/p>\n<p>Den f\u00f8rste gjelder hans <strong>ideologisk posisjon<\/strong>: Magyar er verken en progressiv eller en liberal, men en <strong>sentrum-h\u00f8yre-konservativ, som <\/strong>han bygde sin politiske fremgang ved \u00e5 utnytte behovet for et &laquo;fungerende Ungarn&raquo;, og unngikk \u00e5 ta klare sider i de mest ideologisk splittende sp\u00f8rsm\u00e5lene.<\/p>\n<p>For det andre hans <strong>utenrikspolitisk linje<\/strong> er enn\u00e5 ikke helt klart. Selv om Magyar regnes som mer proeuropeisk og mindre n\u00e6r Russland enn <strong>Orb\u00e1n,<\/strong> den fremtidige statsministeren ga aldri <strong>spesifikke detaljer<\/strong> om hans standpunkt ang\u00e5ende konflikten i Ukraina, forholdet til Russland eller \u00f8konomisk samarbeid med Kina. Hans valgprogram, som vi har sett, fokuserte fremfor alt p\u00e5 <strong>interne prioriteringer som f.eks<\/strong> anti-korrupsjon, helsevesen, utdanning og \u00f8konomi, og etterlater den internasjonale politiske linjen fortsatt delvis i skyggen.<\/p>\n<p>Det gjenst\u00e5r \u00e5 se hvor mye og hvor raskt Magyar vil klare det <strong>demontere det institusjonelle apparatet<\/strong> bygget av Orban i 16 \u00e5r med makt. Til tross for to tredjedels flertall, er faktisk mange sentrale statlige organer (fra konstitusjonsdomstolen til p\u00e5talemyndigheten opp til myndigheten som regulerer mediene) okkupert av figurer <strong>nominert av Fidesz-partiet<\/strong>som vil forbli i vervet i \u00e5rene som kommer.<\/p>\n<p>Kort sagt, til tross for slutten p\u00e5 Orban-\u00e6raen, er det ikke sikkert at det blir en total omveltning av den politiske linjen i Ungarn, i hvert fall for den f\u00f8rste perioden etter valget.<\/p>\n<\/p><\/div>\n","protected":false},"excerpt":{"rendered":"<p>Den ungarske statsministeren Viktor Orban og hans parti Fidesz de tapte valget, beseiret av opposisjonspartiet<\/p>\n","protected":false},"author":1,"featured_media":16925,"comment_status":"closed","ping_status":"open","sticky":false,"template":"","format":"standard","meta":{"footnotes":""},"categories":[23],"tags":[186,66,785,144,784,6110,10938,10939,1806],"class_list":["post-16924","post","type-post","status-publish","format-standard","has-post-thumbnail","hentry","category-politikk","tag-betyr","tag-det","tag-endringer","tag-hva","tag-hvilke","tag-nederlag","tag-orbans","tag-ungarske","tag-valget","generate-columns","tablet-grid-50","mobile-grid-100","grid-parent","grid-33","resize-featured-image"],"yoast_head":"<!-- This site is optimized with the Yoast SEO plugin v24.4 - https:\/\/yoast.com\/wordpress\/plugins\/seo\/ -->\n<title>Hva Orbans nederlag i det ungarske valget betyr og hvilke endringer for EU - Nordnesrepublikken<\/title>\n<meta name=\"robots\" content=\"index, follow, max-snippet:-1, max-image-preview:large, max-video-preview:-1\" \/>\n<link rel=\"canonical\" href=\"https:\/\/nordnesrepublikken.no\/index.php\/2026\/04\/13\/hva-orbans-nederlag-i-det-ungarske-valget-betyr-og-hvilke-endringer-for-eu\/\" \/>\n<meta property=\"og:locale\" content=\"nb_NO\" \/>\n<meta property=\"og:type\" content=\"article\" \/>\n<meta property=\"og:title\" content=\"Hva Orbans nederlag i det ungarske valget betyr og hvilke endringer for EU - Nordnesrepublikken\" \/>\n<meta property=\"og:description\" content=\"Den ungarske statsministeren Viktor Orban og hans parti Fidesz de tapte valget, beseiret av opposisjonspartiet\" \/>\n<meta property=\"og:url\" content=\"https:\/\/nordnesrepublikken.no\/index.php\/2026\/04\/13\/hva-orbans-nederlag-i-det-ungarske-valget-betyr-og-hvilke-endringer-for-eu\/\" \/>\n<meta property=\"og:site_name\" content=\"Nordnesrepublikken\" \/>\n<meta property=\"article:published_time\" content=\"2026-04-13T10:44:03+00:00\" \/>\n<meta property=\"article:modified_time\" content=\"2026-04-13T10:44:06+00:00\" \/>\n<meta property=\"og:image\" content=\"https:\/\/nordnesrepublikken.no\/wp-content\/uploads\/2026\/04\/1776077045_Hva-Orbans-nederlag-i-det-ungarske-valget-betyr-og-hvilke.jpg\" \/>\n\t<meta property=\"og:image:width\" content=\"1376\" \/>\n\t<meta property=\"og:image:height\" content=\"768\" \/>\n\t<meta property=\"og:image:type\" content=\"image\/jpeg\" \/>\n<meta name=\"author\" content=\"Ole Andersen\" \/>\n<meta name=\"twitter:card\" content=\"summary_large_image\" \/>\n<meta name=\"twitter:label1\" content=\"Skrevet av\" \/>\n\t<meta name=\"twitter:data1\" content=\"Ole Andersen\" \/>\n\t<meta name=\"twitter:label2\" content=\"Ansl. lesetid\" \/>\n\t<meta name=\"twitter:data2\" content=\"6 minutter\" \/>\n<script type=\"application\/ld+json\" class=\"yoast-schema-graph\">{\"@context\":\"https:\/\/schema.org\",\"@graph\":[{\"@type\":\"Article\",\"@id\":\"https:\/\/nordnesrepublikken.no\/index.php\/2026\/04\/13\/hva-orbans-nederlag-i-det-ungarske-valget-betyr-og-hvilke-endringer-for-eu\/#article\",\"isPartOf\":{\"@id\":\"https:\/\/nordnesrepublikken.no\/index.php\/2026\/04\/13\/hva-orbans-nederlag-i-det-ungarske-valget-betyr-og-hvilke-endringer-for-eu\/\"},\"author\":{\"name\":\"Ole Andersen\",\"@id\":\"https:\/\/nordnesrepublikken.no\/#\/schema\/person\/2e7e81935bab77882fffb79296240ff1\"},\"headline\":\"Hva Orbans nederlag i det ungarske valget betyr og hvilke endringer for EU\",\"datePublished\":\"2026-04-13T10:44:03+00:00\",\"dateModified\":\"2026-04-13T10:44:06+00:00\",\"mainEntityOfPage\":{\"@id\":\"https:\/\/nordnesrepublikken.no\/index.php\/2026\/04\/13\/hva-orbans-nederlag-i-det-ungarske-valget-betyr-og-hvilke-endringer-for-eu\/\"},\"wordCount\":1132,\"publisher\":{\"@id\":\"https:\/\/nordnesrepublikken.no\/#organization\"},\"image\":{\"@id\":\"https:\/\/nordnesrepublikken.no\/index.php\/2026\/04\/13\/hva-orbans-nederlag-i-det-ungarske-valget-betyr-og-hvilke-endringer-for-eu\/#primaryimage\"},\"thumbnailUrl\":\"https:\/\/nordnesrepublikken.no\/wp-content\/uploads\/2026\/04\/1776077045_Hva-Orbans-nederlag-i-det-ungarske-valget-betyr-og-hvilke.jpg\",\"keywords\":[\"betyr\",\"Det\",\"endringer\",\"Hva\",\"hvilke\",\"nederlag\",\"Orbans\",\"ungarske\",\"valget\"],\"articleSection\":[\"Politikk\"],\"inLanguage\":\"nb-NO\"},{\"@type\":\"WebPage\",\"@id\":\"https:\/\/nordnesrepublikken.no\/index.php\/2026\/04\/13\/hva-orbans-nederlag-i-det-ungarske-valget-betyr-og-hvilke-endringer-for-eu\/\",\"url\":\"https:\/\/nordnesrepublikken.no\/index.php\/2026\/04\/13\/hva-orbans-nederlag-i-det-ungarske-valget-betyr-og-hvilke-endringer-for-eu\/\",\"name\":\"Hva Orbans nederlag i det ungarske valget betyr og hvilke endringer for EU - Nordnesrepublikken\",\"isPartOf\":{\"@id\":\"https:\/\/nordnesrepublikken.no\/#website\"},\"primaryImageOfPage\":{\"@id\":\"https:\/\/nordnesrepublikken.no\/index.php\/2026\/04\/13\/hva-orbans-nederlag-i-det-ungarske-valget-betyr-og-hvilke-endringer-for-eu\/#primaryimage\"},\"image\":{\"@id\":\"https:\/\/nordnesrepublikken.no\/index.php\/2026\/04\/13\/hva-orbans-nederlag-i-det-ungarske-valget-betyr-og-hvilke-endringer-for-eu\/#primaryimage\"},\"thumbnailUrl\":\"https:\/\/nordnesrepublikken.no\/wp-content\/uploads\/2026\/04\/1776077045_Hva-Orbans-nederlag-i-det-ungarske-valget-betyr-og-hvilke.jpg\",\"datePublished\":\"2026-04-13T10:44:03+00:00\",\"dateModified\":\"2026-04-13T10:44:06+00:00\",\"breadcrumb\":{\"@id\":\"https:\/\/nordnesrepublikken.no\/index.php\/2026\/04\/13\/hva-orbans-nederlag-i-det-ungarske-valget-betyr-og-hvilke-endringer-for-eu\/#breadcrumb\"},\"inLanguage\":\"nb-NO\",\"potentialAction\":[{\"@type\":\"ReadAction\",\"target\":[\"https:\/\/nordnesrepublikken.no\/index.php\/2026\/04\/13\/hva-orbans-nederlag-i-det-ungarske-valget-betyr-og-hvilke-endringer-for-eu\/\"]}]},{\"@type\":\"ImageObject\",\"inLanguage\":\"nb-NO\",\"@id\":\"https:\/\/nordnesrepublikken.no\/index.php\/2026\/04\/13\/hva-orbans-nederlag-i-det-ungarske-valget-betyr-og-hvilke-endringer-for-eu\/#primaryimage\",\"url\":\"https:\/\/nordnesrepublikken.no\/wp-content\/uploads\/2026\/04\/1776077045_Hva-Orbans-nederlag-i-det-ungarske-valget-betyr-og-hvilke.jpg\",\"contentUrl\":\"https:\/\/nordnesrepublikken.no\/wp-content\/uploads\/2026\/04\/1776077045_Hva-Orbans-nederlag-i-det-ungarske-valget-betyr-og-hvilke.jpg\",\"width\":1376,\"height\":768,\"caption\":\"Hva Orbans nederlag i det ungarske valget betyr og hvilke endringer for EU\"},{\"@type\":\"BreadcrumbList\",\"@id\":\"https:\/\/nordnesrepublikken.no\/index.php\/2026\/04\/13\/hva-orbans-nederlag-i-det-ungarske-valget-betyr-og-hvilke-endringer-for-eu\/#breadcrumb\",\"itemListElement\":[{\"@type\":\"ListItem\",\"position\":1,\"name\":\"Home\",\"item\":\"https:\/\/nordnesrepublikken.no\/\"},{\"@type\":\"ListItem\",\"position\":2,\"name\":\"Hva Orbans nederlag i det ungarske valget betyr og hvilke endringer for EU\"}]},{\"@type\":\"WebSite\",\"@id\":\"https:\/\/nordnesrepublikken.no\/#website\",\"url\":\"https:\/\/nordnesrepublikken.no\/\",\"name\":\"Nordnesrepublikken\",\"description\":\"Stemmer og Visjoner fra Republikkens Hjerte\",\"publisher\":{\"@id\":\"https:\/\/nordnesrepublikken.no\/#organization\"},\"potentialAction\":[{\"@type\":\"SearchAction\",\"target\":{\"@type\":\"EntryPoint\",\"urlTemplate\":\"https:\/\/nordnesrepublikken.no\/?s={search_term_string}\"},\"query-input\":{\"@type\":\"PropertyValueSpecification\",\"valueRequired\":true,\"valueName\":\"search_term_string\"}}],\"inLanguage\":\"nb-NO\"},{\"@type\":\"Organization\",\"@id\":\"https:\/\/nordnesrepublikken.no\/#organization\",\"name\":\"Nordnesrepublikken\",\"url\":\"https:\/\/nordnesrepublikken.no\/\",\"logo\":{\"@type\":\"ImageObject\",\"inLanguage\":\"nb-NO\",\"@id\":\"https:\/\/nordnesrepublikken.no\/#\/schema\/logo\/image\/\",\"url\":\"https:\/\/nordnesrepublikken.no\/wp-content\/uploads\/2025\/02\/cropped-nordnesrepublikken-2.png\",\"contentUrl\":\"https:\/\/nordnesrepublikken.no\/wp-content\/uploads\/2025\/02\/cropped-nordnesrepublikken-2.png\",\"width\":1248,\"height\":362,\"caption\":\"Nordnesrepublikken\"},\"image\":{\"@id\":\"https:\/\/nordnesrepublikken.no\/#\/schema\/logo\/image\/\"}},{\"@type\":\"Person\",\"@id\":\"https:\/\/nordnesrepublikken.no\/#\/schema\/person\/2e7e81935bab77882fffb79296240ff1\",\"name\":\"Ole Andersen\",\"image\":{\"@type\":\"ImageObject\",\"inLanguage\":\"nb-NO\",\"@id\":\"https:\/\/nordnesrepublikken.no\/#\/schema\/person\/image\/\",\"url\":\"https:\/\/nordnesrepublikken.no\/wp-content\/uploads\/2025\/02\/nordnesrepublikken-2-2-150x150.jpg\",\"contentUrl\":\"https:\/\/nordnesrepublikken.no\/wp-content\/uploads\/2025\/02\/nordnesrepublikken-2-2-150x150.jpg\",\"caption\":\"Ole Andersen\"},\"description\":\"Ettersom jeg vokste opp i Oslo, har jeg alltid v\u00e6rt fascinert av ordenes kraft og deres evne til \u00e5 skape endringer. Etter \u00e5 ha fullf\u00f8rt min utdannelse i kommunikasjon ved Universitetet i Bergen, fikk jeg muligheten til \u00e5 jobbe innen ulike medier, der jeg har s\u00f8kt \u00e5 belyse viktige samfunnssp\u00f8rsm\u00e5l. I dag, som redakt\u00f8r for Nordnesrepublikken, pr\u00f8ver jeg \u00e5 forene min kj\u00e6rlighet for journalistikk med min lidenskap for innovasjon og eventyr.\",\"sameAs\":[\"https:\/\/nordnesrepublikken.no\/\"]}]}<\/script>\n<!-- \/ Yoast SEO plugin. -->","yoast_head_json":{"title":"Hva Orbans nederlag i det ungarske valget betyr og hvilke endringer for EU - Nordnesrepublikken","robots":{"index":"index","follow":"follow","max-snippet":"max-snippet:-1","max-image-preview":"max-image-preview:large","max-video-preview":"max-video-preview:-1"},"canonical":"https:\/\/nordnesrepublikken.no\/index.php\/2026\/04\/13\/hva-orbans-nederlag-i-det-ungarske-valget-betyr-og-hvilke-endringer-for-eu\/","og_locale":"nb_NO","og_type":"article","og_title":"Hva Orbans nederlag i det ungarske valget betyr og hvilke endringer for EU - Nordnesrepublikken","og_description":"Den ungarske statsministeren Viktor Orban og hans parti Fidesz de tapte valget, beseiret av opposisjonspartiet","og_url":"https:\/\/nordnesrepublikken.no\/index.php\/2026\/04\/13\/hva-orbans-nederlag-i-det-ungarske-valget-betyr-og-hvilke-endringer-for-eu\/","og_site_name":"Nordnesrepublikken","article_published_time":"2026-04-13T10:44:03+00:00","article_modified_time":"2026-04-13T10:44:06+00:00","og_image":[{"width":1376,"height":768,"url":"https:\/\/nordnesrepublikken.no\/wp-content\/uploads\/2026\/04\/1776077045_Hva-Orbans-nederlag-i-det-ungarske-valget-betyr-og-hvilke.jpg","type":"image\/jpeg"}],"author":"Ole Andersen","twitter_card":"summary_large_image","twitter_misc":{"Skrevet av":"Ole Andersen","Ansl. lesetid":"6 minutter"},"schema":{"@context":"https:\/\/schema.org","@graph":[{"@type":"Article","@id":"https:\/\/nordnesrepublikken.no\/index.php\/2026\/04\/13\/hva-orbans-nederlag-i-det-ungarske-valget-betyr-og-hvilke-endringer-for-eu\/#article","isPartOf":{"@id":"https:\/\/nordnesrepublikken.no\/index.php\/2026\/04\/13\/hva-orbans-nederlag-i-det-ungarske-valget-betyr-og-hvilke-endringer-for-eu\/"},"author":{"name":"Ole Andersen","@id":"https:\/\/nordnesrepublikken.no\/#\/schema\/person\/2e7e81935bab77882fffb79296240ff1"},"headline":"Hva Orbans nederlag i det ungarske valget betyr og hvilke endringer for EU","datePublished":"2026-04-13T10:44:03+00:00","dateModified":"2026-04-13T10:44:06+00:00","mainEntityOfPage":{"@id":"https:\/\/nordnesrepublikken.no\/index.php\/2026\/04\/13\/hva-orbans-nederlag-i-det-ungarske-valget-betyr-og-hvilke-endringer-for-eu\/"},"wordCount":1132,"publisher":{"@id":"https:\/\/nordnesrepublikken.no\/#organization"},"image":{"@id":"https:\/\/nordnesrepublikken.no\/index.php\/2026\/04\/13\/hva-orbans-nederlag-i-det-ungarske-valget-betyr-og-hvilke-endringer-for-eu\/#primaryimage"},"thumbnailUrl":"https:\/\/nordnesrepublikken.no\/wp-content\/uploads\/2026\/04\/1776077045_Hva-Orbans-nederlag-i-det-ungarske-valget-betyr-og-hvilke.jpg","keywords":["betyr","Det","endringer","Hva","hvilke","nederlag","Orbans","ungarske","valget"],"articleSection":["Politikk"],"inLanguage":"nb-NO"},{"@type":"WebPage","@id":"https:\/\/nordnesrepublikken.no\/index.php\/2026\/04\/13\/hva-orbans-nederlag-i-det-ungarske-valget-betyr-og-hvilke-endringer-for-eu\/","url":"https:\/\/nordnesrepublikken.no\/index.php\/2026\/04\/13\/hva-orbans-nederlag-i-det-ungarske-valget-betyr-og-hvilke-endringer-for-eu\/","name":"Hva Orbans nederlag i det ungarske valget betyr og hvilke endringer for EU - Nordnesrepublikken","isPartOf":{"@id":"https:\/\/nordnesrepublikken.no\/#website"},"primaryImageOfPage":{"@id":"https:\/\/nordnesrepublikken.no\/index.php\/2026\/04\/13\/hva-orbans-nederlag-i-det-ungarske-valget-betyr-og-hvilke-endringer-for-eu\/#primaryimage"},"image":{"@id":"https:\/\/nordnesrepublikken.no\/index.php\/2026\/04\/13\/hva-orbans-nederlag-i-det-ungarske-valget-betyr-og-hvilke-endringer-for-eu\/#primaryimage"},"thumbnailUrl":"https:\/\/nordnesrepublikken.no\/wp-content\/uploads\/2026\/04\/1776077045_Hva-Orbans-nederlag-i-det-ungarske-valget-betyr-og-hvilke.jpg","datePublished":"2026-04-13T10:44:03+00:00","dateModified":"2026-04-13T10:44:06+00:00","breadcrumb":{"@id":"https:\/\/nordnesrepublikken.no\/index.php\/2026\/04\/13\/hva-orbans-nederlag-i-det-ungarske-valget-betyr-og-hvilke-endringer-for-eu\/#breadcrumb"},"inLanguage":"nb-NO","potentialAction":[{"@type":"ReadAction","target":["https:\/\/nordnesrepublikken.no\/index.php\/2026\/04\/13\/hva-orbans-nederlag-i-det-ungarske-valget-betyr-og-hvilke-endringer-for-eu\/"]}]},{"@type":"ImageObject","inLanguage":"nb-NO","@id":"https:\/\/nordnesrepublikken.no\/index.php\/2026\/04\/13\/hva-orbans-nederlag-i-det-ungarske-valget-betyr-og-hvilke-endringer-for-eu\/#primaryimage","url":"https:\/\/nordnesrepublikken.no\/wp-content\/uploads\/2026\/04\/1776077045_Hva-Orbans-nederlag-i-det-ungarske-valget-betyr-og-hvilke.jpg","contentUrl":"https:\/\/nordnesrepublikken.no\/wp-content\/uploads\/2026\/04\/1776077045_Hva-Orbans-nederlag-i-det-ungarske-valget-betyr-og-hvilke.jpg","width":1376,"height":768,"caption":"Hva Orbans nederlag i det ungarske valget betyr og hvilke endringer for EU"},{"@type":"BreadcrumbList","@id":"https:\/\/nordnesrepublikken.no\/index.php\/2026\/04\/13\/hva-orbans-nederlag-i-det-ungarske-valget-betyr-og-hvilke-endringer-for-eu\/#breadcrumb","itemListElement":[{"@type":"ListItem","position":1,"name":"Home","item":"https:\/\/nordnesrepublikken.no\/"},{"@type":"ListItem","position":2,"name":"Hva Orbans nederlag i det ungarske valget betyr og hvilke endringer for EU"}]},{"@type":"WebSite","@id":"https:\/\/nordnesrepublikken.no\/#website","url":"https:\/\/nordnesrepublikken.no\/","name":"Nordnesrepublikken","description":"Stemmer og Visjoner fra Republikkens Hjerte","publisher":{"@id":"https:\/\/nordnesrepublikken.no\/#organization"},"potentialAction":[{"@type":"SearchAction","target":{"@type":"EntryPoint","urlTemplate":"https:\/\/nordnesrepublikken.no\/?s={search_term_string}"},"query-input":{"@type":"PropertyValueSpecification","valueRequired":true,"valueName":"search_term_string"}}],"inLanguage":"nb-NO"},{"@type":"Organization","@id":"https:\/\/nordnesrepublikken.no\/#organization","name":"Nordnesrepublikken","url":"https:\/\/nordnesrepublikken.no\/","logo":{"@type":"ImageObject","inLanguage":"nb-NO","@id":"https:\/\/nordnesrepublikken.no\/#\/schema\/logo\/image\/","url":"https:\/\/nordnesrepublikken.no\/wp-content\/uploads\/2025\/02\/cropped-nordnesrepublikken-2.png","contentUrl":"https:\/\/nordnesrepublikken.no\/wp-content\/uploads\/2025\/02\/cropped-nordnesrepublikken-2.png","width":1248,"height":362,"caption":"Nordnesrepublikken"},"image":{"@id":"https:\/\/nordnesrepublikken.no\/#\/schema\/logo\/image\/"}},{"@type":"Person","@id":"https:\/\/nordnesrepublikken.no\/#\/schema\/person\/2e7e81935bab77882fffb79296240ff1","name":"Ole Andersen","image":{"@type":"ImageObject","inLanguage":"nb-NO","@id":"https:\/\/nordnesrepublikken.no\/#\/schema\/person\/image\/","url":"https:\/\/nordnesrepublikken.no\/wp-content\/uploads\/2025\/02\/nordnesrepublikken-2-2-150x150.jpg","contentUrl":"https:\/\/nordnesrepublikken.no\/wp-content\/uploads\/2025\/02\/nordnesrepublikken-2-2-150x150.jpg","caption":"Ole Andersen"},"description":"Ettersom jeg vokste opp i Oslo, har jeg alltid v\u00e6rt fascinert av ordenes kraft og deres evne til \u00e5 skape endringer. Etter \u00e5 ha fullf\u00f8rt min utdannelse i kommunikasjon ved Universitetet i Bergen, fikk jeg muligheten til \u00e5 jobbe innen ulike medier, der jeg har s\u00f8kt \u00e5 belyse viktige samfunnssp\u00f8rsm\u00e5l. I dag, som redakt\u00f8r for Nordnesrepublikken, pr\u00f8ver jeg \u00e5 forene min kj\u00e6rlighet for journalistikk med min lidenskap for innovasjon og eventyr.","sameAs":["https:\/\/nordnesrepublikken.no\/"]}]}},"_links":{"self":[{"href":"https:\/\/nordnesrepublikken.no\/index.php\/wp-json\/wp\/v2\/posts\/16924","targetHints":{"allow":["GET"]}}],"collection":[{"href":"https:\/\/nordnesrepublikken.no\/index.php\/wp-json\/wp\/v2\/posts"}],"about":[{"href":"https:\/\/nordnesrepublikken.no\/index.php\/wp-json\/wp\/v2\/types\/post"}],"author":[{"embeddable":true,"href":"https:\/\/nordnesrepublikken.no\/index.php\/wp-json\/wp\/v2\/users\/1"}],"replies":[{"embeddable":true,"href":"https:\/\/nordnesrepublikken.no\/index.php\/wp-json\/wp\/v2\/comments?post=16924"}],"version-history":[{"count":1,"href":"https:\/\/nordnesrepublikken.no\/index.php\/wp-json\/wp\/v2\/posts\/16924\/revisions"}],"predecessor-version":[{"id":16926,"href":"https:\/\/nordnesrepublikken.no\/index.php\/wp-json\/wp\/v2\/posts\/16924\/revisions\/16926"}],"wp:featuredmedia":[{"embeddable":true,"href":"https:\/\/nordnesrepublikken.no\/index.php\/wp-json\/wp\/v2\/media\/16925"}],"wp:attachment":[{"href":"https:\/\/nordnesrepublikken.no\/index.php\/wp-json\/wp\/v2\/media?parent=16924"}],"wp:term":[{"taxonomy":"category","embeddable":true,"href":"https:\/\/nordnesrepublikken.no\/index.php\/wp-json\/wp\/v2\/categories?post=16924"},{"taxonomy":"post_tag","embeddable":true,"href":"https:\/\/nordnesrepublikken.no\/index.php\/wp-json\/wp\/v2\/tags?post=16924"}],"curies":[{"name":"wp","href":"https:\/\/api.w.org\/{rel}","templated":true}]}}