{"id":16921,"date":"2026-04-13T10:48:59","date_gmt":"2026-04-13T08:48:59","guid":{"rendered":"https:\/\/nordnesrepublikken.no\/index.php\/2026\/04\/13\/lavastrom-fra-sciara-del-fuoco-gult-varselniva\/"},"modified":"2026-04-13T10:49:01","modified_gmt":"2026-04-13T08:49:01","slug":"lavastrom-fra-sciara-del-fuoco-gult-varselniva","status":"publish","type":"post","link":"https:\/\/nordnesrepublikken.no\/index.php\/2026\/04\/13\/lavastrom-fra-sciara-del-fuoco-gult-varselniva\/","title":{"rendered":"lavastr\u00f8m fra Sciara del Fuoco, gult varselniv\u00e5"},"content":{"rendered":"<div>\n<div class=\"cp_wrapper cp_wrapper--fw mb-30 mb-20@tablet\">\n<figure class=\"mm\"><picture class=\"img\" style=\"padding-top:56.25%\"><source  media=\"(min-width: 1024px)\"><source  media=\"(min-width: 768px)\"><\/source><\/source><\/picture><\/figure>\n<\/p><\/div>\n<p>Siden i g\u00e5r har det v\u00e6rt en p\u00e5g\u00e5ende<strong>oversv\u00f8mmende aktivitet fra lavaoverl\u00f8p<\/strong> fra det nordlige krateromr\u00e5det av vulkanen <strong>Stromboli<\/strong>p\u00e5 De eoliske \u00f8yer. Dette ble rapportert av INGV i en uttalelse utgitt i g\u00e5r, etter \u00e5 ha registrert aktiviteten fra <strong>17.36<\/strong> s\u00f8ndag 12. april. Lavastr\u00f8mmen har sin opprinnelse i den middels h\u00f8ye delen av Sciara del Fuoco, den store kl\u00f8ften som g\u00e5r ned langs den nordvestlige siden av den sicilianske vulkanen: Det er nettopp herfra at lavaen, i de mest intense aktivitetsfasene, renner over fra krateret og glir nedstr\u00f8ms.<\/p>\n<p>P\u00e5 det seismiske niv\u00e5et er den gjennomsnittlige amplituden til <strong>vulkansk skjelving<\/strong> for tiden st\u00e5r p\u00e5 <strong>h\u00f8ye verdier<\/strong>men enn\u00e5 ikke utenom det vanlige for en vulkan som Stromboli. De <strong>varslingsniv\u00e5<\/strong> erkl\u00e6rt av Department of Civil Protection gjenst\u00e5r derfor <strong>gul <\/strong>(lav til middels eruptiv aktivitet): Vulkanen er i en tilstand av potensiell ubalanse, men enn\u00e5 ikke i en n\u00f8dsituasjon. Den gule varslingstilstanden er preget av <strong>kortvarige lavastr\u00f8mmer<\/strong> langs Sciara del Fuoco og beskjedne grunndeformasjoner i krateromr\u00e5det.<\/p>\n<p>Dette er ikke en isolert hendelse: mellom 31. mars og 2. april 2026 hadde det allerede skjedd en episode med lavautslipp p\u00e5 grunn av overl\u00f8p fra det nordlige krateromr\u00e5det, den tolvte siden begynnelsen av \u00e5ret. Tross alt er Stromboli en av f\u00e5 vulkaner i verden <strong>vedvarende aktivitet<\/strong>som er navngitt til \u00e6re for denne vulkanen <strong>stromboliana<\/strong>: eksplosjoner av kort varighet og moderat intensitet forekommer hvert 10.-20. minutt, med str\u00e5ler av lava, lapilli og aske opptil noen hundre meter h\u00f8ye. Det er ingen tilfeldighet at Stromboli har f\u00e5tt kallenavnet &laquo;Fyrt\u00e5rnet i Middelhavet&raquo; i \u00e5rhundrer p\u00e5 grunn av dets kontinuerlige og regelmessige aktivitet.<\/p>\n<\/p><\/div>\n","protected":false},"excerpt":{"rendered":"<p>Siden i g\u00e5r har det v\u00e6rt en p\u00e5g\u00e5endeoversv\u00f8mmende aktivitet fra lavaoverl\u00f8p fra det nordlige krateromr\u00e5det<\/p>\n","protected":false},"author":1,"featured_media":16922,"comment_status":"closed","ping_status":"open","sticky":false,"template":"","format":"standard","meta":{"footnotes":""},"categories":[24],"tags":[87,125,7622,8772,5341,7621,10937],"class_list":["post-16921","post","type-post","status-publish","format-standard","has-post-thumbnail","hentry","category-vitenskap","tag-del","tag-fra","tag-fuoco","tag-gult","tag-lavastrom","tag-sciara","tag-varselniva","generate-columns","tablet-grid-50","mobile-grid-100","grid-parent","grid-33","resize-featured-image"],"yoast_head":"<!-- This site is optimized with the Yoast SEO plugin v24.4 - https:\/\/yoast.com\/wordpress\/plugins\/seo\/ -->\n<title>lavastr\u00f8m fra Sciara del Fuoco, gult varselniv\u00e5 - Nordnesrepublikken<\/title>\n<meta name=\"robots\" content=\"index, follow, max-snippet:-1, max-image-preview:large, max-video-preview:-1\" \/>\n<link rel=\"canonical\" href=\"https:\/\/nordnesrepublikken.no\/index.php\/2026\/04\/13\/lavastrom-fra-sciara-del-fuoco-gult-varselniva\/\" \/>\n<meta property=\"og:locale\" content=\"nb_NO\" \/>\n<meta property=\"og:type\" content=\"article\" \/>\n<meta property=\"og:title\" content=\"lavastr\u00f8m fra Sciara del Fuoco, gult varselniv\u00e5 - Nordnesrepublikken\" \/>\n<meta property=\"og:description\" content=\"Siden i g\u00e5r har det v\u00e6rt en p\u00e5g\u00e5endeoversv\u00f8mmende aktivitet fra lavaoverl\u00f8p fra det nordlige krateromr\u00e5det\" \/>\n<meta property=\"og:url\" content=\"https:\/\/nordnesrepublikken.no\/index.php\/2026\/04\/13\/lavastrom-fra-sciara-del-fuoco-gult-varselniva\/\" \/>\n<meta property=\"og:site_name\" content=\"Nordnesrepublikken\" \/>\n<meta property=\"article:published_time\" content=\"2026-04-13T08:48:59+00:00\" \/>\n<meta property=\"article:modified_time\" content=\"2026-04-13T08:49:01+00:00\" \/>\n<meta property=\"og:image\" content=\"https:\/\/nordnesrepublikken.no\/wp-content\/uploads\/2026\/04\/1776070141_lavastrom-fra-Sciara-del-Fuoco-gult-varselniva.jpg\" \/>\n\t<meta property=\"og:image:width\" content=\"1200\" \/>\n\t<meta property=\"og:image:height\" content=\"726\" \/>\n\t<meta property=\"og:image:type\" content=\"image\/jpeg\" \/>\n<meta name=\"author\" content=\"Ole Andersen\" \/>\n<meta name=\"twitter:card\" content=\"summary_large_image\" \/>\n<meta name=\"twitter:label1\" content=\"Skrevet av\" \/>\n\t<meta name=\"twitter:data1\" content=\"Ole Andersen\" \/>\n\t<meta name=\"twitter:label2\" content=\"Ansl. lesetid\" \/>\n\t<meta name=\"twitter:data2\" content=\"1 minutt\" \/>\n<script type=\"application\/ld+json\" class=\"yoast-schema-graph\">{\"@context\":\"https:\/\/schema.org\",\"@graph\":[{\"@type\":\"Article\",\"@id\":\"https:\/\/nordnesrepublikken.no\/index.php\/2026\/04\/13\/lavastrom-fra-sciara-del-fuoco-gult-varselniva\/#article\",\"isPartOf\":{\"@id\":\"https:\/\/nordnesrepublikken.no\/index.php\/2026\/04\/13\/lavastrom-fra-sciara-del-fuoco-gult-varselniva\/\"},\"author\":{\"name\":\"Ole Andersen\",\"@id\":\"https:\/\/nordnesrepublikken.no\/#\/schema\/person\/2e7e81935bab77882fffb79296240ff1\"},\"headline\":\"lavastr\u00f8m fra Sciara del Fuoco, gult varselniv\u00e5\",\"datePublished\":\"2026-04-13T08:48:59+00:00\",\"dateModified\":\"2026-04-13T08:49:01+00:00\",\"mainEntityOfPage\":{\"@id\":\"https:\/\/nordnesrepublikken.no\/index.php\/2026\/04\/13\/lavastrom-fra-sciara-del-fuoco-gult-varselniva\/\"},\"wordCount\":291,\"publisher\":{\"@id\":\"https:\/\/nordnesrepublikken.no\/#organization\"},\"image\":{\"@id\":\"https:\/\/nordnesrepublikken.no\/index.php\/2026\/04\/13\/lavastrom-fra-sciara-del-fuoco-gult-varselniva\/#primaryimage\"},\"thumbnailUrl\":\"https:\/\/nordnesrepublikken.no\/wp-content\/uploads\/2026\/04\/1776070141_lavastrom-fra-Sciara-del-Fuoco-gult-varselniva.jpg\",\"keywords\":[\"del\",\"fra\",\"Fuoco\",\"gult\",\"Lavastr\u00f8m\",\"Sciara\",\"varselniv\u00e5\"],\"articleSection\":[\"Vitenskap\"],\"inLanguage\":\"nb-NO\"},{\"@type\":\"WebPage\",\"@id\":\"https:\/\/nordnesrepublikken.no\/index.php\/2026\/04\/13\/lavastrom-fra-sciara-del-fuoco-gult-varselniva\/\",\"url\":\"https:\/\/nordnesrepublikken.no\/index.php\/2026\/04\/13\/lavastrom-fra-sciara-del-fuoco-gult-varselniva\/\",\"name\":\"lavastr\u00f8m fra Sciara del Fuoco, gult varselniv\u00e5 - Nordnesrepublikken\",\"isPartOf\":{\"@id\":\"https:\/\/nordnesrepublikken.no\/#website\"},\"primaryImageOfPage\":{\"@id\":\"https:\/\/nordnesrepublikken.no\/index.php\/2026\/04\/13\/lavastrom-fra-sciara-del-fuoco-gult-varselniva\/#primaryimage\"},\"image\":{\"@id\":\"https:\/\/nordnesrepublikken.no\/index.php\/2026\/04\/13\/lavastrom-fra-sciara-del-fuoco-gult-varselniva\/#primaryimage\"},\"thumbnailUrl\":\"https:\/\/nordnesrepublikken.no\/wp-content\/uploads\/2026\/04\/1776070141_lavastrom-fra-Sciara-del-Fuoco-gult-varselniva.jpg\",\"datePublished\":\"2026-04-13T08:48:59+00:00\",\"dateModified\":\"2026-04-13T08:49:01+00:00\",\"breadcrumb\":{\"@id\":\"https:\/\/nordnesrepublikken.no\/index.php\/2026\/04\/13\/lavastrom-fra-sciara-del-fuoco-gult-varselniva\/#breadcrumb\"},\"inLanguage\":\"nb-NO\",\"potentialAction\":[{\"@type\":\"ReadAction\",\"target\":[\"https:\/\/nordnesrepublikken.no\/index.php\/2026\/04\/13\/lavastrom-fra-sciara-del-fuoco-gult-varselniva\/\"]}]},{\"@type\":\"ImageObject\",\"inLanguage\":\"nb-NO\",\"@id\":\"https:\/\/nordnesrepublikken.no\/index.php\/2026\/04\/13\/lavastrom-fra-sciara-del-fuoco-gult-varselniva\/#primaryimage\",\"url\":\"https:\/\/nordnesrepublikken.no\/wp-content\/uploads\/2026\/04\/1776070141_lavastrom-fra-Sciara-del-Fuoco-gult-varselniva.jpg\",\"contentUrl\":\"https:\/\/nordnesrepublikken.no\/wp-content\/uploads\/2026\/04\/1776070141_lavastrom-fra-Sciara-del-Fuoco-gult-varselniva.jpg\",\"width\":1200,\"height\":726,\"caption\":\"lavastr\u00f8m fra Sciara del Fuoco, gult varselniv\u00e5\"},{\"@type\":\"BreadcrumbList\",\"@id\":\"https:\/\/nordnesrepublikken.no\/index.php\/2026\/04\/13\/lavastrom-fra-sciara-del-fuoco-gult-varselniva\/#breadcrumb\",\"itemListElement\":[{\"@type\":\"ListItem\",\"position\":1,\"name\":\"Home\",\"item\":\"https:\/\/nordnesrepublikken.no\/\"},{\"@type\":\"ListItem\",\"position\":2,\"name\":\"lavastr\u00f8m fra Sciara del Fuoco, gult varselniv\u00e5\"}]},{\"@type\":\"WebSite\",\"@id\":\"https:\/\/nordnesrepublikken.no\/#website\",\"url\":\"https:\/\/nordnesrepublikken.no\/\",\"name\":\"Nordnesrepublikken\",\"description\":\"Stemmer og Visjoner fra Republikkens Hjerte\",\"publisher\":{\"@id\":\"https:\/\/nordnesrepublikken.no\/#organization\"},\"potentialAction\":[{\"@type\":\"SearchAction\",\"target\":{\"@type\":\"EntryPoint\",\"urlTemplate\":\"https:\/\/nordnesrepublikken.no\/?s={search_term_string}\"},\"query-input\":{\"@type\":\"PropertyValueSpecification\",\"valueRequired\":true,\"valueName\":\"search_term_string\"}}],\"inLanguage\":\"nb-NO\"},{\"@type\":\"Organization\",\"@id\":\"https:\/\/nordnesrepublikken.no\/#organization\",\"name\":\"Nordnesrepublikken\",\"url\":\"https:\/\/nordnesrepublikken.no\/\",\"logo\":{\"@type\":\"ImageObject\",\"inLanguage\":\"nb-NO\",\"@id\":\"https:\/\/nordnesrepublikken.no\/#\/schema\/logo\/image\/\",\"url\":\"https:\/\/nordnesrepublikken.no\/wp-content\/uploads\/2025\/02\/cropped-nordnesrepublikken-2.png\",\"contentUrl\":\"https:\/\/nordnesrepublikken.no\/wp-content\/uploads\/2025\/02\/cropped-nordnesrepublikken-2.png\",\"width\":1248,\"height\":362,\"caption\":\"Nordnesrepublikken\"},\"image\":{\"@id\":\"https:\/\/nordnesrepublikken.no\/#\/schema\/logo\/image\/\"}},{\"@type\":\"Person\",\"@id\":\"https:\/\/nordnesrepublikken.no\/#\/schema\/person\/2e7e81935bab77882fffb79296240ff1\",\"name\":\"Ole Andersen\",\"image\":{\"@type\":\"ImageObject\",\"inLanguage\":\"nb-NO\",\"@id\":\"https:\/\/nordnesrepublikken.no\/#\/schema\/person\/image\/\",\"url\":\"https:\/\/nordnesrepublikken.no\/wp-content\/uploads\/2025\/02\/nordnesrepublikken-2-2-150x150.jpg\",\"contentUrl\":\"https:\/\/nordnesrepublikken.no\/wp-content\/uploads\/2025\/02\/nordnesrepublikken-2-2-150x150.jpg\",\"caption\":\"Ole Andersen\"},\"description\":\"Ettersom jeg vokste opp i Oslo, har jeg alltid v\u00e6rt fascinert av ordenes kraft og deres evne til \u00e5 skape endringer. Etter \u00e5 ha fullf\u00f8rt min utdannelse i kommunikasjon ved Universitetet i Bergen, fikk jeg muligheten til \u00e5 jobbe innen ulike medier, der jeg har s\u00f8kt \u00e5 belyse viktige samfunnssp\u00f8rsm\u00e5l. I dag, som redakt\u00f8r for Nordnesrepublikken, pr\u00f8ver jeg \u00e5 forene min kj\u00e6rlighet for journalistikk med min lidenskap for innovasjon og eventyr.\",\"sameAs\":[\"https:\/\/nordnesrepublikken.no\/\"]}]}<\/script>\n<!-- \/ Yoast SEO plugin. -->","yoast_head_json":{"title":"lavastr\u00f8m fra Sciara del Fuoco, gult varselniv\u00e5 - Nordnesrepublikken","robots":{"index":"index","follow":"follow","max-snippet":"max-snippet:-1","max-image-preview":"max-image-preview:large","max-video-preview":"max-video-preview:-1"},"canonical":"https:\/\/nordnesrepublikken.no\/index.php\/2026\/04\/13\/lavastrom-fra-sciara-del-fuoco-gult-varselniva\/","og_locale":"nb_NO","og_type":"article","og_title":"lavastr\u00f8m fra Sciara del Fuoco, gult varselniv\u00e5 - Nordnesrepublikken","og_description":"Siden i g\u00e5r har det v\u00e6rt en p\u00e5g\u00e5endeoversv\u00f8mmende aktivitet fra lavaoverl\u00f8p fra det nordlige krateromr\u00e5det","og_url":"https:\/\/nordnesrepublikken.no\/index.php\/2026\/04\/13\/lavastrom-fra-sciara-del-fuoco-gult-varselniva\/","og_site_name":"Nordnesrepublikken","article_published_time":"2026-04-13T08:48:59+00:00","article_modified_time":"2026-04-13T08:49:01+00:00","og_image":[{"width":1200,"height":726,"url":"https:\/\/nordnesrepublikken.no\/wp-content\/uploads\/2026\/04\/1776070141_lavastrom-fra-Sciara-del-Fuoco-gult-varselniva.jpg","type":"image\/jpeg"}],"author":"Ole Andersen","twitter_card":"summary_large_image","twitter_misc":{"Skrevet av":"Ole Andersen","Ansl. lesetid":"1 minutt"},"schema":{"@context":"https:\/\/schema.org","@graph":[{"@type":"Article","@id":"https:\/\/nordnesrepublikken.no\/index.php\/2026\/04\/13\/lavastrom-fra-sciara-del-fuoco-gult-varselniva\/#article","isPartOf":{"@id":"https:\/\/nordnesrepublikken.no\/index.php\/2026\/04\/13\/lavastrom-fra-sciara-del-fuoco-gult-varselniva\/"},"author":{"name":"Ole Andersen","@id":"https:\/\/nordnesrepublikken.no\/#\/schema\/person\/2e7e81935bab77882fffb79296240ff1"},"headline":"lavastr\u00f8m fra Sciara del Fuoco, gult varselniv\u00e5","datePublished":"2026-04-13T08:48:59+00:00","dateModified":"2026-04-13T08:49:01+00:00","mainEntityOfPage":{"@id":"https:\/\/nordnesrepublikken.no\/index.php\/2026\/04\/13\/lavastrom-fra-sciara-del-fuoco-gult-varselniva\/"},"wordCount":291,"publisher":{"@id":"https:\/\/nordnesrepublikken.no\/#organization"},"image":{"@id":"https:\/\/nordnesrepublikken.no\/index.php\/2026\/04\/13\/lavastrom-fra-sciara-del-fuoco-gult-varselniva\/#primaryimage"},"thumbnailUrl":"https:\/\/nordnesrepublikken.no\/wp-content\/uploads\/2026\/04\/1776070141_lavastrom-fra-Sciara-del-Fuoco-gult-varselniva.jpg","keywords":["del","fra","Fuoco","gult","Lavastr\u00f8m","Sciara","varselniv\u00e5"],"articleSection":["Vitenskap"],"inLanguage":"nb-NO"},{"@type":"WebPage","@id":"https:\/\/nordnesrepublikken.no\/index.php\/2026\/04\/13\/lavastrom-fra-sciara-del-fuoco-gult-varselniva\/","url":"https:\/\/nordnesrepublikken.no\/index.php\/2026\/04\/13\/lavastrom-fra-sciara-del-fuoco-gult-varselniva\/","name":"lavastr\u00f8m fra Sciara del Fuoco, gult varselniv\u00e5 - Nordnesrepublikken","isPartOf":{"@id":"https:\/\/nordnesrepublikken.no\/#website"},"primaryImageOfPage":{"@id":"https:\/\/nordnesrepublikken.no\/index.php\/2026\/04\/13\/lavastrom-fra-sciara-del-fuoco-gult-varselniva\/#primaryimage"},"image":{"@id":"https:\/\/nordnesrepublikken.no\/index.php\/2026\/04\/13\/lavastrom-fra-sciara-del-fuoco-gult-varselniva\/#primaryimage"},"thumbnailUrl":"https:\/\/nordnesrepublikken.no\/wp-content\/uploads\/2026\/04\/1776070141_lavastrom-fra-Sciara-del-Fuoco-gult-varselniva.jpg","datePublished":"2026-04-13T08:48:59+00:00","dateModified":"2026-04-13T08:49:01+00:00","breadcrumb":{"@id":"https:\/\/nordnesrepublikken.no\/index.php\/2026\/04\/13\/lavastrom-fra-sciara-del-fuoco-gult-varselniva\/#breadcrumb"},"inLanguage":"nb-NO","potentialAction":[{"@type":"ReadAction","target":["https:\/\/nordnesrepublikken.no\/index.php\/2026\/04\/13\/lavastrom-fra-sciara-del-fuoco-gult-varselniva\/"]}]},{"@type":"ImageObject","inLanguage":"nb-NO","@id":"https:\/\/nordnesrepublikken.no\/index.php\/2026\/04\/13\/lavastrom-fra-sciara-del-fuoco-gult-varselniva\/#primaryimage","url":"https:\/\/nordnesrepublikken.no\/wp-content\/uploads\/2026\/04\/1776070141_lavastrom-fra-Sciara-del-Fuoco-gult-varselniva.jpg","contentUrl":"https:\/\/nordnesrepublikken.no\/wp-content\/uploads\/2026\/04\/1776070141_lavastrom-fra-Sciara-del-Fuoco-gult-varselniva.jpg","width":1200,"height":726,"caption":"lavastr\u00f8m fra Sciara del Fuoco, gult varselniv\u00e5"},{"@type":"BreadcrumbList","@id":"https:\/\/nordnesrepublikken.no\/index.php\/2026\/04\/13\/lavastrom-fra-sciara-del-fuoco-gult-varselniva\/#breadcrumb","itemListElement":[{"@type":"ListItem","position":1,"name":"Home","item":"https:\/\/nordnesrepublikken.no\/"},{"@type":"ListItem","position":2,"name":"lavastr\u00f8m fra Sciara del Fuoco, gult varselniv\u00e5"}]},{"@type":"WebSite","@id":"https:\/\/nordnesrepublikken.no\/#website","url":"https:\/\/nordnesrepublikken.no\/","name":"Nordnesrepublikken","description":"Stemmer og Visjoner fra Republikkens Hjerte","publisher":{"@id":"https:\/\/nordnesrepublikken.no\/#organization"},"potentialAction":[{"@type":"SearchAction","target":{"@type":"EntryPoint","urlTemplate":"https:\/\/nordnesrepublikken.no\/?s={search_term_string}"},"query-input":{"@type":"PropertyValueSpecification","valueRequired":true,"valueName":"search_term_string"}}],"inLanguage":"nb-NO"},{"@type":"Organization","@id":"https:\/\/nordnesrepublikken.no\/#organization","name":"Nordnesrepublikken","url":"https:\/\/nordnesrepublikken.no\/","logo":{"@type":"ImageObject","inLanguage":"nb-NO","@id":"https:\/\/nordnesrepublikken.no\/#\/schema\/logo\/image\/","url":"https:\/\/nordnesrepublikken.no\/wp-content\/uploads\/2025\/02\/cropped-nordnesrepublikken-2.png","contentUrl":"https:\/\/nordnesrepublikken.no\/wp-content\/uploads\/2025\/02\/cropped-nordnesrepublikken-2.png","width":1248,"height":362,"caption":"Nordnesrepublikken"},"image":{"@id":"https:\/\/nordnesrepublikken.no\/#\/schema\/logo\/image\/"}},{"@type":"Person","@id":"https:\/\/nordnesrepublikken.no\/#\/schema\/person\/2e7e81935bab77882fffb79296240ff1","name":"Ole Andersen","image":{"@type":"ImageObject","inLanguage":"nb-NO","@id":"https:\/\/nordnesrepublikken.no\/#\/schema\/person\/image\/","url":"https:\/\/nordnesrepublikken.no\/wp-content\/uploads\/2025\/02\/nordnesrepublikken-2-2-150x150.jpg","contentUrl":"https:\/\/nordnesrepublikken.no\/wp-content\/uploads\/2025\/02\/nordnesrepublikken-2-2-150x150.jpg","caption":"Ole Andersen"},"description":"Ettersom jeg vokste opp i Oslo, har jeg alltid v\u00e6rt fascinert av ordenes kraft og deres evne til \u00e5 skape endringer. Etter \u00e5 ha fullf\u00f8rt min utdannelse i kommunikasjon ved Universitetet i Bergen, fikk jeg muligheten til \u00e5 jobbe innen ulike medier, der jeg har s\u00f8kt \u00e5 belyse viktige samfunnssp\u00f8rsm\u00e5l. I dag, som redakt\u00f8r for Nordnesrepublikken, pr\u00f8ver jeg \u00e5 forene min kj\u00e6rlighet for journalistikk med min lidenskap for innovasjon og eventyr.","sameAs":["https:\/\/nordnesrepublikken.no\/"]}]}},"_links":{"self":[{"href":"https:\/\/nordnesrepublikken.no\/index.php\/wp-json\/wp\/v2\/posts\/16921","targetHints":{"allow":["GET"]}}],"collection":[{"href":"https:\/\/nordnesrepublikken.no\/index.php\/wp-json\/wp\/v2\/posts"}],"about":[{"href":"https:\/\/nordnesrepublikken.no\/index.php\/wp-json\/wp\/v2\/types\/post"}],"author":[{"embeddable":true,"href":"https:\/\/nordnesrepublikken.no\/index.php\/wp-json\/wp\/v2\/users\/1"}],"replies":[{"embeddable":true,"href":"https:\/\/nordnesrepublikken.no\/index.php\/wp-json\/wp\/v2\/comments?post=16921"}],"version-history":[{"count":1,"href":"https:\/\/nordnesrepublikken.no\/index.php\/wp-json\/wp\/v2\/posts\/16921\/revisions"}],"predecessor-version":[{"id":16923,"href":"https:\/\/nordnesrepublikken.no\/index.php\/wp-json\/wp\/v2\/posts\/16921\/revisions\/16923"}],"wp:featuredmedia":[{"embeddable":true,"href":"https:\/\/nordnesrepublikken.no\/index.php\/wp-json\/wp\/v2\/media\/16922"}],"wp:attachment":[{"href":"https:\/\/nordnesrepublikken.no\/index.php\/wp-json\/wp\/v2\/media?parent=16921"}],"wp:term":[{"taxonomy":"category","embeddable":true,"href":"https:\/\/nordnesrepublikken.no\/index.php\/wp-json\/wp\/v2\/categories?post=16921"},{"taxonomy":"post_tag","embeddable":true,"href":"https:\/\/nordnesrepublikken.no\/index.php\/wp-json\/wp\/v2\/tags?post=16921"}],"curies":[{"name":"wp","href":"https:\/\/api.w.org\/{rel}","templated":true}]}}