{"id":16912,"date":"2026-04-12T22:17:19","date_gmt":"2026-04-12T20:17:19","guid":{"rendered":"https:\/\/nordnesrepublikken.no\/index.php\/2026\/04\/12\/lufthansa-streiken-vil-ramme-flyreiser-over-hele-tyskland-denne-uken-hva-passasjerene-trenger-a-vite-na\/"},"modified":"2026-04-12T22:17:21","modified_gmt":"2026-04-12T20:17:21","slug":"lufthansa-streiken-vil-ramme-flyreiser-over-hele-tyskland-denne-uken-hva-passasjerene-trenger-a-vite-na","status":"publish","type":"post","link":"https:\/\/nordnesrepublikken.no\/index.php\/2026\/04\/12\/lufthansa-streiken-vil-ramme-flyreiser-over-hele-tyskland-denne-uken-hva-passasjerene-trenger-a-vite-na\/","title":{"rendered":"Lufthansa-streiken vil ramme flyreiser over hele Tyskland denne uken: Hva passasjerene trenger \u00e5 vite n\u00e5"},"content":{"rendered":"<p><\/p>\n<div class=\"wordpress-content\">\n                    <!-- Article Start --><\/p>\n<p>Passasjerer som reiser til eller fra Tyskland denne uken kan f\u00e5 store forstyrrelser, ettersom piloter hos Lufthansa og dets datterselskaper forbereder seg p\u00e5 en ny todagers streik. Trekkingen, planlagt til mandag og tirsdag 14. april, forventes \u00e5 p\u00e5virke flyreiser som opereres av Lufthansa, CityLine, Eurowings og Lufthansa Cargo, med tusenvis av reisende som sannsynligvis vil se forsinkelser eller kanselleringer.<\/p>\n<p>Streiken er innkalt av pilotforbundet Vereinigung Cockpit, som sier at forhandlingene om l\u00f8nn og pensjon har stoppet opp. For passasjerene kunne ikke timingen v\u00e6rt d\u00e5rligere, den kommer like etter den travle p\u00e5skens reiseperiode og like mange legger ut p\u00e5 v\u00e5rturer.<\/p>\n<h2>Hvorfor Lufthansa-piloter g\u00e5r ut igjen<\/h2>\n<p>Tvisten har p\u00e5g\u00e5tt en stund. If\u00f8lge tillitsvalgte har samtaler med Lufthansa ikke gitt noen meningsfull fremgang, spesielt n\u00e5r det gjelder l\u00f8nnsvilk\u00e5r og pensjonsordninger.<\/p>\n<div class=\"sra_unit\"><link rel=\"stylesheet\" id=\"block-sra\" href=\"https:\/\/euroweeklynews.com\/wp-content\/plugins\/snack-related-articles\/dist\/css\/snack-related.min.css?250312-193541\" type=\"text\/css\" media=\"all\">\n<\/div>\n<p>Fagforeningsleder Andreas Pinheiro sa at det ikke hadde v\u00e6rt noe seri\u00f8st fors\u00f8k fra arbeidsgivere p\u00e5 \u00e5 l\u00f8se problemene, til tross for flere runder med diskusjoner. Han p\u00e5pekte ogs\u00e5 at piloter bevisst unngikk streikeaksjoner i p\u00e5sken for \u00e5 begrense forstyrrelser, men at det ikke fulgte noe konkret tilbud.<\/p>\n<p>Denne siste streiken f\u00f8lger tidligere streikeaksjoner i mars, da piloter fra Lufthansa og dets datterselskaper ogs\u00e5 stoppet arbeidet i to dager. Den gjentatte handlingen antyder at konflikten langt fra er l\u00f8st.<\/p>\n<p>Fra flyselskapets side har det v\u00e6rt et \u00f8kende press for \u00e5 g\u00e5 tilbake til forhandlinger, men det er forel\u00f8pig ikke kommet til enighet.<\/p>\n<h2>Hvilke flyreiser og flyselskaper er ber\u00f8rt<\/h2>\n<p>Streiken vil p\u00e5virke en stor del av Lufthansas virksomhet. Dette inkluderer:<\/p>\n<p>Lufthansa hovedlinjeflyvninger<br \/>\nCityLine regionale tjenester<br \/>\nEurowings ruter<br \/>\nLufthansa Cargo operasjoner<\/p>\n<p>Store knutepunkter som Frankfurt og M\u00fcnchen forventes \u00e5 bli spesielt ber\u00f8rt, med sannsynlige forsinkelser p\u00e5 tvers av nettverket. Selv flyvninger som ikke er kansellert kan bli utsatt for endringer i tidsplanen, ettersom fly- og mannskapsrotasjoner blir forstyrret.<\/p>\n<p>Det er imidlertid ett viktig unntak. Flyreiser med avgang fra Tyskland til visse destinasjoner i Midt\u00f8sten vil ikke bli ber\u00f8rt av streiken. Disse inkluderer ruter til land som De forente arabiske emirater, Qatar, Saudi-Arabia og Israel.<\/p>\n<p>Fagforeningen bekreftet at disse unntakene er knyttet til den n\u00e5v\u00e6rende geopolitiske situasjonen, noe som betyr at tjenester p\u00e5 disse rutene vil fortsette \u00e5 operere som planlagt.<\/p>\n<h2>Hva reisende b\u00f8r forvente i l\u00f8pet av de neste to dagene<\/h2>\n<p>For passasjerene er n\u00f8kkelr\u00e5det enkelt. Sjekk flystatusen din f\u00f8r du drar til flyplassen. Flyselskaper begynner vanligvis \u00e5 varsle ber\u00f8rte reisende p\u00e5 forh\u00e5nd, men endringer i siste liten er fortsatt mulig under streiken.<\/p>\n<p>De som har bestillinger hos Lufthansa eller dets datterselskaper b\u00f8r holde \u00f8ye med e-poster, flyselskapsapper og offisielle oppdateringer. I mange tilfeller kan passasjerer bli tilbudt ombestillingsmuligheter eller refusjon, avhengig av avbruddsniv\u00e5et.<\/p>\n<p>Flyplasser i Tyskland vil sannsynligvis ogs\u00e5 v\u00e6re travlere enn vanlig, med lengre k\u00f8er og potensielle forsinkelser selv for flyvninger som g\u00e5r videre. Reisende blir bedt om \u00e5 tillate ekstra tid og v\u00e6re fleksible med planene sine.<\/p>\n<p>Denne siste streiken er nok en p\u00e5minnelse om hvor raskt reiseplaner kan bli p\u00e5virket av arbeidskamp. Med ingen klar l\u00f8sning enn\u00e5 i sikte, kan ytterligere forstyrrelser ikke utelukkes hvis forhandlingene fortsetter \u00e5 stoppe.<\/p>\n<p>Forel\u00f8pig er alle \u00f8yne rettet mot mandag og tirsdag, da en av Europas st\u00f8rste flyselskaper st\u00e5r foran nok en utfordrende uke.<\/p>\n<p>                    <!-- Originally published at https:\/\/euroweeklynews.com\/2026\/04\/12\/lufthansa-strike-set-to-hit-flights-across-germany-this-week-what-passengers-need-to-know-now\/ on 12 Apr 2026 at 22:03 by Farah Mokrani --><br \/>\n                    <!-- Article End -->\n                <\/div>\n","protected":false},"excerpt":{"rendered":"<p>Passasjerer som reiser til eller fra Tyskland denne uken kan f\u00e5 store forstyrrelser, ettersom piloter<\/p>\n","protected":false},"author":1,"featured_media":16913,"comment_status":"closed","ping_status":"open","sticky":false,"template":"","format":"standard","meta":{"footnotes":""},"categories":[105],"tags":[1717,805,3372,144,10871,606,10932,7593,1478,1201,3899,149,1479],"class_list":["post-16912","post","type-post","status-publish","format-standard","has-post-thumbnail","hentry","category-livsstil","tag-denne","tag-flyreiser","tag-hele","tag-hva","tag-lufthansastreiken","tag-na","tag-passasjerene","tag-ramme","tag-trenger","tag-tyskland","tag-uken","tag-vil","tag-vite","generate-columns","tablet-grid-50","mobile-grid-100","grid-parent","grid-33","resize-featured-image"],"yoast_head":"<!-- This site is optimized with the Yoast SEO plugin v24.4 - https:\/\/yoast.com\/wordpress\/plugins\/seo\/ -->\n<title>Lufthansa-streiken vil ramme flyreiser over hele Tyskland denne uken: Hva passasjerene trenger \u00e5 vite n\u00e5 - Nordnesrepublikken<\/title>\n<meta name=\"robots\" content=\"index, follow, max-snippet:-1, max-image-preview:large, max-video-preview:-1\" \/>\n<link rel=\"canonical\" href=\"https:\/\/nordnesrepublikken.no\/index.php\/2026\/04\/12\/lufthansa-streiken-vil-ramme-flyreiser-over-hele-tyskland-denne-uken-hva-passasjerene-trenger-a-vite-na\/\" \/>\n<meta property=\"og:locale\" content=\"nb_NO\" \/>\n<meta property=\"og:type\" content=\"article\" \/>\n<meta property=\"og:title\" content=\"Lufthansa-streiken vil ramme flyreiser over hele Tyskland denne uken: Hva passasjerene trenger \u00e5 vite n\u00e5 - Nordnesrepublikken\" \/>\n<meta property=\"og:description\" content=\"Passasjerer som reiser til eller fra Tyskland denne uken kan f\u00e5 store forstyrrelser, ettersom piloter\" \/>\n<meta property=\"og:url\" content=\"https:\/\/nordnesrepublikken.no\/index.php\/2026\/04\/12\/lufthansa-streiken-vil-ramme-flyreiser-over-hele-tyskland-denne-uken-hva-passasjerene-trenger-a-vite-na\/\" \/>\n<meta property=\"og:site_name\" content=\"Nordnesrepublikken\" \/>\n<meta property=\"article:published_time\" content=\"2026-04-12T20:17:19+00:00\" \/>\n<meta property=\"article:modified_time\" content=\"2026-04-12T20:17:21+00:00\" \/>\n<meta property=\"og:image\" content=\"https:\/\/nordnesrepublikken.no\/wp-content\/uploads\/2026\/04\/1776025041_Lufthansa-streiken-vil-ramme-flyreiser-over-hele-Tyskland-denne-uken-Hva.jpg\" \/>\n\t<meta property=\"og:image:width\" content=\"1200\" \/>\n\t<meta property=\"og:image:height\" content=\"801\" \/>\n\t<meta property=\"og:image:type\" content=\"image\/jpeg\" \/>\n<meta name=\"author\" content=\"Ole Andersen\" \/>\n<meta name=\"twitter:card\" content=\"summary_large_image\" \/>\n<meta name=\"twitter:label1\" content=\"Skrevet av\" \/>\n\t<meta name=\"twitter:data1\" content=\"Ole Andersen\" \/>\n\t<meta name=\"twitter:label2\" content=\"Ansl. lesetid\" \/>\n\t<meta name=\"twitter:data2\" content=\"3 minutter\" \/>\n<script type=\"application\/ld+json\" class=\"yoast-schema-graph\">{\"@context\":\"https:\/\/schema.org\",\"@graph\":[{\"@type\":\"Article\",\"@id\":\"https:\/\/nordnesrepublikken.no\/index.php\/2026\/04\/12\/lufthansa-streiken-vil-ramme-flyreiser-over-hele-tyskland-denne-uken-hva-passasjerene-trenger-a-vite-na\/#article\",\"isPartOf\":{\"@id\":\"https:\/\/nordnesrepublikken.no\/index.php\/2026\/04\/12\/lufthansa-streiken-vil-ramme-flyreiser-over-hele-tyskland-denne-uken-hva-passasjerene-trenger-a-vite-na\/\"},\"author\":{\"name\":\"Ole Andersen\",\"@id\":\"https:\/\/nordnesrepublikken.no\/#\/schema\/person\/2e7e81935bab77882fffb79296240ff1\"},\"headline\":\"Lufthansa-streiken vil ramme flyreiser over hele Tyskland denne uken: Hva passasjerene trenger \u00e5 vite n\u00e5\",\"datePublished\":\"2026-04-12T20:17:19+00:00\",\"dateModified\":\"2026-04-12T20:17:21+00:00\",\"mainEntityOfPage\":{\"@id\":\"https:\/\/nordnesrepublikken.no\/index.php\/2026\/04\/12\/lufthansa-streiken-vil-ramme-flyreiser-over-hele-tyskland-denne-uken-hva-passasjerene-trenger-a-vite-na\/\"},\"wordCount\":572,\"publisher\":{\"@id\":\"https:\/\/nordnesrepublikken.no\/#organization\"},\"image\":{\"@id\":\"https:\/\/nordnesrepublikken.no\/index.php\/2026\/04\/12\/lufthansa-streiken-vil-ramme-flyreiser-over-hele-tyskland-denne-uken-hva-passasjerene-trenger-a-vite-na\/#primaryimage\"},\"thumbnailUrl\":\"https:\/\/nordnesrepublikken.no\/wp-content\/uploads\/2026\/04\/1776025041_Lufthansa-streiken-vil-ramme-flyreiser-over-hele-Tyskland-denne-uken-Hva.jpg\",\"keywords\":[\"denne\",\"flyreiser\",\"hele\",\"Hva\",\"Lufthansastreiken\",\"n\u00e5\",\"passasjerene\",\"ramme\",\"trenger\",\"Tyskland\",\"uken\",\"vil\",\"vite\"],\"articleSection\":[\"Livsstil\"],\"inLanguage\":\"nb-NO\"},{\"@type\":\"WebPage\",\"@id\":\"https:\/\/nordnesrepublikken.no\/index.php\/2026\/04\/12\/lufthansa-streiken-vil-ramme-flyreiser-over-hele-tyskland-denne-uken-hva-passasjerene-trenger-a-vite-na\/\",\"url\":\"https:\/\/nordnesrepublikken.no\/index.php\/2026\/04\/12\/lufthansa-streiken-vil-ramme-flyreiser-over-hele-tyskland-denne-uken-hva-passasjerene-trenger-a-vite-na\/\",\"name\":\"Lufthansa-streiken vil ramme flyreiser over hele Tyskland denne uken: Hva passasjerene trenger \u00e5 vite n\u00e5 - Nordnesrepublikken\",\"isPartOf\":{\"@id\":\"https:\/\/nordnesrepublikken.no\/#website\"},\"primaryImageOfPage\":{\"@id\":\"https:\/\/nordnesrepublikken.no\/index.php\/2026\/04\/12\/lufthansa-streiken-vil-ramme-flyreiser-over-hele-tyskland-denne-uken-hva-passasjerene-trenger-a-vite-na\/#primaryimage\"},\"image\":{\"@id\":\"https:\/\/nordnesrepublikken.no\/index.php\/2026\/04\/12\/lufthansa-streiken-vil-ramme-flyreiser-over-hele-tyskland-denne-uken-hva-passasjerene-trenger-a-vite-na\/#primaryimage\"},\"thumbnailUrl\":\"https:\/\/nordnesrepublikken.no\/wp-content\/uploads\/2026\/04\/1776025041_Lufthansa-streiken-vil-ramme-flyreiser-over-hele-Tyskland-denne-uken-Hva.jpg\",\"datePublished\":\"2026-04-12T20:17:19+00:00\",\"dateModified\":\"2026-04-12T20:17:21+00:00\",\"breadcrumb\":{\"@id\":\"https:\/\/nordnesrepublikken.no\/index.php\/2026\/04\/12\/lufthansa-streiken-vil-ramme-flyreiser-over-hele-tyskland-denne-uken-hva-passasjerene-trenger-a-vite-na\/#breadcrumb\"},\"inLanguage\":\"nb-NO\",\"potentialAction\":[{\"@type\":\"ReadAction\",\"target\":[\"https:\/\/nordnesrepublikken.no\/index.php\/2026\/04\/12\/lufthansa-streiken-vil-ramme-flyreiser-over-hele-tyskland-denne-uken-hva-passasjerene-trenger-a-vite-na\/\"]}]},{\"@type\":\"ImageObject\",\"inLanguage\":\"nb-NO\",\"@id\":\"https:\/\/nordnesrepublikken.no\/index.php\/2026\/04\/12\/lufthansa-streiken-vil-ramme-flyreiser-over-hele-tyskland-denne-uken-hva-passasjerene-trenger-a-vite-na\/#primaryimage\",\"url\":\"https:\/\/nordnesrepublikken.no\/wp-content\/uploads\/2026\/04\/1776025041_Lufthansa-streiken-vil-ramme-flyreiser-over-hele-Tyskland-denne-uken-Hva.jpg\",\"contentUrl\":\"https:\/\/nordnesrepublikken.no\/wp-content\/uploads\/2026\/04\/1776025041_Lufthansa-streiken-vil-ramme-flyreiser-over-hele-Tyskland-denne-uken-Hva.jpg\",\"width\":1200,\"height\":801,\"caption\":\"Lufthansa-streiken vil ramme flyreiser over hele Tyskland denne uken: Hva passasjerene trenger \u00e5 vite n\u00e5\"},{\"@type\":\"BreadcrumbList\",\"@id\":\"https:\/\/nordnesrepublikken.no\/index.php\/2026\/04\/12\/lufthansa-streiken-vil-ramme-flyreiser-over-hele-tyskland-denne-uken-hva-passasjerene-trenger-a-vite-na\/#breadcrumb\",\"itemListElement\":[{\"@type\":\"ListItem\",\"position\":1,\"name\":\"Home\",\"item\":\"https:\/\/nordnesrepublikken.no\/\"},{\"@type\":\"ListItem\",\"position\":2,\"name\":\"Lufthansa-streiken vil ramme flyreiser over hele Tyskland denne uken: Hva passasjerene trenger \u00e5 vite n\u00e5\"}]},{\"@type\":\"WebSite\",\"@id\":\"https:\/\/nordnesrepublikken.no\/#website\",\"url\":\"https:\/\/nordnesrepublikken.no\/\",\"name\":\"Nordnesrepublikken\",\"description\":\"Stemmer og Visjoner fra Republikkens Hjerte\",\"publisher\":{\"@id\":\"https:\/\/nordnesrepublikken.no\/#organization\"},\"potentialAction\":[{\"@type\":\"SearchAction\",\"target\":{\"@type\":\"EntryPoint\",\"urlTemplate\":\"https:\/\/nordnesrepublikken.no\/?s={search_term_string}\"},\"query-input\":{\"@type\":\"PropertyValueSpecification\",\"valueRequired\":true,\"valueName\":\"search_term_string\"}}],\"inLanguage\":\"nb-NO\"},{\"@type\":\"Organization\",\"@id\":\"https:\/\/nordnesrepublikken.no\/#organization\",\"name\":\"Nordnesrepublikken\",\"url\":\"https:\/\/nordnesrepublikken.no\/\",\"logo\":{\"@type\":\"ImageObject\",\"inLanguage\":\"nb-NO\",\"@id\":\"https:\/\/nordnesrepublikken.no\/#\/schema\/logo\/image\/\",\"url\":\"https:\/\/nordnesrepublikken.no\/wp-content\/uploads\/2025\/02\/cropped-nordnesrepublikken-2.png\",\"contentUrl\":\"https:\/\/nordnesrepublikken.no\/wp-content\/uploads\/2025\/02\/cropped-nordnesrepublikken-2.png\",\"width\":1248,\"height\":362,\"caption\":\"Nordnesrepublikken\"},\"image\":{\"@id\":\"https:\/\/nordnesrepublikken.no\/#\/schema\/logo\/image\/\"}},{\"@type\":\"Person\",\"@id\":\"https:\/\/nordnesrepublikken.no\/#\/schema\/person\/2e7e81935bab77882fffb79296240ff1\",\"name\":\"Ole Andersen\",\"image\":{\"@type\":\"ImageObject\",\"inLanguage\":\"nb-NO\",\"@id\":\"https:\/\/nordnesrepublikken.no\/#\/schema\/person\/image\/\",\"url\":\"https:\/\/nordnesrepublikken.no\/wp-content\/uploads\/2025\/02\/nordnesrepublikken-2-2-150x150.jpg\",\"contentUrl\":\"https:\/\/nordnesrepublikken.no\/wp-content\/uploads\/2025\/02\/nordnesrepublikken-2-2-150x150.jpg\",\"caption\":\"Ole Andersen\"},\"description\":\"Ettersom jeg vokste opp i Oslo, har jeg alltid v\u00e6rt fascinert av ordenes kraft og deres evne til \u00e5 skape endringer. Etter \u00e5 ha fullf\u00f8rt min utdannelse i kommunikasjon ved Universitetet i Bergen, fikk jeg muligheten til \u00e5 jobbe innen ulike medier, der jeg har s\u00f8kt \u00e5 belyse viktige samfunnssp\u00f8rsm\u00e5l. I dag, som redakt\u00f8r for Nordnesrepublikken, pr\u00f8ver jeg \u00e5 forene min kj\u00e6rlighet for journalistikk med min lidenskap for innovasjon og eventyr.\",\"sameAs\":[\"https:\/\/nordnesrepublikken.no\/\"]}]}<\/script>\n<!-- \/ Yoast SEO plugin. -->","yoast_head_json":{"title":"Lufthansa-streiken vil ramme flyreiser over hele Tyskland denne uken: Hva passasjerene trenger \u00e5 vite n\u00e5 - Nordnesrepublikken","robots":{"index":"index","follow":"follow","max-snippet":"max-snippet:-1","max-image-preview":"max-image-preview:large","max-video-preview":"max-video-preview:-1"},"canonical":"https:\/\/nordnesrepublikken.no\/index.php\/2026\/04\/12\/lufthansa-streiken-vil-ramme-flyreiser-over-hele-tyskland-denne-uken-hva-passasjerene-trenger-a-vite-na\/","og_locale":"nb_NO","og_type":"article","og_title":"Lufthansa-streiken vil ramme flyreiser over hele Tyskland denne uken: Hva passasjerene trenger \u00e5 vite n\u00e5 - Nordnesrepublikken","og_description":"Passasjerer som reiser til eller fra Tyskland denne uken kan f\u00e5 store forstyrrelser, ettersom piloter","og_url":"https:\/\/nordnesrepublikken.no\/index.php\/2026\/04\/12\/lufthansa-streiken-vil-ramme-flyreiser-over-hele-tyskland-denne-uken-hva-passasjerene-trenger-a-vite-na\/","og_site_name":"Nordnesrepublikken","article_published_time":"2026-04-12T20:17:19+00:00","article_modified_time":"2026-04-12T20:17:21+00:00","og_image":[{"width":1200,"height":801,"url":"https:\/\/nordnesrepublikken.no\/wp-content\/uploads\/2026\/04\/1776025041_Lufthansa-streiken-vil-ramme-flyreiser-over-hele-Tyskland-denne-uken-Hva.jpg","type":"image\/jpeg"}],"author":"Ole Andersen","twitter_card":"summary_large_image","twitter_misc":{"Skrevet av":"Ole Andersen","Ansl. lesetid":"3 minutter"},"schema":{"@context":"https:\/\/schema.org","@graph":[{"@type":"Article","@id":"https:\/\/nordnesrepublikken.no\/index.php\/2026\/04\/12\/lufthansa-streiken-vil-ramme-flyreiser-over-hele-tyskland-denne-uken-hva-passasjerene-trenger-a-vite-na\/#article","isPartOf":{"@id":"https:\/\/nordnesrepublikken.no\/index.php\/2026\/04\/12\/lufthansa-streiken-vil-ramme-flyreiser-over-hele-tyskland-denne-uken-hva-passasjerene-trenger-a-vite-na\/"},"author":{"name":"Ole Andersen","@id":"https:\/\/nordnesrepublikken.no\/#\/schema\/person\/2e7e81935bab77882fffb79296240ff1"},"headline":"Lufthansa-streiken vil ramme flyreiser over hele Tyskland denne uken: Hva passasjerene trenger \u00e5 vite n\u00e5","datePublished":"2026-04-12T20:17:19+00:00","dateModified":"2026-04-12T20:17:21+00:00","mainEntityOfPage":{"@id":"https:\/\/nordnesrepublikken.no\/index.php\/2026\/04\/12\/lufthansa-streiken-vil-ramme-flyreiser-over-hele-tyskland-denne-uken-hva-passasjerene-trenger-a-vite-na\/"},"wordCount":572,"publisher":{"@id":"https:\/\/nordnesrepublikken.no\/#organization"},"image":{"@id":"https:\/\/nordnesrepublikken.no\/index.php\/2026\/04\/12\/lufthansa-streiken-vil-ramme-flyreiser-over-hele-tyskland-denne-uken-hva-passasjerene-trenger-a-vite-na\/#primaryimage"},"thumbnailUrl":"https:\/\/nordnesrepublikken.no\/wp-content\/uploads\/2026\/04\/1776025041_Lufthansa-streiken-vil-ramme-flyreiser-over-hele-Tyskland-denne-uken-Hva.jpg","keywords":["denne","flyreiser","hele","Hva","Lufthansastreiken","n\u00e5","passasjerene","ramme","trenger","Tyskland","uken","vil","vite"],"articleSection":["Livsstil"],"inLanguage":"nb-NO"},{"@type":"WebPage","@id":"https:\/\/nordnesrepublikken.no\/index.php\/2026\/04\/12\/lufthansa-streiken-vil-ramme-flyreiser-over-hele-tyskland-denne-uken-hva-passasjerene-trenger-a-vite-na\/","url":"https:\/\/nordnesrepublikken.no\/index.php\/2026\/04\/12\/lufthansa-streiken-vil-ramme-flyreiser-over-hele-tyskland-denne-uken-hva-passasjerene-trenger-a-vite-na\/","name":"Lufthansa-streiken vil ramme flyreiser over hele Tyskland denne uken: Hva passasjerene trenger \u00e5 vite n\u00e5 - Nordnesrepublikken","isPartOf":{"@id":"https:\/\/nordnesrepublikken.no\/#website"},"primaryImageOfPage":{"@id":"https:\/\/nordnesrepublikken.no\/index.php\/2026\/04\/12\/lufthansa-streiken-vil-ramme-flyreiser-over-hele-tyskland-denne-uken-hva-passasjerene-trenger-a-vite-na\/#primaryimage"},"image":{"@id":"https:\/\/nordnesrepublikken.no\/index.php\/2026\/04\/12\/lufthansa-streiken-vil-ramme-flyreiser-over-hele-tyskland-denne-uken-hva-passasjerene-trenger-a-vite-na\/#primaryimage"},"thumbnailUrl":"https:\/\/nordnesrepublikken.no\/wp-content\/uploads\/2026\/04\/1776025041_Lufthansa-streiken-vil-ramme-flyreiser-over-hele-Tyskland-denne-uken-Hva.jpg","datePublished":"2026-04-12T20:17:19+00:00","dateModified":"2026-04-12T20:17:21+00:00","breadcrumb":{"@id":"https:\/\/nordnesrepublikken.no\/index.php\/2026\/04\/12\/lufthansa-streiken-vil-ramme-flyreiser-over-hele-tyskland-denne-uken-hva-passasjerene-trenger-a-vite-na\/#breadcrumb"},"inLanguage":"nb-NO","potentialAction":[{"@type":"ReadAction","target":["https:\/\/nordnesrepublikken.no\/index.php\/2026\/04\/12\/lufthansa-streiken-vil-ramme-flyreiser-over-hele-tyskland-denne-uken-hva-passasjerene-trenger-a-vite-na\/"]}]},{"@type":"ImageObject","inLanguage":"nb-NO","@id":"https:\/\/nordnesrepublikken.no\/index.php\/2026\/04\/12\/lufthansa-streiken-vil-ramme-flyreiser-over-hele-tyskland-denne-uken-hva-passasjerene-trenger-a-vite-na\/#primaryimage","url":"https:\/\/nordnesrepublikken.no\/wp-content\/uploads\/2026\/04\/1776025041_Lufthansa-streiken-vil-ramme-flyreiser-over-hele-Tyskland-denne-uken-Hva.jpg","contentUrl":"https:\/\/nordnesrepublikken.no\/wp-content\/uploads\/2026\/04\/1776025041_Lufthansa-streiken-vil-ramme-flyreiser-over-hele-Tyskland-denne-uken-Hva.jpg","width":1200,"height":801,"caption":"Lufthansa-streiken vil ramme flyreiser over hele Tyskland denne uken: Hva passasjerene trenger \u00e5 vite n\u00e5"},{"@type":"BreadcrumbList","@id":"https:\/\/nordnesrepublikken.no\/index.php\/2026\/04\/12\/lufthansa-streiken-vil-ramme-flyreiser-over-hele-tyskland-denne-uken-hva-passasjerene-trenger-a-vite-na\/#breadcrumb","itemListElement":[{"@type":"ListItem","position":1,"name":"Home","item":"https:\/\/nordnesrepublikken.no\/"},{"@type":"ListItem","position":2,"name":"Lufthansa-streiken vil ramme flyreiser over hele Tyskland denne uken: Hva passasjerene trenger \u00e5 vite n\u00e5"}]},{"@type":"WebSite","@id":"https:\/\/nordnesrepublikken.no\/#website","url":"https:\/\/nordnesrepublikken.no\/","name":"Nordnesrepublikken","description":"Stemmer og Visjoner fra Republikkens Hjerte","publisher":{"@id":"https:\/\/nordnesrepublikken.no\/#organization"},"potentialAction":[{"@type":"SearchAction","target":{"@type":"EntryPoint","urlTemplate":"https:\/\/nordnesrepublikken.no\/?s={search_term_string}"},"query-input":{"@type":"PropertyValueSpecification","valueRequired":true,"valueName":"search_term_string"}}],"inLanguage":"nb-NO"},{"@type":"Organization","@id":"https:\/\/nordnesrepublikken.no\/#organization","name":"Nordnesrepublikken","url":"https:\/\/nordnesrepublikken.no\/","logo":{"@type":"ImageObject","inLanguage":"nb-NO","@id":"https:\/\/nordnesrepublikken.no\/#\/schema\/logo\/image\/","url":"https:\/\/nordnesrepublikken.no\/wp-content\/uploads\/2025\/02\/cropped-nordnesrepublikken-2.png","contentUrl":"https:\/\/nordnesrepublikken.no\/wp-content\/uploads\/2025\/02\/cropped-nordnesrepublikken-2.png","width":1248,"height":362,"caption":"Nordnesrepublikken"},"image":{"@id":"https:\/\/nordnesrepublikken.no\/#\/schema\/logo\/image\/"}},{"@type":"Person","@id":"https:\/\/nordnesrepublikken.no\/#\/schema\/person\/2e7e81935bab77882fffb79296240ff1","name":"Ole Andersen","image":{"@type":"ImageObject","inLanguage":"nb-NO","@id":"https:\/\/nordnesrepublikken.no\/#\/schema\/person\/image\/","url":"https:\/\/nordnesrepublikken.no\/wp-content\/uploads\/2025\/02\/nordnesrepublikken-2-2-150x150.jpg","contentUrl":"https:\/\/nordnesrepublikken.no\/wp-content\/uploads\/2025\/02\/nordnesrepublikken-2-2-150x150.jpg","caption":"Ole Andersen"},"description":"Ettersom jeg vokste opp i Oslo, har jeg alltid v\u00e6rt fascinert av ordenes kraft og deres evne til \u00e5 skape endringer. Etter \u00e5 ha fullf\u00f8rt min utdannelse i kommunikasjon ved Universitetet i Bergen, fikk jeg muligheten til \u00e5 jobbe innen ulike medier, der jeg har s\u00f8kt \u00e5 belyse viktige samfunnssp\u00f8rsm\u00e5l. I dag, som redakt\u00f8r for Nordnesrepublikken, pr\u00f8ver jeg \u00e5 forene min kj\u00e6rlighet for journalistikk med min lidenskap for innovasjon og eventyr.","sameAs":["https:\/\/nordnesrepublikken.no\/"]}]}},"_links":{"self":[{"href":"https:\/\/nordnesrepublikken.no\/index.php\/wp-json\/wp\/v2\/posts\/16912","targetHints":{"allow":["GET"]}}],"collection":[{"href":"https:\/\/nordnesrepublikken.no\/index.php\/wp-json\/wp\/v2\/posts"}],"about":[{"href":"https:\/\/nordnesrepublikken.no\/index.php\/wp-json\/wp\/v2\/types\/post"}],"author":[{"embeddable":true,"href":"https:\/\/nordnesrepublikken.no\/index.php\/wp-json\/wp\/v2\/users\/1"}],"replies":[{"embeddable":true,"href":"https:\/\/nordnesrepublikken.no\/index.php\/wp-json\/wp\/v2\/comments?post=16912"}],"version-history":[{"count":1,"href":"https:\/\/nordnesrepublikken.no\/index.php\/wp-json\/wp\/v2\/posts\/16912\/revisions"}],"predecessor-version":[{"id":16914,"href":"https:\/\/nordnesrepublikken.no\/index.php\/wp-json\/wp\/v2\/posts\/16912\/revisions\/16914"}],"wp:featuredmedia":[{"embeddable":true,"href":"https:\/\/nordnesrepublikken.no\/index.php\/wp-json\/wp\/v2\/media\/16913"}],"wp:attachment":[{"href":"https:\/\/nordnesrepublikken.no\/index.php\/wp-json\/wp\/v2\/media?parent=16912"}],"wp:term":[{"taxonomy":"category","embeddable":true,"href":"https:\/\/nordnesrepublikken.no\/index.php\/wp-json\/wp\/v2\/categories?post=16912"},{"taxonomy":"post_tag","embeddable":true,"href":"https:\/\/nordnesrepublikken.no\/index.php\/wp-json\/wp\/v2\/tags?post=16912"}],"curies":[{"name":"wp","href":"https:\/\/api.w.org\/{rel}","templated":true}]}}