{"id":16900,"date":"2026-04-12T13:13:15","date_gmt":"2026-04-12T11:13:15","guid":{"rendered":"https:\/\/nordnesrepublikken.no\/index.php\/2026\/04\/12\/phantom-time-hypotesen-teorien-om-at-297-ar-av-middelalderen-aldri-eksisterte\/"},"modified":"2026-04-12T13:13:20","modified_gmt":"2026-04-12T11:13:20","slug":"phantom-time-hypotesen-teorien-om-at-297-ar-av-middelalderen-aldri-eksisterte","status":"publish","type":"post","link":"https:\/\/nordnesrepublikken.no\/index.php\/2026\/04\/12\/phantom-time-hypotesen-teorien-om-at-297-ar-av-middelalderen-aldri-eksisterte\/","title":{"rendered":"&laquo;Phantom time&raquo;-hypotesen, teorien om at 297 \u00e5r av middelalderen aldri eksisterte"},"content":{"rendered":"<div>\n<div class=\"cp_wrapper cp_wrapper--fw mb-30 mb-20@tablet\">\n<figure class=\"mm\"><picture class=\"img\" style=\"padding-top:56.25%\"><source  media=\"(min-width: 1024px)\"><source  media=\"(min-width: 768px)\"><\/source><\/source><\/picture><\/figure>\n<\/p><\/div>\n<p>Den s\u00e5kalte &laquo;<strong>fantomtidshypotese<\/strong>&raquo; er en kontroversiell teori som tar sikte p\u00e5 \u00e5 korrigere en del av den historiske kronologien, og p\u00e5peker hvordan <strong>noen \u00e5rhundrer har aldri eksistert<\/strong> <b>av h\u00f8ymiddelalderen. <\/b>Det vurderes<strong> uten historisk grunnlag<\/strong> og har sirkulert p\u00e5 nettet i \u00e5revis, men i virkeligheten, <b>dateres tilbake til slutten av det tjuende \u00e5rhundre<\/b>spesielt til verkene til den tyske forleggeren og publisisten <b>Heribert Illig <\/b>og av ingeni\u00f8ren og l\u00e6rden <b>Hans-Ulrich Niemitz<\/b>. En av b\u00f8kene i denne \u00e5nden ble utgitt i 1996 med tittelen: <em>Den oppfunne middelalderen<\/em> (p\u00e5 tysk:<em> Das erfundene Mittelalter<\/em>).<\/p>\n<p>I f\u00f8lge teorien om fantomtid er det historiske intervallet inkludert <strong>mellom 614 og 911 e.Kr<\/strong> \u2013 297 \u00e5r gammel \u2013 <b>ville aldri eksistert<\/b>. Denne forfalskningen kan tilskrives keiser Otto III og pave Sylvester II, som begge hadde til hensikt \u00e5 plassere sin regjering &#8211; sekul\u00e6re og \u00e5ndelige &#8211; i korrespondanse med det skjebnesvangre \u00e5ret tusen <b>med sikte p\u00e5 \u00e5 legitimere autoritet<\/b> som de ble investert med.<\/p>\n<p>F\u00f8lgelig b\u00f8r mye av den kronologiske skanningen som dekker perioden h\u00f8ymiddelalder innrammes som en slags <strong>kunstig tomrom<\/strong> fylt etterp\u00e5 <b>fra falske dokumenter og legendariske skikkelser<\/b>.<\/p>\n<div class=\"cp_wrapper cp_wrapper--fw mb-50\">\n<figure class=\"mm\"><picture class=\"img\" style=\"padding-top:113.17494600432%\"><source  media=\"(min-width: 1024px)\"><source  media=\"(min-width: 768px)\"><img decoding=\"async\" loading=\"lazy\" src=\"https:\/\/nordnesrepublikken.no\/wp-content\/uploads\/2026\/04\/1775992394_179_Phantom-time-hypotesen-teorien-om-at-297-ar-av-middelalderen-aldri.jpg\" alt=\"Meister_der_ReichenauerOttone III_Via Wikimedia Commons\" width=\"1852\" height=\"2096\"\/><\/source><\/source><\/picture><\/figure>\n<\/p><\/div>\n<h2><b>Fordi fantomtidshypotesen ikke er overbevisende <\/b><\/h2>\n<p>I f\u00f8lge de sv\u00e6rt f\u00e5 promot\u00f8rene av sp\u00f8kelsestidshypotesen, keiseren <strong>Otto III av Sachsen<\/strong> (ca. 980 \u2013 1002 e.Kr.) og pave <strong>Sylvester II<\/strong> (ca. 940-950 \u2013 1003) ville ha <b>endret den kristne kalenderen <\/b>legger til nesten tre ikke-eksisterende \u00e5rhundrer \u2013 297 \u00e5r, for \u00e5 v\u00e6re presis \u2013 <b>\u00e5 oppn\u00e5 makt og prestisje<\/b>. \u00c5 regjere p\u00e5 slutten av det f\u00f8rste \u00e5rtusen etter Kristi f\u00f8dsel (1000 e.Kr.) ville faktisk ha tillatt keiseren og paven \u00e5 styrke sin autoritet. F\u00f8lgelig b\u00f8r middelalderens historie endres. Figurer som Karl den Store (742-814 e.Kr.) ville ikke ha noen historisk konsistens og <strong>i dag ville vi ikke v\u00e6rt i det 21. \u00e5rhundre,<\/strong> <b>men i XVIII<\/b>.<\/p>\n<p>Det er mange grunner til at vi kommer til denne konklusjonen: det faktum at de eksisterer <strong>sv\u00e6rt f\u00e5 arkeologiske funn<\/strong> til den alvorlige kritikken av sannheten av <strong>skriftlige kilder<\/strong>. Videre hevdes det at <strong>gregoriansk reform<\/strong> p\u00e5 slutten av 1500-tallet &#8211; som pave Gregor XIII erstattet den julianske kalenderen med, kunngjort av Julius Caesar &#8211; ville ha avsl\u00f8rt det kronologiske gapet med hensyn til offisiell historie. <b>Dette p\u00e5st\u00e5tte misforholdet<\/b> (resultatet av en feilaktig antagelse om den historiske funksjonen til den julianske kalenderen) er en av de viktigste spakene som brukes <strong>\u00e5 gi konkretisering til hypotesen om forfalskning<\/strong>.<\/p>\n<p>Imidlertid har fantomtidshypotesen, debattert i aviser og magasiner lenge f\u00f8r de flyttet til internett <b>bommet p\u00e5 m\u00e5let<\/b>. Han hadde ikke krefter til \u00e5 bli det han \u00f8nsket \u00e5 bli: <b>en oppsiktsvekkende \u00e5penbaring<\/b>.<\/p>\n<p>Flere forskere som har behandlet det, har avvist det. De viktigste <b>motargumenter<\/b> de gjelder regnefeil, analysen av originaldokumentene, de arkeologiske funnene og deretter <b>inkonsistensen i selve oppgaven med hensyn til dynamikken i global historie<\/b>. For \u00e5 demonstrere at \u00e5rene inkludert i perioden h\u00f8ymiddelalder virkelig eksisterte, er det ogs\u00e5 observasjoner av solform\u00f8rkelser og passasjene til Halleys komet (dokumentert i 684, 760, 837 og 912 e.Kr.).<\/p>\n<div class=\"cp_wrapper cp_wrapper--fw mb-50\">\n<figure class=\"mm\"><picture class=\"img\" style=\"padding-top:31.114285714286%\"><source  media=\"(min-width: 1024px)\"><source  media=\"(min-width: 768px)\"><img decoding=\"async\" loading=\"lazy\" src=\"https:\/\/nordnesrepublikken.no\/wp-content\/uploads\/2026\/04\/1775992395_804_Phantom-time-hypotesen-teorien-om-at-297-ar-av-middelalderen-aldri.jpg\" alt=\"middelaldersk freskomaleri\" width=\"7000\" height=\"2178\" class=\"js-seedtag-img\"\/><\/source><\/source><\/picture><\/figure>\n<\/p><\/div>\n<p>P\u00e5 den annen side, <b>den bevisste fortielsen av omtrent tre \u00e5rhundres historie <\/b>det ville ha krevd et nettverk av medvirkning og medvirkning <b>av flere \u00e5rhundrer og overnasjonal utvidelse, <\/b>i og utenfor Europa. Et usannsynlig nettverk n\u00e5r det gjelder forgreninger og kompleksitet, som det faktisk ikke er spor etter.<\/p>\n<p>En av s\u00e5rbarhetene til teorien er nettopp dens egen <strong>grensel\u00f8se og uforsiktige ambisjoner<\/strong>. For \u00e5 akseptere det, b\u00f8r man f\u00f8rst vurdere det som plausibelt <b>samtidig forfalskning<\/b> <strong>av kulturelt uavhengige og geografisk fjerne hendelser<\/strong>. Det ville v\u00e6re n\u00f8dvendig \u00e5 komprimere kristendommens lange historie og islams komplekse historie, men ogs\u00e5 for eksempel Kinas historie under Tang-dynastiet (618-907 e.Kr.). Det er en effektiv m\u00e5te \u00e5 gj\u00f8re dette p\u00e5: sett til side elementene som ikke st\u00f8tter ditt synspunkt.<\/p>\n<h2><b>Opprinnelsen til fantomtidshypotesen <\/b><\/h2>\n<p>G\u00e5 tilbake til <b>opprinnelsen til denne teorien <\/b>det er nyttig. En av hans inspirasjonskilder var en <b>konferanse arrangert i M\u00fcnchen i 1986<\/b> om middelalderforfalskninger. I den anledning <b>Horst Fuhrmann<\/b> \u2014 blant topplederne i <em>Monumenta Germaniae Historica<\/em>et redaksjonelt initiativ for innsamling av middelalderkilder &#8211; understreket at mange dokumenter som dateres tilbake til tidlig middelalder, spesielt fra merovinger- og karolingtiden, <b>de var ikke p\u00e5litelige<\/b>. Han gjorde det for \u00e5 illustrere fallgruvene i historisk arbeid og invitere til kritisk lesning av dokumentariske kilder, <b>tar hensyn til deres opprinnelse og deres form\u00e5l<\/b>.<\/p>\n<p><strong>\u00c5 tolke dem vilk\u00e5rlig<\/strong>noen tok Fuhrmanns ord som et insentiv til \u00e5 bestride dokumentene fra tidlig middelalder en bloc, og deretter g\u00e5 videre. Dermed ble det produsert en progressiv glidning som kulminerte med et fall <b>avhandlingen om ikke-eksistensen av omtrent tre hundre \u00e5rs historie<\/b>. En usolid tese som p\u00e5 f\u00e5 \u00e5r ble fullstendig undergravd.<\/p>\n<h2><b>I en verden av utrolige kronologier<\/b><\/h2>\n<p>Likevel fantomtidshypotesen <b>det er ikke isolert<\/b>. Den tilh\u00f8rer en <b>konstellasjon av ukonvensjonelle kronologier<\/b>. En av disse, den <strong>Ny kronologi<\/strong> f\u00f8dt fra ideene til den russiske matematikeren <strong>Anatoly Fomenko<\/strong>ankommer kl <b>oppl\u00f8se mange \u00e5rhundrer av den antikke verden<\/b>ved siden av distinkte politiske enheter, fra det egyptiske til det bysantinske, og fremkaller en <b>stor<\/b> <b>Det eurasiske imperiet dateres tilbake til 1200- og 1500-tallet<\/b>f\u00f8r det moderne Russland.<b> <\/b><\/p>\n<p>Visjoner av denne typen er basert p\u00e5 mistillit til filologi, arkeologi og historiske vitenskaper. Skal forsvares <b>de krever ofte aktivering av en slags metafysikk av mistenksomhet<\/b>: tvilsretten g\u00e5r foran metodeplikten og bevisbyrden er snudd, som i de mest klassiske konspirasjonsteoriene. Noen ganger er de dessuten funksjonelle n\u00e5r det gjelder \u00e5 fremme perspektiver som, med utgangspunkt i fortiden, <b>har innvirkning p\u00e5 n\u00e5tiden<\/b>.<\/p>\n<div class=\"cp_wrapper cp_wrapper--fw mb-50\">\n<figure class=\"mm\"><picture class=\"img\" style=\"padding-top:66.709811027699%\"><source  media=\"(min-width: 1024px)\"><source  media=\"(min-width: 768px)\"><img decoding=\"async\" loading=\"lazy\" src=\"https:\/\/nordnesrepublikken.no\/wp-content\/uploads\/2026\/04\/1775992395_583_Phantom-time-hypotesen-teorien-om-at-297-ar-av-middelalderen-aldri.jpg\" alt=\"Bilde\" width=\"3863\" height=\"2577\"\/><\/source><\/source><\/picture><\/figure>\n<\/p><\/div>\n<p>Dybdeanalyser og historisk forskning g\u00e5r i motsatt retning: alle kilder m\u00e5 tas som sanne med mindre det er h\u00e5ndgripelige bevis p\u00e5 at de er falske. Som han skrev <strong>Marina Gazzini<\/strong>l\u00e6rer i middelalderhistorie og historisk kommunikasjon:<\/p>\n<blockquote>\n<p>Kildene krever \u00e5 bli dekodet og tolket: uvitenhet om deres spesifikke spr\u00e5k, resultatet av et verdisystem gitt over tid, kan f\u00f8re til fabler. Men fremfor alt m\u00e5 de brukes \u00e6rlig: de m\u00e5 ikke velges ut ondsinnet for \u00e5 styrke oppgaven du \u00f8nsker \u00e5 demonstrere. Og dette viser seg \u00e5 v\u00e6re hovedskillet mellom \u00e5 lage historie og \u00e5 fortelle historier.<\/p>\n<\/blockquote>\n<h2><b>Middelalderen eksisterer ikke? Et d\u00e5rlig stilt sp\u00f8rsm\u00e5l<\/b><\/h2>\n<p>Studiet av historie, som en intellektuell disiplin, kan korrigere eller foredle gamle tolkninger som ikke lenger er holdbare og er basert p\u00e5 en<strong> streng sammenligning av<\/strong> <b>ulike visjoner med felles praksis<\/b>.<\/p>\n<p>For mange historikere <strong>middelalderen er et konsept i utvikling<\/strong>en representasjon full av dommer og fordommer gitt i etterkant. En mangefasettert virkelighet p\u00e5 rundt tusen \u00e5r holdt sammen av <b>en teoretisk periodiseringsprosess<\/b>.<\/p>\n<p>I denne forstand, <b>det er ikke uvanlig \u00e5 lese at middelalderen er en oppfinnelse<\/b>: Ikke fordi en hel rekke omstendigheter, tidsmessige sekvenser og karakterer er falske eller fiktive, men fordi den inneholder bemerkelsesverdige og sv\u00e6rt forskjellige faser, erfaringer og transformasjoner i seg selv. Dette <b>men det er en helt annen historie<\/b>. Mye tettere og mer interessant enn fantomtidshypotesen.<\/p>\n<div class=\"cp_wrapper  mb-50   \">\n<div class=\"cbx\">\n<div class=\"cbx__collection\">\n<p>HOVEDKILDER<\/p>\n<div class=\"cbx__sources\">\n<p>M. Montanari, Middelalderhistorie, Laterza, Bari-Roma 2002.<\/p>\n<p>                                                                                C. Rohr, &laquo;Ein gef\u00e4lschtes Mittelalter? Methoden der Historischen Hilfswissenschaften zur Analyze von Urkunden&raquo;, rapport til Ringvorlesung &laquo;Kriminelles Mittelalter&raquo;, Paris Lodron Universit\u00e4t Salzburg, 22. november 2004<\/p>\n<p>G. Bronner, De godtroendes demokrati, Arachne, Ariccia 2016.<\/p>\n<p>M. Gazzini (red.), Det falske og historien. Oppfinnelser, feil, bedrag fra middelalderen til det digitale samfunnet, Quaderni\/38, Fondazione Giangiacomo Feltrinelli, Milano 2020.<\/p>\n<p>                                                                                A. Lee, Forgeries, Fakes, and Phantom Time, i \u00abHistory Today\u00bb, Vol. 75, utgave 2. februar 2025.\n                                                <\/p><\/div>\n<\/p><\/div>\n<\/p><\/div>\n<\/div><\/div>\n","protected":false},"excerpt":{"rendered":"<p>Den s\u00e5kalte &laquo;fantomtidshypotese&raquo; er en kontroversiell teori som tar sikte p\u00e5 \u00e5 korrigere en del<\/p>\n","protected":false},"author":1,"featured_media":16901,"comment_status":"closed","ping_status":"open","sticky":false,"template":"","format":"standard","meta":{"footnotes":""},"categories":[104],"tags":[1558,595,8485,2007,10924,6003,10925],"class_list":["post-16900","post","type-post","status-publish","format-standard","has-post-thumbnail","hentry","category-samfunn","tag-aldri","tag-ar","tag-eksisterte","tag-middelalderen","tag-phantom","tag-teorien","tag-timehypotesen","generate-columns","tablet-grid-50","mobile-grid-100","grid-parent","grid-33","resize-featured-image"],"yoast_head":"<!-- This site is optimized with the Yoast SEO plugin v24.4 - https:\/\/yoast.com\/wordpress\/plugins\/seo\/ -->\n<title>&quot;Phantom time&quot;-hypotesen, teorien om at 297 \u00e5r av middelalderen aldri eksisterte - Nordnesrepublikken<\/title>\n<meta name=\"robots\" content=\"index, follow, max-snippet:-1, max-image-preview:large, max-video-preview:-1\" \/>\n<link rel=\"canonical\" href=\"https:\/\/nordnesrepublikken.no\/index.php\/2026\/04\/12\/phantom-time-hypotesen-teorien-om-at-297-ar-av-middelalderen-aldri-eksisterte\/\" \/>\n<meta property=\"og:locale\" content=\"nb_NO\" \/>\n<meta property=\"og:type\" content=\"article\" \/>\n<meta property=\"og:title\" content=\"&quot;Phantom time&quot;-hypotesen, teorien om at 297 \u00e5r av middelalderen aldri eksisterte - Nordnesrepublikken\" \/>\n<meta property=\"og:description\" content=\"Den s\u00e5kalte &laquo;fantomtidshypotese&raquo; er en kontroversiell teori som tar sikte p\u00e5 \u00e5 korrigere en del\" \/>\n<meta property=\"og:url\" content=\"https:\/\/nordnesrepublikken.no\/index.php\/2026\/04\/12\/phantom-time-hypotesen-teorien-om-at-297-ar-av-middelalderen-aldri-eksisterte\/\" \/>\n<meta property=\"og:site_name\" content=\"Nordnesrepublikken\" \/>\n<meta property=\"article:published_time\" content=\"2026-04-12T11:13:15+00:00\" \/>\n<meta property=\"article:modified_time\" content=\"2026-04-12T11:13:20+00:00\" \/>\n<meta property=\"og:image\" content=\"https:\/\/nordnesrepublikken.no\/wp-content\/uploads\/2026\/04\/1775992398_Phantom-time-hypotesen-teorien-om-at-297-ar-av-middelalderen-aldri-scaled.jpg\" \/>\n\t<meta property=\"og:image:width\" content=\"2560\" \/>\n\t<meta property=\"og:image:height\" content=\"1429\" \/>\n\t<meta property=\"og:image:type\" content=\"image\/jpeg\" \/>\n<meta name=\"author\" content=\"Ole Andersen\" \/>\n<meta name=\"twitter:card\" content=\"summary_large_image\" \/>\n<meta name=\"twitter:label1\" content=\"Skrevet av\" \/>\n\t<meta name=\"twitter:data1\" content=\"Ole Andersen\" \/>\n\t<meta name=\"twitter:label2\" content=\"Ansl. lesetid\" \/>\n\t<meta name=\"twitter:data2\" content=\"6 minutter\" \/>\n<script type=\"application\/ld+json\" class=\"yoast-schema-graph\">{\"@context\":\"https:\/\/schema.org\",\"@graph\":[{\"@type\":\"Article\",\"@id\":\"https:\/\/nordnesrepublikken.no\/index.php\/2026\/04\/12\/phantom-time-hypotesen-teorien-om-at-297-ar-av-middelalderen-aldri-eksisterte\/#article\",\"isPartOf\":{\"@id\":\"https:\/\/nordnesrepublikken.no\/index.php\/2026\/04\/12\/phantom-time-hypotesen-teorien-om-at-297-ar-av-middelalderen-aldri-eksisterte\/\"},\"author\":{\"name\":\"Ole Andersen\",\"@id\":\"https:\/\/nordnesrepublikken.no\/#\/schema\/person\/2e7e81935bab77882fffb79296240ff1\"},\"headline\":\"&laquo;Phantom time&raquo;-hypotesen, teorien om at 297 \u00e5r av middelalderen aldri eksisterte\",\"datePublished\":\"2026-04-12T11:13:15+00:00\",\"dateModified\":\"2026-04-12T11:13:20+00:00\",\"mainEntityOfPage\":{\"@id\":\"https:\/\/nordnesrepublikken.no\/index.php\/2026\/04\/12\/phantom-time-hypotesen-teorien-om-at-297-ar-av-middelalderen-aldri-eksisterte\/\"},\"wordCount\":1204,\"publisher\":{\"@id\":\"https:\/\/nordnesrepublikken.no\/#organization\"},\"image\":{\"@id\":\"https:\/\/nordnesrepublikken.no\/index.php\/2026\/04\/12\/phantom-time-hypotesen-teorien-om-at-297-ar-av-middelalderen-aldri-eksisterte\/#primaryimage\"},\"thumbnailUrl\":\"https:\/\/nordnesrepublikken.no\/wp-content\/uploads\/2026\/04\/1775992398_Phantom-time-hypotesen-teorien-om-at-297-ar-av-middelalderen-aldri-scaled.jpg\",\"keywords\":[\"aldri\",\"\u00e5r\",\"eksisterte\",\"middelalderen\",\"Phantom\",\"teorien\",\"timehypotesen\"],\"articleSection\":[\"Samfunn\"],\"inLanguage\":\"nb-NO\"},{\"@type\":\"WebPage\",\"@id\":\"https:\/\/nordnesrepublikken.no\/index.php\/2026\/04\/12\/phantom-time-hypotesen-teorien-om-at-297-ar-av-middelalderen-aldri-eksisterte\/\",\"url\":\"https:\/\/nordnesrepublikken.no\/index.php\/2026\/04\/12\/phantom-time-hypotesen-teorien-om-at-297-ar-av-middelalderen-aldri-eksisterte\/\",\"name\":\"\\\"Phantom time\\\"-hypotesen, teorien om at 297 \u00e5r av middelalderen aldri eksisterte - Nordnesrepublikken\",\"isPartOf\":{\"@id\":\"https:\/\/nordnesrepublikken.no\/#website\"},\"primaryImageOfPage\":{\"@id\":\"https:\/\/nordnesrepublikken.no\/index.php\/2026\/04\/12\/phantom-time-hypotesen-teorien-om-at-297-ar-av-middelalderen-aldri-eksisterte\/#primaryimage\"},\"image\":{\"@id\":\"https:\/\/nordnesrepublikken.no\/index.php\/2026\/04\/12\/phantom-time-hypotesen-teorien-om-at-297-ar-av-middelalderen-aldri-eksisterte\/#primaryimage\"},\"thumbnailUrl\":\"https:\/\/nordnesrepublikken.no\/wp-content\/uploads\/2026\/04\/1775992398_Phantom-time-hypotesen-teorien-om-at-297-ar-av-middelalderen-aldri-scaled.jpg\",\"datePublished\":\"2026-04-12T11:13:15+00:00\",\"dateModified\":\"2026-04-12T11:13:20+00:00\",\"breadcrumb\":{\"@id\":\"https:\/\/nordnesrepublikken.no\/index.php\/2026\/04\/12\/phantom-time-hypotesen-teorien-om-at-297-ar-av-middelalderen-aldri-eksisterte\/#breadcrumb\"},\"inLanguage\":\"nb-NO\",\"potentialAction\":[{\"@type\":\"ReadAction\",\"target\":[\"https:\/\/nordnesrepublikken.no\/index.php\/2026\/04\/12\/phantom-time-hypotesen-teorien-om-at-297-ar-av-middelalderen-aldri-eksisterte\/\"]}]},{\"@type\":\"ImageObject\",\"inLanguage\":\"nb-NO\",\"@id\":\"https:\/\/nordnesrepublikken.no\/index.php\/2026\/04\/12\/phantom-time-hypotesen-teorien-om-at-297-ar-av-middelalderen-aldri-eksisterte\/#primaryimage\",\"url\":\"https:\/\/nordnesrepublikken.no\/wp-content\/uploads\/2026\/04\/1775992398_Phantom-time-hypotesen-teorien-om-at-297-ar-av-middelalderen-aldri-scaled.jpg\",\"contentUrl\":\"https:\/\/nordnesrepublikken.no\/wp-content\/uploads\/2026\/04\/1775992398_Phantom-time-hypotesen-teorien-om-at-297-ar-av-middelalderen-aldri-scaled.jpg\",\"width\":2560,\"height\":1429,\"caption\":\"\\\"Phantom time\\\"-hypotesen, teorien om at 297 \u00e5r av middelalderen aldri eksisterte\"},{\"@type\":\"BreadcrumbList\",\"@id\":\"https:\/\/nordnesrepublikken.no\/index.php\/2026\/04\/12\/phantom-time-hypotesen-teorien-om-at-297-ar-av-middelalderen-aldri-eksisterte\/#breadcrumb\",\"itemListElement\":[{\"@type\":\"ListItem\",\"position\":1,\"name\":\"Home\",\"item\":\"https:\/\/nordnesrepublikken.no\/\"},{\"@type\":\"ListItem\",\"position\":2,\"name\":\"&laquo;Phantom time&raquo;-hypotesen, teorien om at 297 \u00e5r av middelalderen aldri eksisterte\"}]},{\"@type\":\"WebSite\",\"@id\":\"https:\/\/nordnesrepublikken.no\/#website\",\"url\":\"https:\/\/nordnesrepublikken.no\/\",\"name\":\"Nordnesrepublikken\",\"description\":\"Stemmer og Visjoner fra Republikkens Hjerte\",\"publisher\":{\"@id\":\"https:\/\/nordnesrepublikken.no\/#organization\"},\"potentialAction\":[{\"@type\":\"SearchAction\",\"target\":{\"@type\":\"EntryPoint\",\"urlTemplate\":\"https:\/\/nordnesrepublikken.no\/?s={search_term_string}\"},\"query-input\":{\"@type\":\"PropertyValueSpecification\",\"valueRequired\":true,\"valueName\":\"search_term_string\"}}],\"inLanguage\":\"nb-NO\"},{\"@type\":\"Organization\",\"@id\":\"https:\/\/nordnesrepublikken.no\/#organization\",\"name\":\"Nordnesrepublikken\",\"url\":\"https:\/\/nordnesrepublikken.no\/\",\"logo\":{\"@type\":\"ImageObject\",\"inLanguage\":\"nb-NO\",\"@id\":\"https:\/\/nordnesrepublikken.no\/#\/schema\/logo\/image\/\",\"url\":\"https:\/\/nordnesrepublikken.no\/wp-content\/uploads\/2025\/02\/cropped-nordnesrepublikken-2.png\",\"contentUrl\":\"https:\/\/nordnesrepublikken.no\/wp-content\/uploads\/2025\/02\/cropped-nordnesrepublikken-2.png\",\"width\":1248,\"height\":362,\"caption\":\"Nordnesrepublikken\"},\"image\":{\"@id\":\"https:\/\/nordnesrepublikken.no\/#\/schema\/logo\/image\/\"}},{\"@type\":\"Person\",\"@id\":\"https:\/\/nordnesrepublikken.no\/#\/schema\/person\/2e7e81935bab77882fffb79296240ff1\",\"name\":\"Ole Andersen\",\"image\":{\"@type\":\"ImageObject\",\"inLanguage\":\"nb-NO\",\"@id\":\"https:\/\/nordnesrepublikken.no\/#\/schema\/person\/image\/\",\"url\":\"https:\/\/nordnesrepublikken.no\/wp-content\/uploads\/2025\/02\/nordnesrepublikken-2-2-150x150.jpg\",\"contentUrl\":\"https:\/\/nordnesrepublikken.no\/wp-content\/uploads\/2025\/02\/nordnesrepublikken-2-2-150x150.jpg\",\"caption\":\"Ole Andersen\"},\"description\":\"Ettersom jeg vokste opp i Oslo, har jeg alltid v\u00e6rt fascinert av ordenes kraft og deres evne til \u00e5 skape endringer. Etter \u00e5 ha fullf\u00f8rt min utdannelse i kommunikasjon ved Universitetet i Bergen, fikk jeg muligheten til \u00e5 jobbe innen ulike medier, der jeg har s\u00f8kt \u00e5 belyse viktige samfunnssp\u00f8rsm\u00e5l. I dag, som redakt\u00f8r for Nordnesrepublikken, pr\u00f8ver jeg \u00e5 forene min kj\u00e6rlighet for journalistikk med min lidenskap for innovasjon og eventyr.\",\"sameAs\":[\"https:\/\/nordnesrepublikken.no\/\"]}]}<\/script>\n<!-- \/ Yoast SEO plugin. -->","yoast_head_json":{"title":"\"Phantom time\"-hypotesen, teorien om at 297 \u00e5r av middelalderen aldri eksisterte - Nordnesrepublikken","robots":{"index":"index","follow":"follow","max-snippet":"max-snippet:-1","max-image-preview":"max-image-preview:large","max-video-preview":"max-video-preview:-1"},"canonical":"https:\/\/nordnesrepublikken.no\/index.php\/2026\/04\/12\/phantom-time-hypotesen-teorien-om-at-297-ar-av-middelalderen-aldri-eksisterte\/","og_locale":"nb_NO","og_type":"article","og_title":"\"Phantom time\"-hypotesen, teorien om at 297 \u00e5r av middelalderen aldri eksisterte - Nordnesrepublikken","og_description":"Den s\u00e5kalte &laquo;fantomtidshypotese&raquo; er en kontroversiell teori som tar sikte p\u00e5 \u00e5 korrigere en del","og_url":"https:\/\/nordnesrepublikken.no\/index.php\/2026\/04\/12\/phantom-time-hypotesen-teorien-om-at-297-ar-av-middelalderen-aldri-eksisterte\/","og_site_name":"Nordnesrepublikken","article_published_time":"2026-04-12T11:13:15+00:00","article_modified_time":"2026-04-12T11:13:20+00:00","og_image":[{"width":2560,"height":1429,"url":"https:\/\/nordnesrepublikken.no\/wp-content\/uploads\/2026\/04\/1775992398_Phantom-time-hypotesen-teorien-om-at-297-ar-av-middelalderen-aldri-scaled.jpg","type":"image\/jpeg"}],"author":"Ole Andersen","twitter_card":"summary_large_image","twitter_misc":{"Skrevet av":"Ole Andersen","Ansl. lesetid":"6 minutter"},"schema":{"@context":"https:\/\/schema.org","@graph":[{"@type":"Article","@id":"https:\/\/nordnesrepublikken.no\/index.php\/2026\/04\/12\/phantom-time-hypotesen-teorien-om-at-297-ar-av-middelalderen-aldri-eksisterte\/#article","isPartOf":{"@id":"https:\/\/nordnesrepublikken.no\/index.php\/2026\/04\/12\/phantom-time-hypotesen-teorien-om-at-297-ar-av-middelalderen-aldri-eksisterte\/"},"author":{"name":"Ole Andersen","@id":"https:\/\/nordnesrepublikken.no\/#\/schema\/person\/2e7e81935bab77882fffb79296240ff1"},"headline":"&laquo;Phantom time&raquo;-hypotesen, teorien om at 297 \u00e5r av middelalderen aldri eksisterte","datePublished":"2026-04-12T11:13:15+00:00","dateModified":"2026-04-12T11:13:20+00:00","mainEntityOfPage":{"@id":"https:\/\/nordnesrepublikken.no\/index.php\/2026\/04\/12\/phantom-time-hypotesen-teorien-om-at-297-ar-av-middelalderen-aldri-eksisterte\/"},"wordCount":1204,"publisher":{"@id":"https:\/\/nordnesrepublikken.no\/#organization"},"image":{"@id":"https:\/\/nordnesrepublikken.no\/index.php\/2026\/04\/12\/phantom-time-hypotesen-teorien-om-at-297-ar-av-middelalderen-aldri-eksisterte\/#primaryimage"},"thumbnailUrl":"https:\/\/nordnesrepublikken.no\/wp-content\/uploads\/2026\/04\/1775992398_Phantom-time-hypotesen-teorien-om-at-297-ar-av-middelalderen-aldri-scaled.jpg","keywords":["aldri","\u00e5r","eksisterte","middelalderen","Phantom","teorien","timehypotesen"],"articleSection":["Samfunn"],"inLanguage":"nb-NO"},{"@type":"WebPage","@id":"https:\/\/nordnesrepublikken.no\/index.php\/2026\/04\/12\/phantom-time-hypotesen-teorien-om-at-297-ar-av-middelalderen-aldri-eksisterte\/","url":"https:\/\/nordnesrepublikken.no\/index.php\/2026\/04\/12\/phantom-time-hypotesen-teorien-om-at-297-ar-av-middelalderen-aldri-eksisterte\/","name":"\"Phantom time\"-hypotesen, teorien om at 297 \u00e5r av middelalderen aldri eksisterte - Nordnesrepublikken","isPartOf":{"@id":"https:\/\/nordnesrepublikken.no\/#website"},"primaryImageOfPage":{"@id":"https:\/\/nordnesrepublikken.no\/index.php\/2026\/04\/12\/phantom-time-hypotesen-teorien-om-at-297-ar-av-middelalderen-aldri-eksisterte\/#primaryimage"},"image":{"@id":"https:\/\/nordnesrepublikken.no\/index.php\/2026\/04\/12\/phantom-time-hypotesen-teorien-om-at-297-ar-av-middelalderen-aldri-eksisterte\/#primaryimage"},"thumbnailUrl":"https:\/\/nordnesrepublikken.no\/wp-content\/uploads\/2026\/04\/1775992398_Phantom-time-hypotesen-teorien-om-at-297-ar-av-middelalderen-aldri-scaled.jpg","datePublished":"2026-04-12T11:13:15+00:00","dateModified":"2026-04-12T11:13:20+00:00","breadcrumb":{"@id":"https:\/\/nordnesrepublikken.no\/index.php\/2026\/04\/12\/phantom-time-hypotesen-teorien-om-at-297-ar-av-middelalderen-aldri-eksisterte\/#breadcrumb"},"inLanguage":"nb-NO","potentialAction":[{"@type":"ReadAction","target":["https:\/\/nordnesrepublikken.no\/index.php\/2026\/04\/12\/phantom-time-hypotesen-teorien-om-at-297-ar-av-middelalderen-aldri-eksisterte\/"]}]},{"@type":"ImageObject","inLanguage":"nb-NO","@id":"https:\/\/nordnesrepublikken.no\/index.php\/2026\/04\/12\/phantom-time-hypotesen-teorien-om-at-297-ar-av-middelalderen-aldri-eksisterte\/#primaryimage","url":"https:\/\/nordnesrepublikken.no\/wp-content\/uploads\/2026\/04\/1775992398_Phantom-time-hypotesen-teorien-om-at-297-ar-av-middelalderen-aldri-scaled.jpg","contentUrl":"https:\/\/nordnesrepublikken.no\/wp-content\/uploads\/2026\/04\/1775992398_Phantom-time-hypotesen-teorien-om-at-297-ar-av-middelalderen-aldri-scaled.jpg","width":2560,"height":1429,"caption":"\"Phantom time\"-hypotesen, teorien om at 297 \u00e5r av middelalderen aldri eksisterte"},{"@type":"BreadcrumbList","@id":"https:\/\/nordnesrepublikken.no\/index.php\/2026\/04\/12\/phantom-time-hypotesen-teorien-om-at-297-ar-av-middelalderen-aldri-eksisterte\/#breadcrumb","itemListElement":[{"@type":"ListItem","position":1,"name":"Home","item":"https:\/\/nordnesrepublikken.no\/"},{"@type":"ListItem","position":2,"name":"&laquo;Phantom time&raquo;-hypotesen, teorien om at 297 \u00e5r av middelalderen aldri eksisterte"}]},{"@type":"WebSite","@id":"https:\/\/nordnesrepublikken.no\/#website","url":"https:\/\/nordnesrepublikken.no\/","name":"Nordnesrepublikken","description":"Stemmer og Visjoner fra Republikkens Hjerte","publisher":{"@id":"https:\/\/nordnesrepublikken.no\/#organization"},"potentialAction":[{"@type":"SearchAction","target":{"@type":"EntryPoint","urlTemplate":"https:\/\/nordnesrepublikken.no\/?s={search_term_string}"},"query-input":{"@type":"PropertyValueSpecification","valueRequired":true,"valueName":"search_term_string"}}],"inLanguage":"nb-NO"},{"@type":"Organization","@id":"https:\/\/nordnesrepublikken.no\/#organization","name":"Nordnesrepublikken","url":"https:\/\/nordnesrepublikken.no\/","logo":{"@type":"ImageObject","inLanguage":"nb-NO","@id":"https:\/\/nordnesrepublikken.no\/#\/schema\/logo\/image\/","url":"https:\/\/nordnesrepublikken.no\/wp-content\/uploads\/2025\/02\/cropped-nordnesrepublikken-2.png","contentUrl":"https:\/\/nordnesrepublikken.no\/wp-content\/uploads\/2025\/02\/cropped-nordnesrepublikken-2.png","width":1248,"height":362,"caption":"Nordnesrepublikken"},"image":{"@id":"https:\/\/nordnesrepublikken.no\/#\/schema\/logo\/image\/"}},{"@type":"Person","@id":"https:\/\/nordnesrepublikken.no\/#\/schema\/person\/2e7e81935bab77882fffb79296240ff1","name":"Ole Andersen","image":{"@type":"ImageObject","inLanguage":"nb-NO","@id":"https:\/\/nordnesrepublikken.no\/#\/schema\/person\/image\/","url":"https:\/\/nordnesrepublikken.no\/wp-content\/uploads\/2025\/02\/nordnesrepublikken-2-2-150x150.jpg","contentUrl":"https:\/\/nordnesrepublikken.no\/wp-content\/uploads\/2025\/02\/nordnesrepublikken-2-2-150x150.jpg","caption":"Ole Andersen"},"description":"Ettersom jeg vokste opp i Oslo, har jeg alltid v\u00e6rt fascinert av ordenes kraft og deres evne til \u00e5 skape endringer. Etter \u00e5 ha fullf\u00f8rt min utdannelse i kommunikasjon ved Universitetet i Bergen, fikk jeg muligheten til \u00e5 jobbe innen ulike medier, der jeg har s\u00f8kt \u00e5 belyse viktige samfunnssp\u00f8rsm\u00e5l. I dag, som redakt\u00f8r for Nordnesrepublikken, pr\u00f8ver jeg \u00e5 forene min kj\u00e6rlighet for journalistikk med min lidenskap for innovasjon og eventyr.","sameAs":["https:\/\/nordnesrepublikken.no\/"]}]}},"_links":{"self":[{"href":"https:\/\/nordnesrepublikken.no\/index.php\/wp-json\/wp\/v2\/posts\/16900","targetHints":{"allow":["GET"]}}],"collection":[{"href":"https:\/\/nordnesrepublikken.no\/index.php\/wp-json\/wp\/v2\/posts"}],"about":[{"href":"https:\/\/nordnesrepublikken.no\/index.php\/wp-json\/wp\/v2\/types\/post"}],"author":[{"embeddable":true,"href":"https:\/\/nordnesrepublikken.no\/index.php\/wp-json\/wp\/v2\/users\/1"}],"replies":[{"embeddable":true,"href":"https:\/\/nordnesrepublikken.no\/index.php\/wp-json\/wp\/v2\/comments?post=16900"}],"version-history":[{"count":1,"href":"https:\/\/nordnesrepublikken.no\/index.php\/wp-json\/wp\/v2\/posts\/16900\/revisions"}],"predecessor-version":[{"id":16902,"href":"https:\/\/nordnesrepublikken.no\/index.php\/wp-json\/wp\/v2\/posts\/16900\/revisions\/16902"}],"wp:featuredmedia":[{"embeddable":true,"href":"https:\/\/nordnesrepublikken.no\/index.php\/wp-json\/wp\/v2\/media\/16901"}],"wp:attachment":[{"href":"https:\/\/nordnesrepublikken.no\/index.php\/wp-json\/wp\/v2\/media?parent=16900"}],"wp:term":[{"taxonomy":"category","embeddable":true,"href":"https:\/\/nordnesrepublikken.no\/index.php\/wp-json\/wp\/v2\/categories?post=16900"},{"taxonomy":"post_tag","embeddable":true,"href":"https:\/\/nordnesrepublikken.no\/index.php\/wp-json\/wp\/v2\/tags?post=16900"}],"curies":[{"name":"wp","href":"https:\/\/api.w.org\/{rel}","templated":true}]}}