{"id":16897,"date":"2026-04-12T13:06:53","date_gmt":"2026-04-12T11:06:53","guid":{"rendered":"https:\/\/nordnesrepublikken.no\/index.php\/2026\/04\/12\/ryanair-og-easyjet-advarer-passasjerer-forsinkelser-kan-ramme-eu-flyplasser-fra-4-mai\/"},"modified":"2026-04-12T13:06:55","modified_gmt":"2026-04-12T11:06:55","slug":"ryanair-og-easyjet-advarer-passasjerer-forsinkelser-kan-ramme-eu-flyplasser-fra-4-mai","status":"publish","type":"post","link":"https:\/\/nordnesrepublikken.no\/index.php\/2026\/04\/12\/ryanair-og-easyjet-advarer-passasjerer-forsinkelser-kan-ramme-eu-flyplasser-fra-4-mai\/","title":{"rendered":"Ryanair og easyJet advarer passasjerer: Forsinkelser kan ramme EU-flyplasser fra 4. mai"},"content":{"rendered":"<p><\/p>\n<div class=\"wordpress-content\">\n                    <!-- Article Start --><\/p>\n<p><span style=\"font-weight: 400\">Lavprisflyselskapene Ryanair og easyJet har advart om at europeiske flyplasser kan st\u00e5 overfor systemisk drivstoffmangel hvis Hormuzstredet forblir stengt, noe som f\u00f8rer til forsinkelser for reisende. Bransjeeksperter ansl\u00e5r at mangel og forsinkelser kan v\u00e6re overhengende allerede neste m\u00e5ned hvis situasjonen som involverer sundet ikke endres.<\/span><\/p>\n<h2>En bekymringsfull mangel som dreier seg rundt Hormuzstredet<\/h2>\n<p><span style=\"font-weight: 400\">For \u00e5 v\u00e6re spesifikk, kan flyplasser over hele Europa merke effekten av denne drivstoffmangelen allerede i uken 4. mai, og leverand\u00f8rer av flydrivstoff er angivelig ikke i stand til \u00e5 garantere leveranser utover mai. ACI Europe, en forening som representerer flyplasser i EU, har allerede advart om at jetdrivstofflagrene er i ferd med \u00e5 t\u00f8mmes, og forsyninger blir bare mindre av \u00abp\u00e5virkningen av milit\u00e6r aktivitet p\u00e5 ettersp\u00f8rselen\u00bb.<\/span><\/p>\n<p><span style=\"font-weight: 400\">Hormuzstredet, som har v\u00e6rt blokkert siden tidlig i 2026 p\u00e5 grunn av den p\u00e5g\u00e5ende konflikten mellom USA, Israel og Iran, er en smal vannvei, som omtrent en femtedel av den globale oljen normalt passerer gjennom. Som et resultat av stengingen har jetdrivstoffprisene \u00f8kt.<\/span><\/p>\n<div class=\"sra_unit\"><link rel=\"stylesheet\" id=\"block-sra\" href=\"https:\/\/euroweeklynews.com\/wp-content\/plugins\/snack-related-articles\/dist\/css\/snack-related.min.css?250312-193541\" type=\"text\/css\" media=\"all\">\n<\/div>\n<h2>Prisen p\u00e5 flydrivstoff stiger midt i konflikten<\/h2>\n<p><span style=\"font-weight: 400\">En v\u00e5penhvile er for tiden p\u00e5 plass og forhandlingene fortsetter, men flyselskaper over hele Europa forventes fortsatt \u00e5 oppleve konsekvensene av reduserte gassleveranser. I forkant av h\u00f8ysesongen svirrer bekymringer og sp\u00f8rsm\u00e5l ang\u00e5ende b\u00e5de tilgjengelighet og prising av flydrivstoff, selv om store flyselskaper beholder flere ukers reserver.<\/span><\/p>\n<p><span style=\"font-weight: 400\">I f\u00f8lge spesialpublikasjonen Argus Media n\u00e5dde europeiske jetdrivstoffpriser rekordh\u00f8ye p\u00e5 $1.900 (\u20ac1.620) per metrisk tonn denne uken.<\/span><\/p>\n<h2>Ryanair-sjef: Det er &laquo;rimelig&raquo; risiko for forsyningsmangel gjennom mai og juni<\/h2>\n<p><span style=\"font-weight: 400\">Ryanairs administrerende direkt\u00f8r Michael O&#8217;Leary uttalte: &laquo;Drivstoffleverand\u00f8rer ser hele tiden p\u00e5 markedet. Vi forventer ikke avbrudd f\u00f8r tidlig i mai, men hvis krigen fortsetter, risikerer vi forsyningsforstyrrelser i Europa i mai og juni, og vi h\u00e5per krigen vil avsluttes raskere enn det og risikoen for forsyning vil bli eliminert.&raquo;<\/span><\/p>\n<p><span style=\"font-weight: 400\">&laquo;Vi tror det er en rimelig risiko, et lavt niv\u00e5, kanskje 10 prosent til 25 prosent av v\u00e5re forsyninger kan v\u00e6re i fare gjennom mai og juni, s\u00e5 som alle andre i denne bransjen h\u00e5per vi krigen tar slutt f\u00f8r heller enn senere.&raquo;<\/span><\/p>\n<p><span style=\"font-weight: 400\">&laquo;Hvis krigen avsluttes innen april og Hormuzstredet \u00e5pner igjen, er det nesten ingen risiko \u00e5 forsyne.&raquo;<\/span><\/p>\n<h2>EasyJet administrerende direkt\u00f8r: Flyselskapet er &laquo;godt sikret&raquo; n\u00e5r det gjelder drivstoffforsyning<\/h2>\n<p><span style=\"font-weight: 400\">EasyJets administrerende direkt\u00f8r Kenton Jarvis uttalte at prisene hadde blitt &laquo;flyktige&raquo; siden den &laquo;forferdelige&raquo; konflikten begynte, men flyselskapet er fortsatt &laquo;godt sikret&raquo; n\u00e5r det gjelder forsyning av flydrivstoff. <\/span><\/p>\n<p><span style=\"font-weight: 400\">Advarselen kommer etter at fire store italienske flyplasser \u2013 Milano Linate, Venezia Marco Polo, Treviso og Bologna \u2013 innf\u00f8rte midlertidige grenser for tanking i begynnelsen av m\u00e5neden.<\/span><\/p>\n<p>                    <!-- Originally published at https:\/\/euroweeklynews.com\/2026\/04\/12\/ryanair-and-easyjet-warn-passengers-delays-could-hit-eu-airports-from-may-4\/ on 12 Apr 2026 at 12:13 by Natascha Rivera --><br \/>\n                    <!-- Article End -->\n                <\/div>\n","protected":false},"excerpt":{"rendered":"<p>Lavprisflyselskapene Ryanair og easyJet har advart om at europeiske flyplasser kan st\u00e5 overfor systemisk drivstoffmangel<\/p>\n","protected":false},"author":1,"featured_media":16898,"comment_status":"closed","ping_status":"open","sticky":false,"template":"","format":"standard","meta":{"footnotes":""},"categories":[105],"tags":[1123,416,10923,4818,125,339,2397,3471,7593,1079],"class_list":["post-16897","post","type-post","status-publish","format-standard","has-post-thumbnail","hentry","category-livsstil","tag-advarer","tag-easyjet","tag-euflyplasser","tag-forsinkelser","tag-fra","tag-kan","tag-mai","tag-passasjerer","tag-ramme","tag-ryanair","generate-columns","tablet-grid-50","mobile-grid-100","grid-parent","grid-33","resize-featured-image"],"yoast_head":"<!-- This site is optimized with the Yoast SEO plugin v24.4 - https:\/\/yoast.com\/wordpress\/plugins\/seo\/ -->\n<title>Ryanair og easyJet advarer passasjerer: Forsinkelser kan ramme EU-flyplasser fra 4. mai - Nordnesrepublikken<\/title>\n<meta name=\"robots\" content=\"index, follow, max-snippet:-1, max-image-preview:large, max-video-preview:-1\" \/>\n<link rel=\"canonical\" href=\"https:\/\/nordnesrepublikken.no\/index.php\/2026\/04\/12\/ryanair-og-easyjet-advarer-passasjerer-forsinkelser-kan-ramme-eu-flyplasser-fra-4-mai\/\" \/>\n<meta property=\"og:locale\" content=\"nb_NO\" \/>\n<meta property=\"og:type\" content=\"article\" \/>\n<meta property=\"og:title\" content=\"Ryanair og easyJet advarer passasjerer: Forsinkelser kan ramme EU-flyplasser fra 4. mai - Nordnesrepublikken\" \/>\n<meta property=\"og:description\" content=\"Lavprisflyselskapene Ryanair og easyJet har advart om at europeiske flyplasser kan st\u00e5 overfor systemisk drivstoffmangel\" \/>\n<meta property=\"og:url\" content=\"https:\/\/nordnesrepublikken.no\/index.php\/2026\/04\/12\/ryanair-og-easyjet-advarer-passasjerer-forsinkelser-kan-ramme-eu-flyplasser-fra-4-mai\/\" \/>\n<meta property=\"og:site_name\" content=\"Nordnesrepublikken\" \/>\n<meta property=\"article:published_time\" content=\"2026-04-12T11:06:53+00:00\" \/>\n<meta property=\"article:modified_time\" content=\"2026-04-12T11:06:55+00:00\" \/>\n<meta property=\"og:image\" content=\"https:\/\/nordnesrepublikken.no\/wp-content\/uploads\/2026\/04\/1775992014_Ryanair-og-easyJet-advarer-passasjerer-Forsinkelser-kan-ramme-EU-flyplasser-fra.jpg\" \/>\n\t<meta property=\"og:image:width\" content=\"1600\" \/>\n\t<meta property=\"og:image:height\" content=\"1067\" \/>\n\t<meta property=\"og:image:type\" content=\"image\/jpeg\" \/>\n<meta name=\"author\" content=\"Ole Andersen\" \/>\n<meta name=\"twitter:card\" content=\"summary_large_image\" \/>\n<meta name=\"twitter:label1\" content=\"Skrevet av\" \/>\n\t<meta name=\"twitter:data1\" content=\"Ole Andersen\" \/>\n\t<meta name=\"twitter:label2\" content=\"Ansl. lesetid\" \/>\n\t<meta name=\"twitter:data2\" content=\"2 minutter\" \/>\n<script type=\"application\/ld+json\" class=\"yoast-schema-graph\">{\"@context\":\"https:\/\/schema.org\",\"@graph\":[{\"@type\":\"Article\",\"@id\":\"https:\/\/nordnesrepublikken.no\/index.php\/2026\/04\/12\/ryanair-og-easyjet-advarer-passasjerer-forsinkelser-kan-ramme-eu-flyplasser-fra-4-mai\/#article\",\"isPartOf\":{\"@id\":\"https:\/\/nordnesrepublikken.no\/index.php\/2026\/04\/12\/ryanair-og-easyjet-advarer-passasjerer-forsinkelser-kan-ramme-eu-flyplasser-fra-4-mai\/\"},\"author\":{\"name\":\"Ole Andersen\",\"@id\":\"https:\/\/nordnesrepublikken.no\/#\/schema\/person\/2e7e81935bab77882fffb79296240ff1\"},\"headline\":\"Ryanair og easyJet advarer passasjerer: Forsinkelser kan ramme EU-flyplasser fra 4. mai\",\"datePublished\":\"2026-04-12T11:06:53+00:00\",\"dateModified\":\"2026-04-12T11:06:55+00:00\",\"mainEntityOfPage\":{\"@id\":\"https:\/\/nordnesrepublikken.no\/index.php\/2026\/04\/12\/ryanair-og-easyjet-advarer-passasjerer-forsinkelser-kan-ramme-eu-flyplasser-fra-4-mai\/\"},\"wordCount\":453,\"publisher\":{\"@id\":\"https:\/\/nordnesrepublikken.no\/#organization\"},\"image\":{\"@id\":\"https:\/\/nordnesrepublikken.no\/index.php\/2026\/04\/12\/ryanair-og-easyjet-advarer-passasjerer-forsinkelser-kan-ramme-eu-flyplasser-fra-4-mai\/#primaryimage\"},\"thumbnailUrl\":\"https:\/\/nordnesrepublikken.no\/wp-content\/uploads\/2026\/04\/1775992014_Ryanair-og-easyJet-advarer-passasjerer-Forsinkelser-kan-ramme-EU-flyplasser-fra.jpg\",\"keywords\":[\"advarer\",\"EasyJet\",\"EUflyplasser\",\"forsinkelser\",\"fra\",\"kan\",\"mai\",\"passasjerer\",\"ramme\",\"Ryanair\"],\"articleSection\":[\"Livsstil\"],\"inLanguage\":\"nb-NO\"},{\"@type\":\"WebPage\",\"@id\":\"https:\/\/nordnesrepublikken.no\/index.php\/2026\/04\/12\/ryanair-og-easyjet-advarer-passasjerer-forsinkelser-kan-ramme-eu-flyplasser-fra-4-mai\/\",\"url\":\"https:\/\/nordnesrepublikken.no\/index.php\/2026\/04\/12\/ryanair-og-easyjet-advarer-passasjerer-forsinkelser-kan-ramme-eu-flyplasser-fra-4-mai\/\",\"name\":\"Ryanair og easyJet advarer passasjerer: Forsinkelser kan ramme EU-flyplasser fra 4. mai - Nordnesrepublikken\",\"isPartOf\":{\"@id\":\"https:\/\/nordnesrepublikken.no\/#website\"},\"primaryImageOfPage\":{\"@id\":\"https:\/\/nordnesrepublikken.no\/index.php\/2026\/04\/12\/ryanair-og-easyjet-advarer-passasjerer-forsinkelser-kan-ramme-eu-flyplasser-fra-4-mai\/#primaryimage\"},\"image\":{\"@id\":\"https:\/\/nordnesrepublikken.no\/index.php\/2026\/04\/12\/ryanair-og-easyjet-advarer-passasjerer-forsinkelser-kan-ramme-eu-flyplasser-fra-4-mai\/#primaryimage\"},\"thumbnailUrl\":\"https:\/\/nordnesrepublikken.no\/wp-content\/uploads\/2026\/04\/1775992014_Ryanair-og-easyJet-advarer-passasjerer-Forsinkelser-kan-ramme-EU-flyplasser-fra.jpg\",\"datePublished\":\"2026-04-12T11:06:53+00:00\",\"dateModified\":\"2026-04-12T11:06:55+00:00\",\"breadcrumb\":{\"@id\":\"https:\/\/nordnesrepublikken.no\/index.php\/2026\/04\/12\/ryanair-og-easyjet-advarer-passasjerer-forsinkelser-kan-ramme-eu-flyplasser-fra-4-mai\/#breadcrumb\"},\"inLanguage\":\"nb-NO\",\"potentialAction\":[{\"@type\":\"ReadAction\",\"target\":[\"https:\/\/nordnesrepublikken.no\/index.php\/2026\/04\/12\/ryanair-og-easyjet-advarer-passasjerer-forsinkelser-kan-ramme-eu-flyplasser-fra-4-mai\/\"]}]},{\"@type\":\"ImageObject\",\"inLanguage\":\"nb-NO\",\"@id\":\"https:\/\/nordnesrepublikken.no\/index.php\/2026\/04\/12\/ryanair-og-easyjet-advarer-passasjerer-forsinkelser-kan-ramme-eu-flyplasser-fra-4-mai\/#primaryimage\",\"url\":\"https:\/\/nordnesrepublikken.no\/wp-content\/uploads\/2026\/04\/1775992014_Ryanair-og-easyJet-advarer-passasjerer-Forsinkelser-kan-ramme-EU-flyplasser-fra.jpg\",\"contentUrl\":\"https:\/\/nordnesrepublikken.no\/wp-content\/uploads\/2026\/04\/1775992014_Ryanair-og-easyJet-advarer-passasjerer-Forsinkelser-kan-ramme-EU-flyplasser-fra.jpg\",\"width\":1600,\"height\":1067,\"caption\":\"Ryanair og easyJet advarer passasjerer: Forsinkelser kan ramme EU-flyplasser fra 4. mai\"},{\"@type\":\"BreadcrumbList\",\"@id\":\"https:\/\/nordnesrepublikken.no\/index.php\/2026\/04\/12\/ryanair-og-easyjet-advarer-passasjerer-forsinkelser-kan-ramme-eu-flyplasser-fra-4-mai\/#breadcrumb\",\"itemListElement\":[{\"@type\":\"ListItem\",\"position\":1,\"name\":\"Home\",\"item\":\"https:\/\/nordnesrepublikken.no\/\"},{\"@type\":\"ListItem\",\"position\":2,\"name\":\"Ryanair og easyJet advarer passasjerer: Forsinkelser kan ramme EU-flyplasser fra 4. mai\"}]},{\"@type\":\"WebSite\",\"@id\":\"https:\/\/nordnesrepublikken.no\/#website\",\"url\":\"https:\/\/nordnesrepublikken.no\/\",\"name\":\"Nordnesrepublikken\",\"description\":\"Stemmer og Visjoner fra Republikkens Hjerte\",\"publisher\":{\"@id\":\"https:\/\/nordnesrepublikken.no\/#organization\"},\"potentialAction\":[{\"@type\":\"SearchAction\",\"target\":{\"@type\":\"EntryPoint\",\"urlTemplate\":\"https:\/\/nordnesrepublikken.no\/?s={search_term_string}\"},\"query-input\":{\"@type\":\"PropertyValueSpecification\",\"valueRequired\":true,\"valueName\":\"search_term_string\"}}],\"inLanguage\":\"nb-NO\"},{\"@type\":\"Organization\",\"@id\":\"https:\/\/nordnesrepublikken.no\/#organization\",\"name\":\"Nordnesrepublikken\",\"url\":\"https:\/\/nordnesrepublikken.no\/\",\"logo\":{\"@type\":\"ImageObject\",\"inLanguage\":\"nb-NO\",\"@id\":\"https:\/\/nordnesrepublikken.no\/#\/schema\/logo\/image\/\",\"url\":\"https:\/\/nordnesrepublikken.no\/wp-content\/uploads\/2025\/02\/cropped-nordnesrepublikken-2.png\",\"contentUrl\":\"https:\/\/nordnesrepublikken.no\/wp-content\/uploads\/2025\/02\/cropped-nordnesrepublikken-2.png\",\"width\":1248,\"height\":362,\"caption\":\"Nordnesrepublikken\"},\"image\":{\"@id\":\"https:\/\/nordnesrepublikken.no\/#\/schema\/logo\/image\/\"}},{\"@type\":\"Person\",\"@id\":\"https:\/\/nordnesrepublikken.no\/#\/schema\/person\/2e7e81935bab77882fffb79296240ff1\",\"name\":\"Ole Andersen\",\"image\":{\"@type\":\"ImageObject\",\"inLanguage\":\"nb-NO\",\"@id\":\"https:\/\/nordnesrepublikken.no\/#\/schema\/person\/image\/\",\"url\":\"https:\/\/nordnesrepublikken.no\/wp-content\/uploads\/2025\/02\/nordnesrepublikken-2-2-150x150.jpg\",\"contentUrl\":\"https:\/\/nordnesrepublikken.no\/wp-content\/uploads\/2025\/02\/nordnesrepublikken-2-2-150x150.jpg\",\"caption\":\"Ole Andersen\"},\"description\":\"Ettersom jeg vokste opp i Oslo, har jeg alltid v\u00e6rt fascinert av ordenes kraft og deres evne til \u00e5 skape endringer. Etter \u00e5 ha fullf\u00f8rt min utdannelse i kommunikasjon ved Universitetet i Bergen, fikk jeg muligheten til \u00e5 jobbe innen ulike medier, der jeg har s\u00f8kt \u00e5 belyse viktige samfunnssp\u00f8rsm\u00e5l. I dag, som redakt\u00f8r for Nordnesrepublikken, pr\u00f8ver jeg \u00e5 forene min kj\u00e6rlighet for journalistikk med min lidenskap for innovasjon og eventyr.\",\"sameAs\":[\"https:\/\/nordnesrepublikken.no\/\"]}]}<\/script>\n<!-- \/ Yoast SEO plugin. -->","yoast_head_json":{"title":"Ryanair og easyJet advarer passasjerer: Forsinkelser kan ramme EU-flyplasser fra 4. mai - Nordnesrepublikken","robots":{"index":"index","follow":"follow","max-snippet":"max-snippet:-1","max-image-preview":"max-image-preview:large","max-video-preview":"max-video-preview:-1"},"canonical":"https:\/\/nordnesrepublikken.no\/index.php\/2026\/04\/12\/ryanair-og-easyjet-advarer-passasjerer-forsinkelser-kan-ramme-eu-flyplasser-fra-4-mai\/","og_locale":"nb_NO","og_type":"article","og_title":"Ryanair og easyJet advarer passasjerer: Forsinkelser kan ramme EU-flyplasser fra 4. mai - Nordnesrepublikken","og_description":"Lavprisflyselskapene Ryanair og easyJet har advart om at europeiske flyplasser kan st\u00e5 overfor systemisk drivstoffmangel","og_url":"https:\/\/nordnesrepublikken.no\/index.php\/2026\/04\/12\/ryanair-og-easyjet-advarer-passasjerer-forsinkelser-kan-ramme-eu-flyplasser-fra-4-mai\/","og_site_name":"Nordnesrepublikken","article_published_time":"2026-04-12T11:06:53+00:00","article_modified_time":"2026-04-12T11:06:55+00:00","og_image":[{"width":1600,"height":1067,"url":"https:\/\/nordnesrepublikken.no\/wp-content\/uploads\/2026\/04\/1775992014_Ryanair-og-easyJet-advarer-passasjerer-Forsinkelser-kan-ramme-EU-flyplasser-fra.jpg","type":"image\/jpeg"}],"author":"Ole Andersen","twitter_card":"summary_large_image","twitter_misc":{"Skrevet av":"Ole Andersen","Ansl. lesetid":"2 minutter"},"schema":{"@context":"https:\/\/schema.org","@graph":[{"@type":"Article","@id":"https:\/\/nordnesrepublikken.no\/index.php\/2026\/04\/12\/ryanair-og-easyjet-advarer-passasjerer-forsinkelser-kan-ramme-eu-flyplasser-fra-4-mai\/#article","isPartOf":{"@id":"https:\/\/nordnesrepublikken.no\/index.php\/2026\/04\/12\/ryanair-og-easyjet-advarer-passasjerer-forsinkelser-kan-ramme-eu-flyplasser-fra-4-mai\/"},"author":{"name":"Ole Andersen","@id":"https:\/\/nordnesrepublikken.no\/#\/schema\/person\/2e7e81935bab77882fffb79296240ff1"},"headline":"Ryanair og easyJet advarer passasjerer: Forsinkelser kan ramme EU-flyplasser fra 4. mai","datePublished":"2026-04-12T11:06:53+00:00","dateModified":"2026-04-12T11:06:55+00:00","mainEntityOfPage":{"@id":"https:\/\/nordnesrepublikken.no\/index.php\/2026\/04\/12\/ryanair-og-easyjet-advarer-passasjerer-forsinkelser-kan-ramme-eu-flyplasser-fra-4-mai\/"},"wordCount":453,"publisher":{"@id":"https:\/\/nordnesrepublikken.no\/#organization"},"image":{"@id":"https:\/\/nordnesrepublikken.no\/index.php\/2026\/04\/12\/ryanair-og-easyjet-advarer-passasjerer-forsinkelser-kan-ramme-eu-flyplasser-fra-4-mai\/#primaryimage"},"thumbnailUrl":"https:\/\/nordnesrepublikken.no\/wp-content\/uploads\/2026\/04\/1775992014_Ryanair-og-easyJet-advarer-passasjerer-Forsinkelser-kan-ramme-EU-flyplasser-fra.jpg","keywords":["advarer","EasyJet","EUflyplasser","forsinkelser","fra","kan","mai","passasjerer","ramme","Ryanair"],"articleSection":["Livsstil"],"inLanguage":"nb-NO"},{"@type":"WebPage","@id":"https:\/\/nordnesrepublikken.no\/index.php\/2026\/04\/12\/ryanair-og-easyjet-advarer-passasjerer-forsinkelser-kan-ramme-eu-flyplasser-fra-4-mai\/","url":"https:\/\/nordnesrepublikken.no\/index.php\/2026\/04\/12\/ryanair-og-easyjet-advarer-passasjerer-forsinkelser-kan-ramme-eu-flyplasser-fra-4-mai\/","name":"Ryanair og easyJet advarer passasjerer: Forsinkelser kan ramme EU-flyplasser fra 4. mai - Nordnesrepublikken","isPartOf":{"@id":"https:\/\/nordnesrepublikken.no\/#website"},"primaryImageOfPage":{"@id":"https:\/\/nordnesrepublikken.no\/index.php\/2026\/04\/12\/ryanair-og-easyjet-advarer-passasjerer-forsinkelser-kan-ramme-eu-flyplasser-fra-4-mai\/#primaryimage"},"image":{"@id":"https:\/\/nordnesrepublikken.no\/index.php\/2026\/04\/12\/ryanair-og-easyjet-advarer-passasjerer-forsinkelser-kan-ramme-eu-flyplasser-fra-4-mai\/#primaryimage"},"thumbnailUrl":"https:\/\/nordnesrepublikken.no\/wp-content\/uploads\/2026\/04\/1775992014_Ryanair-og-easyJet-advarer-passasjerer-Forsinkelser-kan-ramme-EU-flyplasser-fra.jpg","datePublished":"2026-04-12T11:06:53+00:00","dateModified":"2026-04-12T11:06:55+00:00","breadcrumb":{"@id":"https:\/\/nordnesrepublikken.no\/index.php\/2026\/04\/12\/ryanair-og-easyjet-advarer-passasjerer-forsinkelser-kan-ramme-eu-flyplasser-fra-4-mai\/#breadcrumb"},"inLanguage":"nb-NO","potentialAction":[{"@type":"ReadAction","target":["https:\/\/nordnesrepublikken.no\/index.php\/2026\/04\/12\/ryanair-og-easyjet-advarer-passasjerer-forsinkelser-kan-ramme-eu-flyplasser-fra-4-mai\/"]}]},{"@type":"ImageObject","inLanguage":"nb-NO","@id":"https:\/\/nordnesrepublikken.no\/index.php\/2026\/04\/12\/ryanair-og-easyjet-advarer-passasjerer-forsinkelser-kan-ramme-eu-flyplasser-fra-4-mai\/#primaryimage","url":"https:\/\/nordnesrepublikken.no\/wp-content\/uploads\/2026\/04\/1775992014_Ryanair-og-easyJet-advarer-passasjerer-Forsinkelser-kan-ramme-EU-flyplasser-fra.jpg","contentUrl":"https:\/\/nordnesrepublikken.no\/wp-content\/uploads\/2026\/04\/1775992014_Ryanair-og-easyJet-advarer-passasjerer-Forsinkelser-kan-ramme-EU-flyplasser-fra.jpg","width":1600,"height":1067,"caption":"Ryanair og easyJet advarer passasjerer: Forsinkelser kan ramme EU-flyplasser fra 4. mai"},{"@type":"BreadcrumbList","@id":"https:\/\/nordnesrepublikken.no\/index.php\/2026\/04\/12\/ryanair-og-easyjet-advarer-passasjerer-forsinkelser-kan-ramme-eu-flyplasser-fra-4-mai\/#breadcrumb","itemListElement":[{"@type":"ListItem","position":1,"name":"Home","item":"https:\/\/nordnesrepublikken.no\/"},{"@type":"ListItem","position":2,"name":"Ryanair og easyJet advarer passasjerer: Forsinkelser kan ramme EU-flyplasser fra 4. mai"}]},{"@type":"WebSite","@id":"https:\/\/nordnesrepublikken.no\/#website","url":"https:\/\/nordnesrepublikken.no\/","name":"Nordnesrepublikken","description":"Stemmer og Visjoner fra Republikkens Hjerte","publisher":{"@id":"https:\/\/nordnesrepublikken.no\/#organization"},"potentialAction":[{"@type":"SearchAction","target":{"@type":"EntryPoint","urlTemplate":"https:\/\/nordnesrepublikken.no\/?s={search_term_string}"},"query-input":{"@type":"PropertyValueSpecification","valueRequired":true,"valueName":"search_term_string"}}],"inLanguage":"nb-NO"},{"@type":"Organization","@id":"https:\/\/nordnesrepublikken.no\/#organization","name":"Nordnesrepublikken","url":"https:\/\/nordnesrepublikken.no\/","logo":{"@type":"ImageObject","inLanguage":"nb-NO","@id":"https:\/\/nordnesrepublikken.no\/#\/schema\/logo\/image\/","url":"https:\/\/nordnesrepublikken.no\/wp-content\/uploads\/2025\/02\/cropped-nordnesrepublikken-2.png","contentUrl":"https:\/\/nordnesrepublikken.no\/wp-content\/uploads\/2025\/02\/cropped-nordnesrepublikken-2.png","width":1248,"height":362,"caption":"Nordnesrepublikken"},"image":{"@id":"https:\/\/nordnesrepublikken.no\/#\/schema\/logo\/image\/"}},{"@type":"Person","@id":"https:\/\/nordnesrepublikken.no\/#\/schema\/person\/2e7e81935bab77882fffb79296240ff1","name":"Ole Andersen","image":{"@type":"ImageObject","inLanguage":"nb-NO","@id":"https:\/\/nordnesrepublikken.no\/#\/schema\/person\/image\/","url":"https:\/\/nordnesrepublikken.no\/wp-content\/uploads\/2025\/02\/nordnesrepublikken-2-2-150x150.jpg","contentUrl":"https:\/\/nordnesrepublikken.no\/wp-content\/uploads\/2025\/02\/nordnesrepublikken-2-2-150x150.jpg","caption":"Ole Andersen"},"description":"Ettersom jeg vokste opp i Oslo, har jeg alltid v\u00e6rt fascinert av ordenes kraft og deres evne til \u00e5 skape endringer. Etter \u00e5 ha fullf\u00f8rt min utdannelse i kommunikasjon ved Universitetet i Bergen, fikk jeg muligheten til \u00e5 jobbe innen ulike medier, der jeg har s\u00f8kt \u00e5 belyse viktige samfunnssp\u00f8rsm\u00e5l. I dag, som redakt\u00f8r for Nordnesrepublikken, pr\u00f8ver jeg \u00e5 forene min kj\u00e6rlighet for journalistikk med min lidenskap for innovasjon og eventyr.","sameAs":["https:\/\/nordnesrepublikken.no\/"]}]}},"_links":{"self":[{"href":"https:\/\/nordnesrepublikken.no\/index.php\/wp-json\/wp\/v2\/posts\/16897","targetHints":{"allow":["GET"]}}],"collection":[{"href":"https:\/\/nordnesrepublikken.no\/index.php\/wp-json\/wp\/v2\/posts"}],"about":[{"href":"https:\/\/nordnesrepublikken.no\/index.php\/wp-json\/wp\/v2\/types\/post"}],"author":[{"embeddable":true,"href":"https:\/\/nordnesrepublikken.no\/index.php\/wp-json\/wp\/v2\/users\/1"}],"replies":[{"embeddable":true,"href":"https:\/\/nordnesrepublikken.no\/index.php\/wp-json\/wp\/v2\/comments?post=16897"}],"version-history":[{"count":1,"href":"https:\/\/nordnesrepublikken.no\/index.php\/wp-json\/wp\/v2\/posts\/16897\/revisions"}],"predecessor-version":[{"id":16899,"href":"https:\/\/nordnesrepublikken.no\/index.php\/wp-json\/wp\/v2\/posts\/16897\/revisions\/16899"}],"wp:featuredmedia":[{"embeddable":true,"href":"https:\/\/nordnesrepublikken.no\/index.php\/wp-json\/wp\/v2\/media\/16898"}],"wp:attachment":[{"href":"https:\/\/nordnesrepublikken.no\/index.php\/wp-json\/wp\/v2\/media?parent=16897"}],"wp:term":[{"taxonomy":"category","embeddable":true,"href":"https:\/\/nordnesrepublikken.no\/index.php\/wp-json\/wp\/v2\/categories?post=16897"},{"taxonomy":"post_tag","embeddable":true,"href":"https:\/\/nordnesrepublikken.no\/index.php\/wp-json\/wp\/v2\/tags?post=16897"}],"curies":[{"name":"wp","href":"https:\/\/api.w.org\/{rel}","templated":true}]}}