{"id":16891,"date":"2026-04-12T08:08:05","date_gmt":"2026-04-12T06:08:05","guid":{"rendered":"https:\/\/nordnesrepublikken.no\/index.php\/2026\/04\/12\/nar-du-skal-sette-apostrof-eller-aksent-og-hvorfor-de-ikke-er-det-samme\/"},"modified":"2026-04-12T08:08:11","modified_gmt":"2026-04-12T06:08:11","slug":"nar-du-skal-sette-apostrof-eller-aksent-og-hvorfor-de-ikke-er-det-samme","status":"publish","type":"post","link":"https:\/\/nordnesrepublikken.no\/index.php\/2026\/04\/12\/nar-du-skal-sette-apostrof-eller-aksent-og-hvorfor-de-ikke-er-det-samme\/","title":{"rendered":"n\u00e5r du skal sette apostrof eller aksent og hvorfor de ikke er det samme"},"content":{"rendered":"<div>\n<div class=\"cp_wrapper cp_wrapper--fw mb-30 mb-20@tablet\">\n<figure class=\"mm\"><picture class=\"img\" style=\"padding-top:56.25%\"><source  media=\"(min-width: 1024px)\"><source  media=\"(min-width: 768px)\"><\/source><\/source><\/picture><\/figure>\n<\/p><\/div>\n<p>Nesten alle av oss husker det <strong><em>litt<\/em> det er skrevet med en apostrof<\/strong>som en forkortet form av <em>litt<\/em>: de l\u00e6rer oss det de f\u00f8rste \u00e5rene p\u00e5 skolen slik at vi aldri glemmer det igjen. Likevel er det de som fortsatt tar feil: det er det faktisk<strong> blant de ti vanligste feilene i grammatikk<\/strong>. N\u00e5r du skriver p\u00e5 smarttelefontastaturet, vises ogs\u00e5 alternativet <strong><em>bit<\/em> med aksent,<\/strong> som om de to skiltene var utskiftbare med hverandre. <em>Godt<\/em> (avkortet form av <em>Godt<\/em>ogs\u00e5 akseptert med rettskrivning <em>Godt<\/em>), er de ikke: apostrof og aksent eksisterer av forskjellige grunner, og n\u00e5r du f\u00f8rst forst\u00e5r forskjellen, vil det v\u00e6re lettere \u00e5 umiddelbart forst\u00e5 hvilken du skal bruke. I denne artikkelen gir vi deg en h\u00e5nd <strong>l\u00f8se dine tvil en gang for alle.<\/strong><\/p>\n<h2><b>Apostrof indikerer mangelen p\u00e5 noe<\/b><\/h2>\n<p><strong>Apostrof<\/strong> <strong>melder alltid frav\u00e6r<\/strong> (i dette tilfellet brevet <em>til<\/em>et frav\u00e6r, hvor elisjonen av vokalen forekommer): en bokstav eller stavelse som er eliminert for \u00e5 gj\u00f8re uttalen lettere. <em>litt&#8217;<\/em> er den avkortede formen av <em>litt<\/em>: den siste delen <em>-co<\/em> den har falt og apostrofen etterlater spor etter avskj\u00e6ringen. Det er de som fortsatt bruker, spesielt i mer dialektale former, <em>liten<\/em>for eksempel ved \u00e5 si <em>vent litt<\/em>men det er mer vanlig i det italienske spr\u00e5ket \u00e5 bruke den avkortede formen <em>vent litt<\/em>. I dette tilfellet tjener tegnet til \u00e5 minne oss om at den codaen eksisterer, selv om vi ikke lenger uttaler den.<\/p>\n<p>Den samme mekanismen gjelder for andre trunkeringer vi bruker <strong>hver dag uten \u00e5 ta hensyn lenger<\/strong>: <em>godt <\/em>i stedet for <em>Godt <\/em>(f.eks. &laquo;vel, jeg vet ikke hva jeg skal fortelle deg&raquo;), <em>g\u00e5<\/em>,<em> fra&#8217;<\/em>, <em>siden&#8217;<\/em>, <em>er&#8217;<\/em>, <em>Av&#8217;<\/em>som er de avkortede imperativene for \u00e5 g\u00e5, gi, gj\u00f8re, bli, si (f.eks. &laquo;g\u00e5 i dvale&raquo;, &laquo;fortell sannheten&raquo;, &laquo;gj\u00f8r som du vil&raquo;, &laquo;hold deg stille et sekund&raquo;, &laquo;h\u00f8r p\u00e5 meg&raquo;). I alle disse tilfellene forteller apostrof oss bare at det opprinnelige ordet var lengre, og at en forkortet versjon gjensto.<\/p>\n<h2><b>Aksenten gir oss en indikasjon p\u00e5 hvordan vi skal lese og uttale<\/b><\/h2>\n<p><strong>Den grafiske aksenten har to distinkte funksjoner<\/strong>: i ord med flere stavelser kan det indikere<strong> der den understrekede stavelsen faller <\/strong>og skille ord som vil ha samme stavem\u00e5te, men forskjellig betydning, f.eks. <em>Likevel<\/em> (fart\u00f8yets gjenstand) e <em>Likevel<\/em> (adverb, &laquo;nok en gang&raquo;), eller <em>fiske<\/em> (frukten) og <em>fiske<\/em> (aktiviteten med fiske). Denne bruken vises fremfor alt i ordb\u00f8ker og pedagogiske tekster, mens i hverdagsskriving er aksenten normalt ikke markert.<\/p>\n<p><strong>P\u00e5 enstavelser lar aksenten oss skille ord<\/strong> som uttales helt likt, men som med eller uten aksent betyr forskjellige ting og uten hvilke vi ikke ville ha noen m\u00e5te \u00e5 skille dem fra hverandre skriftlig.<\/p>\n<ul>\n<li><b>og og:<\/b> <em>Og<\/em> med aksent er det alltid tredje person entall av verbet \u00e5 v\u00e6re, mens <em>Og<\/em> uten aksent tilsvarer konjunksjonen. f.eks. &laquo;Marco har ankommet&raquo; og &laquo;Marco og Luca har ankommet&raquo;.<\/li>\n<li><b>ja \/ ja: <\/b><em>Ja<\/em> med aksent er det bekreftende adverbet, mens <em>Ja<\/em> uten aksent er det det refleksive pronomenet. S\u00e5, &laquo;Ja, jeg kommer i kveld&raquo;, &laquo;ja, selvf\u00f8lgelig&raquo; og &laquo;det begynner \u00e5 bli sent&raquo;.<\/li>\n<li><b>der \/ der <\/b>Og<b> der\/dem: <\/b><em>der<\/em> Og <em>der<\/em> med aksenten angir de sted. <em>Der<\/em> Og <em>der<\/em> uten aksent er de artikler eller pronomen. f.eks. \u00ablegg den der borte p\u00e5 bordet\u00bb og \u00abJeg ser den hver dag\u00bb, \u00absitt der\u00bb og \u00abJeg m\u00f8tte dem i g\u00e5r\u00bb.<\/li>\n<li><b>gir \/ gir: <\/b><em>fra<\/em> med aksent er tredje person i presens indikasjon p\u00e5 v\u00e5ge, mens &laquo;da&raquo; uten aksent er preposisjonen. \u00abDet plager meg\u00bb og \u00abJeg kommer fra Milano\u00bb. Dette er en av de hyppigste feilene noensinne!<\/li>\n<li><strong>si \/ si \/ si:<\/strong> <em>Av<\/em> med aksent er substantivet synonymt med dag, mens <em>Av<\/em> uten aksent er det preposisjonen. f.eks. \u00abIl giorno di festa\u00bb og \u00abDenne jakken er Massimos\u00bb. Det er ogs\u00e5 versjonen med en apostrof, <em>Av&#8217;, <\/em>andre person entall av presens imperativ av verbet dire.<\/li>\n<li><b>verken \/ eller:<\/b> <em>heller ikke<\/em> med aksent er den negative konjunksjonen som tilsvarer &laquo;og ikke&raquo;. <em>Ingen<\/em> uten aksent er det pronomenet eller adverbet. Som vi allerede hadde forklart deg i denne artikkelen, &laquo;verken fugl eller fisk&raquo;, &laquo;verken den ene eller den andre&raquo; og &laquo;Jeg snakket om det med henne&raquo;, i tillegg til formen &laquo;ce n&#8217;\u00e8&raquo;, elisjon av &laquo;det er&raquo;, der vi bruker apostrof.<\/li>\n<li><b>selv\/hvis:<\/b> <em>hvis<\/em> med aksent er det toniske refleksive pronomenet, mens <em>hvis<\/em> uten aksent er den hypotetiske konjunksjonen. &laquo;Tenk bare p\u00e5 deg selv&raquo; og &laquo;hvis du vil, kom&raquo;. Formene &laquo;seg selv&raquo; og &laquo;selv&raquo; kan skrives uten aksent, fordi tilstedev\u00e6relsen av samme eliminerer tvetydigheten, men formen med aksent er akseptert og n\u00e5 mer anbefalt av Accademia della Crusca.<\/li>\n<li><b>te\/te: <\/b><em>te<\/em> med aksent er drinken, <em>te<\/em> uten aksent er det pronomenet. &laquo;Vil du ha te?&raquo; og &laquo;Jeg forteller deg det&raquo;.<\/li>\n<\/ul>\n<p>Som Accademia della Crusca minner oss om, med alle andre ord av en stavelse b\u00f8r ikke aksenten brukes.<\/p>\n<h2><b>Forskjellen mellom akutt aksent og alvorlig aksent<\/b><\/h2>\n<p>DE&#8217;<strong>akutt aksent<\/strong>som g\u00e5r fra bunn til topp (venstre mot h\u00f8yre), indikerer grafisk <strong>lukket uttale av vokalen<\/strong> <em>Og<\/em> (fonem \/e\/), som for eksempel i ord <em>Hvorfor<\/em>, <em>til<\/em> i alle forbindelser av tre (<em>trettitre<\/em>, <em>hundre og tre<\/em>etc.) og i tredje person entall av preteritum av verb som gjenta (<em>gjentok han<\/em>), godteri (<em>han kunne<\/em>), osv.<\/p>\n<p>DE&#8217;<strong>alvorlig aksent<\/strong>som i stedet g\u00e5r fra topp til bunn (fra venstre til h\u00f8yre), er hva<strong> det m\u00e5 uttales med \u00e5pen vokal<\/strong> (fonem \/\u025b\/) og som vi ikke bare finner i ordet <em>kaffe<\/em>i tredje person entall av verbet \u00e5 v\u00e6re (<em>Og<\/em>) og med andre ord som <em>Mener hva<\/em> Og <em>Akk. <\/em>Den akutte og alvorlige aksenten regulerer ogs\u00e5 \u00e5pen uttale <em>eller<\/em> avslutning av brevet <em>eller<\/em> i ord (f.eks. <em>juling<\/em> Og <em>bl\u00e5se<\/em>). I praksis rapporteres imidlertid denne forskjellen nesten bare i ordb\u00f8ker og fonetiske tekster: p\u00e5 slutten av ordet la <em>eller<\/em> den er nesten alltid \u00e5pen og innsettingen er obligatorisk i avkortede ord, dvs. aksent p\u00e5 siste stavelse. For de andre stressede vokalene (<em>a, jeg, u<\/em>), skillet mellom \u00e5pen og lukket uttale er ikke aktuelt i italiensk, og den grafiske konvensjonen tilsier at gravaksenten uansett brukes: vi finner den derfor i alle ord som slutter med en tonisk vokal, som f.eks. <em>sannhet, s\u00e5 imidlertid og Peru.<br \/><\/em><\/p>\n<p>EN<strong> triks<\/strong> \u00e5 huske hvordan man skriver aksenter? Tenk p\u00e5 det <strong>alvorlig<\/strong> (`) som en <strong>fallende stein<\/strong>fra topp til bunn, og til det <strong>akutt<\/strong> (\u00b4) med hensyn til en <strong>flyet tar av,<\/strong> bunnen opp.<\/p>\n<h2><b>De vanligste feilene, inkludert aksenter og apostrof<\/b><\/h2>\n<p>Bortenfor <em>bit<\/em> i stedet for <em>bit<\/em>det er andre <strong>tilbakevendende feil vi kan gj\u00f8re<\/strong>: f\u00f8rst og fremst ved \u00e5 bruke aksenten der det ikke er n\u00f8dvendig. Preposisjonene <em>p\u00e5<\/em>, <em>Mellom<\/em>, <em>mellom<\/em> eller stedsadverb <em>her<\/em> Og <em>her<\/em> de har aldri en aksent \u2013 \u200b\u200bogs\u00e5 fordi, i motsetning til de tidligere eksemplene, har de ingen doble stavem\u00e5ter \u00e5 skille mellom!<\/p>\n<p>Det hender ogs\u00e5 ofte at vi glemmer <strong>apostrof i imperativformer<\/strong>Og: <em>siden<\/em> Og <em>er<\/em> uten apostrof er verbformer av tredje person i presens indikativ, mens <em>siden<\/em>&#8216;Og <em>er<\/em>&#8216; tilsvarer den andre personen i imperativet (<em>du gj\u00f8r<\/em> Og <em>du er<\/em>), for eksempel &laquo;hold kjeft&raquo;. <em>Fra<\/em> Og <em>Av<\/em>er imidlertid preposisjoner, mens <em>fra&#8217;<\/em> Og <em>Av&#8217;<\/em> er de avkortede versjonene av <em>kom igjen<\/em> Og <em>sier du<\/em>for eksempel &laquo;h\u00f8r, h\u00f8r p\u00e5 meg&raquo;.<\/p>\n<h2><b>Kort sagt, trikset for \u00e5 ikke gj\u00f8re feil<\/b><\/h2>\n<p>For \u00e5 forst\u00e5 om vi burde <strong>bruk en apostrof eller aksent<\/strong>kan vi stille oss selv et enkelt sp\u00f8rsm\u00e5l: melder vi frav\u00e6r eller skiller vi to forskjellige ord?<\/p>\n<p>Hvis det er en avkorting og noe mangler sammenlignet med hele skjemaet, er det n\u00f8dvendig med en apostrof (<em>bit<\/em> i stedet for <em>liten<\/em> Og <em>g\u00e5<\/em> i stedet for <em>g\u00e5<\/em>). Hvis ordet er komplett, men risikerer \u00e5 bli forvekslet med et annet, er aksenten n\u00f8dvendig: <em>Og<\/em>verb \u00e5 v\u00e6re, for ikke \u00e5 forveksle det med <em>Og<\/em> konjunksjon o <em>Ja<\/em>bekreftende partikkel, for ikke \u00e5 forveksle det med <em>Ja<\/em>refleksivt pronomen. I alle andre tilfeller (su, qui, tra osv.) er det ikke n\u00f8dvendig, og \u00e5 legge til apostrof eller aksent vil v\u00e6re en feil.<\/p>\n<div class=\"cp_wrapper  mb-50   \">\n<div class=\"cbx\">\n<div class=\"cbx__collection\">\n<p>Kilder<\/p>\n<div class=\"cbx__sources\">\n<p>Crusca-akademiet<\/p>\n<p>Treccani Encyclopedia<\/p>\n<\/p><\/div>\n<\/p><\/div>\n<\/p><\/div>\n<\/div><\/div>\n","protected":false},"excerpt":{"rendered":"<p>Nesten alle av oss husker det litt det er skrevet med en apostrofsom en forkortet<\/p>\n","protected":false},"author":1,"featured_media":16892,"comment_status":"closed","ping_status":"open","sticky":false,"template":"","format":"standard","meta":{"footnotes":""},"categories":[104],"tags":[10921,8295,66,1156,101,187,16,3753,2818,741],"class_list":["post-16891","post","type-post","status-publish","format-standard","has-post-thumbnail","hentry","category-samfunn","tag-aksent","tag-apostrof","tag-det","tag-eller","tag-hvorfor","tag-ikke","tag-nar","tag-samme","tag-sette","tag-skal","generate-columns","tablet-grid-50","mobile-grid-100","grid-parent","grid-33","resize-featured-image"],"yoast_head":"<!-- This site is optimized with the Yoast SEO plugin v24.4 - https:\/\/yoast.com\/wordpress\/plugins\/seo\/ -->\n<title>n\u00e5r du skal sette apostrof eller aksent og hvorfor de ikke er det samme - Nordnesrepublikken<\/title>\n<meta name=\"robots\" content=\"index, follow, max-snippet:-1, max-image-preview:large, max-video-preview:-1\" \/>\n<link rel=\"canonical\" href=\"https:\/\/nordnesrepublikken.no\/index.php\/2026\/04\/12\/nar-du-skal-sette-apostrof-eller-aksent-og-hvorfor-de-ikke-er-det-samme\/\" \/>\n<meta property=\"og:locale\" content=\"nb_NO\" \/>\n<meta property=\"og:type\" content=\"article\" \/>\n<meta property=\"og:title\" content=\"n\u00e5r du skal sette apostrof eller aksent og hvorfor de ikke er det samme - Nordnesrepublikken\" \/>\n<meta property=\"og:description\" content=\"Nesten alle av oss husker det litt det er skrevet med en apostrofsom en forkortet\" \/>\n<meta property=\"og:url\" content=\"https:\/\/nordnesrepublikken.no\/index.php\/2026\/04\/12\/nar-du-skal-sette-apostrof-eller-aksent-og-hvorfor-de-ikke-er-det-samme\/\" \/>\n<meta property=\"og:site_name\" content=\"Nordnesrepublikken\" \/>\n<meta property=\"article:published_time\" content=\"2026-04-12T06:08:05+00:00\" \/>\n<meta property=\"article:modified_time\" content=\"2026-04-12T06:08:11+00:00\" \/>\n<meta property=\"og:image\" content=\"https:\/\/nordnesrepublikken.no\/wp-content\/uploads\/2026\/04\/1775974089_nar-du-skal-sette-apostrof-eller-aksent-og-hvorfor-de-scaled.jpg\" \/>\n\t<meta property=\"og:image:width\" content=\"2560\" \/>\n\t<meta property=\"og:image:height\" content=\"1396\" \/>\n\t<meta property=\"og:image:type\" content=\"image\/jpeg\" \/>\n<meta name=\"author\" content=\"Ole Andersen\" \/>\n<meta name=\"twitter:card\" content=\"summary_large_image\" \/>\n<meta name=\"twitter:label1\" content=\"Skrevet av\" \/>\n\t<meta name=\"twitter:data1\" content=\"Ole Andersen\" \/>\n\t<meta name=\"twitter:label2\" content=\"Ansl. lesetid\" \/>\n\t<meta name=\"twitter:data2\" content=\"7 minutter\" \/>\n<script type=\"application\/ld+json\" class=\"yoast-schema-graph\">{\"@context\":\"https:\/\/schema.org\",\"@graph\":[{\"@type\":\"Article\",\"@id\":\"https:\/\/nordnesrepublikken.no\/index.php\/2026\/04\/12\/nar-du-skal-sette-apostrof-eller-aksent-og-hvorfor-de-ikke-er-det-samme\/#article\",\"isPartOf\":{\"@id\":\"https:\/\/nordnesrepublikken.no\/index.php\/2026\/04\/12\/nar-du-skal-sette-apostrof-eller-aksent-og-hvorfor-de-ikke-er-det-samme\/\"},\"author\":{\"name\":\"Ole Andersen\",\"@id\":\"https:\/\/nordnesrepublikken.no\/#\/schema\/person\/2e7e81935bab77882fffb79296240ff1\"},\"headline\":\"n\u00e5r du skal sette apostrof eller aksent og hvorfor de ikke er det samme\",\"datePublished\":\"2026-04-12T06:08:05+00:00\",\"dateModified\":\"2026-04-12T06:08:11+00:00\",\"mainEntityOfPage\":{\"@id\":\"https:\/\/nordnesrepublikken.no\/index.php\/2026\/04\/12\/nar-du-skal-sette-apostrof-eller-aksent-og-hvorfor-de-ikke-er-det-samme\/\"},\"wordCount\":1330,\"publisher\":{\"@id\":\"https:\/\/nordnesrepublikken.no\/#organization\"},\"image\":{\"@id\":\"https:\/\/nordnesrepublikken.no\/index.php\/2026\/04\/12\/nar-du-skal-sette-apostrof-eller-aksent-og-hvorfor-de-ikke-er-det-samme\/#primaryimage\"},\"thumbnailUrl\":\"https:\/\/nordnesrepublikken.no\/wp-content\/uploads\/2026\/04\/1775974089_nar-du-skal-sette-apostrof-eller-aksent-og-hvorfor-de-scaled.jpg\",\"keywords\":[\"aksent\",\"apostrof\",\"Det\",\"eller\",\"hvorfor\",\"ikke\",\"n\u00e5r\",\"samme\",\"sette\",\"skal\"],\"articleSection\":[\"Samfunn\"],\"inLanguage\":\"nb-NO\"},{\"@type\":\"WebPage\",\"@id\":\"https:\/\/nordnesrepublikken.no\/index.php\/2026\/04\/12\/nar-du-skal-sette-apostrof-eller-aksent-og-hvorfor-de-ikke-er-det-samme\/\",\"url\":\"https:\/\/nordnesrepublikken.no\/index.php\/2026\/04\/12\/nar-du-skal-sette-apostrof-eller-aksent-og-hvorfor-de-ikke-er-det-samme\/\",\"name\":\"n\u00e5r du skal sette apostrof eller aksent og hvorfor de ikke er det samme - Nordnesrepublikken\",\"isPartOf\":{\"@id\":\"https:\/\/nordnesrepublikken.no\/#website\"},\"primaryImageOfPage\":{\"@id\":\"https:\/\/nordnesrepublikken.no\/index.php\/2026\/04\/12\/nar-du-skal-sette-apostrof-eller-aksent-og-hvorfor-de-ikke-er-det-samme\/#primaryimage\"},\"image\":{\"@id\":\"https:\/\/nordnesrepublikken.no\/index.php\/2026\/04\/12\/nar-du-skal-sette-apostrof-eller-aksent-og-hvorfor-de-ikke-er-det-samme\/#primaryimage\"},\"thumbnailUrl\":\"https:\/\/nordnesrepublikken.no\/wp-content\/uploads\/2026\/04\/1775974089_nar-du-skal-sette-apostrof-eller-aksent-og-hvorfor-de-scaled.jpg\",\"datePublished\":\"2026-04-12T06:08:05+00:00\",\"dateModified\":\"2026-04-12T06:08:11+00:00\",\"breadcrumb\":{\"@id\":\"https:\/\/nordnesrepublikken.no\/index.php\/2026\/04\/12\/nar-du-skal-sette-apostrof-eller-aksent-og-hvorfor-de-ikke-er-det-samme\/#breadcrumb\"},\"inLanguage\":\"nb-NO\",\"potentialAction\":[{\"@type\":\"ReadAction\",\"target\":[\"https:\/\/nordnesrepublikken.no\/index.php\/2026\/04\/12\/nar-du-skal-sette-apostrof-eller-aksent-og-hvorfor-de-ikke-er-det-samme\/\"]}]},{\"@type\":\"ImageObject\",\"inLanguage\":\"nb-NO\",\"@id\":\"https:\/\/nordnesrepublikken.no\/index.php\/2026\/04\/12\/nar-du-skal-sette-apostrof-eller-aksent-og-hvorfor-de-ikke-er-det-samme\/#primaryimage\",\"url\":\"https:\/\/nordnesrepublikken.no\/wp-content\/uploads\/2026\/04\/1775974089_nar-du-skal-sette-apostrof-eller-aksent-og-hvorfor-de-scaled.jpg\",\"contentUrl\":\"https:\/\/nordnesrepublikken.no\/wp-content\/uploads\/2026\/04\/1775974089_nar-du-skal-sette-apostrof-eller-aksent-og-hvorfor-de-scaled.jpg\",\"width\":2560,\"height\":1396,\"caption\":\"n\u00e5r du skal sette apostrof eller aksent og hvorfor de ikke er det samme\"},{\"@type\":\"BreadcrumbList\",\"@id\":\"https:\/\/nordnesrepublikken.no\/index.php\/2026\/04\/12\/nar-du-skal-sette-apostrof-eller-aksent-og-hvorfor-de-ikke-er-det-samme\/#breadcrumb\",\"itemListElement\":[{\"@type\":\"ListItem\",\"position\":1,\"name\":\"Home\",\"item\":\"https:\/\/nordnesrepublikken.no\/\"},{\"@type\":\"ListItem\",\"position\":2,\"name\":\"n\u00e5r du skal sette apostrof eller aksent og hvorfor de ikke er det samme\"}]},{\"@type\":\"WebSite\",\"@id\":\"https:\/\/nordnesrepublikken.no\/#website\",\"url\":\"https:\/\/nordnesrepublikken.no\/\",\"name\":\"Nordnesrepublikken\",\"description\":\"Stemmer og Visjoner fra Republikkens Hjerte\",\"publisher\":{\"@id\":\"https:\/\/nordnesrepublikken.no\/#organization\"},\"potentialAction\":[{\"@type\":\"SearchAction\",\"target\":{\"@type\":\"EntryPoint\",\"urlTemplate\":\"https:\/\/nordnesrepublikken.no\/?s={search_term_string}\"},\"query-input\":{\"@type\":\"PropertyValueSpecification\",\"valueRequired\":true,\"valueName\":\"search_term_string\"}}],\"inLanguage\":\"nb-NO\"},{\"@type\":\"Organization\",\"@id\":\"https:\/\/nordnesrepublikken.no\/#organization\",\"name\":\"Nordnesrepublikken\",\"url\":\"https:\/\/nordnesrepublikken.no\/\",\"logo\":{\"@type\":\"ImageObject\",\"inLanguage\":\"nb-NO\",\"@id\":\"https:\/\/nordnesrepublikken.no\/#\/schema\/logo\/image\/\",\"url\":\"https:\/\/nordnesrepublikken.no\/wp-content\/uploads\/2025\/02\/cropped-nordnesrepublikken-2.png\",\"contentUrl\":\"https:\/\/nordnesrepublikken.no\/wp-content\/uploads\/2025\/02\/cropped-nordnesrepublikken-2.png\",\"width\":1248,\"height\":362,\"caption\":\"Nordnesrepublikken\"},\"image\":{\"@id\":\"https:\/\/nordnesrepublikken.no\/#\/schema\/logo\/image\/\"}},{\"@type\":\"Person\",\"@id\":\"https:\/\/nordnesrepublikken.no\/#\/schema\/person\/2e7e81935bab77882fffb79296240ff1\",\"name\":\"Ole Andersen\",\"image\":{\"@type\":\"ImageObject\",\"inLanguage\":\"nb-NO\",\"@id\":\"https:\/\/nordnesrepublikken.no\/#\/schema\/person\/image\/\",\"url\":\"https:\/\/nordnesrepublikken.no\/wp-content\/uploads\/2025\/02\/nordnesrepublikken-2-2-150x150.jpg\",\"contentUrl\":\"https:\/\/nordnesrepublikken.no\/wp-content\/uploads\/2025\/02\/nordnesrepublikken-2-2-150x150.jpg\",\"caption\":\"Ole Andersen\"},\"description\":\"Ettersom jeg vokste opp i Oslo, har jeg alltid v\u00e6rt fascinert av ordenes kraft og deres evne til \u00e5 skape endringer. Etter \u00e5 ha fullf\u00f8rt min utdannelse i kommunikasjon ved Universitetet i Bergen, fikk jeg muligheten til \u00e5 jobbe innen ulike medier, der jeg har s\u00f8kt \u00e5 belyse viktige samfunnssp\u00f8rsm\u00e5l. I dag, som redakt\u00f8r for Nordnesrepublikken, pr\u00f8ver jeg \u00e5 forene min kj\u00e6rlighet for journalistikk med min lidenskap for innovasjon og eventyr.\",\"sameAs\":[\"https:\/\/nordnesrepublikken.no\/\"]}]}<\/script>\n<!-- \/ Yoast SEO plugin. -->","yoast_head_json":{"title":"n\u00e5r du skal sette apostrof eller aksent og hvorfor de ikke er det samme - Nordnesrepublikken","robots":{"index":"index","follow":"follow","max-snippet":"max-snippet:-1","max-image-preview":"max-image-preview:large","max-video-preview":"max-video-preview:-1"},"canonical":"https:\/\/nordnesrepublikken.no\/index.php\/2026\/04\/12\/nar-du-skal-sette-apostrof-eller-aksent-og-hvorfor-de-ikke-er-det-samme\/","og_locale":"nb_NO","og_type":"article","og_title":"n\u00e5r du skal sette apostrof eller aksent og hvorfor de ikke er det samme - Nordnesrepublikken","og_description":"Nesten alle av oss husker det litt det er skrevet med en apostrofsom en forkortet","og_url":"https:\/\/nordnesrepublikken.no\/index.php\/2026\/04\/12\/nar-du-skal-sette-apostrof-eller-aksent-og-hvorfor-de-ikke-er-det-samme\/","og_site_name":"Nordnesrepublikken","article_published_time":"2026-04-12T06:08:05+00:00","article_modified_time":"2026-04-12T06:08:11+00:00","og_image":[{"width":2560,"height":1396,"url":"https:\/\/nordnesrepublikken.no\/wp-content\/uploads\/2026\/04\/1775974089_nar-du-skal-sette-apostrof-eller-aksent-og-hvorfor-de-scaled.jpg","type":"image\/jpeg"}],"author":"Ole Andersen","twitter_card":"summary_large_image","twitter_misc":{"Skrevet av":"Ole Andersen","Ansl. lesetid":"7 minutter"},"schema":{"@context":"https:\/\/schema.org","@graph":[{"@type":"Article","@id":"https:\/\/nordnesrepublikken.no\/index.php\/2026\/04\/12\/nar-du-skal-sette-apostrof-eller-aksent-og-hvorfor-de-ikke-er-det-samme\/#article","isPartOf":{"@id":"https:\/\/nordnesrepublikken.no\/index.php\/2026\/04\/12\/nar-du-skal-sette-apostrof-eller-aksent-og-hvorfor-de-ikke-er-det-samme\/"},"author":{"name":"Ole Andersen","@id":"https:\/\/nordnesrepublikken.no\/#\/schema\/person\/2e7e81935bab77882fffb79296240ff1"},"headline":"n\u00e5r du skal sette apostrof eller aksent og hvorfor de ikke er det samme","datePublished":"2026-04-12T06:08:05+00:00","dateModified":"2026-04-12T06:08:11+00:00","mainEntityOfPage":{"@id":"https:\/\/nordnesrepublikken.no\/index.php\/2026\/04\/12\/nar-du-skal-sette-apostrof-eller-aksent-og-hvorfor-de-ikke-er-det-samme\/"},"wordCount":1330,"publisher":{"@id":"https:\/\/nordnesrepublikken.no\/#organization"},"image":{"@id":"https:\/\/nordnesrepublikken.no\/index.php\/2026\/04\/12\/nar-du-skal-sette-apostrof-eller-aksent-og-hvorfor-de-ikke-er-det-samme\/#primaryimage"},"thumbnailUrl":"https:\/\/nordnesrepublikken.no\/wp-content\/uploads\/2026\/04\/1775974089_nar-du-skal-sette-apostrof-eller-aksent-og-hvorfor-de-scaled.jpg","keywords":["aksent","apostrof","Det","eller","hvorfor","ikke","n\u00e5r","samme","sette","skal"],"articleSection":["Samfunn"],"inLanguage":"nb-NO"},{"@type":"WebPage","@id":"https:\/\/nordnesrepublikken.no\/index.php\/2026\/04\/12\/nar-du-skal-sette-apostrof-eller-aksent-og-hvorfor-de-ikke-er-det-samme\/","url":"https:\/\/nordnesrepublikken.no\/index.php\/2026\/04\/12\/nar-du-skal-sette-apostrof-eller-aksent-og-hvorfor-de-ikke-er-det-samme\/","name":"n\u00e5r du skal sette apostrof eller aksent og hvorfor de ikke er det samme - Nordnesrepublikken","isPartOf":{"@id":"https:\/\/nordnesrepublikken.no\/#website"},"primaryImageOfPage":{"@id":"https:\/\/nordnesrepublikken.no\/index.php\/2026\/04\/12\/nar-du-skal-sette-apostrof-eller-aksent-og-hvorfor-de-ikke-er-det-samme\/#primaryimage"},"image":{"@id":"https:\/\/nordnesrepublikken.no\/index.php\/2026\/04\/12\/nar-du-skal-sette-apostrof-eller-aksent-og-hvorfor-de-ikke-er-det-samme\/#primaryimage"},"thumbnailUrl":"https:\/\/nordnesrepublikken.no\/wp-content\/uploads\/2026\/04\/1775974089_nar-du-skal-sette-apostrof-eller-aksent-og-hvorfor-de-scaled.jpg","datePublished":"2026-04-12T06:08:05+00:00","dateModified":"2026-04-12T06:08:11+00:00","breadcrumb":{"@id":"https:\/\/nordnesrepublikken.no\/index.php\/2026\/04\/12\/nar-du-skal-sette-apostrof-eller-aksent-og-hvorfor-de-ikke-er-det-samme\/#breadcrumb"},"inLanguage":"nb-NO","potentialAction":[{"@type":"ReadAction","target":["https:\/\/nordnesrepublikken.no\/index.php\/2026\/04\/12\/nar-du-skal-sette-apostrof-eller-aksent-og-hvorfor-de-ikke-er-det-samme\/"]}]},{"@type":"ImageObject","inLanguage":"nb-NO","@id":"https:\/\/nordnesrepublikken.no\/index.php\/2026\/04\/12\/nar-du-skal-sette-apostrof-eller-aksent-og-hvorfor-de-ikke-er-det-samme\/#primaryimage","url":"https:\/\/nordnesrepublikken.no\/wp-content\/uploads\/2026\/04\/1775974089_nar-du-skal-sette-apostrof-eller-aksent-og-hvorfor-de-scaled.jpg","contentUrl":"https:\/\/nordnesrepublikken.no\/wp-content\/uploads\/2026\/04\/1775974089_nar-du-skal-sette-apostrof-eller-aksent-og-hvorfor-de-scaled.jpg","width":2560,"height":1396,"caption":"n\u00e5r du skal sette apostrof eller aksent og hvorfor de ikke er det samme"},{"@type":"BreadcrumbList","@id":"https:\/\/nordnesrepublikken.no\/index.php\/2026\/04\/12\/nar-du-skal-sette-apostrof-eller-aksent-og-hvorfor-de-ikke-er-det-samme\/#breadcrumb","itemListElement":[{"@type":"ListItem","position":1,"name":"Home","item":"https:\/\/nordnesrepublikken.no\/"},{"@type":"ListItem","position":2,"name":"n\u00e5r du skal sette apostrof eller aksent og hvorfor de ikke er det samme"}]},{"@type":"WebSite","@id":"https:\/\/nordnesrepublikken.no\/#website","url":"https:\/\/nordnesrepublikken.no\/","name":"Nordnesrepublikken","description":"Stemmer og Visjoner fra Republikkens Hjerte","publisher":{"@id":"https:\/\/nordnesrepublikken.no\/#organization"},"potentialAction":[{"@type":"SearchAction","target":{"@type":"EntryPoint","urlTemplate":"https:\/\/nordnesrepublikken.no\/?s={search_term_string}"},"query-input":{"@type":"PropertyValueSpecification","valueRequired":true,"valueName":"search_term_string"}}],"inLanguage":"nb-NO"},{"@type":"Organization","@id":"https:\/\/nordnesrepublikken.no\/#organization","name":"Nordnesrepublikken","url":"https:\/\/nordnesrepublikken.no\/","logo":{"@type":"ImageObject","inLanguage":"nb-NO","@id":"https:\/\/nordnesrepublikken.no\/#\/schema\/logo\/image\/","url":"https:\/\/nordnesrepublikken.no\/wp-content\/uploads\/2025\/02\/cropped-nordnesrepublikken-2.png","contentUrl":"https:\/\/nordnesrepublikken.no\/wp-content\/uploads\/2025\/02\/cropped-nordnesrepublikken-2.png","width":1248,"height":362,"caption":"Nordnesrepublikken"},"image":{"@id":"https:\/\/nordnesrepublikken.no\/#\/schema\/logo\/image\/"}},{"@type":"Person","@id":"https:\/\/nordnesrepublikken.no\/#\/schema\/person\/2e7e81935bab77882fffb79296240ff1","name":"Ole Andersen","image":{"@type":"ImageObject","inLanguage":"nb-NO","@id":"https:\/\/nordnesrepublikken.no\/#\/schema\/person\/image\/","url":"https:\/\/nordnesrepublikken.no\/wp-content\/uploads\/2025\/02\/nordnesrepublikken-2-2-150x150.jpg","contentUrl":"https:\/\/nordnesrepublikken.no\/wp-content\/uploads\/2025\/02\/nordnesrepublikken-2-2-150x150.jpg","caption":"Ole Andersen"},"description":"Ettersom jeg vokste opp i Oslo, har jeg alltid v\u00e6rt fascinert av ordenes kraft og deres evne til \u00e5 skape endringer. Etter \u00e5 ha fullf\u00f8rt min utdannelse i kommunikasjon ved Universitetet i Bergen, fikk jeg muligheten til \u00e5 jobbe innen ulike medier, der jeg har s\u00f8kt \u00e5 belyse viktige samfunnssp\u00f8rsm\u00e5l. I dag, som redakt\u00f8r for Nordnesrepublikken, pr\u00f8ver jeg \u00e5 forene min kj\u00e6rlighet for journalistikk med min lidenskap for innovasjon og eventyr.","sameAs":["https:\/\/nordnesrepublikken.no\/"]}]}},"_links":{"self":[{"href":"https:\/\/nordnesrepublikken.no\/index.php\/wp-json\/wp\/v2\/posts\/16891","targetHints":{"allow":["GET"]}}],"collection":[{"href":"https:\/\/nordnesrepublikken.no\/index.php\/wp-json\/wp\/v2\/posts"}],"about":[{"href":"https:\/\/nordnesrepublikken.no\/index.php\/wp-json\/wp\/v2\/types\/post"}],"author":[{"embeddable":true,"href":"https:\/\/nordnesrepublikken.no\/index.php\/wp-json\/wp\/v2\/users\/1"}],"replies":[{"embeddable":true,"href":"https:\/\/nordnesrepublikken.no\/index.php\/wp-json\/wp\/v2\/comments?post=16891"}],"version-history":[{"count":1,"href":"https:\/\/nordnesrepublikken.no\/index.php\/wp-json\/wp\/v2\/posts\/16891\/revisions"}],"predecessor-version":[{"id":16893,"href":"https:\/\/nordnesrepublikken.no\/index.php\/wp-json\/wp\/v2\/posts\/16891\/revisions\/16893"}],"wp:featuredmedia":[{"embeddable":true,"href":"https:\/\/nordnesrepublikken.no\/index.php\/wp-json\/wp\/v2\/media\/16892"}],"wp:attachment":[{"href":"https:\/\/nordnesrepublikken.no\/index.php\/wp-json\/wp\/v2\/media?parent=16891"}],"wp:term":[{"taxonomy":"category","embeddable":true,"href":"https:\/\/nordnesrepublikken.no\/index.php\/wp-json\/wp\/v2\/categories?post=16891"},{"taxonomy":"post_tag","embeddable":true,"href":"https:\/\/nordnesrepublikken.no\/index.php\/wp-json\/wp\/v2\/tags?post=16891"}],"curies":[{"name":"wp","href":"https:\/\/api.w.org\/{rel}","templated":true}]}}