{"id":16864,"date":"2026-04-11T13:48:50","date_gmt":"2026-04-11T11:48:50","guid":{"rendered":"https:\/\/nordnesrepublikken.no\/index.php\/2026\/04\/11\/lille-alberts-eksperiment-kan-frykt-laeres-til-mennesker\/"},"modified":"2026-04-11T13:48:53","modified_gmt":"2026-04-11T11:48:53","slug":"lille-alberts-eksperiment-kan-frykt-laeres-til-mennesker","status":"publish","type":"post","link":"https:\/\/nordnesrepublikken.no\/index.php\/2026\/04\/11\/lille-alberts-eksperiment-kan-frykt-laeres-til-mennesker\/","title":{"rendered":"Lille Alberts eksperiment, kan frykt l\u00e6res til mennesker?"},"content":{"rendered":"<div>\n<div class=\"cp_wrapper cp_wrapper--fw mb-30 mb-20@tablet\">\n<figure class=\"mm\"><picture class=\"img\" style=\"padding-top:56.25%\"><source  media=\"(min-width: 1024px)\"><source  media=\"(min-width: 768px)\"><\/source><\/source><\/picture><\/figure>\n<\/p><\/div>\n<p>I 1920 den st\u00f8rste eksponenten for behaviorisme <strong>John Watson<\/strong> han var s\u00e5 overbevist om at atferd og f\u00f8lelser kunne formes og formes av det ytre milj\u00f8et at han bestemte seg for \u00e5 utf\u00f8re et eksperiment ved Johns Hopkins University p\u00e5 et barn, kjent som <strong>lille Albert<\/strong>for \u00e5 demonstrere hvordan ogs\u00e5 <strong>frykt<\/strong> kan l\u00e6res.<\/p>\n<p>P\u00e5 begynnelsen av 1900-tallet ble psykologien stilt overfor et grunnleggende sp\u00f8rsm\u00e5l: hvordan studerer vi egentlig menneskelig atferd? Inntil da hadde oppmerksomheten f\u00f8rst og fremst v\u00e6rt rettet mot indre tanker og f\u00f8lelser. Med f\u00f8dselen av <strong>behaviorisme<\/strong>de objektive endringer: psykologi har som m\u00e5l \u00e5 bli en vitenskap i stand til <strong>gi direkte observerbare og m\u00e5lbare data<\/strong>. I sentrum av etterforskningen er det derfor ikke lenger innholdet i sinnet, men det <strong>handlinger<\/strong>reaksjoner og hvordan <strong>milj\u00f8et former atferd<\/strong>.<\/p>\n<h2><strong>Sinnet er som en svart boks<\/strong><\/h2>\n<p>Watson vurderte <strong>menneskesinnet<\/strong> som en <strong><em>Black Box <\/em><\/strong>(Black Box), hvis interne funksjoner ikke var direkte observerbare og nettopp av denne grunn ikke kunne v\u00e6re gjenstand for streng vitenskapelig analyse. Watson foresl\u00e5r derfor \u00e5 behandle sinnet som en svart boks: det spiller ingen rolle hva som skjer inni det, det som betyr noe er <strong>forholdet mellom stimuli som kommer fra omgivelsene og observerbare atferdsreaksjoner<\/strong>.<\/p>\n<p>I dette synet betyr det \u00e5 forst\u00e5 atferd <strong>studere hvordan visse stimuli produserer bestemte reaksjoner<\/strong>uten \u00e5 referere til indre mentale tilstander. For \u00e5 forst\u00e5 hvor overbevist han var om teorien sin, husk det ber\u00f8mte sitatet:<\/p>\n<blockquote>\n<p>Gi meg et dusin sunne, robuste barn og et spesifikt milj\u00f8 \u00e5 utdanne dem i, og jeg forsikrer deg om at jeg kan ta en tilfeldig og l\u00e6re ham opp til hvilken som helst spesialist jeg bestemmer meg for, lege, advokat, kunstner, kj\u00f8pmann og ja, til og med tigger og tyv, uavhengig av hans talenter, tilb\u00f8yeligheter, tilb\u00f8yeligheter, evner, yrker og hans rase.<\/p>\n<\/blockquote>\n<h2>Frykt er ikke medf\u00f8dt: det psykologiske eksperimentet<\/h2>\n<p>Sterkt overbevist om hypotesen sin, \u00f8nsket Watson \u00e5 bevise det ogs\u00e5 <strong>frykt er ikke medf\u00f8dt<\/strong>, <strong>men det kan l\u00e6res gjennom erfaring<\/strong>. For \u00e5 verifisere dette valgte han \u00e5 anvende prinsippene for <strong>klassisk kondisjonering<\/strong> behandlet av <strong>Ivan Pavlov<\/strong>inntil da studert hovedsakelig p\u00e5 dyr. Samarbeidspartneren hans var der for \u00e5 hjelpe ham <strong>Rosalie Rayner<\/strong>som senere ble hans kone.<\/p>\n<p>Watson og Rayner gjennomf\u00f8rte denne studien for \u00e5 svare p\u00e5 tre grunnleggende sp\u00f8rsm\u00e5l:<\/p>\n<ul>\n<li>Kan et barn betinges til \u00e5 v\u00e6re redd for et dyr hvis det dukker opp samtidig som en skremmende stimulans?<\/li>\n<li>Kan denne frykten generaliseres til andre dyr eller livl\u00f8se gjenstander?<\/li>\n<li>Hvor lenge vil en slik frykt vedvare?<\/li>\n<\/ul>\n<p>Den ufrivillige hovedpersonen i eksperimentet som fant sted i 1920 er <strong>en baby p\u00e5 ca 11 m\u00e5neder<\/strong>, <strong>kjent som lille Albert<\/strong>oppvokst fra f\u00f8dselen i et sykehusmilj\u00f8 (moren hans var sykepleier i Harriet Lane Home). Watson beskriver Albert som et sunt, f\u00f8lelsesmessig stabilt og lite reaktivt barn; if\u00f8lge psykologen ville deltakelsen til den unge deltakeren ha for\u00e5rsaket &laquo;minimal skade&raquo;.<\/p>\n<p>Fra han var 9 m\u00e5neder gammel ble han i utgangspunktet utsatt for <strong>emosjonelle tester<\/strong>som ble en skikkelig rutine. Barnet ble deretter utsatt for ulike stimuli: en hvit mus, en kanin, en hund, en ape, masker med og uten h\u00e5r, bomullsull og til og med brennende aviser. I ingen av disse situasjonene viste Albert noen tegn til frykt. tvert imot, <strong>han reagerte med sterk frykt<\/strong> n\u00e5r a ble produsert <strong>metallisk st\u00f8y<\/strong> plutselig sl\u00e5r han en st\u00e5lstang med en hammer: i disse tilfellene hoppet han, skalv og gr\u00e5t. Etter \u00e5 ha identifisert stimulansen som er i stand til \u00e5 vekke frykt, bestemte Watson seg for \u00e5 bruke den til <strong>p\u00e5virke en f\u00f8lelsesmessig respons<\/strong>.<\/p>\n<p>I en f\u00f8rste fase, ved synet av den hvite musen, pr\u00f8vde barnet \u00e5 gripe den uten \u00e5 n\u00f8le. Det er her den virkelige kondisjoneringen begynner: <strong>akkurat da Albert ber\u00f8rte musen, ble st\u00e5lstangen truffet<\/strong>for\u00e5rsaker en umiddelbar reaksjon av frykt og gr\u00e5t. I stedet, da noen lekeklosser ble avsl\u00f8rt (n\u00f8ytral stimulans), gikk Albert tilbake til \u00e5 leke fredelig. Denne prosedyren ble gjentatt flere ganger, inntil<strong> Bare tilstedev\u00e6relsen av musen var nok til \u00e5 utl\u00f8se klare tegn p\u00e5 frykt<\/strong>. Det vil si at barnet hadde forbundet synet av musen med den metalliske st\u00f8yen: musen var ikke lenger en n\u00f8ytral stimulus, men et signal som kunngjorde ankomsten av den skremmende lyden. Med andre ord, <strong>Albert hadde l\u00e6rt \u00e5 forutse den negative hendelsen<\/strong>og denne forventningen var nok til \u00e5 utl\u00f8se fryktresponsen selv i frav\u00e6r av st\u00f8y.<\/p>\n<p>Men ikke bare det, gradvis <strong>han reagerte med frykt p\u00e5 alle gjenstander med pels<\/strong>: et teppe, hunden, kaninen og til og med en lodne maske b\u00e5ret av Watson selv. Dette er fenomenet <strong>generalisering<\/strong>s\u00e5 en l\u00e6rt frykt har en tendens til \u00e5 utvide seg til stimuli som ligner p\u00e5 den opprinnelige.<\/p>\n<p>Etter trettien dager ble det gjennomf\u00f8rt noen \u00f8kter for \u00e5 bekrefte at frykten vedvarte: Albert viste sterke bivirkninger i n\u00e6rv\u00e6r av rotten, masken, hunden og en ambivalent oppf\u00f8rsel (tiln\u00e6rming og frykt) mot en pelsfrakk og en kanin. Dette beviste det <strong>den typen assosiasjoner kan vare lenge<\/strong>krystalliserer den l\u00e6rte responsen.<\/p>\n<p>Etterp\u00e5, <strong>barnet forlot sykehuset f\u00f8r Watson kunne &laquo;reparere&raquo; den f\u00f8lelsesmessige skaden<\/strong> og det er ikke kjent med sikkerhet om og hvor lite Alberts frykt ble overvunnet. Watson uttalte at hvis han hadde muligheten ville han pr\u00f8ve flere metoder for \u00e5 teste:<\/p>\n<ul>\n<li>hvis barnet over tid kunne etablere en slags tilvenning;<\/li>\n<li>pr\u00f8v \u00e5 rekondisjonere motivet (mot-kondisjonering) ved \u00e5 vise s\u00f8tsaker eller mat;<\/li>\n<li>utvikle konstruktive aktiviteter og positive assosiasjoner rundt det opprinnelig betingede objektet.<\/li>\n<\/ul>\n<p><iframe loading=\"lazy\" title=\"Il piccolo Albert\" width=\"1200\" height=\"900\" src=\"https:\/\/www.youtube.com\/embed\/S92XpUjeO80?feature=oembed\" frameborder=\"0\" allow=\"accelerometer; autoplay; clipboard-write; encrypted-media; gyroscope; picture-in-picture; web-share\" referrerpolicy=\"strict-origin-when-cross-origin\" allowfullscreen><\/iframe><\/p>\n<h2><strong>Akademisk kritikk og etiske problemer<\/strong><\/h2>\n<p>I dag er lille Alberts eksperiment <strong>sterkt kritisert p\u00e5 et vitenskapelig niv\u00e5<\/strong>. Forskere understreker <strong>d\u00e5rlig metodisk strenghet<\/strong>: et enkelt emne, d\u00e5rlig standardiserte m\u00e5linger og ufullstendig dokumentasjon. Dessuten ble det ikke utf\u00f8rt en eneste <em>f\u00f8lge opp<\/em> \u00e5 evaluere fremgangen.<\/p>\n<p>Videre, selv om dette eksperimentet banet vei for p\u00e5f\u00f8lgende studier p\u00e5 <strong>forst\u00e5 og behandle fobier<\/strong> Og <strong>av l\u00e6rte f\u00f8lelser<\/strong>fra synspunktet <strong>etiske<\/strong> eksperimentet vurderes i dag <strong>uakseptabelt<\/strong>. Et barn ble med vilje indusert til \u00e5 f\u00f8le frykt, uten informert samtykke og uten intervensjon for \u00e5 eliminere den emosjonelle n\u00f8den som ble skapt. Det er nettopp derfor moderne psykologi har utviklet seg stiv<strong> etiske regler for \u00e5 beskytte alle deltakere<\/strong>spesielt mindre\u00e5rige.<\/p>\n<p>Og ja, frykt kan l\u00e6res.<\/p>\n<div class=\"cp_wrapper  mb-50   \">\n<div class=\"cbx\">\n<div class=\"cbx__collection\">\n<p>Lille Alberts eksperiment<\/p>\n<\/p><\/div>\n<\/p><\/div>\n<\/div><\/div>\n","protected":false},"excerpt":{"rendered":"<p>I 1920 den st\u00f8rste eksponenten for behaviorisme John Watson han var s\u00e5 overbevist om at<\/p>\n","protected":false},"author":1,"featured_media":16865,"comment_status":"closed","ping_status":"open","sticky":false,"template":"","format":"standard","meta":{"footnotes":""},"categories":[104],"tags":[10905,3204,484,339,10906,3460,36,117],"class_list":["post-16864","post","type-post","status-publish","format-standard","has-post-thumbnail","hentry","category-samfunn","tag-alberts","tag-eksperiment","tag-frykt","tag-kan","tag-laeres","tag-lille","tag-mennesker","tag-til","generate-columns","tablet-grid-50","mobile-grid-100","grid-parent","grid-33","resize-featured-image"],"yoast_head":"<!-- This site is optimized with the Yoast SEO plugin v24.4 - https:\/\/yoast.com\/wordpress\/plugins\/seo\/ -->\n<title>Lille Alberts eksperiment, kan frykt l\u00e6res til mennesker? - Nordnesrepublikken<\/title>\n<meta name=\"robots\" content=\"index, follow, max-snippet:-1, max-image-preview:large, max-video-preview:-1\" \/>\n<link rel=\"canonical\" href=\"https:\/\/nordnesrepublikken.no\/index.php\/2026\/04\/11\/lille-alberts-eksperiment-kan-frykt-laeres-til-mennesker\/\" \/>\n<meta property=\"og:locale\" content=\"nb_NO\" \/>\n<meta property=\"og:type\" content=\"article\" \/>\n<meta property=\"og:title\" content=\"Lille Alberts eksperiment, kan frykt l\u00e6res til mennesker? - Nordnesrepublikken\" \/>\n<meta property=\"og:description\" content=\"I 1920 den st\u00f8rste eksponenten for behaviorisme John Watson han var s\u00e5 overbevist om at\" \/>\n<meta property=\"og:url\" content=\"https:\/\/nordnesrepublikken.no\/index.php\/2026\/04\/11\/lille-alberts-eksperiment-kan-frykt-laeres-til-mennesker\/\" \/>\n<meta property=\"og:site_name\" content=\"Nordnesrepublikken\" \/>\n<meta property=\"article:published_time\" content=\"2026-04-11T11:48:50+00:00\" \/>\n<meta property=\"article:modified_time\" content=\"2026-04-11T11:48:53+00:00\" \/>\n<meta property=\"og:image\" content=\"https:\/\/nordnesrepublikken.no\/wp-content\/uploads\/2026\/04\/1775908132_Lille-Alberts-eksperiment-kan-frykt-laeres-til-mennesker.jpg\" \/>\n\t<meta property=\"og:image:width\" content=\"720\" \/>\n\t<meta property=\"og:image:height\" content=\"468\" \/>\n\t<meta property=\"og:image:type\" content=\"image\/jpeg\" \/>\n<meta name=\"author\" content=\"Ole Andersen\" \/>\n<meta name=\"twitter:card\" content=\"summary_large_image\" \/>\n<meta name=\"twitter:label1\" content=\"Skrevet av\" \/>\n\t<meta name=\"twitter:data1\" content=\"Ole Andersen\" \/>\n\t<meta name=\"twitter:label2\" content=\"Ansl. lesetid\" \/>\n\t<meta name=\"twitter:data2\" content=\"5 minutter\" \/>\n<script type=\"application\/ld+json\" class=\"yoast-schema-graph\">{\"@context\":\"https:\/\/schema.org\",\"@graph\":[{\"@type\":\"Article\",\"@id\":\"https:\/\/nordnesrepublikken.no\/index.php\/2026\/04\/11\/lille-alberts-eksperiment-kan-frykt-laeres-til-mennesker\/#article\",\"isPartOf\":{\"@id\":\"https:\/\/nordnesrepublikken.no\/index.php\/2026\/04\/11\/lille-alberts-eksperiment-kan-frykt-laeres-til-mennesker\/\"},\"author\":{\"name\":\"Ole Andersen\",\"@id\":\"https:\/\/nordnesrepublikken.no\/#\/schema\/person\/2e7e81935bab77882fffb79296240ff1\"},\"headline\":\"Lille Alberts eksperiment, kan frykt l\u00e6res til mennesker?\",\"datePublished\":\"2026-04-11T11:48:50+00:00\",\"dateModified\":\"2026-04-11T11:48:53+00:00\",\"mainEntityOfPage\":{\"@id\":\"https:\/\/nordnesrepublikken.no\/index.php\/2026\/04\/11\/lille-alberts-eksperiment-kan-frykt-laeres-til-mennesker\/\"},\"wordCount\":1066,\"publisher\":{\"@id\":\"https:\/\/nordnesrepublikken.no\/#organization\"},\"image\":{\"@id\":\"https:\/\/nordnesrepublikken.no\/index.php\/2026\/04\/11\/lille-alberts-eksperiment-kan-frykt-laeres-til-mennesker\/#primaryimage\"},\"thumbnailUrl\":\"https:\/\/nordnesrepublikken.no\/wp-content\/uploads\/2026\/04\/1775908132_Lille-Alberts-eksperiment-kan-frykt-laeres-til-mennesker.jpg\",\"keywords\":[\"Alberts\",\"eksperiment\",\"frykt\",\"kan\",\"l\u00e6res\",\"lille\",\"mennesker\",\"til\"],\"articleSection\":[\"Samfunn\"],\"inLanguage\":\"nb-NO\"},{\"@type\":\"WebPage\",\"@id\":\"https:\/\/nordnesrepublikken.no\/index.php\/2026\/04\/11\/lille-alberts-eksperiment-kan-frykt-laeres-til-mennesker\/\",\"url\":\"https:\/\/nordnesrepublikken.no\/index.php\/2026\/04\/11\/lille-alberts-eksperiment-kan-frykt-laeres-til-mennesker\/\",\"name\":\"Lille Alberts eksperiment, kan frykt l\u00e6res til mennesker? - Nordnesrepublikken\",\"isPartOf\":{\"@id\":\"https:\/\/nordnesrepublikken.no\/#website\"},\"primaryImageOfPage\":{\"@id\":\"https:\/\/nordnesrepublikken.no\/index.php\/2026\/04\/11\/lille-alberts-eksperiment-kan-frykt-laeres-til-mennesker\/#primaryimage\"},\"image\":{\"@id\":\"https:\/\/nordnesrepublikken.no\/index.php\/2026\/04\/11\/lille-alberts-eksperiment-kan-frykt-laeres-til-mennesker\/#primaryimage\"},\"thumbnailUrl\":\"https:\/\/nordnesrepublikken.no\/wp-content\/uploads\/2026\/04\/1775908132_Lille-Alberts-eksperiment-kan-frykt-laeres-til-mennesker.jpg\",\"datePublished\":\"2026-04-11T11:48:50+00:00\",\"dateModified\":\"2026-04-11T11:48:53+00:00\",\"breadcrumb\":{\"@id\":\"https:\/\/nordnesrepublikken.no\/index.php\/2026\/04\/11\/lille-alberts-eksperiment-kan-frykt-laeres-til-mennesker\/#breadcrumb\"},\"inLanguage\":\"nb-NO\",\"potentialAction\":[{\"@type\":\"ReadAction\",\"target\":[\"https:\/\/nordnesrepublikken.no\/index.php\/2026\/04\/11\/lille-alberts-eksperiment-kan-frykt-laeres-til-mennesker\/\"]}]},{\"@type\":\"ImageObject\",\"inLanguage\":\"nb-NO\",\"@id\":\"https:\/\/nordnesrepublikken.no\/index.php\/2026\/04\/11\/lille-alberts-eksperiment-kan-frykt-laeres-til-mennesker\/#primaryimage\",\"url\":\"https:\/\/nordnesrepublikken.no\/wp-content\/uploads\/2026\/04\/1775908132_Lille-Alberts-eksperiment-kan-frykt-laeres-til-mennesker.jpg\",\"contentUrl\":\"https:\/\/nordnesrepublikken.no\/wp-content\/uploads\/2026\/04\/1775908132_Lille-Alberts-eksperiment-kan-frykt-laeres-til-mennesker.jpg\",\"width\":720,\"height\":468,\"caption\":\"Lille Alberts eksperiment, kan frykt l\u00e6res til mennesker?\"},{\"@type\":\"BreadcrumbList\",\"@id\":\"https:\/\/nordnesrepublikken.no\/index.php\/2026\/04\/11\/lille-alberts-eksperiment-kan-frykt-laeres-til-mennesker\/#breadcrumb\",\"itemListElement\":[{\"@type\":\"ListItem\",\"position\":1,\"name\":\"Home\",\"item\":\"https:\/\/nordnesrepublikken.no\/\"},{\"@type\":\"ListItem\",\"position\":2,\"name\":\"Lille Alberts eksperiment, kan frykt l\u00e6res til mennesker?\"}]},{\"@type\":\"WebSite\",\"@id\":\"https:\/\/nordnesrepublikken.no\/#website\",\"url\":\"https:\/\/nordnesrepublikken.no\/\",\"name\":\"Nordnesrepublikken\",\"description\":\"Stemmer og Visjoner fra Republikkens Hjerte\",\"publisher\":{\"@id\":\"https:\/\/nordnesrepublikken.no\/#organization\"},\"potentialAction\":[{\"@type\":\"SearchAction\",\"target\":{\"@type\":\"EntryPoint\",\"urlTemplate\":\"https:\/\/nordnesrepublikken.no\/?s={search_term_string}\"},\"query-input\":{\"@type\":\"PropertyValueSpecification\",\"valueRequired\":true,\"valueName\":\"search_term_string\"}}],\"inLanguage\":\"nb-NO\"},{\"@type\":\"Organization\",\"@id\":\"https:\/\/nordnesrepublikken.no\/#organization\",\"name\":\"Nordnesrepublikken\",\"url\":\"https:\/\/nordnesrepublikken.no\/\",\"logo\":{\"@type\":\"ImageObject\",\"inLanguage\":\"nb-NO\",\"@id\":\"https:\/\/nordnesrepublikken.no\/#\/schema\/logo\/image\/\",\"url\":\"https:\/\/nordnesrepublikken.no\/wp-content\/uploads\/2025\/02\/cropped-nordnesrepublikken-2.png\",\"contentUrl\":\"https:\/\/nordnesrepublikken.no\/wp-content\/uploads\/2025\/02\/cropped-nordnesrepublikken-2.png\",\"width\":1248,\"height\":362,\"caption\":\"Nordnesrepublikken\"},\"image\":{\"@id\":\"https:\/\/nordnesrepublikken.no\/#\/schema\/logo\/image\/\"}},{\"@type\":\"Person\",\"@id\":\"https:\/\/nordnesrepublikken.no\/#\/schema\/person\/2e7e81935bab77882fffb79296240ff1\",\"name\":\"Ole Andersen\",\"image\":{\"@type\":\"ImageObject\",\"inLanguage\":\"nb-NO\",\"@id\":\"https:\/\/nordnesrepublikken.no\/#\/schema\/person\/image\/\",\"url\":\"https:\/\/nordnesrepublikken.no\/wp-content\/uploads\/2025\/02\/nordnesrepublikken-2-2-150x150.jpg\",\"contentUrl\":\"https:\/\/nordnesrepublikken.no\/wp-content\/uploads\/2025\/02\/nordnesrepublikken-2-2-150x150.jpg\",\"caption\":\"Ole Andersen\"},\"description\":\"Ettersom jeg vokste opp i Oslo, har jeg alltid v\u00e6rt fascinert av ordenes kraft og deres evne til \u00e5 skape endringer. Etter \u00e5 ha fullf\u00f8rt min utdannelse i kommunikasjon ved Universitetet i Bergen, fikk jeg muligheten til \u00e5 jobbe innen ulike medier, der jeg har s\u00f8kt \u00e5 belyse viktige samfunnssp\u00f8rsm\u00e5l. I dag, som redakt\u00f8r for Nordnesrepublikken, pr\u00f8ver jeg \u00e5 forene min kj\u00e6rlighet for journalistikk med min lidenskap for innovasjon og eventyr.\",\"sameAs\":[\"https:\/\/nordnesrepublikken.no\/\"]}]}<\/script>\n<!-- \/ Yoast SEO plugin. -->","yoast_head_json":{"title":"Lille Alberts eksperiment, kan frykt l\u00e6res til mennesker? - Nordnesrepublikken","robots":{"index":"index","follow":"follow","max-snippet":"max-snippet:-1","max-image-preview":"max-image-preview:large","max-video-preview":"max-video-preview:-1"},"canonical":"https:\/\/nordnesrepublikken.no\/index.php\/2026\/04\/11\/lille-alberts-eksperiment-kan-frykt-laeres-til-mennesker\/","og_locale":"nb_NO","og_type":"article","og_title":"Lille Alberts eksperiment, kan frykt l\u00e6res til mennesker? - Nordnesrepublikken","og_description":"I 1920 den st\u00f8rste eksponenten for behaviorisme John Watson han var s\u00e5 overbevist om at","og_url":"https:\/\/nordnesrepublikken.no\/index.php\/2026\/04\/11\/lille-alberts-eksperiment-kan-frykt-laeres-til-mennesker\/","og_site_name":"Nordnesrepublikken","article_published_time":"2026-04-11T11:48:50+00:00","article_modified_time":"2026-04-11T11:48:53+00:00","og_image":[{"width":720,"height":468,"url":"https:\/\/nordnesrepublikken.no\/wp-content\/uploads\/2026\/04\/1775908132_Lille-Alberts-eksperiment-kan-frykt-laeres-til-mennesker.jpg","type":"image\/jpeg"}],"author":"Ole Andersen","twitter_card":"summary_large_image","twitter_misc":{"Skrevet av":"Ole Andersen","Ansl. lesetid":"5 minutter"},"schema":{"@context":"https:\/\/schema.org","@graph":[{"@type":"Article","@id":"https:\/\/nordnesrepublikken.no\/index.php\/2026\/04\/11\/lille-alberts-eksperiment-kan-frykt-laeres-til-mennesker\/#article","isPartOf":{"@id":"https:\/\/nordnesrepublikken.no\/index.php\/2026\/04\/11\/lille-alberts-eksperiment-kan-frykt-laeres-til-mennesker\/"},"author":{"name":"Ole Andersen","@id":"https:\/\/nordnesrepublikken.no\/#\/schema\/person\/2e7e81935bab77882fffb79296240ff1"},"headline":"Lille Alberts eksperiment, kan frykt l\u00e6res til mennesker?","datePublished":"2026-04-11T11:48:50+00:00","dateModified":"2026-04-11T11:48:53+00:00","mainEntityOfPage":{"@id":"https:\/\/nordnesrepublikken.no\/index.php\/2026\/04\/11\/lille-alberts-eksperiment-kan-frykt-laeres-til-mennesker\/"},"wordCount":1066,"publisher":{"@id":"https:\/\/nordnesrepublikken.no\/#organization"},"image":{"@id":"https:\/\/nordnesrepublikken.no\/index.php\/2026\/04\/11\/lille-alberts-eksperiment-kan-frykt-laeres-til-mennesker\/#primaryimage"},"thumbnailUrl":"https:\/\/nordnesrepublikken.no\/wp-content\/uploads\/2026\/04\/1775908132_Lille-Alberts-eksperiment-kan-frykt-laeres-til-mennesker.jpg","keywords":["Alberts","eksperiment","frykt","kan","l\u00e6res","lille","mennesker","til"],"articleSection":["Samfunn"],"inLanguage":"nb-NO"},{"@type":"WebPage","@id":"https:\/\/nordnesrepublikken.no\/index.php\/2026\/04\/11\/lille-alberts-eksperiment-kan-frykt-laeres-til-mennesker\/","url":"https:\/\/nordnesrepublikken.no\/index.php\/2026\/04\/11\/lille-alberts-eksperiment-kan-frykt-laeres-til-mennesker\/","name":"Lille Alberts eksperiment, kan frykt l\u00e6res til mennesker? - Nordnesrepublikken","isPartOf":{"@id":"https:\/\/nordnesrepublikken.no\/#website"},"primaryImageOfPage":{"@id":"https:\/\/nordnesrepublikken.no\/index.php\/2026\/04\/11\/lille-alberts-eksperiment-kan-frykt-laeres-til-mennesker\/#primaryimage"},"image":{"@id":"https:\/\/nordnesrepublikken.no\/index.php\/2026\/04\/11\/lille-alberts-eksperiment-kan-frykt-laeres-til-mennesker\/#primaryimage"},"thumbnailUrl":"https:\/\/nordnesrepublikken.no\/wp-content\/uploads\/2026\/04\/1775908132_Lille-Alberts-eksperiment-kan-frykt-laeres-til-mennesker.jpg","datePublished":"2026-04-11T11:48:50+00:00","dateModified":"2026-04-11T11:48:53+00:00","breadcrumb":{"@id":"https:\/\/nordnesrepublikken.no\/index.php\/2026\/04\/11\/lille-alberts-eksperiment-kan-frykt-laeres-til-mennesker\/#breadcrumb"},"inLanguage":"nb-NO","potentialAction":[{"@type":"ReadAction","target":["https:\/\/nordnesrepublikken.no\/index.php\/2026\/04\/11\/lille-alberts-eksperiment-kan-frykt-laeres-til-mennesker\/"]}]},{"@type":"ImageObject","inLanguage":"nb-NO","@id":"https:\/\/nordnesrepublikken.no\/index.php\/2026\/04\/11\/lille-alberts-eksperiment-kan-frykt-laeres-til-mennesker\/#primaryimage","url":"https:\/\/nordnesrepublikken.no\/wp-content\/uploads\/2026\/04\/1775908132_Lille-Alberts-eksperiment-kan-frykt-laeres-til-mennesker.jpg","contentUrl":"https:\/\/nordnesrepublikken.no\/wp-content\/uploads\/2026\/04\/1775908132_Lille-Alberts-eksperiment-kan-frykt-laeres-til-mennesker.jpg","width":720,"height":468,"caption":"Lille Alberts eksperiment, kan frykt l\u00e6res til mennesker?"},{"@type":"BreadcrumbList","@id":"https:\/\/nordnesrepublikken.no\/index.php\/2026\/04\/11\/lille-alberts-eksperiment-kan-frykt-laeres-til-mennesker\/#breadcrumb","itemListElement":[{"@type":"ListItem","position":1,"name":"Home","item":"https:\/\/nordnesrepublikken.no\/"},{"@type":"ListItem","position":2,"name":"Lille Alberts eksperiment, kan frykt l\u00e6res til mennesker?"}]},{"@type":"WebSite","@id":"https:\/\/nordnesrepublikken.no\/#website","url":"https:\/\/nordnesrepublikken.no\/","name":"Nordnesrepublikken","description":"Stemmer og Visjoner fra Republikkens Hjerte","publisher":{"@id":"https:\/\/nordnesrepublikken.no\/#organization"},"potentialAction":[{"@type":"SearchAction","target":{"@type":"EntryPoint","urlTemplate":"https:\/\/nordnesrepublikken.no\/?s={search_term_string}"},"query-input":{"@type":"PropertyValueSpecification","valueRequired":true,"valueName":"search_term_string"}}],"inLanguage":"nb-NO"},{"@type":"Organization","@id":"https:\/\/nordnesrepublikken.no\/#organization","name":"Nordnesrepublikken","url":"https:\/\/nordnesrepublikken.no\/","logo":{"@type":"ImageObject","inLanguage":"nb-NO","@id":"https:\/\/nordnesrepublikken.no\/#\/schema\/logo\/image\/","url":"https:\/\/nordnesrepublikken.no\/wp-content\/uploads\/2025\/02\/cropped-nordnesrepublikken-2.png","contentUrl":"https:\/\/nordnesrepublikken.no\/wp-content\/uploads\/2025\/02\/cropped-nordnesrepublikken-2.png","width":1248,"height":362,"caption":"Nordnesrepublikken"},"image":{"@id":"https:\/\/nordnesrepublikken.no\/#\/schema\/logo\/image\/"}},{"@type":"Person","@id":"https:\/\/nordnesrepublikken.no\/#\/schema\/person\/2e7e81935bab77882fffb79296240ff1","name":"Ole Andersen","image":{"@type":"ImageObject","inLanguage":"nb-NO","@id":"https:\/\/nordnesrepublikken.no\/#\/schema\/person\/image\/","url":"https:\/\/nordnesrepublikken.no\/wp-content\/uploads\/2025\/02\/nordnesrepublikken-2-2-150x150.jpg","contentUrl":"https:\/\/nordnesrepublikken.no\/wp-content\/uploads\/2025\/02\/nordnesrepublikken-2-2-150x150.jpg","caption":"Ole Andersen"},"description":"Ettersom jeg vokste opp i Oslo, har jeg alltid v\u00e6rt fascinert av ordenes kraft og deres evne til \u00e5 skape endringer. Etter \u00e5 ha fullf\u00f8rt min utdannelse i kommunikasjon ved Universitetet i Bergen, fikk jeg muligheten til \u00e5 jobbe innen ulike medier, der jeg har s\u00f8kt \u00e5 belyse viktige samfunnssp\u00f8rsm\u00e5l. I dag, som redakt\u00f8r for Nordnesrepublikken, pr\u00f8ver jeg \u00e5 forene min kj\u00e6rlighet for journalistikk med min lidenskap for innovasjon og eventyr.","sameAs":["https:\/\/nordnesrepublikken.no\/"]}]}},"_links":{"self":[{"href":"https:\/\/nordnesrepublikken.no\/index.php\/wp-json\/wp\/v2\/posts\/16864","targetHints":{"allow":["GET"]}}],"collection":[{"href":"https:\/\/nordnesrepublikken.no\/index.php\/wp-json\/wp\/v2\/posts"}],"about":[{"href":"https:\/\/nordnesrepublikken.no\/index.php\/wp-json\/wp\/v2\/types\/post"}],"author":[{"embeddable":true,"href":"https:\/\/nordnesrepublikken.no\/index.php\/wp-json\/wp\/v2\/users\/1"}],"replies":[{"embeddable":true,"href":"https:\/\/nordnesrepublikken.no\/index.php\/wp-json\/wp\/v2\/comments?post=16864"}],"version-history":[{"count":1,"href":"https:\/\/nordnesrepublikken.no\/index.php\/wp-json\/wp\/v2\/posts\/16864\/revisions"}],"predecessor-version":[{"id":16866,"href":"https:\/\/nordnesrepublikken.no\/index.php\/wp-json\/wp\/v2\/posts\/16864\/revisions\/16866"}],"wp:featuredmedia":[{"embeddable":true,"href":"https:\/\/nordnesrepublikken.no\/index.php\/wp-json\/wp\/v2\/media\/16865"}],"wp:attachment":[{"href":"https:\/\/nordnesrepublikken.no\/index.php\/wp-json\/wp\/v2\/media?parent=16864"}],"wp:term":[{"taxonomy":"category","embeddable":true,"href":"https:\/\/nordnesrepublikken.no\/index.php\/wp-json\/wp\/v2\/categories?post=16864"},{"taxonomy":"post_tag","embeddable":true,"href":"https:\/\/nordnesrepublikken.no\/index.php\/wp-json\/wp\/v2\/tags?post=16864"}],"curies":[{"name":"wp","href":"https:\/\/api.w.org\/{rel}","templated":true}]}}