{"id":16852,"date":"2026-04-10T18:43:46","date_gmt":"2026-04-10T16:43:46","guid":{"rendered":"https:\/\/nordnesrepublikken.no\/index.php\/2026\/04\/10\/pearl-of-qatar-den-4-millioner-m2-kunstige-oya-bygget-pa-en-tidligere-perlefarm\/"},"modified":"2026-04-10T18:43:49","modified_gmt":"2026-04-10T16:43:49","slug":"pearl-of-qatar-den-4-millioner-m2-kunstige-oya-bygget-pa-en-tidligere-perlefarm","status":"publish","type":"post","link":"https:\/\/nordnesrepublikken.no\/index.php\/2026\/04\/10\/pearl-of-qatar-den-4-millioner-m2-kunstige-oya-bygget-pa-en-tidligere-perlefarm\/","title":{"rendered":"&laquo;Pearl of Qatar&raquo;, den 4 millioner m2 kunstige \u00f8ya bygget p\u00e5 en tidligere perlefarm"},"content":{"rendered":"<div>\n<div class=\"cp_wrapper cp_wrapper--fw mb-30 mb-20@tablet\">\n<figure class=\"mm\"><picture class=\"img\" style=\"padding-top:56.25%\"><source  media=\"(min-width: 1024px)\"><source  media=\"(min-width: 768px)\"><\/source><\/source><\/picture><\/figure>\n<\/p><\/div>\n<p>Blant de mest interessante og banebrytende eiendomsprosjektene de siste \u00e5rene <strong>De<\/strong> <strong>Perle<\/strong>350 meter utenfor kysten av Doha, i <strong>Qatar<\/strong>en kunstig \u00f8y p\u00e5 4 millioner kvadratmeter. Det er uten en skygge av tvil en moderne kontekst, resultatet av en enorm operasjon <strong>gjenvinning<\/strong> og <strong>utvidelse<\/strong> <strong>territoriell <\/strong>som gjorde det mulig \u00e5 forlenge kysten av <strong>32 km<\/strong> for en investering p\u00e5 flere milliarder dollar.<\/p>\n<h2>Prosjektet til <em>Perlen<\/em>: 32 km ny kystlinje<\/h2>\n<p>Perlen er et virkelig revolusjonerende prosjekt som med rette kan defineres som en triumf av ingeni\u00f8rkunst og arkitektur. Med hans <strong>4 millioner kvadratmeter areal <\/strong>og med en total kostnad p\u00e5 <strong>15 milliarder dollar,<\/strong> prosjektet, som best\u00e5r av en kunstig \u00f8y delt i sin tur i ytterligere under\u00f8yer, har lagt til mange <strong>32 kilometer<\/strong> koste landet igjen. Navnet, som ikke er tilfeldig, ble valgt fordi omr\u00e5det det st\u00e5r p\u00e5 ble brukt, inntil f\u00f8r byggingen startet, til perlefiske.<\/p>\n<p>Denne spesielle strukturen er igjen delt inn i 12 tematiske distrikter, hver med sin egen s\u00e6regne og s\u00e6regne arkitektoniske identitet. Det g\u00e5r, faktisk, fra den venetianske sjarmen til <b>Qanat kvartal<\/b>med sine seilbare kanaler og broer inspirert av Rialto, majesteten til <b>Port Arabia<\/b>en sirkul\u00e6r riviera som huser hundrevis av luksusyachter langs den ber\u00f8mte La Croisette-promenaden.<\/p>\n<p>Prosjektets nervesenter ligger i <b>Sentral Medina<\/b>mens eksklusiviteten n\u00e5r sitt h\u00f8ydepunkt i <b>Dana Island<\/b>en gruppe p\u00e5 9 private satellitt\u00f8yer beregnet p\u00e5 de mest prestisjefylte boligene, koblet til hoveddelen av private broer.<\/p>\n<div class=\"cp_wrapper cp_wrapper--fw mb-50\">\n<figure class=\"mm\"><picture class=\"img\" style=\"padding-top:66.5625%\"><source  media=\"(min-width: 1024px)\"><source  media=\"(min-width: 768px)\"><img decoding=\"async\" loading=\"lazy\" src=\"https:\/\/nordnesrepublikken.no\/wp-content\/uploads\/2026\/04\/1775839426_873_Pearl-of-Qatar-den-4-millioner-m2-kunstige-oya-bygget.jpg\" alt=\"Bilde\" width=\"960\" height=\"639\"\/><\/source><\/source><\/picture><\/figure>\n<\/p><\/div>\n<h2>\u00d8yas \u00f8konomiske og strategiske virkning<\/h2>\n<p>Perlen er et megaprosjekt som, som alle andre megaprosjekter, ble unnfanget og bygget i p\u00e5vente av en betydelig innvirkning <strong>\u00f8konomisk<\/strong> Og <strong>kommersielle.<\/strong> Perlen representerer faktisk en virkelig milep\u00e6l som Qatar diversifiserer investeringene sine med, og er faktisk det f\u00f8rste omr\u00e5det i landet som lar <b>absolutt utenlandsk eierskap <\/b>(<em>selveier<\/em>), blir en magnet for internasjonale investorer og gr\u00fcndere. \u00d8ya blander derfor p\u00e5 den ene siden eliteeiendom med luksuseiendom og p\u00e5 den andre siden med high fashion terti\u00e6rsektoren. Prosjektet byr ogs\u00e5 p\u00e5 unike kulinariske opplevelser, med restauranter som allerede er blant de mest anerkjente og eksklusive i verden til n\u00e5. Tilstedev\u00e6relsen av ultra-luksushoteller, inkludert Marsa Malaz Kempinski som ligger p\u00e5 sin egen private indre \u00f8y, konsoliderer The Pearls rolle som et eksklusivt turistm\u00e5l, som er i stand til \u00e5 tiltrekke seg en konstant str\u00f8m av kapital og fagfolk fra hele verden, og transformerer konseptet &laquo;residens&raquo; til en dynamisk finansiell eiendel.<\/p>\n<h2><em>Perlen<\/em> og milj\u00f8ressurser<\/h2>\n<p>Et aspekt \u00e5 ta i betraktning er milj\u00f8p\u00e5virkningen av dette megaprosjektet. The Pearl er et av disse megaprosjektene som tilbyr banebrytende forvaltning av naturressurser, og dermed har en relativt begrenset innvirkning p\u00e5 det omkringliggende milj\u00f8et. \u00d8ya er hjemmet til planten <b>Fjernkj\u00f8ling<\/b> (fjernkj\u00f8ling) st\u00f8rst p\u00e5 planeten, et enkelt kraftverk som distribuerer kj\u00f8lt vann for klimaanlegget i alle bygninger, noe som reduserer energiforbruket til <b>40 %<\/b> sammenlignet med tradisjonelle systemer og drastisk reduksjon av karbonutslipp.<\/p>\n<p>I tillegg kommer en interessant og spesiell avfallsh\u00e5ndteringsteknologi, nemlig teknologi <strong><em>Envac. <\/em><\/strong>Dette er et underjordisk pneumatisk nettverk som suger opp avfall med en hastighet p\u00e5 <strong>70 km\/t <\/strong>mot en automatisert innsamlingssentral som ligger utenfor boligomr\u00e5det. P\u00e5 denne m\u00e5ten elimineres behovet for transport av avfall p\u00e5 vei helt, med en utvilsom fordel med tanke p\u00e5 luft- og st\u00f8yforurensning.<\/p>\n<\/p><\/div>\n","protected":false},"excerpt":{"rendered":"<p>Blant de mest interessante og banebrytende eiendomsprosjektene de siste \u00e5rene De Perle350 meter utenfor kysten<\/p>\n","protected":false},"author":1,"featured_media":16853,"comment_status":"closed","ping_status":"open","sticky":false,"template":"","format":"standard","meta":{"footnotes":""},"categories":[24],"tags":[1043,74,629,34,669,81,7251,10894,6370,1051],"class_list":["post-16852","post","type-post","status-publish","format-standard","has-post-thumbnail","hentry","category-vitenskap","tag-bygget","tag-den","tag-kunstige","tag-millioner","tag-oya","tag-pa","tag-pearl","tag-perlefarm","tag-qatar","tag-tidligere","generate-columns","tablet-grid-50","mobile-grid-100","grid-parent","grid-33","resize-featured-image"],"yoast_head":"<!-- This site is optimized with the Yoast SEO plugin v24.4 - https:\/\/yoast.com\/wordpress\/plugins\/seo\/ -->\n<title>&quot;Pearl of Qatar&quot;, den 4 millioner m2 kunstige \u00f8ya bygget p\u00e5 en tidligere perlefarm - Nordnesrepublikken<\/title>\n<meta name=\"robots\" content=\"index, follow, max-snippet:-1, max-image-preview:large, max-video-preview:-1\" \/>\n<link rel=\"canonical\" href=\"https:\/\/nordnesrepublikken.no\/index.php\/2026\/04\/10\/pearl-of-qatar-den-4-millioner-m2-kunstige-oya-bygget-pa-en-tidligere-perlefarm\/\" \/>\n<meta property=\"og:locale\" content=\"nb_NO\" \/>\n<meta property=\"og:type\" content=\"article\" \/>\n<meta property=\"og:title\" content=\"&quot;Pearl of Qatar&quot;, den 4 millioner m2 kunstige \u00f8ya bygget p\u00e5 en tidligere perlefarm - Nordnesrepublikken\" \/>\n<meta property=\"og:description\" content=\"Blant de mest interessante og banebrytende eiendomsprosjektene de siste \u00e5rene De Perle350 meter utenfor kysten\" \/>\n<meta property=\"og:url\" content=\"https:\/\/nordnesrepublikken.no\/index.php\/2026\/04\/10\/pearl-of-qatar-den-4-millioner-m2-kunstige-oya-bygget-pa-en-tidligere-perlefarm\/\" \/>\n<meta property=\"og:site_name\" content=\"Nordnesrepublikken\" \/>\n<meta property=\"article:published_time\" content=\"2026-04-10T16:43:46+00:00\" \/>\n<meta property=\"article:modified_time\" content=\"2026-04-10T16:43:49+00:00\" \/>\n<meta property=\"og:image\" content=\"https:\/\/nordnesrepublikken.no\/wp-content\/uploads\/2026\/04\/1775839427_Pearl-of-Qatar-den-4-millioner-m2-kunstige-oya-bygget.jpg\" \/>\n\t<meta property=\"og:image:width\" content=\"2549\" \/>\n\t<meta property=\"og:image:height\" content=\"1491\" \/>\n\t<meta property=\"og:image:type\" content=\"image\/jpeg\" \/>\n<meta name=\"author\" content=\"Ole Andersen\" \/>\n<meta name=\"twitter:card\" content=\"summary_large_image\" \/>\n<meta name=\"twitter:label1\" content=\"Skrevet av\" \/>\n\t<meta name=\"twitter:data1\" content=\"Ole Andersen\" \/>\n\t<meta name=\"twitter:label2\" content=\"Ansl. lesetid\" \/>\n\t<meta name=\"twitter:data2\" content=\"3 minutter\" \/>\n<script type=\"application\/ld+json\" class=\"yoast-schema-graph\">{\"@context\":\"https:\/\/schema.org\",\"@graph\":[{\"@type\":\"Article\",\"@id\":\"https:\/\/nordnesrepublikken.no\/index.php\/2026\/04\/10\/pearl-of-qatar-den-4-millioner-m2-kunstige-oya-bygget-pa-en-tidligere-perlefarm\/#article\",\"isPartOf\":{\"@id\":\"https:\/\/nordnesrepublikken.no\/index.php\/2026\/04\/10\/pearl-of-qatar-den-4-millioner-m2-kunstige-oya-bygget-pa-en-tidligere-perlefarm\/\"},\"author\":{\"name\":\"Ole Andersen\",\"@id\":\"https:\/\/nordnesrepublikken.no\/#\/schema\/person\/2e7e81935bab77882fffb79296240ff1\"},\"headline\":\"&laquo;Pearl of Qatar&raquo;, den 4 millioner m2 kunstige \u00f8ya bygget p\u00e5 en tidligere perlefarm\",\"datePublished\":\"2026-04-10T16:43:46+00:00\",\"dateModified\":\"2026-04-10T16:43:49+00:00\",\"mainEntityOfPage\":{\"@id\":\"https:\/\/nordnesrepublikken.no\/index.php\/2026\/04\/10\/pearl-of-qatar-den-4-millioner-m2-kunstige-oya-bygget-pa-en-tidligere-perlefarm\/\"},\"wordCount\":548,\"publisher\":{\"@id\":\"https:\/\/nordnesrepublikken.no\/#organization\"},\"image\":{\"@id\":\"https:\/\/nordnesrepublikken.no\/index.php\/2026\/04\/10\/pearl-of-qatar-den-4-millioner-m2-kunstige-oya-bygget-pa-en-tidligere-perlefarm\/#primaryimage\"},\"thumbnailUrl\":\"https:\/\/nordnesrepublikken.no\/wp-content\/uploads\/2026\/04\/1775839427_Pearl-of-Qatar-den-4-millioner-m2-kunstige-oya-bygget.jpg\",\"keywords\":[\"bygget\",\"den\",\"kunstige\",\"millioner\",\"\u00d8ya\",\"p\u00e5\",\"Pearl\",\"perlefarm\",\"Qatar\",\"tidligere\"],\"articleSection\":[\"Vitenskap\"],\"inLanguage\":\"nb-NO\"},{\"@type\":\"WebPage\",\"@id\":\"https:\/\/nordnesrepublikken.no\/index.php\/2026\/04\/10\/pearl-of-qatar-den-4-millioner-m2-kunstige-oya-bygget-pa-en-tidligere-perlefarm\/\",\"url\":\"https:\/\/nordnesrepublikken.no\/index.php\/2026\/04\/10\/pearl-of-qatar-den-4-millioner-m2-kunstige-oya-bygget-pa-en-tidligere-perlefarm\/\",\"name\":\"\\\"Pearl of Qatar\\\", den 4 millioner m2 kunstige \u00f8ya bygget p\u00e5 en tidligere perlefarm - Nordnesrepublikken\",\"isPartOf\":{\"@id\":\"https:\/\/nordnesrepublikken.no\/#website\"},\"primaryImageOfPage\":{\"@id\":\"https:\/\/nordnesrepublikken.no\/index.php\/2026\/04\/10\/pearl-of-qatar-den-4-millioner-m2-kunstige-oya-bygget-pa-en-tidligere-perlefarm\/#primaryimage\"},\"image\":{\"@id\":\"https:\/\/nordnesrepublikken.no\/index.php\/2026\/04\/10\/pearl-of-qatar-den-4-millioner-m2-kunstige-oya-bygget-pa-en-tidligere-perlefarm\/#primaryimage\"},\"thumbnailUrl\":\"https:\/\/nordnesrepublikken.no\/wp-content\/uploads\/2026\/04\/1775839427_Pearl-of-Qatar-den-4-millioner-m2-kunstige-oya-bygget.jpg\",\"datePublished\":\"2026-04-10T16:43:46+00:00\",\"dateModified\":\"2026-04-10T16:43:49+00:00\",\"breadcrumb\":{\"@id\":\"https:\/\/nordnesrepublikken.no\/index.php\/2026\/04\/10\/pearl-of-qatar-den-4-millioner-m2-kunstige-oya-bygget-pa-en-tidligere-perlefarm\/#breadcrumb\"},\"inLanguage\":\"nb-NO\",\"potentialAction\":[{\"@type\":\"ReadAction\",\"target\":[\"https:\/\/nordnesrepublikken.no\/index.php\/2026\/04\/10\/pearl-of-qatar-den-4-millioner-m2-kunstige-oya-bygget-pa-en-tidligere-perlefarm\/\"]}]},{\"@type\":\"ImageObject\",\"inLanguage\":\"nb-NO\",\"@id\":\"https:\/\/nordnesrepublikken.no\/index.php\/2026\/04\/10\/pearl-of-qatar-den-4-millioner-m2-kunstige-oya-bygget-pa-en-tidligere-perlefarm\/#primaryimage\",\"url\":\"https:\/\/nordnesrepublikken.no\/wp-content\/uploads\/2026\/04\/1775839427_Pearl-of-Qatar-den-4-millioner-m2-kunstige-oya-bygget.jpg\",\"contentUrl\":\"https:\/\/nordnesrepublikken.no\/wp-content\/uploads\/2026\/04\/1775839427_Pearl-of-Qatar-den-4-millioner-m2-kunstige-oya-bygget.jpg\",\"width\":2549,\"height\":1491,\"caption\":\"\\\"Pearl of Qatar\\\", den 4 millioner m2 kunstige \u00f8ya bygget p\u00e5 en tidligere perlefarm\"},{\"@type\":\"BreadcrumbList\",\"@id\":\"https:\/\/nordnesrepublikken.no\/index.php\/2026\/04\/10\/pearl-of-qatar-den-4-millioner-m2-kunstige-oya-bygget-pa-en-tidligere-perlefarm\/#breadcrumb\",\"itemListElement\":[{\"@type\":\"ListItem\",\"position\":1,\"name\":\"Home\",\"item\":\"https:\/\/nordnesrepublikken.no\/\"},{\"@type\":\"ListItem\",\"position\":2,\"name\":\"&laquo;Pearl of Qatar&raquo;, den 4 millioner m2 kunstige \u00f8ya bygget p\u00e5 en tidligere perlefarm\"}]},{\"@type\":\"WebSite\",\"@id\":\"https:\/\/nordnesrepublikken.no\/#website\",\"url\":\"https:\/\/nordnesrepublikken.no\/\",\"name\":\"Nordnesrepublikken\",\"description\":\"Stemmer og Visjoner fra Republikkens Hjerte\",\"publisher\":{\"@id\":\"https:\/\/nordnesrepublikken.no\/#organization\"},\"potentialAction\":[{\"@type\":\"SearchAction\",\"target\":{\"@type\":\"EntryPoint\",\"urlTemplate\":\"https:\/\/nordnesrepublikken.no\/?s={search_term_string}\"},\"query-input\":{\"@type\":\"PropertyValueSpecification\",\"valueRequired\":true,\"valueName\":\"search_term_string\"}}],\"inLanguage\":\"nb-NO\"},{\"@type\":\"Organization\",\"@id\":\"https:\/\/nordnesrepublikken.no\/#organization\",\"name\":\"Nordnesrepublikken\",\"url\":\"https:\/\/nordnesrepublikken.no\/\",\"logo\":{\"@type\":\"ImageObject\",\"inLanguage\":\"nb-NO\",\"@id\":\"https:\/\/nordnesrepublikken.no\/#\/schema\/logo\/image\/\",\"url\":\"https:\/\/nordnesrepublikken.no\/wp-content\/uploads\/2025\/02\/cropped-nordnesrepublikken-2.png\",\"contentUrl\":\"https:\/\/nordnesrepublikken.no\/wp-content\/uploads\/2025\/02\/cropped-nordnesrepublikken-2.png\",\"width\":1248,\"height\":362,\"caption\":\"Nordnesrepublikken\"},\"image\":{\"@id\":\"https:\/\/nordnesrepublikken.no\/#\/schema\/logo\/image\/\"}},{\"@type\":\"Person\",\"@id\":\"https:\/\/nordnesrepublikken.no\/#\/schema\/person\/2e7e81935bab77882fffb79296240ff1\",\"name\":\"Ole Andersen\",\"image\":{\"@type\":\"ImageObject\",\"inLanguage\":\"nb-NO\",\"@id\":\"https:\/\/nordnesrepublikken.no\/#\/schema\/person\/image\/\",\"url\":\"https:\/\/nordnesrepublikken.no\/wp-content\/uploads\/2025\/02\/nordnesrepublikken-2-2-150x150.jpg\",\"contentUrl\":\"https:\/\/nordnesrepublikken.no\/wp-content\/uploads\/2025\/02\/nordnesrepublikken-2-2-150x150.jpg\",\"caption\":\"Ole Andersen\"},\"description\":\"Ettersom jeg vokste opp i Oslo, har jeg alltid v\u00e6rt fascinert av ordenes kraft og deres evne til \u00e5 skape endringer. Etter \u00e5 ha fullf\u00f8rt min utdannelse i kommunikasjon ved Universitetet i Bergen, fikk jeg muligheten til \u00e5 jobbe innen ulike medier, der jeg har s\u00f8kt \u00e5 belyse viktige samfunnssp\u00f8rsm\u00e5l. I dag, som redakt\u00f8r for Nordnesrepublikken, pr\u00f8ver jeg \u00e5 forene min kj\u00e6rlighet for journalistikk med min lidenskap for innovasjon og eventyr.\",\"sameAs\":[\"https:\/\/nordnesrepublikken.no\/\"]}]}<\/script>\n<!-- \/ Yoast SEO plugin. -->","yoast_head_json":{"title":"\"Pearl of Qatar\", den 4 millioner m2 kunstige \u00f8ya bygget p\u00e5 en tidligere perlefarm - Nordnesrepublikken","robots":{"index":"index","follow":"follow","max-snippet":"max-snippet:-1","max-image-preview":"max-image-preview:large","max-video-preview":"max-video-preview:-1"},"canonical":"https:\/\/nordnesrepublikken.no\/index.php\/2026\/04\/10\/pearl-of-qatar-den-4-millioner-m2-kunstige-oya-bygget-pa-en-tidligere-perlefarm\/","og_locale":"nb_NO","og_type":"article","og_title":"\"Pearl of Qatar\", den 4 millioner m2 kunstige \u00f8ya bygget p\u00e5 en tidligere perlefarm - Nordnesrepublikken","og_description":"Blant de mest interessante og banebrytende eiendomsprosjektene de siste \u00e5rene De Perle350 meter utenfor kysten","og_url":"https:\/\/nordnesrepublikken.no\/index.php\/2026\/04\/10\/pearl-of-qatar-den-4-millioner-m2-kunstige-oya-bygget-pa-en-tidligere-perlefarm\/","og_site_name":"Nordnesrepublikken","article_published_time":"2026-04-10T16:43:46+00:00","article_modified_time":"2026-04-10T16:43:49+00:00","og_image":[{"width":2549,"height":1491,"url":"https:\/\/nordnesrepublikken.no\/wp-content\/uploads\/2026\/04\/1775839427_Pearl-of-Qatar-den-4-millioner-m2-kunstige-oya-bygget.jpg","type":"image\/jpeg"}],"author":"Ole Andersen","twitter_card":"summary_large_image","twitter_misc":{"Skrevet av":"Ole Andersen","Ansl. lesetid":"3 minutter"},"schema":{"@context":"https:\/\/schema.org","@graph":[{"@type":"Article","@id":"https:\/\/nordnesrepublikken.no\/index.php\/2026\/04\/10\/pearl-of-qatar-den-4-millioner-m2-kunstige-oya-bygget-pa-en-tidligere-perlefarm\/#article","isPartOf":{"@id":"https:\/\/nordnesrepublikken.no\/index.php\/2026\/04\/10\/pearl-of-qatar-den-4-millioner-m2-kunstige-oya-bygget-pa-en-tidligere-perlefarm\/"},"author":{"name":"Ole Andersen","@id":"https:\/\/nordnesrepublikken.no\/#\/schema\/person\/2e7e81935bab77882fffb79296240ff1"},"headline":"&laquo;Pearl of Qatar&raquo;, den 4 millioner m2 kunstige \u00f8ya bygget p\u00e5 en tidligere perlefarm","datePublished":"2026-04-10T16:43:46+00:00","dateModified":"2026-04-10T16:43:49+00:00","mainEntityOfPage":{"@id":"https:\/\/nordnesrepublikken.no\/index.php\/2026\/04\/10\/pearl-of-qatar-den-4-millioner-m2-kunstige-oya-bygget-pa-en-tidligere-perlefarm\/"},"wordCount":548,"publisher":{"@id":"https:\/\/nordnesrepublikken.no\/#organization"},"image":{"@id":"https:\/\/nordnesrepublikken.no\/index.php\/2026\/04\/10\/pearl-of-qatar-den-4-millioner-m2-kunstige-oya-bygget-pa-en-tidligere-perlefarm\/#primaryimage"},"thumbnailUrl":"https:\/\/nordnesrepublikken.no\/wp-content\/uploads\/2026\/04\/1775839427_Pearl-of-Qatar-den-4-millioner-m2-kunstige-oya-bygget.jpg","keywords":["bygget","den","kunstige","millioner","\u00d8ya","p\u00e5","Pearl","perlefarm","Qatar","tidligere"],"articleSection":["Vitenskap"],"inLanguage":"nb-NO"},{"@type":"WebPage","@id":"https:\/\/nordnesrepublikken.no\/index.php\/2026\/04\/10\/pearl-of-qatar-den-4-millioner-m2-kunstige-oya-bygget-pa-en-tidligere-perlefarm\/","url":"https:\/\/nordnesrepublikken.no\/index.php\/2026\/04\/10\/pearl-of-qatar-den-4-millioner-m2-kunstige-oya-bygget-pa-en-tidligere-perlefarm\/","name":"\"Pearl of Qatar\", den 4 millioner m2 kunstige \u00f8ya bygget p\u00e5 en tidligere perlefarm - Nordnesrepublikken","isPartOf":{"@id":"https:\/\/nordnesrepublikken.no\/#website"},"primaryImageOfPage":{"@id":"https:\/\/nordnesrepublikken.no\/index.php\/2026\/04\/10\/pearl-of-qatar-den-4-millioner-m2-kunstige-oya-bygget-pa-en-tidligere-perlefarm\/#primaryimage"},"image":{"@id":"https:\/\/nordnesrepublikken.no\/index.php\/2026\/04\/10\/pearl-of-qatar-den-4-millioner-m2-kunstige-oya-bygget-pa-en-tidligere-perlefarm\/#primaryimage"},"thumbnailUrl":"https:\/\/nordnesrepublikken.no\/wp-content\/uploads\/2026\/04\/1775839427_Pearl-of-Qatar-den-4-millioner-m2-kunstige-oya-bygget.jpg","datePublished":"2026-04-10T16:43:46+00:00","dateModified":"2026-04-10T16:43:49+00:00","breadcrumb":{"@id":"https:\/\/nordnesrepublikken.no\/index.php\/2026\/04\/10\/pearl-of-qatar-den-4-millioner-m2-kunstige-oya-bygget-pa-en-tidligere-perlefarm\/#breadcrumb"},"inLanguage":"nb-NO","potentialAction":[{"@type":"ReadAction","target":["https:\/\/nordnesrepublikken.no\/index.php\/2026\/04\/10\/pearl-of-qatar-den-4-millioner-m2-kunstige-oya-bygget-pa-en-tidligere-perlefarm\/"]}]},{"@type":"ImageObject","inLanguage":"nb-NO","@id":"https:\/\/nordnesrepublikken.no\/index.php\/2026\/04\/10\/pearl-of-qatar-den-4-millioner-m2-kunstige-oya-bygget-pa-en-tidligere-perlefarm\/#primaryimage","url":"https:\/\/nordnesrepublikken.no\/wp-content\/uploads\/2026\/04\/1775839427_Pearl-of-Qatar-den-4-millioner-m2-kunstige-oya-bygget.jpg","contentUrl":"https:\/\/nordnesrepublikken.no\/wp-content\/uploads\/2026\/04\/1775839427_Pearl-of-Qatar-den-4-millioner-m2-kunstige-oya-bygget.jpg","width":2549,"height":1491,"caption":"\"Pearl of Qatar\", den 4 millioner m2 kunstige \u00f8ya bygget p\u00e5 en tidligere perlefarm"},{"@type":"BreadcrumbList","@id":"https:\/\/nordnesrepublikken.no\/index.php\/2026\/04\/10\/pearl-of-qatar-den-4-millioner-m2-kunstige-oya-bygget-pa-en-tidligere-perlefarm\/#breadcrumb","itemListElement":[{"@type":"ListItem","position":1,"name":"Home","item":"https:\/\/nordnesrepublikken.no\/"},{"@type":"ListItem","position":2,"name":"&laquo;Pearl of Qatar&raquo;, den 4 millioner m2 kunstige \u00f8ya bygget p\u00e5 en tidligere perlefarm"}]},{"@type":"WebSite","@id":"https:\/\/nordnesrepublikken.no\/#website","url":"https:\/\/nordnesrepublikken.no\/","name":"Nordnesrepublikken","description":"Stemmer og Visjoner fra Republikkens Hjerte","publisher":{"@id":"https:\/\/nordnesrepublikken.no\/#organization"},"potentialAction":[{"@type":"SearchAction","target":{"@type":"EntryPoint","urlTemplate":"https:\/\/nordnesrepublikken.no\/?s={search_term_string}"},"query-input":{"@type":"PropertyValueSpecification","valueRequired":true,"valueName":"search_term_string"}}],"inLanguage":"nb-NO"},{"@type":"Organization","@id":"https:\/\/nordnesrepublikken.no\/#organization","name":"Nordnesrepublikken","url":"https:\/\/nordnesrepublikken.no\/","logo":{"@type":"ImageObject","inLanguage":"nb-NO","@id":"https:\/\/nordnesrepublikken.no\/#\/schema\/logo\/image\/","url":"https:\/\/nordnesrepublikken.no\/wp-content\/uploads\/2025\/02\/cropped-nordnesrepublikken-2.png","contentUrl":"https:\/\/nordnesrepublikken.no\/wp-content\/uploads\/2025\/02\/cropped-nordnesrepublikken-2.png","width":1248,"height":362,"caption":"Nordnesrepublikken"},"image":{"@id":"https:\/\/nordnesrepublikken.no\/#\/schema\/logo\/image\/"}},{"@type":"Person","@id":"https:\/\/nordnesrepublikken.no\/#\/schema\/person\/2e7e81935bab77882fffb79296240ff1","name":"Ole Andersen","image":{"@type":"ImageObject","inLanguage":"nb-NO","@id":"https:\/\/nordnesrepublikken.no\/#\/schema\/person\/image\/","url":"https:\/\/nordnesrepublikken.no\/wp-content\/uploads\/2025\/02\/nordnesrepublikken-2-2-150x150.jpg","contentUrl":"https:\/\/nordnesrepublikken.no\/wp-content\/uploads\/2025\/02\/nordnesrepublikken-2-2-150x150.jpg","caption":"Ole Andersen"},"description":"Ettersom jeg vokste opp i Oslo, har jeg alltid v\u00e6rt fascinert av ordenes kraft og deres evne til \u00e5 skape endringer. Etter \u00e5 ha fullf\u00f8rt min utdannelse i kommunikasjon ved Universitetet i Bergen, fikk jeg muligheten til \u00e5 jobbe innen ulike medier, der jeg har s\u00f8kt \u00e5 belyse viktige samfunnssp\u00f8rsm\u00e5l. I dag, som redakt\u00f8r for Nordnesrepublikken, pr\u00f8ver jeg \u00e5 forene min kj\u00e6rlighet for journalistikk med min lidenskap for innovasjon og eventyr.","sameAs":["https:\/\/nordnesrepublikken.no\/"]}]}},"_links":{"self":[{"href":"https:\/\/nordnesrepublikken.no\/index.php\/wp-json\/wp\/v2\/posts\/16852","targetHints":{"allow":["GET"]}}],"collection":[{"href":"https:\/\/nordnesrepublikken.no\/index.php\/wp-json\/wp\/v2\/posts"}],"about":[{"href":"https:\/\/nordnesrepublikken.no\/index.php\/wp-json\/wp\/v2\/types\/post"}],"author":[{"embeddable":true,"href":"https:\/\/nordnesrepublikken.no\/index.php\/wp-json\/wp\/v2\/users\/1"}],"replies":[{"embeddable":true,"href":"https:\/\/nordnesrepublikken.no\/index.php\/wp-json\/wp\/v2\/comments?post=16852"}],"version-history":[{"count":1,"href":"https:\/\/nordnesrepublikken.no\/index.php\/wp-json\/wp\/v2\/posts\/16852\/revisions"}],"predecessor-version":[{"id":16854,"href":"https:\/\/nordnesrepublikken.no\/index.php\/wp-json\/wp\/v2\/posts\/16852\/revisions\/16854"}],"wp:featuredmedia":[{"embeddable":true,"href":"https:\/\/nordnesrepublikken.no\/index.php\/wp-json\/wp\/v2\/media\/16853"}],"wp:attachment":[{"href":"https:\/\/nordnesrepublikken.no\/index.php\/wp-json\/wp\/v2\/media?parent=16852"}],"wp:term":[{"taxonomy":"category","embeddable":true,"href":"https:\/\/nordnesrepublikken.no\/index.php\/wp-json\/wp\/v2\/categories?post=16852"},{"taxonomy":"post_tag","embeddable":true,"href":"https:\/\/nordnesrepublikken.no\/index.php\/wp-json\/wp\/v2\/tags?post=16852"}],"curies":[{"name":"wp","href":"https:\/\/api.w.org\/{rel}","templated":true}]}}