{"id":16849,"date":"2026-04-10T17:28:50","date_gmt":"2026-04-10T15:28:50","guid":{"rendered":"https:\/\/nordnesrepublikken.no\/index.php\/2026\/04\/10\/det-er-derfor-det-er-en-bloff\/"},"modified":"2026-04-10T17:28:54","modified_gmt":"2026-04-10T15:28:54","slug":"det-er-derfor-det-er-en-bloff","status":"publish","type":"post","link":"https:\/\/nordnesrepublikken.no\/index.php\/2026\/04\/10\/det-er-derfor-det-er-en-bloff\/","title":{"rendered":"det er derfor det er en bl\u00f8ff"},"content":{"rendered":"<div>\n<div class=\"cp_wrapper cp_wrapper--fw mb-30 mb-20@tablet\">\n<figure class=\"mm\"><picture class=\"img\" style=\"padding-top:56.25%\"><source  media=\"(min-width: 1024px)\"><source  media=\"(min-width: 768px)\"><\/source><\/source><\/picture><\/figure>\n<\/p><\/div>\n<p>De siste ukene har tilsynelatende absurde nyheter g\u00e5tt viralt p\u00e5 sosiale medier \u2013 spesielt amerikanske: <strong>Donald<\/strong> <strong>Trump<\/strong> \u00f8nsker \u00e5 sette ansiktet sitt p\u00e5 <strong>Mount Rushmore<\/strong>sammen med presidentene til presidentene Washington, Jefferson, Roosevelt og Lincoln. La oss gj\u00f8re det klart med en gang: det er en <strong>hoax<\/strong>eller rettere sagt en aprilsnarr. Hvis saken hadde endt her, ville vi imidlertid ikke snakket om den. Den n\u00e5v\u00e6rende presidenten i USA faktisk <strong>han er ikke ny p\u00e5 denne ideen<\/strong> og gjennom \u00e5rene har det gjentatte ganger bevist sin verdi<strong> interesse for \u00e5 bli skulpturert<\/strong> p\u00e5 det fjellet. Men kunne han virkelig gj\u00f8re det? Hva sier loven om dette?<\/p>\n<h2>Trump og Mount Rushmore<\/h2>\n<p>Trumps f\u00f8rste offentlige uttalelse ang\u00e5ende hans tilstedev\u00e6relse p\u00e5 Mount Rushmore dateres tilbake til <strong>2020<\/strong>. Det \u00e5ret skrev New York Times at South Dakotas guvern\u00f8r <strong>Kristi Noem<\/strong> ville ha mottatt en foresp\u00f8rsel av denne typen uformelt fra presidenten. Foresp\u00f8rselen ble h\u00f8flig avsl\u00e5tt p\u00e5 det tidspunktet.<br \/>Trump imidlertid gjennom et innlegg p\u00e5 <strong>nektet han<\/strong> <strong>\u00f8yeblikkelig<\/strong> at han noen gang hadde kommet med en lignende foresp\u00f8rsel, men understreket at det \u2013 tross alt \u2013 ikke ville ha v\u00e6rt en d\u00e5rlig id\u00e9.<\/p>\n<p>La oss hoppe fremover i tid, til <strong>2025<\/strong>. Som ogs\u00e5 bekreftet av <em>Snopes<\/em>stedfortreder det \u00e5ret <strong>Anna Paulina Luna<\/strong> la frem et lovforslag \u00ab<em>sikte p\u00e5 \u00e5 plassere skulpturen av figuren til president Donald J. Trump p\u00e5 Mount Rushmore National Memorial<\/em>\u00bb. Dette forlot aldri kommisjonen, men det er interessant \u00e5 merke seg hvordan det fem \u00e5r senere har blitt en ny \u00e5penhet for ideen, denne gangen enda mer formell.<\/p>\n<p>Men kan noe slikt noen gang skje?<\/p>\n<h2>Hva loven sier<\/h2>\n<p>Etter det som ble erkl\u00e6rt til <em>Northeastern Global News<\/em> fra <strong>Jeremy<\/strong> <strong>Paul<\/strong>jusprofessor og tidligere dekan ved School of Law ved Northeastern University, f\u00f8rst b\u00f8r Det hvite hus be om<strong>kongressens godkjenning <\/strong>\u2013 noe som er ekstremt komplisert, b\u00e5de p\u00e5 grunn av verkets historiske verdi og de tekniske vanskelighetene ved tilblivelsen. Men selv om vi, absurd nok, antok at vi klarte \u00e5 f\u00e5 gr\u00f8nt lys, ville ikke problemene ha sluttet der. Faktisk kan presidentskapet bli tvunget til \u00e5 m\u00f8te mange <strong>\u00e5rsaker<\/strong> <strong>lovlig<\/strong> mot milj\u00f8grupper og fremfor alt mot stammenasjoner.<\/p>\n<p>Faktisk m\u00e5 vi huske p\u00e5 at Mount Rushmore historisk sett er et veldig varmt omr\u00e5de mht <strong>motstand<\/strong> <strong>urfolk<\/strong>. I 1868 med <strong>Fort Laramie-traktaten <\/strong>disse landene ble anerkjent for Sioux, men noen \u00e5r senere med oppdagelsen av store mengder gull i omr\u00e5det, ble omr\u00e5det okkupert, noe som ga opphav til sterk motstand. Nettopp derfor i <strong>1980<\/strong> H\u00f8yesterett <strong>vitnet til fordel for Sioux-nasjonen<\/strong>og slo fast at regjeringen ulovlig hadde tilegnet seg Black Hills. Dette betyr at tillatelser til \u00e5 utf\u00f8re ytterligere inngrep i det omr\u00e5det \u2013 spesielt av denne skalaen \u2013 vil v\u00e6re utrolig komplisert \u00e5 f\u00e5.<\/p>\n<p>S\u00e5, i lys av alt dette, kan vi si at nei, Trump er ikke i n\u00e6rheten av \u00e5 ha ansiktet sitt sk\u00e5ret inn i fjellet \u2013 og det er sv\u00e6rt sannsynlig at han aldri kommer til \u00e5 bli det.<\/p>\n<\/p><\/div>\n","protected":false},"excerpt":{"rendered":"<p>De siste ukene har tilsynelatende absurde nyheter g\u00e5tt viralt p\u00e5 sosiale medier \u2013 spesielt amerikanske:<\/p>\n","protected":false},"author":1,"featured_media":16850,"comment_status":"closed","ping_status":"open","sticky":false,"template":"","format":"standard","meta":{"footnotes":""},"categories":[104],"tags":[10893,1302,66],"class_list":["post-16849","post","type-post","status-publish","format-standard","has-post-thumbnail","hentry","category-samfunn","tag-bloff","tag-derfor","tag-det","generate-columns","tablet-grid-50","mobile-grid-100","grid-parent","grid-33","resize-featured-image"],"yoast_head":"<!-- This site is optimized with the Yoast SEO plugin v24.4 - https:\/\/yoast.com\/wordpress\/plugins\/seo\/ -->\n<title>det er derfor det er en bl\u00f8ff - Nordnesrepublikken<\/title>\n<meta name=\"robots\" content=\"index, follow, max-snippet:-1, max-image-preview:large, max-video-preview:-1\" \/>\n<link rel=\"canonical\" href=\"https:\/\/nordnesrepublikken.no\/index.php\/2026\/04\/10\/det-er-derfor-det-er-en-bloff\/\" \/>\n<meta property=\"og:locale\" content=\"nb_NO\" \/>\n<meta property=\"og:type\" content=\"article\" \/>\n<meta property=\"og:title\" content=\"det er derfor det er en bl\u00f8ff - Nordnesrepublikken\" \/>\n<meta property=\"og:description\" content=\"De siste ukene har tilsynelatende absurde nyheter g\u00e5tt viralt p\u00e5 sosiale medier \u2013 spesielt amerikanske:\" \/>\n<meta property=\"og:url\" content=\"https:\/\/nordnesrepublikken.no\/index.php\/2026\/04\/10\/det-er-derfor-det-er-en-bloff\/\" \/>\n<meta property=\"og:site_name\" content=\"Nordnesrepublikken\" \/>\n<meta property=\"article:published_time\" content=\"2026-04-10T15:28:50+00:00\" \/>\n<meta property=\"article:modified_time\" content=\"2026-04-10T15:28:54+00:00\" \/>\n<meta property=\"og:image\" content=\"https:\/\/nordnesrepublikken.no\/wp-content\/uploads\/2026\/04\/1775834932_det-er-derfor-det-er-en-bloff.jpg\" \/>\n\t<meta property=\"og:image:width\" content=\"2549\" \/>\n\t<meta property=\"og:image:height\" content=\"1491\" \/>\n\t<meta property=\"og:image:type\" content=\"image\/jpeg\" \/>\n<meta name=\"author\" content=\"Ole Andersen\" \/>\n<meta name=\"twitter:card\" content=\"summary_large_image\" \/>\n<meta name=\"twitter:label1\" content=\"Skrevet av\" \/>\n\t<meta name=\"twitter:data1\" content=\"Ole Andersen\" \/>\n\t<meta name=\"twitter:label2\" content=\"Ansl. lesetid\" \/>\n\t<meta name=\"twitter:data2\" content=\"2 minutter\" \/>\n<script type=\"application\/ld+json\" class=\"yoast-schema-graph\">{\"@context\":\"https:\/\/schema.org\",\"@graph\":[{\"@type\":\"Article\",\"@id\":\"https:\/\/nordnesrepublikken.no\/index.php\/2026\/04\/10\/det-er-derfor-det-er-en-bloff\/#article\",\"isPartOf\":{\"@id\":\"https:\/\/nordnesrepublikken.no\/index.php\/2026\/04\/10\/det-er-derfor-det-er-en-bloff\/\"},\"author\":{\"name\":\"Ole Andersen\",\"@id\":\"https:\/\/nordnesrepublikken.no\/#\/schema\/person\/2e7e81935bab77882fffb79296240ff1\"},\"headline\":\"det er derfor det er en bl\u00f8ff\",\"datePublished\":\"2026-04-10T15:28:50+00:00\",\"dateModified\":\"2026-04-10T15:28:54+00:00\",\"mainEntityOfPage\":{\"@id\":\"https:\/\/nordnesrepublikken.no\/index.php\/2026\/04\/10\/det-er-derfor-det-er-en-bloff\/\"},\"wordCount\":504,\"publisher\":{\"@id\":\"https:\/\/nordnesrepublikken.no\/#organization\"},\"image\":{\"@id\":\"https:\/\/nordnesrepublikken.no\/index.php\/2026\/04\/10\/det-er-derfor-det-er-en-bloff\/#primaryimage\"},\"thumbnailUrl\":\"https:\/\/nordnesrepublikken.no\/wp-content\/uploads\/2026\/04\/1775834932_det-er-derfor-det-er-en-bloff.jpg\",\"keywords\":[\"bl\u00f8ff\",\"derfor\",\"Det\"],\"articleSection\":[\"Samfunn\"],\"inLanguage\":\"nb-NO\"},{\"@type\":\"WebPage\",\"@id\":\"https:\/\/nordnesrepublikken.no\/index.php\/2026\/04\/10\/det-er-derfor-det-er-en-bloff\/\",\"url\":\"https:\/\/nordnesrepublikken.no\/index.php\/2026\/04\/10\/det-er-derfor-det-er-en-bloff\/\",\"name\":\"det er derfor det er en bl\u00f8ff - Nordnesrepublikken\",\"isPartOf\":{\"@id\":\"https:\/\/nordnesrepublikken.no\/#website\"},\"primaryImageOfPage\":{\"@id\":\"https:\/\/nordnesrepublikken.no\/index.php\/2026\/04\/10\/det-er-derfor-det-er-en-bloff\/#primaryimage\"},\"image\":{\"@id\":\"https:\/\/nordnesrepublikken.no\/index.php\/2026\/04\/10\/det-er-derfor-det-er-en-bloff\/#primaryimage\"},\"thumbnailUrl\":\"https:\/\/nordnesrepublikken.no\/wp-content\/uploads\/2026\/04\/1775834932_det-er-derfor-det-er-en-bloff.jpg\",\"datePublished\":\"2026-04-10T15:28:50+00:00\",\"dateModified\":\"2026-04-10T15:28:54+00:00\",\"breadcrumb\":{\"@id\":\"https:\/\/nordnesrepublikken.no\/index.php\/2026\/04\/10\/det-er-derfor-det-er-en-bloff\/#breadcrumb\"},\"inLanguage\":\"nb-NO\",\"potentialAction\":[{\"@type\":\"ReadAction\",\"target\":[\"https:\/\/nordnesrepublikken.no\/index.php\/2026\/04\/10\/det-er-derfor-det-er-en-bloff\/\"]}]},{\"@type\":\"ImageObject\",\"inLanguage\":\"nb-NO\",\"@id\":\"https:\/\/nordnesrepublikken.no\/index.php\/2026\/04\/10\/det-er-derfor-det-er-en-bloff\/#primaryimage\",\"url\":\"https:\/\/nordnesrepublikken.no\/wp-content\/uploads\/2026\/04\/1775834932_det-er-derfor-det-er-en-bloff.jpg\",\"contentUrl\":\"https:\/\/nordnesrepublikken.no\/wp-content\/uploads\/2026\/04\/1775834932_det-er-derfor-det-er-en-bloff.jpg\",\"width\":2549,\"height\":1491,\"caption\":\"det er derfor det er en bl\u00f8ff\"},{\"@type\":\"BreadcrumbList\",\"@id\":\"https:\/\/nordnesrepublikken.no\/index.php\/2026\/04\/10\/det-er-derfor-det-er-en-bloff\/#breadcrumb\",\"itemListElement\":[{\"@type\":\"ListItem\",\"position\":1,\"name\":\"Home\",\"item\":\"https:\/\/nordnesrepublikken.no\/\"},{\"@type\":\"ListItem\",\"position\":2,\"name\":\"det er derfor det er en bl\u00f8ff\"}]},{\"@type\":\"WebSite\",\"@id\":\"https:\/\/nordnesrepublikken.no\/#website\",\"url\":\"https:\/\/nordnesrepublikken.no\/\",\"name\":\"Nordnesrepublikken\",\"description\":\"Stemmer og Visjoner fra Republikkens Hjerte\",\"publisher\":{\"@id\":\"https:\/\/nordnesrepublikken.no\/#organization\"},\"potentialAction\":[{\"@type\":\"SearchAction\",\"target\":{\"@type\":\"EntryPoint\",\"urlTemplate\":\"https:\/\/nordnesrepublikken.no\/?s={search_term_string}\"},\"query-input\":{\"@type\":\"PropertyValueSpecification\",\"valueRequired\":true,\"valueName\":\"search_term_string\"}}],\"inLanguage\":\"nb-NO\"},{\"@type\":\"Organization\",\"@id\":\"https:\/\/nordnesrepublikken.no\/#organization\",\"name\":\"Nordnesrepublikken\",\"url\":\"https:\/\/nordnesrepublikken.no\/\",\"logo\":{\"@type\":\"ImageObject\",\"inLanguage\":\"nb-NO\",\"@id\":\"https:\/\/nordnesrepublikken.no\/#\/schema\/logo\/image\/\",\"url\":\"https:\/\/nordnesrepublikken.no\/wp-content\/uploads\/2025\/02\/cropped-nordnesrepublikken-2.png\",\"contentUrl\":\"https:\/\/nordnesrepublikken.no\/wp-content\/uploads\/2025\/02\/cropped-nordnesrepublikken-2.png\",\"width\":1248,\"height\":362,\"caption\":\"Nordnesrepublikken\"},\"image\":{\"@id\":\"https:\/\/nordnesrepublikken.no\/#\/schema\/logo\/image\/\"}},{\"@type\":\"Person\",\"@id\":\"https:\/\/nordnesrepublikken.no\/#\/schema\/person\/2e7e81935bab77882fffb79296240ff1\",\"name\":\"Ole Andersen\",\"image\":{\"@type\":\"ImageObject\",\"inLanguage\":\"nb-NO\",\"@id\":\"https:\/\/nordnesrepublikken.no\/#\/schema\/person\/image\/\",\"url\":\"https:\/\/nordnesrepublikken.no\/wp-content\/uploads\/2025\/02\/nordnesrepublikken-2-2-150x150.jpg\",\"contentUrl\":\"https:\/\/nordnesrepublikken.no\/wp-content\/uploads\/2025\/02\/nordnesrepublikken-2-2-150x150.jpg\",\"caption\":\"Ole Andersen\"},\"description\":\"Ettersom jeg vokste opp i Oslo, har jeg alltid v\u00e6rt fascinert av ordenes kraft og deres evne til \u00e5 skape endringer. Etter \u00e5 ha fullf\u00f8rt min utdannelse i kommunikasjon ved Universitetet i Bergen, fikk jeg muligheten til \u00e5 jobbe innen ulike medier, der jeg har s\u00f8kt \u00e5 belyse viktige samfunnssp\u00f8rsm\u00e5l. I dag, som redakt\u00f8r for Nordnesrepublikken, pr\u00f8ver jeg \u00e5 forene min kj\u00e6rlighet for journalistikk med min lidenskap for innovasjon og eventyr.\",\"sameAs\":[\"https:\/\/nordnesrepublikken.no\/\"]}]}<\/script>\n<!-- \/ Yoast SEO plugin. -->","yoast_head_json":{"title":"det er derfor det er en bl\u00f8ff - Nordnesrepublikken","robots":{"index":"index","follow":"follow","max-snippet":"max-snippet:-1","max-image-preview":"max-image-preview:large","max-video-preview":"max-video-preview:-1"},"canonical":"https:\/\/nordnesrepublikken.no\/index.php\/2026\/04\/10\/det-er-derfor-det-er-en-bloff\/","og_locale":"nb_NO","og_type":"article","og_title":"det er derfor det er en bl\u00f8ff - Nordnesrepublikken","og_description":"De siste ukene har tilsynelatende absurde nyheter g\u00e5tt viralt p\u00e5 sosiale medier \u2013 spesielt amerikanske:","og_url":"https:\/\/nordnesrepublikken.no\/index.php\/2026\/04\/10\/det-er-derfor-det-er-en-bloff\/","og_site_name":"Nordnesrepublikken","article_published_time":"2026-04-10T15:28:50+00:00","article_modified_time":"2026-04-10T15:28:54+00:00","og_image":[{"width":2549,"height":1491,"url":"https:\/\/nordnesrepublikken.no\/wp-content\/uploads\/2026\/04\/1775834932_det-er-derfor-det-er-en-bloff.jpg","type":"image\/jpeg"}],"author":"Ole Andersen","twitter_card":"summary_large_image","twitter_misc":{"Skrevet av":"Ole Andersen","Ansl. lesetid":"2 minutter"},"schema":{"@context":"https:\/\/schema.org","@graph":[{"@type":"Article","@id":"https:\/\/nordnesrepublikken.no\/index.php\/2026\/04\/10\/det-er-derfor-det-er-en-bloff\/#article","isPartOf":{"@id":"https:\/\/nordnesrepublikken.no\/index.php\/2026\/04\/10\/det-er-derfor-det-er-en-bloff\/"},"author":{"name":"Ole Andersen","@id":"https:\/\/nordnesrepublikken.no\/#\/schema\/person\/2e7e81935bab77882fffb79296240ff1"},"headline":"det er derfor det er en bl\u00f8ff","datePublished":"2026-04-10T15:28:50+00:00","dateModified":"2026-04-10T15:28:54+00:00","mainEntityOfPage":{"@id":"https:\/\/nordnesrepublikken.no\/index.php\/2026\/04\/10\/det-er-derfor-det-er-en-bloff\/"},"wordCount":504,"publisher":{"@id":"https:\/\/nordnesrepublikken.no\/#organization"},"image":{"@id":"https:\/\/nordnesrepublikken.no\/index.php\/2026\/04\/10\/det-er-derfor-det-er-en-bloff\/#primaryimage"},"thumbnailUrl":"https:\/\/nordnesrepublikken.no\/wp-content\/uploads\/2026\/04\/1775834932_det-er-derfor-det-er-en-bloff.jpg","keywords":["bl\u00f8ff","derfor","Det"],"articleSection":["Samfunn"],"inLanguage":"nb-NO"},{"@type":"WebPage","@id":"https:\/\/nordnesrepublikken.no\/index.php\/2026\/04\/10\/det-er-derfor-det-er-en-bloff\/","url":"https:\/\/nordnesrepublikken.no\/index.php\/2026\/04\/10\/det-er-derfor-det-er-en-bloff\/","name":"det er derfor det er en bl\u00f8ff - Nordnesrepublikken","isPartOf":{"@id":"https:\/\/nordnesrepublikken.no\/#website"},"primaryImageOfPage":{"@id":"https:\/\/nordnesrepublikken.no\/index.php\/2026\/04\/10\/det-er-derfor-det-er-en-bloff\/#primaryimage"},"image":{"@id":"https:\/\/nordnesrepublikken.no\/index.php\/2026\/04\/10\/det-er-derfor-det-er-en-bloff\/#primaryimage"},"thumbnailUrl":"https:\/\/nordnesrepublikken.no\/wp-content\/uploads\/2026\/04\/1775834932_det-er-derfor-det-er-en-bloff.jpg","datePublished":"2026-04-10T15:28:50+00:00","dateModified":"2026-04-10T15:28:54+00:00","breadcrumb":{"@id":"https:\/\/nordnesrepublikken.no\/index.php\/2026\/04\/10\/det-er-derfor-det-er-en-bloff\/#breadcrumb"},"inLanguage":"nb-NO","potentialAction":[{"@type":"ReadAction","target":["https:\/\/nordnesrepublikken.no\/index.php\/2026\/04\/10\/det-er-derfor-det-er-en-bloff\/"]}]},{"@type":"ImageObject","inLanguage":"nb-NO","@id":"https:\/\/nordnesrepublikken.no\/index.php\/2026\/04\/10\/det-er-derfor-det-er-en-bloff\/#primaryimage","url":"https:\/\/nordnesrepublikken.no\/wp-content\/uploads\/2026\/04\/1775834932_det-er-derfor-det-er-en-bloff.jpg","contentUrl":"https:\/\/nordnesrepublikken.no\/wp-content\/uploads\/2026\/04\/1775834932_det-er-derfor-det-er-en-bloff.jpg","width":2549,"height":1491,"caption":"det er derfor det er en bl\u00f8ff"},{"@type":"BreadcrumbList","@id":"https:\/\/nordnesrepublikken.no\/index.php\/2026\/04\/10\/det-er-derfor-det-er-en-bloff\/#breadcrumb","itemListElement":[{"@type":"ListItem","position":1,"name":"Home","item":"https:\/\/nordnesrepublikken.no\/"},{"@type":"ListItem","position":2,"name":"det er derfor det er en bl\u00f8ff"}]},{"@type":"WebSite","@id":"https:\/\/nordnesrepublikken.no\/#website","url":"https:\/\/nordnesrepublikken.no\/","name":"Nordnesrepublikken","description":"Stemmer og Visjoner fra Republikkens Hjerte","publisher":{"@id":"https:\/\/nordnesrepublikken.no\/#organization"},"potentialAction":[{"@type":"SearchAction","target":{"@type":"EntryPoint","urlTemplate":"https:\/\/nordnesrepublikken.no\/?s={search_term_string}"},"query-input":{"@type":"PropertyValueSpecification","valueRequired":true,"valueName":"search_term_string"}}],"inLanguage":"nb-NO"},{"@type":"Organization","@id":"https:\/\/nordnesrepublikken.no\/#organization","name":"Nordnesrepublikken","url":"https:\/\/nordnesrepublikken.no\/","logo":{"@type":"ImageObject","inLanguage":"nb-NO","@id":"https:\/\/nordnesrepublikken.no\/#\/schema\/logo\/image\/","url":"https:\/\/nordnesrepublikken.no\/wp-content\/uploads\/2025\/02\/cropped-nordnesrepublikken-2.png","contentUrl":"https:\/\/nordnesrepublikken.no\/wp-content\/uploads\/2025\/02\/cropped-nordnesrepublikken-2.png","width":1248,"height":362,"caption":"Nordnesrepublikken"},"image":{"@id":"https:\/\/nordnesrepublikken.no\/#\/schema\/logo\/image\/"}},{"@type":"Person","@id":"https:\/\/nordnesrepublikken.no\/#\/schema\/person\/2e7e81935bab77882fffb79296240ff1","name":"Ole Andersen","image":{"@type":"ImageObject","inLanguage":"nb-NO","@id":"https:\/\/nordnesrepublikken.no\/#\/schema\/person\/image\/","url":"https:\/\/nordnesrepublikken.no\/wp-content\/uploads\/2025\/02\/nordnesrepublikken-2-2-150x150.jpg","contentUrl":"https:\/\/nordnesrepublikken.no\/wp-content\/uploads\/2025\/02\/nordnesrepublikken-2-2-150x150.jpg","caption":"Ole Andersen"},"description":"Ettersom jeg vokste opp i Oslo, har jeg alltid v\u00e6rt fascinert av ordenes kraft og deres evne til \u00e5 skape endringer. Etter \u00e5 ha fullf\u00f8rt min utdannelse i kommunikasjon ved Universitetet i Bergen, fikk jeg muligheten til \u00e5 jobbe innen ulike medier, der jeg har s\u00f8kt \u00e5 belyse viktige samfunnssp\u00f8rsm\u00e5l. I dag, som redakt\u00f8r for Nordnesrepublikken, pr\u00f8ver jeg \u00e5 forene min kj\u00e6rlighet for journalistikk med min lidenskap for innovasjon og eventyr.","sameAs":["https:\/\/nordnesrepublikken.no\/"]}]}},"_links":{"self":[{"href":"https:\/\/nordnesrepublikken.no\/index.php\/wp-json\/wp\/v2\/posts\/16849","targetHints":{"allow":["GET"]}}],"collection":[{"href":"https:\/\/nordnesrepublikken.no\/index.php\/wp-json\/wp\/v2\/posts"}],"about":[{"href":"https:\/\/nordnesrepublikken.no\/index.php\/wp-json\/wp\/v2\/types\/post"}],"author":[{"embeddable":true,"href":"https:\/\/nordnesrepublikken.no\/index.php\/wp-json\/wp\/v2\/users\/1"}],"replies":[{"embeddable":true,"href":"https:\/\/nordnesrepublikken.no\/index.php\/wp-json\/wp\/v2\/comments?post=16849"}],"version-history":[{"count":1,"href":"https:\/\/nordnesrepublikken.no\/index.php\/wp-json\/wp\/v2\/posts\/16849\/revisions"}],"predecessor-version":[{"id":16851,"href":"https:\/\/nordnesrepublikken.no\/index.php\/wp-json\/wp\/v2\/posts\/16849\/revisions\/16851"}],"wp:featuredmedia":[{"embeddable":true,"href":"https:\/\/nordnesrepublikken.no\/index.php\/wp-json\/wp\/v2\/media\/16850"}],"wp:attachment":[{"href":"https:\/\/nordnesrepublikken.no\/index.php\/wp-json\/wp\/v2\/media?parent=16849"}],"wp:term":[{"taxonomy":"category","embeddable":true,"href":"https:\/\/nordnesrepublikken.no\/index.php\/wp-json\/wp\/v2\/categories?post=16849"},{"taxonomy":"post_tag","embeddable":true,"href":"https:\/\/nordnesrepublikken.no\/index.php\/wp-json\/wp\/v2\/tags?post=16849"}],"curies":[{"name":"wp","href":"https:\/\/api.w.org\/{rel}","templated":true}]}}