{"id":16843,"date":"2026-04-10T16:24:53","date_gmt":"2026-04-10T14:24:53","guid":{"rendered":"https:\/\/nordnesrepublikken.no\/index.php\/2026\/04\/10\/spania-kan-gi-abortrettigheter-konstitusjonell-status-under-nytt-forslag\/"},"modified":"2026-04-10T16:24:55","modified_gmt":"2026-04-10T14:24:55","slug":"spania-kan-gi-abortrettigheter-konstitusjonell-status-under-nytt-forslag","status":"publish","type":"post","link":"https:\/\/nordnesrepublikken.no\/index.php\/2026\/04\/10\/spania-kan-gi-abortrettigheter-konstitusjonell-status-under-nytt-forslag\/","title":{"rendered":"Spania kan gi abortrettigheter konstitusjonell status under nytt forslag"},"content":{"rendered":"<p><\/p>\n<div class=\"wordpress-content\">\n                    <!-- Article Start --><\/p>\n<p class=\"p1\">Den spanske regjeringen, ledet av statsminister Pedro S\u00e1nchez, har tatt de f\u00f8rste skritt for \u00e5 reformere grunnloven for \u00e5 inkludere eksplisitt beskyttelse for tilgang til abort. Forslaget, godkjent av Ministerr\u00e5det, vil endre artikkel 43, som i dag etablerer retten til helsevern.<\/p>\n<p class=\"p1\">Under planen, <strong>tilgang til abort vil bli formelt anerkjent innenfor Spanias konstitusjonelle ramme<\/strong>styrker eksisterende lovgivning og begrenser muligheten for fremtidige restriksjoner. Tiltaket inng\u00e5r i et bredere arbeid fra regjeringen for \u00e5 konsolidere sosiale rettigheter gjennom grunnlovsgarantier.<\/p>\n<p class=\"p1\">Enhver endring av grunnloven krever tre femtedelers flertall i b\u00e5de Deputertkongressen og Senatet, noe som betyr at forslaget vil avhenge av st\u00f8tte utover den regjerende koalisjonen. Uten tverrpolitisk st\u00f8tte kan ikke reformen fortsette.<\/p>\n<div class=\"sra_unit\"><link rel=\"stylesheet\" id=\"block-sra\" href=\"https:\/\/euroweeklynews.com\/wp-content\/plugins\/snack-related-articles\/dist\/css\/snack-related.min.css?250312-193541\" type=\"text\/css\" media=\"all\">\n<\/div>\n<h2 class=\"p2\">Begrunnelse bak den foresl\u00e5tte endringen<\/h2>\n<p class=\"p1\">Regjeringen har hevdet at \u00e5 innlemme abortrettigheter i Grunnloven vil gi rettssikkerhet og landsomfattende konsistens. For tiden er tilgangen styrt av ordin\u00e6r lovgivning, som kan endres av fremtidige regjeringer med stortingsflertall.<\/p>\n<p class=\"p1\">Derimot vil konstitusjonell anerkjennelse etablere en h\u00f8yere juridisk terskel for eventuelle endringer, noe som krever en mer kompleks lovgivningsprosess. Ministre har uttalt at m\u00e5let er \u00e5 sikre at adgangen til abort forblir beskyttet uavhengig av endringer i politisk kontroll.<\/p>\n<p class=\"p1\">En annen faktor bak forslaget er variasjonen i tilgang p\u00e5 tvers av Spanias autonome samfunn. Mens abort er lovlig over hele landet, varierer tilgjengeligheten av tjenester betydelig fra region til region, ofte p\u00e5 grunn av antall helsepersonell som er villige til \u00e5 utf\u00f8re prosedyren i det offentlige systemet.<\/p>\n<p class=\"p1\"><strong>Regjeringen har tidligere innf\u00f8rt tiltak for \u00e5 bedre tilgjengeligheten<\/strong>herunder krav om at regionale helseforetak skal garantere tilbud. Grunnlovsreformen er ment \u00e5 utfylle denne politikken ved \u00e5 styrke rettsgrunnlaget for h\u00e5ndheving.<\/p>\n<h2 class=\"p2\">Gjeldende juridisk rammeverk<\/h2>\n<p class=\"p1\">Spanias abortlov tillater prosedyren p\u00e5 foresp\u00f8rsel opp til 14 uker med graviditet, med tilleggsbestemmelser som tillater det p\u00e5 senere stadier under spesifikke omstendigheter. Dette rammeverket ble f\u00f8rst introdusert i 2010 og har siden blitt oppdatert for \u00e5 h\u00e5ndtere problemer som tilgang for mindre\u00e5rige og rollen til offentlige helsetjenester.<\/p>\n<p class=\"p1\"><strong>Selv om loven gjelder landsomfattende, styres implementeringen p\u00e5 regionalt niv\u00e5.<\/strong> I praksis utf\u00f8res en betydelig andel av abortene i private klinikker som er inng\u00e5tt av det offentlige helsesystemet, noe som gjenspeiler hull i tilbudet innen enkelte offentlige sykehus.<\/p>\n<p class=\"p1\">Helsepersonell beholder retten til samvittighetsgrunnlag, noe som har bidratt til ujevn tjenestetilgjengelighet. I enkelte regioner avsl\u00e5r flertallet av legene \u00e5 utf\u00f8re aborter, noe som resulterer i avhengighet av eksterne leverand\u00f8rer.<\/p>\n<h2 class=\"p2\">Link til nyere datatrender<\/h2>\n<p class=\"p1\">Det konstitusjonelle initiativet kommer p\u00e5 et tidspunkt da antallet registrerte aborter i Spania har v\u00e6rt \u00f8kende. Offisielle tall viser at 106 172 prosedyrer ble utf\u00f8rt i 2024, noe som markerer en beskjeden \u00f8kning fra \u00e5ret f\u00f8r og fortsetter en trend observert siden 2020.<\/p>\n<p class=\"p1\">Regjeringen har ikke direkte knyttet reformen til disse tallene, men dataene inng\u00e5r i den bredere konteksten der reproduktiv helsepolitikk diskuteres. Folkehelsespesialister bemerker at endringer i abortrater p\u00e5virkes av flere faktorer, inkludert tilgang til prevensjon, \u00f8konomiske forhold og utdanning.<\/p>\n<h2 class=\"p2\">Politisk respons og lovsyn<\/h2>\n<p class=\"p1\">Forslaget har f\u00f8rt til ulike reaksjoner p\u00e5 tvers av det politiske spekteret. Partier som st\u00f8tter regjeringen har beskrevet reformen som et middel til \u00e5 sikre eksisterende rettigheter, mens opposisjonsgrupper har stilt sp\u00f8rsm\u00e5l ved om konstitusjonelle endringer er n\u00f8dvendig gitt dagens juridiske rammeverk.<\/p>\n<p class=\"p1\">Noen kritikere har ogs\u00e5 reist bekymring for \u00e5 innlemme spesifikke politikkomr\u00e5der i grunnloven, og hevdet at det kan redusere lovgivningsfleksibiliteten i fremtiden. Andre hevder at rettigheter knyttet til helsetjenester og personlig autonomi garanterer det h\u00f8yeste niv\u00e5et av juridisk beskyttelse.<\/p>\n<p class=\"p1\">Den neste fasen av prosessen vil inneb\u00e6re parlamentarisk debatt, hvor regjeringen m\u00e5 s\u00f8ke tilstrekkelig st\u00f8tte for \u00e5 fremme endringsforslaget. Hvis det godkjennes av begge kamre, kan det v\u00e6re n\u00f8dvendig med ytterligere skritt avhengig av omfanget av reformen.<\/p>\n<h2 class=\"p2\">Et betydelig juridisk skritt under vurdering<\/h2>\n<p class=\"p1\">Den foresl\u00e5tte endringen representerer en bemerkelsesverdig utvikling i Spanias tiln\u00e6rming til reproduktive rettigheter. Ved \u00e5 fors\u00f8ke \u00e5 bygge inn tilgang til abort i Grunnloven, fors\u00f8ker regjeringen \u00e5 g\u00e5 utover lovbestemt regulering mot en mer permanent juridisk garanti.<\/p>\n<p class=\"p1\">Hvorvidt reformen lykkes vil avhenge av parlamentarisk regning og politiske forhandlinger. I mellomtiden har den plassert abortsp\u00f8rsm\u00e5let i sentrum av nasjonal debatt, ikke bare n\u00e5r det gjelder folkehelse, men ogs\u00e5 i forhold til strukturen og omfanget av forfatningsretten i Spania.<\/p>\n<p>                    <!-- Originally published at https:\/\/euroweeklynews.com\/2026\/04\/10\/spain-could-give-abortion-rights-constitutional-status-under-new-proposal\/ on 10 Apr 2026 at 15:57 by Molly Grace --><br \/>\n                    <!-- Article End -->\n                <\/div>\n","protected":false},"excerpt":{"rendered":"<p>Den spanske regjeringen, ledet av statsminister Pedro S\u00e1nchez, har tatt de f\u00f8rste skritt for \u00e5<\/p>\n","protected":false},"author":1,"featured_media":16844,"comment_status":"closed","ping_status":"open","sticky":false,"template":"","format":"standard","meta":{"footnotes":""},"categories":[105],"tags":[10888,10891,339,10889,2174,529,10890],"class_list":["post-16843","post","type-post","status-publish","format-standard","has-post-thumbnail","hentry","category-livsstil","tag-abortrettigheter","tag-forslag","tag-kan","tag-konstitusjonell","tag-nytt","tag-spania","tag-status","generate-columns","tablet-grid-50","mobile-grid-100","grid-parent","grid-33","resize-featured-image"],"yoast_head":"<!-- This site is optimized with the Yoast SEO plugin v24.4 - https:\/\/yoast.com\/wordpress\/plugins\/seo\/ -->\n<title>Spania kan gi abortrettigheter konstitusjonell status under nytt forslag - Nordnesrepublikken<\/title>\n<meta name=\"robots\" content=\"index, follow, max-snippet:-1, max-image-preview:large, max-video-preview:-1\" \/>\n<link rel=\"canonical\" href=\"https:\/\/nordnesrepublikken.no\/index.php\/2026\/04\/10\/spania-kan-gi-abortrettigheter-konstitusjonell-status-under-nytt-forslag\/\" \/>\n<meta property=\"og:locale\" content=\"nb_NO\" \/>\n<meta property=\"og:type\" content=\"article\" \/>\n<meta property=\"og:title\" content=\"Spania kan gi abortrettigheter konstitusjonell status under nytt forslag - Nordnesrepublikken\" \/>\n<meta property=\"og:description\" content=\"Den spanske regjeringen, ledet av statsminister Pedro S\u00e1nchez, har tatt de f\u00f8rste skritt for \u00e5\" \/>\n<meta property=\"og:url\" content=\"https:\/\/nordnesrepublikken.no\/index.php\/2026\/04\/10\/spania-kan-gi-abortrettigheter-konstitusjonell-status-under-nytt-forslag\/\" \/>\n<meta property=\"og:site_name\" content=\"Nordnesrepublikken\" \/>\n<meta property=\"article:published_time\" content=\"2026-04-10T14:24:53+00:00\" \/>\n<meta property=\"article:modified_time\" content=\"2026-04-10T14:24:55+00:00\" \/>\n<meta property=\"og:image\" content=\"https:\/\/nordnesrepublikken.no\/wp-content\/uploads\/2026\/04\/1775831094_Spania-kan-gi-abortrettigheter-konstitusjonell-status-under-nytt-forslag.jpeg\" \/>\n\t<meta property=\"og:image:width\" content=\"1600\" \/>\n\t<meta property=\"og:image:height\" content=\"1066\" \/>\n\t<meta property=\"og:image:type\" content=\"image\/jpeg\" \/>\n<meta name=\"author\" content=\"Ole Andersen\" \/>\n<meta name=\"twitter:card\" content=\"summary_large_image\" \/>\n<meta name=\"twitter:label1\" content=\"Skrevet av\" \/>\n\t<meta name=\"twitter:data1\" content=\"Ole Andersen\" \/>\n\t<meta name=\"twitter:label2\" content=\"Ansl. lesetid\" \/>\n\t<meta name=\"twitter:data2\" content=\"3 minutter\" \/>\n<script type=\"application\/ld+json\" class=\"yoast-schema-graph\">{\"@context\":\"https:\/\/schema.org\",\"@graph\":[{\"@type\":\"Article\",\"@id\":\"https:\/\/nordnesrepublikken.no\/index.php\/2026\/04\/10\/spania-kan-gi-abortrettigheter-konstitusjonell-status-under-nytt-forslag\/#article\",\"isPartOf\":{\"@id\":\"https:\/\/nordnesrepublikken.no\/index.php\/2026\/04\/10\/spania-kan-gi-abortrettigheter-konstitusjonell-status-under-nytt-forslag\/\"},\"author\":{\"name\":\"Ole Andersen\",\"@id\":\"https:\/\/nordnesrepublikken.no\/#\/schema\/person\/2e7e81935bab77882fffb79296240ff1\"},\"headline\":\"Spania kan gi abortrettigheter konstitusjonell status under nytt forslag\",\"datePublished\":\"2026-04-10T14:24:53+00:00\",\"dateModified\":\"2026-04-10T14:24:55+00:00\",\"mainEntityOfPage\":{\"@id\":\"https:\/\/nordnesrepublikken.no\/index.php\/2026\/04\/10\/spania-kan-gi-abortrettigheter-konstitusjonell-status-under-nytt-forslag\/\"},\"wordCount\":705,\"publisher\":{\"@id\":\"https:\/\/nordnesrepublikken.no\/#organization\"},\"image\":{\"@id\":\"https:\/\/nordnesrepublikken.no\/index.php\/2026\/04\/10\/spania-kan-gi-abortrettigheter-konstitusjonell-status-under-nytt-forslag\/#primaryimage\"},\"thumbnailUrl\":\"https:\/\/nordnesrepublikken.no\/wp-content\/uploads\/2026\/04\/1775831094_Spania-kan-gi-abortrettigheter-konstitusjonell-status-under-nytt-forslag.jpeg\",\"keywords\":[\"abortrettigheter\",\"forslag\",\"kan\",\"konstitusjonell\",\"Nytt\",\"Spania\",\"status\"],\"articleSection\":[\"Livsstil\"],\"inLanguage\":\"nb-NO\"},{\"@type\":\"WebPage\",\"@id\":\"https:\/\/nordnesrepublikken.no\/index.php\/2026\/04\/10\/spania-kan-gi-abortrettigheter-konstitusjonell-status-under-nytt-forslag\/\",\"url\":\"https:\/\/nordnesrepublikken.no\/index.php\/2026\/04\/10\/spania-kan-gi-abortrettigheter-konstitusjonell-status-under-nytt-forslag\/\",\"name\":\"Spania kan gi abortrettigheter konstitusjonell status under nytt forslag - Nordnesrepublikken\",\"isPartOf\":{\"@id\":\"https:\/\/nordnesrepublikken.no\/#website\"},\"primaryImageOfPage\":{\"@id\":\"https:\/\/nordnesrepublikken.no\/index.php\/2026\/04\/10\/spania-kan-gi-abortrettigheter-konstitusjonell-status-under-nytt-forslag\/#primaryimage\"},\"image\":{\"@id\":\"https:\/\/nordnesrepublikken.no\/index.php\/2026\/04\/10\/spania-kan-gi-abortrettigheter-konstitusjonell-status-under-nytt-forslag\/#primaryimage\"},\"thumbnailUrl\":\"https:\/\/nordnesrepublikken.no\/wp-content\/uploads\/2026\/04\/1775831094_Spania-kan-gi-abortrettigheter-konstitusjonell-status-under-nytt-forslag.jpeg\",\"datePublished\":\"2026-04-10T14:24:53+00:00\",\"dateModified\":\"2026-04-10T14:24:55+00:00\",\"breadcrumb\":{\"@id\":\"https:\/\/nordnesrepublikken.no\/index.php\/2026\/04\/10\/spania-kan-gi-abortrettigheter-konstitusjonell-status-under-nytt-forslag\/#breadcrumb\"},\"inLanguage\":\"nb-NO\",\"potentialAction\":[{\"@type\":\"ReadAction\",\"target\":[\"https:\/\/nordnesrepublikken.no\/index.php\/2026\/04\/10\/spania-kan-gi-abortrettigheter-konstitusjonell-status-under-nytt-forslag\/\"]}]},{\"@type\":\"ImageObject\",\"inLanguage\":\"nb-NO\",\"@id\":\"https:\/\/nordnesrepublikken.no\/index.php\/2026\/04\/10\/spania-kan-gi-abortrettigheter-konstitusjonell-status-under-nytt-forslag\/#primaryimage\",\"url\":\"https:\/\/nordnesrepublikken.no\/wp-content\/uploads\/2026\/04\/1775831094_Spania-kan-gi-abortrettigheter-konstitusjonell-status-under-nytt-forslag.jpeg\",\"contentUrl\":\"https:\/\/nordnesrepublikken.no\/wp-content\/uploads\/2026\/04\/1775831094_Spania-kan-gi-abortrettigheter-konstitusjonell-status-under-nytt-forslag.jpeg\",\"width\":1600,\"height\":1066,\"caption\":\"Spania kan gi abortrettigheter konstitusjonell status under nytt forslag\"},{\"@type\":\"BreadcrumbList\",\"@id\":\"https:\/\/nordnesrepublikken.no\/index.php\/2026\/04\/10\/spania-kan-gi-abortrettigheter-konstitusjonell-status-under-nytt-forslag\/#breadcrumb\",\"itemListElement\":[{\"@type\":\"ListItem\",\"position\":1,\"name\":\"Home\",\"item\":\"https:\/\/nordnesrepublikken.no\/\"},{\"@type\":\"ListItem\",\"position\":2,\"name\":\"Spania kan gi abortrettigheter konstitusjonell status under nytt forslag\"}]},{\"@type\":\"WebSite\",\"@id\":\"https:\/\/nordnesrepublikken.no\/#website\",\"url\":\"https:\/\/nordnesrepublikken.no\/\",\"name\":\"Nordnesrepublikken\",\"description\":\"Stemmer og Visjoner fra Republikkens Hjerte\",\"publisher\":{\"@id\":\"https:\/\/nordnesrepublikken.no\/#organization\"},\"potentialAction\":[{\"@type\":\"SearchAction\",\"target\":{\"@type\":\"EntryPoint\",\"urlTemplate\":\"https:\/\/nordnesrepublikken.no\/?s={search_term_string}\"},\"query-input\":{\"@type\":\"PropertyValueSpecification\",\"valueRequired\":true,\"valueName\":\"search_term_string\"}}],\"inLanguage\":\"nb-NO\"},{\"@type\":\"Organization\",\"@id\":\"https:\/\/nordnesrepublikken.no\/#organization\",\"name\":\"Nordnesrepublikken\",\"url\":\"https:\/\/nordnesrepublikken.no\/\",\"logo\":{\"@type\":\"ImageObject\",\"inLanguage\":\"nb-NO\",\"@id\":\"https:\/\/nordnesrepublikken.no\/#\/schema\/logo\/image\/\",\"url\":\"https:\/\/nordnesrepublikken.no\/wp-content\/uploads\/2025\/02\/cropped-nordnesrepublikken-2.png\",\"contentUrl\":\"https:\/\/nordnesrepublikken.no\/wp-content\/uploads\/2025\/02\/cropped-nordnesrepublikken-2.png\",\"width\":1248,\"height\":362,\"caption\":\"Nordnesrepublikken\"},\"image\":{\"@id\":\"https:\/\/nordnesrepublikken.no\/#\/schema\/logo\/image\/\"}},{\"@type\":\"Person\",\"@id\":\"https:\/\/nordnesrepublikken.no\/#\/schema\/person\/2e7e81935bab77882fffb79296240ff1\",\"name\":\"Ole Andersen\",\"image\":{\"@type\":\"ImageObject\",\"inLanguage\":\"nb-NO\",\"@id\":\"https:\/\/nordnesrepublikken.no\/#\/schema\/person\/image\/\",\"url\":\"https:\/\/nordnesrepublikken.no\/wp-content\/uploads\/2025\/02\/nordnesrepublikken-2-2-150x150.jpg\",\"contentUrl\":\"https:\/\/nordnesrepublikken.no\/wp-content\/uploads\/2025\/02\/nordnesrepublikken-2-2-150x150.jpg\",\"caption\":\"Ole Andersen\"},\"description\":\"Ettersom jeg vokste opp i Oslo, har jeg alltid v\u00e6rt fascinert av ordenes kraft og deres evne til \u00e5 skape endringer. Etter \u00e5 ha fullf\u00f8rt min utdannelse i kommunikasjon ved Universitetet i Bergen, fikk jeg muligheten til \u00e5 jobbe innen ulike medier, der jeg har s\u00f8kt \u00e5 belyse viktige samfunnssp\u00f8rsm\u00e5l. I dag, som redakt\u00f8r for Nordnesrepublikken, pr\u00f8ver jeg \u00e5 forene min kj\u00e6rlighet for journalistikk med min lidenskap for innovasjon og eventyr.\",\"sameAs\":[\"https:\/\/nordnesrepublikken.no\/\"]}]}<\/script>\n<!-- \/ Yoast SEO plugin. -->","yoast_head_json":{"title":"Spania kan gi abortrettigheter konstitusjonell status under nytt forslag - Nordnesrepublikken","robots":{"index":"index","follow":"follow","max-snippet":"max-snippet:-1","max-image-preview":"max-image-preview:large","max-video-preview":"max-video-preview:-1"},"canonical":"https:\/\/nordnesrepublikken.no\/index.php\/2026\/04\/10\/spania-kan-gi-abortrettigheter-konstitusjonell-status-under-nytt-forslag\/","og_locale":"nb_NO","og_type":"article","og_title":"Spania kan gi abortrettigheter konstitusjonell status under nytt forslag - Nordnesrepublikken","og_description":"Den spanske regjeringen, ledet av statsminister Pedro S\u00e1nchez, har tatt de f\u00f8rste skritt for \u00e5","og_url":"https:\/\/nordnesrepublikken.no\/index.php\/2026\/04\/10\/spania-kan-gi-abortrettigheter-konstitusjonell-status-under-nytt-forslag\/","og_site_name":"Nordnesrepublikken","article_published_time":"2026-04-10T14:24:53+00:00","article_modified_time":"2026-04-10T14:24:55+00:00","og_image":[{"width":1600,"height":1066,"url":"https:\/\/nordnesrepublikken.no\/wp-content\/uploads\/2026\/04\/1775831094_Spania-kan-gi-abortrettigheter-konstitusjonell-status-under-nytt-forslag.jpeg","type":"image\/jpeg"}],"author":"Ole Andersen","twitter_card":"summary_large_image","twitter_misc":{"Skrevet av":"Ole Andersen","Ansl. lesetid":"3 minutter"},"schema":{"@context":"https:\/\/schema.org","@graph":[{"@type":"Article","@id":"https:\/\/nordnesrepublikken.no\/index.php\/2026\/04\/10\/spania-kan-gi-abortrettigheter-konstitusjonell-status-under-nytt-forslag\/#article","isPartOf":{"@id":"https:\/\/nordnesrepublikken.no\/index.php\/2026\/04\/10\/spania-kan-gi-abortrettigheter-konstitusjonell-status-under-nytt-forslag\/"},"author":{"name":"Ole Andersen","@id":"https:\/\/nordnesrepublikken.no\/#\/schema\/person\/2e7e81935bab77882fffb79296240ff1"},"headline":"Spania kan gi abortrettigheter konstitusjonell status under nytt forslag","datePublished":"2026-04-10T14:24:53+00:00","dateModified":"2026-04-10T14:24:55+00:00","mainEntityOfPage":{"@id":"https:\/\/nordnesrepublikken.no\/index.php\/2026\/04\/10\/spania-kan-gi-abortrettigheter-konstitusjonell-status-under-nytt-forslag\/"},"wordCount":705,"publisher":{"@id":"https:\/\/nordnesrepublikken.no\/#organization"},"image":{"@id":"https:\/\/nordnesrepublikken.no\/index.php\/2026\/04\/10\/spania-kan-gi-abortrettigheter-konstitusjonell-status-under-nytt-forslag\/#primaryimage"},"thumbnailUrl":"https:\/\/nordnesrepublikken.no\/wp-content\/uploads\/2026\/04\/1775831094_Spania-kan-gi-abortrettigheter-konstitusjonell-status-under-nytt-forslag.jpeg","keywords":["abortrettigheter","forslag","kan","konstitusjonell","Nytt","Spania","status"],"articleSection":["Livsstil"],"inLanguage":"nb-NO"},{"@type":"WebPage","@id":"https:\/\/nordnesrepublikken.no\/index.php\/2026\/04\/10\/spania-kan-gi-abortrettigheter-konstitusjonell-status-under-nytt-forslag\/","url":"https:\/\/nordnesrepublikken.no\/index.php\/2026\/04\/10\/spania-kan-gi-abortrettigheter-konstitusjonell-status-under-nytt-forslag\/","name":"Spania kan gi abortrettigheter konstitusjonell status under nytt forslag - Nordnesrepublikken","isPartOf":{"@id":"https:\/\/nordnesrepublikken.no\/#website"},"primaryImageOfPage":{"@id":"https:\/\/nordnesrepublikken.no\/index.php\/2026\/04\/10\/spania-kan-gi-abortrettigheter-konstitusjonell-status-under-nytt-forslag\/#primaryimage"},"image":{"@id":"https:\/\/nordnesrepublikken.no\/index.php\/2026\/04\/10\/spania-kan-gi-abortrettigheter-konstitusjonell-status-under-nytt-forslag\/#primaryimage"},"thumbnailUrl":"https:\/\/nordnesrepublikken.no\/wp-content\/uploads\/2026\/04\/1775831094_Spania-kan-gi-abortrettigheter-konstitusjonell-status-under-nytt-forslag.jpeg","datePublished":"2026-04-10T14:24:53+00:00","dateModified":"2026-04-10T14:24:55+00:00","breadcrumb":{"@id":"https:\/\/nordnesrepublikken.no\/index.php\/2026\/04\/10\/spania-kan-gi-abortrettigheter-konstitusjonell-status-under-nytt-forslag\/#breadcrumb"},"inLanguage":"nb-NO","potentialAction":[{"@type":"ReadAction","target":["https:\/\/nordnesrepublikken.no\/index.php\/2026\/04\/10\/spania-kan-gi-abortrettigheter-konstitusjonell-status-under-nytt-forslag\/"]}]},{"@type":"ImageObject","inLanguage":"nb-NO","@id":"https:\/\/nordnesrepublikken.no\/index.php\/2026\/04\/10\/spania-kan-gi-abortrettigheter-konstitusjonell-status-under-nytt-forslag\/#primaryimage","url":"https:\/\/nordnesrepublikken.no\/wp-content\/uploads\/2026\/04\/1775831094_Spania-kan-gi-abortrettigheter-konstitusjonell-status-under-nytt-forslag.jpeg","contentUrl":"https:\/\/nordnesrepublikken.no\/wp-content\/uploads\/2026\/04\/1775831094_Spania-kan-gi-abortrettigheter-konstitusjonell-status-under-nytt-forslag.jpeg","width":1600,"height":1066,"caption":"Spania kan gi abortrettigheter konstitusjonell status under nytt forslag"},{"@type":"BreadcrumbList","@id":"https:\/\/nordnesrepublikken.no\/index.php\/2026\/04\/10\/spania-kan-gi-abortrettigheter-konstitusjonell-status-under-nytt-forslag\/#breadcrumb","itemListElement":[{"@type":"ListItem","position":1,"name":"Home","item":"https:\/\/nordnesrepublikken.no\/"},{"@type":"ListItem","position":2,"name":"Spania kan gi abortrettigheter konstitusjonell status under nytt forslag"}]},{"@type":"WebSite","@id":"https:\/\/nordnesrepublikken.no\/#website","url":"https:\/\/nordnesrepublikken.no\/","name":"Nordnesrepublikken","description":"Stemmer og Visjoner fra Republikkens Hjerte","publisher":{"@id":"https:\/\/nordnesrepublikken.no\/#organization"},"potentialAction":[{"@type":"SearchAction","target":{"@type":"EntryPoint","urlTemplate":"https:\/\/nordnesrepublikken.no\/?s={search_term_string}"},"query-input":{"@type":"PropertyValueSpecification","valueRequired":true,"valueName":"search_term_string"}}],"inLanguage":"nb-NO"},{"@type":"Organization","@id":"https:\/\/nordnesrepublikken.no\/#organization","name":"Nordnesrepublikken","url":"https:\/\/nordnesrepublikken.no\/","logo":{"@type":"ImageObject","inLanguage":"nb-NO","@id":"https:\/\/nordnesrepublikken.no\/#\/schema\/logo\/image\/","url":"https:\/\/nordnesrepublikken.no\/wp-content\/uploads\/2025\/02\/cropped-nordnesrepublikken-2.png","contentUrl":"https:\/\/nordnesrepublikken.no\/wp-content\/uploads\/2025\/02\/cropped-nordnesrepublikken-2.png","width":1248,"height":362,"caption":"Nordnesrepublikken"},"image":{"@id":"https:\/\/nordnesrepublikken.no\/#\/schema\/logo\/image\/"}},{"@type":"Person","@id":"https:\/\/nordnesrepublikken.no\/#\/schema\/person\/2e7e81935bab77882fffb79296240ff1","name":"Ole Andersen","image":{"@type":"ImageObject","inLanguage":"nb-NO","@id":"https:\/\/nordnesrepublikken.no\/#\/schema\/person\/image\/","url":"https:\/\/nordnesrepublikken.no\/wp-content\/uploads\/2025\/02\/nordnesrepublikken-2-2-150x150.jpg","contentUrl":"https:\/\/nordnesrepublikken.no\/wp-content\/uploads\/2025\/02\/nordnesrepublikken-2-2-150x150.jpg","caption":"Ole Andersen"},"description":"Ettersom jeg vokste opp i Oslo, har jeg alltid v\u00e6rt fascinert av ordenes kraft og deres evne til \u00e5 skape endringer. Etter \u00e5 ha fullf\u00f8rt min utdannelse i kommunikasjon ved Universitetet i Bergen, fikk jeg muligheten til \u00e5 jobbe innen ulike medier, der jeg har s\u00f8kt \u00e5 belyse viktige samfunnssp\u00f8rsm\u00e5l. I dag, som redakt\u00f8r for Nordnesrepublikken, pr\u00f8ver jeg \u00e5 forene min kj\u00e6rlighet for journalistikk med min lidenskap for innovasjon og eventyr.","sameAs":["https:\/\/nordnesrepublikken.no\/"]}]}},"_links":{"self":[{"href":"https:\/\/nordnesrepublikken.no\/index.php\/wp-json\/wp\/v2\/posts\/16843","targetHints":{"allow":["GET"]}}],"collection":[{"href":"https:\/\/nordnesrepublikken.no\/index.php\/wp-json\/wp\/v2\/posts"}],"about":[{"href":"https:\/\/nordnesrepublikken.no\/index.php\/wp-json\/wp\/v2\/types\/post"}],"author":[{"embeddable":true,"href":"https:\/\/nordnesrepublikken.no\/index.php\/wp-json\/wp\/v2\/users\/1"}],"replies":[{"embeddable":true,"href":"https:\/\/nordnesrepublikken.no\/index.php\/wp-json\/wp\/v2\/comments?post=16843"}],"version-history":[{"count":1,"href":"https:\/\/nordnesrepublikken.no\/index.php\/wp-json\/wp\/v2\/posts\/16843\/revisions"}],"predecessor-version":[{"id":16845,"href":"https:\/\/nordnesrepublikken.no\/index.php\/wp-json\/wp\/v2\/posts\/16843\/revisions\/16845"}],"wp:featuredmedia":[{"embeddable":true,"href":"https:\/\/nordnesrepublikken.no\/index.php\/wp-json\/wp\/v2\/media\/16844"}],"wp:attachment":[{"href":"https:\/\/nordnesrepublikken.no\/index.php\/wp-json\/wp\/v2\/media?parent=16843"}],"wp:term":[{"taxonomy":"category","embeddable":true,"href":"https:\/\/nordnesrepublikken.no\/index.php\/wp-json\/wp\/v2\/categories?post=16843"},{"taxonomy":"post_tag","embeddable":true,"href":"https:\/\/nordnesrepublikken.no\/index.php\/wp-json\/wp\/v2\/tags?post=16843"}],"curies":[{"name":"wp","href":"https:\/\/api.w.org\/{rel}","templated":true}]}}