{"id":16840,"date":"2026-04-10T15:41:12","date_gmt":"2026-04-10T13:41:12","guid":{"rendered":"https:\/\/nordnesrepublikken.no\/index.php\/2026\/04\/10\/hvorfor-sommerfuglvinger-er-sa-fargerike-og-hva-de-brukes-til-i-tillegg-til-a-fly-de-mange-funksjonene\/"},"modified":"2026-04-10T15:41:17","modified_gmt":"2026-04-10T13:41:17","slug":"hvorfor-sommerfuglvinger-er-sa-fargerike-og-hva-de-brukes-til-i-tillegg-til-a-fly-de-mange-funksjonene","status":"publish","type":"post","link":"https:\/\/nordnesrepublikken.no\/index.php\/2026\/04\/10\/hvorfor-sommerfuglvinger-er-sa-fargerike-og-hva-de-brukes-til-i-tillegg-til-a-fly-de-mange-funksjonene\/","title":{"rendered":"Hvorfor sommerfuglvinger er s\u00e5 fargerike og hva de brukes til i tillegg til \u00e5 fly: de mange funksjonene"},"content":{"rendered":"<div>\n<div class=\"cp_wrapper cp_wrapper--fw mb-30 mb-20@tablet\">\n<figure class=\"mm\"><picture class=\"img\" style=\"padding-top:56.25%\"><source  media=\"(min-width: 1024px)\"><source  media=\"(min-width: 768px)\"><\/source><\/source><\/picture><\/figure>\n<\/p><\/div>\n<p>De <strong>sommerfuglvinger<\/strong> tiltrekke seg <strong>lyse farger<\/strong> og den smidige bevegelsen som kjennetegner dem. Likevel, det aspektet som burde overraske deg mest er ikke s\u00e5 mye det estetiske, men snarere det <strong>funksjonelle<\/strong> gitt at de, takket v\u00e6re deres form og struktur, er perfekte verkt\u00f8y ikke bare for \u00e5 fly, men ogs\u00e5 for <strong>termoregulering<\/strong>kommunikasjon av signaler om forsvar eller tiltrekning av partneren og til og med for <strong>motstand mot patogener<\/strong>. Forskere tror at forskjellige habitater, rovdyr og intraspesifikke forhold var de selektive \u00e5rsakene som virket p\u00e5 utviklingen av formen og fargene p\u00e5 vingene til disse insektene. Alle Lepidoptera, b\u00e5de sommerfugler og m\u00f8ll, har <strong>to par vinger<\/strong> sammensatt av et dobbelt membranaktig lag, forsterket av en forgrening av ribber: litt som en drage. De<strong> membraner <\/strong>er dekket av<strong> tusenvis av mikroskalaer <\/strong>s\u00e5 mye at selve navnet p\u00e5 Lepidoptera stammer fra den greske lep\u00eds &#8216;skala&#8217; og pter\u00f3n &#8216;vinge&#8217;, derfor dyr med vinger dekket av skjell. Disse mikrostrukturene som dekker vingen gir den egenskaper <strong>antirefleks<\/strong>varmeabsorpsjonskapasitet, hydrofobitet og mye mer. Det uh\u00e5ndterlige &laquo;pulveret&raquo; som blir igjen p\u00e5 fingrene v\u00e5re hvis vi pr\u00f8ver \u00e5 ta tak i en sommerfugl, er nettopp belegget av skjell. Men v\u00e6r forsiktig! Nettopp derfor, <strong>vingene skal aldri r\u00f8res<\/strong> fordi det skal veldig lite til for \u00e5 \u00f8delegge dem, og d\u00f8mme dyret til d\u00f8den.<\/p>\n<h2>Hvordan fargene p\u00e5 sommerfuglvingene dannes: skjellene<\/h2>\n<p>De forskjellige fargene stammer fra<strong>farge og mikrostruktur sammen<\/strong> av de enkelte flakene. Noen pigmenter som finnes i skalaene absorberer selektivt visse b\u00f8lgelengder av lys, og samtidig fungerer rekken av nanostrukturer som karakteriserer hver enkelt skala (rygger, lameller, mikroruhet) som <strong>diffraksjonsgitter<\/strong> det vil si som et slags prisme som er i stand til \u00e5 skille lys i dets farger.<\/p>\n<div class=\"cp_wrapper cp_wrapper--fw mb-50\">\n<figure class=\"mm\"><picture class=\"img\" style=\"padding-top:66.729589428976%\"><source  media=\"(min-width: 1024px)\"><source  media=\"(min-width: 768px)\"><img decoding=\"async\" loading=\"lazy\" src=\"https:\/\/nordnesrepublikken.no\/wp-content\/uploads\/2026\/04\/1775828471_78_Hvorfor-sommerfuglvinger-er-sa-fargerike-og-hva-de-brukes-til.jpg\" alt=\"vinger sommerfugler skjell\" width=\"2119\" height=\"1414\"\/><\/source><\/source><\/picture><\/figure>\n<\/p><\/div>\n<p>Faktisk fremhevet en studie fra 2024 <strong>dynamiske optiske egenskaper til skalaer: <\/strong>visse reflekser avhenger av vingens helning og f\u00f8lgelig av alle skalaene. Hos noen arter resulterer fargene <strong>mindre str\u00e5lende<\/strong> n\u00e5r vingen er i vertikal posisjon kontra n\u00e5r den er i horisontal posisjon.<\/p>\n<p>P\u00e5 denne m\u00e5ten, n\u00e5r vi ser vinger med gult, oransje og r\u00f8dt, betyr det at b\u00e5de dekk- og baseskalaene som finnes p\u00e5 vingen inneholder absorberende pigmenter som er selektive for den spesifikke b\u00f8lgelengden. Den bl\u00e5 fargen kommer fra <strong>utforming av skalaene<\/strong> og ved overlapping av skalaer med forskjellige former. De <strong>hvit<\/strong> i stedet stammer det fra det faktum at b\u00e5de de dekkende skalaene til vingen og de som danner grunnlaget er <strong>bl\u00e5<\/strong>men siden de er<strong> lagt over hverandre<\/strong>er det optiske resultatet en svak hvitaktig farge.<\/p>\n<h2><b>Funksjonene til designene og ulike farger <\/b><\/h2>\n<p>Hver gruppe sommerfugler har en farge og en <strong>vingedesignskjema<\/strong>s\u00e5 mye at den regnes blant de s\u00e6regne kjennetegnene nettopp for klassifiseringen av arten. Farge har flere artsspesifikke funksjonelle betydninger. For eksempel tilsvarer kombinasjonen av r\u00f8dt, gult eller svart ofte signaler <strong>toksisitet<\/strong> eller uford\u00f8yelige for alle rovdyr: dette er hva de kalles <strong>aposematiske farger<\/strong>et navn som ogs\u00e5 i dette tilfellet stammer fra det greske (&laquo;apo&raquo;, far og &laquo;sema&raquo;, signal). Flott formet design <strong>\u00f8ye<\/strong> p\u00e5 vingene til noen arter pleier \u00e5 <strong>skremme rovdyret<\/strong>. Noen farger lar dyret <strong>kamuflere<\/strong> perfekt med det omkringliggende milj\u00f8et; atter andre til \u00e5 gjenkjenne partneren til samme art.<\/p>\n<div class=\"cp_wrapper cp_wrapper--fw mb-50\">\n<figure class=\"mm\"><picture class=\"img\" style=\"padding-top:83.066361556064%\"><source  media=\"(min-width: 1024px)\"><source  media=\"(min-width: 768px)\"><img decoding=\"async\" loading=\"lazy\" src=\"https:\/\/nordnesrepublikken.no\/wp-content\/uploads\/2026\/04\/1775828471_136_Hvorfor-sommerfuglvinger-er-sa-fargerike-og-hva-de-brukes-til.jpg\" alt=\"sommerfuglvinger tegninger\" width=\"2622\" height=\"2178\" class=\"js-seedtag-img\"\/><\/source><\/source><\/picture><\/figure>\n<\/p><\/div>\n<h2>Et perfekt system for termoregulering<\/h2>\n<p>Vingene bidrar ogs\u00e5 effektivt til mekanismen til <strong>termoregulering<\/strong> av sommerfuglen takket v\u00e6re en kombinert effekt av fargen og posisjonen de inntar. De f\u00e5r <strong>maksimum<\/strong> av eksponering for solstr\u00e5ling n\u00e5r vingene er helt <strong>\u00e5pen og horisontal<\/strong> litt som solcellepaneler og minimum n\u00e5r de er lukket og i vertikal posisjon. Det har blitt observert i noen eksperimenter at lukking av vingene resulterer i en <strong>spredning p\u00e5 opptil 20 % av brysttemperaturen<\/strong> ved overskuddsvarme.<\/p>\n<p>Slike sommerfugler <em>Pieris<\/em> i stedet bruker de en bestemt posisjon av vingene for \u00e5 favorisere eksponering for solen ved refleksjon, for \u00e5 formidle str\u00e5ling mot kroppen, som bekreftet av studier fra 1980-tallet. Selv <strong>fargelegging<\/strong> av hele vingeoverflaten p\u00e5virker mekanismene for varmeakkumulering eller spredning. For eksempel alltid fra studiet av kj\u00f8nn <em>Pieris <\/em>det viste seg at den svarte (melaniske) fargen i de ytterste omr\u00e5dene av vingen, mot kantene, konsentrerer absorpsjonen av str\u00e5ling i den perifere delen og <strong>senker kroppstemperaturen<\/strong>mens svarte porsjoner plassert<strong> i andre omr\u00e5der av vingene hjelper de med \u00e5 varme opp kroppen<\/strong>.<\/p>\n<h2>Hvordan strukturen og formen til vingene bestemmer flukt<\/h2>\n<p>St\u00f8rrelsen, formen og igjen mikroskalaene til vingene gir sommerfuglen en <strong>perfekt funksjonalitet under flyging<\/strong>. Vektene er ordnet etter et aerodynamisk m\u00f8nster som favoriserer <strong>flyl\u00f8ft<\/strong>alts\u00e5 den aerodynamiske kraften som presser seg oppover og lar en reise seg og st\u00f8tte seg i flukt.<\/p>\n<p>Vingene er koblet til thorax via en mekanisme <strong>spak<\/strong>. Vingeflaten til sommerfuglen er veldig stor sammenlignet med kroppen: tenk at hunnene til dronning Alexandra sommerfuglen (<em>Ornithoptera alexandrae<\/em>) som bor i Papua Ny-Guinea n\u00e5r et vingespenn p\u00e5 ca<strong> 25\u201328 cm, <\/strong>garanterer den rekorden for den st\u00f8rste sommerfuglen i verden. Til tross for denne uoverensstemmelsen mellom kroppsst\u00f8rrelse og vingest\u00f8rrelse, er sommerfugler utstyrt med evner som lar dem <strong>kontroller hver enkelt vingeklaff<\/strong> med et mye mer effektivt system til og med enn en \u00f8yenstikker. Dette sofistikerte systemet lar sommerfugler opprettholde stabil flyt selv i n\u00e6rv\u00e6r av <strong>vindkast<\/strong>.<\/p>\n<div class=\"cp_wrapper cp_wrapper--fw mb-50\">\n<figure class=\"mm\"><picture class=\"img\" style=\"padding-top:67.10837671557%\"><source  media=\"(min-width: 1024px)\"><source  media=\"(min-width: 768px)\"><img decoding=\"async\" loading=\"lazy\" src=\"https:\/\/nordnesrepublikken.no\/wp-content\/uploads\/2026\/04\/1775828472_431_Hvorfor-sommerfuglvinger-er-sa-fargerike-og-hva-de-brukes-til.jpg\" alt=\"vinger sommerfugler stige struktur\" width=\"2113\" height=\"1418\"\/><\/source><\/source><\/picture><\/figure>\n<\/p><\/div>\n<h2>Vingemikrostrukturer med vannavvisende og antibakteriell funksjon<\/h2>\n<p>Skalaene som dekker vingene observert under Scanning Electron Microscope (SEM) har en &laquo;trapp&raquo; ultrastruktur som fremmer en vannavvisende og antibakteriell virkning. I utgangspunktet vanndr\u00e5pene <strong>de klarer ikke \u00e5 holde seg<\/strong> og de glir raskt p\u00e5 overflaten av vingen, og tar med seg mikropartikler av skitt eller bakterier. Overflatene er satt sammen av materialer som f.eks <strong>kitin<\/strong> som ogs\u00e5 har egenskaper <strong>hydrofobisk, <\/strong>det vil si at de avviser vann og den kombinerte effekten mellom komposisjon og struktur gir det en markant effekt <strong>avvisende og selvrensende egenskaper<\/strong>. I f\u00f8lge nyere forskning ville faktisk stigestrukturen, kombinert med vannavst\u00f8tende evne, gj\u00f8re det vanskelig for bakterier \u00e5 feste seg til overflaten av vingene og reprodusere seg.<\/p>\n<\/p><\/div>\n","protected":false},"excerpt":{"rendered":"<p>De sommerfuglvinger tiltrekke seg lyse farger og den smidige bevegelsen som kjennetegner dem. Likevel, det<\/p>\n","protected":false},"author":1,"featured_media":16841,"comment_status":"closed","ping_status":"open","sticky":false,"template":"","format":"standard","meta":{"footnotes":""},"categories":[24],"tags":[396,10886,618,3667,144,101,450,1472,10885,117,10887],"class_list":["post-16840","post","type-post","status-publish","format-standard","has-post-thumbnail","hentry","category-vitenskap","tag-brukes","tag-fargerike","tag-fly","tag-funksjonene","tag-hva","tag-hvorfor","tag-mange","tag-sa","tag-sommerfuglvinger","tag-til","tag-tillegg","generate-columns","tablet-grid-50","mobile-grid-100","grid-parent","grid-33","resize-featured-image"],"yoast_head":"<!-- This site is optimized with the Yoast SEO plugin v24.4 - https:\/\/yoast.com\/wordpress\/plugins\/seo\/ -->\n<title>Hvorfor sommerfuglvinger er s\u00e5 fargerike og hva de brukes til i tillegg til \u00e5 fly: de mange funksjonene - Nordnesrepublikken<\/title>\n<meta name=\"robots\" content=\"index, follow, max-snippet:-1, max-image-preview:large, max-video-preview:-1\" \/>\n<link rel=\"canonical\" href=\"https:\/\/nordnesrepublikken.no\/index.php\/2026\/04\/10\/hvorfor-sommerfuglvinger-er-sa-fargerike-og-hva-de-brukes-til-i-tillegg-til-a-fly-de-mange-funksjonene\/\" \/>\n<meta property=\"og:locale\" content=\"nb_NO\" \/>\n<meta property=\"og:type\" content=\"article\" \/>\n<meta property=\"og:title\" content=\"Hvorfor sommerfuglvinger er s\u00e5 fargerike og hva de brukes til i tillegg til \u00e5 fly: de mange funksjonene - Nordnesrepublikken\" \/>\n<meta property=\"og:description\" content=\"De sommerfuglvinger tiltrekke seg lyse farger og den smidige bevegelsen som kjennetegner dem. Likevel, det\" \/>\n<meta property=\"og:url\" content=\"https:\/\/nordnesrepublikken.no\/index.php\/2026\/04\/10\/hvorfor-sommerfuglvinger-er-sa-fargerike-og-hva-de-brukes-til-i-tillegg-til-a-fly-de-mange-funksjonene\/\" \/>\n<meta property=\"og:site_name\" content=\"Nordnesrepublikken\" \/>\n<meta property=\"article:published_time\" content=\"2026-04-10T13:41:12+00:00\" \/>\n<meta property=\"article:modified_time\" content=\"2026-04-10T13:41:17+00:00\" \/>\n<meta property=\"og:image\" content=\"https:\/\/nordnesrepublikken.no\/wp-content\/uploads\/2026\/04\/1775828474_Hvorfor-sommerfuglvinger-er-sa-fargerike-og-hva-de-brukes-til.jpg\" \/>\n\t<meta property=\"og:image:width\" content=\"2500\" \/>\n\t<meta property=\"og:image:height\" content=\"2000\" \/>\n\t<meta property=\"og:image:type\" content=\"image\/jpeg\" \/>\n<meta name=\"author\" content=\"Ole Andersen\" \/>\n<meta name=\"twitter:card\" content=\"summary_large_image\" \/>\n<meta name=\"twitter:label1\" content=\"Skrevet av\" \/>\n\t<meta name=\"twitter:data1\" content=\"Ole Andersen\" \/>\n\t<meta name=\"twitter:label2\" content=\"Ansl. lesetid\" \/>\n\t<meta name=\"twitter:data2\" content=\"5 minutter\" \/>\n<script type=\"application\/ld+json\" class=\"yoast-schema-graph\">{\"@context\":\"https:\/\/schema.org\",\"@graph\":[{\"@type\":\"Article\",\"@id\":\"https:\/\/nordnesrepublikken.no\/index.php\/2026\/04\/10\/hvorfor-sommerfuglvinger-er-sa-fargerike-og-hva-de-brukes-til-i-tillegg-til-a-fly-de-mange-funksjonene\/#article\",\"isPartOf\":{\"@id\":\"https:\/\/nordnesrepublikken.no\/index.php\/2026\/04\/10\/hvorfor-sommerfuglvinger-er-sa-fargerike-og-hva-de-brukes-til-i-tillegg-til-a-fly-de-mange-funksjonene\/\"},\"author\":{\"name\":\"Ole Andersen\",\"@id\":\"https:\/\/nordnesrepublikken.no\/#\/schema\/person\/2e7e81935bab77882fffb79296240ff1\"},\"headline\":\"Hvorfor sommerfuglvinger er s\u00e5 fargerike og hva de brukes til i tillegg til \u00e5 fly: de mange funksjonene\",\"datePublished\":\"2026-04-10T13:41:12+00:00\",\"dateModified\":\"2026-04-10T13:41:17+00:00\",\"mainEntityOfPage\":{\"@id\":\"https:\/\/nordnesrepublikken.no\/index.php\/2026\/04\/10\/hvorfor-sommerfuglvinger-er-sa-fargerike-og-hva-de-brukes-til-i-tillegg-til-a-fly-de-mange-funksjonene\/\"},\"wordCount\":993,\"publisher\":{\"@id\":\"https:\/\/nordnesrepublikken.no\/#organization\"},\"image\":{\"@id\":\"https:\/\/nordnesrepublikken.no\/index.php\/2026\/04\/10\/hvorfor-sommerfuglvinger-er-sa-fargerike-og-hva-de-brukes-til-i-tillegg-til-a-fly-de-mange-funksjonene\/#primaryimage\"},\"thumbnailUrl\":\"https:\/\/nordnesrepublikken.no\/wp-content\/uploads\/2026\/04\/1775828474_Hvorfor-sommerfuglvinger-er-sa-fargerike-og-hva-de-brukes-til.jpg\",\"keywords\":[\"brukes\",\"fargerike\",\"fly\",\"funksjonene\",\"Hva\",\"hvorfor\",\"mange\",\"s\u00e5\",\"sommerfuglvinger\",\"til\",\"tillegg\"],\"articleSection\":[\"Vitenskap\"],\"inLanguage\":\"nb-NO\"},{\"@type\":\"WebPage\",\"@id\":\"https:\/\/nordnesrepublikken.no\/index.php\/2026\/04\/10\/hvorfor-sommerfuglvinger-er-sa-fargerike-og-hva-de-brukes-til-i-tillegg-til-a-fly-de-mange-funksjonene\/\",\"url\":\"https:\/\/nordnesrepublikken.no\/index.php\/2026\/04\/10\/hvorfor-sommerfuglvinger-er-sa-fargerike-og-hva-de-brukes-til-i-tillegg-til-a-fly-de-mange-funksjonene\/\",\"name\":\"Hvorfor sommerfuglvinger er s\u00e5 fargerike og hva de brukes til i tillegg til \u00e5 fly: de mange funksjonene - Nordnesrepublikken\",\"isPartOf\":{\"@id\":\"https:\/\/nordnesrepublikken.no\/#website\"},\"primaryImageOfPage\":{\"@id\":\"https:\/\/nordnesrepublikken.no\/index.php\/2026\/04\/10\/hvorfor-sommerfuglvinger-er-sa-fargerike-og-hva-de-brukes-til-i-tillegg-til-a-fly-de-mange-funksjonene\/#primaryimage\"},\"image\":{\"@id\":\"https:\/\/nordnesrepublikken.no\/index.php\/2026\/04\/10\/hvorfor-sommerfuglvinger-er-sa-fargerike-og-hva-de-brukes-til-i-tillegg-til-a-fly-de-mange-funksjonene\/#primaryimage\"},\"thumbnailUrl\":\"https:\/\/nordnesrepublikken.no\/wp-content\/uploads\/2026\/04\/1775828474_Hvorfor-sommerfuglvinger-er-sa-fargerike-og-hva-de-brukes-til.jpg\",\"datePublished\":\"2026-04-10T13:41:12+00:00\",\"dateModified\":\"2026-04-10T13:41:17+00:00\",\"breadcrumb\":{\"@id\":\"https:\/\/nordnesrepublikken.no\/index.php\/2026\/04\/10\/hvorfor-sommerfuglvinger-er-sa-fargerike-og-hva-de-brukes-til-i-tillegg-til-a-fly-de-mange-funksjonene\/#breadcrumb\"},\"inLanguage\":\"nb-NO\",\"potentialAction\":[{\"@type\":\"ReadAction\",\"target\":[\"https:\/\/nordnesrepublikken.no\/index.php\/2026\/04\/10\/hvorfor-sommerfuglvinger-er-sa-fargerike-og-hva-de-brukes-til-i-tillegg-til-a-fly-de-mange-funksjonene\/\"]}]},{\"@type\":\"ImageObject\",\"inLanguage\":\"nb-NO\",\"@id\":\"https:\/\/nordnesrepublikken.no\/index.php\/2026\/04\/10\/hvorfor-sommerfuglvinger-er-sa-fargerike-og-hva-de-brukes-til-i-tillegg-til-a-fly-de-mange-funksjonene\/#primaryimage\",\"url\":\"https:\/\/nordnesrepublikken.no\/wp-content\/uploads\/2026\/04\/1775828474_Hvorfor-sommerfuglvinger-er-sa-fargerike-og-hva-de-brukes-til.jpg\",\"contentUrl\":\"https:\/\/nordnesrepublikken.no\/wp-content\/uploads\/2026\/04\/1775828474_Hvorfor-sommerfuglvinger-er-sa-fargerike-og-hva-de-brukes-til.jpg\",\"width\":2500,\"height\":2000,\"caption\":\"Hvorfor sommerfuglvinger er s\u00e5 fargerike og hva de brukes til i tillegg til \u00e5 fly: de mange funksjonene\"},{\"@type\":\"BreadcrumbList\",\"@id\":\"https:\/\/nordnesrepublikken.no\/index.php\/2026\/04\/10\/hvorfor-sommerfuglvinger-er-sa-fargerike-og-hva-de-brukes-til-i-tillegg-til-a-fly-de-mange-funksjonene\/#breadcrumb\",\"itemListElement\":[{\"@type\":\"ListItem\",\"position\":1,\"name\":\"Home\",\"item\":\"https:\/\/nordnesrepublikken.no\/\"},{\"@type\":\"ListItem\",\"position\":2,\"name\":\"Hvorfor sommerfuglvinger er s\u00e5 fargerike og hva de brukes til i tillegg til \u00e5 fly: de mange funksjonene\"}]},{\"@type\":\"WebSite\",\"@id\":\"https:\/\/nordnesrepublikken.no\/#website\",\"url\":\"https:\/\/nordnesrepublikken.no\/\",\"name\":\"Nordnesrepublikken\",\"description\":\"Stemmer og Visjoner fra Republikkens Hjerte\",\"publisher\":{\"@id\":\"https:\/\/nordnesrepublikken.no\/#organization\"},\"potentialAction\":[{\"@type\":\"SearchAction\",\"target\":{\"@type\":\"EntryPoint\",\"urlTemplate\":\"https:\/\/nordnesrepublikken.no\/?s={search_term_string}\"},\"query-input\":{\"@type\":\"PropertyValueSpecification\",\"valueRequired\":true,\"valueName\":\"search_term_string\"}}],\"inLanguage\":\"nb-NO\"},{\"@type\":\"Organization\",\"@id\":\"https:\/\/nordnesrepublikken.no\/#organization\",\"name\":\"Nordnesrepublikken\",\"url\":\"https:\/\/nordnesrepublikken.no\/\",\"logo\":{\"@type\":\"ImageObject\",\"inLanguage\":\"nb-NO\",\"@id\":\"https:\/\/nordnesrepublikken.no\/#\/schema\/logo\/image\/\",\"url\":\"https:\/\/nordnesrepublikken.no\/wp-content\/uploads\/2025\/02\/cropped-nordnesrepublikken-2.png\",\"contentUrl\":\"https:\/\/nordnesrepublikken.no\/wp-content\/uploads\/2025\/02\/cropped-nordnesrepublikken-2.png\",\"width\":1248,\"height\":362,\"caption\":\"Nordnesrepublikken\"},\"image\":{\"@id\":\"https:\/\/nordnesrepublikken.no\/#\/schema\/logo\/image\/\"}},{\"@type\":\"Person\",\"@id\":\"https:\/\/nordnesrepublikken.no\/#\/schema\/person\/2e7e81935bab77882fffb79296240ff1\",\"name\":\"Ole Andersen\",\"image\":{\"@type\":\"ImageObject\",\"inLanguage\":\"nb-NO\",\"@id\":\"https:\/\/nordnesrepublikken.no\/#\/schema\/person\/image\/\",\"url\":\"https:\/\/nordnesrepublikken.no\/wp-content\/uploads\/2025\/02\/nordnesrepublikken-2-2-150x150.jpg\",\"contentUrl\":\"https:\/\/nordnesrepublikken.no\/wp-content\/uploads\/2025\/02\/nordnesrepublikken-2-2-150x150.jpg\",\"caption\":\"Ole Andersen\"},\"description\":\"Ettersom jeg vokste opp i Oslo, har jeg alltid v\u00e6rt fascinert av ordenes kraft og deres evne til \u00e5 skape endringer. Etter \u00e5 ha fullf\u00f8rt min utdannelse i kommunikasjon ved Universitetet i Bergen, fikk jeg muligheten til \u00e5 jobbe innen ulike medier, der jeg har s\u00f8kt \u00e5 belyse viktige samfunnssp\u00f8rsm\u00e5l. I dag, som redakt\u00f8r for Nordnesrepublikken, pr\u00f8ver jeg \u00e5 forene min kj\u00e6rlighet for journalistikk med min lidenskap for innovasjon og eventyr.\",\"sameAs\":[\"https:\/\/nordnesrepublikken.no\/\"]}]}<\/script>\n<!-- \/ Yoast SEO plugin. -->","yoast_head_json":{"title":"Hvorfor sommerfuglvinger er s\u00e5 fargerike og hva de brukes til i tillegg til \u00e5 fly: de mange funksjonene - Nordnesrepublikken","robots":{"index":"index","follow":"follow","max-snippet":"max-snippet:-1","max-image-preview":"max-image-preview:large","max-video-preview":"max-video-preview:-1"},"canonical":"https:\/\/nordnesrepublikken.no\/index.php\/2026\/04\/10\/hvorfor-sommerfuglvinger-er-sa-fargerike-og-hva-de-brukes-til-i-tillegg-til-a-fly-de-mange-funksjonene\/","og_locale":"nb_NO","og_type":"article","og_title":"Hvorfor sommerfuglvinger er s\u00e5 fargerike og hva de brukes til i tillegg til \u00e5 fly: de mange funksjonene - Nordnesrepublikken","og_description":"De sommerfuglvinger tiltrekke seg lyse farger og den smidige bevegelsen som kjennetegner dem. Likevel, det","og_url":"https:\/\/nordnesrepublikken.no\/index.php\/2026\/04\/10\/hvorfor-sommerfuglvinger-er-sa-fargerike-og-hva-de-brukes-til-i-tillegg-til-a-fly-de-mange-funksjonene\/","og_site_name":"Nordnesrepublikken","article_published_time":"2026-04-10T13:41:12+00:00","article_modified_time":"2026-04-10T13:41:17+00:00","og_image":[{"width":2500,"height":2000,"url":"https:\/\/nordnesrepublikken.no\/wp-content\/uploads\/2026\/04\/1775828474_Hvorfor-sommerfuglvinger-er-sa-fargerike-og-hva-de-brukes-til.jpg","type":"image\/jpeg"}],"author":"Ole Andersen","twitter_card":"summary_large_image","twitter_misc":{"Skrevet av":"Ole Andersen","Ansl. lesetid":"5 minutter"},"schema":{"@context":"https:\/\/schema.org","@graph":[{"@type":"Article","@id":"https:\/\/nordnesrepublikken.no\/index.php\/2026\/04\/10\/hvorfor-sommerfuglvinger-er-sa-fargerike-og-hva-de-brukes-til-i-tillegg-til-a-fly-de-mange-funksjonene\/#article","isPartOf":{"@id":"https:\/\/nordnesrepublikken.no\/index.php\/2026\/04\/10\/hvorfor-sommerfuglvinger-er-sa-fargerike-og-hva-de-brukes-til-i-tillegg-til-a-fly-de-mange-funksjonene\/"},"author":{"name":"Ole Andersen","@id":"https:\/\/nordnesrepublikken.no\/#\/schema\/person\/2e7e81935bab77882fffb79296240ff1"},"headline":"Hvorfor sommerfuglvinger er s\u00e5 fargerike og hva de brukes til i tillegg til \u00e5 fly: de mange funksjonene","datePublished":"2026-04-10T13:41:12+00:00","dateModified":"2026-04-10T13:41:17+00:00","mainEntityOfPage":{"@id":"https:\/\/nordnesrepublikken.no\/index.php\/2026\/04\/10\/hvorfor-sommerfuglvinger-er-sa-fargerike-og-hva-de-brukes-til-i-tillegg-til-a-fly-de-mange-funksjonene\/"},"wordCount":993,"publisher":{"@id":"https:\/\/nordnesrepublikken.no\/#organization"},"image":{"@id":"https:\/\/nordnesrepublikken.no\/index.php\/2026\/04\/10\/hvorfor-sommerfuglvinger-er-sa-fargerike-og-hva-de-brukes-til-i-tillegg-til-a-fly-de-mange-funksjonene\/#primaryimage"},"thumbnailUrl":"https:\/\/nordnesrepublikken.no\/wp-content\/uploads\/2026\/04\/1775828474_Hvorfor-sommerfuglvinger-er-sa-fargerike-og-hva-de-brukes-til.jpg","keywords":["brukes","fargerike","fly","funksjonene","Hva","hvorfor","mange","s\u00e5","sommerfuglvinger","til","tillegg"],"articleSection":["Vitenskap"],"inLanguage":"nb-NO"},{"@type":"WebPage","@id":"https:\/\/nordnesrepublikken.no\/index.php\/2026\/04\/10\/hvorfor-sommerfuglvinger-er-sa-fargerike-og-hva-de-brukes-til-i-tillegg-til-a-fly-de-mange-funksjonene\/","url":"https:\/\/nordnesrepublikken.no\/index.php\/2026\/04\/10\/hvorfor-sommerfuglvinger-er-sa-fargerike-og-hva-de-brukes-til-i-tillegg-til-a-fly-de-mange-funksjonene\/","name":"Hvorfor sommerfuglvinger er s\u00e5 fargerike og hva de brukes til i tillegg til \u00e5 fly: de mange funksjonene - Nordnesrepublikken","isPartOf":{"@id":"https:\/\/nordnesrepublikken.no\/#website"},"primaryImageOfPage":{"@id":"https:\/\/nordnesrepublikken.no\/index.php\/2026\/04\/10\/hvorfor-sommerfuglvinger-er-sa-fargerike-og-hva-de-brukes-til-i-tillegg-til-a-fly-de-mange-funksjonene\/#primaryimage"},"image":{"@id":"https:\/\/nordnesrepublikken.no\/index.php\/2026\/04\/10\/hvorfor-sommerfuglvinger-er-sa-fargerike-og-hva-de-brukes-til-i-tillegg-til-a-fly-de-mange-funksjonene\/#primaryimage"},"thumbnailUrl":"https:\/\/nordnesrepublikken.no\/wp-content\/uploads\/2026\/04\/1775828474_Hvorfor-sommerfuglvinger-er-sa-fargerike-og-hva-de-brukes-til.jpg","datePublished":"2026-04-10T13:41:12+00:00","dateModified":"2026-04-10T13:41:17+00:00","breadcrumb":{"@id":"https:\/\/nordnesrepublikken.no\/index.php\/2026\/04\/10\/hvorfor-sommerfuglvinger-er-sa-fargerike-og-hva-de-brukes-til-i-tillegg-til-a-fly-de-mange-funksjonene\/#breadcrumb"},"inLanguage":"nb-NO","potentialAction":[{"@type":"ReadAction","target":["https:\/\/nordnesrepublikken.no\/index.php\/2026\/04\/10\/hvorfor-sommerfuglvinger-er-sa-fargerike-og-hva-de-brukes-til-i-tillegg-til-a-fly-de-mange-funksjonene\/"]}]},{"@type":"ImageObject","inLanguage":"nb-NO","@id":"https:\/\/nordnesrepublikken.no\/index.php\/2026\/04\/10\/hvorfor-sommerfuglvinger-er-sa-fargerike-og-hva-de-brukes-til-i-tillegg-til-a-fly-de-mange-funksjonene\/#primaryimage","url":"https:\/\/nordnesrepublikken.no\/wp-content\/uploads\/2026\/04\/1775828474_Hvorfor-sommerfuglvinger-er-sa-fargerike-og-hva-de-brukes-til.jpg","contentUrl":"https:\/\/nordnesrepublikken.no\/wp-content\/uploads\/2026\/04\/1775828474_Hvorfor-sommerfuglvinger-er-sa-fargerike-og-hva-de-brukes-til.jpg","width":2500,"height":2000,"caption":"Hvorfor sommerfuglvinger er s\u00e5 fargerike og hva de brukes til i tillegg til \u00e5 fly: de mange funksjonene"},{"@type":"BreadcrumbList","@id":"https:\/\/nordnesrepublikken.no\/index.php\/2026\/04\/10\/hvorfor-sommerfuglvinger-er-sa-fargerike-og-hva-de-brukes-til-i-tillegg-til-a-fly-de-mange-funksjonene\/#breadcrumb","itemListElement":[{"@type":"ListItem","position":1,"name":"Home","item":"https:\/\/nordnesrepublikken.no\/"},{"@type":"ListItem","position":2,"name":"Hvorfor sommerfuglvinger er s\u00e5 fargerike og hva de brukes til i tillegg til \u00e5 fly: de mange funksjonene"}]},{"@type":"WebSite","@id":"https:\/\/nordnesrepublikken.no\/#website","url":"https:\/\/nordnesrepublikken.no\/","name":"Nordnesrepublikken","description":"Stemmer og Visjoner fra Republikkens Hjerte","publisher":{"@id":"https:\/\/nordnesrepublikken.no\/#organization"},"potentialAction":[{"@type":"SearchAction","target":{"@type":"EntryPoint","urlTemplate":"https:\/\/nordnesrepublikken.no\/?s={search_term_string}"},"query-input":{"@type":"PropertyValueSpecification","valueRequired":true,"valueName":"search_term_string"}}],"inLanguage":"nb-NO"},{"@type":"Organization","@id":"https:\/\/nordnesrepublikken.no\/#organization","name":"Nordnesrepublikken","url":"https:\/\/nordnesrepublikken.no\/","logo":{"@type":"ImageObject","inLanguage":"nb-NO","@id":"https:\/\/nordnesrepublikken.no\/#\/schema\/logo\/image\/","url":"https:\/\/nordnesrepublikken.no\/wp-content\/uploads\/2025\/02\/cropped-nordnesrepublikken-2.png","contentUrl":"https:\/\/nordnesrepublikken.no\/wp-content\/uploads\/2025\/02\/cropped-nordnesrepublikken-2.png","width":1248,"height":362,"caption":"Nordnesrepublikken"},"image":{"@id":"https:\/\/nordnesrepublikken.no\/#\/schema\/logo\/image\/"}},{"@type":"Person","@id":"https:\/\/nordnesrepublikken.no\/#\/schema\/person\/2e7e81935bab77882fffb79296240ff1","name":"Ole Andersen","image":{"@type":"ImageObject","inLanguage":"nb-NO","@id":"https:\/\/nordnesrepublikken.no\/#\/schema\/person\/image\/","url":"https:\/\/nordnesrepublikken.no\/wp-content\/uploads\/2025\/02\/nordnesrepublikken-2-2-150x150.jpg","contentUrl":"https:\/\/nordnesrepublikken.no\/wp-content\/uploads\/2025\/02\/nordnesrepublikken-2-2-150x150.jpg","caption":"Ole Andersen"},"description":"Ettersom jeg vokste opp i Oslo, har jeg alltid v\u00e6rt fascinert av ordenes kraft og deres evne til \u00e5 skape endringer. Etter \u00e5 ha fullf\u00f8rt min utdannelse i kommunikasjon ved Universitetet i Bergen, fikk jeg muligheten til \u00e5 jobbe innen ulike medier, der jeg har s\u00f8kt \u00e5 belyse viktige samfunnssp\u00f8rsm\u00e5l. I dag, som redakt\u00f8r for Nordnesrepublikken, pr\u00f8ver jeg \u00e5 forene min kj\u00e6rlighet for journalistikk med min lidenskap for innovasjon og eventyr.","sameAs":["https:\/\/nordnesrepublikken.no\/"]}]}},"_links":{"self":[{"href":"https:\/\/nordnesrepublikken.no\/index.php\/wp-json\/wp\/v2\/posts\/16840","targetHints":{"allow":["GET"]}}],"collection":[{"href":"https:\/\/nordnesrepublikken.no\/index.php\/wp-json\/wp\/v2\/posts"}],"about":[{"href":"https:\/\/nordnesrepublikken.no\/index.php\/wp-json\/wp\/v2\/types\/post"}],"author":[{"embeddable":true,"href":"https:\/\/nordnesrepublikken.no\/index.php\/wp-json\/wp\/v2\/users\/1"}],"replies":[{"embeddable":true,"href":"https:\/\/nordnesrepublikken.no\/index.php\/wp-json\/wp\/v2\/comments?post=16840"}],"version-history":[{"count":1,"href":"https:\/\/nordnesrepublikken.no\/index.php\/wp-json\/wp\/v2\/posts\/16840\/revisions"}],"predecessor-version":[{"id":16842,"href":"https:\/\/nordnesrepublikken.no\/index.php\/wp-json\/wp\/v2\/posts\/16840\/revisions\/16842"}],"wp:featuredmedia":[{"embeddable":true,"href":"https:\/\/nordnesrepublikken.no\/index.php\/wp-json\/wp\/v2\/media\/16841"}],"wp:attachment":[{"href":"https:\/\/nordnesrepublikken.no\/index.php\/wp-json\/wp\/v2\/media?parent=16840"}],"wp:term":[{"taxonomy":"category","embeddable":true,"href":"https:\/\/nordnesrepublikken.no\/index.php\/wp-json\/wp\/v2\/categories?post=16840"},{"taxonomy":"post_tag","embeddable":true,"href":"https:\/\/nordnesrepublikken.no\/index.php\/wp-json\/wp\/v2\/tags?post=16840"}],"curies":[{"name":"wp","href":"https:\/\/api.w.org\/{rel}","templated":true}]}}