{"id":16813,"date":"2026-04-10T00:09:24","date_gmt":"2026-04-09T22:09:24","guid":{"rendered":"https:\/\/nordnesrepublikken.no\/index.php\/2026\/04\/10\/lufthansa-streiken-satt-til-bakkeflyvninger-over-hele-tyskland-denne-fredagen\/"},"modified":"2026-04-10T00:09:26","modified_gmt":"2026-04-09T22:09:26","slug":"lufthansa-streiken-satt-til-bakkeflyvninger-over-hele-tyskland-denne-fredagen","status":"publish","type":"post","link":"https:\/\/nordnesrepublikken.no\/index.php\/2026\/04\/10\/lufthansa-streiken-satt-til-bakkeflyvninger-over-hele-tyskland-denne-fredagen\/","title":{"rendered":"Lufthansa-streiken satt til bakkeflyvninger over hele Tyskland denne fredagen"},"content":{"rendered":"<p><\/p>\n<div class=\"wordpress-content\">\n                    <!-- Article Start --><\/p>\n<p>Passasjerer som reiser gjennom Tyskland denne fredagen 9. april, blir oppfordret til \u00e5 sjekke flyreisene sine, da en endagsstreik for kabinpersonalet forventes \u00e5 forstyrre operasjonene ved Lufthansas hovedknutepunkter. Trekkingen, kalt av Independent Flight Attendants&#8217; Organisation, vil p\u00e5virke avganger fra Frankfurt og M\u00fcnchen gjennom det meste av dagen, med ytterligere forstyrrelser sannsynligvis p\u00e5 flere andre tyske flyplasser.<\/p>\n<p>Streiken skal etter planen vare fra like etter midnatt til klokken 22 lokal tid, og kommer etter at forhandlingene mellom fagforeningen og flyselskapet br\u00f8t sammen. Tusenvis av passasjerer kan bli utsatt for forsinkelser eller kanselleringer p\u00e5 kort varsel.<\/p>\n<h2>Flyreiser fra Frankfurt og M\u00fcnchen st\u00e5r overfor store forstyrrelser<\/h2>\n<p>Effekten forventes \u00e5 v\u00e6re mest synlig p\u00e5 Lufthansas to travleste flyplasser, Frankfurt og M\u00fcnchen, hvor flertallet av flyselskapets langdistanse- og europeiske flyvninger opererer. Kabinpersonalet som jobber for Lufthansas Cityline-datterselskap vil ogs\u00e5 bli med i streiken, og utvide forstyrrelsen til minst ni flyplasser over hele Tyskland.<\/p>\n<div class=\"sra_unit\"><link rel=\"stylesheet\" id=\"block-sra\" href=\"https:\/\/euroweeklynews.com\/wp-content\/plugins\/snack-related-articles\/dist\/css\/snack-related.min.css?250312-193541\" type=\"text\/css\" media=\"all\">\n<\/div>\n<p>For reisende betyr dette en dag med usikkerhet. Selv flyvninger som ikke er kansellert kan oppleve forsinkelser, endringer i siste liten eller redusert service ombord. Lufthansa har allerede advart om at driften vil bli betydelig p\u00e5virket og har beklaget overfor passasjerene.<\/p>\n<p>Alle som skal reise p\u00e5 fredag, blir bedt om \u00e5 sjekke flystatusen deres regelmessig og vurdere alternative ordninger der det er mulig.<\/p>\n<h2>Hvorfor kabinansatte g\u00e5r ut n\u00e5<\/h2>\n<p>Streiken f\u00f8lger en sterk stemme for arbeidskamp blant kabinansatte i slutten av mars, etter at samtaler med Lufthansa ikke klarte \u00e5 f\u00e5 fram en avtale.<\/p>\n<p>I sentrum av striden st\u00e5r arbeidsforhold og jobbsikkerhet. Fagforeningen sier ansatte ber om mer forutsigbare tidsplaner og bedre varsel om skiftskift, noe mange mannskaper sier er avgj\u00f8rende for \u00e5 balansere arbeid og privatliv.<\/p>\n<p>Det er ogs\u00e5 bekymringer for fremtiden til rundt 800 Cityline-ansatte, ettersom flyselskapet planlegger \u00e5 gradvis avvikle deler av virksomheten. If\u00f8lge forbundet har Lufthansa enn\u00e5 ikke lagt frem et forslag som kan danne grunnlag for seri\u00f8se forhandlinger.<\/p>\n<p>Fagforeningsleder Joachim V\u00e1zquez B\u00fcrger sa at situasjonen kunne v\u00e6rt unng\u00e5tt hvis flyselskapet hadde vist mer vilje til \u00e5 engasjere seg. Lufthansa har p\u00e5 sin side trukket tilbake, beskrevet streiken som uforholdsmessig og oppfordret fagforeningen til \u00e5 g\u00e5 tilbake til forhandlingsbordet.<\/p>\n<h2>En \u00f8kende b\u00f8lge av forstyrrelser for reisende i Europa<\/h2>\n<p>Denne siste streiken er ikke en isolert hendelse. Lufthansa har allerede m\u00f8tt flere streiker de siste m\u00e5nedene, inkludert handling fra b\u00e5de kabinansatte og piloter. En endagsstreik i februar f\u00f8rte til omfattende kanselleringer, etterfulgt av ytterligere forstyrrelser i mars.<\/p>\n<p>For passasjerer er det en p\u00e5minnelse om at arbeidskonflikter fortsetter \u00e5 p\u00e5virke reiser over hele Europa, spesielt i travle perioder. Med v\u00e5rens reise n\u00e6rmer seg, kan selv korte streiker ha en negativ effekt p\u00e5 flyreiser over flere dager.<\/p>\n<p>Skal du reise til eller fra Tyskland denne uken, er det verdt \u00e5 v\u00e6re p\u00e5 vakt. Sjekk flyselskapets oppdateringer, gi ekstra tid p\u00e5 flyplassen og hold \u00f8ye med alternative ruter der det er mulig.<\/p>\n<p>Selv om forhandlingene fortsatt kan gjenopptas, er den umiddelbare virkeligheten klar. Fredag \u200b\u200bvil sannsynligvis bli en vanskelig dag for Lufthansa-passasjerer, med forsinkelser, kanselleringer og usikkerhet forventet over store deler av nettverket.<\/p>\n<p>                    <!-- Originally published at https:\/\/euroweeklynews.com\/2026\/04\/09\/lufthansa-strike-set-to-ground-flights-across-germany-this-friday\/ on 09 Apr 2026 at 23:30 by Farah Mokrani --><br \/>\n                    <!-- Article End -->\n                <\/div>\n","protected":false},"excerpt":{"rendered":"<p>Passasjerer som reiser gjennom Tyskland denne fredagen 9. april, blir oppfordret til \u00e5 sjekke flyreisene<\/p>\n","protected":false},"author":1,"featured_media":16814,"comment_status":"closed","ping_status":"open","sticky":false,"template":"","format":"standard","meta":{"footnotes":""},"categories":[105],"tags":[10872,1717,10873,3372,10871,510,117,1201],"class_list":["post-16813","post","type-post","status-publish","format-standard","has-post-thumbnail","hentry","category-livsstil","tag-bakkeflyvninger","tag-denne","tag-fredagen","tag-hele","tag-lufthansastreiken","tag-satt","tag-til","tag-tyskland","generate-columns","tablet-grid-50","mobile-grid-100","grid-parent","grid-33","resize-featured-image"],"yoast_head":"<!-- This site is optimized with the Yoast SEO plugin v24.4 - https:\/\/yoast.com\/wordpress\/plugins\/seo\/ -->\n<title>Lufthansa-streiken satt til bakkeflyvninger over hele Tyskland denne fredagen - Nordnesrepublikken<\/title>\n<meta name=\"robots\" content=\"index, follow, max-snippet:-1, max-image-preview:large, max-video-preview:-1\" \/>\n<link rel=\"canonical\" href=\"https:\/\/nordnesrepublikken.no\/index.php\/2026\/04\/10\/lufthansa-streiken-satt-til-bakkeflyvninger-over-hele-tyskland-denne-fredagen\/\" \/>\n<meta property=\"og:locale\" content=\"nb_NO\" \/>\n<meta property=\"og:type\" content=\"article\" \/>\n<meta property=\"og:title\" content=\"Lufthansa-streiken satt til bakkeflyvninger over hele Tyskland denne fredagen - Nordnesrepublikken\" \/>\n<meta property=\"og:description\" content=\"Passasjerer som reiser gjennom Tyskland denne fredagen 9. april, blir oppfordret til \u00e5 sjekke flyreisene\" \/>\n<meta property=\"og:url\" content=\"https:\/\/nordnesrepublikken.no\/index.php\/2026\/04\/10\/lufthansa-streiken-satt-til-bakkeflyvninger-over-hele-tyskland-denne-fredagen\/\" \/>\n<meta property=\"og:site_name\" content=\"Nordnesrepublikken\" \/>\n<meta property=\"article:published_time\" content=\"2026-04-09T22:09:24+00:00\" \/>\n<meta property=\"article:modified_time\" content=\"2026-04-09T22:09:26+00:00\" \/>\n<meta property=\"og:image\" content=\"https:\/\/nordnesrepublikken.no\/wp-content\/uploads\/2026\/04\/1775772566_Lufthansa-streiken-satt-til-bakkeflyvninger-over-hele-Tyskland-denne-fredagen.jpg\" \/>\n\t<meta property=\"og:image:width\" content=\"1200\" \/>\n\t<meta property=\"og:image:height\" content=\"794\" \/>\n\t<meta property=\"og:image:type\" content=\"image\/jpeg\" \/>\n<meta name=\"author\" content=\"Ole Andersen\" \/>\n<meta name=\"twitter:card\" content=\"summary_large_image\" \/>\n<meta name=\"twitter:label1\" content=\"Skrevet av\" \/>\n\t<meta name=\"twitter:data1\" content=\"Ole Andersen\" \/>\n\t<meta name=\"twitter:label2\" content=\"Ansl. lesetid\" \/>\n\t<meta name=\"twitter:data2\" content=\"3 minutter\" \/>\n<script type=\"application\/ld+json\" class=\"yoast-schema-graph\">{\"@context\":\"https:\/\/schema.org\",\"@graph\":[{\"@type\":\"Article\",\"@id\":\"https:\/\/nordnesrepublikken.no\/index.php\/2026\/04\/10\/lufthansa-streiken-satt-til-bakkeflyvninger-over-hele-tyskland-denne-fredagen\/#article\",\"isPartOf\":{\"@id\":\"https:\/\/nordnesrepublikken.no\/index.php\/2026\/04\/10\/lufthansa-streiken-satt-til-bakkeflyvninger-over-hele-tyskland-denne-fredagen\/\"},\"author\":{\"name\":\"Ole Andersen\",\"@id\":\"https:\/\/nordnesrepublikken.no\/#\/schema\/person\/2e7e81935bab77882fffb79296240ff1\"},\"headline\":\"Lufthansa-streiken satt til bakkeflyvninger over hele Tyskland denne fredagen\",\"datePublished\":\"2026-04-09T22:09:24+00:00\",\"dateModified\":\"2026-04-09T22:09:26+00:00\",\"mainEntityOfPage\":{\"@id\":\"https:\/\/nordnesrepublikken.no\/index.php\/2026\/04\/10\/lufthansa-streiken-satt-til-bakkeflyvninger-over-hele-tyskland-denne-fredagen\/\"},\"wordCount\":523,\"publisher\":{\"@id\":\"https:\/\/nordnesrepublikken.no\/#organization\"},\"image\":{\"@id\":\"https:\/\/nordnesrepublikken.no\/index.php\/2026\/04\/10\/lufthansa-streiken-satt-til-bakkeflyvninger-over-hele-tyskland-denne-fredagen\/#primaryimage\"},\"thumbnailUrl\":\"https:\/\/nordnesrepublikken.no\/wp-content\/uploads\/2026\/04\/1775772566_Lufthansa-streiken-satt-til-bakkeflyvninger-over-hele-Tyskland-denne-fredagen.jpg\",\"keywords\":[\"bakkeflyvninger\",\"denne\",\"fredagen\",\"hele\",\"Lufthansastreiken\",\"satt\",\"til\",\"Tyskland\"],\"articleSection\":[\"Livsstil\"],\"inLanguage\":\"nb-NO\"},{\"@type\":\"WebPage\",\"@id\":\"https:\/\/nordnesrepublikken.no\/index.php\/2026\/04\/10\/lufthansa-streiken-satt-til-bakkeflyvninger-over-hele-tyskland-denne-fredagen\/\",\"url\":\"https:\/\/nordnesrepublikken.no\/index.php\/2026\/04\/10\/lufthansa-streiken-satt-til-bakkeflyvninger-over-hele-tyskland-denne-fredagen\/\",\"name\":\"Lufthansa-streiken satt til bakkeflyvninger over hele Tyskland denne fredagen - Nordnesrepublikken\",\"isPartOf\":{\"@id\":\"https:\/\/nordnesrepublikken.no\/#website\"},\"primaryImageOfPage\":{\"@id\":\"https:\/\/nordnesrepublikken.no\/index.php\/2026\/04\/10\/lufthansa-streiken-satt-til-bakkeflyvninger-over-hele-tyskland-denne-fredagen\/#primaryimage\"},\"image\":{\"@id\":\"https:\/\/nordnesrepublikken.no\/index.php\/2026\/04\/10\/lufthansa-streiken-satt-til-bakkeflyvninger-over-hele-tyskland-denne-fredagen\/#primaryimage\"},\"thumbnailUrl\":\"https:\/\/nordnesrepublikken.no\/wp-content\/uploads\/2026\/04\/1775772566_Lufthansa-streiken-satt-til-bakkeflyvninger-over-hele-Tyskland-denne-fredagen.jpg\",\"datePublished\":\"2026-04-09T22:09:24+00:00\",\"dateModified\":\"2026-04-09T22:09:26+00:00\",\"breadcrumb\":{\"@id\":\"https:\/\/nordnesrepublikken.no\/index.php\/2026\/04\/10\/lufthansa-streiken-satt-til-bakkeflyvninger-over-hele-tyskland-denne-fredagen\/#breadcrumb\"},\"inLanguage\":\"nb-NO\",\"potentialAction\":[{\"@type\":\"ReadAction\",\"target\":[\"https:\/\/nordnesrepublikken.no\/index.php\/2026\/04\/10\/lufthansa-streiken-satt-til-bakkeflyvninger-over-hele-tyskland-denne-fredagen\/\"]}]},{\"@type\":\"ImageObject\",\"inLanguage\":\"nb-NO\",\"@id\":\"https:\/\/nordnesrepublikken.no\/index.php\/2026\/04\/10\/lufthansa-streiken-satt-til-bakkeflyvninger-over-hele-tyskland-denne-fredagen\/#primaryimage\",\"url\":\"https:\/\/nordnesrepublikken.no\/wp-content\/uploads\/2026\/04\/1775772566_Lufthansa-streiken-satt-til-bakkeflyvninger-over-hele-Tyskland-denne-fredagen.jpg\",\"contentUrl\":\"https:\/\/nordnesrepublikken.no\/wp-content\/uploads\/2026\/04\/1775772566_Lufthansa-streiken-satt-til-bakkeflyvninger-over-hele-Tyskland-denne-fredagen.jpg\",\"width\":1200,\"height\":794,\"caption\":\"Lufthansa-streiken satt til bakkeflyvninger over hele Tyskland denne fredagen\"},{\"@type\":\"BreadcrumbList\",\"@id\":\"https:\/\/nordnesrepublikken.no\/index.php\/2026\/04\/10\/lufthansa-streiken-satt-til-bakkeflyvninger-over-hele-tyskland-denne-fredagen\/#breadcrumb\",\"itemListElement\":[{\"@type\":\"ListItem\",\"position\":1,\"name\":\"Home\",\"item\":\"https:\/\/nordnesrepublikken.no\/\"},{\"@type\":\"ListItem\",\"position\":2,\"name\":\"Lufthansa-streiken satt til bakkeflyvninger over hele Tyskland denne fredagen\"}]},{\"@type\":\"WebSite\",\"@id\":\"https:\/\/nordnesrepublikken.no\/#website\",\"url\":\"https:\/\/nordnesrepublikken.no\/\",\"name\":\"Nordnesrepublikken\",\"description\":\"Stemmer og Visjoner fra Republikkens Hjerte\",\"publisher\":{\"@id\":\"https:\/\/nordnesrepublikken.no\/#organization\"},\"potentialAction\":[{\"@type\":\"SearchAction\",\"target\":{\"@type\":\"EntryPoint\",\"urlTemplate\":\"https:\/\/nordnesrepublikken.no\/?s={search_term_string}\"},\"query-input\":{\"@type\":\"PropertyValueSpecification\",\"valueRequired\":true,\"valueName\":\"search_term_string\"}}],\"inLanguage\":\"nb-NO\"},{\"@type\":\"Organization\",\"@id\":\"https:\/\/nordnesrepublikken.no\/#organization\",\"name\":\"Nordnesrepublikken\",\"url\":\"https:\/\/nordnesrepublikken.no\/\",\"logo\":{\"@type\":\"ImageObject\",\"inLanguage\":\"nb-NO\",\"@id\":\"https:\/\/nordnesrepublikken.no\/#\/schema\/logo\/image\/\",\"url\":\"https:\/\/nordnesrepublikken.no\/wp-content\/uploads\/2025\/02\/cropped-nordnesrepublikken-2.png\",\"contentUrl\":\"https:\/\/nordnesrepublikken.no\/wp-content\/uploads\/2025\/02\/cropped-nordnesrepublikken-2.png\",\"width\":1248,\"height\":362,\"caption\":\"Nordnesrepublikken\"},\"image\":{\"@id\":\"https:\/\/nordnesrepublikken.no\/#\/schema\/logo\/image\/\"}},{\"@type\":\"Person\",\"@id\":\"https:\/\/nordnesrepublikken.no\/#\/schema\/person\/2e7e81935bab77882fffb79296240ff1\",\"name\":\"Ole Andersen\",\"image\":{\"@type\":\"ImageObject\",\"inLanguage\":\"nb-NO\",\"@id\":\"https:\/\/nordnesrepublikken.no\/#\/schema\/person\/image\/\",\"url\":\"https:\/\/nordnesrepublikken.no\/wp-content\/uploads\/2025\/02\/nordnesrepublikken-2-2-150x150.jpg\",\"contentUrl\":\"https:\/\/nordnesrepublikken.no\/wp-content\/uploads\/2025\/02\/nordnesrepublikken-2-2-150x150.jpg\",\"caption\":\"Ole Andersen\"},\"description\":\"Ettersom jeg vokste opp i Oslo, har jeg alltid v\u00e6rt fascinert av ordenes kraft og deres evne til \u00e5 skape endringer. Etter \u00e5 ha fullf\u00f8rt min utdannelse i kommunikasjon ved Universitetet i Bergen, fikk jeg muligheten til \u00e5 jobbe innen ulike medier, der jeg har s\u00f8kt \u00e5 belyse viktige samfunnssp\u00f8rsm\u00e5l. I dag, som redakt\u00f8r for Nordnesrepublikken, pr\u00f8ver jeg \u00e5 forene min kj\u00e6rlighet for journalistikk med min lidenskap for innovasjon og eventyr.\",\"sameAs\":[\"https:\/\/nordnesrepublikken.no\/\"]}]}<\/script>\n<!-- \/ Yoast SEO plugin. -->","yoast_head_json":{"title":"Lufthansa-streiken satt til bakkeflyvninger over hele Tyskland denne fredagen - Nordnesrepublikken","robots":{"index":"index","follow":"follow","max-snippet":"max-snippet:-1","max-image-preview":"max-image-preview:large","max-video-preview":"max-video-preview:-1"},"canonical":"https:\/\/nordnesrepublikken.no\/index.php\/2026\/04\/10\/lufthansa-streiken-satt-til-bakkeflyvninger-over-hele-tyskland-denne-fredagen\/","og_locale":"nb_NO","og_type":"article","og_title":"Lufthansa-streiken satt til bakkeflyvninger over hele Tyskland denne fredagen - Nordnesrepublikken","og_description":"Passasjerer som reiser gjennom Tyskland denne fredagen 9. april, blir oppfordret til \u00e5 sjekke flyreisene","og_url":"https:\/\/nordnesrepublikken.no\/index.php\/2026\/04\/10\/lufthansa-streiken-satt-til-bakkeflyvninger-over-hele-tyskland-denne-fredagen\/","og_site_name":"Nordnesrepublikken","article_published_time":"2026-04-09T22:09:24+00:00","article_modified_time":"2026-04-09T22:09:26+00:00","og_image":[{"width":1200,"height":794,"url":"https:\/\/nordnesrepublikken.no\/wp-content\/uploads\/2026\/04\/1775772566_Lufthansa-streiken-satt-til-bakkeflyvninger-over-hele-Tyskland-denne-fredagen.jpg","type":"image\/jpeg"}],"author":"Ole Andersen","twitter_card":"summary_large_image","twitter_misc":{"Skrevet av":"Ole Andersen","Ansl. lesetid":"3 minutter"},"schema":{"@context":"https:\/\/schema.org","@graph":[{"@type":"Article","@id":"https:\/\/nordnesrepublikken.no\/index.php\/2026\/04\/10\/lufthansa-streiken-satt-til-bakkeflyvninger-over-hele-tyskland-denne-fredagen\/#article","isPartOf":{"@id":"https:\/\/nordnesrepublikken.no\/index.php\/2026\/04\/10\/lufthansa-streiken-satt-til-bakkeflyvninger-over-hele-tyskland-denne-fredagen\/"},"author":{"name":"Ole Andersen","@id":"https:\/\/nordnesrepublikken.no\/#\/schema\/person\/2e7e81935bab77882fffb79296240ff1"},"headline":"Lufthansa-streiken satt til bakkeflyvninger over hele Tyskland denne fredagen","datePublished":"2026-04-09T22:09:24+00:00","dateModified":"2026-04-09T22:09:26+00:00","mainEntityOfPage":{"@id":"https:\/\/nordnesrepublikken.no\/index.php\/2026\/04\/10\/lufthansa-streiken-satt-til-bakkeflyvninger-over-hele-tyskland-denne-fredagen\/"},"wordCount":523,"publisher":{"@id":"https:\/\/nordnesrepublikken.no\/#organization"},"image":{"@id":"https:\/\/nordnesrepublikken.no\/index.php\/2026\/04\/10\/lufthansa-streiken-satt-til-bakkeflyvninger-over-hele-tyskland-denne-fredagen\/#primaryimage"},"thumbnailUrl":"https:\/\/nordnesrepublikken.no\/wp-content\/uploads\/2026\/04\/1775772566_Lufthansa-streiken-satt-til-bakkeflyvninger-over-hele-Tyskland-denne-fredagen.jpg","keywords":["bakkeflyvninger","denne","fredagen","hele","Lufthansastreiken","satt","til","Tyskland"],"articleSection":["Livsstil"],"inLanguage":"nb-NO"},{"@type":"WebPage","@id":"https:\/\/nordnesrepublikken.no\/index.php\/2026\/04\/10\/lufthansa-streiken-satt-til-bakkeflyvninger-over-hele-tyskland-denne-fredagen\/","url":"https:\/\/nordnesrepublikken.no\/index.php\/2026\/04\/10\/lufthansa-streiken-satt-til-bakkeflyvninger-over-hele-tyskland-denne-fredagen\/","name":"Lufthansa-streiken satt til bakkeflyvninger over hele Tyskland denne fredagen - Nordnesrepublikken","isPartOf":{"@id":"https:\/\/nordnesrepublikken.no\/#website"},"primaryImageOfPage":{"@id":"https:\/\/nordnesrepublikken.no\/index.php\/2026\/04\/10\/lufthansa-streiken-satt-til-bakkeflyvninger-over-hele-tyskland-denne-fredagen\/#primaryimage"},"image":{"@id":"https:\/\/nordnesrepublikken.no\/index.php\/2026\/04\/10\/lufthansa-streiken-satt-til-bakkeflyvninger-over-hele-tyskland-denne-fredagen\/#primaryimage"},"thumbnailUrl":"https:\/\/nordnesrepublikken.no\/wp-content\/uploads\/2026\/04\/1775772566_Lufthansa-streiken-satt-til-bakkeflyvninger-over-hele-Tyskland-denne-fredagen.jpg","datePublished":"2026-04-09T22:09:24+00:00","dateModified":"2026-04-09T22:09:26+00:00","breadcrumb":{"@id":"https:\/\/nordnesrepublikken.no\/index.php\/2026\/04\/10\/lufthansa-streiken-satt-til-bakkeflyvninger-over-hele-tyskland-denne-fredagen\/#breadcrumb"},"inLanguage":"nb-NO","potentialAction":[{"@type":"ReadAction","target":["https:\/\/nordnesrepublikken.no\/index.php\/2026\/04\/10\/lufthansa-streiken-satt-til-bakkeflyvninger-over-hele-tyskland-denne-fredagen\/"]}]},{"@type":"ImageObject","inLanguage":"nb-NO","@id":"https:\/\/nordnesrepublikken.no\/index.php\/2026\/04\/10\/lufthansa-streiken-satt-til-bakkeflyvninger-over-hele-tyskland-denne-fredagen\/#primaryimage","url":"https:\/\/nordnesrepublikken.no\/wp-content\/uploads\/2026\/04\/1775772566_Lufthansa-streiken-satt-til-bakkeflyvninger-over-hele-Tyskland-denne-fredagen.jpg","contentUrl":"https:\/\/nordnesrepublikken.no\/wp-content\/uploads\/2026\/04\/1775772566_Lufthansa-streiken-satt-til-bakkeflyvninger-over-hele-Tyskland-denne-fredagen.jpg","width":1200,"height":794,"caption":"Lufthansa-streiken satt til bakkeflyvninger over hele Tyskland denne fredagen"},{"@type":"BreadcrumbList","@id":"https:\/\/nordnesrepublikken.no\/index.php\/2026\/04\/10\/lufthansa-streiken-satt-til-bakkeflyvninger-over-hele-tyskland-denne-fredagen\/#breadcrumb","itemListElement":[{"@type":"ListItem","position":1,"name":"Home","item":"https:\/\/nordnesrepublikken.no\/"},{"@type":"ListItem","position":2,"name":"Lufthansa-streiken satt til bakkeflyvninger over hele Tyskland denne fredagen"}]},{"@type":"WebSite","@id":"https:\/\/nordnesrepublikken.no\/#website","url":"https:\/\/nordnesrepublikken.no\/","name":"Nordnesrepublikken","description":"Stemmer og Visjoner fra Republikkens Hjerte","publisher":{"@id":"https:\/\/nordnesrepublikken.no\/#organization"},"potentialAction":[{"@type":"SearchAction","target":{"@type":"EntryPoint","urlTemplate":"https:\/\/nordnesrepublikken.no\/?s={search_term_string}"},"query-input":{"@type":"PropertyValueSpecification","valueRequired":true,"valueName":"search_term_string"}}],"inLanguage":"nb-NO"},{"@type":"Organization","@id":"https:\/\/nordnesrepublikken.no\/#organization","name":"Nordnesrepublikken","url":"https:\/\/nordnesrepublikken.no\/","logo":{"@type":"ImageObject","inLanguage":"nb-NO","@id":"https:\/\/nordnesrepublikken.no\/#\/schema\/logo\/image\/","url":"https:\/\/nordnesrepublikken.no\/wp-content\/uploads\/2025\/02\/cropped-nordnesrepublikken-2.png","contentUrl":"https:\/\/nordnesrepublikken.no\/wp-content\/uploads\/2025\/02\/cropped-nordnesrepublikken-2.png","width":1248,"height":362,"caption":"Nordnesrepublikken"},"image":{"@id":"https:\/\/nordnesrepublikken.no\/#\/schema\/logo\/image\/"}},{"@type":"Person","@id":"https:\/\/nordnesrepublikken.no\/#\/schema\/person\/2e7e81935bab77882fffb79296240ff1","name":"Ole Andersen","image":{"@type":"ImageObject","inLanguage":"nb-NO","@id":"https:\/\/nordnesrepublikken.no\/#\/schema\/person\/image\/","url":"https:\/\/nordnesrepublikken.no\/wp-content\/uploads\/2025\/02\/nordnesrepublikken-2-2-150x150.jpg","contentUrl":"https:\/\/nordnesrepublikken.no\/wp-content\/uploads\/2025\/02\/nordnesrepublikken-2-2-150x150.jpg","caption":"Ole Andersen"},"description":"Ettersom jeg vokste opp i Oslo, har jeg alltid v\u00e6rt fascinert av ordenes kraft og deres evne til \u00e5 skape endringer. Etter \u00e5 ha fullf\u00f8rt min utdannelse i kommunikasjon ved Universitetet i Bergen, fikk jeg muligheten til \u00e5 jobbe innen ulike medier, der jeg har s\u00f8kt \u00e5 belyse viktige samfunnssp\u00f8rsm\u00e5l. I dag, som redakt\u00f8r for Nordnesrepublikken, pr\u00f8ver jeg \u00e5 forene min kj\u00e6rlighet for journalistikk med min lidenskap for innovasjon og eventyr.","sameAs":["https:\/\/nordnesrepublikken.no\/"]}]}},"_links":{"self":[{"href":"https:\/\/nordnesrepublikken.no\/index.php\/wp-json\/wp\/v2\/posts\/16813","targetHints":{"allow":["GET"]}}],"collection":[{"href":"https:\/\/nordnesrepublikken.no\/index.php\/wp-json\/wp\/v2\/posts"}],"about":[{"href":"https:\/\/nordnesrepublikken.no\/index.php\/wp-json\/wp\/v2\/types\/post"}],"author":[{"embeddable":true,"href":"https:\/\/nordnesrepublikken.no\/index.php\/wp-json\/wp\/v2\/users\/1"}],"replies":[{"embeddable":true,"href":"https:\/\/nordnesrepublikken.no\/index.php\/wp-json\/wp\/v2\/comments?post=16813"}],"version-history":[{"count":1,"href":"https:\/\/nordnesrepublikken.no\/index.php\/wp-json\/wp\/v2\/posts\/16813\/revisions"}],"predecessor-version":[{"id":16815,"href":"https:\/\/nordnesrepublikken.no\/index.php\/wp-json\/wp\/v2\/posts\/16813\/revisions\/16815"}],"wp:featuredmedia":[{"embeddable":true,"href":"https:\/\/nordnesrepublikken.no\/index.php\/wp-json\/wp\/v2\/media\/16814"}],"wp:attachment":[{"href":"https:\/\/nordnesrepublikken.no\/index.php\/wp-json\/wp\/v2\/media?parent=16813"}],"wp:term":[{"taxonomy":"category","embeddable":true,"href":"https:\/\/nordnesrepublikken.no\/index.php\/wp-json\/wp\/v2\/categories?post=16813"},{"taxonomy":"post_tag","embeddable":true,"href":"https:\/\/nordnesrepublikken.no\/index.php\/wp-json\/wp\/v2\/tags?post=16813"}],"curies":[{"name":"wp","href":"https:\/\/api.w.org\/{rel}","templated":true}]}}