{"id":16810,"date":"2026-04-09T20:04:44","date_gmt":"2026-04-09T18:04:44","guid":{"rendered":"https:\/\/nordnesrepublikken.no\/index.php\/2026\/04\/09\/spanske-myndigheter-tilbakekaller-agrado-solkrem-over-forbudte-ingredienser\/"},"modified":"2026-04-09T20:04:46","modified_gmt":"2026-04-09T18:04:46","slug":"spanske-myndigheter-tilbakekaller-agrado-solkrem-over-forbudte-ingredienser","status":"publish","type":"post","link":"https:\/\/nordnesrepublikken.no\/index.php\/2026\/04\/09\/spanske-myndigheter-tilbakekaller-agrado-solkrem-over-forbudte-ingredienser\/","title":{"rendered":"Spanske myndigheter tilbakekaller Agrado solkrem over forbudte ingredienser"},"content":{"rendered":"<p><\/p>\n<div class=\"wordpress-content\">\n                    <!-- Article Start --><\/p>\n<p class=\"p1\">Spanske helsemyndigheter har tilbakekalt et parti med <i>Agrado<\/i> solkrem etter \u00e5 ha oppdaget et stoff som er forbudt i kosmetikk. <strong>Agencia Espa\u00f1ola de Medicamentos y Productos Sanitarios (AEMPS)<\/strong> instruerte forhandlere om \u00e5 fjerne de ber\u00f8rte produktene og r\u00e5det forbrukere til ikke \u00e5 bruke dem.<\/p>\n<p class=\"p1\">Tilbakekallingen gjelder parti 41997300 av <i>Agrado crema solar SPF<\/i><span class=\"s1\">\u202f<\/span><i>50<\/i> i 100<span class=\"s1\">\u202f<\/span>ml r\u00f8r. Laboratorietester identifiserte benzofenon, et kjemikalie som er forbudt under EU-lovgivningen. AEMPS sa at forbindelsen var til stede som en urenhet snarere enn et bevisst tilsetningsstoff, men i niv\u00e5er som ikke kunne anses som teknisk uunng\u00e5elige. Byr\u00e5et understreket at tilbakekallingen er et forebyggende tiltak rettet mot \u00e5 ivareta forbrukernes sikkerhet, selv om det s\u00e5 langt ikke er rapportert om uheldige helsehendelser.<\/p>\n<h2 class=\"p2\">Deteksjon og europeisk kontekst<\/h2>\n<p class=\"p1\">Stoffet ble oppdaget gjennom testing koordinert med andre EU-medlemsland, som en del av europeisk markedsoverv\u00e5king under EUs kosmetikkforordning (EF) nr.<span class=\"s1\">\u202f<\/span>1223\/2009. <strong>Denne forskriften forbyr visse kjemikalier i kosmetiske produkter for \u00e5 beskytte brukere mot potensielle helserisikoer.<\/strong> Myndighetene bekreftet at bare den spesifiserte batchen er ber\u00f8rt og at andre <i>Agrado<\/i> produkter forblir p\u00e5 markedet og har ikke v\u00e6rt gjenstand for tilbakekalling.<\/p>\n<div class=\"sra_unit\"><link rel=\"stylesheet\" id=\"block-sra\" href=\"https:\/\/euroweeklynews.com\/wp-content\/plugins\/snack-related-articles\/dist\/css\/snack-related.min.css?250312-193541\" type=\"text\/css\" media=\"all\">\n<\/div>\n<p class=\"p1\">Overv\u00e5king av kosmetiske produkter utf\u00f8res kontinuerlig over hele EU for \u00e5 oppdage forbudte stoffer, forhindre at usikre produkter n\u00e5r forbrukere og sikre samsvar med produksjonsstandarder. Bensofenon og lignende forbindelser er spesifikt kontrollert p\u00e5 grunn av bekymring over potensielle hormonelle og hudrelaterte effekter hvis de absorberes i utrygge mengder.<\/p>\n<h2 class=\"p2\">Svar fra produsent og forhandler<\/h2>\n<p class=\"p1\">Selskapet som er ansvarlig for markedsf\u00f8ringen av produktet, Agrado Cosmetic Care 3000, SLU, har begynt \u00e5 trekke ut gjenv\u00e6rende lager av den ber\u00f8rte batchen. Forbrukere som har kj\u00f8pt den, anbefales \u00e5 returnere den til salgsstedet for refusjon eller bytte. Forhandlere har ogs\u00e5 f\u00e5tt beskjed om \u00e5 fjerne de tilbakekalte produktene fra hyllene sine for \u00e5 hindre videre distribusjon.<\/p>\n<p class=\"p1\">Regionale helsemyndigheter har blitt informert for \u00e5 sikre at lokale apotek, butikker og forbrukere f\u00e5r veiledning. AEMPS har understreket at tilbakekallingen er strengt begrenset til batch 41997300 og at ingen andre batcher er involvert. Myndighetene har ogs\u00e5 bedt forhandlere om \u00e5 vise merknader i butikker for \u00e5 varsle kunder om det tilbakekalte produktet.<\/p>\n<h2 class=\"p2\">Forbrukersikkerhet og veiledning<\/h2>\n<p class=\"p1\">Forbrukere som har den tilbakekalte solkremen b\u00f8r slutte \u00e5 bruke den umiddelbart. Det anbefales \u00e5 returnere produktet til kj\u00f8psstedet. AEMPS bekreftet at tilbaketrekkingen er en forholdsregel og at ingen bivirkninger er rapportert til dags dato.<\/p>\n<p class=\"p1\">Myndighetene understreket at tilbakekallingen er en del av p\u00e5g\u00e5ende europeisk overv\u00e5king for \u00e5 sikre at kosmetiske produkter overholder sikkerhetsstandarder. Overholdelse av EU-lovgivning forhindrer tilstedev\u00e6relsen av skadelige eller forbudte kjemikalier i daglige personlig pleieartikler. Forbrukere oppfordres til \u00e5 sjekke partinumrene p\u00e5 solkremen og f\u00f8lge offisielle retningslinjer n\u00e5r tilbakekalling blir annonsert.<\/p>\n<h2 class=\"p2\">Offentlig og regulatorisk kontekst<\/h2>\n<p class=\"p1\">Denne tilbakekallingen f\u00f8lger <strong>lignende handlinger i Spania da kosmetiske produkter ikke oppfylte EUs sikkerhetskrav<\/strong>. Myndighetene fortsetter \u00e5 overv\u00e5ke produkter for \u00e5 fjerne gjenstander som inneholder forbudte stoffer umiddelbart. Koordineringen med europeiske partnere sikrer at usikre produkter raskt kan identifiseres og trekkes tilbake fra markedet.<\/p>\n<p class=\"p1\">Tjenestemenn gjentok at overholdelse av sikkerhetsstandarder innen kosmetikk er obligatorisk, og selskaper som blir funnet i brudd p\u00e5 regelverket kan f\u00e5 juridiske og \u00f8konomiske straffer. Disse tiltakene tar sikte p\u00e5 \u00e5 opprettholde allmennhetens tillit til produkter for personlig pleie og samtidig sikre brukerbeskyttelse. Offentlige informasjonskampanjer brukes ofte til \u00e5 utdanne forbrukere om \u00e5 sjekke produkter og forst\u00e5 offisielle tilbakekallingsmeldinger.<\/p>\n<p>                    <!-- Originally published at https:\/\/euroweeklynews.com\/2026\/04\/09\/spanish-authorities-recall-agrado-sunscreen-over-banned-ingredient\/ on 09 Apr 2026 at 19:11 by Molly Grace --><br \/>\n                    <!-- Article End -->\n                <\/div>\n","protected":false},"excerpt":{"rendered":"<p>Spanske helsemyndigheter har tilbakekalt et parti med Agrado solkrem etter \u00e5 ha oppdaget et stoff<\/p>\n","protected":false},"author":1,"featured_media":16811,"comment_status":"closed","ping_status":"open","sticky":false,"template":"","format":"standard","meta":{"footnotes":""},"categories":[105],"tags":[10868,10869,10870,176,4386,1447,10711],"class_list":["post-16810","post","type-post","status-publish","format-standard","has-post-thumbnail","hentry","category-livsstil","tag-agrado","tag-forbudte","tag-ingredienser","tag-myndigheter","tag-solkrem","tag-spanske","tag-tilbakekaller","generate-columns","tablet-grid-50","mobile-grid-100","grid-parent","grid-33","resize-featured-image"],"yoast_head":"<!-- This site is optimized with the Yoast SEO plugin v24.4 - https:\/\/yoast.com\/wordpress\/plugins\/seo\/ -->\n<title>Spanske myndigheter tilbakekaller Agrado solkrem over forbudte ingredienser - Nordnesrepublikken<\/title>\n<meta name=\"robots\" content=\"index, follow, max-snippet:-1, max-image-preview:large, max-video-preview:-1\" \/>\n<link rel=\"canonical\" href=\"https:\/\/nordnesrepublikken.no\/index.php\/2026\/04\/09\/spanske-myndigheter-tilbakekaller-agrado-solkrem-over-forbudte-ingredienser\/\" \/>\n<meta property=\"og:locale\" content=\"nb_NO\" \/>\n<meta property=\"og:type\" content=\"article\" \/>\n<meta property=\"og:title\" content=\"Spanske myndigheter tilbakekaller Agrado solkrem over forbudte ingredienser - Nordnesrepublikken\" \/>\n<meta property=\"og:description\" content=\"Spanske helsemyndigheter har tilbakekalt et parti med Agrado solkrem etter \u00e5 ha oppdaget et stoff\" \/>\n<meta property=\"og:url\" content=\"https:\/\/nordnesrepublikken.no\/index.php\/2026\/04\/09\/spanske-myndigheter-tilbakekaller-agrado-solkrem-over-forbudte-ingredienser\/\" \/>\n<meta property=\"og:site_name\" content=\"Nordnesrepublikken\" \/>\n<meta property=\"article:published_time\" content=\"2026-04-09T18:04:44+00:00\" \/>\n<meta property=\"article:modified_time\" content=\"2026-04-09T18:04:46+00:00\" \/>\n<meta property=\"og:image\" content=\"https:\/\/nordnesrepublikken.no\/wp-content\/uploads\/2026\/04\/1775757885_Spanske-myndigheter-tilbakekaller-Agrado-solkrem-over-forbudte-ingredienser.jpeg\" \/>\n\t<meta property=\"og:image:width\" content=\"1600\" \/>\n\t<meta property=\"og:image:height\" content=\"533\" \/>\n\t<meta property=\"og:image:type\" content=\"image\/jpeg\" \/>\n<meta name=\"author\" content=\"Ole Andersen\" \/>\n<meta name=\"twitter:card\" content=\"summary_large_image\" \/>\n<meta name=\"twitter:label1\" content=\"Skrevet av\" \/>\n\t<meta name=\"twitter:data1\" content=\"Ole Andersen\" \/>\n\t<meta name=\"twitter:label2\" content=\"Ansl. lesetid\" \/>\n\t<meta name=\"twitter:data2\" content=\"3 minutter\" \/>\n<script type=\"application\/ld+json\" class=\"yoast-schema-graph\">{\"@context\":\"https:\/\/schema.org\",\"@graph\":[{\"@type\":\"Article\",\"@id\":\"https:\/\/nordnesrepublikken.no\/index.php\/2026\/04\/09\/spanske-myndigheter-tilbakekaller-agrado-solkrem-over-forbudte-ingredienser\/#article\",\"isPartOf\":{\"@id\":\"https:\/\/nordnesrepublikken.no\/index.php\/2026\/04\/09\/spanske-myndigheter-tilbakekaller-agrado-solkrem-over-forbudte-ingredienser\/\"},\"author\":{\"name\":\"Ole Andersen\",\"@id\":\"https:\/\/nordnesrepublikken.no\/#\/schema\/person\/2e7e81935bab77882fffb79296240ff1\"},\"headline\":\"Spanske myndigheter tilbakekaller Agrado solkrem over forbudte ingredienser\",\"datePublished\":\"2026-04-09T18:04:44+00:00\",\"dateModified\":\"2026-04-09T18:04:46+00:00\",\"mainEntityOfPage\":{\"@id\":\"https:\/\/nordnesrepublikken.no\/index.php\/2026\/04\/09\/spanske-myndigheter-tilbakekaller-agrado-solkrem-over-forbudte-ingredienser\/\"},\"wordCount\":549,\"publisher\":{\"@id\":\"https:\/\/nordnesrepublikken.no\/#organization\"},\"image\":{\"@id\":\"https:\/\/nordnesrepublikken.no\/index.php\/2026\/04\/09\/spanske-myndigheter-tilbakekaller-agrado-solkrem-over-forbudte-ingredienser\/#primaryimage\"},\"thumbnailUrl\":\"https:\/\/nordnesrepublikken.no\/wp-content\/uploads\/2026\/04\/1775757885_Spanske-myndigheter-tilbakekaller-Agrado-solkrem-over-forbudte-ingredienser.jpeg\",\"keywords\":[\"Agrado\",\"forbudte\",\"ingredienser\",\"myndigheter\",\"solkrem\",\"spanske\",\"tilbakekaller\"],\"articleSection\":[\"Livsstil\"],\"inLanguage\":\"nb-NO\"},{\"@type\":\"WebPage\",\"@id\":\"https:\/\/nordnesrepublikken.no\/index.php\/2026\/04\/09\/spanske-myndigheter-tilbakekaller-agrado-solkrem-over-forbudte-ingredienser\/\",\"url\":\"https:\/\/nordnesrepublikken.no\/index.php\/2026\/04\/09\/spanske-myndigheter-tilbakekaller-agrado-solkrem-over-forbudte-ingredienser\/\",\"name\":\"Spanske myndigheter tilbakekaller Agrado solkrem over forbudte ingredienser - Nordnesrepublikken\",\"isPartOf\":{\"@id\":\"https:\/\/nordnesrepublikken.no\/#website\"},\"primaryImageOfPage\":{\"@id\":\"https:\/\/nordnesrepublikken.no\/index.php\/2026\/04\/09\/spanske-myndigheter-tilbakekaller-agrado-solkrem-over-forbudte-ingredienser\/#primaryimage\"},\"image\":{\"@id\":\"https:\/\/nordnesrepublikken.no\/index.php\/2026\/04\/09\/spanske-myndigheter-tilbakekaller-agrado-solkrem-over-forbudte-ingredienser\/#primaryimage\"},\"thumbnailUrl\":\"https:\/\/nordnesrepublikken.no\/wp-content\/uploads\/2026\/04\/1775757885_Spanske-myndigheter-tilbakekaller-Agrado-solkrem-over-forbudte-ingredienser.jpeg\",\"datePublished\":\"2026-04-09T18:04:44+00:00\",\"dateModified\":\"2026-04-09T18:04:46+00:00\",\"breadcrumb\":{\"@id\":\"https:\/\/nordnesrepublikken.no\/index.php\/2026\/04\/09\/spanske-myndigheter-tilbakekaller-agrado-solkrem-over-forbudte-ingredienser\/#breadcrumb\"},\"inLanguage\":\"nb-NO\",\"potentialAction\":[{\"@type\":\"ReadAction\",\"target\":[\"https:\/\/nordnesrepublikken.no\/index.php\/2026\/04\/09\/spanske-myndigheter-tilbakekaller-agrado-solkrem-over-forbudte-ingredienser\/\"]}]},{\"@type\":\"ImageObject\",\"inLanguage\":\"nb-NO\",\"@id\":\"https:\/\/nordnesrepublikken.no\/index.php\/2026\/04\/09\/spanske-myndigheter-tilbakekaller-agrado-solkrem-over-forbudte-ingredienser\/#primaryimage\",\"url\":\"https:\/\/nordnesrepublikken.no\/wp-content\/uploads\/2026\/04\/1775757885_Spanske-myndigheter-tilbakekaller-Agrado-solkrem-over-forbudte-ingredienser.jpeg\",\"contentUrl\":\"https:\/\/nordnesrepublikken.no\/wp-content\/uploads\/2026\/04\/1775757885_Spanske-myndigheter-tilbakekaller-Agrado-solkrem-over-forbudte-ingredienser.jpeg\",\"width\":1600,\"height\":533,\"caption\":\"Spanske myndigheter tilbakekaller Agrado solkrem over forbudte ingredienser\"},{\"@type\":\"BreadcrumbList\",\"@id\":\"https:\/\/nordnesrepublikken.no\/index.php\/2026\/04\/09\/spanske-myndigheter-tilbakekaller-agrado-solkrem-over-forbudte-ingredienser\/#breadcrumb\",\"itemListElement\":[{\"@type\":\"ListItem\",\"position\":1,\"name\":\"Home\",\"item\":\"https:\/\/nordnesrepublikken.no\/\"},{\"@type\":\"ListItem\",\"position\":2,\"name\":\"Spanske myndigheter tilbakekaller Agrado solkrem over forbudte ingredienser\"}]},{\"@type\":\"WebSite\",\"@id\":\"https:\/\/nordnesrepublikken.no\/#website\",\"url\":\"https:\/\/nordnesrepublikken.no\/\",\"name\":\"Nordnesrepublikken\",\"description\":\"Stemmer og Visjoner fra Republikkens Hjerte\",\"publisher\":{\"@id\":\"https:\/\/nordnesrepublikken.no\/#organization\"},\"potentialAction\":[{\"@type\":\"SearchAction\",\"target\":{\"@type\":\"EntryPoint\",\"urlTemplate\":\"https:\/\/nordnesrepublikken.no\/?s={search_term_string}\"},\"query-input\":{\"@type\":\"PropertyValueSpecification\",\"valueRequired\":true,\"valueName\":\"search_term_string\"}}],\"inLanguage\":\"nb-NO\"},{\"@type\":\"Organization\",\"@id\":\"https:\/\/nordnesrepublikken.no\/#organization\",\"name\":\"Nordnesrepublikken\",\"url\":\"https:\/\/nordnesrepublikken.no\/\",\"logo\":{\"@type\":\"ImageObject\",\"inLanguage\":\"nb-NO\",\"@id\":\"https:\/\/nordnesrepublikken.no\/#\/schema\/logo\/image\/\",\"url\":\"https:\/\/nordnesrepublikken.no\/wp-content\/uploads\/2025\/02\/cropped-nordnesrepublikken-2.png\",\"contentUrl\":\"https:\/\/nordnesrepublikken.no\/wp-content\/uploads\/2025\/02\/cropped-nordnesrepublikken-2.png\",\"width\":1248,\"height\":362,\"caption\":\"Nordnesrepublikken\"},\"image\":{\"@id\":\"https:\/\/nordnesrepublikken.no\/#\/schema\/logo\/image\/\"}},{\"@type\":\"Person\",\"@id\":\"https:\/\/nordnesrepublikken.no\/#\/schema\/person\/2e7e81935bab77882fffb79296240ff1\",\"name\":\"Ole Andersen\",\"image\":{\"@type\":\"ImageObject\",\"inLanguage\":\"nb-NO\",\"@id\":\"https:\/\/nordnesrepublikken.no\/#\/schema\/person\/image\/\",\"url\":\"https:\/\/nordnesrepublikken.no\/wp-content\/uploads\/2025\/02\/nordnesrepublikken-2-2-150x150.jpg\",\"contentUrl\":\"https:\/\/nordnesrepublikken.no\/wp-content\/uploads\/2025\/02\/nordnesrepublikken-2-2-150x150.jpg\",\"caption\":\"Ole Andersen\"},\"description\":\"Ettersom jeg vokste opp i Oslo, har jeg alltid v\u00e6rt fascinert av ordenes kraft og deres evne til \u00e5 skape endringer. Etter \u00e5 ha fullf\u00f8rt min utdannelse i kommunikasjon ved Universitetet i Bergen, fikk jeg muligheten til \u00e5 jobbe innen ulike medier, der jeg har s\u00f8kt \u00e5 belyse viktige samfunnssp\u00f8rsm\u00e5l. I dag, som redakt\u00f8r for Nordnesrepublikken, pr\u00f8ver jeg \u00e5 forene min kj\u00e6rlighet for journalistikk med min lidenskap for innovasjon og eventyr.\",\"sameAs\":[\"https:\/\/nordnesrepublikken.no\/\"]}]}<\/script>\n<!-- \/ Yoast SEO plugin. -->","yoast_head_json":{"title":"Spanske myndigheter tilbakekaller Agrado solkrem over forbudte ingredienser - Nordnesrepublikken","robots":{"index":"index","follow":"follow","max-snippet":"max-snippet:-1","max-image-preview":"max-image-preview:large","max-video-preview":"max-video-preview:-1"},"canonical":"https:\/\/nordnesrepublikken.no\/index.php\/2026\/04\/09\/spanske-myndigheter-tilbakekaller-agrado-solkrem-over-forbudte-ingredienser\/","og_locale":"nb_NO","og_type":"article","og_title":"Spanske myndigheter tilbakekaller Agrado solkrem over forbudte ingredienser - Nordnesrepublikken","og_description":"Spanske helsemyndigheter har tilbakekalt et parti med Agrado solkrem etter \u00e5 ha oppdaget et stoff","og_url":"https:\/\/nordnesrepublikken.no\/index.php\/2026\/04\/09\/spanske-myndigheter-tilbakekaller-agrado-solkrem-over-forbudte-ingredienser\/","og_site_name":"Nordnesrepublikken","article_published_time":"2026-04-09T18:04:44+00:00","article_modified_time":"2026-04-09T18:04:46+00:00","og_image":[{"width":1600,"height":533,"url":"https:\/\/nordnesrepublikken.no\/wp-content\/uploads\/2026\/04\/1775757885_Spanske-myndigheter-tilbakekaller-Agrado-solkrem-over-forbudte-ingredienser.jpeg","type":"image\/jpeg"}],"author":"Ole Andersen","twitter_card":"summary_large_image","twitter_misc":{"Skrevet av":"Ole Andersen","Ansl. lesetid":"3 minutter"},"schema":{"@context":"https:\/\/schema.org","@graph":[{"@type":"Article","@id":"https:\/\/nordnesrepublikken.no\/index.php\/2026\/04\/09\/spanske-myndigheter-tilbakekaller-agrado-solkrem-over-forbudte-ingredienser\/#article","isPartOf":{"@id":"https:\/\/nordnesrepublikken.no\/index.php\/2026\/04\/09\/spanske-myndigheter-tilbakekaller-agrado-solkrem-over-forbudte-ingredienser\/"},"author":{"name":"Ole Andersen","@id":"https:\/\/nordnesrepublikken.no\/#\/schema\/person\/2e7e81935bab77882fffb79296240ff1"},"headline":"Spanske myndigheter tilbakekaller Agrado solkrem over forbudte ingredienser","datePublished":"2026-04-09T18:04:44+00:00","dateModified":"2026-04-09T18:04:46+00:00","mainEntityOfPage":{"@id":"https:\/\/nordnesrepublikken.no\/index.php\/2026\/04\/09\/spanske-myndigheter-tilbakekaller-agrado-solkrem-over-forbudte-ingredienser\/"},"wordCount":549,"publisher":{"@id":"https:\/\/nordnesrepublikken.no\/#organization"},"image":{"@id":"https:\/\/nordnesrepublikken.no\/index.php\/2026\/04\/09\/spanske-myndigheter-tilbakekaller-agrado-solkrem-over-forbudte-ingredienser\/#primaryimage"},"thumbnailUrl":"https:\/\/nordnesrepublikken.no\/wp-content\/uploads\/2026\/04\/1775757885_Spanske-myndigheter-tilbakekaller-Agrado-solkrem-over-forbudte-ingredienser.jpeg","keywords":["Agrado","forbudte","ingredienser","myndigheter","solkrem","spanske","tilbakekaller"],"articleSection":["Livsstil"],"inLanguage":"nb-NO"},{"@type":"WebPage","@id":"https:\/\/nordnesrepublikken.no\/index.php\/2026\/04\/09\/spanske-myndigheter-tilbakekaller-agrado-solkrem-over-forbudte-ingredienser\/","url":"https:\/\/nordnesrepublikken.no\/index.php\/2026\/04\/09\/spanske-myndigheter-tilbakekaller-agrado-solkrem-over-forbudte-ingredienser\/","name":"Spanske myndigheter tilbakekaller Agrado solkrem over forbudte ingredienser - Nordnesrepublikken","isPartOf":{"@id":"https:\/\/nordnesrepublikken.no\/#website"},"primaryImageOfPage":{"@id":"https:\/\/nordnesrepublikken.no\/index.php\/2026\/04\/09\/spanske-myndigheter-tilbakekaller-agrado-solkrem-over-forbudte-ingredienser\/#primaryimage"},"image":{"@id":"https:\/\/nordnesrepublikken.no\/index.php\/2026\/04\/09\/spanske-myndigheter-tilbakekaller-agrado-solkrem-over-forbudte-ingredienser\/#primaryimage"},"thumbnailUrl":"https:\/\/nordnesrepublikken.no\/wp-content\/uploads\/2026\/04\/1775757885_Spanske-myndigheter-tilbakekaller-Agrado-solkrem-over-forbudte-ingredienser.jpeg","datePublished":"2026-04-09T18:04:44+00:00","dateModified":"2026-04-09T18:04:46+00:00","breadcrumb":{"@id":"https:\/\/nordnesrepublikken.no\/index.php\/2026\/04\/09\/spanske-myndigheter-tilbakekaller-agrado-solkrem-over-forbudte-ingredienser\/#breadcrumb"},"inLanguage":"nb-NO","potentialAction":[{"@type":"ReadAction","target":["https:\/\/nordnesrepublikken.no\/index.php\/2026\/04\/09\/spanske-myndigheter-tilbakekaller-agrado-solkrem-over-forbudte-ingredienser\/"]}]},{"@type":"ImageObject","inLanguage":"nb-NO","@id":"https:\/\/nordnesrepublikken.no\/index.php\/2026\/04\/09\/spanske-myndigheter-tilbakekaller-agrado-solkrem-over-forbudte-ingredienser\/#primaryimage","url":"https:\/\/nordnesrepublikken.no\/wp-content\/uploads\/2026\/04\/1775757885_Spanske-myndigheter-tilbakekaller-Agrado-solkrem-over-forbudte-ingredienser.jpeg","contentUrl":"https:\/\/nordnesrepublikken.no\/wp-content\/uploads\/2026\/04\/1775757885_Spanske-myndigheter-tilbakekaller-Agrado-solkrem-over-forbudte-ingredienser.jpeg","width":1600,"height":533,"caption":"Spanske myndigheter tilbakekaller Agrado solkrem over forbudte ingredienser"},{"@type":"BreadcrumbList","@id":"https:\/\/nordnesrepublikken.no\/index.php\/2026\/04\/09\/spanske-myndigheter-tilbakekaller-agrado-solkrem-over-forbudte-ingredienser\/#breadcrumb","itemListElement":[{"@type":"ListItem","position":1,"name":"Home","item":"https:\/\/nordnesrepublikken.no\/"},{"@type":"ListItem","position":2,"name":"Spanske myndigheter tilbakekaller Agrado solkrem over forbudte ingredienser"}]},{"@type":"WebSite","@id":"https:\/\/nordnesrepublikken.no\/#website","url":"https:\/\/nordnesrepublikken.no\/","name":"Nordnesrepublikken","description":"Stemmer og Visjoner fra Republikkens Hjerte","publisher":{"@id":"https:\/\/nordnesrepublikken.no\/#organization"},"potentialAction":[{"@type":"SearchAction","target":{"@type":"EntryPoint","urlTemplate":"https:\/\/nordnesrepublikken.no\/?s={search_term_string}"},"query-input":{"@type":"PropertyValueSpecification","valueRequired":true,"valueName":"search_term_string"}}],"inLanguage":"nb-NO"},{"@type":"Organization","@id":"https:\/\/nordnesrepublikken.no\/#organization","name":"Nordnesrepublikken","url":"https:\/\/nordnesrepublikken.no\/","logo":{"@type":"ImageObject","inLanguage":"nb-NO","@id":"https:\/\/nordnesrepublikken.no\/#\/schema\/logo\/image\/","url":"https:\/\/nordnesrepublikken.no\/wp-content\/uploads\/2025\/02\/cropped-nordnesrepublikken-2.png","contentUrl":"https:\/\/nordnesrepublikken.no\/wp-content\/uploads\/2025\/02\/cropped-nordnesrepublikken-2.png","width":1248,"height":362,"caption":"Nordnesrepublikken"},"image":{"@id":"https:\/\/nordnesrepublikken.no\/#\/schema\/logo\/image\/"}},{"@type":"Person","@id":"https:\/\/nordnesrepublikken.no\/#\/schema\/person\/2e7e81935bab77882fffb79296240ff1","name":"Ole Andersen","image":{"@type":"ImageObject","inLanguage":"nb-NO","@id":"https:\/\/nordnesrepublikken.no\/#\/schema\/person\/image\/","url":"https:\/\/nordnesrepublikken.no\/wp-content\/uploads\/2025\/02\/nordnesrepublikken-2-2-150x150.jpg","contentUrl":"https:\/\/nordnesrepublikken.no\/wp-content\/uploads\/2025\/02\/nordnesrepublikken-2-2-150x150.jpg","caption":"Ole Andersen"},"description":"Ettersom jeg vokste opp i Oslo, har jeg alltid v\u00e6rt fascinert av ordenes kraft og deres evne til \u00e5 skape endringer. Etter \u00e5 ha fullf\u00f8rt min utdannelse i kommunikasjon ved Universitetet i Bergen, fikk jeg muligheten til \u00e5 jobbe innen ulike medier, der jeg har s\u00f8kt \u00e5 belyse viktige samfunnssp\u00f8rsm\u00e5l. I dag, som redakt\u00f8r for Nordnesrepublikken, pr\u00f8ver jeg \u00e5 forene min kj\u00e6rlighet for journalistikk med min lidenskap for innovasjon og eventyr.","sameAs":["https:\/\/nordnesrepublikken.no\/"]}]}},"_links":{"self":[{"href":"https:\/\/nordnesrepublikken.no\/index.php\/wp-json\/wp\/v2\/posts\/16810","targetHints":{"allow":["GET"]}}],"collection":[{"href":"https:\/\/nordnesrepublikken.no\/index.php\/wp-json\/wp\/v2\/posts"}],"about":[{"href":"https:\/\/nordnesrepublikken.no\/index.php\/wp-json\/wp\/v2\/types\/post"}],"author":[{"embeddable":true,"href":"https:\/\/nordnesrepublikken.no\/index.php\/wp-json\/wp\/v2\/users\/1"}],"replies":[{"embeddable":true,"href":"https:\/\/nordnesrepublikken.no\/index.php\/wp-json\/wp\/v2\/comments?post=16810"}],"version-history":[{"count":1,"href":"https:\/\/nordnesrepublikken.no\/index.php\/wp-json\/wp\/v2\/posts\/16810\/revisions"}],"predecessor-version":[{"id":16812,"href":"https:\/\/nordnesrepublikken.no\/index.php\/wp-json\/wp\/v2\/posts\/16810\/revisions\/16812"}],"wp:featuredmedia":[{"embeddable":true,"href":"https:\/\/nordnesrepublikken.no\/index.php\/wp-json\/wp\/v2\/media\/16811"}],"wp:attachment":[{"href":"https:\/\/nordnesrepublikken.no\/index.php\/wp-json\/wp\/v2\/media?parent=16810"}],"wp:term":[{"taxonomy":"category","embeddable":true,"href":"https:\/\/nordnesrepublikken.no\/index.php\/wp-json\/wp\/v2\/categories?post=16810"},{"taxonomy":"post_tag","embeddable":true,"href":"https:\/\/nordnesrepublikken.no\/index.php\/wp-json\/wp\/v2\/tags?post=16810"}],"curies":[{"name":"wp","href":"https:\/\/api.w.org\/{rel}","templated":true}]}}