{"id":16796,"date":"2026-04-09T13:05:45","date_gmt":"2026-04-09T11:05:45","guid":{"rendered":"https:\/\/nordnesrepublikken.no\/index.php\/2026\/04\/09\/hvordan-trafikken-endres-og-hva-det-betyr\/"},"modified":"2026-04-09T13:05:48","modified_gmt":"2026-04-09T11:05:48","slug":"hvordan-trafikken-endres-og-hva-det-betyr","status":"publish","type":"post","link":"https:\/\/nordnesrepublikken.no\/index.php\/2026\/04\/09\/hvordan-trafikken-endres-og-hva-det-betyr\/","title":{"rendered":"hvordan trafikken endres og hva det betyr"},"content":{"rendered":"<div>\n<div class=\"cp_wrapper cp_wrapper--fw mb-30 mb-20@tablet\">\n<figure class=\"mm\"><picture class=\"img\" style=\"padding-top:56.25%\"><source  media=\"(min-width: 1024px)\"><source  media=\"(min-width: 768px)\"><\/source><\/source><\/picture><\/figure>\n<\/p><\/div>\n<p>TIL <strong>Roma<\/strong> vi kan snart bli m\u00f8tt med en interessant utvikling av trafikklysspr\u00e5ket. I tillegg til de tre &laquo;tradisjonelle&raquo; fargene &#8211; r\u00f8d, gul og gr\u00f8nn &#8211; den<strong>introduksjon av en fjerde farge<\/strong>det<strong> hvit<\/strong>designet for \u00e5 integreres med tilkoblede kj\u00f8ret\u00f8y og autonome kj\u00f8resystemer. Nyheten ville ikke v\u00e6re estetisk i det hele tatt. Dette vil v\u00e6re en rent funksjonell l\u00f8sning. Ideen ble f\u00f8dt i sammenheng med s\u00e5kalte smarte veier, det vil si veiinfrastruktur utstyrt med sensorer, kommunikasjonssystemer og muligheten til \u00e5 behandle data i sanntid. Det hvite lyset skulle indikere at trafikkkoordinering ikke lenger utelukkende er avhengig av lyskrysset, men av et digitalt nettverk som kobler sammen kj\u00f8ret\u00f8y og selve veiinfrastrukturen.<\/p>\n<p>For \u00e5 bruke ordene til <strong>Luigi Di Matteo<\/strong>ansvarlig for det tekniske omr\u00e5det til ACI, \u00ab<em>n\u00e5r det hvite lyset vises, kommuniserer de tilkoblede kj\u00f8ret\u00f8yene med hverandre og med infrastrukturen, og optimaliserer automatisk passasjen i krysset<\/em>\u00bb. P\u00e5 denne m\u00e5ten kan vi n\u00e5 m\u00e5let om \u00ab<em>redusere ventetidene, forbedre trafikkflyten og utnytte databehandlings- og kommunikasjonsmulighetene til autonome kj\u00f8ret\u00f8y<\/em>\u00bb, som ikke er d\u00e5rlig i en kompleks by som Roma.<\/p>\n<h2>Hvordan hvitt lys kan endre trafikken<\/h2>\n<p>Ideen om hvitt lys knytter seg direkte inn i <strong>tilkoblet mobilitet<\/strong>det vil si et system der kj\u00f8ret\u00f8y kommuniserer med hverandre og med veien. N\u00e5r vi snakker om kommunikasjon mellom kj\u00f8ret\u00f8y og infrastruktur, ofte referert til med akronymet <strong>V2I<\/strong> (<em>Kj\u00f8ret\u00f8y-til-infrastruktur<\/em>), mener vi en kontinuerlig utveksling av data som gj\u00f8r at bevegelser kan koordineres mer effektivt enn statiske signaler. I n\u00e6rv\u00e6r av hvitt lys vil dette digitale nettverket ideelt sett bli &laquo;direkt\u00f8ren&raquo; for krysset.<\/p>\n<p>De <strong>smarte veier<\/strong> de representerer den muliggj\u00f8rende infrastrukturen til denne modellen. Selv om det helt klart <strong>de eliminerer ikke trafikk i absolutt forstand, de forbedrer styringen<\/strong>. Takket v\u00e6re sensorer, kameraer og sanntidsanalysealgoritmer er veien i stand til \u00e5 tilpasse seg gjeldende forhold. Dette betyr trafikklys som endrer varigheten av gr\u00f8nt lys basert p\u00e5 faktiske str\u00f8mninger, kj\u00f8refelt som endrer funksjon dynamisk og informasjonssystemer som foresl\u00e5r alternative ruter. Slik skjer det s\u00e5kalte <strong>dynamisk trafikkstyring<\/strong>det vil si en tiln\u00e6rming som erstatter faste regler og erstatter dem med beslutninger basert p\u00e5 data som overf\u00f8res og leses av systemer i sanntid. Studier indikerer at med en betydelig spredning av tilkoblede kj\u00f8ret\u00f8y, kan infrastrukturkapasiteten \u00f8kes uten \u00e5 bygge nye veier.<\/p>\n<h2>M\u00e5let: \u00e5 \u00f8ke trafikksikkerheten<\/h2>\n<p>P\u00e5 niv\u00e5 med <strong>sikkerhet<\/strong>blir integrasjonen mellom smarte veier og autonom kj\u00f8ring fremfor alt sett p\u00e5 som en<strong>anledning<\/strong>. I dag er de fleste trafikkulykker knyttet til den menneskelige faktoren: distraksjon (for eksempel p\u00e5 grunn av feil bruk av smarttelefoner mens du kj\u00f8rer), feil i d\u00f8mmekraften eller for h\u00f8y hastighet. F\u00f8rerassistentsystemer og helt autonome systemer reduserer denne feilmarginen.<\/p>\n<p>Og apropos sikkerhet, lederen for ACI Technical Area <strong>Luigi Di Matteo<\/strong> (allerede nevnt f\u00f8r), forklarte:<\/p>\n<blockquote>\n<p>Assisterte og autonome kj\u00f8reteknologier kan redusere denne menneskelige faktoren. Smarte veier gir et ekstra sikkerhetsniv\u00e5: digitale skilt, kommunikasjon mellom kj\u00f8ret\u00f8y og infrastruktur, forh\u00e5ndsvarsling om ulykker eller hindringer, overv\u00e5king av veiforhold. Alle elementer som lar deg forebygge risikosituasjoner. Selvf\u00f8lgelig gjenst\u00e5r det \u00e5 l\u00f8se problemer, som systemp\u00e5litelighet, cybersikkerhet og sameksistensen av tradisjonelle og autonome kj\u00f8ret\u00f8y. Men generelt g\u00e5r retningen mot et tryggere mobilitetssystem.<\/p>\n<\/blockquote><\/div>\n","protected":false},"excerpt":{"rendered":"<p>TIL Roma vi kan snart bli m\u00f8tt med en interessant utvikling av trafikklysspr\u00e5ket. I tillegg<\/p>\n","protected":false},"author":1,"featured_media":16797,"comment_status":"closed","ping_status":"open","sticky":false,"template":"","format":"standard","meta":{"footnotes":""},"categories":[25],"tags":[186,66,4451,144,112,10854],"class_list":["post-16796","post","type-post","status-publish","format-standard","has-post-thumbnail","hentry","category-teknologi","tag-betyr","tag-det","tag-endres","tag-hva","tag-hvordan","tag-trafikken","generate-columns","tablet-grid-50","mobile-grid-100","grid-parent","grid-33","resize-featured-image"],"yoast_head":"<!-- This site is optimized with the Yoast SEO plugin v24.4 - https:\/\/yoast.com\/wordpress\/plugins\/seo\/ -->\n<title>hvordan trafikken endres og hva det betyr - Nordnesrepublikken<\/title>\n<meta name=\"robots\" content=\"index, follow, max-snippet:-1, max-image-preview:large, max-video-preview:-1\" \/>\n<link rel=\"canonical\" href=\"https:\/\/nordnesrepublikken.no\/index.php\/2026\/04\/09\/hvordan-trafikken-endres-og-hva-det-betyr\/\" \/>\n<meta property=\"og:locale\" content=\"nb_NO\" \/>\n<meta property=\"og:type\" content=\"article\" \/>\n<meta property=\"og:title\" content=\"hvordan trafikken endres og hva det betyr - Nordnesrepublikken\" \/>\n<meta property=\"og:description\" content=\"TIL Roma vi kan snart bli m\u00f8tt med en interessant utvikling av trafikklysspr\u00e5ket. I tillegg\" \/>\n<meta property=\"og:url\" content=\"https:\/\/nordnesrepublikken.no\/index.php\/2026\/04\/09\/hvordan-trafikken-endres-og-hva-det-betyr\/\" \/>\n<meta property=\"og:site_name\" content=\"Nordnesrepublikken\" \/>\n<meta property=\"article:published_time\" content=\"2026-04-09T11:05:45+00:00\" \/>\n<meta property=\"article:modified_time\" content=\"2026-04-09T11:05:48+00:00\" \/>\n<meta property=\"og:image\" content=\"https:\/\/nordnesrepublikken.no\/wp-content\/uploads\/2026\/04\/1775732747_hvordan-trafikken-endres-og-hva-det-betyr.jpg\" \/>\n\t<meta property=\"og:image:width\" content=\"1005\" \/>\n\t<meta property=\"og:image:height\" content=\"683\" \/>\n\t<meta property=\"og:image:type\" content=\"image\/jpeg\" \/>\n<meta name=\"author\" content=\"Ole Andersen\" \/>\n<meta name=\"twitter:card\" content=\"summary_large_image\" \/>\n<meta name=\"twitter:label1\" content=\"Skrevet av\" \/>\n\t<meta name=\"twitter:data1\" content=\"Ole Andersen\" \/>\n\t<meta name=\"twitter:label2\" content=\"Ansl. lesetid\" \/>\n\t<meta name=\"twitter:data2\" content=\"3 minutter\" \/>\n<script type=\"application\/ld+json\" class=\"yoast-schema-graph\">{\"@context\":\"https:\/\/schema.org\",\"@graph\":[{\"@type\":\"Article\",\"@id\":\"https:\/\/nordnesrepublikken.no\/index.php\/2026\/04\/09\/hvordan-trafikken-endres-og-hva-det-betyr\/#article\",\"isPartOf\":{\"@id\":\"https:\/\/nordnesrepublikken.no\/index.php\/2026\/04\/09\/hvordan-trafikken-endres-og-hva-det-betyr\/\"},\"author\":{\"name\":\"Ole Andersen\",\"@id\":\"https:\/\/nordnesrepublikken.no\/#\/schema\/person\/2e7e81935bab77882fffb79296240ff1\"},\"headline\":\"hvordan trafikken endres og hva det betyr\",\"datePublished\":\"2026-04-09T11:05:45+00:00\",\"dateModified\":\"2026-04-09T11:05:48+00:00\",\"mainEntityOfPage\":{\"@id\":\"https:\/\/nordnesrepublikken.no\/index.php\/2026\/04\/09\/hvordan-trafikken-endres-og-hva-det-betyr\/\"},\"wordCount\":565,\"publisher\":{\"@id\":\"https:\/\/nordnesrepublikken.no\/#organization\"},\"image\":{\"@id\":\"https:\/\/nordnesrepublikken.no\/index.php\/2026\/04\/09\/hvordan-trafikken-endres-og-hva-det-betyr\/#primaryimage\"},\"thumbnailUrl\":\"https:\/\/nordnesrepublikken.no\/wp-content\/uploads\/2026\/04\/1775732747_hvordan-trafikken-endres-og-hva-det-betyr.jpg\",\"keywords\":[\"betyr\",\"Det\",\"endres\",\"Hva\",\"Hvordan\",\"trafikken\"],\"articleSection\":[\"Teknologi\"],\"inLanguage\":\"nb-NO\"},{\"@type\":\"WebPage\",\"@id\":\"https:\/\/nordnesrepublikken.no\/index.php\/2026\/04\/09\/hvordan-trafikken-endres-og-hva-det-betyr\/\",\"url\":\"https:\/\/nordnesrepublikken.no\/index.php\/2026\/04\/09\/hvordan-trafikken-endres-og-hva-det-betyr\/\",\"name\":\"hvordan trafikken endres og hva det betyr - Nordnesrepublikken\",\"isPartOf\":{\"@id\":\"https:\/\/nordnesrepublikken.no\/#website\"},\"primaryImageOfPage\":{\"@id\":\"https:\/\/nordnesrepublikken.no\/index.php\/2026\/04\/09\/hvordan-trafikken-endres-og-hva-det-betyr\/#primaryimage\"},\"image\":{\"@id\":\"https:\/\/nordnesrepublikken.no\/index.php\/2026\/04\/09\/hvordan-trafikken-endres-og-hva-det-betyr\/#primaryimage\"},\"thumbnailUrl\":\"https:\/\/nordnesrepublikken.no\/wp-content\/uploads\/2026\/04\/1775732747_hvordan-trafikken-endres-og-hva-det-betyr.jpg\",\"datePublished\":\"2026-04-09T11:05:45+00:00\",\"dateModified\":\"2026-04-09T11:05:48+00:00\",\"breadcrumb\":{\"@id\":\"https:\/\/nordnesrepublikken.no\/index.php\/2026\/04\/09\/hvordan-trafikken-endres-og-hva-det-betyr\/#breadcrumb\"},\"inLanguage\":\"nb-NO\",\"potentialAction\":[{\"@type\":\"ReadAction\",\"target\":[\"https:\/\/nordnesrepublikken.no\/index.php\/2026\/04\/09\/hvordan-trafikken-endres-og-hva-det-betyr\/\"]}]},{\"@type\":\"ImageObject\",\"inLanguage\":\"nb-NO\",\"@id\":\"https:\/\/nordnesrepublikken.no\/index.php\/2026\/04\/09\/hvordan-trafikken-endres-og-hva-det-betyr\/#primaryimage\",\"url\":\"https:\/\/nordnesrepublikken.no\/wp-content\/uploads\/2026\/04\/1775732747_hvordan-trafikken-endres-og-hva-det-betyr.jpg\",\"contentUrl\":\"https:\/\/nordnesrepublikken.no\/wp-content\/uploads\/2026\/04\/1775732747_hvordan-trafikken-endres-og-hva-det-betyr.jpg\",\"width\":1005,\"height\":683,\"caption\":\"hvordan trafikken endres og hva det betyr\"},{\"@type\":\"BreadcrumbList\",\"@id\":\"https:\/\/nordnesrepublikken.no\/index.php\/2026\/04\/09\/hvordan-trafikken-endres-og-hva-det-betyr\/#breadcrumb\",\"itemListElement\":[{\"@type\":\"ListItem\",\"position\":1,\"name\":\"Home\",\"item\":\"https:\/\/nordnesrepublikken.no\/\"},{\"@type\":\"ListItem\",\"position\":2,\"name\":\"hvordan trafikken endres og hva det betyr\"}]},{\"@type\":\"WebSite\",\"@id\":\"https:\/\/nordnesrepublikken.no\/#website\",\"url\":\"https:\/\/nordnesrepublikken.no\/\",\"name\":\"Nordnesrepublikken\",\"description\":\"Stemmer og Visjoner fra Republikkens Hjerte\",\"publisher\":{\"@id\":\"https:\/\/nordnesrepublikken.no\/#organization\"},\"potentialAction\":[{\"@type\":\"SearchAction\",\"target\":{\"@type\":\"EntryPoint\",\"urlTemplate\":\"https:\/\/nordnesrepublikken.no\/?s={search_term_string}\"},\"query-input\":{\"@type\":\"PropertyValueSpecification\",\"valueRequired\":true,\"valueName\":\"search_term_string\"}}],\"inLanguage\":\"nb-NO\"},{\"@type\":\"Organization\",\"@id\":\"https:\/\/nordnesrepublikken.no\/#organization\",\"name\":\"Nordnesrepublikken\",\"url\":\"https:\/\/nordnesrepublikken.no\/\",\"logo\":{\"@type\":\"ImageObject\",\"inLanguage\":\"nb-NO\",\"@id\":\"https:\/\/nordnesrepublikken.no\/#\/schema\/logo\/image\/\",\"url\":\"https:\/\/nordnesrepublikken.no\/wp-content\/uploads\/2025\/02\/cropped-nordnesrepublikken-2.png\",\"contentUrl\":\"https:\/\/nordnesrepublikken.no\/wp-content\/uploads\/2025\/02\/cropped-nordnesrepublikken-2.png\",\"width\":1248,\"height\":362,\"caption\":\"Nordnesrepublikken\"},\"image\":{\"@id\":\"https:\/\/nordnesrepublikken.no\/#\/schema\/logo\/image\/\"}},{\"@type\":\"Person\",\"@id\":\"https:\/\/nordnesrepublikken.no\/#\/schema\/person\/2e7e81935bab77882fffb79296240ff1\",\"name\":\"Ole Andersen\",\"image\":{\"@type\":\"ImageObject\",\"inLanguage\":\"nb-NO\",\"@id\":\"https:\/\/nordnesrepublikken.no\/#\/schema\/person\/image\/\",\"url\":\"https:\/\/nordnesrepublikken.no\/wp-content\/uploads\/2025\/02\/nordnesrepublikken-2-2-150x150.jpg\",\"contentUrl\":\"https:\/\/nordnesrepublikken.no\/wp-content\/uploads\/2025\/02\/nordnesrepublikken-2-2-150x150.jpg\",\"caption\":\"Ole Andersen\"},\"description\":\"Ettersom jeg vokste opp i Oslo, har jeg alltid v\u00e6rt fascinert av ordenes kraft og deres evne til \u00e5 skape endringer. Etter \u00e5 ha fullf\u00f8rt min utdannelse i kommunikasjon ved Universitetet i Bergen, fikk jeg muligheten til \u00e5 jobbe innen ulike medier, der jeg har s\u00f8kt \u00e5 belyse viktige samfunnssp\u00f8rsm\u00e5l. I dag, som redakt\u00f8r for Nordnesrepublikken, pr\u00f8ver jeg \u00e5 forene min kj\u00e6rlighet for journalistikk med min lidenskap for innovasjon og eventyr.\",\"sameAs\":[\"https:\/\/nordnesrepublikken.no\/\"]}]}<\/script>\n<!-- \/ Yoast SEO plugin. -->","yoast_head_json":{"title":"hvordan trafikken endres og hva det betyr - Nordnesrepublikken","robots":{"index":"index","follow":"follow","max-snippet":"max-snippet:-1","max-image-preview":"max-image-preview:large","max-video-preview":"max-video-preview:-1"},"canonical":"https:\/\/nordnesrepublikken.no\/index.php\/2026\/04\/09\/hvordan-trafikken-endres-og-hva-det-betyr\/","og_locale":"nb_NO","og_type":"article","og_title":"hvordan trafikken endres og hva det betyr - Nordnesrepublikken","og_description":"TIL Roma vi kan snart bli m\u00f8tt med en interessant utvikling av trafikklysspr\u00e5ket. I tillegg","og_url":"https:\/\/nordnesrepublikken.no\/index.php\/2026\/04\/09\/hvordan-trafikken-endres-og-hva-det-betyr\/","og_site_name":"Nordnesrepublikken","article_published_time":"2026-04-09T11:05:45+00:00","article_modified_time":"2026-04-09T11:05:48+00:00","og_image":[{"width":1005,"height":683,"url":"https:\/\/nordnesrepublikken.no\/wp-content\/uploads\/2026\/04\/1775732747_hvordan-trafikken-endres-og-hva-det-betyr.jpg","type":"image\/jpeg"}],"author":"Ole Andersen","twitter_card":"summary_large_image","twitter_misc":{"Skrevet av":"Ole Andersen","Ansl. lesetid":"3 minutter"},"schema":{"@context":"https:\/\/schema.org","@graph":[{"@type":"Article","@id":"https:\/\/nordnesrepublikken.no\/index.php\/2026\/04\/09\/hvordan-trafikken-endres-og-hva-det-betyr\/#article","isPartOf":{"@id":"https:\/\/nordnesrepublikken.no\/index.php\/2026\/04\/09\/hvordan-trafikken-endres-og-hva-det-betyr\/"},"author":{"name":"Ole Andersen","@id":"https:\/\/nordnesrepublikken.no\/#\/schema\/person\/2e7e81935bab77882fffb79296240ff1"},"headline":"hvordan trafikken endres og hva det betyr","datePublished":"2026-04-09T11:05:45+00:00","dateModified":"2026-04-09T11:05:48+00:00","mainEntityOfPage":{"@id":"https:\/\/nordnesrepublikken.no\/index.php\/2026\/04\/09\/hvordan-trafikken-endres-og-hva-det-betyr\/"},"wordCount":565,"publisher":{"@id":"https:\/\/nordnesrepublikken.no\/#organization"},"image":{"@id":"https:\/\/nordnesrepublikken.no\/index.php\/2026\/04\/09\/hvordan-trafikken-endres-og-hva-det-betyr\/#primaryimage"},"thumbnailUrl":"https:\/\/nordnesrepublikken.no\/wp-content\/uploads\/2026\/04\/1775732747_hvordan-trafikken-endres-og-hva-det-betyr.jpg","keywords":["betyr","Det","endres","Hva","Hvordan","trafikken"],"articleSection":["Teknologi"],"inLanguage":"nb-NO"},{"@type":"WebPage","@id":"https:\/\/nordnesrepublikken.no\/index.php\/2026\/04\/09\/hvordan-trafikken-endres-og-hva-det-betyr\/","url":"https:\/\/nordnesrepublikken.no\/index.php\/2026\/04\/09\/hvordan-trafikken-endres-og-hva-det-betyr\/","name":"hvordan trafikken endres og hva det betyr - Nordnesrepublikken","isPartOf":{"@id":"https:\/\/nordnesrepublikken.no\/#website"},"primaryImageOfPage":{"@id":"https:\/\/nordnesrepublikken.no\/index.php\/2026\/04\/09\/hvordan-trafikken-endres-og-hva-det-betyr\/#primaryimage"},"image":{"@id":"https:\/\/nordnesrepublikken.no\/index.php\/2026\/04\/09\/hvordan-trafikken-endres-og-hva-det-betyr\/#primaryimage"},"thumbnailUrl":"https:\/\/nordnesrepublikken.no\/wp-content\/uploads\/2026\/04\/1775732747_hvordan-trafikken-endres-og-hva-det-betyr.jpg","datePublished":"2026-04-09T11:05:45+00:00","dateModified":"2026-04-09T11:05:48+00:00","breadcrumb":{"@id":"https:\/\/nordnesrepublikken.no\/index.php\/2026\/04\/09\/hvordan-trafikken-endres-og-hva-det-betyr\/#breadcrumb"},"inLanguage":"nb-NO","potentialAction":[{"@type":"ReadAction","target":["https:\/\/nordnesrepublikken.no\/index.php\/2026\/04\/09\/hvordan-trafikken-endres-og-hva-det-betyr\/"]}]},{"@type":"ImageObject","inLanguage":"nb-NO","@id":"https:\/\/nordnesrepublikken.no\/index.php\/2026\/04\/09\/hvordan-trafikken-endres-og-hva-det-betyr\/#primaryimage","url":"https:\/\/nordnesrepublikken.no\/wp-content\/uploads\/2026\/04\/1775732747_hvordan-trafikken-endres-og-hva-det-betyr.jpg","contentUrl":"https:\/\/nordnesrepublikken.no\/wp-content\/uploads\/2026\/04\/1775732747_hvordan-trafikken-endres-og-hva-det-betyr.jpg","width":1005,"height":683,"caption":"hvordan trafikken endres og hva det betyr"},{"@type":"BreadcrumbList","@id":"https:\/\/nordnesrepublikken.no\/index.php\/2026\/04\/09\/hvordan-trafikken-endres-og-hva-det-betyr\/#breadcrumb","itemListElement":[{"@type":"ListItem","position":1,"name":"Home","item":"https:\/\/nordnesrepublikken.no\/"},{"@type":"ListItem","position":2,"name":"hvordan trafikken endres og hva det betyr"}]},{"@type":"WebSite","@id":"https:\/\/nordnesrepublikken.no\/#website","url":"https:\/\/nordnesrepublikken.no\/","name":"Nordnesrepublikken","description":"Stemmer og Visjoner fra Republikkens Hjerte","publisher":{"@id":"https:\/\/nordnesrepublikken.no\/#organization"},"potentialAction":[{"@type":"SearchAction","target":{"@type":"EntryPoint","urlTemplate":"https:\/\/nordnesrepublikken.no\/?s={search_term_string}"},"query-input":{"@type":"PropertyValueSpecification","valueRequired":true,"valueName":"search_term_string"}}],"inLanguage":"nb-NO"},{"@type":"Organization","@id":"https:\/\/nordnesrepublikken.no\/#organization","name":"Nordnesrepublikken","url":"https:\/\/nordnesrepublikken.no\/","logo":{"@type":"ImageObject","inLanguage":"nb-NO","@id":"https:\/\/nordnesrepublikken.no\/#\/schema\/logo\/image\/","url":"https:\/\/nordnesrepublikken.no\/wp-content\/uploads\/2025\/02\/cropped-nordnesrepublikken-2.png","contentUrl":"https:\/\/nordnesrepublikken.no\/wp-content\/uploads\/2025\/02\/cropped-nordnesrepublikken-2.png","width":1248,"height":362,"caption":"Nordnesrepublikken"},"image":{"@id":"https:\/\/nordnesrepublikken.no\/#\/schema\/logo\/image\/"}},{"@type":"Person","@id":"https:\/\/nordnesrepublikken.no\/#\/schema\/person\/2e7e81935bab77882fffb79296240ff1","name":"Ole Andersen","image":{"@type":"ImageObject","inLanguage":"nb-NO","@id":"https:\/\/nordnesrepublikken.no\/#\/schema\/person\/image\/","url":"https:\/\/nordnesrepublikken.no\/wp-content\/uploads\/2025\/02\/nordnesrepublikken-2-2-150x150.jpg","contentUrl":"https:\/\/nordnesrepublikken.no\/wp-content\/uploads\/2025\/02\/nordnesrepublikken-2-2-150x150.jpg","caption":"Ole Andersen"},"description":"Ettersom jeg vokste opp i Oslo, har jeg alltid v\u00e6rt fascinert av ordenes kraft og deres evne til \u00e5 skape endringer. Etter \u00e5 ha fullf\u00f8rt min utdannelse i kommunikasjon ved Universitetet i Bergen, fikk jeg muligheten til \u00e5 jobbe innen ulike medier, der jeg har s\u00f8kt \u00e5 belyse viktige samfunnssp\u00f8rsm\u00e5l. I dag, som redakt\u00f8r for Nordnesrepublikken, pr\u00f8ver jeg \u00e5 forene min kj\u00e6rlighet for journalistikk med min lidenskap for innovasjon og eventyr.","sameAs":["https:\/\/nordnesrepublikken.no\/"]}]}},"_links":{"self":[{"href":"https:\/\/nordnesrepublikken.no\/index.php\/wp-json\/wp\/v2\/posts\/16796","targetHints":{"allow":["GET"]}}],"collection":[{"href":"https:\/\/nordnesrepublikken.no\/index.php\/wp-json\/wp\/v2\/posts"}],"about":[{"href":"https:\/\/nordnesrepublikken.no\/index.php\/wp-json\/wp\/v2\/types\/post"}],"author":[{"embeddable":true,"href":"https:\/\/nordnesrepublikken.no\/index.php\/wp-json\/wp\/v2\/users\/1"}],"replies":[{"embeddable":true,"href":"https:\/\/nordnesrepublikken.no\/index.php\/wp-json\/wp\/v2\/comments?post=16796"}],"version-history":[{"count":1,"href":"https:\/\/nordnesrepublikken.no\/index.php\/wp-json\/wp\/v2\/posts\/16796\/revisions"}],"predecessor-version":[{"id":16798,"href":"https:\/\/nordnesrepublikken.no\/index.php\/wp-json\/wp\/v2\/posts\/16796\/revisions\/16798"}],"wp:featuredmedia":[{"embeddable":true,"href":"https:\/\/nordnesrepublikken.no\/index.php\/wp-json\/wp\/v2\/media\/16797"}],"wp:attachment":[{"href":"https:\/\/nordnesrepublikken.no\/index.php\/wp-json\/wp\/v2\/media?parent=16796"}],"wp:term":[{"taxonomy":"category","embeddable":true,"href":"https:\/\/nordnesrepublikken.no\/index.php\/wp-json\/wp\/v2\/categories?post=16796"},{"taxonomy":"post_tag","embeddable":true,"href":"https:\/\/nordnesrepublikken.no\/index.php\/wp-json\/wp\/v2\/tags?post=16796"}],"curies":[{"name":"wp","href":"https:\/\/api.w.org\/{rel}","templated":true}]}}