{"id":16790,"date":"2026-04-09T11:56:55","date_gmt":"2026-04-09T09:56:55","guid":{"rendered":"https:\/\/nordnesrepublikken.no\/index.php\/2026\/04\/09\/palma-de-mallorca-lufthavn-legger-til-brit-only-baner-for-ees-utrullingen\/"},"modified":"2026-04-09T11:56:58","modified_gmt":"2026-04-09T09:56:58","slug":"palma-de-mallorca-lufthavn-legger-til-brit-only-baner-for-ees-utrullingen","status":"publish","type":"post","link":"https:\/\/nordnesrepublikken.no\/index.php\/2026\/04\/09\/palma-de-mallorca-lufthavn-legger-til-brit-only-baner-for-ees-utrullingen\/","title":{"rendered":"Palma de Mallorca lufthavn legger til &laquo;Brit-only&raquo;-baner f\u00f8r EES-utrullingen"},"content":{"rendered":"<p><\/p>\n<div class=\"wordpress-content\">\n                    <!-- Article Start --><\/p>\n<p><span style=\"font-weight: 400\">I forkant av den offisielle implementeringen av Entry\/Exit System, eller EES, har Spanias travleste ferietur bekreftet at den vil installere dedikerte &laquo;ikke-Schengen-britiske&raquo; baner for \u00e5 forhindre stans i trafikken. Palma de Mallorca-flyplassen har g\u00e5tt med p\u00e5 tiltaket etter at tester viste at f\u00f8rstegangsregistrering av EES kan ta opptil fire minutter per passasjer.<\/span><\/p>\n<h2>Kun britiske baner planla \u00e5 redusere k\u00f8er midt i ferie-EES-kaos<\/h2>\n<p><span style=\"font-weight: 400\">I henhold til denne planen vil britiske turister, som representerer 26 prosent av alle bes\u00f8kende til Balearene, bli sperret av i frittst\u00e5ende biometriske kiosker, bemannet av Guardia Civil-offiserer for \u00e5 lette trafikkflyten. Det lokale handelskammeret p\u00e5 Balearene har advart om at k\u00f8er p\u00e5 den travle flyplassen ved h\u00f8ytrafikk har potensial til \u00e5 n\u00e5 opptil fire timer.<\/span><\/p>\n<h2>Hva er EES?<\/h2>\n<p><span style=\"font-weight: 400\">EES, som skal v\u00e6re fullt implementert fredag \u200b\u200b10. april, har rullet ut p\u00e5 flyplasser over hele Spania i flere m\u00e5neder. EES er et automatisert system for registrering av ikke-EU-borgere som krysser EUs ytre grenser for korte opphold. Systemet tar sikte p\u00e5 \u00e5 fullstendig erstatte passstempler med digital registrering av ansiktsbilder, fingeravtrykk og reisedokumentdata, og ble implementert for \u00e5 gj\u00f8re reiser sikrere og raskere, og informasjon mer tilgjengelig for tjenestemenn.<\/span><\/p>\n<div class=\"sra_unit\"><link rel=\"stylesheet\" id=\"block-sra\" href=\"https:\/\/euroweeklynews.com\/wp-content\/plugins\/snack-related-articles\/dist\/css\/snack-related.min.css?250312-193541\" type=\"text\/css\" media=\"all\">\n<\/div>\n<h2>Systemet opplever voksesmerter: Timelange k\u00f8er og overbelastning p\u00e5 flyplasser<\/h2>\n<p><span style=\"font-weight: 400\">Men selv om EES tar sikte p\u00e5 \u00e5 gj\u00f8re reisen raskere, har implementeringen av selve systemet v\u00e6rt vanskelig, med flyplasser over hele Spania som rapporterer timelange k\u00f8er. I p\u00e5skeferien ble trafikken stoppet p\u00e5 flyplasser over hele Europa, med noen flyselskaper og flyplassoperat\u00f8rer som rapporterte om k\u00f8er p\u00e5 opptil to timer i noen tilfeller.<\/span><\/p>\n<p><span style=\"font-weight: 400\">Flyselskaper har ogs\u00e5 klaget over mangelen p\u00e5 effektivitet for utrullingen, og rapportert mangel p\u00e5 tilstrekkelig bemanning for volumet av mennesker som passerer gjennom flyplassen; problemer med flyplasskioskene, noe som f\u00f8rer til at passasjerer st\u00e5r i k\u00f8 for en manuell sjekk; og mangel p\u00e5 bruk av forh\u00e5ndsregistreringsverkt\u00f8y, ment \u00e5 gj\u00f8re det enklere og raskere for f\u00f8rstegangsbrukere av EES.<\/span><\/p>\n<p><span style=\"font-weight: 400\">Noen flyselskaper og operat\u00f8rer har bedt om en lempelse av utrullingen av systemet, men EU-kommisjonen er d\u00f8d satt til implementeringsdatoen 10. april for EES.<\/span><\/p>\n<p><span style=\"font-weight: 400\">Fristen 10. april kommer ogs\u00e5 en uke f\u00f8r en planlagt flykontrollstreik skal ramme 14 flyplasser over hele Spania, noe som forventes \u00e5 forstyrre flytrafikken, forlenge k\u00f8er og for\u00e5rsake ytterligere forstyrrelser i ulike autonome samfunn, inkludert Kanari\u00f8yene, Madrid og Valencia.<\/span><\/p>\n<h2>Hva kan passasjerene gj\u00f8re for \u00e5 unng\u00e5 lange k\u00f8er?<\/h2>\n<p><span style=\"font-weight: 400\">Mens EES fortsatt opplever voksesmerter, er det et par ting passasjerer kan gj\u00f8re for \u00e5 redusere hodepine.<\/span><\/p>\n<ul>\n<li style=\"font-weight: 400\"><b>Den tidlige fuglen f\u00e5r ormen.<\/b><span style=\"font-weight: 400\">  Mens EES fortsatt er relativt nytt, er det kanskje ingen m\u00e5te \u00e5 unng\u00e5 lange k\u00f8er n\u00e5r h\u00f8ysesongen kommer og nye passasjerer registrerer seg; planlegge for to til fire timer lange k\u00f8er, avhengig av flyplassen.<\/span><\/li>\n<li style=\"font-weight: 400\"><b>Bruk forh\u00e5ndsregistreringsverkt\u00f8y der det er tilgjengelig.<\/b><span style=\"font-weight: 400\">  \u00c5 ankomme tidlig og bruke en av selvbetjente kioskene p\u00e5 flyplassen eller laste ned Travel to Europe-mobilappen og forh\u00e5ndsregistrere seg gjennom den kan spare mye tid p\u00e5 \u00e5 vente i k\u00f8.<\/span><\/li>\n<li style=\"font-weight: 400\"><b>Vet f\u00f8r du g\u00e5r.<\/b><span style=\"font-weight: 400\">  Sjekk kravene for landet du bes\u00f8ker eller forlater for \u00e5 v\u00e6re sikker p\u00e5 at du har all n\u00f8dvendig dokumentasjon, og ha dem klare n\u00e5r de trengs.<\/span><\/li>\n<\/ul>\n<h2>Balearene forbereder seg p\u00e5 en travel turistsesong<\/h2>\n<p><span style=\"font-weight: 400\">Forsinkelsene er spesielt bekymringsfulle gitt at h\u00f8ysesongen ikke har kommet enn\u00e5; i sommersesongen behandler Balearene mer enn 60 000 ankomster fra Storbritannia per dag. Spesielt er Mallorca rangert som en av de mest bes\u00f8kte destinasjonene i verden i forhold til destinasjonen, med 29 bes\u00f8kende for hver innbygger.<\/span><\/p>\n<p>                    <!-- Originally published at https:\/\/euroweeklynews.com\/2026\/04\/09\/palma-de-mallorca-airport-adds-brit-only-lanes-ahead-of-ees-rollout\/ on 09 Apr 2026 at 11:43 by Natascha Rivera --><br \/>\n                    <!-- Article End -->\n                <\/div>\n","protected":false},"excerpt":{"rendered":"<p>I forkant av den offisielle implementeringen av Entry\/Exit System, eller EES, har Spanias travleste ferietur<\/p>\n","protected":false},"author":1,"featured_media":16791,"comment_status":"closed","ping_status":"open","sticky":false,"template":"","format":"standard","meta":{"footnotes":""},"categories":[105],"tags":[10850,10851,1232,1310,8216,2964,1067,117],"class_list":["post-16790","post","type-post","status-publish","format-standard","has-post-thumbnail","hentry","category-livsstil","tag-britonlybaner","tag-eesutrullingen","tag-for","tag-legger","tag-lufthavn","tag-mallorca","tag-palma","tag-til","generate-columns","tablet-grid-50","mobile-grid-100","grid-parent","grid-33","resize-featured-image"],"yoast_head":"<!-- This site is optimized with the Yoast SEO plugin v24.4 - https:\/\/yoast.com\/wordpress\/plugins\/seo\/ -->\n<title>Palma de Mallorca lufthavn legger til &quot;Brit-only&quot;-baner f\u00f8r EES-utrullingen - Nordnesrepublikken<\/title>\n<meta name=\"robots\" content=\"index, follow, max-snippet:-1, max-image-preview:large, max-video-preview:-1\" \/>\n<link rel=\"canonical\" href=\"https:\/\/nordnesrepublikken.no\/index.php\/2026\/04\/09\/palma-de-mallorca-lufthavn-legger-til-brit-only-baner-for-ees-utrullingen\/\" \/>\n<meta property=\"og:locale\" content=\"nb_NO\" \/>\n<meta property=\"og:type\" content=\"article\" \/>\n<meta property=\"og:title\" content=\"Palma de Mallorca lufthavn legger til &quot;Brit-only&quot;-baner f\u00f8r EES-utrullingen - Nordnesrepublikken\" \/>\n<meta property=\"og:description\" content=\"I forkant av den offisielle implementeringen av Entry\/Exit System, eller EES, har Spanias travleste ferietur\" \/>\n<meta property=\"og:url\" content=\"https:\/\/nordnesrepublikken.no\/index.php\/2026\/04\/09\/palma-de-mallorca-lufthavn-legger-til-brit-only-baner-for-ees-utrullingen\/\" \/>\n<meta property=\"og:site_name\" content=\"Nordnesrepublikken\" \/>\n<meta property=\"article:published_time\" content=\"2026-04-09T09:56:55+00:00\" \/>\n<meta property=\"article:modified_time\" content=\"2026-04-09T09:56:58+00:00\" \/>\n<meta property=\"og:image\" content=\"https:\/\/nordnesrepublikken.no\/wp-content\/uploads\/2026\/04\/1775728617_Palma-de-Mallorca-lufthavn-legger-til-Brit-only-baner-for-EES-utrullingen.jpg\" \/>\n\t<meta property=\"og:image:width\" content=\"1600\" \/>\n\t<meta property=\"og:image:height\" content=\"1066\" \/>\n\t<meta property=\"og:image:type\" content=\"image\/jpeg\" \/>\n<meta name=\"author\" content=\"Ole Andersen\" \/>\n<meta name=\"twitter:card\" content=\"summary_large_image\" \/>\n<meta name=\"twitter:label1\" content=\"Skrevet av\" \/>\n\t<meta name=\"twitter:data1\" content=\"Ole Andersen\" \/>\n\t<meta name=\"twitter:label2\" content=\"Ansl. lesetid\" \/>\n\t<meta name=\"twitter:data2\" content=\"3 minutter\" \/>\n<script type=\"application\/ld+json\" class=\"yoast-schema-graph\">{\"@context\":\"https:\/\/schema.org\",\"@graph\":[{\"@type\":\"Article\",\"@id\":\"https:\/\/nordnesrepublikken.no\/index.php\/2026\/04\/09\/palma-de-mallorca-lufthavn-legger-til-brit-only-baner-for-ees-utrullingen\/#article\",\"isPartOf\":{\"@id\":\"https:\/\/nordnesrepublikken.no\/index.php\/2026\/04\/09\/palma-de-mallorca-lufthavn-legger-til-brit-only-baner-for-ees-utrullingen\/\"},\"author\":{\"name\":\"Ole Andersen\",\"@id\":\"https:\/\/nordnesrepublikken.no\/#\/schema\/person\/2e7e81935bab77882fffb79296240ff1\"},\"headline\":\"Palma de Mallorca lufthavn legger til &laquo;Brit-only&raquo;-baner f\u00f8r EES-utrullingen\",\"datePublished\":\"2026-04-09T09:56:55+00:00\",\"dateModified\":\"2026-04-09T09:56:58+00:00\",\"mainEntityOfPage\":{\"@id\":\"https:\/\/nordnesrepublikken.no\/index.php\/2026\/04\/09\/palma-de-mallorca-lufthavn-legger-til-brit-only-baner-for-ees-utrullingen\/\"},\"wordCount\":597,\"publisher\":{\"@id\":\"https:\/\/nordnesrepublikken.no\/#organization\"},\"image\":{\"@id\":\"https:\/\/nordnesrepublikken.no\/index.php\/2026\/04\/09\/palma-de-mallorca-lufthavn-legger-til-brit-only-baner-for-ees-utrullingen\/#primaryimage\"},\"thumbnailUrl\":\"https:\/\/nordnesrepublikken.no\/wp-content\/uploads\/2026\/04\/1775728617_Palma-de-Mallorca-lufthavn-legger-til-Brit-only-baner-for-EES-utrullingen.jpg\",\"keywords\":[\"Britonlybaner\",\"EESutrullingen\",\"f\u00f8r\",\"legger\",\"lufthavn\",\"Mallorca\",\"Palma\",\"til\"],\"articleSection\":[\"Livsstil\"],\"inLanguage\":\"nb-NO\"},{\"@type\":\"WebPage\",\"@id\":\"https:\/\/nordnesrepublikken.no\/index.php\/2026\/04\/09\/palma-de-mallorca-lufthavn-legger-til-brit-only-baner-for-ees-utrullingen\/\",\"url\":\"https:\/\/nordnesrepublikken.no\/index.php\/2026\/04\/09\/palma-de-mallorca-lufthavn-legger-til-brit-only-baner-for-ees-utrullingen\/\",\"name\":\"Palma de Mallorca lufthavn legger til \\\"Brit-only\\\"-baner f\u00f8r EES-utrullingen - Nordnesrepublikken\",\"isPartOf\":{\"@id\":\"https:\/\/nordnesrepublikken.no\/#website\"},\"primaryImageOfPage\":{\"@id\":\"https:\/\/nordnesrepublikken.no\/index.php\/2026\/04\/09\/palma-de-mallorca-lufthavn-legger-til-brit-only-baner-for-ees-utrullingen\/#primaryimage\"},\"image\":{\"@id\":\"https:\/\/nordnesrepublikken.no\/index.php\/2026\/04\/09\/palma-de-mallorca-lufthavn-legger-til-brit-only-baner-for-ees-utrullingen\/#primaryimage\"},\"thumbnailUrl\":\"https:\/\/nordnesrepublikken.no\/wp-content\/uploads\/2026\/04\/1775728617_Palma-de-Mallorca-lufthavn-legger-til-Brit-only-baner-for-EES-utrullingen.jpg\",\"datePublished\":\"2026-04-09T09:56:55+00:00\",\"dateModified\":\"2026-04-09T09:56:58+00:00\",\"breadcrumb\":{\"@id\":\"https:\/\/nordnesrepublikken.no\/index.php\/2026\/04\/09\/palma-de-mallorca-lufthavn-legger-til-brit-only-baner-for-ees-utrullingen\/#breadcrumb\"},\"inLanguage\":\"nb-NO\",\"potentialAction\":[{\"@type\":\"ReadAction\",\"target\":[\"https:\/\/nordnesrepublikken.no\/index.php\/2026\/04\/09\/palma-de-mallorca-lufthavn-legger-til-brit-only-baner-for-ees-utrullingen\/\"]}]},{\"@type\":\"ImageObject\",\"inLanguage\":\"nb-NO\",\"@id\":\"https:\/\/nordnesrepublikken.no\/index.php\/2026\/04\/09\/palma-de-mallorca-lufthavn-legger-til-brit-only-baner-for-ees-utrullingen\/#primaryimage\",\"url\":\"https:\/\/nordnesrepublikken.no\/wp-content\/uploads\/2026\/04\/1775728617_Palma-de-Mallorca-lufthavn-legger-til-Brit-only-baner-for-EES-utrullingen.jpg\",\"contentUrl\":\"https:\/\/nordnesrepublikken.no\/wp-content\/uploads\/2026\/04\/1775728617_Palma-de-Mallorca-lufthavn-legger-til-Brit-only-baner-for-EES-utrullingen.jpg\",\"width\":1600,\"height\":1066,\"caption\":\"Palma de Mallorca lufthavn legger til \\\"Brit-only\\\"-baner f\u00f8r EES-utrullingen\"},{\"@type\":\"BreadcrumbList\",\"@id\":\"https:\/\/nordnesrepublikken.no\/index.php\/2026\/04\/09\/palma-de-mallorca-lufthavn-legger-til-brit-only-baner-for-ees-utrullingen\/#breadcrumb\",\"itemListElement\":[{\"@type\":\"ListItem\",\"position\":1,\"name\":\"Home\",\"item\":\"https:\/\/nordnesrepublikken.no\/\"},{\"@type\":\"ListItem\",\"position\":2,\"name\":\"Palma de Mallorca lufthavn legger til &laquo;Brit-only&raquo;-baner f\u00f8r EES-utrullingen\"}]},{\"@type\":\"WebSite\",\"@id\":\"https:\/\/nordnesrepublikken.no\/#website\",\"url\":\"https:\/\/nordnesrepublikken.no\/\",\"name\":\"Nordnesrepublikken\",\"description\":\"Stemmer og Visjoner fra Republikkens Hjerte\",\"publisher\":{\"@id\":\"https:\/\/nordnesrepublikken.no\/#organization\"},\"potentialAction\":[{\"@type\":\"SearchAction\",\"target\":{\"@type\":\"EntryPoint\",\"urlTemplate\":\"https:\/\/nordnesrepublikken.no\/?s={search_term_string}\"},\"query-input\":{\"@type\":\"PropertyValueSpecification\",\"valueRequired\":true,\"valueName\":\"search_term_string\"}}],\"inLanguage\":\"nb-NO\"},{\"@type\":\"Organization\",\"@id\":\"https:\/\/nordnesrepublikken.no\/#organization\",\"name\":\"Nordnesrepublikken\",\"url\":\"https:\/\/nordnesrepublikken.no\/\",\"logo\":{\"@type\":\"ImageObject\",\"inLanguage\":\"nb-NO\",\"@id\":\"https:\/\/nordnesrepublikken.no\/#\/schema\/logo\/image\/\",\"url\":\"https:\/\/nordnesrepublikken.no\/wp-content\/uploads\/2025\/02\/cropped-nordnesrepublikken-2.png\",\"contentUrl\":\"https:\/\/nordnesrepublikken.no\/wp-content\/uploads\/2025\/02\/cropped-nordnesrepublikken-2.png\",\"width\":1248,\"height\":362,\"caption\":\"Nordnesrepublikken\"},\"image\":{\"@id\":\"https:\/\/nordnesrepublikken.no\/#\/schema\/logo\/image\/\"}},{\"@type\":\"Person\",\"@id\":\"https:\/\/nordnesrepublikken.no\/#\/schema\/person\/2e7e81935bab77882fffb79296240ff1\",\"name\":\"Ole Andersen\",\"image\":{\"@type\":\"ImageObject\",\"inLanguage\":\"nb-NO\",\"@id\":\"https:\/\/nordnesrepublikken.no\/#\/schema\/person\/image\/\",\"url\":\"https:\/\/nordnesrepublikken.no\/wp-content\/uploads\/2025\/02\/nordnesrepublikken-2-2-150x150.jpg\",\"contentUrl\":\"https:\/\/nordnesrepublikken.no\/wp-content\/uploads\/2025\/02\/nordnesrepublikken-2-2-150x150.jpg\",\"caption\":\"Ole Andersen\"},\"description\":\"Ettersom jeg vokste opp i Oslo, har jeg alltid v\u00e6rt fascinert av ordenes kraft og deres evne til \u00e5 skape endringer. Etter \u00e5 ha fullf\u00f8rt min utdannelse i kommunikasjon ved Universitetet i Bergen, fikk jeg muligheten til \u00e5 jobbe innen ulike medier, der jeg har s\u00f8kt \u00e5 belyse viktige samfunnssp\u00f8rsm\u00e5l. I dag, som redakt\u00f8r for Nordnesrepublikken, pr\u00f8ver jeg \u00e5 forene min kj\u00e6rlighet for journalistikk med min lidenskap for innovasjon og eventyr.\",\"sameAs\":[\"https:\/\/nordnesrepublikken.no\/\"]}]}<\/script>\n<!-- \/ Yoast SEO plugin. -->","yoast_head_json":{"title":"Palma de Mallorca lufthavn legger til \"Brit-only\"-baner f\u00f8r EES-utrullingen - Nordnesrepublikken","robots":{"index":"index","follow":"follow","max-snippet":"max-snippet:-1","max-image-preview":"max-image-preview:large","max-video-preview":"max-video-preview:-1"},"canonical":"https:\/\/nordnesrepublikken.no\/index.php\/2026\/04\/09\/palma-de-mallorca-lufthavn-legger-til-brit-only-baner-for-ees-utrullingen\/","og_locale":"nb_NO","og_type":"article","og_title":"Palma de Mallorca lufthavn legger til \"Brit-only\"-baner f\u00f8r EES-utrullingen - Nordnesrepublikken","og_description":"I forkant av den offisielle implementeringen av Entry\/Exit System, eller EES, har Spanias travleste ferietur","og_url":"https:\/\/nordnesrepublikken.no\/index.php\/2026\/04\/09\/palma-de-mallorca-lufthavn-legger-til-brit-only-baner-for-ees-utrullingen\/","og_site_name":"Nordnesrepublikken","article_published_time":"2026-04-09T09:56:55+00:00","article_modified_time":"2026-04-09T09:56:58+00:00","og_image":[{"width":1600,"height":1066,"url":"https:\/\/nordnesrepublikken.no\/wp-content\/uploads\/2026\/04\/1775728617_Palma-de-Mallorca-lufthavn-legger-til-Brit-only-baner-for-EES-utrullingen.jpg","type":"image\/jpeg"}],"author":"Ole Andersen","twitter_card":"summary_large_image","twitter_misc":{"Skrevet av":"Ole Andersen","Ansl. lesetid":"3 minutter"},"schema":{"@context":"https:\/\/schema.org","@graph":[{"@type":"Article","@id":"https:\/\/nordnesrepublikken.no\/index.php\/2026\/04\/09\/palma-de-mallorca-lufthavn-legger-til-brit-only-baner-for-ees-utrullingen\/#article","isPartOf":{"@id":"https:\/\/nordnesrepublikken.no\/index.php\/2026\/04\/09\/palma-de-mallorca-lufthavn-legger-til-brit-only-baner-for-ees-utrullingen\/"},"author":{"name":"Ole Andersen","@id":"https:\/\/nordnesrepublikken.no\/#\/schema\/person\/2e7e81935bab77882fffb79296240ff1"},"headline":"Palma de Mallorca lufthavn legger til &laquo;Brit-only&raquo;-baner f\u00f8r EES-utrullingen","datePublished":"2026-04-09T09:56:55+00:00","dateModified":"2026-04-09T09:56:58+00:00","mainEntityOfPage":{"@id":"https:\/\/nordnesrepublikken.no\/index.php\/2026\/04\/09\/palma-de-mallorca-lufthavn-legger-til-brit-only-baner-for-ees-utrullingen\/"},"wordCount":597,"publisher":{"@id":"https:\/\/nordnesrepublikken.no\/#organization"},"image":{"@id":"https:\/\/nordnesrepublikken.no\/index.php\/2026\/04\/09\/palma-de-mallorca-lufthavn-legger-til-brit-only-baner-for-ees-utrullingen\/#primaryimage"},"thumbnailUrl":"https:\/\/nordnesrepublikken.no\/wp-content\/uploads\/2026\/04\/1775728617_Palma-de-Mallorca-lufthavn-legger-til-Brit-only-baner-for-EES-utrullingen.jpg","keywords":["Britonlybaner","EESutrullingen","f\u00f8r","legger","lufthavn","Mallorca","Palma","til"],"articleSection":["Livsstil"],"inLanguage":"nb-NO"},{"@type":"WebPage","@id":"https:\/\/nordnesrepublikken.no\/index.php\/2026\/04\/09\/palma-de-mallorca-lufthavn-legger-til-brit-only-baner-for-ees-utrullingen\/","url":"https:\/\/nordnesrepublikken.no\/index.php\/2026\/04\/09\/palma-de-mallorca-lufthavn-legger-til-brit-only-baner-for-ees-utrullingen\/","name":"Palma de Mallorca lufthavn legger til \"Brit-only\"-baner f\u00f8r EES-utrullingen - Nordnesrepublikken","isPartOf":{"@id":"https:\/\/nordnesrepublikken.no\/#website"},"primaryImageOfPage":{"@id":"https:\/\/nordnesrepublikken.no\/index.php\/2026\/04\/09\/palma-de-mallorca-lufthavn-legger-til-brit-only-baner-for-ees-utrullingen\/#primaryimage"},"image":{"@id":"https:\/\/nordnesrepublikken.no\/index.php\/2026\/04\/09\/palma-de-mallorca-lufthavn-legger-til-brit-only-baner-for-ees-utrullingen\/#primaryimage"},"thumbnailUrl":"https:\/\/nordnesrepublikken.no\/wp-content\/uploads\/2026\/04\/1775728617_Palma-de-Mallorca-lufthavn-legger-til-Brit-only-baner-for-EES-utrullingen.jpg","datePublished":"2026-04-09T09:56:55+00:00","dateModified":"2026-04-09T09:56:58+00:00","breadcrumb":{"@id":"https:\/\/nordnesrepublikken.no\/index.php\/2026\/04\/09\/palma-de-mallorca-lufthavn-legger-til-brit-only-baner-for-ees-utrullingen\/#breadcrumb"},"inLanguage":"nb-NO","potentialAction":[{"@type":"ReadAction","target":["https:\/\/nordnesrepublikken.no\/index.php\/2026\/04\/09\/palma-de-mallorca-lufthavn-legger-til-brit-only-baner-for-ees-utrullingen\/"]}]},{"@type":"ImageObject","inLanguage":"nb-NO","@id":"https:\/\/nordnesrepublikken.no\/index.php\/2026\/04\/09\/palma-de-mallorca-lufthavn-legger-til-brit-only-baner-for-ees-utrullingen\/#primaryimage","url":"https:\/\/nordnesrepublikken.no\/wp-content\/uploads\/2026\/04\/1775728617_Palma-de-Mallorca-lufthavn-legger-til-Brit-only-baner-for-EES-utrullingen.jpg","contentUrl":"https:\/\/nordnesrepublikken.no\/wp-content\/uploads\/2026\/04\/1775728617_Palma-de-Mallorca-lufthavn-legger-til-Brit-only-baner-for-EES-utrullingen.jpg","width":1600,"height":1066,"caption":"Palma de Mallorca lufthavn legger til \"Brit-only\"-baner f\u00f8r EES-utrullingen"},{"@type":"BreadcrumbList","@id":"https:\/\/nordnesrepublikken.no\/index.php\/2026\/04\/09\/palma-de-mallorca-lufthavn-legger-til-brit-only-baner-for-ees-utrullingen\/#breadcrumb","itemListElement":[{"@type":"ListItem","position":1,"name":"Home","item":"https:\/\/nordnesrepublikken.no\/"},{"@type":"ListItem","position":2,"name":"Palma de Mallorca lufthavn legger til &laquo;Brit-only&raquo;-baner f\u00f8r EES-utrullingen"}]},{"@type":"WebSite","@id":"https:\/\/nordnesrepublikken.no\/#website","url":"https:\/\/nordnesrepublikken.no\/","name":"Nordnesrepublikken","description":"Stemmer og Visjoner fra Republikkens Hjerte","publisher":{"@id":"https:\/\/nordnesrepublikken.no\/#organization"},"potentialAction":[{"@type":"SearchAction","target":{"@type":"EntryPoint","urlTemplate":"https:\/\/nordnesrepublikken.no\/?s={search_term_string}"},"query-input":{"@type":"PropertyValueSpecification","valueRequired":true,"valueName":"search_term_string"}}],"inLanguage":"nb-NO"},{"@type":"Organization","@id":"https:\/\/nordnesrepublikken.no\/#organization","name":"Nordnesrepublikken","url":"https:\/\/nordnesrepublikken.no\/","logo":{"@type":"ImageObject","inLanguage":"nb-NO","@id":"https:\/\/nordnesrepublikken.no\/#\/schema\/logo\/image\/","url":"https:\/\/nordnesrepublikken.no\/wp-content\/uploads\/2025\/02\/cropped-nordnesrepublikken-2.png","contentUrl":"https:\/\/nordnesrepublikken.no\/wp-content\/uploads\/2025\/02\/cropped-nordnesrepublikken-2.png","width":1248,"height":362,"caption":"Nordnesrepublikken"},"image":{"@id":"https:\/\/nordnesrepublikken.no\/#\/schema\/logo\/image\/"}},{"@type":"Person","@id":"https:\/\/nordnesrepublikken.no\/#\/schema\/person\/2e7e81935bab77882fffb79296240ff1","name":"Ole Andersen","image":{"@type":"ImageObject","inLanguage":"nb-NO","@id":"https:\/\/nordnesrepublikken.no\/#\/schema\/person\/image\/","url":"https:\/\/nordnesrepublikken.no\/wp-content\/uploads\/2025\/02\/nordnesrepublikken-2-2-150x150.jpg","contentUrl":"https:\/\/nordnesrepublikken.no\/wp-content\/uploads\/2025\/02\/nordnesrepublikken-2-2-150x150.jpg","caption":"Ole Andersen"},"description":"Ettersom jeg vokste opp i Oslo, har jeg alltid v\u00e6rt fascinert av ordenes kraft og deres evne til \u00e5 skape endringer. Etter \u00e5 ha fullf\u00f8rt min utdannelse i kommunikasjon ved Universitetet i Bergen, fikk jeg muligheten til \u00e5 jobbe innen ulike medier, der jeg har s\u00f8kt \u00e5 belyse viktige samfunnssp\u00f8rsm\u00e5l. I dag, som redakt\u00f8r for Nordnesrepublikken, pr\u00f8ver jeg \u00e5 forene min kj\u00e6rlighet for journalistikk med min lidenskap for innovasjon og eventyr.","sameAs":["https:\/\/nordnesrepublikken.no\/"]}]}},"_links":{"self":[{"href":"https:\/\/nordnesrepublikken.no\/index.php\/wp-json\/wp\/v2\/posts\/16790","targetHints":{"allow":["GET"]}}],"collection":[{"href":"https:\/\/nordnesrepublikken.no\/index.php\/wp-json\/wp\/v2\/posts"}],"about":[{"href":"https:\/\/nordnesrepublikken.no\/index.php\/wp-json\/wp\/v2\/types\/post"}],"author":[{"embeddable":true,"href":"https:\/\/nordnesrepublikken.no\/index.php\/wp-json\/wp\/v2\/users\/1"}],"replies":[{"embeddable":true,"href":"https:\/\/nordnesrepublikken.no\/index.php\/wp-json\/wp\/v2\/comments?post=16790"}],"version-history":[{"count":1,"href":"https:\/\/nordnesrepublikken.no\/index.php\/wp-json\/wp\/v2\/posts\/16790\/revisions"}],"predecessor-version":[{"id":16792,"href":"https:\/\/nordnesrepublikken.no\/index.php\/wp-json\/wp\/v2\/posts\/16790\/revisions\/16792"}],"wp:featuredmedia":[{"embeddable":true,"href":"https:\/\/nordnesrepublikken.no\/index.php\/wp-json\/wp\/v2\/media\/16791"}],"wp:attachment":[{"href":"https:\/\/nordnesrepublikken.no\/index.php\/wp-json\/wp\/v2\/media?parent=16790"}],"wp:term":[{"taxonomy":"category","embeddable":true,"href":"https:\/\/nordnesrepublikken.no\/index.php\/wp-json\/wp\/v2\/categories?post=16790"},{"taxonomy":"post_tag","embeddable":true,"href":"https:\/\/nordnesrepublikken.no\/index.php\/wp-json\/wp\/v2\/tags?post=16790"}],"curies":[{"name":"wp","href":"https:\/\/api.w.org\/{rel}","templated":true}]}}