{"id":16787,"date":"2026-04-09T11:08:51","date_gmt":"2026-04-09T09:08:51","guid":{"rendered":"https:\/\/nordnesrepublikken.no\/index.php\/2026\/04\/09\/hva-det-er-og-hva-det-har-med-riksrett-a-gjore\/"},"modified":"2026-04-09T11:08:53","modified_gmt":"2026-04-09T09:08:53","slug":"hva-det-er-og-hva-det-har-med-riksrett-a-gjore","status":"publish","type":"post","link":"https:\/\/nordnesrepublikken.no\/index.php\/2026\/04\/09\/hva-det-er-og-hva-det-har-med-riksrett-a-gjore\/","title":{"rendered":"hva det er og hva det har med riksrett \u00e5 gj\u00f8re"},"content":{"rendered":"<div>\n<div class=\"cp_wrapper cp_wrapper--fw mb-30 mb-20@tablet\">\n<figure class=\"mm\"><picture class=\"img\" style=\"padding-top:56.25%\"><source  media=\"(min-width: 1024px)\"><source  media=\"(min-width: 768px)\"><\/source><\/source><\/picture><\/figure>\n<\/p><\/div>\n<p>I disse timene i USA muligheten for \u00e5 p\u00e5berope seg<strong> 25. endring<\/strong> \u00e5 fjerne <strong>Donald Trump<\/strong> fra sin rolle som president eller \u00e5 sette i gang en prosedyre <strong><em>riksrett<\/em><\/strong>  mot ham. Det som startet diskusjonen var <strong>stolpe<\/strong> av Donald Trump, publisert p\u00e5 hans sosiale nettverk Truth, der presidenten truet \u00ab<strong>hele den iranske sivilisasjonens d\u00f8d<\/strong>\u00bb etter utl\u00f8pet av ultimatumet som ble stilt i Teheran, som n\u00e5 er i kraft en 14-dagers v\u00e5penhvile, som imidlertid enn\u00e5 ikke har f\u00f8rt til gjen\u00e5pning av Hormuzstredet.<\/p>\n<p>I m\u00f8te med disse tunge erkl\u00e6ringene &#8211; og trusler om angrep som, hvis de faktisk ble utf\u00f8rt, ville m\u00e5tte vurderes <strong>krigsforbrytelser<\/strong> i henhold til folkeretten \u2013 <strong>over 85 demokratiske parlamentarikere<\/strong> og til og med noen personer n\u00e6r den konservative verden (inkludert tidligere kongresskvinne Marjorie Taylor Greene, Trumps allierte i \u00e5revis) har foresl\u00e5tt <strong>avsetting av den amerikanske presidenten<\/strong> gjennom den 25. endring eller gjennom institusjonen av<em><strong>riksrett<\/strong><\/em>.<\/p>\n<p>For \u00f8yeblikket mener imidlertid de fleste eksperter at det er usannsynlig at Trump p\u00e5 noen m\u00e5te blir kastet ut <em>riksrett<\/em> \u2013 som den n\u00e5v\u00e6rende amerikanske presidenten allerede har blitt frifunnet to ganger i l\u00f8pet av sin f\u00f8rste periode, henholdsvis i 2019 og 2021. P\u00e5 samme m\u00e5te vil anvendelsen av seksjon 4 i det 25. endringsforslaget vises. <strong>politisk umulig, <\/strong>som det ville kreve <strong>godkjenning<\/strong>blant annet ogs\u00e5 av<strong> Visepresident JD Vance<\/strong>.<\/p>\n<p>Ting kan imidlertid endre seg i l\u00f8pet av de neste m\u00e5nedene: Faktisk vil konferansene bli holdt i USA i november <strong>valg av <em>Midt semester<\/em><\/strong>  (mellomtidsvalg), der amerikanske statsborgere vil stemme for \u00e5 gjenvelge alle <strong>435 medlemmer av Representantenes hus og 33 medlemmer av senatet<\/strong> (1\/3 av totalen). P\u00e5 det tidspunktet, str\u00f8mmen <strong>Republikansk flertall<\/strong> i Kongressen kan mislykkes, med en st\u00f8rre sjanse for \u00e5 samle stemmene som trengs for \u00e5 fjerne Donald Trump som USAs 47. president.<\/p>\n<h2>Hva er US 25th Amendment og hva sier det<\/h2>\n<p>De <strong>25. endring<\/strong> til grunnloven av USA regulerer tilfellene av <strong>presidentvalg<\/strong> og av <strong>presidentens manglende evne<\/strong> \u00e5 ut\u00f8ve sine funksjoner: det ble introdusert etter<strong>attentatet p\u00e5 John F. Kennedy<\/strong> i 1963, med sikte p\u00e5 \u00e5 fylle et regulatorisk gap som inntil da hadde gjort maktoverf\u00f8ringsprosedyren tvetydig.<\/p>\n<p>Lovendringen best\u00e5r av <strong>fire seksjoner<\/strong>: den som antas \u00e5 bli p\u00e5beropt mot Donald Trump er den <strong>seksjon 4, <\/strong>som ogs\u00e5 er den mest komplekse og delikate av endringene. Ikke overraskende, denne delen<strong> det har aldri blitt p\u00e5beropt<\/strong> i USAs historie og H\u00f8yesterett har aldri gitt en definitiv tolkning av hva som menes med &laquo;presidentincapacity&raquo;.<\/p>\n<p>Spesifikt bestemmer avsnittet at hvis <strong>visepresident<\/strong> og en <strong>flertall av statsr\u00e5dsmedlemmer<\/strong> (eller et annet organ utpekt av kongressen) mener at presidenten er \u00ab<strong>ute av stand til \u00e5 ut\u00f8ve makten og pliktene til sitt embete&raquo;<\/strong>s\u00e5 kan de gi Kongressen beskjed i en skriftlig uttalelse.<\/p>\n<p>P\u00e5 det tidspunktet <strong>visepresident<\/strong> p\u00e5tar seg umiddelbart pliktene til <strong>Midlertidig president<\/strong>. Den sittende presidenten kan imidlertid svare med sin egen uttalelse som benekter inhabilitet: p\u00e5 det tidspunktet har kongressen <strong>48 timer<\/strong> \u00e5 komme sammen og <strong>21 dager<\/strong> \u00e5 bestemme. I tilfelle en avtale ikke oppn\u00e5s, vil de v\u00e6re n\u00f8dvendige <strong>to tredjedeler<\/strong> av stemmene i b\u00e5de huset og senatet for \u00e5 fjerne statsoverhodet.<\/p>\n<h2>Hva betyr det <em>riksrett<\/em> og hvor mange stemmer som trengs for \u00e5 fjerne en amerikansk president<\/h2>\n<p>DE&#8217;<strong>riksrett<\/strong> det er i stedet instrumentet forutsatt av<strong>Artikkel II<\/strong> av den amerikanske grunnloven, som gir kongressen fullmakt til <strong>fjerne fra kontoret<\/strong> presidenten (og andre f\u00f8derale tjenestemenn) til \u00ab<strong>forr\u00e6deri, korrupsjon eller andre alvorlige forbrytelser og forseelser<\/strong>\u00bb. I motsetning til det 25. endringsforslaget, som omhandler manglende evne til \u00e5 utf\u00f8re plikter, er riksrett utformet for \u00e5 sanksjonere <strong>ulovlig oppf\u00f8rsel eller maktmisbruk<\/strong> av presidenten, og representerer en av hovedmekanismene til <strong>sjekke<\/strong> kongressen om den ut\u00f8vende makten.<\/p>\n<p>Prosedyren er delt inn i <strong>to faser<\/strong> veldig distinkt. Den f\u00f8rste finner sted kl <strong>Representantenes hus<\/strong>som for \u00e5 formalisere anklagen mot presidenten m\u00e5 godkjenne en<strong> ad hoc oppl\u00f8sning <\/strong>med alminnelig flertall (50 %+1).<\/p>\n<p>P\u00e5 det tidspunktet g\u00e5r prosedyren videre til <strong>Senatet<\/strong>som utf\u00f8rer funksjonene til en reell nemnd ved \u00e5 analysere resultatene av unders\u00f8kelsene utf\u00f8rt av Chamber Justice Commission. For effektivt \u00e5 fjerne en president er det imidlertid n\u00f8dvendig med en <strong>2\/3 flertall i Senatet<\/strong>det vil si <strong>67 senatorer av 100<\/strong>: en ekstremt h\u00f8y terskel, som i USAs historie <strong>har aldri blitt oppn\u00e5dd<\/strong> for enhver president i embetet.<\/p>\n<p>\u00c5 godkjenne en mulig riksrett mot Trump blir enda vanskeligere n\u00e5r du ser p\u00e5 den n\u00e5v\u00e6rende inndelingen av Senatet, som betyr noe<strong> 53 medlemmer av det republikanske partiet<\/strong> (dvs. flertallet),<strong> 45 medlemmer av det demokratiske partiet<\/strong> Og <strong>2 medlemmer av uavhengige partier<\/strong>. Det er med andre ord nesten umulig for s\u00e5 mange som 22 republikanske senatorer, partiet som presidenten tilh\u00f8rer, \u00e5 stemme for hans avsetting.<\/p>\n<h2>For n\u00e5 er det usannsynlig: Trump er allerede frifunnet to ganger<\/h2>\n<p>I f\u00f8lge de fleste eksperter for \u00f8yeblikket <strong>b\u00e5de det 25. endringsforslaget og riksrett<\/strong> jeg er <strong>politisk upraktisk<\/strong>: begge instrumentene krever faktisk sterk samh\u00f8righet blant medlemmer av kongressen, som i dag har et republikansk flertall i begge hus. Blant annet vil utl\u00f8sning av seksjon 4 i det 25. endringsforslaget kreve samtykke fra <strong>visepresident JD Vance<\/strong> og flertallet av <strong>Toalett,<\/strong> begge sterke allierte av Trump.<\/p>\n<p>P\u00e5 riksrettsfronten, uten kontroll fra noen av husene, har imidlertid ikke demokratene matematisk de tallene som er n\u00f8dvendige for \u00e5 starte eller fullf\u00f8re en slik prosedyre.<\/p>\n<p>S\u00e5 er det en <strong>sv\u00e6rt betydelig presedens<\/strong> som gj\u00f8r denne muligheten enda mer fjerntliggende. Under hans <strong>f\u00f8rste termin<\/strong> i Det hvite hus var Donald Trump <strong>siktet to ganger<\/strong> av Representantenes hus og <strong>frikjent i begge sakene<\/strong> av senatet. Den f\u00f8rste tiltalen g\u00e5r tilbake til <strong>2019<\/strong> og det gjaldt hans handlinger overfor<strong>Ukraina<\/strong>mens den andre er fra <strong>2021<\/strong> og ble koblet til<strong>oppfordring til \u00e5 angripe Capitol<\/strong> av 6. januar samme \u00e5r. Ved begge anledninger n\u00e5dde ikke senatet \u2013 som hadde en annen sammensetning enn det n\u00e5v\u00e6rende \u2013 de to tredjedeler som er n\u00f8dvendige for domfellelse, noe som bekrefter hvordan terskelen som kreves av Grunnloven er politisk vanskelig \u00e5 overvinne n\u00e5r presidenten nyter samlet st\u00f8tte fra sitt eget parti.<\/p>\n<\/p><\/div>\n","protected":false},"excerpt":{"rendered":"<p>I disse timene i USA muligheten for \u00e5 p\u00e5berope seg 25. endring \u00e5 fjerne Donald<\/p>\n","protected":false},"author":1,"featured_media":16788,"comment_status":"closed","ping_status":"open","sticky":false,"template":"","format":"standard","meta":{"footnotes":""},"categories":[23],"tags":[66,713,179,144,79,10849],"class_list":["post-16787","post","type-post","status-publish","format-standard","has-post-thumbnail","hentry","category-politikk","tag-det","tag-gjore","tag-har","tag-hva","tag-med","tag-riksrett","generate-columns","tablet-grid-50","mobile-grid-100","grid-parent","grid-33","resize-featured-image"],"yoast_head":"<!-- This site is optimized with the Yoast SEO plugin v24.4 - https:\/\/yoast.com\/wordpress\/plugins\/seo\/ -->\n<title>hva det er og hva det har med riksrett \u00e5 gj\u00f8re - Nordnesrepublikken<\/title>\n<meta name=\"robots\" content=\"index, follow, max-snippet:-1, max-image-preview:large, max-video-preview:-1\" \/>\n<link rel=\"canonical\" href=\"https:\/\/nordnesrepublikken.no\/index.php\/2026\/04\/09\/hva-det-er-og-hva-det-har-med-riksrett-a-gjore\/\" \/>\n<meta property=\"og:locale\" content=\"nb_NO\" \/>\n<meta property=\"og:type\" content=\"article\" \/>\n<meta property=\"og:title\" content=\"hva det er og hva det har med riksrett \u00e5 gj\u00f8re - Nordnesrepublikken\" \/>\n<meta property=\"og:description\" content=\"I disse timene i USA muligheten for \u00e5 p\u00e5berope seg 25. endring \u00e5 fjerne Donald\" \/>\n<meta property=\"og:url\" content=\"https:\/\/nordnesrepublikken.no\/index.php\/2026\/04\/09\/hva-det-er-og-hva-det-har-med-riksrett-a-gjore\/\" \/>\n<meta property=\"og:site_name\" content=\"Nordnesrepublikken\" \/>\n<meta property=\"article:published_time\" content=\"2026-04-09T09:08:51+00:00\" \/>\n<meta property=\"article:modified_time\" content=\"2026-04-09T09:08:53+00:00\" \/>\n<meta property=\"og:image\" content=\"https:\/\/nordnesrepublikken.no\/wp-content\/uploads\/2026\/04\/1775725733_hva-det-er-og-hva-det-har-med-riksrett-a.jpg\" \/>\n\t<meta property=\"og:image:width\" content=\"1376\" \/>\n\t<meta property=\"og:image:height\" content=\"768\" \/>\n\t<meta property=\"og:image:type\" content=\"image\/jpeg\" \/>\n<meta name=\"author\" content=\"Ole Andersen\" \/>\n<meta name=\"twitter:card\" content=\"summary_large_image\" \/>\n<meta name=\"twitter:label1\" content=\"Skrevet av\" \/>\n\t<meta name=\"twitter:data1\" content=\"Ole Andersen\" \/>\n\t<meta name=\"twitter:label2\" content=\"Ansl. lesetid\" \/>\n\t<meta name=\"twitter:data2\" content=\"5 minutter\" \/>\n<script type=\"application\/ld+json\" class=\"yoast-schema-graph\">{\"@context\":\"https:\/\/schema.org\",\"@graph\":[{\"@type\":\"Article\",\"@id\":\"https:\/\/nordnesrepublikken.no\/index.php\/2026\/04\/09\/hva-det-er-og-hva-det-har-med-riksrett-a-gjore\/#article\",\"isPartOf\":{\"@id\":\"https:\/\/nordnesrepublikken.no\/index.php\/2026\/04\/09\/hva-det-er-og-hva-det-har-med-riksrett-a-gjore\/\"},\"author\":{\"name\":\"Ole Andersen\",\"@id\":\"https:\/\/nordnesrepublikken.no\/#\/schema\/person\/2e7e81935bab77882fffb79296240ff1\"},\"headline\":\"hva det er og hva det har med riksrett \u00e5 gj\u00f8re\",\"datePublished\":\"2026-04-09T09:08:51+00:00\",\"dateModified\":\"2026-04-09T09:08:53+00:00\",\"mainEntityOfPage\":{\"@id\":\"https:\/\/nordnesrepublikken.no\/index.php\/2026\/04\/09\/hva-det-er-og-hva-det-har-med-riksrett-a-gjore\/\"},\"wordCount\":995,\"publisher\":{\"@id\":\"https:\/\/nordnesrepublikken.no\/#organization\"},\"image\":{\"@id\":\"https:\/\/nordnesrepublikken.no\/index.php\/2026\/04\/09\/hva-det-er-og-hva-det-har-med-riksrett-a-gjore\/#primaryimage\"},\"thumbnailUrl\":\"https:\/\/nordnesrepublikken.no\/wp-content\/uploads\/2026\/04\/1775725733_hva-det-er-og-hva-det-har-med-riksrett-a.jpg\",\"keywords\":[\"Det\",\"gj\u00f8re\",\"har\",\"Hva\",\"med\",\"riksrett\"],\"articleSection\":[\"Politikk\"],\"inLanguage\":\"nb-NO\"},{\"@type\":\"WebPage\",\"@id\":\"https:\/\/nordnesrepublikken.no\/index.php\/2026\/04\/09\/hva-det-er-og-hva-det-har-med-riksrett-a-gjore\/\",\"url\":\"https:\/\/nordnesrepublikken.no\/index.php\/2026\/04\/09\/hva-det-er-og-hva-det-har-med-riksrett-a-gjore\/\",\"name\":\"hva det er og hva det har med riksrett \u00e5 gj\u00f8re - Nordnesrepublikken\",\"isPartOf\":{\"@id\":\"https:\/\/nordnesrepublikken.no\/#website\"},\"primaryImageOfPage\":{\"@id\":\"https:\/\/nordnesrepublikken.no\/index.php\/2026\/04\/09\/hva-det-er-og-hva-det-har-med-riksrett-a-gjore\/#primaryimage\"},\"image\":{\"@id\":\"https:\/\/nordnesrepublikken.no\/index.php\/2026\/04\/09\/hva-det-er-og-hva-det-har-med-riksrett-a-gjore\/#primaryimage\"},\"thumbnailUrl\":\"https:\/\/nordnesrepublikken.no\/wp-content\/uploads\/2026\/04\/1775725733_hva-det-er-og-hva-det-har-med-riksrett-a.jpg\",\"datePublished\":\"2026-04-09T09:08:51+00:00\",\"dateModified\":\"2026-04-09T09:08:53+00:00\",\"breadcrumb\":{\"@id\":\"https:\/\/nordnesrepublikken.no\/index.php\/2026\/04\/09\/hva-det-er-og-hva-det-har-med-riksrett-a-gjore\/#breadcrumb\"},\"inLanguage\":\"nb-NO\",\"potentialAction\":[{\"@type\":\"ReadAction\",\"target\":[\"https:\/\/nordnesrepublikken.no\/index.php\/2026\/04\/09\/hva-det-er-og-hva-det-har-med-riksrett-a-gjore\/\"]}]},{\"@type\":\"ImageObject\",\"inLanguage\":\"nb-NO\",\"@id\":\"https:\/\/nordnesrepublikken.no\/index.php\/2026\/04\/09\/hva-det-er-og-hva-det-har-med-riksrett-a-gjore\/#primaryimage\",\"url\":\"https:\/\/nordnesrepublikken.no\/wp-content\/uploads\/2026\/04\/1775725733_hva-det-er-og-hva-det-har-med-riksrett-a.jpg\",\"contentUrl\":\"https:\/\/nordnesrepublikken.no\/wp-content\/uploads\/2026\/04\/1775725733_hva-det-er-og-hva-det-har-med-riksrett-a.jpg\",\"width\":1376,\"height\":768,\"caption\":\"hva det er og hva det har med riksrett \u00e5 gj\u00f8re\"},{\"@type\":\"BreadcrumbList\",\"@id\":\"https:\/\/nordnesrepublikken.no\/index.php\/2026\/04\/09\/hva-det-er-og-hva-det-har-med-riksrett-a-gjore\/#breadcrumb\",\"itemListElement\":[{\"@type\":\"ListItem\",\"position\":1,\"name\":\"Home\",\"item\":\"https:\/\/nordnesrepublikken.no\/\"},{\"@type\":\"ListItem\",\"position\":2,\"name\":\"hva det er og hva det har med riksrett \u00e5 gj\u00f8re\"}]},{\"@type\":\"WebSite\",\"@id\":\"https:\/\/nordnesrepublikken.no\/#website\",\"url\":\"https:\/\/nordnesrepublikken.no\/\",\"name\":\"Nordnesrepublikken\",\"description\":\"Stemmer og Visjoner fra Republikkens Hjerte\",\"publisher\":{\"@id\":\"https:\/\/nordnesrepublikken.no\/#organization\"},\"potentialAction\":[{\"@type\":\"SearchAction\",\"target\":{\"@type\":\"EntryPoint\",\"urlTemplate\":\"https:\/\/nordnesrepublikken.no\/?s={search_term_string}\"},\"query-input\":{\"@type\":\"PropertyValueSpecification\",\"valueRequired\":true,\"valueName\":\"search_term_string\"}}],\"inLanguage\":\"nb-NO\"},{\"@type\":\"Organization\",\"@id\":\"https:\/\/nordnesrepublikken.no\/#organization\",\"name\":\"Nordnesrepublikken\",\"url\":\"https:\/\/nordnesrepublikken.no\/\",\"logo\":{\"@type\":\"ImageObject\",\"inLanguage\":\"nb-NO\",\"@id\":\"https:\/\/nordnesrepublikken.no\/#\/schema\/logo\/image\/\",\"url\":\"https:\/\/nordnesrepublikken.no\/wp-content\/uploads\/2025\/02\/cropped-nordnesrepublikken-2.png\",\"contentUrl\":\"https:\/\/nordnesrepublikken.no\/wp-content\/uploads\/2025\/02\/cropped-nordnesrepublikken-2.png\",\"width\":1248,\"height\":362,\"caption\":\"Nordnesrepublikken\"},\"image\":{\"@id\":\"https:\/\/nordnesrepublikken.no\/#\/schema\/logo\/image\/\"}},{\"@type\":\"Person\",\"@id\":\"https:\/\/nordnesrepublikken.no\/#\/schema\/person\/2e7e81935bab77882fffb79296240ff1\",\"name\":\"Ole Andersen\",\"image\":{\"@type\":\"ImageObject\",\"inLanguage\":\"nb-NO\",\"@id\":\"https:\/\/nordnesrepublikken.no\/#\/schema\/person\/image\/\",\"url\":\"https:\/\/nordnesrepublikken.no\/wp-content\/uploads\/2025\/02\/nordnesrepublikken-2-2-150x150.jpg\",\"contentUrl\":\"https:\/\/nordnesrepublikken.no\/wp-content\/uploads\/2025\/02\/nordnesrepublikken-2-2-150x150.jpg\",\"caption\":\"Ole Andersen\"},\"description\":\"Ettersom jeg vokste opp i Oslo, har jeg alltid v\u00e6rt fascinert av ordenes kraft og deres evne til \u00e5 skape endringer. Etter \u00e5 ha fullf\u00f8rt min utdannelse i kommunikasjon ved Universitetet i Bergen, fikk jeg muligheten til \u00e5 jobbe innen ulike medier, der jeg har s\u00f8kt \u00e5 belyse viktige samfunnssp\u00f8rsm\u00e5l. I dag, som redakt\u00f8r for Nordnesrepublikken, pr\u00f8ver jeg \u00e5 forene min kj\u00e6rlighet for journalistikk med min lidenskap for innovasjon og eventyr.\",\"sameAs\":[\"https:\/\/nordnesrepublikken.no\/\"]}]}<\/script>\n<!-- \/ Yoast SEO plugin. -->","yoast_head_json":{"title":"hva det er og hva det har med riksrett \u00e5 gj\u00f8re - Nordnesrepublikken","robots":{"index":"index","follow":"follow","max-snippet":"max-snippet:-1","max-image-preview":"max-image-preview:large","max-video-preview":"max-video-preview:-1"},"canonical":"https:\/\/nordnesrepublikken.no\/index.php\/2026\/04\/09\/hva-det-er-og-hva-det-har-med-riksrett-a-gjore\/","og_locale":"nb_NO","og_type":"article","og_title":"hva det er og hva det har med riksrett \u00e5 gj\u00f8re - Nordnesrepublikken","og_description":"I disse timene i USA muligheten for \u00e5 p\u00e5berope seg 25. endring \u00e5 fjerne Donald","og_url":"https:\/\/nordnesrepublikken.no\/index.php\/2026\/04\/09\/hva-det-er-og-hva-det-har-med-riksrett-a-gjore\/","og_site_name":"Nordnesrepublikken","article_published_time":"2026-04-09T09:08:51+00:00","article_modified_time":"2026-04-09T09:08:53+00:00","og_image":[{"width":1376,"height":768,"url":"https:\/\/nordnesrepublikken.no\/wp-content\/uploads\/2026\/04\/1775725733_hva-det-er-og-hva-det-har-med-riksrett-a.jpg","type":"image\/jpeg"}],"author":"Ole Andersen","twitter_card":"summary_large_image","twitter_misc":{"Skrevet av":"Ole Andersen","Ansl. lesetid":"5 minutter"},"schema":{"@context":"https:\/\/schema.org","@graph":[{"@type":"Article","@id":"https:\/\/nordnesrepublikken.no\/index.php\/2026\/04\/09\/hva-det-er-og-hva-det-har-med-riksrett-a-gjore\/#article","isPartOf":{"@id":"https:\/\/nordnesrepublikken.no\/index.php\/2026\/04\/09\/hva-det-er-og-hva-det-har-med-riksrett-a-gjore\/"},"author":{"name":"Ole Andersen","@id":"https:\/\/nordnesrepublikken.no\/#\/schema\/person\/2e7e81935bab77882fffb79296240ff1"},"headline":"hva det er og hva det har med riksrett \u00e5 gj\u00f8re","datePublished":"2026-04-09T09:08:51+00:00","dateModified":"2026-04-09T09:08:53+00:00","mainEntityOfPage":{"@id":"https:\/\/nordnesrepublikken.no\/index.php\/2026\/04\/09\/hva-det-er-og-hva-det-har-med-riksrett-a-gjore\/"},"wordCount":995,"publisher":{"@id":"https:\/\/nordnesrepublikken.no\/#organization"},"image":{"@id":"https:\/\/nordnesrepublikken.no\/index.php\/2026\/04\/09\/hva-det-er-og-hva-det-har-med-riksrett-a-gjore\/#primaryimage"},"thumbnailUrl":"https:\/\/nordnesrepublikken.no\/wp-content\/uploads\/2026\/04\/1775725733_hva-det-er-og-hva-det-har-med-riksrett-a.jpg","keywords":["Det","gj\u00f8re","har","Hva","med","riksrett"],"articleSection":["Politikk"],"inLanguage":"nb-NO"},{"@type":"WebPage","@id":"https:\/\/nordnesrepublikken.no\/index.php\/2026\/04\/09\/hva-det-er-og-hva-det-har-med-riksrett-a-gjore\/","url":"https:\/\/nordnesrepublikken.no\/index.php\/2026\/04\/09\/hva-det-er-og-hva-det-har-med-riksrett-a-gjore\/","name":"hva det er og hva det har med riksrett \u00e5 gj\u00f8re - Nordnesrepublikken","isPartOf":{"@id":"https:\/\/nordnesrepublikken.no\/#website"},"primaryImageOfPage":{"@id":"https:\/\/nordnesrepublikken.no\/index.php\/2026\/04\/09\/hva-det-er-og-hva-det-har-med-riksrett-a-gjore\/#primaryimage"},"image":{"@id":"https:\/\/nordnesrepublikken.no\/index.php\/2026\/04\/09\/hva-det-er-og-hva-det-har-med-riksrett-a-gjore\/#primaryimage"},"thumbnailUrl":"https:\/\/nordnesrepublikken.no\/wp-content\/uploads\/2026\/04\/1775725733_hva-det-er-og-hva-det-har-med-riksrett-a.jpg","datePublished":"2026-04-09T09:08:51+00:00","dateModified":"2026-04-09T09:08:53+00:00","breadcrumb":{"@id":"https:\/\/nordnesrepublikken.no\/index.php\/2026\/04\/09\/hva-det-er-og-hva-det-har-med-riksrett-a-gjore\/#breadcrumb"},"inLanguage":"nb-NO","potentialAction":[{"@type":"ReadAction","target":["https:\/\/nordnesrepublikken.no\/index.php\/2026\/04\/09\/hva-det-er-og-hva-det-har-med-riksrett-a-gjore\/"]}]},{"@type":"ImageObject","inLanguage":"nb-NO","@id":"https:\/\/nordnesrepublikken.no\/index.php\/2026\/04\/09\/hva-det-er-og-hva-det-har-med-riksrett-a-gjore\/#primaryimage","url":"https:\/\/nordnesrepublikken.no\/wp-content\/uploads\/2026\/04\/1775725733_hva-det-er-og-hva-det-har-med-riksrett-a.jpg","contentUrl":"https:\/\/nordnesrepublikken.no\/wp-content\/uploads\/2026\/04\/1775725733_hva-det-er-og-hva-det-har-med-riksrett-a.jpg","width":1376,"height":768,"caption":"hva det er og hva det har med riksrett \u00e5 gj\u00f8re"},{"@type":"BreadcrumbList","@id":"https:\/\/nordnesrepublikken.no\/index.php\/2026\/04\/09\/hva-det-er-og-hva-det-har-med-riksrett-a-gjore\/#breadcrumb","itemListElement":[{"@type":"ListItem","position":1,"name":"Home","item":"https:\/\/nordnesrepublikken.no\/"},{"@type":"ListItem","position":2,"name":"hva det er og hva det har med riksrett \u00e5 gj\u00f8re"}]},{"@type":"WebSite","@id":"https:\/\/nordnesrepublikken.no\/#website","url":"https:\/\/nordnesrepublikken.no\/","name":"Nordnesrepublikken","description":"Stemmer og Visjoner fra Republikkens Hjerte","publisher":{"@id":"https:\/\/nordnesrepublikken.no\/#organization"},"potentialAction":[{"@type":"SearchAction","target":{"@type":"EntryPoint","urlTemplate":"https:\/\/nordnesrepublikken.no\/?s={search_term_string}"},"query-input":{"@type":"PropertyValueSpecification","valueRequired":true,"valueName":"search_term_string"}}],"inLanguage":"nb-NO"},{"@type":"Organization","@id":"https:\/\/nordnesrepublikken.no\/#organization","name":"Nordnesrepublikken","url":"https:\/\/nordnesrepublikken.no\/","logo":{"@type":"ImageObject","inLanguage":"nb-NO","@id":"https:\/\/nordnesrepublikken.no\/#\/schema\/logo\/image\/","url":"https:\/\/nordnesrepublikken.no\/wp-content\/uploads\/2025\/02\/cropped-nordnesrepublikken-2.png","contentUrl":"https:\/\/nordnesrepublikken.no\/wp-content\/uploads\/2025\/02\/cropped-nordnesrepublikken-2.png","width":1248,"height":362,"caption":"Nordnesrepublikken"},"image":{"@id":"https:\/\/nordnesrepublikken.no\/#\/schema\/logo\/image\/"}},{"@type":"Person","@id":"https:\/\/nordnesrepublikken.no\/#\/schema\/person\/2e7e81935bab77882fffb79296240ff1","name":"Ole Andersen","image":{"@type":"ImageObject","inLanguage":"nb-NO","@id":"https:\/\/nordnesrepublikken.no\/#\/schema\/person\/image\/","url":"https:\/\/nordnesrepublikken.no\/wp-content\/uploads\/2025\/02\/nordnesrepublikken-2-2-150x150.jpg","contentUrl":"https:\/\/nordnesrepublikken.no\/wp-content\/uploads\/2025\/02\/nordnesrepublikken-2-2-150x150.jpg","caption":"Ole Andersen"},"description":"Ettersom jeg vokste opp i Oslo, har jeg alltid v\u00e6rt fascinert av ordenes kraft og deres evne til \u00e5 skape endringer. Etter \u00e5 ha fullf\u00f8rt min utdannelse i kommunikasjon ved Universitetet i Bergen, fikk jeg muligheten til \u00e5 jobbe innen ulike medier, der jeg har s\u00f8kt \u00e5 belyse viktige samfunnssp\u00f8rsm\u00e5l. I dag, som redakt\u00f8r for Nordnesrepublikken, pr\u00f8ver jeg \u00e5 forene min kj\u00e6rlighet for journalistikk med min lidenskap for innovasjon og eventyr.","sameAs":["https:\/\/nordnesrepublikken.no\/"]}]}},"_links":{"self":[{"href":"https:\/\/nordnesrepublikken.no\/index.php\/wp-json\/wp\/v2\/posts\/16787","targetHints":{"allow":["GET"]}}],"collection":[{"href":"https:\/\/nordnesrepublikken.no\/index.php\/wp-json\/wp\/v2\/posts"}],"about":[{"href":"https:\/\/nordnesrepublikken.no\/index.php\/wp-json\/wp\/v2\/types\/post"}],"author":[{"embeddable":true,"href":"https:\/\/nordnesrepublikken.no\/index.php\/wp-json\/wp\/v2\/users\/1"}],"replies":[{"embeddable":true,"href":"https:\/\/nordnesrepublikken.no\/index.php\/wp-json\/wp\/v2\/comments?post=16787"}],"version-history":[{"count":1,"href":"https:\/\/nordnesrepublikken.no\/index.php\/wp-json\/wp\/v2\/posts\/16787\/revisions"}],"predecessor-version":[{"id":16789,"href":"https:\/\/nordnesrepublikken.no\/index.php\/wp-json\/wp\/v2\/posts\/16787\/revisions\/16789"}],"wp:featuredmedia":[{"embeddable":true,"href":"https:\/\/nordnesrepublikken.no\/index.php\/wp-json\/wp\/v2\/media\/16788"}],"wp:attachment":[{"href":"https:\/\/nordnesrepublikken.no\/index.php\/wp-json\/wp\/v2\/media?parent=16787"}],"wp:term":[{"taxonomy":"category","embeddable":true,"href":"https:\/\/nordnesrepublikken.no\/index.php\/wp-json\/wp\/v2\/categories?post=16787"},{"taxonomy":"post_tag","embeddable":true,"href":"https:\/\/nordnesrepublikken.no\/index.php\/wp-json\/wp\/v2\/tags?post=16787"}],"curies":[{"name":"wp","href":"https:\/\/api.w.org\/{rel}","templated":true}]}}