{"id":16784,"date":"2026-04-09T11:03:48","date_gmt":"2026-04-09T09:03:48","guid":{"rendered":"https:\/\/nordnesrepublikken.no\/index.php\/2026\/04\/09\/meta-down-tusenvis-av-rapporter-for-problemer-med-whatsapp-instagram-og-facebook-hva-skjer\/"},"modified":"2026-04-09T11:03:52","modified_gmt":"2026-04-09T09:03:52","slug":"meta-down-tusenvis-av-rapporter-for-problemer-med-whatsapp-instagram-og-facebook-hva-skjer","status":"publish","type":"post","link":"https:\/\/nordnesrepublikken.no\/index.php\/2026\/04\/09\/meta-down-tusenvis-av-rapporter-for-problemer-med-whatsapp-instagram-og-facebook-hva-skjer\/","title":{"rendered":"Meta down, tusenvis av rapporter for problemer med Whatsapp, Instagram og Facebook: hva skjer"},"content":{"rendered":"<div>\n<div class=\"cp_wrapper cp_wrapper--fw mb-30 mb-20@tablet\">\n<figure class=\"mm\"><picture class=\"img\" style=\"padding-top:56.25%\"><source  media=\"(min-width: 1024px)\"><source  media=\"(min-width: 768px)\"><\/source><\/source><\/picture><\/figure>\n<\/p><\/div>\n<p><strong>Problemer <\/strong>med bruk av plattformer<strong> sosiale nettverk til Meta-gruppen<\/strong> \u2013 <strong>Whatsapp<\/strong>, <strong>Instagram<\/strong> Og <strong>Facebook<\/strong> \u2013 for tusenvis av italienske brukere i dag, torsdag 9. april: if\u00f8lge det som ble rapportert p\u00e5 Downdetector-portalen, som samler inn tilbakemeldinger fra brukere, begynte de f\u00f8rste forstyrrelsene med Whatsapp fra kl. 10:00, med en topp p\u00e5 br\u00f8nn. <strong>3459 rapporter om funksjonsfeil pr. 10:16<\/strong>. Mer spesifikt rapporterte 39 % av brukerne problemer med \u00e5 sende meldinger, 24 % med appen generelt og 20 % med p\u00e5logging.<\/p>\n<div class=\"cp_wrapper cp_wrapper--fw mb-50\">\n<figure class=\"mm\"><picture class=\"img\" style=\"padding-top:37.093023255814%\"><source  media=\"(min-width: 1024px)\"><source  media=\"(min-width: 768px)\"><img decoding=\"async\" loading=\"lazy\" src=\"https:\/\/nordnesrepublikken.no\/wp-content\/uploads\/2026\/04\/1775725427_610_Meta-down-tusenvis-av-rapporter-for-problemer-med-Whatsapp-Instagram.jpg\" alt=\"NED whatsapp\" width=\"860\" height=\"319\"\/><\/source><\/source><\/picture><\/figure>\n<\/p><\/div>\n<p>Dunet p\u00e5virker ogs\u00e5 <strong>Instagram<\/strong>med <strong>1948 rapporter<\/strong> kl 10:12, e <strong>Facebook<\/strong>med <strong>1199<\/strong> brukere rapporterer problemer klokken 10:15. I begge tilfeller har folk problemer med \u00e5 f\u00e5 tilgang til appen og koble til serveren.<\/p>\n<div class=\"cp_wrapper cp_wrapper--fw mb-50\">\n<figure class=\"mm\"><picture class=\"img\" style=\"padding-top:36.939010356732%\"><source  media=\"(min-width: 1024px)\"><source  media=\"(min-width: 768px)\"><img decoding=\"async\" loading=\"lazy\" src=\"https:\/\/nordnesrepublikken.no\/wp-content\/uploads\/2026\/04\/1775725427_126_Meta-down-tusenvis-av-rapporter-for-problemer-med-Whatsapp-Instagram.jpg\" alt=\"ned-instagram\" width=\"869\" height=\"321\" class=\"js-seedtag-img\"\/><\/source><\/source><\/picture><\/figure>\n<\/p><\/div>\n<p>Situasjonen ser ut til \u00e5 komme seg gradvis, og antallet rapporter faller etter klokken 10.30 for alle de tre sosiale plattformene. De st\u00f8rste rapportene kommer imidlertid hovedsakelig fra<strong> by i Sentral-S\u00f8r-Italia<\/strong> slik som Roma, Perugia, Napoli, Bari, Palermo og Catania, selv om flere rapporter ogs\u00e5 er registrert i Milano og Torino, som ogs\u00e5 er synlig p\u00e5 kartet nedenfor.<\/p>\n<div class=\"cp_wrapper cp_wrapper--fw mb-50\">\n<figure class=\"mm\"><picture class=\"img\" style=\"padding-top:84.562211981567%\"><source  media=\"(min-width: 1024px)\"><source  media=\"(min-width: 768px)\"><img decoding=\"async\" loading=\"lazy\" src=\"https:\/\/nordnesrepublikken.no\/wp-content\/uploads\/2026\/04\/1775725428_383_Meta-down-tusenvis-av-rapporter-for-problemer-med-Whatsapp-Instagram.jpg\" alt=\"kart ned whatsapp\" width=\"868\" height=\"734\"\/><\/source><\/source><\/picture><\/figure>\n<\/p><\/div>\n<p>For \u00f8yeblikket har Meta, Mark Zuckerbergs selskap som eier Whatsapp, Instagram, Facebook enn\u00e5 ikke gitt ut noen forklaring p\u00e5 denne feilen. Nedturen ser imidlertid ut til \u00e5 kun v\u00e6re relatert til Italia.<\/p>\n<\/p><\/div>\n","protected":false},"excerpt":{"rendered":"<p>Problemer med bruk av plattformer sosiale nettverk til Meta-gruppen \u2013 Whatsapp, Instagram Og Facebook \u2013<\/p>\n","protected":false},"author":1,"featured_media":16785,"comment_status":"closed","ping_status":"open","sticky":false,"template":"","format":"standard","meta":{"footnotes":""},"categories":[25],"tags":[2150,144,1879,79,1213,964,6494,360,1928,899],"class_list":["post-16784","post","type-post","status-publish","format-standard","has-post-thumbnail","hentry","category-teknologi","tag-facebook","tag-hva","tag-instagram","tag-med","tag-meta","tag-problemer","tag-rapporter","tag-skjer","tag-tusenvis","tag-whatsapp","generate-columns","tablet-grid-50","mobile-grid-100","grid-parent","grid-33","resize-featured-image"],"yoast_head":"<!-- This site is optimized with the Yoast SEO plugin v24.4 - https:\/\/yoast.com\/wordpress\/plugins\/seo\/ -->\n<title>Meta down, tusenvis av rapporter for problemer med Whatsapp, Instagram og Facebook: hva skjer - Nordnesrepublikken<\/title>\n<meta name=\"robots\" content=\"index, follow, max-snippet:-1, max-image-preview:large, max-video-preview:-1\" \/>\n<link rel=\"canonical\" href=\"https:\/\/nordnesrepublikken.no\/index.php\/2026\/04\/09\/meta-down-tusenvis-av-rapporter-for-problemer-med-whatsapp-instagram-og-facebook-hva-skjer\/\" \/>\n<meta property=\"og:locale\" content=\"nb_NO\" \/>\n<meta property=\"og:type\" content=\"article\" \/>\n<meta property=\"og:title\" content=\"Meta down, tusenvis av rapporter for problemer med Whatsapp, Instagram og Facebook: hva skjer - Nordnesrepublikken\" \/>\n<meta property=\"og:description\" content=\"Problemer med bruk av plattformer sosiale nettverk til Meta-gruppen \u2013 Whatsapp, Instagram Og Facebook \u2013\" \/>\n<meta property=\"og:url\" content=\"https:\/\/nordnesrepublikken.no\/index.php\/2026\/04\/09\/meta-down-tusenvis-av-rapporter-for-problemer-med-whatsapp-instagram-og-facebook-hva-skjer\/\" \/>\n<meta property=\"og:site_name\" content=\"Nordnesrepublikken\" \/>\n<meta property=\"article:published_time\" content=\"2026-04-09T09:03:48+00:00\" \/>\n<meta property=\"article:modified_time\" content=\"2026-04-09T09:03:52+00:00\" \/>\n<meta property=\"og:image\" content=\"https:\/\/nordnesrepublikken.no\/wp-content\/uploads\/2026\/04\/1775725429_Meta-down-tusenvis-av-rapporter-for-problemer-med-Whatsapp-Instagram.jpg\" \/>\n\t<meta property=\"og:image:width\" content=\"2119\" \/>\n\t<meta property=\"og:image:height\" content=\"1415\" \/>\n\t<meta property=\"og:image:type\" content=\"image\/jpeg\" \/>\n<meta name=\"author\" content=\"Ole Andersen\" \/>\n<meta name=\"twitter:card\" content=\"summary_large_image\" \/>\n<meta name=\"twitter:label1\" content=\"Skrevet av\" \/>\n\t<meta name=\"twitter:data1\" content=\"Ole Andersen\" \/>\n\t<meta name=\"twitter:label2\" content=\"Ansl. lesetid\" \/>\n\t<meta name=\"twitter:data2\" content=\"1 minutt\" \/>\n<script type=\"application\/ld+json\" class=\"yoast-schema-graph\">{\"@context\":\"https:\/\/schema.org\",\"@graph\":[{\"@type\":\"Article\",\"@id\":\"https:\/\/nordnesrepublikken.no\/index.php\/2026\/04\/09\/meta-down-tusenvis-av-rapporter-for-problemer-med-whatsapp-instagram-og-facebook-hva-skjer\/#article\",\"isPartOf\":{\"@id\":\"https:\/\/nordnesrepublikken.no\/index.php\/2026\/04\/09\/meta-down-tusenvis-av-rapporter-for-problemer-med-whatsapp-instagram-og-facebook-hva-skjer\/\"},\"author\":{\"name\":\"Ole Andersen\",\"@id\":\"https:\/\/nordnesrepublikken.no\/#\/schema\/person\/2e7e81935bab77882fffb79296240ff1\"},\"headline\":\"Meta down, tusenvis av rapporter for problemer med Whatsapp, Instagram og Facebook: hva skjer\",\"datePublished\":\"2026-04-09T09:03:48+00:00\",\"dateModified\":\"2026-04-09T09:03:52+00:00\",\"mainEntityOfPage\":{\"@id\":\"https:\/\/nordnesrepublikken.no\/index.php\/2026\/04\/09\/meta-down-tusenvis-av-rapporter-for-problemer-med-whatsapp-instagram-og-facebook-hva-skjer\/\"},\"wordCount\":203,\"publisher\":{\"@id\":\"https:\/\/nordnesrepublikken.no\/#organization\"},\"image\":{\"@id\":\"https:\/\/nordnesrepublikken.no\/index.php\/2026\/04\/09\/meta-down-tusenvis-av-rapporter-for-problemer-med-whatsapp-instagram-og-facebook-hva-skjer\/#primaryimage\"},\"thumbnailUrl\":\"https:\/\/nordnesrepublikken.no\/wp-content\/uploads\/2026\/04\/1775725429_Meta-down-tusenvis-av-rapporter-for-problemer-med-Whatsapp-Instagram.jpg\",\"keywords\":[\"Facebook\",\"Hva\",\"Instagram\",\"med\",\"Meta\",\"Problemer\",\"rapporter\",\"skjer\",\"tusenvis\",\"WhatsApp\"],\"articleSection\":[\"Teknologi\"],\"inLanguage\":\"nb-NO\"},{\"@type\":\"WebPage\",\"@id\":\"https:\/\/nordnesrepublikken.no\/index.php\/2026\/04\/09\/meta-down-tusenvis-av-rapporter-for-problemer-med-whatsapp-instagram-og-facebook-hva-skjer\/\",\"url\":\"https:\/\/nordnesrepublikken.no\/index.php\/2026\/04\/09\/meta-down-tusenvis-av-rapporter-for-problemer-med-whatsapp-instagram-og-facebook-hva-skjer\/\",\"name\":\"Meta down, tusenvis av rapporter for problemer med Whatsapp, Instagram og Facebook: hva skjer - Nordnesrepublikken\",\"isPartOf\":{\"@id\":\"https:\/\/nordnesrepublikken.no\/#website\"},\"primaryImageOfPage\":{\"@id\":\"https:\/\/nordnesrepublikken.no\/index.php\/2026\/04\/09\/meta-down-tusenvis-av-rapporter-for-problemer-med-whatsapp-instagram-og-facebook-hva-skjer\/#primaryimage\"},\"image\":{\"@id\":\"https:\/\/nordnesrepublikken.no\/index.php\/2026\/04\/09\/meta-down-tusenvis-av-rapporter-for-problemer-med-whatsapp-instagram-og-facebook-hva-skjer\/#primaryimage\"},\"thumbnailUrl\":\"https:\/\/nordnesrepublikken.no\/wp-content\/uploads\/2026\/04\/1775725429_Meta-down-tusenvis-av-rapporter-for-problemer-med-Whatsapp-Instagram.jpg\",\"datePublished\":\"2026-04-09T09:03:48+00:00\",\"dateModified\":\"2026-04-09T09:03:52+00:00\",\"breadcrumb\":{\"@id\":\"https:\/\/nordnesrepublikken.no\/index.php\/2026\/04\/09\/meta-down-tusenvis-av-rapporter-for-problemer-med-whatsapp-instagram-og-facebook-hva-skjer\/#breadcrumb\"},\"inLanguage\":\"nb-NO\",\"potentialAction\":[{\"@type\":\"ReadAction\",\"target\":[\"https:\/\/nordnesrepublikken.no\/index.php\/2026\/04\/09\/meta-down-tusenvis-av-rapporter-for-problemer-med-whatsapp-instagram-og-facebook-hva-skjer\/\"]}]},{\"@type\":\"ImageObject\",\"inLanguage\":\"nb-NO\",\"@id\":\"https:\/\/nordnesrepublikken.no\/index.php\/2026\/04\/09\/meta-down-tusenvis-av-rapporter-for-problemer-med-whatsapp-instagram-og-facebook-hva-skjer\/#primaryimage\",\"url\":\"https:\/\/nordnesrepublikken.no\/wp-content\/uploads\/2026\/04\/1775725429_Meta-down-tusenvis-av-rapporter-for-problemer-med-Whatsapp-Instagram.jpg\",\"contentUrl\":\"https:\/\/nordnesrepublikken.no\/wp-content\/uploads\/2026\/04\/1775725429_Meta-down-tusenvis-av-rapporter-for-problemer-med-Whatsapp-Instagram.jpg\",\"width\":2119,\"height\":1415,\"caption\":\"Meta down, tusenvis av rapporter for problemer med Whatsapp, Instagram og Facebook: hva skjer\"},{\"@type\":\"BreadcrumbList\",\"@id\":\"https:\/\/nordnesrepublikken.no\/index.php\/2026\/04\/09\/meta-down-tusenvis-av-rapporter-for-problemer-med-whatsapp-instagram-og-facebook-hva-skjer\/#breadcrumb\",\"itemListElement\":[{\"@type\":\"ListItem\",\"position\":1,\"name\":\"Home\",\"item\":\"https:\/\/nordnesrepublikken.no\/\"},{\"@type\":\"ListItem\",\"position\":2,\"name\":\"Meta down, tusenvis av rapporter for problemer med Whatsapp, Instagram og Facebook: hva skjer\"}]},{\"@type\":\"WebSite\",\"@id\":\"https:\/\/nordnesrepublikken.no\/#website\",\"url\":\"https:\/\/nordnesrepublikken.no\/\",\"name\":\"Nordnesrepublikken\",\"description\":\"Stemmer og Visjoner fra Republikkens Hjerte\",\"publisher\":{\"@id\":\"https:\/\/nordnesrepublikken.no\/#organization\"},\"potentialAction\":[{\"@type\":\"SearchAction\",\"target\":{\"@type\":\"EntryPoint\",\"urlTemplate\":\"https:\/\/nordnesrepublikken.no\/?s={search_term_string}\"},\"query-input\":{\"@type\":\"PropertyValueSpecification\",\"valueRequired\":true,\"valueName\":\"search_term_string\"}}],\"inLanguage\":\"nb-NO\"},{\"@type\":\"Organization\",\"@id\":\"https:\/\/nordnesrepublikken.no\/#organization\",\"name\":\"Nordnesrepublikken\",\"url\":\"https:\/\/nordnesrepublikken.no\/\",\"logo\":{\"@type\":\"ImageObject\",\"inLanguage\":\"nb-NO\",\"@id\":\"https:\/\/nordnesrepublikken.no\/#\/schema\/logo\/image\/\",\"url\":\"https:\/\/nordnesrepublikken.no\/wp-content\/uploads\/2025\/02\/cropped-nordnesrepublikken-2.png\",\"contentUrl\":\"https:\/\/nordnesrepublikken.no\/wp-content\/uploads\/2025\/02\/cropped-nordnesrepublikken-2.png\",\"width\":1248,\"height\":362,\"caption\":\"Nordnesrepublikken\"},\"image\":{\"@id\":\"https:\/\/nordnesrepublikken.no\/#\/schema\/logo\/image\/\"}},{\"@type\":\"Person\",\"@id\":\"https:\/\/nordnesrepublikken.no\/#\/schema\/person\/2e7e81935bab77882fffb79296240ff1\",\"name\":\"Ole Andersen\",\"image\":{\"@type\":\"ImageObject\",\"inLanguage\":\"nb-NO\",\"@id\":\"https:\/\/nordnesrepublikken.no\/#\/schema\/person\/image\/\",\"url\":\"https:\/\/nordnesrepublikken.no\/wp-content\/uploads\/2025\/02\/nordnesrepublikken-2-2-150x150.jpg\",\"contentUrl\":\"https:\/\/nordnesrepublikken.no\/wp-content\/uploads\/2025\/02\/nordnesrepublikken-2-2-150x150.jpg\",\"caption\":\"Ole Andersen\"},\"description\":\"Ettersom jeg vokste opp i Oslo, har jeg alltid v\u00e6rt fascinert av ordenes kraft og deres evne til \u00e5 skape endringer. Etter \u00e5 ha fullf\u00f8rt min utdannelse i kommunikasjon ved Universitetet i Bergen, fikk jeg muligheten til \u00e5 jobbe innen ulike medier, der jeg har s\u00f8kt \u00e5 belyse viktige samfunnssp\u00f8rsm\u00e5l. I dag, som redakt\u00f8r for Nordnesrepublikken, pr\u00f8ver jeg \u00e5 forene min kj\u00e6rlighet for journalistikk med min lidenskap for innovasjon og eventyr.\",\"sameAs\":[\"https:\/\/nordnesrepublikken.no\/\"]}]}<\/script>\n<!-- \/ Yoast SEO plugin. -->","yoast_head_json":{"title":"Meta down, tusenvis av rapporter for problemer med Whatsapp, Instagram og Facebook: hva skjer - Nordnesrepublikken","robots":{"index":"index","follow":"follow","max-snippet":"max-snippet:-1","max-image-preview":"max-image-preview:large","max-video-preview":"max-video-preview:-1"},"canonical":"https:\/\/nordnesrepublikken.no\/index.php\/2026\/04\/09\/meta-down-tusenvis-av-rapporter-for-problemer-med-whatsapp-instagram-og-facebook-hva-skjer\/","og_locale":"nb_NO","og_type":"article","og_title":"Meta down, tusenvis av rapporter for problemer med Whatsapp, Instagram og Facebook: hva skjer - Nordnesrepublikken","og_description":"Problemer med bruk av plattformer sosiale nettverk til Meta-gruppen \u2013 Whatsapp, Instagram Og Facebook \u2013","og_url":"https:\/\/nordnesrepublikken.no\/index.php\/2026\/04\/09\/meta-down-tusenvis-av-rapporter-for-problemer-med-whatsapp-instagram-og-facebook-hva-skjer\/","og_site_name":"Nordnesrepublikken","article_published_time":"2026-04-09T09:03:48+00:00","article_modified_time":"2026-04-09T09:03:52+00:00","og_image":[{"width":2119,"height":1415,"url":"https:\/\/nordnesrepublikken.no\/wp-content\/uploads\/2026\/04\/1775725429_Meta-down-tusenvis-av-rapporter-for-problemer-med-Whatsapp-Instagram.jpg","type":"image\/jpeg"}],"author":"Ole Andersen","twitter_card":"summary_large_image","twitter_misc":{"Skrevet av":"Ole Andersen","Ansl. lesetid":"1 minutt"},"schema":{"@context":"https:\/\/schema.org","@graph":[{"@type":"Article","@id":"https:\/\/nordnesrepublikken.no\/index.php\/2026\/04\/09\/meta-down-tusenvis-av-rapporter-for-problemer-med-whatsapp-instagram-og-facebook-hva-skjer\/#article","isPartOf":{"@id":"https:\/\/nordnesrepublikken.no\/index.php\/2026\/04\/09\/meta-down-tusenvis-av-rapporter-for-problemer-med-whatsapp-instagram-og-facebook-hva-skjer\/"},"author":{"name":"Ole Andersen","@id":"https:\/\/nordnesrepublikken.no\/#\/schema\/person\/2e7e81935bab77882fffb79296240ff1"},"headline":"Meta down, tusenvis av rapporter for problemer med Whatsapp, Instagram og Facebook: hva skjer","datePublished":"2026-04-09T09:03:48+00:00","dateModified":"2026-04-09T09:03:52+00:00","mainEntityOfPage":{"@id":"https:\/\/nordnesrepublikken.no\/index.php\/2026\/04\/09\/meta-down-tusenvis-av-rapporter-for-problemer-med-whatsapp-instagram-og-facebook-hva-skjer\/"},"wordCount":203,"publisher":{"@id":"https:\/\/nordnesrepublikken.no\/#organization"},"image":{"@id":"https:\/\/nordnesrepublikken.no\/index.php\/2026\/04\/09\/meta-down-tusenvis-av-rapporter-for-problemer-med-whatsapp-instagram-og-facebook-hva-skjer\/#primaryimage"},"thumbnailUrl":"https:\/\/nordnesrepublikken.no\/wp-content\/uploads\/2026\/04\/1775725429_Meta-down-tusenvis-av-rapporter-for-problemer-med-Whatsapp-Instagram.jpg","keywords":["Facebook","Hva","Instagram","med","Meta","Problemer","rapporter","skjer","tusenvis","WhatsApp"],"articleSection":["Teknologi"],"inLanguage":"nb-NO"},{"@type":"WebPage","@id":"https:\/\/nordnesrepublikken.no\/index.php\/2026\/04\/09\/meta-down-tusenvis-av-rapporter-for-problemer-med-whatsapp-instagram-og-facebook-hva-skjer\/","url":"https:\/\/nordnesrepublikken.no\/index.php\/2026\/04\/09\/meta-down-tusenvis-av-rapporter-for-problemer-med-whatsapp-instagram-og-facebook-hva-skjer\/","name":"Meta down, tusenvis av rapporter for problemer med Whatsapp, Instagram og Facebook: hva skjer - Nordnesrepublikken","isPartOf":{"@id":"https:\/\/nordnesrepublikken.no\/#website"},"primaryImageOfPage":{"@id":"https:\/\/nordnesrepublikken.no\/index.php\/2026\/04\/09\/meta-down-tusenvis-av-rapporter-for-problemer-med-whatsapp-instagram-og-facebook-hva-skjer\/#primaryimage"},"image":{"@id":"https:\/\/nordnesrepublikken.no\/index.php\/2026\/04\/09\/meta-down-tusenvis-av-rapporter-for-problemer-med-whatsapp-instagram-og-facebook-hva-skjer\/#primaryimage"},"thumbnailUrl":"https:\/\/nordnesrepublikken.no\/wp-content\/uploads\/2026\/04\/1775725429_Meta-down-tusenvis-av-rapporter-for-problemer-med-Whatsapp-Instagram.jpg","datePublished":"2026-04-09T09:03:48+00:00","dateModified":"2026-04-09T09:03:52+00:00","breadcrumb":{"@id":"https:\/\/nordnesrepublikken.no\/index.php\/2026\/04\/09\/meta-down-tusenvis-av-rapporter-for-problemer-med-whatsapp-instagram-og-facebook-hva-skjer\/#breadcrumb"},"inLanguage":"nb-NO","potentialAction":[{"@type":"ReadAction","target":["https:\/\/nordnesrepublikken.no\/index.php\/2026\/04\/09\/meta-down-tusenvis-av-rapporter-for-problemer-med-whatsapp-instagram-og-facebook-hva-skjer\/"]}]},{"@type":"ImageObject","inLanguage":"nb-NO","@id":"https:\/\/nordnesrepublikken.no\/index.php\/2026\/04\/09\/meta-down-tusenvis-av-rapporter-for-problemer-med-whatsapp-instagram-og-facebook-hva-skjer\/#primaryimage","url":"https:\/\/nordnesrepublikken.no\/wp-content\/uploads\/2026\/04\/1775725429_Meta-down-tusenvis-av-rapporter-for-problemer-med-Whatsapp-Instagram.jpg","contentUrl":"https:\/\/nordnesrepublikken.no\/wp-content\/uploads\/2026\/04\/1775725429_Meta-down-tusenvis-av-rapporter-for-problemer-med-Whatsapp-Instagram.jpg","width":2119,"height":1415,"caption":"Meta down, tusenvis av rapporter for problemer med Whatsapp, Instagram og Facebook: hva skjer"},{"@type":"BreadcrumbList","@id":"https:\/\/nordnesrepublikken.no\/index.php\/2026\/04\/09\/meta-down-tusenvis-av-rapporter-for-problemer-med-whatsapp-instagram-og-facebook-hva-skjer\/#breadcrumb","itemListElement":[{"@type":"ListItem","position":1,"name":"Home","item":"https:\/\/nordnesrepublikken.no\/"},{"@type":"ListItem","position":2,"name":"Meta down, tusenvis av rapporter for problemer med Whatsapp, Instagram og Facebook: hva skjer"}]},{"@type":"WebSite","@id":"https:\/\/nordnesrepublikken.no\/#website","url":"https:\/\/nordnesrepublikken.no\/","name":"Nordnesrepublikken","description":"Stemmer og Visjoner fra Republikkens Hjerte","publisher":{"@id":"https:\/\/nordnesrepublikken.no\/#organization"},"potentialAction":[{"@type":"SearchAction","target":{"@type":"EntryPoint","urlTemplate":"https:\/\/nordnesrepublikken.no\/?s={search_term_string}"},"query-input":{"@type":"PropertyValueSpecification","valueRequired":true,"valueName":"search_term_string"}}],"inLanguage":"nb-NO"},{"@type":"Organization","@id":"https:\/\/nordnesrepublikken.no\/#organization","name":"Nordnesrepublikken","url":"https:\/\/nordnesrepublikken.no\/","logo":{"@type":"ImageObject","inLanguage":"nb-NO","@id":"https:\/\/nordnesrepublikken.no\/#\/schema\/logo\/image\/","url":"https:\/\/nordnesrepublikken.no\/wp-content\/uploads\/2025\/02\/cropped-nordnesrepublikken-2.png","contentUrl":"https:\/\/nordnesrepublikken.no\/wp-content\/uploads\/2025\/02\/cropped-nordnesrepublikken-2.png","width":1248,"height":362,"caption":"Nordnesrepublikken"},"image":{"@id":"https:\/\/nordnesrepublikken.no\/#\/schema\/logo\/image\/"}},{"@type":"Person","@id":"https:\/\/nordnesrepublikken.no\/#\/schema\/person\/2e7e81935bab77882fffb79296240ff1","name":"Ole Andersen","image":{"@type":"ImageObject","inLanguage":"nb-NO","@id":"https:\/\/nordnesrepublikken.no\/#\/schema\/person\/image\/","url":"https:\/\/nordnesrepublikken.no\/wp-content\/uploads\/2025\/02\/nordnesrepublikken-2-2-150x150.jpg","contentUrl":"https:\/\/nordnesrepublikken.no\/wp-content\/uploads\/2025\/02\/nordnesrepublikken-2-2-150x150.jpg","caption":"Ole Andersen"},"description":"Ettersom jeg vokste opp i Oslo, har jeg alltid v\u00e6rt fascinert av ordenes kraft og deres evne til \u00e5 skape endringer. Etter \u00e5 ha fullf\u00f8rt min utdannelse i kommunikasjon ved Universitetet i Bergen, fikk jeg muligheten til \u00e5 jobbe innen ulike medier, der jeg har s\u00f8kt \u00e5 belyse viktige samfunnssp\u00f8rsm\u00e5l. I dag, som redakt\u00f8r for Nordnesrepublikken, pr\u00f8ver jeg \u00e5 forene min kj\u00e6rlighet for journalistikk med min lidenskap for innovasjon og eventyr.","sameAs":["https:\/\/nordnesrepublikken.no\/"]}]}},"_links":{"self":[{"href":"https:\/\/nordnesrepublikken.no\/index.php\/wp-json\/wp\/v2\/posts\/16784","targetHints":{"allow":["GET"]}}],"collection":[{"href":"https:\/\/nordnesrepublikken.no\/index.php\/wp-json\/wp\/v2\/posts"}],"about":[{"href":"https:\/\/nordnesrepublikken.no\/index.php\/wp-json\/wp\/v2\/types\/post"}],"author":[{"embeddable":true,"href":"https:\/\/nordnesrepublikken.no\/index.php\/wp-json\/wp\/v2\/users\/1"}],"replies":[{"embeddable":true,"href":"https:\/\/nordnesrepublikken.no\/index.php\/wp-json\/wp\/v2\/comments?post=16784"}],"version-history":[{"count":1,"href":"https:\/\/nordnesrepublikken.no\/index.php\/wp-json\/wp\/v2\/posts\/16784\/revisions"}],"predecessor-version":[{"id":16786,"href":"https:\/\/nordnesrepublikken.no\/index.php\/wp-json\/wp\/v2\/posts\/16784\/revisions\/16786"}],"wp:featuredmedia":[{"embeddable":true,"href":"https:\/\/nordnesrepublikken.no\/index.php\/wp-json\/wp\/v2\/media\/16785"}],"wp:attachment":[{"href":"https:\/\/nordnesrepublikken.no\/index.php\/wp-json\/wp\/v2\/media?parent=16784"}],"wp:term":[{"taxonomy":"category","embeddable":true,"href":"https:\/\/nordnesrepublikken.no\/index.php\/wp-json\/wp\/v2\/categories?post=16784"},{"taxonomy":"post_tag","embeddable":true,"href":"https:\/\/nordnesrepublikken.no\/index.php\/wp-json\/wp\/v2\/tags?post=16784"}],"curies":[{"name":"wp","href":"https:\/\/api.w.org\/{rel}","templated":true}]}}