{"id":16775,"date":"2026-04-09T07:05:55","date_gmt":"2026-04-09T05:05:55","guid":{"rendered":"https:\/\/nordnesrepublikken.no\/index.php\/2026\/04\/09\/parakneria-thysi-i-kongo\/"},"modified":"2026-04-09T07:05:58","modified_gmt":"2026-04-09T05:05:58","slug":"parakneria-thysi-i-kongo","status":"publish","type":"post","link":"https:\/\/nordnesrepublikken.no\/index.php\/2026\/04\/09\/parakneria-thysi-i-kongo\/","title":{"rendered":"Parakneria thysi i Kongo"},"content":{"rendered":"<div>\n<div class=\"cp_wrapper cp_wrapper--fw mb-30 mb-20@tablet\">\n<figure class=\"mm\"><picture class=\"img\" style=\"padding-top:56.25%\"><source  media=\"(min-width: 1024px)\"><source  media=\"(min-width: 768px)\"><\/source><\/source><\/picture><\/figure>\n<\/p><\/div>\n<p>Kom p\u00e5 lang fisk <strong>3.7<\/strong> til <strong>4.8<\/strong> centimeter klatring en vertikal foss p\u00e5 <strong>15 meter <\/strong>i Kongo, klamrer seg til den v\u00e5te steinen med finnene som om de var hender skitne med kritt. Hvert \u00e5r, p\u00e5 slutten av regntiden, tusenvis av eksemplarer av <em>Parakneria thysi<\/em> de oppn\u00e5r denne bragden i \u00e9n fil. Scenen finner sted p\u00e5 <strong>Luvilombo fossefall<\/strong>i Upemba nasjonalpark, i <strong>Den demokratiske republikken Kongo<\/strong> og selv om det har v\u00e6rt kjent i over 50 \u00e5r, har ingen til n\u00e5 dokumentert det med <strong>bilde <\/strong>Og<strong> video<\/strong>. En studie publisert p\u00e5 tok seg av det <em>Vitenskapelige rapporter<\/em>som forteller for f\u00f8rste gang oppf\u00f8rselen til <strong>klatring<\/strong> av disse sm\u00e5 ferskvannsfiskene som er endemiske i regionen. For \u00e5 gi en ide om omfanget av arrangementet, gitt de n\u00f8dvendige proporsjonene, er det som om en mann seks fot h\u00f8y klatret opp en 675 meter vertikal vegg med bare hender, vel <strong>mer enn dobbelt s\u00e5 stor som Eiffelt\u00e5rnet<\/strong>. Et titanisk foretak som ville gjort selv andre misunnelige <strong>Alex Honnold<\/strong>klatreren som ble ber\u00f8mt for \u00e5 ha temmet de nesten 900 meterne med stein i El Capitan og de 508 meterne til Taipei 101-skyskraperen uten tau.<\/p>\n<h2>Hvordan klatrer de? <em>Parakneria thysi<\/em> i Kongo: unculi, finner og b\u00f8lger<\/h2>\n<p>Den aktuelle studien bringer for f\u00f8rste gang konkrete bevis p\u00e5 evnen til familiens fisk <strong>Kneriidae <\/strong>\u00e5 klatre p\u00e5 steinveggene til fossene. Hovedpersonen i forskningen er medlem av slekten Parakneria, det vil si <em>P. thysi<\/em>en liten fisk kalt Sanga p\u00e5 det lokale spr\u00e5ket <strong>&laquo;Kalumbu&raquo; <\/strong>som bokstavelig talt betyr &laquo;\u00e5 holde seg&raquo;, med henvisning til hans spesielle vane. Den dokumenterte atferden er \u00e9n <strong>migrasjon<\/strong> som finner sted mellom april og mai, p\u00e5 slutten av regntiden. Bragden takles kun av sm\u00e5 eller mellomstore eksemplarer \u2013 mellom <strong>3,7 og 4,8 cm<\/strong> i lengde (arten n\u00e5r maksimalt ca <strong>9,6 cm<\/strong>).<\/p>\n<div class=\"cp_wrapper cp_wrapper--fw mb-50\">\n<figure class=\"mm\"><picture class=\"img\" style=\"padding-top:73.4375%\"><source  media=\"(min-width: 1024px)\"><source  media=\"(min-width: 768px)\"><img decoding=\"async\" loading=\"lazy\" src=\"https:\/\/nordnesrepublikken.no\/wp-content\/uploads\/2026\/04\/1775711153_594_Parakneria-thysi-i-Kongo.jpg\" alt=\"Parakneria thysi\" width=\"640\" height=\"470\"\/><\/source><\/source><\/picture><\/figure>\n<\/p><\/div>\n<p>Klatremekanismen er det fjerneste du kan forestille deg fra en sv\u00f8mmende fisk. DE <em>P. thysi<\/em> de klamrer seg til den vertikale veggen til fossen, i omr\u00e5det der det renner lite vann, men fjellet er konstant fuktig, f\u00f8rst ved \u00e5 bruke <strong>brystfinner<\/strong>deretter <strong>bekkenfinner<\/strong> som st\u00f8tte. Fremdrift oppover skjer via <strong>b\u00f8lgende sidebevegelser<\/strong> av den bakre halvdelen av kroppen, som n\u00e5r fisken sv\u00f8mmer, men orientert vertikalt.<\/p>\n<div class=\"cp_wrapper cp_wrapper--fw mb-50\">\n<figure class=\"mm\"><picture class=\"img\" style=\"padding-top:101.16279069767%\"><source  media=\"(min-width: 1024px)\"><source  media=\"(min-width: 768px)\"><img decoding=\"async\" loading=\"lazy\" src=\"https:\/\/nordnesrepublikken.no\/wp-content\/uploads\/2026\/04\/1775711154_233_Parakneria-thysi-i-Kongo.jpg\" alt=\"Parakneria thysi\" width=\"1204\" height=\"1218\" class=\"js-seedtag-img\"\/><\/source><\/source><\/picture><\/figure>\n<\/p><\/div>\n<p>N\u00f8kkelen til alt kalles mikroskopiske strukturer <strong>unculi<\/strong>sm\u00e5 encellede projeksjoner <strong>krokformet<\/strong> tilstede p\u00e5 den ventrale overflaten av finnene. Studien fant at unculi er flere og lengre p\u00e5 brystfinnene enn p\u00e5 bekkenet, i samsvar med f\u00f8rstnevntes utbredte rolle i klatring.<\/p>\n<div class=\"cp_wrapper cp_wrapper--fw mb-50\">\n<figure class=\"mm\"><picture class=\"img\" style=\"padding-top:90.555555555556%\"><source  media=\"(min-width: 1024px)\"><source  media=\"(min-width: 768px)\"><img decoding=\"async\" loading=\"lazy\" src=\"https:\/\/nordnesrepublikken.no\/wp-content\/uploads\/2026\/04\/1775711154_698_Parakneria-thysi-i-Kongo.jpg\" alt=\"unculi\" width=\"720\" height=\"652\"\/><\/source><\/source><\/picture><\/figure>\n<\/p><\/div>\n<p>Klatringen skjer ikke alt p\u00e5 en gang, de sm\u00e5 fiskene tar all den tiden de trenger. &laquo;Vannklatrerne&raquo; stopper hver <strong>15-60 sekunder<\/strong> vertikalt for \u00e5 trekke pusten, og under lengre pauser (<strong>2 minutter til 1 time eller mer<\/strong>), samles de i hundrevis p\u00e5 de horisontale terrassene til fossen. <strong>\u00c5 klatre en meter med vertikal vegg<\/strong> det tar i gjennomsnitt <strong>30-60 sekunder<\/strong> bevegelse og 8-9 hviler. For \u00e5 n\u00e5 toppen av de 15 meter h\u00f8ye Luvilombo Falls med <strong>tre hovedtrinn<\/strong> p\u00e5 8,5, 4,5 og 2,5 meter tar en enkelt fisk ca <strong>9 timer og 45 minutter<\/strong>. En hel dag, eller nesten.<\/p>\n<h2>Hvorfor de gj\u00f8r det: forskernes hypoteser om afrikansk fisk<\/h2>\n<p>Forskere har fremsatt flere hypoteser (som ikke utelukker hverandre) for \u00e5 forklare denne sesongmessige migrasjonen. En id\u00e9 er at fisken g\u00e5r opp i fossen for <strong>g\u00e5 tilbake til oppstr\u00f8msbekkene<\/strong> etter \u00e5 ha blitt dratt nedstr\u00f8ms av kraftig regn, p\u00e5 denne m\u00e5ten ville de g\u00e5 til <strong>gjenoppta egnede habitater<\/strong>rik p\u00e5 stryk og steinete bunner, der arten foretrekker \u00e5 leve. Eller, all innsats kan rettferdiggj\u00f8res med en <strong>reduksjon av matkonkurransen<\/strong> i nedstr\u00f8msomr\u00e5det, mer overfylt under flommene eller, igjen, for \u00e5 r\u00f8mme fra rovdyrene som konsentrerer seg ved bunnen av fossene i regntiden, steinbiten <em>Schilbe intermedius<\/em>.<\/p>\n<p>Denne fascinerende historien om sm\u00e5 fisker som utfordrer de sterke vannstr\u00e5lene i fossene, til tross for at den er veldig inspirerende, etterlater dessverre en vond smak i munnen p\u00e5 slutten. Som forfatterne av studien p\u00e5peker, er <strong>elv<\/strong> <strong>Luvilombo<\/strong> lider veldig sterkt press fra menneskelige aktiviteter. I den t\u00f8rre \u00e5rstiden ledes vann oppstr\u00f8ms for \u00e5 vanne avlingene fra landsbyene i n\u00e6rheten. Denne praksisen, kombinert med \u00e5r med lite nedb\u00f8r, f\u00f8rer til <strong>utt\u00f8rking av vassdraget<\/strong> nedstr\u00f8ms for fossen, med p\u00e5f\u00f8lgende \u00f8deleggelse av habitatet til <em>P. thysi<\/em>.<\/p>\n<div class=\"cp_wrapper cp_wrapper--fw mb-50\">\n<figure class=\"mm\"><picture class=\"img\" style=\"padding-top:74.390243902439%\"><source  media=\"(min-width: 1024px)\"><source  media=\"(min-width: 768px)\"><img decoding=\"async\" loading=\"lazy\" src=\"https:\/\/nordnesrepublikken.no\/wp-content\/uploads\/2026\/04\/1775711155_939_Parakneria-thysi-i-Kongo.jpg\" alt=\"Luvilombo-fossene t\u00f8rket ut\" width=\"1148\" height=\"854\" class=\"js-seedtag-img\"\/><\/source><\/source><\/picture><\/figure>\n<\/p><\/div>\n<p>Forskerne h\u00e5per at oppdagelsen vil overbevise lokale myndigheter om \u00e5 gripe inn for \u00e5 beskytte Luvilombo Falls, og fremme dem til \u00e5 <strong>naturminne av nasjonal interesse<\/strong> og forbedre dem, kanskje, som et reisem\u00e5l for en <strong>sesongbasert \u00f8koturisme<\/strong> og b\u00e6rekraftig.<\/p>\n<\/p><\/div>\n","protected":false},"excerpt":{"rendered":"<p>Kom p\u00e5 lang fisk 3.7 til 4.8 centimeter klatring en vertikal foss p\u00e5 15 meter<\/p>\n","protected":false},"author":1,"featured_media":16776,"comment_status":"closed","ping_status":"open","sticky":false,"template":"","format":"standard","meta":{"footnotes":""},"categories":[24],"tags":[7791,10842,10843],"class_list":["post-16775","post","type-post","status-publish","format-standard","has-post-thumbnail","hentry","category-vitenskap","tag-kongo","tag-parakneria","tag-thysi","generate-columns","tablet-grid-50","mobile-grid-100","grid-parent","grid-33","resize-featured-image"],"yoast_head":"<!-- This site is optimized with the Yoast SEO plugin v24.4 - https:\/\/yoast.com\/wordpress\/plugins\/seo\/ -->\n<title>Parakneria thysi i Kongo - Nordnesrepublikken<\/title>\n<meta name=\"robots\" content=\"index, follow, max-snippet:-1, max-image-preview:large, max-video-preview:-1\" \/>\n<link rel=\"canonical\" href=\"https:\/\/nordnesrepublikken.no\/index.php\/2026\/04\/09\/parakneria-thysi-i-kongo\/\" \/>\n<meta property=\"og:locale\" content=\"nb_NO\" \/>\n<meta property=\"og:type\" content=\"article\" \/>\n<meta property=\"og:title\" content=\"Parakneria thysi i Kongo - Nordnesrepublikken\" \/>\n<meta property=\"og:description\" content=\"Kom p\u00e5 lang fisk 3.7 til 4.8 centimeter klatring en vertikal foss p\u00e5 15 meter\" \/>\n<meta property=\"og:url\" content=\"https:\/\/nordnesrepublikken.no\/index.php\/2026\/04\/09\/parakneria-thysi-i-kongo\/\" \/>\n<meta property=\"og:site_name\" content=\"Nordnesrepublikken\" \/>\n<meta property=\"article:published_time\" content=\"2026-04-09T05:05:55+00:00\" \/>\n<meta property=\"article:modified_time\" content=\"2026-04-09T05:05:58+00:00\" \/>\n<meta property=\"og:image\" content=\"https:\/\/nordnesrepublikken.no\/wp-content\/uploads\/2026\/04\/1775711157_Parakneria-thysi-i-Kongo.jpg\" \/>\n\t<meta property=\"og:image:width\" content=\"1280\" \/>\n\t<meta property=\"og:image:height\" content=\"720\" \/>\n\t<meta property=\"og:image:type\" content=\"image\/jpeg\" \/>\n<meta name=\"author\" content=\"Ole Andersen\" \/>\n<meta name=\"twitter:card\" content=\"summary_large_image\" \/>\n<meta name=\"twitter:label1\" content=\"Skrevet av\" \/>\n\t<meta name=\"twitter:data1\" content=\"Ole Andersen\" \/>\n\t<meta name=\"twitter:label2\" content=\"Ansl. lesetid\" \/>\n\t<meta name=\"twitter:data2\" content=\"4 minutter\" \/>\n<script type=\"application\/ld+json\" class=\"yoast-schema-graph\">{\"@context\":\"https:\/\/schema.org\",\"@graph\":[{\"@type\":\"Article\",\"@id\":\"https:\/\/nordnesrepublikken.no\/index.php\/2026\/04\/09\/parakneria-thysi-i-kongo\/#article\",\"isPartOf\":{\"@id\":\"https:\/\/nordnesrepublikken.no\/index.php\/2026\/04\/09\/parakneria-thysi-i-kongo\/\"},\"author\":{\"name\":\"Ole Andersen\",\"@id\":\"https:\/\/nordnesrepublikken.no\/#\/schema\/person\/2e7e81935bab77882fffb79296240ff1\"},\"headline\":\"Parakneria thysi i Kongo\",\"datePublished\":\"2026-04-09T05:05:55+00:00\",\"dateModified\":\"2026-04-09T05:05:58+00:00\",\"mainEntityOfPage\":{\"@id\":\"https:\/\/nordnesrepublikken.no\/index.php\/2026\/04\/09\/parakneria-thysi-i-kongo\/\"},\"wordCount\":734,\"publisher\":{\"@id\":\"https:\/\/nordnesrepublikken.no\/#organization\"},\"image\":{\"@id\":\"https:\/\/nordnesrepublikken.no\/index.php\/2026\/04\/09\/parakneria-thysi-i-kongo\/#primaryimage\"},\"thumbnailUrl\":\"https:\/\/nordnesrepublikken.no\/wp-content\/uploads\/2026\/04\/1775711157_Parakneria-thysi-i-Kongo.jpg\",\"keywords\":[\"Kongo\",\"Parakneria\",\"thysi\"],\"articleSection\":[\"Vitenskap\"],\"inLanguage\":\"nb-NO\"},{\"@type\":\"WebPage\",\"@id\":\"https:\/\/nordnesrepublikken.no\/index.php\/2026\/04\/09\/parakneria-thysi-i-kongo\/\",\"url\":\"https:\/\/nordnesrepublikken.no\/index.php\/2026\/04\/09\/parakneria-thysi-i-kongo\/\",\"name\":\"Parakneria thysi i Kongo - Nordnesrepublikken\",\"isPartOf\":{\"@id\":\"https:\/\/nordnesrepublikken.no\/#website\"},\"primaryImageOfPage\":{\"@id\":\"https:\/\/nordnesrepublikken.no\/index.php\/2026\/04\/09\/parakneria-thysi-i-kongo\/#primaryimage\"},\"image\":{\"@id\":\"https:\/\/nordnesrepublikken.no\/index.php\/2026\/04\/09\/parakneria-thysi-i-kongo\/#primaryimage\"},\"thumbnailUrl\":\"https:\/\/nordnesrepublikken.no\/wp-content\/uploads\/2026\/04\/1775711157_Parakneria-thysi-i-Kongo.jpg\",\"datePublished\":\"2026-04-09T05:05:55+00:00\",\"dateModified\":\"2026-04-09T05:05:58+00:00\",\"breadcrumb\":{\"@id\":\"https:\/\/nordnesrepublikken.no\/index.php\/2026\/04\/09\/parakneria-thysi-i-kongo\/#breadcrumb\"},\"inLanguage\":\"nb-NO\",\"potentialAction\":[{\"@type\":\"ReadAction\",\"target\":[\"https:\/\/nordnesrepublikken.no\/index.php\/2026\/04\/09\/parakneria-thysi-i-kongo\/\"]}]},{\"@type\":\"ImageObject\",\"inLanguage\":\"nb-NO\",\"@id\":\"https:\/\/nordnesrepublikken.no\/index.php\/2026\/04\/09\/parakneria-thysi-i-kongo\/#primaryimage\",\"url\":\"https:\/\/nordnesrepublikken.no\/wp-content\/uploads\/2026\/04\/1775711157_Parakneria-thysi-i-Kongo.jpg\",\"contentUrl\":\"https:\/\/nordnesrepublikken.no\/wp-content\/uploads\/2026\/04\/1775711157_Parakneria-thysi-i-Kongo.jpg\",\"width\":1280,\"height\":720,\"caption\":\"Parakneria thysi i Kongo\"},{\"@type\":\"BreadcrumbList\",\"@id\":\"https:\/\/nordnesrepublikken.no\/index.php\/2026\/04\/09\/parakneria-thysi-i-kongo\/#breadcrumb\",\"itemListElement\":[{\"@type\":\"ListItem\",\"position\":1,\"name\":\"Home\",\"item\":\"https:\/\/nordnesrepublikken.no\/\"},{\"@type\":\"ListItem\",\"position\":2,\"name\":\"Parakneria thysi i Kongo\"}]},{\"@type\":\"WebSite\",\"@id\":\"https:\/\/nordnesrepublikken.no\/#website\",\"url\":\"https:\/\/nordnesrepublikken.no\/\",\"name\":\"Nordnesrepublikken\",\"description\":\"Stemmer og Visjoner fra Republikkens Hjerte\",\"publisher\":{\"@id\":\"https:\/\/nordnesrepublikken.no\/#organization\"},\"potentialAction\":[{\"@type\":\"SearchAction\",\"target\":{\"@type\":\"EntryPoint\",\"urlTemplate\":\"https:\/\/nordnesrepublikken.no\/?s={search_term_string}\"},\"query-input\":{\"@type\":\"PropertyValueSpecification\",\"valueRequired\":true,\"valueName\":\"search_term_string\"}}],\"inLanguage\":\"nb-NO\"},{\"@type\":\"Organization\",\"@id\":\"https:\/\/nordnesrepublikken.no\/#organization\",\"name\":\"Nordnesrepublikken\",\"url\":\"https:\/\/nordnesrepublikken.no\/\",\"logo\":{\"@type\":\"ImageObject\",\"inLanguage\":\"nb-NO\",\"@id\":\"https:\/\/nordnesrepublikken.no\/#\/schema\/logo\/image\/\",\"url\":\"https:\/\/nordnesrepublikken.no\/wp-content\/uploads\/2025\/02\/cropped-nordnesrepublikken-2.png\",\"contentUrl\":\"https:\/\/nordnesrepublikken.no\/wp-content\/uploads\/2025\/02\/cropped-nordnesrepublikken-2.png\",\"width\":1248,\"height\":362,\"caption\":\"Nordnesrepublikken\"},\"image\":{\"@id\":\"https:\/\/nordnesrepublikken.no\/#\/schema\/logo\/image\/\"}},{\"@type\":\"Person\",\"@id\":\"https:\/\/nordnesrepublikken.no\/#\/schema\/person\/2e7e81935bab77882fffb79296240ff1\",\"name\":\"Ole Andersen\",\"image\":{\"@type\":\"ImageObject\",\"inLanguage\":\"nb-NO\",\"@id\":\"https:\/\/nordnesrepublikken.no\/#\/schema\/person\/image\/\",\"url\":\"https:\/\/nordnesrepublikken.no\/wp-content\/uploads\/2025\/02\/nordnesrepublikken-2-2-150x150.jpg\",\"contentUrl\":\"https:\/\/nordnesrepublikken.no\/wp-content\/uploads\/2025\/02\/nordnesrepublikken-2-2-150x150.jpg\",\"caption\":\"Ole Andersen\"},\"description\":\"Ettersom jeg vokste opp i Oslo, har jeg alltid v\u00e6rt fascinert av ordenes kraft og deres evne til \u00e5 skape endringer. Etter \u00e5 ha fullf\u00f8rt min utdannelse i kommunikasjon ved Universitetet i Bergen, fikk jeg muligheten til \u00e5 jobbe innen ulike medier, der jeg har s\u00f8kt \u00e5 belyse viktige samfunnssp\u00f8rsm\u00e5l. I dag, som redakt\u00f8r for Nordnesrepublikken, pr\u00f8ver jeg \u00e5 forene min kj\u00e6rlighet for journalistikk med min lidenskap for innovasjon og eventyr.\",\"sameAs\":[\"https:\/\/nordnesrepublikken.no\/\"]}]}<\/script>\n<!-- \/ Yoast SEO plugin. -->","yoast_head_json":{"title":"Parakneria thysi i Kongo - Nordnesrepublikken","robots":{"index":"index","follow":"follow","max-snippet":"max-snippet:-1","max-image-preview":"max-image-preview:large","max-video-preview":"max-video-preview:-1"},"canonical":"https:\/\/nordnesrepublikken.no\/index.php\/2026\/04\/09\/parakneria-thysi-i-kongo\/","og_locale":"nb_NO","og_type":"article","og_title":"Parakneria thysi i Kongo - Nordnesrepublikken","og_description":"Kom p\u00e5 lang fisk 3.7 til 4.8 centimeter klatring en vertikal foss p\u00e5 15 meter","og_url":"https:\/\/nordnesrepublikken.no\/index.php\/2026\/04\/09\/parakneria-thysi-i-kongo\/","og_site_name":"Nordnesrepublikken","article_published_time":"2026-04-09T05:05:55+00:00","article_modified_time":"2026-04-09T05:05:58+00:00","og_image":[{"width":1280,"height":720,"url":"https:\/\/nordnesrepublikken.no\/wp-content\/uploads\/2026\/04\/1775711157_Parakneria-thysi-i-Kongo.jpg","type":"image\/jpeg"}],"author":"Ole Andersen","twitter_card":"summary_large_image","twitter_misc":{"Skrevet av":"Ole Andersen","Ansl. lesetid":"4 minutter"},"schema":{"@context":"https:\/\/schema.org","@graph":[{"@type":"Article","@id":"https:\/\/nordnesrepublikken.no\/index.php\/2026\/04\/09\/parakneria-thysi-i-kongo\/#article","isPartOf":{"@id":"https:\/\/nordnesrepublikken.no\/index.php\/2026\/04\/09\/parakneria-thysi-i-kongo\/"},"author":{"name":"Ole Andersen","@id":"https:\/\/nordnesrepublikken.no\/#\/schema\/person\/2e7e81935bab77882fffb79296240ff1"},"headline":"Parakneria thysi i Kongo","datePublished":"2026-04-09T05:05:55+00:00","dateModified":"2026-04-09T05:05:58+00:00","mainEntityOfPage":{"@id":"https:\/\/nordnesrepublikken.no\/index.php\/2026\/04\/09\/parakneria-thysi-i-kongo\/"},"wordCount":734,"publisher":{"@id":"https:\/\/nordnesrepublikken.no\/#organization"},"image":{"@id":"https:\/\/nordnesrepublikken.no\/index.php\/2026\/04\/09\/parakneria-thysi-i-kongo\/#primaryimage"},"thumbnailUrl":"https:\/\/nordnesrepublikken.no\/wp-content\/uploads\/2026\/04\/1775711157_Parakneria-thysi-i-Kongo.jpg","keywords":["Kongo","Parakneria","thysi"],"articleSection":["Vitenskap"],"inLanguage":"nb-NO"},{"@type":"WebPage","@id":"https:\/\/nordnesrepublikken.no\/index.php\/2026\/04\/09\/parakneria-thysi-i-kongo\/","url":"https:\/\/nordnesrepublikken.no\/index.php\/2026\/04\/09\/parakneria-thysi-i-kongo\/","name":"Parakneria thysi i Kongo - Nordnesrepublikken","isPartOf":{"@id":"https:\/\/nordnesrepublikken.no\/#website"},"primaryImageOfPage":{"@id":"https:\/\/nordnesrepublikken.no\/index.php\/2026\/04\/09\/parakneria-thysi-i-kongo\/#primaryimage"},"image":{"@id":"https:\/\/nordnesrepublikken.no\/index.php\/2026\/04\/09\/parakneria-thysi-i-kongo\/#primaryimage"},"thumbnailUrl":"https:\/\/nordnesrepublikken.no\/wp-content\/uploads\/2026\/04\/1775711157_Parakneria-thysi-i-Kongo.jpg","datePublished":"2026-04-09T05:05:55+00:00","dateModified":"2026-04-09T05:05:58+00:00","breadcrumb":{"@id":"https:\/\/nordnesrepublikken.no\/index.php\/2026\/04\/09\/parakneria-thysi-i-kongo\/#breadcrumb"},"inLanguage":"nb-NO","potentialAction":[{"@type":"ReadAction","target":["https:\/\/nordnesrepublikken.no\/index.php\/2026\/04\/09\/parakneria-thysi-i-kongo\/"]}]},{"@type":"ImageObject","inLanguage":"nb-NO","@id":"https:\/\/nordnesrepublikken.no\/index.php\/2026\/04\/09\/parakneria-thysi-i-kongo\/#primaryimage","url":"https:\/\/nordnesrepublikken.no\/wp-content\/uploads\/2026\/04\/1775711157_Parakneria-thysi-i-Kongo.jpg","contentUrl":"https:\/\/nordnesrepublikken.no\/wp-content\/uploads\/2026\/04\/1775711157_Parakneria-thysi-i-Kongo.jpg","width":1280,"height":720,"caption":"Parakneria thysi i Kongo"},{"@type":"BreadcrumbList","@id":"https:\/\/nordnesrepublikken.no\/index.php\/2026\/04\/09\/parakneria-thysi-i-kongo\/#breadcrumb","itemListElement":[{"@type":"ListItem","position":1,"name":"Home","item":"https:\/\/nordnesrepublikken.no\/"},{"@type":"ListItem","position":2,"name":"Parakneria thysi i Kongo"}]},{"@type":"WebSite","@id":"https:\/\/nordnesrepublikken.no\/#website","url":"https:\/\/nordnesrepublikken.no\/","name":"Nordnesrepublikken","description":"Stemmer og Visjoner fra Republikkens Hjerte","publisher":{"@id":"https:\/\/nordnesrepublikken.no\/#organization"},"potentialAction":[{"@type":"SearchAction","target":{"@type":"EntryPoint","urlTemplate":"https:\/\/nordnesrepublikken.no\/?s={search_term_string}"},"query-input":{"@type":"PropertyValueSpecification","valueRequired":true,"valueName":"search_term_string"}}],"inLanguage":"nb-NO"},{"@type":"Organization","@id":"https:\/\/nordnesrepublikken.no\/#organization","name":"Nordnesrepublikken","url":"https:\/\/nordnesrepublikken.no\/","logo":{"@type":"ImageObject","inLanguage":"nb-NO","@id":"https:\/\/nordnesrepublikken.no\/#\/schema\/logo\/image\/","url":"https:\/\/nordnesrepublikken.no\/wp-content\/uploads\/2025\/02\/cropped-nordnesrepublikken-2.png","contentUrl":"https:\/\/nordnesrepublikken.no\/wp-content\/uploads\/2025\/02\/cropped-nordnesrepublikken-2.png","width":1248,"height":362,"caption":"Nordnesrepublikken"},"image":{"@id":"https:\/\/nordnesrepublikken.no\/#\/schema\/logo\/image\/"}},{"@type":"Person","@id":"https:\/\/nordnesrepublikken.no\/#\/schema\/person\/2e7e81935bab77882fffb79296240ff1","name":"Ole Andersen","image":{"@type":"ImageObject","inLanguage":"nb-NO","@id":"https:\/\/nordnesrepublikken.no\/#\/schema\/person\/image\/","url":"https:\/\/nordnesrepublikken.no\/wp-content\/uploads\/2025\/02\/nordnesrepublikken-2-2-150x150.jpg","contentUrl":"https:\/\/nordnesrepublikken.no\/wp-content\/uploads\/2025\/02\/nordnesrepublikken-2-2-150x150.jpg","caption":"Ole Andersen"},"description":"Ettersom jeg vokste opp i Oslo, har jeg alltid v\u00e6rt fascinert av ordenes kraft og deres evne til \u00e5 skape endringer. Etter \u00e5 ha fullf\u00f8rt min utdannelse i kommunikasjon ved Universitetet i Bergen, fikk jeg muligheten til \u00e5 jobbe innen ulike medier, der jeg har s\u00f8kt \u00e5 belyse viktige samfunnssp\u00f8rsm\u00e5l. I dag, som redakt\u00f8r for Nordnesrepublikken, pr\u00f8ver jeg \u00e5 forene min kj\u00e6rlighet for journalistikk med min lidenskap for innovasjon og eventyr.","sameAs":["https:\/\/nordnesrepublikken.no\/"]}]}},"_links":{"self":[{"href":"https:\/\/nordnesrepublikken.no\/index.php\/wp-json\/wp\/v2\/posts\/16775","targetHints":{"allow":["GET"]}}],"collection":[{"href":"https:\/\/nordnesrepublikken.no\/index.php\/wp-json\/wp\/v2\/posts"}],"about":[{"href":"https:\/\/nordnesrepublikken.no\/index.php\/wp-json\/wp\/v2\/types\/post"}],"author":[{"embeddable":true,"href":"https:\/\/nordnesrepublikken.no\/index.php\/wp-json\/wp\/v2\/users\/1"}],"replies":[{"embeddable":true,"href":"https:\/\/nordnesrepublikken.no\/index.php\/wp-json\/wp\/v2\/comments?post=16775"}],"version-history":[{"count":1,"href":"https:\/\/nordnesrepublikken.no\/index.php\/wp-json\/wp\/v2\/posts\/16775\/revisions"}],"predecessor-version":[{"id":16777,"href":"https:\/\/nordnesrepublikken.no\/index.php\/wp-json\/wp\/v2\/posts\/16775\/revisions\/16777"}],"wp:featuredmedia":[{"embeddable":true,"href":"https:\/\/nordnesrepublikken.no\/index.php\/wp-json\/wp\/v2\/media\/16776"}],"wp:attachment":[{"href":"https:\/\/nordnesrepublikken.no\/index.php\/wp-json\/wp\/v2\/media?parent=16775"}],"wp:term":[{"taxonomy":"category","embeddable":true,"href":"https:\/\/nordnesrepublikken.no\/index.php\/wp-json\/wp\/v2\/categories?post=16775"},{"taxonomy":"post_tag","embeddable":true,"href":"https:\/\/nordnesrepublikken.no\/index.php\/wp-json\/wp\/v2\/tags?post=16775"}],"curies":[{"name":"wp","href":"https:\/\/api.w.org\/{rel}","templated":true}]}}