{"id":16760,"date":"2026-04-08T16:42:24","date_gmt":"2026-04-08T14:42:24","guid":{"rendered":"https:\/\/nordnesrepublikken.no\/index.php\/2026\/04\/08\/region-for-region-rangeringen-av-istat-rapporten\/"},"modified":"2026-04-08T16:42:28","modified_gmt":"2026-04-08T14:42:28","slug":"region-for-region-rangeringen-av-istat-rapporten","status":"publish","type":"post","link":"https:\/\/nordnesrepublikken.no\/index.php\/2026\/04\/08\/region-for-region-rangeringen-av-istat-rapporten\/","title":{"rendered":"region-for-region-rangeringen av ISTAT-rapporten"},"content":{"rendered":"<div>\n<div class=\"cp_wrapper cp_wrapper--fw mb-30 mb-20@tablet\">\n<figure class=\"mm\"><picture class=\"img\" style=\"padding-top:56.25%\"><source  media=\"(min-width: 1024px)\"><source  media=\"(min-width: 768px)\"><\/source><\/source><\/picture><\/figure>\n<\/p><\/div>\n<p>Den nye ISTAT-rapporten \u00ab<em>Helse: en prestasjon som skal forsvares<\/em>\u00bb tegne et fotografi av<strong>forventet levealder<\/strong> i dag i Italia og av <strong>hvordan det har endret seg over tid.<\/strong> I dag er Italia bekreftet som et av de lengstlevende landene i verden, med en forventet levealder ved f\u00f8dselen som n\u00e5r <strong>83,4 \u00e5r<\/strong>. Fra 1990 til 2024 har menn f\u00e5tt cirka 8 \u00e5rs gjennomsnittlig levetid, mens \u00f8kningen for kvinner har v\u00e6rt cirka 6 og et halvt \u00e5r. Dette n\u00e5dde 81,5 \u00e5r for henholdsvis menn og 85,6 \u00e5r for kvinner. Hvis vi i stedet ser p\u00e5 medianalderen ved d\u00f8d \u2013 alts\u00e5 den verdien som deler befolkningen i to like halvdeler, mellom de som d\u00f8r f\u00f8rst og de som d\u00f8r senere \u2013 st\u00e5r den i 2023 p\u00e5 81,6 \u00e5r for menn og 86,3 \u00e5r for kvinner. Ser man p\u00e5 territoriene <b>Marche, Umbria, Molise og Toscana<\/b> lede rangeringen for &laquo;nasjonal median ved d\u00f8d&raquo;, mens <b>Campania<\/b> avslutter rangeringen.<\/p>\n<h2><b>Rangeringen av regionene: Marche topper pallen<\/b><\/h2>\n<p>ISTAT-rapporten fremhever forskjellene i gjennomsnittlig levealder mellom de italienske regionene, og fremhever en <strong>saks p\u00e5 ca 4 \u00e5r<\/strong> mellom de mest og minst langlivede regionene. Faktisk g\u00e5r vi forbi <strong>mindre enn 82 \u00e5r gammel i Campania til over 86 i Marche<\/strong>med en klar ulempe for mange av de mest folkerike regionene i S\u00f8r.<\/p>\n<p>Innen 2023 vil <strong>nasjonal median ved d\u00f8d<\/strong> i hele den italienske befolkningen (derfor medregnet b\u00e5de menn og kvinner) er det det <strong>84,4 \u00e5r<\/strong>. Under denne verdien finner vi <strong>Aostadalen<\/strong> (84,3 \u00e5r), <strong>Puglia<\/strong> (84.1), <strong>Lazio<\/strong> (83,9), <strong>Calabria<\/strong> (83,8), <strong>Sardinia<\/strong> (83,5) e <strong>Sicilia<\/strong> (83,3) og til slutt <strong>Campania <\/strong>(81,9 \u00e5r). P\u00e5 den andre siden av rangeringen finner vi <strong>Marche <\/strong>(86,1 \u00e5r), etterfulgt av <strong>Umbria<\/strong> (85,9), <strong>Molise<\/strong> Og <strong>Toscana<\/strong> (85,7), <strong>Emilia-Romagna<\/strong> (85,5), <strong>Abruzzo<\/strong> Og <strong>Liguria<\/strong> (85,4), <strong>Basilicata<\/strong> (85,3) og den autonome provinsen <strong>Trent<\/strong> (85), <strong>Piemonte<\/strong> Og <strong>Veneto<\/strong> (84,8), <strong>Friuli-Venezia Giulia<\/strong> (84,7), <strong>Lombardia<\/strong> (84,6) og den autonome provinsen <strong>Bolzano<\/strong> (84,5).<\/p>\n<div class=\"cp_wrapper cp_wrapper--fw mb-50\">\n<figure class=\"mm\"><picture class=\"img\" style=\"padding-top:65.064478311841%\"><source  media=\"(min-width: 1024px)\"><source  media=\"(min-width: 768px)\"><img decoding=\"async\" loading=\"lazy\" src=\"https:\/\/nordnesrepublikken.no\/wp-content\/uploads\/2026\/04\/1775659344_947_region-for-region-rangeringen-av-ISTAT-rapporten.jpg\" alt=\"median-d\u00f8dsalder-2023\" width=\"1706\" height=\"1110\"\/><\/source><\/source><\/picture><\/figure>\n<\/p><\/div>\n<h2>N\u00e5r kj\u00f8nn og territorialitet krysser hverandre<\/h2>\n<p>Det har alltid v\u00e6rt en betydelig forskjell, i Italia og utover, mellom forventet levealder for menn og kvinner. Men det er interessant \u00e5 se p\u00e5 hvordan geografisk opprinnelse ogs\u00e5 p\u00e5virker kj\u00f8nnsd\u00f8deligheten. Eksempelvis viser ISTAT-rapporten hvordan d\u00f8deligheten har endret seg fra 1990 til 2023. Reduksjonen er klar, lik ca. <strong>43 % blant menn<\/strong> et al <strong>40 % blant kvinner<\/strong>. Sentrum-Nord leder listen med fall p\u00e5 over 50 %, mens i S\u00f8r stopper reduksjonen p\u00e5 rundt 35 %. Nedenfor kan vi se d\u00f8delighetsdataene for 2023 (d\u00f8dsfall per 100 000 innbyggere) i de ulike italienske regionene, delt p\u00e5 menn og kvinner.<\/p>\n<div class=\"cp_wrapper cp_wrapper--fw mb-50\">\n<figure class=\"mm\"><picture class=\"img\" style=\"padding-top:76.658163265306%\"><source  media=\"(min-width: 1024px)\"><source  media=\"(min-width: 768px)\"><img decoding=\"async\" loading=\"lazy\" src=\"https:\/\/nordnesrepublikken.no\/wp-content\/uploads\/2026\/04\/1775659344_606_region-for-region-rangeringen-av-ISTAT-rapporten.jpg\" alt=\"d\u00f8delighet-menn-2023\" width=\"1568\" height=\"1202\" class=\"js-seedtag-img\"\/><\/source><\/source><\/picture><\/figure>\n<\/p><\/div>\n<div class=\"cp_wrapper cp_wrapper--fw mb-50\">\n<figure class=\"mm\"><picture class=\"img\" style=\"padding-top:74.554102259215%\"><source  media=\"(min-width: 1024px)\"><source  media=\"(min-width: 768px)\"><img decoding=\"async\" loading=\"lazy\" src=\"https:\/\/nordnesrepublikken.no\/wp-content\/uploads\/2026\/04\/1775659344_833_region-for-region-rangeringen-av-ISTAT-rapporten.jpg\" alt=\"d\u00f8delighet-kvinner-2023\" width=\"1682\" height=\"1254\"\/><\/source><\/source><\/picture><\/figure>\n<\/p><\/div>\n<h2>De nye utfordringene med lang levetid<\/h2>\n<p>I Italia lever vi lenger og lenger, men denne levetiden f\u00f8rer med seg nye helsemessige og sosiale utfordringer. Sykdommene som er typiske for h\u00f8y alder \u2013 svulster, kardiovaskul\u00e6re problemer og multimorbiditet \u2013 er n\u00e5 sl\u00e5ende <strong>13 millioner mennesker<\/strong>. Mye av fremgangen i lang levetid kommer fra et historisk sprang: spedbarnsd\u00f8deligheten har stupt. I <strong>1870<\/strong>utover <strong>230 barn av 1000<\/strong> de kom ikke til det f\u00f8rste \u00e5ret; I <strong>2023<\/strong>de er bare <strong>2,7 per 1000 levendef\u00f8dte<\/strong>blant de laveste verdiene i verden.<\/p>\n<p>Men \u00e5 leve lenger betyr ogs\u00e5 \u00e5 leve med flere kroniske sykdommer. Svulster i dag representerer <strong>over en fjerdedel av d\u00f8dsfallene <\/strong>(<strong>26,3 %<\/strong>), mens hjerte- og karsykdommer p\u00e5virker <strong>30 %<\/strong>og har blitt den viktigste morderen siden midten av det tjuende \u00e5rhundre. Ogs\u00e5 <strong>diabetes og hypertensjon<\/strong> vokser: ikke bare p\u00e5 grunn av befolkningens aldring, men ogs\u00e5 takket v\u00e6re tidligere diagnoser, rettidige kontroller og usunn livsstil.<\/p>\n<div class=\"cp_wrapper cp_wrapper--fw mb-50\">\n<figure class=\"mm\"><picture class=\"img\" style=\"padding-top:63.333333333333%\"><source  media=\"(min-width: 1024px)\"><source  media=\"(min-width: 768px)\"><img decoding=\"async\" loading=\"lazy\" src=\"https:\/\/nordnesrepublikken.no\/wp-content\/uploads\/2026\/04\/1775659344_338_region-for-region-rangeringen-av-ISTAT-rapporten.jpg\" alt=\"Italia-kroniske-patologier-1995-2010-2025\" width=\"1680\" height=\"1064\" class=\"js-seedtag-img\"\/><\/source><\/source><\/picture><\/figure>\n<\/p><\/div>\n<\/p><\/div>\n","protected":false},"excerpt":{"rendered":"<p>Den nye ISTAT-rapporten \u00abHelse: en prestasjon som skal forsvares\u00bb tegne et fotografi avforventet levealder i<\/p>\n","protected":false},"author":1,"featured_media":16761,"comment_status":"closed","ping_status":"open","sticky":false,"template":"","format":"standard","meta":{"footnotes":""},"categories":[104],"tags":[10831,10830],"class_list":["post-16760","post","type-post","status-publish","format-standard","has-post-thumbnail","hentry","category-samfunn","tag-istatrapporten","tag-regionforregionrangeringen","generate-columns","tablet-grid-50","mobile-grid-100","grid-parent","grid-33","resize-featured-image"],"yoast_head":"<!-- This site is optimized with the Yoast SEO plugin v24.4 - https:\/\/yoast.com\/wordpress\/plugins\/seo\/ -->\n<title>region-for-region-rangeringen av ISTAT-rapporten - Nordnesrepublikken<\/title>\n<meta name=\"robots\" content=\"index, follow, max-snippet:-1, max-image-preview:large, max-video-preview:-1\" \/>\n<link rel=\"canonical\" href=\"https:\/\/nordnesrepublikken.no\/index.php\/2026\/04\/08\/region-for-region-rangeringen-av-istat-rapporten\/\" \/>\n<meta property=\"og:locale\" content=\"nb_NO\" \/>\n<meta property=\"og:type\" content=\"article\" \/>\n<meta property=\"og:title\" content=\"region-for-region-rangeringen av ISTAT-rapporten - Nordnesrepublikken\" \/>\n<meta property=\"og:description\" content=\"Den nye ISTAT-rapporten \u00abHelse: en prestasjon som skal forsvares\u00bb tegne et fotografi avforventet levealder i\" \/>\n<meta property=\"og:url\" content=\"https:\/\/nordnesrepublikken.no\/index.php\/2026\/04\/08\/region-for-region-rangeringen-av-istat-rapporten\/\" \/>\n<meta property=\"og:site_name\" content=\"Nordnesrepublikken\" \/>\n<meta property=\"article:published_time\" content=\"2026-04-08T14:42:24+00:00\" \/>\n<meta property=\"article:modified_time\" content=\"2026-04-08T14:42:28+00:00\" \/>\n<meta property=\"og:image\" content=\"https:\/\/nordnesrepublikken.no\/wp-content\/uploads\/2026\/04\/1775659345_region-for-region-rangeringen-av-ISTAT-rapporten-scaled.jpg\" \/>\n\t<meta property=\"og:image:width\" content=\"2560\" \/>\n\t<meta property=\"og:image:height\" content=\"1429\" \/>\n\t<meta property=\"og:image:type\" content=\"image\/jpeg\" \/>\n<meta name=\"author\" content=\"Ole Andersen\" \/>\n<meta name=\"twitter:card\" content=\"summary_large_image\" \/>\n<meta name=\"twitter:label1\" content=\"Skrevet av\" \/>\n\t<meta name=\"twitter:data1\" content=\"Ole Andersen\" \/>\n\t<meta name=\"twitter:label2\" content=\"Ansl. lesetid\" \/>\n\t<meta name=\"twitter:data2\" content=\"3 minutter\" \/>\n<script type=\"application\/ld+json\" class=\"yoast-schema-graph\">{\"@context\":\"https:\/\/schema.org\",\"@graph\":[{\"@type\":\"Article\",\"@id\":\"https:\/\/nordnesrepublikken.no\/index.php\/2026\/04\/08\/region-for-region-rangeringen-av-istat-rapporten\/#article\",\"isPartOf\":{\"@id\":\"https:\/\/nordnesrepublikken.no\/index.php\/2026\/04\/08\/region-for-region-rangeringen-av-istat-rapporten\/\"},\"author\":{\"name\":\"Ole Andersen\",\"@id\":\"https:\/\/nordnesrepublikken.no\/#\/schema\/person\/2e7e81935bab77882fffb79296240ff1\"},\"headline\":\"region-for-region-rangeringen av ISTAT-rapporten\",\"datePublished\":\"2026-04-08T14:42:24+00:00\",\"dateModified\":\"2026-04-08T14:42:28+00:00\",\"mainEntityOfPage\":{\"@id\":\"https:\/\/nordnesrepublikken.no\/index.php\/2026\/04\/08\/region-for-region-rangeringen-av-istat-rapporten\/\"},\"wordCount\":535,\"publisher\":{\"@id\":\"https:\/\/nordnesrepublikken.no\/#organization\"},\"image\":{\"@id\":\"https:\/\/nordnesrepublikken.no\/index.php\/2026\/04\/08\/region-for-region-rangeringen-av-istat-rapporten\/#primaryimage\"},\"thumbnailUrl\":\"https:\/\/nordnesrepublikken.no\/wp-content\/uploads\/2026\/04\/1775659345_region-for-region-rangeringen-av-ISTAT-rapporten-scaled.jpg\",\"keywords\":[\"ISTATrapporten\",\"regionforregionrangeringen\"],\"articleSection\":[\"Samfunn\"],\"inLanguage\":\"nb-NO\"},{\"@type\":\"WebPage\",\"@id\":\"https:\/\/nordnesrepublikken.no\/index.php\/2026\/04\/08\/region-for-region-rangeringen-av-istat-rapporten\/\",\"url\":\"https:\/\/nordnesrepublikken.no\/index.php\/2026\/04\/08\/region-for-region-rangeringen-av-istat-rapporten\/\",\"name\":\"region-for-region-rangeringen av ISTAT-rapporten - Nordnesrepublikken\",\"isPartOf\":{\"@id\":\"https:\/\/nordnesrepublikken.no\/#website\"},\"primaryImageOfPage\":{\"@id\":\"https:\/\/nordnesrepublikken.no\/index.php\/2026\/04\/08\/region-for-region-rangeringen-av-istat-rapporten\/#primaryimage\"},\"image\":{\"@id\":\"https:\/\/nordnesrepublikken.no\/index.php\/2026\/04\/08\/region-for-region-rangeringen-av-istat-rapporten\/#primaryimage\"},\"thumbnailUrl\":\"https:\/\/nordnesrepublikken.no\/wp-content\/uploads\/2026\/04\/1775659345_region-for-region-rangeringen-av-ISTAT-rapporten-scaled.jpg\",\"datePublished\":\"2026-04-08T14:42:24+00:00\",\"dateModified\":\"2026-04-08T14:42:28+00:00\",\"breadcrumb\":{\"@id\":\"https:\/\/nordnesrepublikken.no\/index.php\/2026\/04\/08\/region-for-region-rangeringen-av-istat-rapporten\/#breadcrumb\"},\"inLanguage\":\"nb-NO\",\"potentialAction\":[{\"@type\":\"ReadAction\",\"target\":[\"https:\/\/nordnesrepublikken.no\/index.php\/2026\/04\/08\/region-for-region-rangeringen-av-istat-rapporten\/\"]}]},{\"@type\":\"ImageObject\",\"inLanguage\":\"nb-NO\",\"@id\":\"https:\/\/nordnesrepublikken.no\/index.php\/2026\/04\/08\/region-for-region-rangeringen-av-istat-rapporten\/#primaryimage\",\"url\":\"https:\/\/nordnesrepublikken.no\/wp-content\/uploads\/2026\/04\/1775659345_region-for-region-rangeringen-av-ISTAT-rapporten-scaled.jpg\",\"contentUrl\":\"https:\/\/nordnesrepublikken.no\/wp-content\/uploads\/2026\/04\/1775659345_region-for-region-rangeringen-av-ISTAT-rapporten-scaled.jpg\",\"width\":2560,\"height\":1429,\"caption\":\"region-for-region-rangeringen av ISTAT-rapporten\"},{\"@type\":\"BreadcrumbList\",\"@id\":\"https:\/\/nordnesrepublikken.no\/index.php\/2026\/04\/08\/region-for-region-rangeringen-av-istat-rapporten\/#breadcrumb\",\"itemListElement\":[{\"@type\":\"ListItem\",\"position\":1,\"name\":\"Home\",\"item\":\"https:\/\/nordnesrepublikken.no\/\"},{\"@type\":\"ListItem\",\"position\":2,\"name\":\"region-for-region-rangeringen av ISTAT-rapporten\"}]},{\"@type\":\"WebSite\",\"@id\":\"https:\/\/nordnesrepublikken.no\/#website\",\"url\":\"https:\/\/nordnesrepublikken.no\/\",\"name\":\"Nordnesrepublikken\",\"description\":\"Stemmer og Visjoner fra Republikkens Hjerte\",\"publisher\":{\"@id\":\"https:\/\/nordnesrepublikken.no\/#organization\"},\"potentialAction\":[{\"@type\":\"SearchAction\",\"target\":{\"@type\":\"EntryPoint\",\"urlTemplate\":\"https:\/\/nordnesrepublikken.no\/?s={search_term_string}\"},\"query-input\":{\"@type\":\"PropertyValueSpecification\",\"valueRequired\":true,\"valueName\":\"search_term_string\"}}],\"inLanguage\":\"nb-NO\"},{\"@type\":\"Organization\",\"@id\":\"https:\/\/nordnesrepublikken.no\/#organization\",\"name\":\"Nordnesrepublikken\",\"url\":\"https:\/\/nordnesrepublikken.no\/\",\"logo\":{\"@type\":\"ImageObject\",\"inLanguage\":\"nb-NO\",\"@id\":\"https:\/\/nordnesrepublikken.no\/#\/schema\/logo\/image\/\",\"url\":\"https:\/\/nordnesrepublikken.no\/wp-content\/uploads\/2025\/02\/cropped-nordnesrepublikken-2.png\",\"contentUrl\":\"https:\/\/nordnesrepublikken.no\/wp-content\/uploads\/2025\/02\/cropped-nordnesrepublikken-2.png\",\"width\":1248,\"height\":362,\"caption\":\"Nordnesrepublikken\"},\"image\":{\"@id\":\"https:\/\/nordnesrepublikken.no\/#\/schema\/logo\/image\/\"}},{\"@type\":\"Person\",\"@id\":\"https:\/\/nordnesrepublikken.no\/#\/schema\/person\/2e7e81935bab77882fffb79296240ff1\",\"name\":\"Ole Andersen\",\"image\":{\"@type\":\"ImageObject\",\"inLanguage\":\"nb-NO\",\"@id\":\"https:\/\/nordnesrepublikken.no\/#\/schema\/person\/image\/\",\"url\":\"https:\/\/nordnesrepublikken.no\/wp-content\/uploads\/2025\/02\/nordnesrepublikken-2-2-150x150.jpg\",\"contentUrl\":\"https:\/\/nordnesrepublikken.no\/wp-content\/uploads\/2025\/02\/nordnesrepublikken-2-2-150x150.jpg\",\"caption\":\"Ole Andersen\"},\"description\":\"Ettersom jeg vokste opp i Oslo, har jeg alltid v\u00e6rt fascinert av ordenes kraft og deres evne til \u00e5 skape endringer. Etter \u00e5 ha fullf\u00f8rt min utdannelse i kommunikasjon ved Universitetet i Bergen, fikk jeg muligheten til \u00e5 jobbe innen ulike medier, der jeg har s\u00f8kt \u00e5 belyse viktige samfunnssp\u00f8rsm\u00e5l. I dag, som redakt\u00f8r for Nordnesrepublikken, pr\u00f8ver jeg \u00e5 forene min kj\u00e6rlighet for journalistikk med min lidenskap for innovasjon og eventyr.\",\"sameAs\":[\"https:\/\/nordnesrepublikken.no\/\"]}]}<\/script>\n<!-- \/ Yoast SEO plugin. -->","yoast_head_json":{"title":"region-for-region-rangeringen av ISTAT-rapporten - Nordnesrepublikken","robots":{"index":"index","follow":"follow","max-snippet":"max-snippet:-1","max-image-preview":"max-image-preview:large","max-video-preview":"max-video-preview:-1"},"canonical":"https:\/\/nordnesrepublikken.no\/index.php\/2026\/04\/08\/region-for-region-rangeringen-av-istat-rapporten\/","og_locale":"nb_NO","og_type":"article","og_title":"region-for-region-rangeringen av ISTAT-rapporten - Nordnesrepublikken","og_description":"Den nye ISTAT-rapporten \u00abHelse: en prestasjon som skal forsvares\u00bb tegne et fotografi avforventet levealder i","og_url":"https:\/\/nordnesrepublikken.no\/index.php\/2026\/04\/08\/region-for-region-rangeringen-av-istat-rapporten\/","og_site_name":"Nordnesrepublikken","article_published_time":"2026-04-08T14:42:24+00:00","article_modified_time":"2026-04-08T14:42:28+00:00","og_image":[{"width":2560,"height":1429,"url":"https:\/\/nordnesrepublikken.no\/wp-content\/uploads\/2026\/04\/1775659345_region-for-region-rangeringen-av-ISTAT-rapporten-scaled.jpg","type":"image\/jpeg"}],"author":"Ole Andersen","twitter_card":"summary_large_image","twitter_misc":{"Skrevet av":"Ole Andersen","Ansl. lesetid":"3 minutter"},"schema":{"@context":"https:\/\/schema.org","@graph":[{"@type":"Article","@id":"https:\/\/nordnesrepublikken.no\/index.php\/2026\/04\/08\/region-for-region-rangeringen-av-istat-rapporten\/#article","isPartOf":{"@id":"https:\/\/nordnesrepublikken.no\/index.php\/2026\/04\/08\/region-for-region-rangeringen-av-istat-rapporten\/"},"author":{"name":"Ole Andersen","@id":"https:\/\/nordnesrepublikken.no\/#\/schema\/person\/2e7e81935bab77882fffb79296240ff1"},"headline":"region-for-region-rangeringen av ISTAT-rapporten","datePublished":"2026-04-08T14:42:24+00:00","dateModified":"2026-04-08T14:42:28+00:00","mainEntityOfPage":{"@id":"https:\/\/nordnesrepublikken.no\/index.php\/2026\/04\/08\/region-for-region-rangeringen-av-istat-rapporten\/"},"wordCount":535,"publisher":{"@id":"https:\/\/nordnesrepublikken.no\/#organization"},"image":{"@id":"https:\/\/nordnesrepublikken.no\/index.php\/2026\/04\/08\/region-for-region-rangeringen-av-istat-rapporten\/#primaryimage"},"thumbnailUrl":"https:\/\/nordnesrepublikken.no\/wp-content\/uploads\/2026\/04\/1775659345_region-for-region-rangeringen-av-ISTAT-rapporten-scaled.jpg","keywords":["ISTATrapporten","regionforregionrangeringen"],"articleSection":["Samfunn"],"inLanguage":"nb-NO"},{"@type":"WebPage","@id":"https:\/\/nordnesrepublikken.no\/index.php\/2026\/04\/08\/region-for-region-rangeringen-av-istat-rapporten\/","url":"https:\/\/nordnesrepublikken.no\/index.php\/2026\/04\/08\/region-for-region-rangeringen-av-istat-rapporten\/","name":"region-for-region-rangeringen av ISTAT-rapporten - Nordnesrepublikken","isPartOf":{"@id":"https:\/\/nordnesrepublikken.no\/#website"},"primaryImageOfPage":{"@id":"https:\/\/nordnesrepublikken.no\/index.php\/2026\/04\/08\/region-for-region-rangeringen-av-istat-rapporten\/#primaryimage"},"image":{"@id":"https:\/\/nordnesrepublikken.no\/index.php\/2026\/04\/08\/region-for-region-rangeringen-av-istat-rapporten\/#primaryimage"},"thumbnailUrl":"https:\/\/nordnesrepublikken.no\/wp-content\/uploads\/2026\/04\/1775659345_region-for-region-rangeringen-av-ISTAT-rapporten-scaled.jpg","datePublished":"2026-04-08T14:42:24+00:00","dateModified":"2026-04-08T14:42:28+00:00","breadcrumb":{"@id":"https:\/\/nordnesrepublikken.no\/index.php\/2026\/04\/08\/region-for-region-rangeringen-av-istat-rapporten\/#breadcrumb"},"inLanguage":"nb-NO","potentialAction":[{"@type":"ReadAction","target":["https:\/\/nordnesrepublikken.no\/index.php\/2026\/04\/08\/region-for-region-rangeringen-av-istat-rapporten\/"]}]},{"@type":"ImageObject","inLanguage":"nb-NO","@id":"https:\/\/nordnesrepublikken.no\/index.php\/2026\/04\/08\/region-for-region-rangeringen-av-istat-rapporten\/#primaryimage","url":"https:\/\/nordnesrepublikken.no\/wp-content\/uploads\/2026\/04\/1775659345_region-for-region-rangeringen-av-ISTAT-rapporten-scaled.jpg","contentUrl":"https:\/\/nordnesrepublikken.no\/wp-content\/uploads\/2026\/04\/1775659345_region-for-region-rangeringen-av-ISTAT-rapporten-scaled.jpg","width":2560,"height":1429,"caption":"region-for-region-rangeringen av ISTAT-rapporten"},{"@type":"BreadcrumbList","@id":"https:\/\/nordnesrepublikken.no\/index.php\/2026\/04\/08\/region-for-region-rangeringen-av-istat-rapporten\/#breadcrumb","itemListElement":[{"@type":"ListItem","position":1,"name":"Home","item":"https:\/\/nordnesrepublikken.no\/"},{"@type":"ListItem","position":2,"name":"region-for-region-rangeringen av ISTAT-rapporten"}]},{"@type":"WebSite","@id":"https:\/\/nordnesrepublikken.no\/#website","url":"https:\/\/nordnesrepublikken.no\/","name":"Nordnesrepublikken","description":"Stemmer og Visjoner fra Republikkens Hjerte","publisher":{"@id":"https:\/\/nordnesrepublikken.no\/#organization"},"potentialAction":[{"@type":"SearchAction","target":{"@type":"EntryPoint","urlTemplate":"https:\/\/nordnesrepublikken.no\/?s={search_term_string}"},"query-input":{"@type":"PropertyValueSpecification","valueRequired":true,"valueName":"search_term_string"}}],"inLanguage":"nb-NO"},{"@type":"Organization","@id":"https:\/\/nordnesrepublikken.no\/#organization","name":"Nordnesrepublikken","url":"https:\/\/nordnesrepublikken.no\/","logo":{"@type":"ImageObject","inLanguage":"nb-NO","@id":"https:\/\/nordnesrepublikken.no\/#\/schema\/logo\/image\/","url":"https:\/\/nordnesrepublikken.no\/wp-content\/uploads\/2025\/02\/cropped-nordnesrepublikken-2.png","contentUrl":"https:\/\/nordnesrepublikken.no\/wp-content\/uploads\/2025\/02\/cropped-nordnesrepublikken-2.png","width":1248,"height":362,"caption":"Nordnesrepublikken"},"image":{"@id":"https:\/\/nordnesrepublikken.no\/#\/schema\/logo\/image\/"}},{"@type":"Person","@id":"https:\/\/nordnesrepublikken.no\/#\/schema\/person\/2e7e81935bab77882fffb79296240ff1","name":"Ole Andersen","image":{"@type":"ImageObject","inLanguage":"nb-NO","@id":"https:\/\/nordnesrepublikken.no\/#\/schema\/person\/image\/","url":"https:\/\/nordnesrepublikken.no\/wp-content\/uploads\/2025\/02\/nordnesrepublikken-2-2-150x150.jpg","contentUrl":"https:\/\/nordnesrepublikken.no\/wp-content\/uploads\/2025\/02\/nordnesrepublikken-2-2-150x150.jpg","caption":"Ole Andersen"},"description":"Ettersom jeg vokste opp i Oslo, har jeg alltid v\u00e6rt fascinert av ordenes kraft og deres evne til \u00e5 skape endringer. Etter \u00e5 ha fullf\u00f8rt min utdannelse i kommunikasjon ved Universitetet i Bergen, fikk jeg muligheten til \u00e5 jobbe innen ulike medier, der jeg har s\u00f8kt \u00e5 belyse viktige samfunnssp\u00f8rsm\u00e5l. I dag, som redakt\u00f8r for Nordnesrepublikken, pr\u00f8ver jeg \u00e5 forene min kj\u00e6rlighet for journalistikk med min lidenskap for innovasjon og eventyr.","sameAs":["https:\/\/nordnesrepublikken.no\/"]}]}},"_links":{"self":[{"href":"https:\/\/nordnesrepublikken.no\/index.php\/wp-json\/wp\/v2\/posts\/16760","targetHints":{"allow":["GET"]}}],"collection":[{"href":"https:\/\/nordnesrepublikken.no\/index.php\/wp-json\/wp\/v2\/posts"}],"about":[{"href":"https:\/\/nordnesrepublikken.no\/index.php\/wp-json\/wp\/v2\/types\/post"}],"author":[{"embeddable":true,"href":"https:\/\/nordnesrepublikken.no\/index.php\/wp-json\/wp\/v2\/users\/1"}],"replies":[{"embeddable":true,"href":"https:\/\/nordnesrepublikken.no\/index.php\/wp-json\/wp\/v2\/comments?post=16760"}],"version-history":[{"count":1,"href":"https:\/\/nordnesrepublikken.no\/index.php\/wp-json\/wp\/v2\/posts\/16760\/revisions"}],"predecessor-version":[{"id":16762,"href":"https:\/\/nordnesrepublikken.no\/index.php\/wp-json\/wp\/v2\/posts\/16760\/revisions\/16762"}],"wp:featuredmedia":[{"embeddable":true,"href":"https:\/\/nordnesrepublikken.no\/index.php\/wp-json\/wp\/v2\/media\/16761"}],"wp:attachment":[{"href":"https:\/\/nordnesrepublikken.no\/index.php\/wp-json\/wp\/v2\/media?parent=16760"}],"wp:term":[{"taxonomy":"category","embeddable":true,"href":"https:\/\/nordnesrepublikken.no\/index.php\/wp-json\/wp\/v2\/categories?post=16760"},{"taxonomy":"post_tag","embeddable":true,"href":"https:\/\/nordnesrepublikken.no\/index.php\/wp-json\/wp\/v2\/tags?post=16760"}],"curies":[{"name":"wp","href":"https:\/\/api.w.org\/{rel}","templated":true}]}}