{"id":16757,"date":"2026-04-08T16:40:17","date_gmt":"2026-04-08T14:40:17","guid":{"rendered":"https:\/\/nordnesrepublikken.no\/index.php\/2026\/04\/08\/full-liste-over-ryanair-ruter-kansellert-i-spania-i-2026\/"},"modified":"2026-04-08T16:40:20","modified_gmt":"2026-04-08T14:40:20","slug":"full-liste-over-ryanair-ruter-kansellert-i-spania-i-2026","status":"publish","type":"post","link":"https:\/\/nordnesrepublikken.no\/index.php\/2026\/04\/08\/full-liste-over-ryanair-ruter-kansellert-i-spania-i-2026\/","title":{"rendered":"Full liste over Ryanair-ruter kansellert i Spania i 2026"},"content":{"rendered":"<p><\/p>\n<div class=\"wordpress-content\">\n                    <!-- Article Start --><\/p>\n<div>\n<p class=\"p1\"><strong>Siden Ryanair er satt til \u00e5 kutte flyvninger p\u00e5 flere flyplasser over hele Spania i 2026<\/strong> noen steder vil miste tjenester helt, mens andre vil f\u00e5 f\u00e6rre avganger og redusert kapasitet. Flyselskapet har ogs\u00e5 annonsert nedleggelse av base ved enkelte regionale flyplasser.<\/p>\n<p class=\"p1\">Reduksjonene er hovedsakelig konsentrert til mindre regionale lufthavner. Store knutepunkter som Madrid, Barcelona og M\u00e1laga forblir stort sett up\u00e5virket og fortsetter \u00e5 operere et komplett utvalg av innenlandske og internasjonale ruter.<\/p>\n<p class=\"p1\">Det f\u00f8lgende gir en klar oversikt over de ber\u00f8rte flyplassene og omfanget av endringene for 2026.<\/p>\n<div class=\"sra_unit\"><link rel=\"stylesheet\" id=\"block-sra\" href=\"https:\/\/euroweeklynews.com\/wp-content\/plugins\/snack-related-articles\/dist\/css\/snack-related.min.css?250312-193541\" type=\"text\/css\" media=\"all\">\n<\/div>\n<h2 data-start=\"11\" data-end=\"67\"><strong data-start=\"11\" data-end=\"67\">Ryanair-ruter og flyplasser ber\u00f8rt i Spania (2026)<\/strong><\/h2>\n<p data-start=\"11\" data-end=\"67\">F\u00f8lgende tabell viser de bekreftede Ryanair-endringene over hele Spania:<\/p>\n<table style=\"width: 100%; border-collapse: separate; border-spacing: 0; font-family: Arial, sans-serif; font-size: 15px; line-height: 1.5; margin: 20px 0; border: 1px solid #eee; border-radius: 8px; overflow: hidden;\">\n<thead>\n<tr>\n<th style=\"text-align: left; padding: 12px; background: #f7f7f7; border-bottom: 1px solid #ddd;\">Flyplass<\/th>\n<th style=\"text-align: left; padding: 12px; background: #f7f7f7; border-bottom: 1px solid #ddd;\">Status<\/th>\n<\/tr>\n<\/thead>\n<tbody>\n<tr>\n<td style=\"padding: 12px; border-bottom: 1px solid #eee;\">Asturias<\/td>\n<td style=\"padding: 12px; border-bottom: 1px solid #eee;\">Alle Ryanair-flyvninger kansellert<\/td>\n<\/tr>\n<tr>\n<td style=\"padding: 12px; border-bottom: 1px solid #eee;\">Vigo<\/td>\n<td style=\"padding: 12px; border-bottom: 1px solid #eee;\">Alle flyreiser kansellert<\/td>\n<\/tr>\n<tr>\n<td style=\"padding: 12px; border-bottom: 1px solid #eee;\">Santiago de Compostela<\/td>\n<td style=\"padding: 12px; border-bottom: 1px solid #eee;\">Basen stengt, flere ruter fjernet<\/td>\n<\/tr>\n<tr>\n<td style=\"padding: 12px; border-bottom: 1px solid #eee;\">Santander<\/td>\n<td style=\"padding: 12px; border-bottom: 1px solid #eee;\">Kapasitet redusert<\/td>\n<\/tr>\n<tr>\n<td style=\"padding: 12px; border-bottom: 1px solid #eee;\">Zaragoza<\/td>\n<td style=\"padding: 12px; border-bottom: 1px solid #eee;\">Kapasitet redusert<\/td>\n<\/tr>\n<tr>\n<td style=\"padding: 12px; border-bottom: 1px solid #eee;\">Valladolid<\/td>\n<td style=\"padding: 12px; border-bottom: 1px solid #eee;\">Ingen Ryanair-ruter opererer<\/td>\n<\/tr>\n<tr>\n<td style=\"padding: 12px; border-bottom: 1px solid #eee;\">Jerez<\/td>\n<td style=\"padding: 12px; border-bottom: 1px solid #eee;\">Ingen Ryanair-base eller ruter i drift<\/td>\n<\/tr>\n<tr>\n<td style=\"padding: 12px; border-bottom: 1px solid #eee;\">Tenerife nord<\/td>\n<td style=\"padding: 12px; border-bottom: 1px solid #eee;\">Alle flyreiser kansellert<\/td>\n<\/tr>\n<tr>\n<td style=\"padding: 12px;\">Victoria<\/td>\n<td style=\"padding: 12px;\">Kapasitet redusert<\/td>\n<\/tr>\n<\/tbody>\n<\/table>\n<h2 class=\"p1\"><b>P\u00e5virkning p\u00e5 regionale flyplasser<\/b><\/h2>\n<p class=\"p2\">Kuttene er konsentrert til mindre flyplasser. Noen steder vil ikke lenger ha Ryanair-flyvninger, mens andre vil se reduserte avganger og f\u00e6rre destinasjoner.<\/p>\n<p class=\"p2\">Passasjerer som flyr fra disse flyplassene m\u00e5 kanskje reise til en st\u00f8rre flyplass for \u00e5 f\u00e5 tilgang til det bredere nettverket. Direkteruter som tidligere var tilgjengelige kan ikke lenger operere, og helgeturer eller korte turer kan kreve n\u00f8ye planlegging.<\/p>\n<p class=\"p2\">Basestengninger, for eksempel ved Santiago de Compostela, vil redusere flyvningene selv der noen ruter fortsetter. Redusert frekvens p\u00e5 andre flyplasser betyr at passasjerer kan ha f\u00e6rre alternativer n\u00e5r de bestiller.<\/p>\n<h2 class=\"p1\"><b>St\u00f8rre knutepunkter forblir tilgjengelige<\/b><\/h2>\n<p class=\"p2\">Passasjerer i ber\u00f8rte regioner kan bruke Madrid, Barcelona eller M\u00e1laga for \u00e5 n\u00e5 Ryanair-destinasjoner. Disse flyplassene tilbyr flere flyreiser og et bredere utvalg av ruter.<\/p>\n<p class=\"p2\">\u00c5 bruke et st\u00f8rre knutepunkt kan kreve ekstra reiser, men passasjerene f\u00e5r tilgang til flere avgangstider og direktefly. Reisende m\u00e5 tillate ekstra tid for reiser til disse flyplassene.<\/p>\n<h2 class=\"p1\"><b>Retningslinjer for reisende i Spania<\/b><\/h2>\n<p class=\"p2\"><strong>Passasjerer b\u00f8r sjekke rutetider og planlegge fremover. Reduserte flyvninger p\u00e5 regionale flyplasser<\/strong> kan begrense alternativene, og noen reiser kan ta lengre tid eller kreve ekstra overf\u00f8ringer.<\/p>\n<p class=\"p2\">Reduksjonene i Spania er en del av st\u00f8rre Ryanair-kutt over hele Europa, inkludert Tyskland, Frankrike, Portugal og Belgia. Store knutepunkter er fortsatt tilgjengelige, noe som sikrer at reise fortsatt er mulig for de fleste passasjerer.<\/p>\n<p class=\"p2\">Planlegging fremover, sjekke flytider og vurdere alternative flyplasser vil hjelpe reisende \u00e5 tilpasse seg 2026-endringene.<\/p>\n<\/div>\n<p>                    <!-- Originally published at https:\/\/euroweeklynews.com\/2026\/04\/08\/full-list-of-ryanair-routes-cancelled-in-spain-in-2026\/ on 08 Apr 2026 at 14:10 by Molly Grace --><br \/>\n                    <!-- Article End -->\n                <\/div>\n","protected":false},"excerpt":{"rendered":"<p>Siden Ryanair er satt til \u00e5 kutte flyvninger p\u00e5 flere flyplasser over hele Spania i<\/p>\n","protected":false},"author":1,"featured_media":16758,"comment_status":"closed","ping_status":"open","sticky":false,"template":"","format":"standard","meta":{"footnotes":""},"categories":[105],"tags":[1725,3662,7104,9935,529],"class_list":["post-16757","post","type-post","status-publish","format-standard","has-post-thumbnail","hentry","category-livsstil","tag-full","tag-kansellert","tag-liste","tag-ryanairruter","tag-spania","generate-columns","tablet-grid-50","mobile-grid-100","grid-parent","grid-33","resize-featured-image"],"yoast_head":"<!-- This site is optimized with the Yoast SEO plugin v24.4 - https:\/\/yoast.com\/wordpress\/plugins\/seo\/ -->\n<title>Full liste over Ryanair-ruter kansellert i Spania i 2026 - Nordnesrepublikken<\/title>\n<meta name=\"robots\" content=\"index, follow, max-snippet:-1, max-image-preview:large, max-video-preview:-1\" \/>\n<link rel=\"canonical\" href=\"https:\/\/nordnesrepublikken.no\/index.php\/2026\/04\/08\/full-liste-over-ryanair-ruter-kansellert-i-spania-i-2026\/\" \/>\n<meta property=\"og:locale\" content=\"nb_NO\" \/>\n<meta property=\"og:type\" content=\"article\" \/>\n<meta property=\"og:title\" content=\"Full liste over Ryanair-ruter kansellert i Spania i 2026 - Nordnesrepublikken\" \/>\n<meta property=\"og:description\" content=\"Siden Ryanair er satt til \u00e5 kutte flyvninger p\u00e5 flere flyplasser over hele Spania i\" \/>\n<meta property=\"og:url\" content=\"https:\/\/nordnesrepublikken.no\/index.php\/2026\/04\/08\/full-liste-over-ryanair-ruter-kansellert-i-spania-i-2026\/\" \/>\n<meta property=\"og:site_name\" content=\"Nordnesrepublikken\" \/>\n<meta property=\"article:published_time\" content=\"2026-04-08T14:40:17+00:00\" \/>\n<meta property=\"article:modified_time\" content=\"2026-04-08T14:40:20+00:00\" \/>\n<meta property=\"og:image\" content=\"https:\/\/nordnesrepublikken.no\/wp-content\/uploads\/2026\/04\/1775659218_Full-liste-over-Ryanair-ruter-kansellert-i-Spania-i-2026.png\" \/>\n\t<meta property=\"og:image:width\" content=\"1440\" \/>\n\t<meta property=\"og:image:height\" content=\"810\" \/>\n\t<meta property=\"og:image:type\" content=\"image\/png\" \/>\n<meta name=\"author\" content=\"Ole Andersen\" \/>\n<meta name=\"twitter:card\" content=\"summary_large_image\" \/>\n<meta name=\"twitter:label1\" content=\"Skrevet av\" \/>\n\t<meta name=\"twitter:data1\" content=\"Ole Andersen\" \/>\n\t<meta name=\"twitter:label2\" content=\"Ansl. lesetid\" \/>\n\t<meta name=\"twitter:data2\" content=\"2 minutter\" \/>\n<script type=\"application\/ld+json\" class=\"yoast-schema-graph\">{\"@context\":\"https:\/\/schema.org\",\"@graph\":[{\"@type\":\"Article\",\"@id\":\"https:\/\/nordnesrepublikken.no\/index.php\/2026\/04\/08\/full-liste-over-ryanair-ruter-kansellert-i-spania-i-2026\/#article\",\"isPartOf\":{\"@id\":\"https:\/\/nordnesrepublikken.no\/index.php\/2026\/04\/08\/full-liste-over-ryanair-ruter-kansellert-i-spania-i-2026\/\"},\"author\":{\"name\":\"Ole Andersen\",\"@id\":\"https:\/\/nordnesrepublikken.no\/#\/schema\/person\/2e7e81935bab77882fffb79296240ff1\"},\"headline\":\"Full liste over Ryanair-ruter kansellert i Spania i 2026\",\"datePublished\":\"2026-04-08T14:40:17+00:00\",\"dateModified\":\"2026-04-08T14:40:20+00:00\",\"mainEntityOfPage\":{\"@id\":\"https:\/\/nordnesrepublikken.no\/index.php\/2026\/04\/08\/full-liste-over-ryanair-ruter-kansellert-i-spania-i-2026\/\"},\"wordCount\":401,\"publisher\":{\"@id\":\"https:\/\/nordnesrepublikken.no\/#organization\"},\"image\":{\"@id\":\"https:\/\/nordnesrepublikken.no\/index.php\/2026\/04\/08\/full-liste-over-ryanair-ruter-kansellert-i-spania-i-2026\/#primaryimage\"},\"thumbnailUrl\":\"https:\/\/nordnesrepublikken.no\/wp-content\/uploads\/2026\/04\/1775659218_Full-liste-over-Ryanair-ruter-kansellert-i-Spania-i-2026.png\",\"keywords\":[\"full\",\"kansellert\",\"liste\",\"Ryanairruter\",\"Spania\"],\"articleSection\":[\"Livsstil\"],\"inLanguage\":\"nb-NO\"},{\"@type\":\"WebPage\",\"@id\":\"https:\/\/nordnesrepublikken.no\/index.php\/2026\/04\/08\/full-liste-over-ryanair-ruter-kansellert-i-spania-i-2026\/\",\"url\":\"https:\/\/nordnesrepublikken.no\/index.php\/2026\/04\/08\/full-liste-over-ryanair-ruter-kansellert-i-spania-i-2026\/\",\"name\":\"Full liste over Ryanair-ruter kansellert i Spania i 2026 - Nordnesrepublikken\",\"isPartOf\":{\"@id\":\"https:\/\/nordnesrepublikken.no\/#website\"},\"primaryImageOfPage\":{\"@id\":\"https:\/\/nordnesrepublikken.no\/index.php\/2026\/04\/08\/full-liste-over-ryanair-ruter-kansellert-i-spania-i-2026\/#primaryimage\"},\"image\":{\"@id\":\"https:\/\/nordnesrepublikken.no\/index.php\/2026\/04\/08\/full-liste-over-ryanair-ruter-kansellert-i-spania-i-2026\/#primaryimage\"},\"thumbnailUrl\":\"https:\/\/nordnesrepublikken.no\/wp-content\/uploads\/2026\/04\/1775659218_Full-liste-over-Ryanair-ruter-kansellert-i-Spania-i-2026.png\",\"datePublished\":\"2026-04-08T14:40:17+00:00\",\"dateModified\":\"2026-04-08T14:40:20+00:00\",\"breadcrumb\":{\"@id\":\"https:\/\/nordnesrepublikken.no\/index.php\/2026\/04\/08\/full-liste-over-ryanair-ruter-kansellert-i-spania-i-2026\/#breadcrumb\"},\"inLanguage\":\"nb-NO\",\"potentialAction\":[{\"@type\":\"ReadAction\",\"target\":[\"https:\/\/nordnesrepublikken.no\/index.php\/2026\/04\/08\/full-liste-over-ryanair-ruter-kansellert-i-spania-i-2026\/\"]}]},{\"@type\":\"ImageObject\",\"inLanguage\":\"nb-NO\",\"@id\":\"https:\/\/nordnesrepublikken.no\/index.php\/2026\/04\/08\/full-liste-over-ryanair-ruter-kansellert-i-spania-i-2026\/#primaryimage\",\"url\":\"https:\/\/nordnesrepublikken.no\/wp-content\/uploads\/2026\/04\/1775659218_Full-liste-over-Ryanair-ruter-kansellert-i-Spania-i-2026.png\",\"contentUrl\":\"https:\/\/nordnesrepublikken.no\/wp-content\/uploads\/2026\/04\/1775659218_Full-liste-over-Ryanair-ruter-kansellert-i-Spania-i-2026.png\",\"width\":1440,\"height\":810,\"caption\":\"Full liste over Ryanair-ruter kansellert i Spania i 2026\"},{\"@type\":\"BreadcrumbList\",\"@id\":\"https:\/\/nordnesrepublikken.no\/index.php\/2026\/04\/08\/full-liste-over-ryanair-ruter-kansellert-i-spania-i-2026\/#breadcrumb\",\"itemListElement\":[{\"@type\":\"ListItem\",\"position\":1,\"name\":\"Home\",\"item\":\"https:\/\/nordnesrepublikken.no\/\"},{\"@type\":\"ListItem\",\"position\":2,\"name\":\"Full liste over Ryanair-ruter kansellert i Spania i 2026\"}]},{\"@type\":\"WebSite\",\"@id\":\"https:\/\/nordnesrepublikken.no\/#website\",\"url\":\"https:\/\/nordnesrepublikken.no\/\",\"name\":\"Nordnesrepublikken\",\"description\":\"Stemmer og Visjoner fra Republikkens Hjerte\",\"publisher\":{\"@id\":\"https:\/\/nordnesrepublikken.no\/#organization\"},\"potentialAction\":[{\"@type\":\"SearchAction\",\"target\":{\"@type\":\"EntryPoint\",\"urlTemplate\":\"https:\/\/nordnesrepublikken.no\/?s={search_term_string}\"},\"query-input\":{\"@type\":\"PropertyValueSpecification\",\"valueRequired\":true,\"valueName\":\"search_term_string\"}}],\"inLanguage\":\"nb-NO\"},{\"@type\":\"Organization\",\"@id\":\"https:\/\/nordnesrepublikken.no\/#organization\",\"name\":\"Nordnesrepublikken\",\"url\":\"https:\/\/nordnesrepublikken.no\/\",\"logo\":{\"@type\":\"ImageObject\",\"inLanguage\":\"nb-NO\",\"@id\":\"https:\/\/nordnesrepublikken.no\/#\/schema\/logo\/image\/\",\"url\":\"https:\/\/nordnesrepublikken.no\/wp-content\/uploads\/2025\/02\/cropped-nordnesrepublikken-2.png\",\"contentUrl\":\"https:\/\/nordnesrepublikken.no\/wp-content\/uploads\/2025\/02\/cropped-nordnesrepublikken-2.png\",\"width\":1248,\"height\":362,\"caption\":\"Nordnesrepublikken\"},\"image\":{\"@id\":\"https:\/\/nordnesrepublikken.no\/#\/schema\/logo\/image\/\"}},{\"@type\":\"Person\",\"@id\":\"https:\/\/nordnesrepublikken.no\/#\/schema\/person\/2e7e81935bab77882fffb79296240ff1\",\"name\":\"Ole Andersen\",\"image\":{\"@type\":\"ImageObject\",\"inLanguage\":\"nb-NO\",\"@id\":\"https:\/\/nordnesrepublikken.no\/#\/schema\/person\/image\/\",\"url\":\"https:\/\/nordnesrepublikken.no\/wp-content\/uploads\/2025\/02\/nordnesrepublikken-2-2-150x150.jpg\",\"contentUrl\":\"https:\/\/nordnesrepublikken.no\/wp-content\/uploads\/2025\/02\/nordnesrepublikken-2-2-150x150.jpg\",\"caption\":\"Ole Andersen\"},\"description\":\"Ettersom jeg vokste opp i Oslo, har jeg alltid v\u00e6rt fascinert av ordenes kraft og deres evne til \u00e5 skape endringer. Etter \u00e5 ha fullf\u00f8rt min utdannelse i kommunikasjon ved Universitetet i Bergen, fikk jeg muligheten til \u00e5 jobbe innen ulike medier, der jeg har s\u00f8kt \u00e5 belyse viktige samfunnssp\u00f8rsm\u00e5l. I dag, som redakt\u00f8r for Nordnesrepublikken, pr\u00f8ver jeg \u00e5 forene min kj\u00e6rlighet for journalistikk med min lidenskap for innovasjon og eventyr.\",\"sameAs\":[\"https:\/\/nordnesrepublikken.no\/\"]}]}<\/script>\n<!-- \/ Yoast SEO plugin. -->","yoast_head_json":{"title":"Full liste over Ryanair-ruter kansellert i Spania i 2026 - Nordnesrepublikken","robots":{"index":"index","follow":"follow","max-snippet":"max-snippet:-1","max-image-preview":"max-image-preview:large","max-video-preview":"max-video-preview:-1"},"canonical":"https:\/\/nordnesrepublikken.no\/index.php\/2026\/04\/08\/full-liste-over-ryanair-ruter-kansellert-i-spania-i-2026\/","og_locale":"nb_NO","og_type":"article","og_title":"Full liste over Ryanair-ruter kansellert i Spania i 2026 - Nordnesrepublikken","og_description":"Siden Ryanair er satt til \u00e5 kutte flyvninger p\u00e5 flere flyplasser over hele Spania i","og_url":"https:\/\/nordnesrepublikken.no\/index.php\/2026\/04\/08\/full-liste-over-ryanair-ruter-kansellert-i-spania-i-2026\/","og_site_name":"Nordnesrepublikken","article_published_time":"2026-04-08T14:40:17+00:00","article_modified_time":"2026-04-08T14:40:20+00:00","og_image":[{"width":1440,"height":810,"url":"https:\/\/nordnesrepublikken.no\/wp-content\/uploads\/2026\/04\/1775659218_Full-liste-over-Ryanair-ruter-kansellert-i-Spania-i-2026.png","type":"image\/png"}],"author":"Ole Andersen","twitter_card":"summary_large_image","twitter_misc":{"Skrevet av":"Ole Andersen","Ansl. lesetid":"2 minutter"},"schema":{"@context":"https:\/\/schema.org","@graph":[{"@type":"Article","@id":"https:\/\/nordnesrepublikken.no\/index.php\/2026\/04\/08\/full-liste-over-ryanair-ruter-kansellert-i-spania-i-2026\/#article","isPartOf":{"@id":"https:\/\/nordnesrepublikken.no\/index.php\/2026\/04\/08\/full-liste-over-ryanair-ruter-kansellert-i-spania-i-2026\/"},"author":{"name":"Ole Andersen","@id":"https:\/\/nordnesrepublikken.no\/#\/schema\/person\/2e7e81935bab77882fffb79296240ff1"},"headline":"Full liste over Ryanair-ruter kansellert i Spania i 2026","datePublished":"2026-04-08T14:40:17+00:00","dateModified":"2026-04-08T14:40:20+00:00","mainEntityOfPage":{"@id":"https:\/\/nordnesrepublikken.no\/index.php\/2026\/04\/08\/full-liste-over-ryanair-ruter-kansellert-i-spania-i-2026\/"},"wordCount":401,"publisher":{"@id":"https:\/\/nordnesrepublikken.no\/#organization"},"image":{"@id":"https:\/\/nordnesrepublikken.no\/index.php\/2026\/04\/08\/full-liste-over-ryanair-ruter-kansellert-i-spania-i-2026\/#primaryimage"},"thumbnailUrl":"https:\/\/nordnesrepublikken.no\/wp-content\/uploads\/2026\/04\/1775659218_Full-liste-over-Ryanair-ruter-kansellert-i-Spania-i-2026.png","keywords":["full","kansellert","liste","Ryanairruter","Spania"],"articleSection":["Livsstil"],"inLanguage":"nb-NO"},{"@type":"WebPage","@id":"https:\/\/nordnesrepublikken.no\/index.php\/2026\/04\/08\/full-liste-over-ryanair-ruter-kansellert-i-spania-i-2026\/","url":"https:\/\/nordnesrepublikken.no\/index.php\/2026\/04\/08\/full-liste-over-ryanair-ruter-kansellert-i-spania-i-2026\/","name":"Full liste over Ryanair-ruter kansellert i Spania i 2026 - Nordnesrepublikken","isPartOf":{"@id":"https:\/\/nordnesrepublikken.no\/#website"},"primaryImageOfPage":{"@id":"https:\/\/nordnesrepublikken.no\/index.php\/2026\/04\/08\/full-liste-over-ryanair-ruter-kansellert-i-spania-i-2026\/#primaryimage"},"image":{"@id":"https:\/\/nordnesrepublikken.no\/index.php\/2026\/04\/08\/full-liste-over-ryanair-ruter-kansellert-i-spania-i-2026\/#primaryimage"},"thumbnailUrl":"https:\/\/nordnesrepublikken.no\/wp-content\/uploads\/2026\/04\/1775659218_Full-liste-over-Ryanair-ruter-kansellert-i-Spania-i-2026.png","datePublished":"2026-04-08T14:40:17+00:00","dateModified":"2026-04-08T14:40:20+00:00","breadcrumb":{"@id":"https:\/\/nordnesrepublikken.no\/index.php\/2026\/04\/08\/full-liste-over-ryanair-ruter-kansellert-i-spania-i-2026\/#breadcrumb"},"inLanguage":"nb-NO","potentialAction":[{"@type":"ReadAction","target":["https:\/\/nordnesrepublikken.no\/index.php\/2026\/04\/08\/full-liste-over-ryanair-ruter-kansellert-i-spania-i-2026\/"]}]},{"@type":"ImageObject","inLanguage":"nb-NO","@id":"https:\/\/nordnesrepublikken.no\/index.php\/2026\/04\/08\/full-liste-over-ryanair-ruter-kansellert-i-spania-i-2026\/#primaryimage","url":"https:\/\/nordnesrepublikken.no\/wp-content\/uploads\/2026\/04\/1775659218_Full-liste-over-Ryanair-ruter-kansellert-i-Spania-i-2026.png","contentUrl":"https:\/\/nordnesrepublikken.no\/wp-content\/uploads\/2026\/04\/1775659218_Full-liste-over-Ryanair-ruter-kansellert-i-Spania-i-2026.png","width":1440,"height":810,"caption":"Full liste over Ryanair-ruter kansellert i Spania i 2026"},{"@type":"BreadcrumbList","@id":"https:\/\/nordnesrepublikken.no\/index.php\/2026\/04\/08\/full-liste-over-ryanair-ruter-kansellert-i-spania-i-2026\/#breadcrumb","itemListElement":[{"@type":"ListItem","position":1,"name":"Home","item":"https:\/\/nordnesrepublikken.no\/"},{"@type":"ListItem","position":2,"name":"Full liste over Ryanair-ruter kansellert i Spania i 2026"}]},{"@type":"WebSite","@id":"https:\/\/nordnesrepublikken.no\/#website","url":"https:\/\/nordnesrepublikken.no\/","name":"Nordnesrepublikken","description":"Stemmer og Visjoner fra Republikkens Hjerte","publisher":{"@id":"https:\/\/nordnesrepublikken.no\/#organization"},"potentialAction":[{"@type":"SearchAction","target":{"@type":"EntryPoint","urlTemplate":"https:\/\/nordnesrepublikken.no\/?s={search_term_string}"},"query-input":{"@type":"PropertyValueSpecification","valueRequired":true,"valueName":"search_term_string"}}],"inLanguage":"nb-NO"},{"@type":"Organization","@id":"https:\/\/nordnesrepublikken.no\/#organization","name":"Nordnesrepublikken","url":"https:\/\/nordnesrepublikken.no\/","logo":{"@type":"ImageObject","inLanguage":"nb-NO","@id":"https:\/\/nordnesrepublikken.no\/#\/schema\/logo\/image\/","url":"https:\/\/nordnesrepublikken.no\/wp-content\/uploads\/2025\/02\/cropped-nordnesrepublikken-2.png","contentUrl":"https:\/\/nordnesrepublikken.no\/wp-content\/uploads\/2025\/02\/cropped-nordnesrepublikken-2.png","width":1248,"height":362,"caption":"Nordnesrepublikken"},"image":{"@id":"https:\/\/nordnesrepublikken.no\/#\/schema\/logo\/image\/"}},{"@type":"Person","@id":"https:\/\/nordnesrepublikken.no\/#\/schema\/person\/2e7e81935bab77882fffb79296240ff1","name":"Ole Andersen","image":{"@type":"ImageObject","inLanguage":"nb-NO","@id":"https:\/\/nordnesrepublikken.no\/#\/schema\/person\/image\/","url":"https:\/\/nordnesrepublikken.no\/wp-content\/uploads\/2025\/02\/nordnesrepublikken-2-2-150x150.jpg","contentUrl":"https:\/\/nordnesrepublikken.no\/wp-content\/uploads\/2025\/02\/nordnesrepublikken-2-2-150x150.jpg","caption":"Ole Andersen"},"description":"Ettersom jeg vokste opp i Oslo, har jeg alltid v\u00e6rt fascinert av ordenes kraft og deres evne til \u00e5 skape endringer. Etter \u00e5 ha fullf\u00f8rt min utdannelse i kommunikasjon ved Universitetet i Bergen, fikk jeg muligheten til \u00e5 jobbe innen ulike medier, der jeg har s\u00f8kt \u00e5 belyse viktige samfunnssp\u00f8rsm\u00e5l. I dag, som redakt\u00f8r for Nordnesrepublikken, pr\u00f8ver jeg \u00e5 forene min kj\u00e6rlighet for journalistikk med min lidenskap for innovasjon og eventyr.","sameAs":["https:\/\/nordnesrepublikken.no\/"]}]}},"_links":{"self":[{"href":"https:\/\/nordnesrepublikken.no\/index.php\/wp-json\/wp\/v2\/posts\/16757","targetHints":{"allow":["GET"]}}],"collection":[{"href":"https:\/\/nordnesrepublikken.no\/index.php\/wp-json\/wp\/v2\/posts"}],"about":[{"href":"https:\/\/nordnesrepublikken.no\/index.php\/wp-json\/wp\/v2\/types\/post"}],"author":[{"embeddable":true,"href":"https:\/\/nordnesrepublikken.no\/index.php\/wp-json\/wp\/v2\/users\/1"}],"replies":[{"embeddable":true,"href":"https:\/\/nordnesrepublikken.no\/index.php\/wp-json\/wp\/v2\/comments?post=16757"}],"version-history":[{"count":1,"href":"https:\/\/nordnesrepublikken.no\/index.php\/wp-json\/wp\/v2\/posts\/16757\/revisions"}],"predecessor-version":[{"id":16759,"href":"https:\/\/nordnesrepublikken.no\/index.php\/wp-json\/wp\/v2\/posts\/16757\/revisions\/16759"}],"wp:featuredmedia":[{"embeddable":true,"href":"https:\/\/nordnesrepublikken.no\/index.php\/wp-json\/wp\/v2\/media\/16758"}],"wp:attachment":[{"href":"https:\/\/nordnesrepublikken.no\/index.php\/wp-json\/wp\/v2\/media?parent=16757"}],"wp:term":[{"taxonomy":"category","embeddable":true,"href":"https:\/\/nordnesrepublikken.no\/index.php\/wp-json\/wp\/v2\/categories?post=16757"},{"taxonomy":"post_tag","embeddable":true,"href":"https:\/\/nordnesrepublikken.no\/index.php\/wp-json\/wp\/v2\/tags?post=16757"}],"curies":[{"name":"wp","href":"https:\/\/api.w.org\/{rel}","templated":true}]}}