{"id":16754,"date":"2026-04-08T15:38:44","date_gmt":"2026-04-08T13:38:44","guid":{"rendered":"https:\/\/nordnesrepublikken.no\/index.php\/2026\/04\/08\/flyplasser-begynner-a-rapportere-drivstoffmangel-ettersom-flydrivstoffprisene-stiger\/"},"modified":"2026-04-08T15:38:48","modified_gmt":"2026-04-08T13:38:48","slug":"flyplasser-begynner-a-rapportere-drivstoffmangel-ettersom-flydrivstoffprisene-stiger","status":"publish","type":"post","link":"https:\/\/nordnesrepublikken.no\/index.php\/2026\/04\/08\/flyplasser-begynner-a-rapportere-drivstoffmangel-ettersom-flydrivstoffprisene-stiger\/","title":{"rendered":"Flyplasser begynner \u00e5 rapportere drivstoffmangel ettersom flydrivstoffprisene stiger"},"content":{"rendered":"<p><\/p>\n<div class=\"wordpress-content\">\n                    <!-- Article Start --><\/p>\n<p class=\"p1\">Globale flyselskaper justerer operasjonene som svar p\u00e5 en kraftig \u00f8kning i flydrivstoffprisene og strammere forsyningskjeder for\u00e5rsaket av den p\u00e5g\u00e5ende konflikten som involverer USA, Israel og Iran. Situasjonen har utl\u00f8st flykanselleringer, kapasitetskutt og midlertidig drivstoffrasjonering p\u00e5 enkelte flyplasser, men det er ingen bekreftede bevis p\u00e5 at flyplasser generelt sett har g\u00e5tt tom for drivstoff.<\/p>\n<p class=\"p1\">\u00d8kningen i drivstoffkostnader og begrenset forsyning stammer hovedsakelig fra forstyrrelser rundt Hormuzstredet. Denne smale vannveien, som omtrent en femtedel av den globale oljen normalt passerer gjennom, har blitt blokkert med jevne mellomrom siden utbruddet av fiendtlighetene tidlig i 2026, noe som har redusert eksporten av r\u00e5olje og raffinerte produkter. Som et resultat har jetdrivstoffprisene mer enn doblet seg i enkelte markeder sammenlignet med niv\u00e5ene f\u00f8r konflikten, if\u00f8lge observat\u00f8rer fra industrien.<span class=\"Apple-converted-space\"> <\/span><\/p>\n<h2 class=\"p3\">Flyselskaper tilpasser rutetider etter hvert som drivstoffkostnadene stiger<\/h2>\n<p class=\"p1\">Flyselskaper p\u00e5 tvers av flere kontinenter har allerede begynt \u00e5 justere driften p\u00e5 grunn av h\u00f8yere flydrivstoffpriser. I Asia har flyselskaper inkludert Vietnam Airlines og andre regionale operat\u00f8rer kuttet flyrutene og \u00f8kt stopp for \u00e5 fylle drivstoff for \u00e5 h\u00e5ndtere strammere drivstoffforsyninger. Noen flyselskaper frakter ekstra drivstoff fra store knutepunkter for \u00e5 oppveie usikkerhet ved destinasjonsflyplasser.<span class=\"Apple-converted-space\"> <\/span><\/p>\n<div class=\"sra_unit\"><link rel=\"stylesheet\" id=\"block-sra\" href=\"https:\/\/euroweeklynews.com\/wp-content\/plugins\/snack-related-articles\/dist\/css\/snack-related.min.css?250312-193541\" type=\"text\/css\" media=\"all\">\n<\/div>\n<p class=\"p1\">Lederen for International Air Transport Association (IATA), det globale handelsorganet for flyselskaper, har sagt at forsyningen av flydrivstoff kan ta m\u00e5neder \u00e5 komme seg selv om Hormuzstredet \u00e5pner igjen, p\u00e5 grunn av p\u00e5g\u00e5ende forstyrrelser i Midt\u00f8stens raffineringskapasitet og logistiske nettverk. Denne langsiktige belastningen p\u00e5 raffinert drivstofftilf\u00f8rsel underbygger mange av de operasjonelle beslutningene fra flyselskapene denne v\u00e5ren.<span class=\"Apple-converted-space\"> <\/span><\/p>\n<h2 class=\"p1\">Globale flyjusteringer<span class=\"Apple-converted-space\"> <\/span><\/h2>\n<p class=\"p1\">I Europa,<strong> Ryanairs administrerende direkt\u00f8r advarte nylig om at fortsatt konflikt og forsyningspress kan f\u00f8re til en reduksjon i flyreiser<\/strong> for sommeren 2026-planen hvis drivstofftilgjengeligheten fortsatt er begrenset.<span class=\"Apple-converted-space\"> <\/span><\/p>\n<p class=\"p1\">I USA er transport\u00f8rer som f.eks <strong>Delta Air Lines har reagert p\u00e5 drivstoffprisstigningen ved \u00e5 revidere vekstplanene<\/strong> og justere kapasitetsprognoser. Delta sa at de forventer betydelig h\u00f8yere drivstoffkostnader i andre kvartal 2026, noe som p\u00e5virker planlagte operasjoner og tilskynder tiltak, inkludert pris\u00f8kninger og gebyr\u00f8kninger for innsjekket bagasje for \u00e5 kompensere for noen av tilleggsutgiftene.<span class=\"Apple-converted-space\"> <\/span><\/p>\n<p class=\"p1\">Air New Zealand kunngjorde planer om \u00e5 kutte en del av flyvningene over mai og juni og \u00f8ke prisene, med henvisning til jetdrivstoffpriser som har mer enn doblet seg sammenlignet med typiske niv\u00e5er for perioden. Flyselskapet sa rundt 4<span class=\"s1\">\u202f<\/span>per<span class=\"s1\">\u202f<\/span>prosent av flyreiser og omtrent 1<span class=\"s1\">\u202f<\/span>per<span class=\"s1\">\u202f<\/span>prosent av passasjerene vil bli p\u00e5virket av konsolideringen av rutetider.<span class=\"Apple-converted-space\"> <\/span><\/p>\n<h2 class=\"p3\">Flykanselleringer og prissvar<\/h2>\n<p class=\"p1\">Flyreiseanalyser tyder p\u00e5 at \u00f8kende flydrivstoffkostnader bidrar til kanselleringer og kapasitetskutt i bransjen. Scandinavian Airlines har allerede skrotet rundt 1000 tjenester i mars og april, og andre flyselskaper har gitt lignende kunngj\u00f8ringer. I noen tilfeller har United Airlines og andre store flyselskaper m\u00e5lrettet mindre l\u00f8nnsomme ruter som en del av bredere kostnadsstyringsstrategier.<span class=\"Apple-converted-space\"> <\/span><\/p>\n<p class=\"p1\">Global industrirapportering indikerer at titusenvis av flyreiser har blitt forstyrret siden konflikten startet, med kanselleringer og rutereduksjoner rapportert i Asia-Stillehavet, Europa og Nord-Amerika. Denne operasjonelle volatiliteten er direkte knyttet til drivstoffkostnadspress og forsyningsbegrensninger snarere enn en enkel mangel p\u00e5 drivstoff p\u00e5 flyplasser.<span class=\"Apple-converted-space\"> <\/span><\/p>\n<p class=\"p1\">Noen flyselskaper i Asia, som AirAsia X, har uttalt at n\u00e5v\u00e6rende jetdrivstofflagre forventes \u00e5 vare til midten av 2026, slik at driften kan fortsette uten avbrudd i umiddelbar fremtid mens de sikrer ytterligere forsyninger.<span class=\"Apple-converted-space\"> <\/span><\/p>\n<h2 class=\"p3\">Drivstoffrasjonering p\u00e5 flyplasser i Italia<\/h2>\n<p class=\"p1\"><strong>I Italia, flere store flyplasser, inkludert Milano Linate, Venezia Marco Polo, Treviso og Bologna<\/strong>innf\u00f8rte midlertidige fyllingsgrenser i begynnelsen av m\u00e5neden. Merknader til flyselskaper instruerte om at stigninger begrenses til spesifiserte niv\u00e5er per fly for \u00e5 prioritere viktige tjenester som langdistanseflyvninger, luftambulanser og statlige bevegelser. Mens flyplassoperat\u00f8rer sa at problemet var knyttet til en enkelt leverand\u00f8r, bemerket luftfartskilder at rasjoneringen effektivt ga mindre enn en time med autonomi for smalkroppsfly uten ytterligere stopp for tanking.<span class=\"Apple-converted-space\"> <\/span><\/p>\n<p class=\"p1\">Etterf\u00f8lgende rapportering indikerer at lokale drivstoffleverand\u00f8rer gikk inn for \u00e5 avverge enhver umiddelbar forstyrrelse, og sikret at flyoperasjonen fortsatte til tross for innledende begrensninger.<span class=\"Apple-converted-space\"> <\/span><\/p>\n<h2 class=\"p3\">Bredere kontekst og reiseimplikasjoner<\/h2>\n<p class=\"p1\">Industrimyndighetene advarer om at selv om en v\u00e5penhvile eller \u00e5pning av viktige transittruter inntreffer, kan det ta mange m\u00e5neder f\u00f8r flydrivstoffforsyningen er tilbake til niv\u00e5et f\u00f8r konflikten. Kombinasjonen av forstyrrelser i raffinerikapasiteten, raffinerivedlikeholdssykluser og fortsatt geopolitisk risiko betyr at prisvolatiliteten sannsynligvis vil vedvare.<span class=\"Apple-converted-space\"> <\/span><\/p>\n<p class=\"p1\">For reisende inkluderer de umiddelbare effektene potensialet for kanselleringer av fly, f\u00e6rre setealternativer p\u00e5 visse ruter og \u00f8kende flypriser ettersom flyselskaper s\u00f8ker \u00e5 kompensere for \u00f8kninger i drivstoffkostnadene. Planlegging fremover og sjekk med flyselskapene for oppdateringer av tidsplaner er fortsatt viktig i denne utviklende situasjonen.<\/p>\n<p class=\"p1\">Samlet sett gjenspeiler de n\u00e5v\u00e6rende forstyrrelsene det komplekse samspillet mellom globale energiforsyningskjeder og flyselskaper, med virkninger sett p\u00e5 tvers av kontinenter, men ikke bevis p\u00e5 at flyplasser universelt utmatter jetdrivstoffforsyningen.<\/p>\n<p>                    <!-- Originally published at https:\/\/euroweeklynews.com\/2026\/04\/08\/airports-start-reporting-fuel-shortages-as-jet-fuel-prices-surge\/ on 08 Apr 2026 at 15:33 by Molly Grace --><br \/>\n                    <!-- Article End -->\n                <\/div>\n","protected":false},"excerpt":{"rendered":"<p>Globale flyselskaper justerer operasjonene som svar p\u00e5 en kraftig \u00f8kning i flydrivstoffprisene og strammere forsyningskjeder<\/p>\n","protected":false},"author":1,"featured_media":16755,"comment_status":"closed","ping_status":"open","sticky":false,"template":"","format":"standard","meta":{"footnotes":""},"categories":[105],"tags":[6446,10828,2870,10829,766,4960,900],"class_list":["post-16754","post","type-post","status-publish","format-standard","has-post-thumbnail","hentry","category-livsstil","tag-begynner","tag-drivstoffmangel","tag-ettersom","tag-flydrivstoffprisene","tag-flyplasser","tag-rapportere","tag-stiger","generate-columns","tablet-grid-50","mobile-grid-100","grid-parent","grid-33","resize-featured-image"],"yoast_head":"<!-- This site is optimized with the Yoast SEO plugin v24.4 - https:\/\/yoast.com\/wordpress\/plugins\/seo\/ -->\n<title>Flyplasser begynner \u00e5 rapportere drivstoffmangel ettersom flydrivstoffprisene stiger - Nordnesrepublikken<\/title>\n<meta name=\"robots\" content=\"index, follow, max-snippet:-1, max-image-preview:large, max-video-preview:-1\" \/>\n<link rel=\"canonical\" href=\"https:\/\/nordnesrepublikken.no\/index.php\/2026\/04\/08\/flyplasser-begynner-a-rapportere-drivstoffmangel-ettersom-flydrivstoffprisene-stiger\/\" \/>\n<meta property=\"og:locale\" content=\"nb_NO\" \/>\n<meta property=\"og:type\" content=\"article\" \/>\n<meta property=\"og:title\" content=\"Flyplasser begynner \u00e5 rapportere drivstoffmangel ettersom flydrivstoffprisene stiger - Nordnesrepublikken\" \/>\n<meta property=\"og:description\" content=\"Globale flyselskaper justerer operasjonene som svar p\u00e5 en kraftig \u00f8kning i flydrivstoffprisene og strammere forsyningskjeder\" \/>\n<meta property=\"og:url\" content=\"https:\/\/nordnesrepublikken.no\/index.php\/2026\/04\/08\/flyplasser-begynner-a-rapportere-drivstoffmangel-ettersom-flydrivstoffprisene-stiger\/\" \/>\n<meta property=\"og:site_name\" content=\"Nordnesrepublikken\" \/>\n<meta property=\"article:published_time\" content=\"2026-04-08T13:38:44+00:00\" \/>\n<meta property=\"article:modified_time\" content=\"2026-04-08T13:38:48+00:00\" \/>\n<meta property=\"og:image\" content=\"https:\/\/nordnesrepublikken.no\/wp-content\/uploads\/2026\/04\/1775655525_Flyplasser-begynner-a-rapportere-drivstoffmangel-ettersom-flydrivstoffprisene-stiger.png\" \/>\n\t<meta property=\"og:image:width\" content=\"1347\" \/>\n\t<meta property=\"og:image:height\" content=\"900\" \/>\n\t<meta property=\"og:image:type\" content=\"image\/png\" \/>\n<meta name=\"author\" content=\"Ole Andersen\" \/>\n<meta name=\"twitter:card\" content=\"summary_large_image\" \/>\n<meta name=\"twitter:label1\" content=\"Skrevet av\" \/>\n\t<meta name=\"twitter:data1\" content=\"Ole Andersen\" \/>\n\t<meta name=\"twitter:label2\" content=\"Ansl. lesetid\" \/>\n\t<meta name=\"twitter:data2\" content=\"4 minutter\" \/>\n<script type=\"application\/ld+json\" class=\"yoast-schema-graph\">{\"@context\":\"https:\/\/schema.org\",\"@graph\":[{\"@type\":\"Article\",\"@id\":\"https:\/\/nordnesrepublikken.no\/index.php\/2026\/04\/08\/flyplasser-begynner-a-rapportere-drivstoffmangel-ettersom-flydrivstoffprisene-stiger\/#article\",\"isPartOf\":{\"@id\":\"https:\/\/nordnesrepublikken.no\/index.php\/2026\/04\/08\/flyplasser-begynner-a-rapportere-drivstoffmangel-ettersom-flydrivstoffprisene-stiger\/\"},\"author\":{\"name\":\"Ole Andersen\",\"@id\":\"https:\/\/nordnesrepublikken.no\/#\/schema\/person\/2e7e81935bab77882fffb79296240ff1\"},\"headline\":\"Flyplasser begynner \u00e5 rapportere drivstoffmangel ettersom flydrivstoffprisene stiger\",\"datePublished\":\"2026-04-08T13:38:44+00:00\",\"dateModified\":\"2026-04-08T13:38:48+00:00\",\"mainEntityOfPage\":{\"@id\":\"https:\/\/nordnesrepublikken.no\/index.php\/2026\/04\/08\/flyplasser-begynner-a-rapportere-drivstoffmangel-ettersom-flydrivstoffprisene-stiger\/\"},\"wordCount\":779,\"publisher\":{\"@id\":\"https:\/\/nordnesrepublikken.no\/#organization\"},\"image\":{\"@id\":\"https:\/\/nordnesrepublikken.no\/index.php\/2026\/04\/08\/flyplasser-begynner-a-rapportere-drivstoffmangel-ettersom-flydrivstoffprisene-stiger\/#primaryimage\"},\"thumbnailUrl\":\"https:\/\/nordnesrepublikken.no\/wp-content\/uploads\/2026\/04\/1775655525_Flyplasser-begynner-a-rapportere-drivstoffmangel-ettersom-flydrivstoffprisene-stiger.png\",\"keywords\":[\"begynner\",\"drivstoffmangel\",\"Ettersom\",\"flydrivstoffprisene\",\"flyplasser\",\"rapportere\",\"stiger\"],\"articleSection\":[\"Livsstil\"],\"inLanguage\":\"nb-NO\"},{\"@type\":\"WebPage\",\"@id\":\"https:\/\/nordnesrepublikken.no\/index.php\/2026\/04\/08\/flyplasser-begynner-a-rapportere-drivstoffmangel-ettersom-flydrivstoffprisene-stiger\/\",\"url\":\"https:\/\/nordnesrepublikken.no\/index.php\/2026\/04\/08\/flyplasser-begynner-a-rapportere-drivstoffmangel-ettersom-flydrivstoffprisene-stiger\/\",\"name\":\"Flyplasser begynner \u00e5 rapportere drivstoffmangel ettersom flydrivstoffprisene stiger - Nordnesrepublikken\",\"isPartOf\":{\"@id\":\"https:\/\/nordnesrepublikken.no\/#website\"},\"primaryImageOfPage\":{\"@id\":\"https:\/\/nordnesrepublikken.no\/index.php\/2026\/04\/08\/flyplasser-begynner-a-rapportere-drivstoffmangel-ettersom-flydrivstoffprisene-stiger\/#primaryimage\"},\"image\":{\"@id\":\"https:\/\/nordnesrepublikken.no\/index.php\/2026\/04\/08\/flyplasser-begynner-a-rapportere-drivstoffmangel-ettersom-flydrivstoffprisene-stiger\/#primaryimage\"},\"thumbnailUrl\":\"https:\/\/nordnesrepublikken.no\/wp-content\/uploads\/2026\/04\/1775655525_Flyplasser-begynner-a-rapportere-drivstoffmangel-ettersom-flydrivstoffprisene-stiger.png\",\"datePublished\":\"2026-04-08T13:38:44+00:00\",\"dateModified\":\"2026-04-08T13:38:48+00:00\",\"breadcrumb\":{\"@id\":\"https:\/\/nordnesrepublikken.no\/index.php\/2026\/04\/08\/flyplasser-begynner-a-rapportere-drivstoffmangel-ettersom-flydrivstoffprisene-stiger\/#breadcrumb\"},\"inLanguage\":\"nb-NO\",\"potentialAction\":[{\"@type\":\"ReadAction\",\"target\":[\"https:\/\/nordnesrepublikken.no\/index.php\/2026\/04\/08\/flyplasser-begynner-a-rapportere-drivstoffmangel-ettersom-flydrivstoffprisene-stiger\/\"]}]},{\"@type\":\"ImageObject\",\"inLanguage\":\"nb-NO\",\"@id\":\"https:\/\/nordnesrepublikken.no\/index.php\/2026\/04\/08\/flyplasser-begynner-a-rapportere-drivstoffmangel-ettersom-flydrivstoffprisene-stiger\/#primaryimage\",\"url\":\"https:\/\/nordnesrepublikken.no\/wp-content\/uploads\/2026\/04\/1775655525_Flyplasser-begynner-a-rapportere-drivstoffmangel-ettersom-flydrivstoffprisene-stiger.png\",\"contentUrl\":\"https:\/\/nordnesrepublikken.no\/wp-content\/uploads\/2026\/04\/1775655525_Flyplasser-begynner-a-rapportere-drivstoffmangel-ettersom-flydrivstoffprisene-stiger.png\",\"width\":1347,\"height\":900,\"caption\":\"Flyplasser begynner \u00e5 rapportere drivstoffmangel ettersom flydrivstoffprisene stiger\"},{\"@type\":\"BreadcrumbList\",\"@id\":\"https:\/\/nordnesrepublikken.no\/index.php\/2026\/04\/08\/flyplasser-begynner-a-rapportere-drivstoffmangel-ettersom-flydrivstoffprisene-stiger\/#breadcrumb\",\"itemListElement\":[{\"@type\":\"ListItem\",\"position\":1,\"name\":\"Home\",\"item\":\"https:\/\/nordnesrepublikken.no\/\"},{\"@type\":\"ListItem\",\"position\":2,\"name\":\"Flyplasser begynner \u00e5 rapportere drivstoffmangel ettersom flydrivstoffprisene stiger\"}]},{\"@type\":\"WebSite\",\"@id\":\"https:\/\/nordnesrepublikken.no\/#website\",\"url\":\"https:\/\/nordnesrepublikken.no\/\",\"name\":\"Nordnesrepublikken\",\"description\":\"Stemmer og Visjoner fra Republikkens Hjerte\",\"publisher\":{\"@id\":\"https:\/\/nordnesrepublikken.no\/#organization\"},\"potentialAction\":[{\"@type\":\"SearchAction\",\"target\":{\"@type\":\"EntryPoint\",\"urlTemplate\":\"https:\/\/nordnesrepublikken.no\/?s={search_term_string}\"},\"query-input\":{\"@type\":\"PropertyValueSpecification\",\"valueRequired\":true,\"valueName\":\"search_term_string\"}}],\"inLanguage\":\"nb-NO\"},{\"@type\":\"Organization\",\"@id\":\"https:\/\/nordnesrepublikken.no\/#organization\",\"name\":\"Nordnesrepublikken\",\"url\":\"https:\/\/nordnesrepublikken.no\/\",\"logo\":{\"@type\":\"ImageObject\",\"inLanguage\":\"nb-NO\",\"@id\":\"https:\/\/nordnesrepublikken.no\/#\/schema\/logo\/image\/\",\"url\":\"https:\/\/nordnesrepublikken.no\/wp-content\/uploads\/2025\/02\/cropped-nordnesrepublikken-2.png\",\"contentUrl\":\"https:\/\/nordnesrepublikken.no\/wp-content\/uploads\/2025\/02\/cropped-nordnesrepublikken-2.png\",\"width\":1248,\"height\":362,\"caption\":\"Nordnesrepublikken\"},\"image\":{\"@id\":\"https:\/\/nordnesrepublikken.no\/#\/schema\/logo\/image\/\"}},{\"@type\":\"Person\",\"@id\":\"https:\/\/nordnesrepublikken.no\/#\/schema\/person\/2e7e81935bab77882fffb79296240ff1\",\"name\":\"Ole Andersen\",\"image\":{\"@type\":\"ImageObject\",\"inLanguage\":\"nb-NO\",\"@id\":\"https:\/\/nordnesrepublikken.no\/#\/schema\/person\/image\/\",\"url\":\"https:\/\/nordnesrepublikken.no\/wp-content\/uploads\/2025\/02\/nordnesrepublikken-2-2-150x150.jpg\",\"contentUrl\":\"https:\/\/nordnesrepublikken.no\/wp-content\/uploads\/2025\/02\/nordnesrepublikken-2-2-150x150.jpg\",\"caption\":\"Ole Andersen\"},\"description\":\"Ettersom jeg vokste opp i Oslo, har jeg alltid v\u00e6rt fascinert av ordenes kraft og deres evne til \u00e5 skape endringer. Etter \u00e5 ha fullf\u00f8rt min utdannelse i kommunikasjon ved Universitetet i Bergen, fikk jeg muligheten til \u00e5 jobbe innen ulike medier, der jeg har s\u00f8kt \u00e5 belyse viktige samfunnssp\u00f8rsm\u00e5l. I dag, som redakt\u00f8r for Nordnesrepublikken, pr\u00f8ver jeg \u00e5 forene min kj\u00e6rlighet for journalistikk med min lidenskap for innovasjon og eventyr.\",\"sameAs\":[\"https:\/\/nordnesrepublikken.no\/\"]}]}<\/script>\n<!-- \/ Yoast SEO plugin. -->","yoast_head_json":{"title":"Flyplasser begynner \u00e5 rapportere drivstoffmangel ettersom flydrivstoffprisene stiger - Nordnesrepublikken","robots":{"index":"index","follow":"follow","max-snippet":"max-snippet:-1","max-image-preview":"max-image-preview:large","max-video-preview":"max-video-preview:-1"},"canonical":"https:\/\/nordnesrepublikken.no\/index.php\/2026\/04\/08\/flyplasser-begynner-a-rapportere-drivstoffmangel-ettersom-flydrivstoffprisene-stiger\/","og_locale":"nb_NO","og_type":"article","og_title":"Flyplasser begynner \u00e5 rapportere drivstoffmangel ettersom flydrivstoffprisene stiger - Nordnesrepublikken","og_description":"Globale flyselskaper justerer operasjonene som svar p\u00e5 en kraftig \u00f8kning i flydrivstoffprisene og strammere forsyningskjeder","og_url":"https:\/\/nordnesrepublikken.no\/index.php\/2026\/04\/08\/flyplasser-begynner-a-rapportere-drivstoffmangel-ettersom-flydrivstoffprisene-stiger\/","og_site_name":"Nordnesrepublikken","article_published_time":"2026-04-08T13:38:44+00:00","article_modified_time":"2026-04-08T13:38:48+00:00","og_image":[{"width":1347,"height":900,"url":"https:\/\/nordnesrepublikken.no\/wp-content\/uploads\/2026\/04\/1775655525_Flyplasser-begynner-a-rapportere-drivstoffmangel-ettersom-flydrivstoffprisene-stiger.png","type":"image\/png"}],"author":"Ole Andersen","twitter_card":"summary_large_image","twitter_misc":{"Skrevet av":"Ole Andersen","Ansl. lesetid":"4 minutter"},"schema":{"@context":"https:\/\/schema.org","@graph":[{"@type":"Article","@id":"https:\/\/nordnesrepublikken.no\/index.php\/2026\/04\/08\/flyplasser-begynner-a-rapportere-drivstoffmangel-ettersom-flydrivstoffprisene-stiger\/#article","isPartOf":{"@id":"https:\/\/nordnesrepublikken.no\/index.php\/2026\/04\/08\/flyplasser-begynner-a-rapportere-drivstoffmangel-ettersom-flydrivstoffprisene-stiger\/"},"author":{"name":"Ole Andersen","@id":"https:\/\/nordnesrepublikken.no\/#\/schema\/person\/2e7e81935bab77882fffb79296240ff1"},"headline":"Flyplasser begynner \u00e5 rapportere drivstoffmangel ettersom flydrivstoffprisene stiger","datePublished":"2026-04-08T13:38:44+00:00","dateModified":"2026-04-08T13:38:48+00:00","mainEntityOfPage":{"@id":"https:\/\/nordnesrepublikken.no\/index.php\/2026\/04\/08\/flyplasser-begynner-a-rapportere-drivstoffmangel-ettersom-flydrivstoffprisene-stiger\/"},"wordCount":779,"publisher":{"@id":"https:\/\/nordnesrepublikken.no\/#organization"},"image":{"@id":"https:\/\/nordnesrepublikken.no\/index.php\/2026\/04\/08\/flyplasser-begynner-a-rapportere-drivstoffmangel-ettersom-flydrivstoffprisene-stiger\/#primaryimage"},"thumbnailUrl":"https:\/\/nordnesrepublikken.no\/wp-content\/uploads\/2026\/04\/1775655525_Flyplasser-begynner-a-rapportere-drivstoffmangel-ettersom-flydrivstoffprisene-stiger.png","keywords":["begynner","drivstoffmangel","Ettersom","flydrivstoffprisene","flyplasser","rapportere","stiger"],"articleSection":["Livsstil"],"inLanguage":"nb-NO"},{"@type":"WebPage","@id":"https:\/\/nordnesrepublikken.no\/index.php\/2026\/04\/08\/flyplasser-begynner-a-rapportere-drivstoffmangel-ettersom-flydrivstoffprisene-stiger\/","url":"https:\/\/nordnesrepublikken.no\/index.php\/2026\/04\/08\/flyplasser-begynner-a-rapportere-drivstoffmangel-ettersom-flydrivstoffprisene-stiger\/","name":"Flyplasser begynner \u00e5 rapportere drivstoffmangel ettersom flydrivstoffprisene stiger - Nordnesrepublikken","isPartOf":{"@id":"https:\/\/nordnesrepublikken.no\/#website"},"primaryImageOfPage":{"@id":"https:\/\/nordnesrepublikken.no\/index.php\/2026\/04\/08\/flyplasser-begynner-a-rapportere-drivstoffmangel-ettersom-flydrivstoffprisene-stiger\/#primaryimage"},"image":{"@id":"https:\/\/nordnesrepublikken.no\/index.php\/2026\/04\/08\/flyplasser-begynner-a-rapportere-drivstoffmangel-ettersom-flydrivstoffprisene-stiger\/#primaryimage"},"thumbnailUrl":"https:\/\/nordnesrepublikken.no\/wp-content\/uploads\/2026\/04\/1775655525_Flyplasser-begynner-a-rapportere-drivstoffmangel-ettersom-flydrivstoffprisene-stiger.png","datePublished":"2026-04-08T13:38:44+00:00","dateModified":"2026-04-08T13:38:48+00:00","breadcrumb":{"@id":"https:\/\/nordnesrepublikken.no\/index.php\/2026\/04\/08\/flyplasser-begynner-a-rapportere-drivstoffmangel-ettersom-flydrivstoffprisene-stiger\/#breadcrumb"},"inLanguage":"nb-NO","potentialAction":[{"@type":"ReadAction","target":["https:\/\/nordnesrepublikken.no\/index.php\/2026\/04\/08\/flyplasser-begynner-a-rapportere-drivstoffmangel-ettersom-flydrivstoffprisene-stiger\/"]}]},{"@type":"ImageObject","inLanguage":"nb-NO","@id":"https:\/\/nordnesrepublikken.no\/index.php\/2026\/04\/08\/flyplasser-begynner-a-rapportere-drivstoffmangel-ettersom-flydrivstoffprisene-stiger\/#primaryimage","url":"https:\/\/nordnesrepublikken.no\/wp-content\/uploads\/2026\/04\/1775655525_Flyplasser-begynner-a-rapportere-drivstoffmangel-ettersom-flydrivstoffprisene-stiger.png","contentUrl":"https:\/\/nordnesrepublikken.no\/wp-content\/uploads\/2026\/04\/1775655525_Flyplasser-begynner-a-rapportere-drivstoffmangel-ettersom-flydrivstoffprisene-stiger.png","width":1347,"height":900,"caption":"Flyplasser begynner \u00e5 rapportere drivstoffmangel ettersom flydrivstoffprisene stiger"},{"@type":"BreadcrumbList","@id":"https:\/\/nordnesrepublikken.no\/index.php\/2026\/04\/08\/flyplasser-begynner-a-rapportere-drivstoffmangel-ettersom-flydrivstoffprisene-stiger\/#breadcrumb","itemListElement":[{"@type":"ListItem","position":1,"name":"Home","item":"https:\/\/nordnesrepublikken.no\/"},{"@type":"ListItem","position":2,"name":"Flyplasser begynner \u00e5 rapportere drivstoffmangel ettersom flydrivstoffprisene stiger"}]},{"@type":"WebSite","@id":"https:\/\/nordnesrepublikken.no\/#website","url":"https:\/\/nordnesrepublikken.no\/","name":"Nordnesrepublikken","description":"Stemmer og Visjoner fra Republikkens Hjerte","publisher":{"@id":"https:\/\/nordnesrepublikken.no\/#organization"},"potentialAction":[{"@type":"SearchAction","target":{"@type":"EntryPoint","urlTemplate":"https:\/\/nordnesrepublikken.no\/?s={search_term_string}"},"query-input":{"@type":"PropertyValueSpecification","valueRequired":true,"valueName":"search_term_string"}}],"inLanguage":"nb-NO"},{"@type":"Organization","@id":"https:\/\/nordnesrepublikken.no\/#organization","name":"Nordnesrepublikken","url":"https:\/\/nordnesrepublikken.no\/","logo":{"@type":"ImageObject","inLanguage":"nb-NO","@id":"https:\/\/nordnesrepublikken.no\/#\/schema\/logo\/image\/","url":"https:\/\/nordnesrepublikken.no\/wp-content\/uploads\/2025\/02\/cropped-nordnesrepublikken-2.png","contentUrl":"https:\/\/nordnesrepublikken.no\/wp-content\/uploads\/2025\/02\/cropped-nordnesrepublikken-2.png","width":1248,"height":362,"caption":"Nordnesrepublikken"},"image":{"@id":"https:\/\/nordnesrepublikken.no\/#\/schema\/logo\/image\/"}},{"@type":"Person","@id":"https:\/\/nordnesrepublikken.no\/#\/schema\/person\/2e7e81935bab77882fffb79296240ff1","name":"Ole Andersen","image":{"@type":"ImageObject","inLanguage":"nb-NO","@id":"https:\/\/nordnesrepublikken.no\/#\/schema\/person\/image\/","url":"https:\/\/nordnesrepublikken.no\/wp-content\/uploads\/2025\/02\/nordnesrepublikken-2-2-150x150.jpg","contentUrl":"https:\/\/nordnesrepublikken.no\/wp-content\/uploads\/2025\/02\/nordnesrepublikken-2-2-150x150.jpg","caption":"Ole Andersen"},"description":"Ettersom jeg vokste opp i Oslo, har jeg alltid v\u00e6rt fascinert av ordenes kraft og deres evne til \u00e5 skape endringer. Etter \u00e5 ha fullf\u00f8rt min utdannelse i kommunikasjon ved Universitetet i Bergen, fikk jeg muligheten til \u00e5 jobbe innen ulike medier, der jeg har s\u00f8kt \u00e5 belyse viktige samfunnssp\u00f8rsm\u00e5l. I dag, som redakt\u00f8r for Nordnesrepublikken, pr\u00f8ver jeg \u00e5 forene min kj\u00e6rlighet for journalistikk med min lidenskap for innovasjon og eventyr.","sameAs":["https:\/\/nordnesrepublikken.no\/"]}]}},"_links":{"self":[{"href":"https:\/\/nordnesrepublikken.no\/index.php\/wp-json\/wp\/v2\/posts\/16754","targetHints":{"allow":["GET"]}}],"collection":[{"href":"https:\/\/nordnesrepublikken.no\/index.php\/wp-json\/wp\/v2\/posts"}],"about":[{"href":"https:\/\/nordnesrepublikken.no\/index.php\/wp-json\/wp\/v2\/types\/post"}],"author":[{"embeddable":true,"href":"https:\/\/nordnesrepublikken.no\/index.php\/wp-json\/wp\/v2\/users\/1"}],"replies":[{"embeddable":true,"href":"https:\/\/nordnesrepublikken.no\/index.php\/wp-json\/wp\/v2\/comments?post=16754"}],"version-history":[{"count":1,"href":"https:\/\/nordnesrepublikken.no\/index.php\/wp-json\/wp\/v2\/posts\/16754\/revisions"}],"predecessor-version":[{"id":16756,"href":"https:\/\/nordnesrepublikken.no\/index.php\/wp-json\/wp\/v2\/posts\/16754\/revisions\/16756"}],"wp:featuredmedia":[{"embeddable":true,"href":"https:\/\/nordnesrepublikken.no\/index.php\/wp-json\/wp\/v2\/media\/16755"}],"wp:attachment":[{"href":"https:\/\/nordnesrepublikken.no\/index.php\/wp-json\/wp\/v2\/media?parent=16754"}],"wp:term":[{"taxonomy":"category","embeddable":true,"href":"https:\/\/nordnesrepublikken.no\/index.php\/wp-json\/wp\/v2\/categories?post=16754"},{"taxonomy":"post_tag","embeddable":true,"href":"https:\/\/nordnesrepublikken.no\/index.php\/wp-json\/wp\/v2\/tags?post=16754"}],"curies":[{"name":"wp","href":"https:\/\/api.w.org\/{rel}","templated":true}]}}