{"id":16748,"date":"2026-04-08T14:37:54","date_gmt":"2026-04-08T12:37:54","guid":{"rendered":"https:\/\/nordnesrepublikken.no\/index.php\/2026\/04\/08\/schengen-visum-blir-digitalt-hva-endres-for-reisende-fra-2026\/"},"modified":"2026-04-08T14:37:56","modified_gmt":"2026-04-08T12:37:56","slug":"schengen-visum-blir-digitalt-hva-endres-for-reisende-fra-2026","status":"publish","type":"post","link":"https:\/\/nordnesrepublikken.no\/index.php\/2026\/04\/08\/schengen-visum-blir-digitalt-hva-endres-for-reisende-fra-2026\/","title":{"rendered":"Schengen-visum blir digitalt: hva endres for reisende fra 2026"},"content":{"rendered":"<p><\/p>\n<div class=\"wordpress-content\">\n                    <!-- Article Start --><\/p>\n<p>Det kjente visum-klistremerket i passet ditt er p\u00e5 vei ut. Den europeiske union har bekreftet skiftet mot et fullstendig digitalt Schengen-visum, og erstatter den fysiske vignetten med en sikker 2D-strekkode. For millioner av reisende som s\u00f8ker hvert \u00e5r, markerer dette en stor endring i hvordan visum utstedes, oppbevares og sjekkes ved grensen.<\/p>\n<p>Reformen er en del av et bredere arbeid for \u00e5 modernisere hvordan Europa forvalter sine grenser og visumsystem. Med mer enn 11 millioner s\u00f8knader behandlet i l\u00f8pet av ett \u00e5r, har dagens system lenge v\u00e6rt under press. M\u00e5let n\u00e5 er \u00e5 forenkle prosessen, redusere forsinkelser og gj\u00f8re hele opplevelsen mer oversiktlig for s\u00f8kere.<\/p>\n<h2>Hvordan det nye digitale Schengen-visumet vil fungere<\/h2>\n<p>Under det nye systemet vil det tradisjonelle klistremerket som er plassert inne i passet ditt bli erstattet av en <strong>digitalt visum<\/strong> knyttet til en kryptografisk sikret 2D-strekkode. Denne koden vil inneholde n\u00f8kkelinformasjon om den reisende, inkludert biometriske data som et ansiktsbilde.<\/p>\n<div class=\"sra_unit\"><link rel=\"stylesheet\" id=\"block-sra\" href=\"https:\/\/euroweeklynews.com\/wp-content\/plugins\/snack-related-articles\/dist\/css\/snack-related.min.css?250312-193541\" type=\"text\/css\" media=\"all\">\n<\/div>\n<p>Tanken er \u00e5 gj\u00f8re visum sikrere og vanskeligere \u00e5 forfalske. I stedet for \u00e5 stole p\u00e5 et fysisk dokument som kan bli skadet eller mistet, blir visumet en digital post som kan verifiseres elektronisk.<\/p>\n<p>Viktigere, reisende vil fortsatt kunne skrive ut visumet sitt om n\u00f8dvendig. Det er ingen krav om \u00e5 vise den p\u00e5 en smarttelefon ved grensen, noe som unng\u00e5r potensielle problemer for de uten digital tilgang.<\/p>\n<p>Systemet vil gjelde for b\u00e5de korttids- og lengre oppholdsvisum, og dekker hele spekteret av Schengen-reisetillatelser.<\/p>\n<p>Frankrike har allerede testet konseptet under de olympiske leker i Paris 2024, og utstedt titusenvis av digitale visa til idrettsut\u00f8vere, journalister og offisielle delegasjoner. Den pr\u00f8ven bidro til \u00e5 bekrefte at teknologien kan fungere under reelle forhold f\u00f8r en bredere utrulling.<\/p>\n<h2>S\u00f8ke p\u00e5 nett: hva den nye EU-visumplattformen endrer<\/h2>\n<p>I sentrum av reformen st\u00e5r et nytt nettbasert system kalt EU Visa Application Platform, eller EU VAP. Denne plattformen vil tillate reisende \u00e5 fullf\u00f8re hele sin visums\u00f8knad online.<\/p>\n<p>S\u00f8kere vil opprette en sikker konto, fylle ut detaljene sine, laste opp dokumenter, betale gebyrer og f\u00f8lge fremdriften av s\u00f8knaden i sanntid. En av de mest nyttige funksjonene er at plattformen automatisk vil bestemme hvilket land som er ansvarlig for \u00e5 h\u00e5ndtere applikasjonen, og fjerne en vanlig kilde til forvirring for folk som reiser til flere destinasjoner.<\/p>\n<p>Det vil ogs\u00e5 v\u00e6re et innebygd st\u00f8ttesystem for \u00e5 svare p\u00e5 sp\u00f8rsm\u00e5l direkte gjennom plattformen.<\/p>\n<p>Ett trinn forblir imidlertid uendret. F\u00f8rstegangss\u00f8kere m\u00e5 fortsatt delta p\u00e5 en personlig avtale for \u00e5 gi biometriske data, inkludert fingeravtrykk og et fotografi. N\u00e5r dette er gjort, forblir disse biometriske opplysningene gyldige i nesten fem \u00e5r, noe som betyr at fornyelser kan h\u00e5ndteres helt online.<\/p>\n<p>Utrullingen vil ikke skje over natten. Utviklingen av plattformen er satt til \u00e5 fortsette fra 2026, med full drift forventet innen 2028. Etter det vil landene ha en overgangsperiode p\u00e5 flere \u00e5r p\u00e5 seg til \u00e5 ta i bruk systemet, noe som betyr at b\u00e5de digitale og tradisjonelle visum vil eksistere side om side i en stund.<\/p>\n<h2>Hva det betyr for reisende som s\u00f8ker om Schengen-visum<\/h2>\n<p>For ikke-europeiske reisende vil endringene sannsynligvis gj\u00f8re prosessen mer enkel, selv om ikke alt blir enklere med en gang.<\/p>\n<p>En av de st\u00f8rste praktiske forskjellene er at s\u00f8kere ikke lenger trenger \u00e5 legge igjen passet p\u00e5 konsulatet under prosessen. Dette alene fjerner store ulemper, spesielt i land der ventetidene kan v\u00e6re lange.<\/p>\n<p>Muligheten til \u00e5 spore s\u00f8knader i sanntid gir ogs\u00e5 et niv\u00e5 av \u00e5penhet som mange s\u00f8kere har bedt om. I stedet for \u00e5 vente uten oppdateringer, vil reisende kunne se n\u00f8yaktig hvor s\u00f8knaden deres st\u00e5r.<\/p>\n<p>Samtidig vil noen ting forbli de samme. Visumgebyrer forventes ikke \u00e5 endres, og servicegebyrer fra eksterne leverand\u00f8rer vil fortsatt gjelde. Behovet for en f\u00f8rste biometrisk avtale betyr ogs\u00e5 at en del av prosessen forblir fysisk.<\/p>\n<p>Reformen er s\u00e6rlig aktuell for familier og hyppige reisende som s\u00f8ker om visum regelmessig. For dem vil overgangen til et digitalt system kunne redusere administrative hindringer over tid.<\/p>\n<h2>Del av et bredere skifte mot digitale grenser i Europa<\/h2>\n<p>Bevegelsen mot et digitalt visumsystem st\u00e5r ikke alene. Det er en del av en bredere transformasjon av hvordan Europa forvalter sine grenser.<\/p>\n<p>Entry Exit System er allerede introdusert for \u00e5 registrere ankomster og avganger elektronisk, og erstatte passstempler for reisende utenfor EU. Et annet system, ETIAS, forventes \u00e5 f\u00f8lge, som krever reisetillatelse for visumfritatte bes\u00f8kende.<\/p>\n<p>Sammen er disse systemene designet for \u00e5 skape en mer sammenkoblet og datadrevet tiln\u00e6rming til grensestyring p\u00e5 tvers av Schengen-omr\u00e5det.<\/p>\n<h2>En gradvis endring i stedet for en bytte over natten<\/h2>\n<p>Til tross for reformens omfang, vil ikke reisende se alt endre seg umiddelbart. Overgangen vil ta tid, og ikke alle land vil ta i bruk systemet i samme tempo.<\/p>\n<p>Forel\u00f8pig er n\u00f8kkelen at Schengen-visumprosessen beveger seg mot en mer digital modell. Papirklistremerket som har v\u00e6rt en del av internasjonale reiser i flere ti\u00e5r, blir gradvis erstattet.<\/p>\n<p>For de millioner av mennesker som s\u00f8ker om visum hvert \u00e5r, vil dette sannsynligvis endre hvordan s\u00f8knader h\u00e5ndteres, hvordan dokumenter oppbevares og hvordan grenser krysses.<\/p>\n<p>Det er et skifte som vil ta noen \u00e5r \u00e5 sl\u00e5 seg helt fast, men som allerede er i gang.<\/p>\n<p>                    <!-- Originally published at https:\/\/euroweeklynews.com\/2026\/04\/08\/schengen-visa-goes-digital-what-changes-for-travellers-from-2026\/ on 08 Apr 2026 at 14:32 by Farah Mokrani --><br \/>\n                    <!-- Article End -->\n                <\/div>\n","protected":false},"excerpt":{"rendered":"<p>Det kjente visum-klistremerket i passet ditt er p\u00e5 vei ut. Den europeiske union har bekreftet<\/p>\n","protected":false},"author":1,"featured_media":16749,"comment_status":"closed","ping_status":"open","sticky":false,"template":"","format":"standard","meta":{"footnotes":""},"categories":[105],"tags":[123,9976,4451,125,144,3092,10822],"class_list":["post-16748","post","type-post","status-publish","format-standard","has-post-thumbnail","hentry","category-livsstil","tag-blir","tag-digitalt","tag-endres","tag-fra","tag-hva","tag-reisende","tag-schengenvisum","generate-columns","tablet-grid-50","mobile-grid-100","grid-parent","grid-33","resize-featured-image"],"yoast_head":"<!-- This site is optimized with the Yoast SEO plugin v24.4 - https:\/\/yoast.com\/wordpress\/plugins\/seo\/ -->\n<title>Schengen-visum blir digitalt: hva endres for reisende fra 2026 - Nordnesrepublikken<\/title>\n<meta name=\"robots\" content=\"index, follow, max-snippet:-1, max-image-preview:large, max-video-preview:-1\" \/>\n<link rel=\"canonical\" href=\"https:\/\/nordnesrepublikken.no\/index.php\/2026\/04\/08\/schengen-visum-blir-digitalt-hva-endres-for-reisende-fra-2026\/\" \/>\n<meta property=\"og:locale\" content=\"nb_NO\" \/>\n<meta property=\"og:type\" content=\"article\" \/>\n<meta property=\"og:title\" content=\"Schengen-visum blir digitalt: hva endres for reisende fra 2026 - Nordnesrepublikken\" \/>\n<meta property=\"og:description\" content=\"Det kjente visum-klistremerket i passet ditt er p\u00e5 vei ut. Den europeiske union har bekreftet\" \/>\n<meta property=\"og:url\" content=\"https:\/\/nordnesrepublikken.no\/index.php\/2026\/04\/08\/schengen-visum-blir-digitalt-hva-endres-for-reisende-fra-2026\/\" \/>\n<meta property=\"og:site_name\" content=\"Nordnesrepublikken\" \/>\n<meta property=\"article:published_time\" content=\"2026-04-08T12:37:54+00:00\" \/>\n<meta property=\"article:modified_time\" content=\"2026-04-08T12:37:56+00:00\" \/>\n<meta property=\"og:image\" content=\"https:\/\/nordnesrepublikken.no\/wp-content\/uploads\/2026\/04\/1775651875_Schengen-visum-blir-digitalt-hva-endres-for-reisende-fra-2026.jpg\" \/>\n\t<meta property=\"og:image:width\" content=\"1200\" \/>\n\t<meta property=\"og:image:height\" content=\"800\" \/>\n\t<meta property=\"og:image:type\" content=\"image\/jpeg\" \/>\n<meta name=\"author\" content=\"Ole Andersen\" \/>\n<meta name=\"twitter:card\" content=\"summary_large_image\" \/>\n<meta name=\"twitter:label1\" content=\"Skrevet av\" \/>\n\t<meta name=\"twitter:data1\" content=\"Ole Andersen\" \/>\n\t<meta name=\"twitter:label2\" content=\"Ansl. lesetid\" \/>\n\t<meta name=\"twitter:data2\" content=\"4 minutter\" \/>\n<script type=\"application\/ld+json\" class=\"yoast-schema-graph\">{\"@context\":\"https:\/\/schema.org\",\"@graph\":[{\"@type\":\"Article\",\"@id\":\"https:\/\/nordnesrepublikken.no\/index.php\/2026\/04\/08\/schengen-visum-blir-digitalt-hva-endres-for-reisende-fra-2026\/#article\",\"isPartOf\":{\"@id\":\"https:\/\/nordnesrepublikken.no\/index.php\/2026\/04\/08\/schengen-visum-blir-digitalt-hva-endres-for-reisende-fra-2026\/\"},\"author\":{\"name\":\"Ole Andersen\",\"@id\":\"https:\/\/nordnesrepublikken.no\/#\/schema\/person\/2e7e81935bab77882fffb79296240ff1\"},\"headline\":\"Schengen-visum blir digitalt: hva endres for reisende fra 2026\",\"datePublished\":\"2026-04-08T12:37:54+00:00\",\"dateModified\":\"2026-04-08T12:37:56+00:00\",\"mainEntityOfPage\":{\"@id\":\"https:\/\/nordnesrepublikken.no\/index.php\/2026\/04\/08\/schengen-visum-blir-digitalt-hva-endres-for-reisende-fra-2026\/\"},\"wordCount\":883,\"publisher\":{\"@id\":\"https:\/\/nordnesrepublikken.no\/#organization\"},\"image\":{\"@id\":\"https:\/\/nordnesrepublikken.no\/index.php\/2026\/04\/08\/schengen-visum-blir-digitalt-hva-endres-for-reisende-fra-2026\/#primaryimage\"},\"thumbnailUrl\":\"https:\/\/nordnesrepublikken.no\/wp-content\/uploads\/2026\/04\/1775651875_Schengen-visum-blir-digitalt-hva-endres-for-reisende-fra-2026.jpg\",\"keywords\":[\"blir\",\"digitalt\",\"endres\",\"fra\",\"Hva\",\"reisende\",\"Schengenvisum\"],\"articleSection\":[\"Livsstil\"],\"inLanguage\":\"nb-NO\"},{\"@type\":\"WebPage\",\"@id\":\"https:\/\/nordnesrepublikken.no\/index.php\/2026\/04\/08\/schengen-visum-blir-digitalt-hva-endres-for-reisende-fra-2026\/\",\"url\":\"https:\/\/nordnesrepublikken.no\/index.php\/2026\/04\/08\/schengen-visum-blir-digitalt-hva-endres-for-reisende-fra-2026\/\",\"name\":\"Schengen-visum blir digitalt: hva endres for reisende fra 2026 - Nordnesrepublikken\",\"isPartOf\":{\"@id\":\"https:\/\/nordnesrepublikken.no\/#website\"},\"primaryImageOfPage\":{\"@id\":\"https:\/\/nordnesrepublikken.no\/index.php\/2026\/04\/08\/schengen-visum-blir-digitalt-hva-endres-for-reisende-fra-2026\/#primaryimage\"},\"image\":{\"@id\":\"https:\/\/nordnesrepublikken.no\/index.php\/2026\/04\/08\/schengen-visum-blir-digitalt-hva-endres-for-reisende-fra-2026\/#primaryimage\"},\"thumbnailUrl\":\"https:\/\/nordnesrepublikken.no\/wp-content\/uploads\/2026\/04\/1775651875_Schengen-visum-blir-digitalt-hva-endres-for-reisende-fra-2026.jpg\",\"datePublished\":\"2026-04-08T12:37:54+00:00\",\"dateModified\":\"2026-04-08T12:37:56+00:00\",\"breadcrumb\":{\"@id\":\"https:\/\/nordnesrepublikken.no\/index.php\/2026\/04\/08\/schengen-visum-blir-digitalt-hva-endres-for-reisende-fra-2026\/#breadcrumb\"},\"inLanguage\":\"nb-NO\",\"potentialAction\":[{\"@type\":\"ReadAction\",\"target\":[\"https:\/\/nordnesrepublikken.no\/index.php\/2026\/04\/08\/schengen-visum-blir-digitalt-hva-endres-for-reisende-fra-2026\/\"]}]},{\"@type\":\"ImageObject\",\"inLanguage\":\"nb-NO\",\"@id\":\"https:\/\/nordnesrepublikken.no\/index.php\/2026\/04\/08\/schengen-visum-blir-digitalt-hva-endres-for-reisende-fra-2026\/#primaryimage\",\"url\":\"https:\/\/nordnesrepublikken.no\/wp-content\/uploads\/2026\/04\/1775651875_Schengen-visum-blir-digitalt-hva-endres-for-reisende-fra-2026.jpg\",\"contentUrl\":\"https:\/\/nordnesrepublikken.no\/wp-content\/uploads\/2026\/04\/1775651875_Schengen-visum-blir-digitalt-hva-endres-for-reisende-fra-2026.jpg\",\"width\":1200,\"height\":800,\"caption\":\"Schengen-visum blir digitalt: hva endres for reisende fra 2026\"},{\"@type\":\"BreadcrumbList\",\"@id\":\"https:\/\/nordnesrepublikken.no\/index.php\/2026\/04\/08\/schengen-visum-blir-digitalt-hva-endres-for-reisende-fra-2026\/#breadcrumb\",\"itemListElement\":[{\"@type\":\"ListItem\",\"position\":1,\"name\":\"Home\",\"item\":\"https:\/\/nordnesrepublikken.no\/\"},{\"@type\":\"ListItem\",\"position\":2,\"name\":\"Schengen-visum blir digitalt: hva endres for reisende fra 2026\"}]},{\"@type\":\"WebSite\",\"@id\":\"https:\/\/nordnesrepublikken.no\/#website\",\"url\":\"https:\/\/nordnesrepublikken.no\/\",\"name\":\"Nordnesrepublikken\",\"description\":\"Stemmer og Visjoner fra Republikkens Hjerte\",\"publisher\":{\"@id\":\"https:\/\/nordnesrepublikken.no\/#organization\"},\"potentialAction\":[{\"@type\":\"SearchAction\",\"target\":{\"@type\":\"EntryPoint\",\"urlTemplate\":\"https:\/\/nordnesrepublikken.no\/?s={search_term_string}\"},\"query-input\":{\"@type\":\"PropertyValueSpecification\",\"valueRequired\":true,\"valueName\":\"search_term_string\"}}],\"inLanguage\":\"nb-NO\"},{\"@type\":\"Organization\",\"@id\":\"https:\/\/nordnesrepublikken.no\/#organization\",\"name\":\"Nordnesrepublikken\",\"url\":\"https:\/\/nordnesrepublikken.no\/\",\"logo\":{\"@type\":\"ImageObject\",\"inLanguage\":\"nb-NO\",\"@id\":\"https:\/\/nordnesrepublikken.no\/#\/schema\/logo\/image\/\",\"url\":\"https:\/\/nordnesrepublikken.no\/wp-content\/uploads\/2025\/02\/cropped-nordnesrepublikken-2.png\",\"contentUrl\":\"https:\/\/nordnesrepublikken.no\/wp-content\/uploads\/2025\/02\/cropped-nordnesrepublikken-2.png\",\"width\":1248,\"height\":362,\"caption\":\"Nordnesrepublikken\"},\"image\":{\"@id\":\"https:\/\/nordnesrepublikken.no\/#\/schema\/logo\/image\/\"}},{\"@type\":\"Person\",\"@id\":\"https:\/\/nordnesrepublikken.no\/#\/schema\/person\/2e7e81935bab77882fffb79296240ff1\",\"name\":\"Ole Andersen\",\"image\":{\"@type\":\"ImageObject\",\"inLanguage\":\"nb-NO\",\"@id\":\"https:\/\/nordnesrepublikken.no\/#\/schema\/person\/image\/\",\"url\":\"https:\/\/nordnesrepublikken.no\/wp-content\/uploads\/2025\/02\/nordnesrepublikken-2-2-150x150.jpg\",\"contentUrl\":\"https:\/\/nordnesrepublikken.no\/wp-content\/uploads\/2025\/02\/nordnesrepublikken-2-2-150x150.jpg\",\"caption\":\"Ole Andersen\"},\"description\":\"Ettersom jeg vokste opp i Oslo, har jeg alltid v\u00e6rt fascinert av ordenes kraft og deres evne til \u00e5 skape endringer. Etter \u00e5 ha fullf\u00f8rt min utdannelse i kommunikasjon ved Universitetet i Bergen, fikk jeg muligheten til \u00e5 jobbe innen ulike medier, der jeg har s\u00f8kt \u00e5 belyse viktige samfunnssp\u00f8rsm\u00e5l. I dag, som redakt\u00f8r for Nordnesrepublikken, pr\u00f8ver jeg \u00e5 forene min kj\u00e6rlighet for journalistikk med min lidenskap for innovasjon og eventyr.\",\"sameAs\":[\"https:\/\/nordnesrepublikken.no\/\"]}]}<\/script>\n<!-- \/ Yoast SEO plugin. -->","yoast_head_json":{"title":"Schengen-visum blir digitalt: hva endres for reisende fra 2026 - Nordnesrepublikken","robots":{"index":"index","follow":"follow","max-snippet":"max-snippet:-1","max-image-preview":"max-image-preview:large","max-video-preview":"max-video-preview:-1"},"canonical":"https:\/\/nordnesrepublikken.no\/index.php\/2026\/04\/08\/schengen-visum-blir-digitalt-hva-endres-for-reisende-fra-2026\/","og_locale":"nb_NO","og_type":"article","og_title":"Schengen-visum blir digitalt: hva endres for reisende fra 2026 - Nordnesrepublikken","og_description":"Det kjente visum-klistremerket i passet ditt er p\u00e5 vei ut. Den europeiske union har bekreftet","og_url":"https:\/\/nordnesrepublikken.no\/index.php\/2026\/04\/08\/schengen-visum-blir-digitalt-hva-endres-for-reisende-fra-2026\/","og_site_name":"Nordnesrepublikken","article_published_time":"2026-04-08T12:37:54+00:00","article_modified_time":"2026-04-08T12:37:56+00:00","og_image":[{"width":1200,"height":800,"url":"https:\/\/nordnesrepublikken.no\/wp-content\/uploads\/2026\/04\/1775651875_Schengen-visum-blir-digitalt-hva-endres-for-reisende-fra-2026.jpg","type":"image\/jpeg"}],"author":"Ole Andersen","twitter_card":"summary_large_image","twitter_misc":{"Skrevet av":"Ole Andersen","Ansl. lesetid":"4 minutter"},"schema":{"@context":"https:\/\/schema.org","@graph":[{"@type":"Article","@id":"https:\/\/nordnesrepublikken.no\/index.php\/2026\/04\/08\/schengen-visum-blir-digitalt-hva-endres-for-reisende-fra-2026\/#article","isPartOf":{"@id":"https:\/\/nordnesrepublikken.no\/index.php\/2026\/04\/08\/schengen-visum-blir-digitalt-hva-endres-for-reisende-fra-2026\/"},"author":{"name":"Ole Andersen","@id":"https:\/\/nordnesrepublikken.no\/#\/schema\/person\/2e7e81935bab77882fffb79296240ff1"},"headline":"Schengen-visum blir digitalt: hva endres for reisende fra 2026","datePublished":"2026-04-08T12:37:54+00:00","dateModified":"2026-04-08T12:37:56+00:00","mainEntityOfPage":{"@id":"https:\/\/nordnesrepublikken.no\/index.php\/2026\/04\/08\/schengen-visum-blir-digitalt-hva-endres-for-reisende-fra-2026\/"},"wordCount":883,"publisher":{"@id":"https:\/\/nordnesrepublikken.no\/#organization"},"image":{"@id":"https:\/\/nordnesrepublikken.no\/index.php\/2026\/04\/08\/schengen-visum-blir-digitalt-hva-endres-for-reisende-fra-2026\/#primaryimage"},"thumbnailUrl":"https:\/\/nordnesrepublikken.no\/wp-content\/uploads\/2026\/04\/1775651875_Schengen-visum-blir-digitalt-hva-endres-for-reisende-fra-2026.jpg","keywords":["blir","digitalt","endres","fra","Hva","reisende","Schengenvisum"],"articleSection":["Livsstil"],"inLanguage":"nb-NO"},{"@type":"WebPage","@id":"https:\/\/nordnesrepublikken.no\/index.php\/2026\/04\/08\/schengen-visum-blir-digitalt-hva-endres-for-reisende-fra-2026\/","url":"https:\/\/nordnesrepublikken.no\/index.php\/2026\/04\/08\/schengen-visum-blir-digitalt-hva-endres-for-reisende-fra-2026\/","name":"Schengen-visum blir digitalt: hva endres for reisende fra 2026 - Nordnesrepublikken","isPartOf":{"@id":"https:\/\/nordnesrepublikken.no\/#website"},"primaryImageOfPage":{"@id":"https:\/\/nordnesrepublikken.no\/index.php\/2026\/04\/08\/schengen-visum-blir-digitalt-hva-endres-for-reisende-fra-2026\/#primaryimage"},"image":{"@id":"https:\/\/nordnesrepublikken.no\/index.php\/2026\/04\/08\/schengen-visum-blir-digitalt-hva-endres-for-reisende-fra-2026\/#primaryimage"},"thumbnailUrl":"https:\/\/nordnesrepublikken.no\/wp-content\/uploads\/2026\/04\/1775651875_Schengen-visum-blir-digitalt-hva-endres-for-reisende-fra-2026.jpg","datePublished":"2026-04-08T12:37:54+00:00","dateModified":"2026-04-08T12:37:56+00:00","breadcrumb":{"@id":"https:\/\/nordnesrepublikken.no\/index.php\/2026\/04\/08\/schengen-visum-blir-digitalt-hva-endres-for-reisende-fra-2026\/#breadcrumb"},"inLanguage":"nb-NO","potentialAction":[{"@type":"ReadAction","target":["https:\/\/nordnesrepublikken.no\/index.php\/2026\/04\/08\/schengen-visum-blir-digitalt-hva-endres-for-reisende-fra-2026\/"]}]},{"@type":"ImageObject","inLanguage":"nb-NO","@id":"https:\/\/nordnesrepublikken.no\/index.php\/2026\/04\/08\/schengen-visum-blir-digitalt-hva-endres-for-reisende-fra-2026\/#primaryimage","url":"https:\/\/nordnesrepublikken.no\/wp-content\/uploads\/2026\/04\/1775651875_Schengen-visum-blir-digitalt-hva-endres-for-reisende-fra-2026.jpg","contentUrl":"https:\/\/nordnesrepublikken.no\/wp-content\/uploads\/2026\/04\/1775651875_Schengen-visum-blir-digitalt-hva-endres-for-reisende-fra-2026.jpg","width":1200,"height":800,"caption":"Schengen-visum blir digitalt: hva endres for reisende fra 2026"},{"@type":"BreadcrumbList","@id":"https:\/\/nordnesrepublikken.no\/index.php\/2026\/04\/08\/schengen-visum-blir-digitalt-hva-endres-for-reisende-fra-2026\/#breadcrumb","itemListElement":[{"@type":"ListItem","position":1,"name":"Home","item":"https:\/\/nordnesrepublikken.no\/"},{"@type":"ListItem","position":2,"name":"Schengen-visum blir digitalt: hva endres for reisende fra 2026"}]},{"@type":"WebSite","@id":"https:\/\/nordnesrepublikken.no\/#website","url":"https:\/\/nordnesrepublikken.no\/","name":"Nordnesrepublikken","description":"Stemmer og Visjoner fra Republikkens Hjerte","publisher":{"@id":"https:\/\/nordnesrepublikken.no\/#organization"},"potentialAction":[{"@type":"SearchAction","target":{"@type":"EntryPoint","urlTemplate":"https:\/\/nordnesrepublikken.no\/?s={search_term_string}"},"query-input":{"@type":"PropertyValueSpecification","valueRequired":true,"valueName":"search_term_string"}}],"inLanguage":"nb-NO"},{"@type":"Organization","@id":"https:\/\/nordnesrepublikken.no\/#organization","name":"Nordnesrepublikken","url":"https:\/\/nordnesrepublikken.no\/","logo":{"@type":"ImageObject","inLanguage":"nb-NO","@id":"https:\/\/nordnesrepublikken.no\/#\/schema\/logo\/image\/","url":"https:\/\/nordnesrepublikken.no\/wp-content\/uploads\/2025\/02\/cropped-nordnesrepublikken-2.png","contentUrl":"https:\/\/nordnesrepublikken.no\/wp-content\/uploads\/2025\/02\/cropped-nordnesrepublikken-2.png","width":1248,"height":362,"caption":"Nordnesrepublikken"},"image":{"@id":"https:\/\/nordnesrepublikken.no\/#\/schema\/logo\/image\/"}},{"@type":"Person","@id":"https:\/\/nordnesrepublikken.no\/#\/schema\/person\/2e7e81935bab77882fffb79296240ff1","name":"Ole Andersen","image":{"@type":"ImageObject","inLanguage":"nb-NO","@id":"https:\/\/nordnesrepublikken.no\/#\/schema\/person\/image\/","url":"https:\/\/nordnesrepublikken.no\/wp-content\/uploads\/2025\/02\/nordnesrepublikken-2-2-150x150.jpg","contentUrl":"https:\/\/nordnesrepublikken.no\/wp-content\/uploads\/2025\/02\/nordnesrepublikken-2-2-150x150.jpg","caption":"Ole Andersen"},"description":"Ettersom jeg vokste opp i Oslo, har jeg alltid v\u00e6rt fascinert av ordenes kraft og deres evne til \u00e5 skape endringer. Etter \u00e5 ha fullf\u00f8rt min utdannelse i kommunikasjon ved Universitetet i Bergen, fikk jeg muligheten til \u00e5 jobbe innen ulike medier, der jeg har s\u00f8kt \u00e5 belyse viktige samfunnssp\u00f8rsm\u00e5l. I dag, som redakt\u00f8r for Nordnesrepublikken, pr\u00f8ver jeg \u00e5 forene min kj\u00e6rlighet for journalistikk med min lidenskap for innovasjon og eventyr.","sameAs":["https:\/\/nordnesrepublikken.no\/"]}]}},"_links":{"self":[{"href":"https:\/\/nordnesrepublikken.no\/index.php\/wp-json\/wp\/v2\/posts\/16748","targetHints":{"allow":["GET"]}}],"collection":[{"href":"https:\/\/nordnesrepublikken.no\/index.php\/wp-json\/wp\/v2\/posts"}],"about":[{"href":"https:\/\/nordnesrepublikken.no\/index.php\/wp-json\/wp\/v2\/types\/post"}],"author":[{"embeddable":true,"href":"https:\/\/nordnesrepublikken.no\/index.php\/wp-json\/wp\/v2\/users\/1"}],"replies":[{"embeddable":true,"href":"https:\/\/nordnesrepublikken.no\/index.php\/wp-json\/wp\/v2\/comments?post=16748"}],"version-history":[{"count":1,"href":"https:\/\/nordnesrepublikken.no\/index.php\/wp-json\/wp\/v2\/posts\/16748\/revisions"}],"predecessor-version":[{"id":16750,"href":"https:\/\/nordnesrepublikken.no\/index.php\/wp-json\/wp\/v2\/posts\/16748\/revisions\/16750"}],"wp:featuredmedia":[{"embeddable":true,"href":"https:\/\/nordnesrepublikken.no\/index.php\/wp-json\/wp\/v2\/media\/16749"}],"wp:attachment":[{"href":"https:\/\/nordnesrepublikken.no\/index.php\/wp-json\/wp\/v2\/media?parent=16748"}],"wp:term":[{"taxonomy":"category","embeddable":true,"href":"https:\/\/nordnesrepublikken.no\/index.php\/wp-json\/wp\/v2\/categories?post=16748"},{"taxonomy":"post_tag","embeddable":true,"href":"https:\/\/nordnesrepublikken.no\/index.php\/wp-json\/wp\/v2\/tags?post=16748"}],"curies":[{"name":"wp","href":"https:\/\/api.w.org\/{rel}","templated":true}]}}