{"id":16745,"date":"2026-04-08T13:42:53","date_gmt":"2026-04-08T11:42:53","guid":{"rendered":"https:\/\/nordnesrepublikken.no\/index.php\/2026\/04\/08\/usb-c-lading-blir-obligatorisk-i-eu-ogsa-for-baerbare-datamaskiner-fra-28-april-hva-endres\/"},"modified":"2026-04-08T13:42:58","modified_gmt":"2026-04-08T11:42:58","slug":"usb-c-lading-blir-obligatorisk-i-eu-ogsa-for-baerbare-datamaskiner-fra-28-april-hva-endres","status":"publish","type":"post","link":"https:\/\/nordnesrepublikken.no\/index.php\/2026\/04\/08\/usb-c-lading-blir-obligatorisk-i-eu-ogsa-for-baerbare-datamaskiner-fra-28-april-hva-endres\/","title":{"rendered":"USB-C-lading blir obligatorisk i EU ogs\u00e5 for b\u00e6rbare datamaskiner fra 28. april: hva endres"},"content":{"rendered":"<div>\n<div class=\"cp_wrapper cp_wrapper--fw mb-30 mb-20@tablet\">\n<figure class=\"mm\"><picture class=\"img\" style=\"padding-top:56.25%\"><source  media=\"(min-width: 1024px)\"><source  media=\"(min-width: 768px)\"><\/source><\/source><\/picture><\/figure>\n<\/p><\/div>\n<p>Fra <strong>28. april 2026<\/strong> b\u00e6rbare datamaskiner som selges i EU m\u00e5 n\u00f8dvendigvis st\u00f8tte <strong>USB-C lading<\/strong>garanterer st\u00f8tte for standarden <strong>USB-str\u00f8mforsyning<\/strong> (hvis de overstiger 15 watt effekt), m\u00e5 salgspakkene tydelig angi ladeytelsen og spesifisere om str\u00f8mforsyningen er inkludert i pakken eller ikke. N\u00e5r det gjelder dette siste punktet, vil produsenter av b\u00e6rbare PC-er m\u00e5tte garantere forbrukerne muligheten til \u00e5 kj\u00f8pe en enhet som <strong>Det er ingen lader i pakken<\/strong>.<\/p>\n<p>Nyheten kommer ikke som et lyn fra klar himmel. Scenariet vi nettopp har fortalt deg om har faktisk v\u00e6rt kjent i tre og et halvt \u00e5r og er den siste utvidelsen av en reguleringsprosess som startet med direktiv (EU) 2022\/2380, designet for \u00e5 standardisere lademetodene til b\u00e6rbare elektroniske enheter og redusere milj\u00f8p\u00e5virkningen fra ubrukte batteriladere. Dette er et direktiv godkjent av R\u00e5det for Den europeiske union i oktober 2022. Fra <strong>28. desember 2024<\/strong>ble forordningen brukt p\u00e5 smarttelefoner, nettbrett, digitale kameraer, hodetelefoner, \u00f8retelefoner, spillkonsoller, b\u00e6rbare h\u00f8yttalere, e-lesere, tastaturer, mus, b\u00e6rbare navigasjonssystemer og hodesett som selges i EU. N\u00e5 er det de b\u00e6rbare datamaskinenes tur.<\/p>\n<h2>Forskriften om USB-C for lading av b\u00e6rbare datamaskiner: hva endres fra 28. april<\/h2>\n<p>Hjertet i lovverket er basert p\u00e5 <strong>tre grunnleggende tekniske krav<\/strong>. Den f\u00f8rste er<strong>USB-C-port kreves for kabellading<\/strong>: det er en reversibel kontakt, som derfor kan settes inn i begge retninger. Det andre kravet gjelder <strong>st\u00f8tte for USB Power Delivery-standarden<\/strong> for alle enheter som overskrider <strong>15 watt effekt<\/strong>: denne teknologien, som forklart i dokumentet utarbeidet av EU-organene \u00ab<em>er i stand til \u00e5 levere opptil 100 watt effekt og gir dermed rikelig med muligheter for videreutvikling av hurtigladel\u00f8sninger<\/em>\u00bb. Det tredje elementet er \u00e5penhet overfor brukeren: emballasjen m\u00e5 tydelig angi <strong>ladeytelse<\/strong> og dessuten, <strong>spesifiser om str\u00f8mforsyningen er inkludert eller ikke<\/strong>.<\/p>\n<p>Og det er nettopp dette siste punktet som forklarer hvorfor vi i \u00f8kende grad vil se b\u00e6rbare datamaskiner selges uten lader. Lovverket krever ikke eksplisitt at det skal fjernes, dette b\u00f8r avklares. Det tvinger imidlertid produsentene til <strong>tilby minst en versjon uten str\u00f8mforsyning<\/strong>. Fra et industrielt synspunkt vil det \u00e5 opprettholde to varianter av samme produkt (derfor en med magasin og en uten) kunne f\u00f8re til \u00f8kte logistikkkostnader. Og dette kan presse det store flertallet av produsenter til \u00e5 &laquo;kutte hodet p\u00e5 oksen&raquo; ved \u00e5 tilpasse seg en enkelt versjon uten magasin, slik at brukeren f\u00e5r muligheten til \u00e5 kj\u00f8pe den separat.<\/p>\n<h2>De \u00f8konomiske og milj\u00f8messige konsekvensene av den enkle ladeporten<\/h2>\n<p>Mangelen p\u00e5 en lader i salgspakken til de neste b\u00e6rbare datamaskinene \u00e5pner for en hel rekke problemer <strong>\u00f8konomiske og milj\u00f8messige hensyn<\/strong>. Ang\u00e5ende det f\u00f8rste punktet skal det sies at de som allerede eier en USB-C-lader vil kunne slippe \u00e5 kj\u00f8pe en ekstra str\u00f8mforsyning; de som ikke eier en, vil imidlertid m\u00e5tte p\u00e5dra seg en betydelig ekstrautgift, spesielt for b\u00e6rbare datamaskiner som krever str\u00f8mforsyninger med h\u00f8y effekt. En USB-C-lader med st\u00f8tte for str\u00f8mforsyning over 100 watt kan lett overstige 40-50 euro selv i de billigste omr\u00e5dene. Lovgivningen tar imidlertid sikte p\u00e5 en samlet besparelse ansl\u00e5tt i st\u00f8rrelsesorden hundrevis av millioner euro per \u00e5r, takket v\u00e6re reduksjonen av overfl\u00f8dige kj\u00f8p.<\/p>\n<p>Et annet sentralt aspekt er milj\u00f8p\u00e5virkningen. Ubrukte ladere utgj\u00f8r en betydelig andel av elektronisk avfall: vi snakker om ca <strong>11.000 tonn i \u00e5ret<\/strong>. Ved \u00e5 oppmuntre til gjenbruk av eksisterende str\u00f8mforsyninger, tar direktivet sikte p\u00e5 \u00e5 redusere denne mengden og, f\u00f8lgelig, det \u00f8kologiske fotavtrykket knyttet til produksjon og avhending av elektroniske komponenter.<\/p>\n<h2>Unntaket fra &laquo;regelen&raquo;<\/h2>\n<p>Ikke alle b\u00e6rbare datamaskiner faller fullt ut under forpliktelsen. Forskriften gjelder for b\u00e6rbare datamaskiner som krever lading opp til 240 watt: <strong>utover denne grensen er det ingen forpliktelse til \u00e5 respektere den<\/strong>. Mer str\u00f8mkrevende enheter, for eksempel b\u00e6rbare gaming-PCer eller mobile arbeidsstasjoner med avanserte dedikerte grafikkort, krever ofte str\u00f8mforsyninger p\u00e5 250 watt eller mer. I disse tilfellene vil vi fortsette \u00e5 se propriet\u00e6re kontakter ved siden av (og ikke erstattet) av USB-C-porten.<\/p>\n<\/p><\/div>\n","protected":false},"excerpt":{"rendered":"<p>Fra 28. april 2026 b\u00e6rbare datamaskiner som selges i EU m\u00e5 n\u00f8dvendigvis st\u00f8tte USB-C ladinggaranterer<\/p>\n","protected":false},"author":1,"featured_media":16746,"comment_status":"closed","ping_status":"open","sticky":false,"template":"","format":"standard","meta":{"footnotes":""},"categories":[25],"tags":[619,4296,123,10821,4451,125,144,4083,753,10820],"class_list":["post-16745","post","type-post","status-publish","format-standard","has-post-thumbnail","hentry","category-teknologi","tag-april","tag-baerbare","tag-blir","tag-datamaskiner","tag-endres","tag-fra","tag-hva","tag-obligatorisk","tag-ogsa","tag-usbclading","generate-columns","tablet-grid-50","mobile-grid-100","grid-parent","grid-33","resize-featured-image"],"yoast_head":"<!-- This site is optimized with the Yoast SEO plugin v24.4 - https:\/\/yoast.com\/wordpress\/plugins\/seo\/ -->\n<title>USB-C-lading blir obligatorisk i EU ogs\u00e5 for b\u00e6rbare datamaskiner fra 28. april: hva endres - Nordnesrepublikken<\/title>\n<meta name=\"robots\" content=\"index, follow, max-snippet:-1, max-image-preview:large, max-video-preview:-1\" \/>\n<link rel=\"canonical\" href=\"https:\/\/nordnesrepublikken.no\/index.php\/2026\/04\/08\/usb-c-lading-blir-obligatorisk-i-eu-ogsa-for-baerbare-datamaskiner-fra-28-april-hva-endres\/\" \/>\n<meta property=\"og:locale\" content=\"nb_NO\" \/>\n<meta property=\"og:type\" content=\"article\" \/>\n<meta property=\"og:title\" content=\"USB-C-lading blir obligatorisk i EU ogs\u00e5 for b\u00e6rbare datamaskiner fra 28. april: hva endres - Nordnesrepublikken\" \/>\n<meta property=\"og:description\" content=\"Fra 28. april 2026 b\u00e6rbare datamaskiner som selges i EU m\u00e5 n\u00f8dvendigvis st\u00f8tte USB-C ladinggaranterer\" \/>\n<meta property=\"og:url\" content=\"https:\/\/nordnesrepublikken.no\/index.php\/2026\/04\/08\/usb-c-lading-blir-obligatorisk-i-eu-ogsa-for-baerbare-datamaskiner-fra-28-april-hva-endres\/\" \/>\n<meta property=\"og:site_name\" content=\"Nordnesrepublikken\" \/>\n<meta property=\"article:published_time\" content=\"2026-04-08T11:42:53+00:00\" \/>\n<meta property=\"article:modified_time\" content=\"2026-04-08T11:42:58+00:00\" \/>\n<meta property=\"og:image\" content=\"https:\/\/nordnesrepublikken.no\/wp-content\/uploads\/2026\/04\/1775648575_USB-C-lading-blir-obligatorisk-i-EU-ogsa-for-baerbare-datamaskiner-fra.jpg\" \/>\n\t<meta property=\"og:image:width\" content=\"2121\" \/>\n\t<meta property=\"og:image:height\" content=\"1414\" \/>\n\t<meta property=\"og:image:type\" content=\"image\/jpeg\" \/>\n<meta name=\"author\" content=\"Ole Andersen\" \/>\n<meta name=\"twitter:card\" content=\"summary_large_image\" \/>\n<meta name=\"twitter:label1\" content=\"Skrevet av\" \/>\n\t<meta name=\"twitter:data1\" content=\"Ole Andersen\" \/>\n\t<meta name=\"twitter:label2\" content=\"Ansl. lesetid\" \/>\n\t<meta name=\"twitter:data2\" content=\"3 minutter\" \/>\n<script type=\"application\/ld+json\" class=\"yoast-schema-graph\">{\"@context\":\"https:\/\/schema.org\",\"@graph\":[{\"@type\":\"Article\",\"@id\":\"https:\/\/nordnesrepublikken.no\/index.php\/2026\/04\/08\/usb-c-lading-blir-obligatorisk-i-eu-ogsa-for-baerbare-datamaskiner-fra-28-april-hva-endres\/#article\",\"isPartOf\":{\"@id\":\"https:\/\/nordnesrepublikken.no\/index.php\/2026\/04\/08\/usb-c-lading-blir-obligatorisk-i-eu-ogsa-for-baerbare-datamaskiner-fra-28-april-hva-endres\/\"},\"author\":{\"name\":\"Ole Andersen\",\"@id\":\"https:\/\/nordnesrepublikken.no\/#\/schema\/person\/2e7e81935bab77882fffb79296240ff1\"},\"headline\":\"USB-C-lading blir obligatorisk i EU ogs\u00e5 for b\u00e6rbare datamaskiner fra 28. april: hva endres\",\"datePublished\":\"2026-04-08T11:42:53+00:00\",\"dateModified\":\"2026-04-08T11:42:58+00:00\",\"mainEntityOfPage\":{\"@id\":\"https:\/\/nordnesrepublikken.no\/index.php\/2026\/04\/08\/usb-c-lading-blir-obligatorisk-i-eu-ogsa-for-baerbare-datamaskiner-fra-28-april-hva-endres\/\"},\"wordCount\":675,\"publisher\":{\"@id\":\"https:\/\/nordnesrepublikken.no\/#organization\"},\"image\":{\"@id\":\"https:\/\/nordnesrepublikken.no\/index.php\/2026\/04\/08\/usb-c-lading-blir-obligatorisk-i-eu-ogsa-for-baerbare-datamaskiner-fra-28-april-hva-endres\/#primaryimage\"},\"thumbnailUrl\":\"https:\/\/nordnesrepublikken.no\/wp-content\/uploads\/2026\/04\/1775648575_USB-C-lading-blir-obligatorisk-i-EU-ogsa-for-baerbare-datamaskiner-fra.jpg\",\"keywords\":[\"april\",\"b\u00e6rbare\",\"blir\",\"datamaskiner\",\"endres\",\"fra\",\"Hva\",\"obligatorisk\",\"ogs\u00e5\",\"USBClading\"],\"articleSection\":[\"Teknologi\"],\"inLanguage\":\"nb-NO\"},{\"@type\":\"WebPage\",\"@id\":\"https:\/\/nordnesrepublikken.no\/index.php\/2026\/04\/08\/usb-c-lading-blir-obligatorisk-i-eu-ogsa-for-baerbare-datamaskiner-fra-28-april-hva-endres\/\",\"url\":\"https:\/\/nordnesrepublikken.no\/index.php\/2026\/04\/08\/usb-c-lading-blir-obligatorisk-i-eu-ogsa-for-baerbare-datamaskiner-fra-28-april-hva-endres\/\",\"name\":\"USB-C-lading blir obligatorisk i EU ogs\u00e5 for b\u00e6rbare datamaskiner fra 28. april: hva endres - Nordnesrepublikken\",\"isPartOf\":{\"@id\":\"https:\/\/nordnesrepublikken.no\/#website\"},\"primaryImageOfPage\":{\"@id\":\"https:\/\/nordnesrepublikken.no\/index.php\/2026\/04\/08\/usb-c-lading-blir-obligatorisk-i-eu-ogsa-for-baerbare-datamaskiner-fra-28-april-hva-endres\/#primaryimage\"},\"image\":{\"@id\":\"https:\/\/nordnesrepublikken.no\/index.php\/2026\/04\/08\/usb-c-lading-blir-obligatorisk-i-eu-ogsa-for-baerbare-datamaskiner-fra-28-april-hva-endres\/#primaryimage\"},\"thumbnailUrl\":\"https:\/\/nordnesrepublikken.no\/wp-content\/uploads\/2026\/04\/1775648575_USB-C-lading-blir-obligatorisk-i-EU-ogsa-for-baerbare-datamaskiner-fra.jpg\",\"datePublished\":\"2026-04-08T11:42:53+00:00\",\"dateModified\":\"2026-04-08T11:42:58+00:00\",\"breadcrumb\":{\"@id\":\"https:\/\/nordnesrepublikken.no\/index.php\/2026\/04\/08\/usb-c-lading-blir-obligatorisk-i-eu-ogsa-for-baerbare-datamaskiner-fra-28-april-hva-endres\/#breadcrumb\"},\"inLanguage\":\"nb-NO\",\"potentialAction\":[{\"@type\":\"ReadAction\",\"target\":[\"https:\/\/nordnesrepublikken.no\/index.php\/2026\/04\/08\/usb-c-lading-blir-obligatorisk-i-eu-ogsa-for-baerbare-datamaskiner-fra-28-april-hva-endres\/\"]}]},{\"@type\":\"ImageObject\",\"inLanguage\":\"nb-NO\",\"@id\":\"https:\/\/nordnesrepublikken.no\/index.php\/2026\/04\/08\/usb-c-lading-blir-obligatorisk-i-eu-ogsa-for-baerbare-datamaskiner-fra-28-april-hva-endres\/#primaryimage\",\"url\":\"https:\/\/nordnesrepublikken.no\/wp-content\/uploads\/2026\/04\/1775648575_USB-C-lading-blir-obligatorisk-i-EU-ogsa-for-baerbare-datamaskiner-fra.jpg\",\"contentUrl\":\"https:\/\/nordnesrepublikken.no\/wp-content\/uploads\/2026\/04\/1775648575_USB-C-lading-blir-obligatorisk-i-EU-ogsa-for-baerbare-datamaskiner-fra.jpg\",\"width\":2121,\"height\":1414,\"caption\":\"USB-C-lading blir obligatorisk i EU ogs\u00e5 for b\u00e6rbare datamaskiner fra 28. april: hva endres\"},{\"@type\":\"BreadcrumbList\",\"@id\":\"https:\/\/nordnesrepublikken.no\/index.php\/2026\/04\/08\/usb-c-lading-blir-obligatorisk-i-eu-ogsa-for-baerbare-datamaskiner-fra-28-april-hva-endres\/#breadcrumb\",\"itemListElement\":[{\"@type\":\"ListItem\",\"position\":1,\"name\":\"Home\",\"item\":\"https:\/\/nordnesrepublikken.no\/\"},{\"@type\":\"ListItem\",\"position\":2,\"name\":\"USB-C-lading blir obligatorisk i EU ogs\u00e5 for b\u00e6rbare datamaskiner fra 28. april: hva endres\"}]},{\"@type\":\"WebSite\",\"@id\":\"https:\/\/nordnesrepublikken.no\/#website\",\"url\":\"https:\/\/nordnesrepublikken.no\/\",\"name\":\"Nordnesrepublikken\",\"description\":\"Stemmer og Visjoner fra Republikkens Hjerte\",\"publisher\":{\"@id\":\"https:\/\/nordnesrepublikken.no\/#organization\"},\"potentialAction\":[{\"@type\":\"SearchAction\",\"target\":{\"@type\":\"EntryPoint\",\"urlTemplate\":\"https:\/\/nordnesrepublikken.no\/?s={search_term_string}\"},\"query-input\":{\"@type\":\"PropertyValueSpecification\",\"valueRequired\":true,\"valueName\":\"search_term_string\"}}],\"inLanguage\":\"nb-NO\"},{\"@type\":\"Organization\",\"@id\":\"https:\/\/nordnesrepublikken.no\/#organization\",\"name\":\"Nordnesrepublikken\",\"url\":\"https:\/\/nordnesrepublikken.no\/\",\"logo\":{\"@type\":\"ImageObject\",\"inLanguage\":\"nb-NO\",\"@id\":\"https:\/\/nordnesrepublikken.no\/#\/schema\/logo\/image\/\",\"url\":\"https:\/\/nordnesrepublikken.no\/wp-content\/uploads\/2025\/02\/cropped-nordnesrepublikken-2.png\",\"contentUrl\":\"https:\/\/nordnesrepublikken.no\/wp-content\/uploads\/2025\/02\/cropped-nordnesrepublikken-2.png\",\"width\":1248,\"height\":362,\"caption\":\"Nordnesrepublikken\"},\"image\":{\"@id\":\"https:\/\/nordnesrepublikken.no\/#\/schema\/logo\/image\/\"}},{\"@type\":\"Person\",\"@id\":\"https:\/\/nordnesrepublikken.no\/#\/schema\/person\/2e7e81935bab77882fffb79296240ff1\",\"name\":\"Ole Andersen\",\"image\":{\"@type\":\"ImageObject\",\"inLanguage\":\"nb-NO\",\"@id\":\"https:\/\/nordnesrepublikken.no\/#\/schema\/person\/image\/\",\"url\":\"https:\/\/nordnesrepublikken.no\/wp-content\/uploads\/2025\/02\/nordnesrepublikken-2-2-150x150.jpg\",\"contentUrl\":\"https:\/\/nordnesrepublikken.no\/wp-content\/uploads\/2025\/02\/nordnesrepublikken-2-2-150x150.jpg\",\"caption\":\"Ole Andersen\"},\"description\":\"Ettersom jeg vokste opp i Oslo, har jeg alltid v\u00e6rt fascinert av ordenes kraft og deres evne til \u00e5 skape endringer. Etter \u00e5 ha fullf\u00f8rt min utdannelse i kommunikasjon ved Universitetet i Bergen, fikk jeg muligheten til \u00e5 jobbe innen ulike medier, der jeg har s\u00f8kt \u00e5 belyse viktige samfunnssp\u00f8rsm\u00e5l. I dag, som redakt\u00f8r for Nordnesrepublikken, pr\u00f8ver jeg \u00e5 forene min kj\u00e6rlighet for journalistikk med min lidenskap for innovasjon og eventyr.\",\"sameAs\":[\"https:\/\/nordnesrepublikken.no\/\"]}]}<\/script>\n<!-- \/ Yoast SEO plugin. -->","yoast_head_json":{"title":"USB-C-lading blir obligatorisk i EU ogs\u00e5 for b\u00e6rbare datamaskiner fra 28. april: hva endres - Nordnesrepublikken","robots":{"index":"index","follow":"follow","max-snippet":"max-snippet:-1","max-image-preview":"max-image-preview:large","max-video-preview":"max-video-preview:-1"},"canonical":"https:\/\/nordnesrepublikken.no\/index.php\/2026\/04\/08\/usb-c-lading-blir-obligatorisk-i-eu-ogsa-for-baerbare-datamaskiner-fra-28-april-hva-endres\/","og_locale":"nb_NO","og_type":"article","og_title":"USB-C-lading blir obligatorisk i EU ogs\u00e5 for b\u00e6rbare datamaskiner fra 28. april: hva endres - Nordnesrepublikken","og_description":"Fra 28. april 2026 b\u00e6rbare datamaskiner som selges i EU m\u00e5 n\u00f8dvendigvis st\u00f8tte USB-C ladinggaranterer","og_url":"https:\/\/nordnesrepublikken.no\/index.php\/2026\/04\/08\/usb-c-lading-blir-obligatorisk-i-eu-ogsa-for-baerbare-datamaskiner-fra-28-april-hva-endres\/","og_site_name":"Nordnesrepublikken","article_published_time":"2026-04-08T11:42:53+00:00","article_modified_time":"2026-04-08T11:42:58+00:00","og_image":[{"width":2121,"height":1414,"url":"https:\/\/nordnesrepublikken.no\/wp-content\/uploads\/2026\/04\/1775648575_USB-C-lading-blir-obligatorisk-i-EU-ogsa-for-baerbare-datamaskiner-fra.jpg","type":"image\/jpeg"}],"author":"Ole Andersen","twitter_card":"summary_large_image","twitter_misc":{"Skrevet av":"Ole Andersen","Ansl. lesetid":"3 minutter"},"schema":{"@context":"https:\/\/schema.org","@graph":[{"@type":"Article","@id":"https:\/\/nordnesrepublikken.no\/index.php\/2026\/04\/08\/usb-c-lading-blir-obligatorisk-i-eu-ogsa-for-baerbare-datamaskiner-fra-28-april-hva-endres\/#article","isPartOf":{"@id":"https:\/\/nordnesrepublikken.no\/index.php\/2026\/04\/08\/usb-c-lading-blir-obligatorisk-i-eu-ogsa-for-baerbare-datamaskiner-fra-28-april-hva-endres\/"},"author":{"name":"Ole Andersen","@id":"https:\/\/nordnesrepublikken.no\/#\/schema\/person\/2e7e81935bab77882fffb79296240ff1"},"headline":"USB-C-lading blir obligatorisk i EU ogs\u00e5 for b\u00e6rbare datamaskiner fra 28. april: hva endres","datePublished":"2026-04-08T11:42:53+00:00","dateModified":"2026-04-08T11:42:58+00:00","mainEntityOfPage":{"@id":"https:\/\/nordnesrepublikken.no\/index.php\/2026\/04\/08\/usb-c-lading-blir-obligatorisk-i-eu-ogsa-for-baerbare-datamaskiner-fra-28-april-hva-endres\/"},"wordCount":675,"publisher":{"@id":"https:\/\/nordnesrepublikken.no\/#organization"},"image":{"@id":"https:\/\/nordnesrepublikken.no\/index.php\/2026\/04\/08\/usb-c-lading-blir-obligatorisk-i-eu-ogsa-for-baerbare-datamaskiner-fra-28-april-hva-endres\/#primaryimage"},"thumbnailUrl":"https:\/\/nordnesrepublikken.no\/wp-content\/uploads\/2026\/04\/1775648575_USB-C-lading-blir-obligatorisk-i-EU-ogsa-for-baerbare-datamaskiner-fra.jpg","keywords":["april","b\u00e6rbare","blir","datamaskiner","endres","fra","Hva","obligatorisk","ogs\u00e5","USBClading"],"articleSection":["Teknologi"],"inLanguage":"nb-NO"},{"@type":"WebPage","@id":"https:\/\/nordnesrepublikken.no\/index.php\/2026\/04\/08\/usb-c-lading-blir-obligatorisk-i-eu-ogsa-for-baerbare-datamaskiner-fra-28-april-hva-endres\/","url":"https:\/\/nordnesrepublikken.no\/index.php\/2026\/04\/08\/usb-c-lading-blir-obligatorisk-i-eu-ogsa-for-baerbare-datamaskiner-fra-28-april-hva-endres\/","name":"USB-C-lading blir obligatorisk i EU ogs\u00e5 for b\u00e6rbare datamaskiner fra 28. april: hva endres - Nordnesrepublikken","isPartOf":{"@id":"https:\/\/nordnesrepublikken.no\/#website"},"primaryImageOfPage":{"@id":"https:\/\/nordnesrepublikken.no\/index.php\/2026\/04\/08\/usb-c-lading-blir-obligatorisk-i-eu-ogsa-for-baerbare-datamaskiner-fra-28-april-hva-endres\/#primaryimage"},"image":{"@id":"https:\/\/nordnesrepublikken.no\/index.php\/2026\/04\/08\/usb-c-lading-blir-obligatorisk-i-eu-ogsa-for-baerbare-datamaskiner-fra-28-april-hva-endres\/#primaryimage"},"thumbnailUrl":"https:\/\/nordnesrepublikken.no\/wp-content\/uploads\/2026\/04\/1775648575_USB-C-lading-blir-obligatorisk-i-EU-ogsa-for-baerbare-datamaskiner-fra.jpg","datePublished":"2026-04-08T11:42:53+00:00","dateModified":"2026-04-08T11:42:58+00:00","breadcrumb":{"@id":"https:\/\/nordnesrepublikken.no\/index.php\/2026\/04\/08\/usb-c-lading-blir-obligatorisk-i-eu-ogsa-for-baerbare-datamaskiner-fra-28-april-hva-endres\/#breadcrumb"},"inLanguage":"nb-NO","potentialAction":[{"@type":"ReadAction","target":["https:\/\/nordnesrepublikken.no\/index.php\/2026\/04\/08\/usb-c-lading-blir-obligatorisk-i-eu-ogsa-for-baerbare-datamaskiner-fra-28-april-hva-endres\/"]}]},{"@type":"ImageObject","inLanguage":"nb-NO","@id":"https:\/\/nordnesrepublikken.no\/index.php\/2026\/04\/08\/usb-c-lading-blir-obligatorisk-i-eu-ogsa-for-baerbare-datamaskiner-fra-28-april-hva-endres\/#primaryimage","url":"https:\/\/nordnesrepublikken.no\/wp-content\/uploads\/2026\/04\/1775648575_USB-C-lading-blir-obligatorisk-i-EU-ogsa-for-baerbare-datamaskiner-fra.jpg","contentUrl":"https:\/\/nordnesrepublikken.no\/wp-content\/uploads\/2026\/04\/1775648575_USB-C-lading-blir-obligatorisk-i-EU-ogsa-for-baerbare-datamaskiner-fra.jpg","width":2121,"height":1414,"caption":"USB-C-lading blir obligatorisk i EU ogs\u00e5 for b\u00e6rbare datamaskiner fra 28. april: hva endres"},{"@type":"BreadcrumbList","@id":"https:\/\/nordnesrepublikken.no\/index.php\/2026\/04\/08\/usb-c-lading-blir-obligatorisk-i-eu-ogsa-for-baerbare-datamaskiner-fra-28-april-hva-endres\/#breadcrumb","itemListElement":[{"@type":"ListItem","position":1,"name":"Home","item":"https:\/\/nordnesrepublikken.no\/"},{"@type":"ListItem","position":2,"name":"USB-C-lading blir obligatorisk i EU ogs\u00e5 for b\u00e6rbare datamaskiner fra 28. april: hva endres"}]},{"@type":"WebSite","@id":"https:\/\/nordnesrepublikken.no\/#website","url":"https:\/\/nordnesrepublikken.no\/","name":"Nordnesrepublikken","description":"Stemmer og Visjoner fra Republikkens Hjerte","publisher":{"@id":"https:\/\/nordnesrepublikken.no\/#organization"},"potentialAction":[{"@type":"SearchAction","target":{"@type":"EntryPoint","urlTemplate":"https:\/\/nordnesrepublikken.no\/?s={search_term_string}"},"query-input":{"@type":"PropertyValueSpecification","valueRequired":true,"valueName":"search_term_string"}}],"inLanguage":"nb-NO"},{"@type":"Organization","@id":"https:\/\/nordnesrepublikken.no\/#organization","name":"Nordnesrepublikken","url":"https:\/\/nordnesrepublikken.no\/","logo":{"@type":"ImageObject","inLanguage":"nb-NO","@id":"https:\/\/nordnesrepublikken.no\/#\/schema\/logo\/image\/","url":"https:\/\/nordnesrepublikken.no\/wp-content\/uploads\/2025\/02\/cropped-nordnesrepublikken-2.png","contentUrl":"https:\/\/nordnesrepublikken.no\/wp-content\/uploads\/2025\/02\/cropped-nordnesrepublikken-2.png","width":1248,"height":362,"caption":"Nordnesrepublikken"},"image":{"@id":"https:\/\/nordnesrepublikken.no\/#\/schema\/logo\/image\/"}},{"@type":"Person","@id":"https:\/\/nordnesrepublikken.no\/#\/schema\/person\/2e7e81935bab77882fffb79296240ff1","name":"Ole Andersen","image":{"@type":"ImageObject","inLanguage":"nb-NO","@id":"https:\/\/nordnesrepublikken.no\/#\/schema\/person\/image\/","url":"https:\/\/nordnesrepublikken.no\/wp-content\/uploads\/2025\/02\/nordnesrepublikken-2-2-150x150.jpg","contentUrl":"https:\/\/nordnesrepublikken.no\/wp-content\/uploads\/2025\/02\/nordnesrepublikken-2-2-150x150.jpg","caption":"Ole Andersen"},"description":"Ettersom jeg vokste opp i Oslo, har jeg alltid v\u00e6rt fascinert av ordenes kraft og deres evne til \u00e5 skape endringer. Etter \u00e5 ha fullf\u00f8rt min utdannelse i kommunikasjon ved Universitetet i Bergen, fikk jeg muligheten til \u00e5 jobbe innen ulike medier, der jeg har s\u00f8kt \u00e5 belyse viktige samfunnssp\u00f8rsm\u00e5l. I dag, som redakt\u00f8r for Nordnesrepublikken, pr\u00f8ver jeg \u00e5 forene min kj\u00e6rlighet for journalistikk med min lidenskap for innovasjon og eventyr.","sameAs":["https:\/\/nordnesrepublikken.no\/"]}]}},"_links":{"self":[{"href":"https:\/\/nordnesrepublikken.no\/index.php\/wp-json\/wp\/v2\/posts\/16745","targetHints":{"allow":["GET"]}}],"collection":[{"href":"https:\/\/nordnesrepublikken.no\/index.php\/wp-json\/wp\/v2\/posts"}],"about":[{"href":"https:\/\/nordnesrepublikken.no\/index.php\/wp-json\/wp\/v2\/types\/post"}],"author":[{"embeddable":true,"href":"https:\/\/nordnesrepublikken.no\/index.php\/wp-json\/wp\/v2\/users\/1"}],"replies":[{"embeddable":true,"href":"https:\/\/nordnesrepublikken.no\/index.php\/wp-json\/wp\/v2\/comments?post=16745"}],"version-history":[{"count":1,"href":"https:\/\/nordnesrepublikken.no\/index.php\/wp-json\/wp\/v2\/posts\/16745\/revisions"}],"predecessor-version":[{"id":16747,"href":"https:\/\/nordnesrepublikken.no\/index.php\/wp-json\/wp\/v2\/posts\/16745\/revisions\/16747"}],"wp:featuredmedia":[{"embeddable":true,"href":"https:\/\/nordnesrepublikken.no\/index.php\/wp-json\/wp\/v2\/media\/16746"}],"wp:attachment":[{"href":"https:\/\/nordnesrepublikken.no\/index.php\/wp-json\/wp\/v2\/media?parent=16745"}],"wp:term":[{"taxonomy":"category","embeddable":true,"href":"https:\/\/nordnesrepublikken.no\/index.php\/wp-json\/wp\/v2\/categories?post=16745"},{"taxonomy":"post_tag","embeddable":true,"href":"https:\/\/nordnesrepublikken.no\/index.php\/wp-json\/wp\/v2\/tags?post=16745"}],"curies":[{"name":"wp","href":"https:\/\/api.w.org\/{rel}","templated":true}]}}