{"id":16742,"date":"2026-04-08T12:47:00","date_gmt":"2026-04-08T10:47:00","guid":{"rendered":"https:\/\/nordnesrepublikken.no\/index.php\/2026\/04\/08\/fronten-strekker-seg-4-km\/"},"modified":"2026-04-08T12:47:03","modified_gmt":"2026-04-08T10:47:03","slug":"fronten-strekker-seg-4-km","status":"publish","type":"post","link":"https:\/\/nordnesrepublikken.no\/index.php\/2026\/04\/08\/fronten-strekker-seg-4-km\/","title":{"rendered":"fronten strekker seg 4 km"},"content":{"rendered":"<div>\n<div class=\"cp_wrapper cp_wrapper--fw mb-30 mb-20@tablet\">\n<figure class=\"mm\"><picture class=\"img\" style=\"padding-top:56.25%\"><source  media=\"(min-width: 1024px)\"><source  media=\"(min-width: 768px)\"><\/source><\/source><\/picture><\/figure>\n<\/p><\/div>\n<p>Der <strong>Petacciato-skred<\/strong>i provinsen <strong>Campobasso <\/strong>(Molise) ja <strong>reaktivert, <\/strong>for\u00e5rsaker<strong>avbrudd i en del av motorveien A14<\/strong> og av <strong>SS16<\/strong> Adriatica, i tillegg til suspensjon av jernbanetrafikk langs <strong>linje<\/strong> som forbinder Abruzzo og Molise. Skredfronten, <strong>en av de st\u00f8rste i Europa<\/strong> og aktiv i mer enn 100 \u00e5r, ble den reaktivert i g\u00e5r 7. april 2026, etter at omr\u00e5det de siste dagene ble truffet av syklonen Erminio som f\u00f8rte med seg d\u00e5rlig v\u00e6r og ansamlinger av regn som oversteg <strong>200 mm<\/strong>.<\/p>\n<p>Som ogs\u00e5 rapportert av CNRs Polaris-prosjekt, skyldes skredet &#8211; som n\u00e5 strekker seg over 4 km &#8211; pga. <strong>slip<\/strong> av konglomerater og sandholdige avsetninger langs de underliggende leirholdige niv\u00e5ene. Av f\u00f8re-var grunner, 50 innbyggere av <strong>Petacciato<\/strong> ble evakuert, mens flere <strong>gater<\/strong> blir avbrutt av <strong>voller<\/strong> som har n\u00e5dd h\u00f8yder p\u00e5 opptil en meter. For i dag, 8. april, har prefekturet Campobasso suspendert alle skoleaktiviteter, samt undervisning ved Universitetet i Molise.<\/p>\n<div class=\"cp_wrapper cp_wrapper--fw mb-50\">\n<figure class=\"mm\"><picture class=\"img\" style=\"padding-top:74.895977808599%\"><source  media=\"(min-width: 1024px)\"><source  media=\"(min-width: 768px)\"><img decoding=\"async\" loading=\"lazy\" src=\"https:\/\/nordnesrepublikken.no\/wp-content\/uploads\/2026\/04\/1775645219_565_fronten-strekker-seg-4-km.jpg\" alt=\"petacciato-skred 3\" width=\"1442\" height=\"1080\"\/><\/source><\/source><\/picture><\/figure>\n<\/p><\/div>\n<p>Som bekreftet av sjefen for sivilbeskyttelsesavdelingen, <strong>Fabio Ciciliano<\/strong>vil v\u00e6re n\u00f8dvendig for fullstendig gjenoppretting av trafikken<strong> flere uker<\/strong>om ikke m\u00e5neder: i l\u00f8pet av 1900-tallet ble Petacciato-skredet, et av de st\u00f8rste i Europa, aktivert <strong>mer enn ti ganger.<\/strong><\/p>\n<p>For \u00f8yeblikket har departementet for sivilbeskyttelse bekreftet at det f\u00f8lger n\u00f8ye med p\u00e5 utviklingen av skredet, i n\u00e6rt samarbeid med regionene og med de territorielle og lokale myndighetene som er ber\u00f8rt av hendelsen.<\/p>\n<h2>Konsekvensene av Petacciato-skredet<\/h2>\n<p>De siste timene har skredbevegelsen i Petacciato kommune fortsatt og strekker seg n\u00e5 i ca.<strong> 4 km<\/strong>: den<strong>geomorfologisk evolusjon<\/strong> av dette skredet er preget av en <strong>retrogressiv bevegelse<\/strong> (dvs. som p\u00e5virker deler av land i \u00f8kende grad oppstr\u00f8ms mot byen), og fra en <strong>slip<\/strong> bredere mot havet.<\/p>\n<p>Leder for sivilbeskyttelsesavdelingen, <strong>Fabio Ciciliano<\/strong>erkl\u00e6rte at det for \u00f8yeblikket vil finne sted \u00aben innledende vurdering av skredbevegelsens konsistens\u00bb, for s\u00e5 \u00e5 kunne handle for \u00e5 sikre territoriet.<\/p>\n<p>Reaktiveringen av skredbevegelsen hadde ogs\u00e5 stor innvirkning p\u00e5 en av de <strong>strategiske noder<\/strong> av forbindelsene mellom <strong>Nord og S\u00f8r<\/strong> av halv\u00f8ya. Mer spesifikt<strong>motorvei A14<\/strong> var stengt i begge retninger i strekningen mellom <strong>Vasto Sud og Termoli<\/strong>etter at sensorene installert langs skredfronten oppdaget de f\u00f8rste bevegelsene til bakken. Noen ville ha dannet seg p\u00e5 veibanen <strong>skader<\/strong> og brudd, for \u00f8yeblikket under verifisering av teknikere.<\/p>\n<p>Til \u00e5 forverre bildet er det faktum at selv <strong>State Road 16 Adriatica<\/strong> hadde allerede blitt avbrutt de siste dagene, etter at <strong>kollaps av viadukten over Trigno-elven<\/strong> i lokaliteten <strong>Montenero di Bisaccia<\/strong>som skjedde p\u00e5 grunn av forrige ukes b\u00f8lge med d\u00e5rlig v\u00e6r. Dette betyr at de to hovedveiene p\u00e5 Adriaterhavskysten er ubrukelige i samme punkt, og tvinger bilistene til \u00e5 foreta lange omveier innover i landet, hvor veiene sliter med \u00e5 t\u00e5le trafikkmengden, spesielt tungtrafikken.<\/p>\n<div class=\"cp_wrapper cp_wrapper--fw mb-50\">\n<figure class=\"mm\"><picture class=\"img\" style=\"padding-top:74.895977808599%\"><source  media=\"(min-width: 1024px)\"><source  media=\"(min-width: 768px)\"><img decoding=\"async\" loading=\"lazy\" src=\"https:\/\/nordnesrepublikken.no\/wp-content\/uploads\/2026\/04\/1775645219_123_fronten-strekker-seg-4-km.jpg\" alt=\"petacciato-skred 5\" width=\"1442\" height=\"1080\" class=\"js-seedtag-img\"\/><\/source><\/source><\/picture><\/figure>\n<\/p><\/div>\n<p>Selv <strong>Adriaterhavets jernbanelinje<\/strong> ble suspendert mellom <strong>Termoli og Vasto-San Salvo<\/strong>med i <strong>spor deformert med omtrent ti centimeter<\/strong> nettopp p\u00e5 grunn av skr\u00e5ningens bevegelse. Tusenvis av passasjerer forble strandet p\u00e5 stasjonene Termoli, Vasto-San Salvo og Foggia.<\/p>\n<p>I de siste timene, ved slutten av inspeksjonen, presidenten i Molise-regionen<strong> Francesco Roberti <\/strong>han erkl\u00e6rte at \u00abdet er ikke lett \u00e5 gripe inn<strong> p\u00e5 skred av denne st\u00f8rrelsesorden<\/strong>spesielt n\u00e5r de fokuserer p\u00e5 bebodde sentre og grunnleggende veiforbindelser. I dag m\u00f8tes vi<strong> st\u00e5r overfor en situasjon som effektivt deler landet i to.<\/strong> <strong>Prioriteten er \u00e5 h\u00e5ndtere krisen<\/strong>\u00bb.<\/p>\n<h2>Petacciato-skredfronten er blant de st\u00f8rste i Europa<\/h2>\n<p>Som forventet er skredfronten Petacciato en av de<strong> mer omfattende p\u00e5 europeisk niv\u00e5<\/strong>aktiv i over et \u00e5rhundre og godt dokumentert av en rekke geologiske studier. Fra et geologisk synspunkt er det litt av et skred <strong>kompleks<\/strong>som best\u00e5r av forskjellige deler av territoriet der noen <strong>historiske skredkropper<\/strong> de reaktiveres av og til over tid. Nettopp derfor er det teknisk definert som en <strong>\u00abintermitterende\u00bb skred<\/strong>det vil si en forstyrrelse som veksler lange faser av tilsynelatende stabilitet med plutselige reaktiveringer, vanligvis utl\u00f8st av perioder med intenst regn og d\u00e5rlig v\u00e6r.<\/p>\n<p>I praksis betyr det derfor at det er umulig \u00e5 gripe inn <strong>for definitivt \u00e5 blokkere skredet,<\/strong> men effektene kan ganske enkelt dempes.<\/p>\n<div class=\"cp_wrapper cp_wrapper--fw mb-50\">\n<figure class=\"mm\"><picture class=\"img\" style=\"padding-top:56.25%\"><source  media=\"(min-width: 1024px)\"><source  media=\"(min-width: 768px)\"><img decoding=\"async\" loading=\"lazy\" src=\"https:\/\/nordnesrepublikken.no\/wp-content\/uploads\/2026\/04\/1775645220_651_fronten-strekker-seg-4-km.jpg\" alt=\"petacciato-skred 4\" width=\"1920\" height=\"1080\"\/><\/source><\/source><\/picture><\/figure>\n<\/p><\/div>\n<p>Og det gj\u00f8r jeg ogs\u00e5 <strong>historiske presedenser<\/strong> er mange og, ikke overraskende, ble det allerede i 1963 godkjent et dekret som ga flytting av byen. Mellom <strong>1906 og 2015<\/strong> har blitt registrert minst <strong>15 skredepisoder<\/strong> betydelig, nesten alltid sammenfallende med faser med alvorlig d\u00e5rlig v\u00e6r. Den siste viktige reaktiveringen dateres tilbake til <strong>mars 2015<\/strong>da bevegelsen av bakken for\u00e5rsaket den neste <strong>riving av noen boliger<\/strong> av den gamle landsbyen.<\/p>\n<p>Siden den gang har omr\u00e5det v\u00e6rt konstant overv\u00e5ket av en <strong>sensorsystem<\/strong> dedikert &#8211; som tirsdag morgen gjorde det mulig \u00e5 sette i gang varselet i tide for \u00e5 stenge motorveien og jernbanelinjen og unng\u00e5 ofre eller st\u00f8rre skader &#8211; mens byggingen av en <strong>prosjekt av<\/strong> <strong>gjort trygt<\/strong> verdt ca <strong>27 millioner euro <\/strong>som inneb\u00e6rer opprettelse av <strong>store dreneringsbr\u00f8nner<\/strong> \u00e5 avskj\u00e6re og regulere underjordiske vannstr\u00f8mmer, ansett som hovedfaktoren som gir drivstoff til skr\u00e5ning.<\/p>\n<\/p><\/div>\n","protected":false},"excerpt":{"rendered":"<p>Der Petacciato-skredi provinsen Campobasso (Molise) ja reaktivert, for\u00e5rsakeravbrudd i en del av motorveien A14 og<\/p>\n","protected":false},"author":1,"featured_media":16743,"comment_status":"closed","ping_status":"open","sticky":false,"template":"","format":"standard","meta":{"footnotes":""},"categories":[24],"tags":[9311,96,5318],"class_list":["post-16742","post","type-post","status-publish","format-standard","has-post-thumbnail","hentry","category-vitenskap","tag-fronten","tag-seg","tag-strekker","generate-columns","tablet-grid-50","mobile-grid-100","grid-parent","grid-33","resize-featured-image"],"yoast_head":"<!-- This site is optimized with the Yoast SEO plugin v24.4 - https:\/\/yoast.com\/wordpress\/plugins\/seo\/ -->\n<title>fronten strekker seg 4 km - Nordnesrepublikken<\/title>\n<meta name=\"robots\" content=\"index, follow, max-snippet:-1, max-image-preview:large, max-video-preview:-1\" \/>\n<link rel=\"canonical\" href=\"https:\/\/nordnesrepublikken.no\/index.php\/2026\/04\/08\/fronten-strekker-seg-4-km\/\" \/>\n<meta property=\"og:locale\" content=\"nb_NO\" \/>\n<meta property=\"og:type\" content=\"article\" \/>\n<meta property=\"og:title\" content=\"fronten strekker seg 4 km - Nordnesrepublikken\" \/>\n<meta property=\"og:description\" content=\"Der Petacciato-skredi provinsen Campobasso (Molise) ja reaktivert, for\u00e5rsakeravbrudd i en del av motorveien A14 og\" \/>\n<meta property=\"og:url\" content=\"https:\/\/nordnesrepublikken.no\/index.php\/2026\/04\/08\/fronten-strekker-seg-4-km\/\" \/>\n<meta property=\"og:site_name\" content=\"Nordnesrepublikken\" \/>\n<meta property=\"article:published_time\" content=\"2026-04-08T10:47:00+00:00\" \/>\n<meta property=\"article:modified_time\" content=\"2026-04-08T10:47:03+00:00\" \/>\n<meta property=\"og:image\" content=\"https:\/\/nordnesrepublikken.no\/wp-content\/uploads\/2026\/04\/1775645222_fronten-strekker-seg-4-km.jpg\" \/>\n\t<meta property=\"og:image:width\" content=\"1442\" \/>\n\t<meta property=\"og:image:height\" content=\"1080\" \/>\n\t<meta property=\"og:image:type\" content=\"image\/jpeg\" \/>\n<meta name=\"author\" content=\"Ole Andersen\" \/>\n<meta name=\"twitter:card\" content=\"summary_large_image\" \/>\n<meta name=\"twitter:label1\" content=\"Skrevet av\" \/>\n\t<meta name=\"twitter:data1\" content=\"Ole Andersen\" \/>\n\t<meta name=\"twitter:label2\" content=\"Ansl. lesetid\" \/>\n\t<meta name=\"twitter:data2\" content=\"4 minutter\" \/>\n<script type=\"application\/ld+json\" class=\"yoast-schema-graph\">{\"@context\":\"https:\/\/schema.org\",\"@graph\":[{\"@type\":\"Article\",\"@id\":\"https:\/\/nordnesrepublikken.no\/index.php\/2026\/04\/08\/fronten-strekker-seg-4-km\/#article\",\"isPartOf\":{\"@id\":\"https:\/\/nordnesrepublikken.no\/index.php\/2026\/04\/08\/fronten-strekker-seg-4-km\/\"},\"author\":{\"name\":\"Ole Andersen\",\"@id\":\"https:\/\/nordnesrepublikken.no\/#\/schema\/person\/2e7e81935bab77882fffb79296240ff1\"},\"headline\":\"fronten strekker seg 4 km\",\"datePublished\":\"2026-04-08T10:47:00+00:00\",\"dateModified\":\"2026-04-08T10:47:03+00:00\",\"mainEntityOfPage\":{\"@id\":\"https:\/\/nordnesrepublikken.no\/index.php\/2026\/04\/08\/fronten-strekker-seg-4-km\/\"},\"wordCount\":814,\"publisher\":{\"@id\":\"https:\/\/nordnesrepublikken.no\/#organization\"},\"image\":{\"@id\":\"https:\/\/nordnesrepublikken.no\/index.php\/2026\/04\/08\/fronten-strekker-seg-4-km\/#primaryimage\"},\"thumbnailUrl\":\"https:\/\/nordnesrepublikken.no\/wp-content\/uploads\/2026\/04\/1775645222_fronten-strekker-seg-4-km.jpg\",\"keywords\":[\"fronten\",\"seg\",\"strekker\"],\"articleSection\":[\"Vitenskap\"],\"inLanguage\":\"nb-NO\"},{\"@type\":\"WebPage\",\"@id\":\"https:\/\/nordnesrepublikken.no\/index.php\/2026\/04\/08\/fronten-strekker-seg-4-km\/\",\"url\":\"https:\/\/nordnesrepublikken.no\/index.php\/2026\/04\/08\/fronten-strekker-seg-4-km\/\",\"name\":\"fronten strekker seg 4 km - Nordnesrepublikken\",\"isPartOf\":{\"@id\":\"https:\/\/nordnesrepublikken.no\/#website\"},\"primaryImageOfPage\":{\"@id\":\"https:\/\/nordnesrepublikken.no\/index.php\/2026\/04\/08\/fronten-strekker-seg-4-km\/#primaryimage\"},\"image\":{\"@id\":\"https:\/\/nordnesrepublikken.no\/index.php\/2026\/04\/08\/fronten-strekker-seg-4-km\/#primaryimage\"},\"thumbnailUrl\":\"https:\/\/nordnesrepublikken.no\/wp-content\/uploads\/2026\/04\/1775645222_fronten-strekker-seg-4-km.jpg\",\"datePublished\":\"2026-04-08T10:47:00+00:00\",\"dateModified\":\"2026-04-08T10:47:03+00:00\",\"breadcrumb\":{\"@id\":\"https:\/\/nordnesrepublikken.no\/index.php\/2026\/04\/08\/fronten-strekker-seg-4-km\/#breadcrumb\"},\"inLanguage\":\"nb-NO\",\"potentialAction\":[{\"@type\":\"ReadAction\",\"target\":[\"https:\/\/nordnesrepublikken.no\/index.php\/2026\/04\/08\/fronten-strekker-seg-4-km\/\"]}]},{\"@type\":\"ImageObject\",\"inLanguage\":\"nb-NO\",\"@id\":\"https:\/\/nordnesrepublikken.no\/index.php\/2026\/04\/08\/fronten-strekker-seg-4-km\/#primaryimage\",\"url\":\"https:\/\/nordnesrepublikken.no\/wp-content\/uploads\/2026\/04\/1775645222_fronten-strekker-seg-4-km.jpg\",\"contentUrl\":\"https:\/\/nordnesrepublikken.no\/wp-content\/uploads\/2026\/04\/1775645222_fronten-strekker-seg-4-km.jpg\",\"width\":1442,\"height\":1080,\"caption\":\"fronten strekker seg 4 km\"},{\"@type\":\"BreadcrumbList\",\"@id\":\"https:\/\/nordnesrepublikken.no\/index.php\/2026\/04\/08\/fronten-strekker-seg-4-km\/#breadcrumb\",\"itemListElement\":[{\"@type\":\"ListItem\",\"position\":1,\"name\":\"Home\",\"item\":\"https:\/\/nordnesrepublikken.no\/\"},{\"@type\":\"ListItem\",\"position\":2,\"name\":\"fronten strekker seg 4 km\"}]},{\"@type\":\"WebSite\",\"@id\":\"https:\/\/nordnesrepublikken.no\/#website\",\"url\":\"https:\/\/nordnesrepublikken.no\/\",\"name\":\"Nordnesrepublikken\",\"description\":\"Stemmer og Visjoner fra Republikkens Hjerte\",\"publisher\":{\"@id\":\"https:\/\/nordnesrepublikken.no\/#organization\"},\"potentialAction\":[{\"@type\":\"SearchAction\",\"target\":{\"@type\":\"EntryPoint\",\"urlTemplate\":\"https:\/\/nordnesrepublikken.no\/?s={search_term_string}\"},\"query-input\":{\"@type\":\"PropertyValueSpecification\",\"valueRequired\":true,\"valueName\":\"search_term_string\"}}],\"inLanguage\":\"nb-NO\"},{\"@type\":\"Organization\",\"@id\":\"https:\/\/nordnesrepublikken.no\/#organization\",\"name\":\"Nordnesrepublikken\",\"url\":\"https:\/\/nordnesrepublikken.no\/\",\"logo\":{\"@type\":\"ImageObject\",\"inLanguage\":\"nb-NO\",\"@id\":\"https:\/\/nordnesrepublikken.no\/#\/schema\/logo\/image\/\",\"url\":\"https:\/\/nordnesrepublikken.no\/wp-content\/uploads\/2025\/02\/cropped-nordnesrepublikken-2.png\",\"contentUrl\":\"https:\/\/nordnesrepublikken.no\/wp-content\/uploads\/2025\/02\/cropped-nordnesrepublikken-2.png\",\"width\":1248,\"height\":362,\"caption\":\"Nordnesrepublikken\"},\"image\":{\"@id\":\"https:\/\/nordnesrepublikken.no\/#\/schema\/logo\/image\/\"}},{\"@type\":\"Person\",\"@id\":\"https:\/\/nordnesrepublikken.no\/#\/schema\/person\/2e7e81935bab77882fffb79296240ff1\",\"name\":\"Ole Andersen\",\"image\":{\"@type\":\"ImageObject\",\"inLanguage\":\"nb-NO\",\"@id\":\"https:\/\/nordnesrepublikken.no\/#\/schema\/person\/image\/\",\"url\":\"https:\/\/nordnesrepublikken.no\/wp-content\/uploads\/2025\/02\/nordnesrepublikken-2-2-150x150.jpg\",\"contentUrl\":\"https:\/\/nordnesrepublikken.no\/wp-content\/uploads\/2025\/02\/nordnesrepublikken-2-2-150x150.jpg\",\"caption\":\"Ole Andersen\"},\"description\":\"Ettersom jeg vokste opp i Oslo, har jeg alltid v\u00e6rt fascinert av ordenes kraft og deres evne til \u00e5 skape endringer. Etter \u00e5 ha fullf\u00f8rt min utdannelse i kommunikasjon ved Universitetet i Bergen, fikk jeg muligheten til \u00e5 jobbe innen ulike medier, der jeg har s\u00f8kt \u00e5 belyse viktige samfunnssp\u00f8rsm\u00e5l. I dag, som redakt\u00f8r for Nordnesrepublikken, pr\u00f8ver jeg \u00e5 forene min kj\u00e6rlighet for journalistikk med min lidenskap for innovasjon og eventyr.\",\"sameAs\":[\"https:\/\/nordnesrepublikken.no\/\"]}]}<\/script>\n<!-- \/ Yoast SEO plugin. -->","yoast_head_json":{"title":"fronten strekker seg 4 km - Nordnesrepublikken","robots":{"index":"index","follow":"follow","max-snippet":"max-snippet:-1","max-image-preview":"max-image-preview:large","max-video-preview":"max-video-preview:-1"},"canonical":"https:\/\/nordnesrepublikken.no\/index.php\/2026\/04\/08\/fronten-strekker-seg-4-km\/","og_locale":"nb_NO","og_type":"article","og_title":"fronten strekker seg 4 km - Nordnesrepublikken","og_description":"Der Petacciato-skredi provinsen Campobasso (Molise) ja reaktivert, for\u00e5rsakeravbrudd i en del av motorveien A14 og","og_url":"https:\/\/nordnesrepublikken.no\/index.php\/2026\/04\/08\/fronten-strekker-seg-4-km\/","og_site_name":"Nordnesrepublikken","article_published_time":"2026-04-08T10:47:00+00:00","article_modified_time":"2026-04-08T10:47:03+00:00","og_image":[{"width":1442,"height":1080,"url":"https:\/\/nordnesrepublikken.no\/wp-content\/uploads\/2026\/04\/1775645222_fronten-strekker-seg-4-km.jpg","type":"image\/jpeg"}],"author":"Ole Andersen","twitter_card":"summary_large_image","twitter_misc":{"Skrevet av":"Ole Andersen","Ansl. lesetid":"4 minutter"},"schema":{"@context":"https:\/\/schema.org","@graph":[{"@type":"Article","@id":"https:\/\/nordnesrepublikken.no\/index.php\/2026\/04\/08\/fronten-strekker-seg-4-km\/#article","isPartOf":{"@id":"https:\/\/nordnesrepublikken.no\/index.php\/2026\/04\/08\/fronten-strekker-seg-4-km\/"},"author":{"name":"Ole Andersen","@id":"https:\/\/nordnesrepublikken.no\/#\/schema\/person\/2e7e81935bab77882fffb79296240ff1"},"headline":"fronten strekker seg 4 km","datePublished":"2026-04-08T10:47:00+00:00","dateModified":"2026-04-08T10:47:03+00:00","mainEntityOfPage":{"@id":"https:\/\/nordnesrepublikken.no\/index.php\/2026\/04\/08\/fronten-strekker-seg-4-km\/"},"wordCount":814,"publisher":{"@id":"https:\/\/nordnesrepublikken.no\/#organization"},"image":{"@id":"https:\/\/nordnesrepublikken.no\/index.php\/2026\/04\/08\/fronten-strekker-seg-4-km\/#primaryimage"},"thumbnailUrl":"https:\/\/nordnesrepublikken.no\/wp-content\/uploads\/2026\/04\/1775645222_fronten-strekker-seg-4-km.jpg","keywords":["fronten","seg","strekker"],"articleSection":["Vitenskap"],"inLanguage":"nb-NO"},{"@type":"WebPage","@id":"https:\/\/nordnesrepublikken.no\/index.php\/2026\/04\/08\/fronten-strekker-seg-4-km\/","url":"https:\/\/nordnesrepublikken.no\/index.php\/2026\/04\/08\/fronten-strekker-seg-4-km\/","name":"fronten strekker seg 4 km - Nordnesrepublikken","isPartOf":{"@id":"https:\/\/nordnesrepublikken.no\/#website"},"primaryImageOfPage":{"@id":"https:\/\/nordnesrepublikken.no\/index.php\/2026\/04\/08\/fronten-strekker-seg-4-km\/#primaryimage"},"image":{"@id":"https:\/\/nordnesrepublikken.no\/index.php\/2026\/04\/08\/fronten-strekker-seg-4-km\/#primaryimage"},"thumbnailUrl":"https:\/\/nordnesrepublikken.no\/wp-content\/uploads\/2026\/04\/1775645222_fronten-strekker-seg-4-km.jpg","datePublished":"2026-04-08T10:47:00+00:00","dateModified":"2026-04-08T10:47:03+00:00","breadcrumb":{"@id":"https:\/\/nordnesrepublikken.no\/index.php\/2026\/04\/08\/fronten-strekker-seg-4-km\/#breadcrumb"},"inLanguage":"nb-NO","potentialAction":[{"@type":"ReadAction","target":["https:\/\/nordnesrepublikken.no\/index.php\/2026\/04\/08\/fronten-strekker-seg-4-km\/"]}]},{"@type":"ImageObject","inLanguage":"nb-NO","@id":"https:\/\/nordnesrepublikken.no\/index.php\/2026\/04\/08\/fronten-strekker-seg-4-km\/#primaryimage","url":"https:\/\/nordnesrepublikken.no\/wp-content\/uploads\/2026\/04\/1775645222_fronten-strekker-seg-4-km.jpg","contentUrl":"https:\/\/nordnesrepublikken.no\/wp-content\/uploads\/2026\/04\/1775645222_fronten-strekker-seg-4-km.jpg","width":1442,"height":1080,"caption":"fronten strekker seg 4 km"},{"@type":"BreadcrumbList","@id":"https:\/\/nordnesrepublikken.no\/index.php\/2026\/04\/08\/fronten-strekker-seg-4-km\/#breadcrumb","itemListElement":[{"@type":"ListItem","position":1,"name":"Home","item":"https:\/\/nordnesrepublikken.no\/"},{"@type":"ListItem","position":2,"name":"fronten strekker seg 4 km"}]},{"@type":"WebSite","@id":"https:\/\/nordnesrepublikken.no\/#website","url":"https:\/\/nordnesrepublikken.no\/","name":"Nordnesrepublikken","description":"Stemmer og Visjoner fra Republikkens Hjerte","publisher":{"@id":"https:\/\/nordnesrepublikken.no\/#organization"},"potentialAction":[{"@type":"SearchAction","target":{"@type":"EntryPoint","urlTemplate":"https:\/\/nordnesrepublikken.no\/?s={search_term_string}"},"query-input":{"@type":"PropertyValueSpecification","valueRequired":true,"valueName":"search_term_string"}}],"inLanguage":"nb-NO"},{"@type":"Organization","@id":"https:\/\/nordnesrepublikken.no\/#organization","name":"Nordnesrepublikken","url":"https:\/\/nordnesrepublikken.no\/","logo":{"@type":"ImageObject","inLanguage":"nb-NO","@id":"https:\/\/nordnesrepublikken.no\/#\/schema\/logo\/image\/","url":"https:\/\/nordnesrepublikken.no\/wp-content\/uploads\/2025\/02\/cropped-nordnesrepublikken-2.png","contentUrl":"https:\/\/nordnesrepublikken.no\/wp-content\/uploads\/2025\/02\/cropped-nordnesrepublikken-2.png","width":1248,"height":362,"caption":"Nordnesrepublikken"},"image":{"@id":"https:\/\/nordnesrepublikken.no\/#\/schema\/logo\/image\/"}},{"@type":"Person","@id":"https:\/\/nordnesrepublikken.no\/#\/schema\/person\/2e7e81935bab77882fffb79296240ff1","name":"Ole Andersen","image":{"@type":"ImageObject","inLanguage":"nb-NO","@id":"https:\/\/nordnesrepublikken.no\/#\/schema\/person\/image\/","url":"https:\/\/nordnesrepublikken.no\/wp-content\/uploads\/2025\/02\/nordnesrepublikken-2-2-150x150.jpg","contentUrl":"https:\/\/nordnesrepublikken.no\/wp-content\/uploads\/2025\/02\/nordnesrepublikken-2-2-150x150.jpg","caption":"Ole Andersen"},"description":"Ettersom jeg vokste opp i Oslo, har jeg alltid v\u00e6rt fascinert av ordenes kraft og deres evne til \u00e5 skape endringer. Etter \u00e5 ha fullf\u00f8rt min utdannelse i kommunikasjon ved Universitetet i Bergen, fikk jeg muligheten til \u00e5 jobbe innen ulike medier, der jeg har s\u00f8kt \u00e5 belyse viktige samfunnssp\u00f8rsm\u00e5l. I dag, som redakt\u00f8r for Nordnesrepublikken, pr\u00f8ver jeg \u00e5 forene min kj\u00e6rlighet for journalistikk med min lidenskap for innovasjon og eventyr.","sameAs":["https:\/\/nordnesrepublikken.no\/"]}]}},"_links":{"self":[{"href":"https:\/\/nordnesrepublikken.no\/index.php\/wp-json\/wp\/v2\/posts\/16742","targetHints":{"allow":["GET"]}}],"collection":[{"href":"https:\/\/nordnesrepublikken.no\/index.php\/wp-json\/wp\/v2\/posts"}],"about":[{"href":"https:\/\/nordnesrepublikken.no\/index.php\/wp-json\/wp\/v2\/types\/post"}],"author":[{"embeddable":true,"href":"https:\/\/nordnesrepublikken.no\/index.php\/wp-json\/wp\/v2\/users\/1"}],"replies":[{"embeddable":true,"href":"https:\/\/nordnesrepublikken.no\/index.php\/wp-json\/wp\/v2\/comments?post=16742"}],"version-history":[{"count":1,"href":"https:\/\/nordnesrepublikken.no\/index.php\/wp-json\/wp\/v2\/posts\/16742\/revisions"}],"predecessor-version":[{"id":16744,"href":"https:\/\/nordnesrepublikken.no\/index.php\/wp-json\/wp\/v2\/posts\/16742\/revisions\/16744"}],"wp:featuredmedia":[{"embeddable":true,"href":"https:\/\/nordnesrepublikken.no\/index.php\/wp-json\/wp\/v2\/media\/16743"}],"wp:attachment":[{"href":"https:\/\/nordnesrepublikken.no\/index.php\/wp-json\/wp\/v2\/media?parent=16742"}],"wp:term":[{"taxonomy":"category","embeddable":true,"href":"https:\/\/nordnesrepublikken.no\/index.php\/wp-json\/wp\/v2\/categories?post=16742"},{"taxonomy":"post_tag","embeddable":true,"href":"https:\/\/nordnesrepublikken.no\/index.php\/wp-json\/wp\/v2\/tags?post=16742"}],"curies":[{"name":"wp","href":"https:\/\/api.w.org\/{rel}","templated":true}]}}