{"id":16730,"date":"2026-04-08T09:34:55","date_gmt":"2026-04-08T07:34:55","guid":{"rendered":"https:\/\/nordnesrepublikken.no\/index.php\/2026\/04\/08\/hva-den-ville-forutsi-og-hvilke-sektorer-som-ville-stenge-forst\/"},"modified":"2026-04-08T09:34:58","modified_gmt":"2026-04-08T07:34:58","slug":"hva-den-ville-forutsi-og-hvilke-sektorer-som-ville-stenge-forst","status":"publish","type":"post","link":"https:\/\/nordnesrepublikken.no\/index.php\/2026\/04\/08\/hva-den-ville-forutsi-og-hvilke-sektorer-som-ville-stenge-forst\/","title":{"rendered":"hva den ville forutsi og hvilke sektorer som ville stenge f\u00f8rst"},"content":{"rendered":"<div>\n<div class=\"cp_wrapper cp_wrapper--fw mb-30 mb-20@tablet\">\n<figure class=\"mm\"><picture class=\"img\" style=\"padding-top:56.25%\"><source  media=\"(min-width: 1024px)\"><source  media=\"(min-width: 768px)\"><\/source><\/source><\/picture><\/figure>\n<\/p><\/div>\n<p>Det er den f\u00f8rtiende dagen i krigen mellom <strong>USA, Israel og Iran<\/strong>. Hormuzstredet, som omtrent en femtedel av verdens olje og gass passerer gjennom, er effektivt blokkert.<\/p>\n<p>I Italia har dieselen oversteget 2 euro per liter, og p\u00e5 flyplassene i Milano Linate, Bologna, Treviso og Venezia <strong>f\u00f8rste restriksjoner p\u00e5 p\u00e5fyllingsflyvninger<\/strong>med prioritet til statens, ambulanse og varer mer enn tre timer. I denne sammenheng, 31. mars EUs energikommiss\u00e6r <strong>Dan J\u00f8rgensen<\/strong> skrev til alle EUs energiministre og oppfordret dem til \u00e5 forberede seg p\u00e5 &laquo;en potensielt langvarig forstyrrelse av internasjonal energihandel&raquo; og f\u00f8lge <strong>10-punktsplan fra Det internasjonale energibyr\u00e5et<\/strong> \u00e5 redusere oljeforbruket.<\/p>\n<p>Det er fra det <strong>IEA-plan<\/strong> \u2014 ikke fra originale europeiske tiltak \u2014 som stammer fra indikasjonene som har sirkulert de siste dagene: mindre diesel og mer flydrivstoff <em>smart arbeid<\/em>lavere fartsgrenser, f\u00e6rre flyreiser der det finnes jernbanealternativer. <strong>Tiltak fortsatt frivillige, ikke obligatoriske<\/strong>. Det ekstraordin\u00e6re toppm\u00f8tet for EUs energiministre 1. april ble avsluttet uten bindende tiltak.<\/p>\n<h2><strong>Hva de italienske ministrene sa: Crosetto og Pichetto Fratin<\/strong><\/h2>\n<p>7. april forsvarsministeren<strong> Guido Crosetto<\/strong> ga et intervju til Corriere della Sera der han skisserte et dystert geopolitisk bilde: &laquo;Det er en situasjon som ikke har noen presedens i historien de siste ti\u00e5rene&raquo;, sa han, og fremkalte Hiroshima og <strong>risiko for en ukontrollert spiral<\/strong>. P\u00e5 et direkte sp\u00f8rsm\u00e5l om risikoen for at alt stopper innen en m\u00e5ned, svarte Crosetto<strong>: &laquo;Det er det man frykter. Ikke alt, men mye.&raquo;<\/strong> Uttrykket var mye sirkulert i media, men det m\u00e5 leses i sin sammenheng: Crosetto snakket om den globale geopolitiske krisen &#8211; Trump, NATO, de amerikanske basene i Italia, risikoen for milit\u00e6r eskalering &#8211; <strong>ikke en ferdig energirasjoneringsplan<\/strong>.<\/p>\n<p>P\u00e5 den spesifikke energifronten er referansestemmen milj\u00f8- og energisikkerhetsministeren <strong>Gilberto Pichetto Fratin<\/strong>. 5. april, i et intervju med Repubblica relansert p\u00e5 LaPresse, erkl\u00e6rte han:<\/p>\n<blockquote>\n<p>Det er klart det <strong>vi er klare til \u00e5 rasjonere om n\u00f8dvendig.<\/strong> Vi vurderer ulike mulige handlinger, men det er enn\u00e5 ikke forutsetninger for \u00e5 gripe inn.<\/p>\n<\/blockquote>\n<p>Han presiserte at \u00abdet jobber en spesiell kommisjon ved departementet for \u00e5 utrede beredskapsplanen\u00bb og det <strong>&laquo;handlinger m\u00e5 m\u00e5les mot dagens situasjon&raquo;<\/strong>eksplisitt ekskludert tilbakevending til s\u00f8ndagsvandring som p\u00e5 syttitallet.<\/p>\n<p>P\u00e5 reservefronten hadde Milano Finanza allerede 2. april gitt en mer betryggende lesning:<\/p>\n<blockquote>\n<p>Vi har en lagringskapasitet p\u00e5 ca <strong>45 %, b\u00f8r vi legge til 8-9 milliarder kubikkmeter<\/strong> men fra og med n\u00e5 tror jeg ikke det er store vanskeligheter.<\/p>\n<\/blockquote>\n<p>Og han la til: &laquo;La oss h\u00e5pe at vi ikke trenger \u00e5 komme til poenget med \u00e5 evaluere visse scenarier.&raquo; Ordet rasjonering ligger p\u00e5 bordet, men hvordan <strong>f\u00f8re var scenario<\/strong>ikke som et annonsert tiltak.<\/p>\n<h2>Hvor vil rasjoneringen begynne i tilfelle en &laquo;energisperring&raquo;<\/h2>\n<p>Hvis situasjonen skulle forverres og regjeringen ble tvunget til \u00e5 aktivere konkrete tiltak, f\u00f8lger logikken for energirasjonering et presist hierarki: <strong>viktige tjenester er beskyttet<\/strong> og ikke-strategisk forbruk rammes f\u00f8rst. Som foresl\u00e5tt av de europeiske anbefalingene og presedensene fra 2022, dvs <strong>f\u00f8rste inngrep vil gjelde privat transport<\/strong> \u2014 med mulige begrensninger p\u00e5 sirkulasjon \u2014 og ikke-n\u00f8dvendig innenlandsforbruk, for eksempel sommerklimaanlegg. Belysning av monumenter, offentlige bygninger og ikke-hastende rom vil v\u00e6re en annen umiddelbar l\u00f8ft.<\/p>\n<p>Flysektoren vil v\u00e6re blant de mest utsatte, slik det allerede fremg\u00e5r av de f\u00f8rste begrensningene p\u00e5 italienske flyplasser. P\u00e5 den industrielle fronten blir resonnementet mer komplekst: forsyningskjeder med kontinuerlig syklus og h\u00f8yt energiforbruk vil v\u00e6re de f\u00f8rste kandidatene for en <strong>remodulering av produksjonen<\/strong>men deres \u00f8konomiske vekt tar hver avgj\u00f8relse<strong> politisk og sosialt delikat<\/strong>. Sykehus, forsvar, offentlig transport og kritisk infrastruktur ville bli utelatt fra enhver kuttplan.<\/p>\n<h2><strong>Italienske energiintensive selskaper: hvem forbruker mer og hvem risikerer mer<\/strong><\/h2>\n<p>Det er ett konkret m\u00e5l p\u00e5 hva rasjonering vil bety for det italienske produksjonssystemet <strong>2025 Istat-unders\u00f8kelse om energiintensive selskaper<\/strong>knyttet til 2023-data. P\u00e5 toppen av rangeringen for merverdi er <strong>metallurgiske aktiviteter<\/strong>med 5,9 milliarder euro produsert av 310 selskaper, etterfulgt av <strong>produksjon av artikler i gummi og plastmaterialer<\/strong> (5,1 milliarder, 621 selskaper) og fra prosessering av ikke-metalliske mineraler (4,3 milliarder, 268 selskaper). Lavere i rangeringen, men fortsatt relevant, er mat-, drikke- og tobakksindustrien (3,3 milliarder, 349 selskaper) og produksjon av <em>cola<\/em> og produkter avledet fra oljeraffinering (3,1 milliarder, 161 selskaper). Dette er sektorer uten hvilke, som den samme analysen bemerker, <strong>landets \u00f8konomi slutter \u00e5 fungere<\/strong>: st\u00e5lverk, kjemikalier, plast, glass og keramikk er produksjonsryggraden i Italia, hovedsakelig konsentrert i nord.<\/p>\n<p><iframe title=\"Interactive or visual content\" class=\"flourish-embed-iframe js-parse-embed\" frameborder=\"0\" scrolling=\"no\" style=\"width:100%;height:800px;\" sandbox=\"allow-same-origin allow-forms allow-scripts allow-downloads allow-popups allow-popups-to-escape-sandbox allow-top-navigation-by-user-activation\" data-type=\"generic-iframe\" data-src=\"https:\/\/flo.uri.sh\/visualisation\/28405211\/embed\"><\/iframe><\/p>\n<p>En rasjonering om at hvis det p\u00e5virket disse sektorene ville det ikke bare v\u00e6re et energisparende tiltak: det ville bety \u00e5 velge <strong>hvilke produksjonskjeder som skal bremses<\/strong>med direkte innvirkning p\u00e5 sysselsetting, eksport og forsyningskjeder. Dette er grunnen til at enhver realistisk beredskapsplan vil s\u00f8ke \u00e5 gripe inn f\u00f8rst p\u00e5 utbredt og fleksibelt forbruk &#8211; transport, oppvarming, belysning &#8211; f\u00f8r de ber\u00f8rer industriproduksjon.<\/p>\n<\/p><\/div>\n","protected":false},"excerpt":{"rendered":"<p>Det er den f\u00f8rtiende dagen i krigen mellom USA, Israel og Iran. Hormuzstredet, som omtrent<\/p>\n","protected":false},"author":1,"featured_media":16731,"comment_status":"closed","ping_status":"open","sticky":false,"template":"","format":"standard","meta":{"footnotes":""},"categories":[104],"tags":[74,5719,3270,144,784,10812,31,4622,723],"class_list":["post-16730","post","type-post","status-publish","format-standard","has-post-thumbnail","hentry","category-samfunn","tag-den","tag-forst","tag-forutsi","tag-hva","tag-hvilke","tag-sektorer","tag-som","tag-stenge","tag-ville","generate-columns","tablet-grid-50","mobile-grid-100","grid-parent","grid-33","resize-featured-image"],"yoast_head":"<!-- This site is optimized with the Yoast SEO plugin v24.4 - https:\/\/yoast.com\/wordpress\/plugins\/seo\/ -->\n<title>hva den ville forutsi og hvilke sektorer som ville stenge f\u00f8rst - Nordnesrepublikken<\/title>\n<meta name=\"robots\" content=\"index, follow, max-snippet:-1, max-image-preview:large, max-video-preview:-1\" \/>\n<link rel=\"canonical\" href=\"https:\/\/nordnesrepublikken.no\/index.php\/2026\/04\/08\/hva-den-ville-forutsi-og-hvilke-sektorer-som-ville-stenge-forst\/\" \/>\n<meta property=\"og:locale\" content=\"nb_NO\" \/>\n<meta property=\"og:type\" content=\"article\" \/>\n<meta property=\"og:title\" content=\"hva den ville forutsi og hvilke sektorer som ville stenge f\u00f8rst - Nordnesrepublikken\" \/>\n<meta property=\"og:description\" content=\"Det er den f\u00f8rtiende dagen i krigen mellom USA, Israel og Iran. Hormuzstredet, som omtrent\" \/>\n<meta property=\"og:url\" content=\"https:\/\/nordnesrepublikken.no\/index.php\/2026\/04\/08\/hva-den-ville-forutsi-og-hvilke-sektorer-som-ville-stenge-forst\/\" \/>\n<meta property=\"og:site_name\" content=\"Nordnesrepublikken\" \/>\n<meta property=\"article:published_time\" content=\"2026-04-08T07:34:55+00:00\" \/>\n<meta property=\"article:modified_time\" content=\"2026-04-08T07:34:58+00:00\" \/>\n<meta property=\"og:image\" content=\"https:\/\/nordnesrepublikken.no\/wp-content\/uploads\/2026\/04\/1775633697_hva-den-ville-forutsi-og-hvilke-sektorer-som-ville-stenge.jpg\" \/>\n\t<meta property=\"og:image:width\" content=\"1195\" \/>\n\t<meta property=\"og:image:height\" content=\"756\" \/>\n\t<meta property=\"og:image:type\" content=\"image\/jpeg\" \/>\n<meta name=\"author\" content=\"Ole Andersen\" \/>\n<meta name=\"twitter:card\" content=\"summary_large_image\" \/>\n<meta name=\"twitter:label1\" content=\"Skrevet av\" \/>\n\t<meta name=\"twitter:data1\" content=\"Ole Andersen\" \/>\n\t<meta name=\"twitter:label2\" content=\"Ansl. lesetid\" \/>\n\t<meta name=\"twitter:data2\" content=\"4 minutter\" \/>\n<script type=\"application\/ld+json\" class=\"yoast-schema-graph\">{\"@context\":\"https:\/\/schema.org\",\"@graph\":[{\"@type\":\"Article\",\"@id\":\"https:\/\/nordnesrepublikken.no\/index.php\/2026\/04\/08\/hva-den-ville-forutsi-og-hvilke-sektorer-som-ville-stenge-forst\/#article\",\"isPartOf\":{\"@id\":\"https:\/\/nordnesrepublikken.no\/index.php\/2026\/04\/08\/hva-den-ville-forutsi-og-hvilke-sektorer-som-ville-stenge-forst\/\"},\"author\":{\"name\":\"Ole Andersen\",\"@id\":\"https:\/\/nordnesrepublikken.no\/#\/schema\/person\/2e7e81935bab77882fffb79296240ff1\"},\"headline\":\"hva den ville forutsi og hvilke sektorer som ville stenge f\u00f8rst\",\"datePublished\":\"2026-04-08T07:34:55+00:00\",\"dateModified\":\"2026-04-08T07:34:58+00:00\",\"mainEntityOfPage\":{\"@id\":\"https:\/\/nordnesrepublikken.no\/index.php\/2026\/04\/08\/hva-den-ville-forutsi-og-hvilke-sektorer-som-ville-stenge-forst\/\"},\"wordCount\":781,\"publisher\":{\"@id\":\"https:\/\/nordnesrepublikken.no\/#organization\"},\"image\":{\"@id\":\"https:\/\/nordnesrepublikken.no\/index.php\/2026\/04\/08\/hva-den-ville-forutsi-og-hvilke-sektorer-som-ville-stenge-forst\/#primaryimage\"},\"thumbnailUrl\":\"https:\/\/nordnesrepublikken.no\/wp-content\/uploads\/2026\/04\/1775633697_hva-den-ville-forutsi-og-hvilke-sektorer-som-ville-stenge.jpg\",\"keywords\":[\"den\",\"f\u00f8rst\",\"forutsi\",\"Hva\",\"hvilke\",\"sektorer\",\"som\",\"stenge\",\"ville\"],\"articleSection\":[\"Samfunn\"],\"inLanguage\":\"nb-NO\"},{\"@type\":\"WebPage\",\"@id\":\"https:\/\/nordnesrepublikken.no\/index.php\/2026\/04\/08\/hva-den-ville-forutsi-og-hvilke-sektorer-som-ville-stenge-forst\/\",\"url\":\"https:\/\/nordnesrepublikken.no\/index.php\/2026\/04\/08\/hva-den-ville-forutsi-og-hvilke-sektorer-som-ville-stenge-forst\/\",\"name\":\"hva den ville forutsi og hvilke sektorer som ville stenge f\u00f8rst - Nordnesrepublikken\",\"isPartOf\":{\"@id\":\"https:\/\/nordnesrepublikken.no\/#website\"},\"primaryImageOfPage\":{\"@id\":\"https:\/\/nordnesrepublikken.no\/index.php\/2026\/04\/08\/hva-den-ville-forutsi-og-hvilke-sektorer-som-ville-stenge-forst\/#primaryimage\"},\"image\":{\"@id\":\"https:\/\/nordnesrepublikken.no\/index.php\/2026\/04\/08\/hva-den-ville-forutsi-og-hvilke-sektorer-som-ville-stenge-forst\/#primaryimage\"},\"thumbnailUrl\":\"https:\/\/nordnesrepublikken.no\/wp-content\/uploads\/2026\/04\/1775633697_hva-den-ville-forutsi-og-hvilke-sektorer-som-ville-stenge.jpg\",\"datePublished\":\"2026-04-08T07:34:55+00:00\",\"dateModified\":\"2026-04-08T07:34:58+00:00\",\"breadcrumb\":{\"@id\":\"https:\/\/nordnesrepublikken.no\/index.php\/2026\/04\/08\/hva-den-ville-forutsi-og-hvilke-sektorer-som-ville-stenge-forst\/#breadcrumb\"},\"inLanguage\":\"nb-NO\",\"potentialAction\":[{\"@type\":\"ReadAction\",\"target\":[\"https:\/\/nordnesrepublikken.no\/index.php\/2026\/04\/08\/hva-den-ville-forutsi-og-hvilke-sektorer-som-ville-stenge-forst\/\"]}]},{\"@type\":\"ImageObject\",\"inLanguage\":\"nb-NO\",\"@id\":\"https:\/\/nordnesrepublikken.no\/index.php\/2026\/04\/08\/hva-den-ville-forutsi-og-hvilke-sektorer-som-ville-stenge-forst\/#primaryimage\",\"url\":\"https:\/\/nordnesrepublikken.no\/wp-content\/uploads\/2026\/04\/1775633697_hva-den-ville-forutsi-og-hvilke-sektorer-som-ville-stenge.jpg\",\"contentUrl\":\"https:\/\/nordnesrepublikken.no\/wp-content\/uploads\/2026\/04\/1775633697_hva-den-ville-forutsi-og-hvilke-sektorer-som-ville-stenge.jpg\",\"width\":1195,\"height\":756,\"caption\":\"hva den ville forutsi og hvilke sektorer som ville stenge f\u00f8rst\"},{\"@type\":\"BreadcrumbList\",\"@id\":\"https:\/\/nordnesrepublikken.no\/index.php\/2026\/04\/08\/hva-den-ville-forutsi-og-hvilke-sektorer-som-ville-stenge-forst\/#breadcrumb\",\"itemListElement\":[{\"@type\":\"ListItem\",\"position\":1,\"name\":\"Home\",\"item\":\"https:\/\/nordnesrepublikken.no\/\"},{\"@type\":\"ListItem\",\"position\":2,\"name\":\"hva den ville forutsi og hvilke sektorer som ville stenge f\u00f8rst\"}]},{\"@type\":\"WebSite\",\"@id\":\"https:\/\/nordnesrepublikken.no\/#website\",\"url\":\"https:\/\/nordnesrepublikken.no\/\",\"name\":\"Nordnesrepublikken\",\"description\":\"Stemmer og Visjoner fra Republikkens Hjerte\",\"publisher\":{\"@id\":\"https:\/\/nordnesrepublikken.no\/#organization\"},\"potentialAction\":[{\"@type\":\"SearchAction\",\"target\":{\"@type\":\"EntryPoint\",\"urlTemplate\":\"https:\/\/nordnesrepublikken.no\/?s={search_term_string}\"},\"query-input\":{\"@type\":\"PropertyValueSpecification\",\"valueRequired\":true,\"valueName\":\"search_term_string\"}}],\"inLanguage\":\"nb-NO\"},{\"@type\":\"Organization\",\"@id\":\"https:\/\/nordnesrepublikken.no\/#organization\",\"name\":\"Nordnesrepublikken\",\"url\":\"https:\/\/nordnesrepublikken.no\/\",\"logo\":{\"@type\":\"ImageObject\",\"inLanguage\":\"nb-NO\",\"@id\":\"https:\/\/nordnesrepublikken.no\/#\/schema\/logo\/image\/\",\"url\":\"https:\/\/nordnesrepublikken.no\/wp-content\/uploads\/2025\/02\/cropped-nordnesrepublikken-2.png\",\"contentUrl\":\"https:\/\/nordnesrepublikken.no\/wp-content\/uploads\/2025\/02\/cropped-nordnesrepublikken-2.png\",\"width\":1248,\"height\":362,\"caption\":\"Nordnesrepublikken\"},\"image\":{\"@id\":\"https:\/\/nordnesrepublikken.no\/#\/schema\/logo\/image\/\"}},{\"@type\":\"Person\",\"@id\":\"https:\/\/nordnesrepublikken.no\/#\/schema\/person\/2e7e81935bab77882fffb79296240ff1\",\"name\":\"Ole Andersen\",\"image\":{\"@type\":\"ImageObject\",\"inLanguage\":\"nb-NO\",\"@id\":\"https:\/\/nordnesrepublikken.no\/#\/schema\/person\/image\/\",\"url\":\"https:\/\/nordnesrepublikken.no\/wp-content\/uploads\/2025\/02\/nordnesrepublikken-2-2-150x150.jpg\",\"contentUrl\":\"https:\/\/nordnesrepublikken.no\/wp-content\/uploads\/2025\/02\/nordnesrepublikken-2-2-150x150.jpg\",\"caption\":\"Ole Andersen\"},\"description\":\"Ettersom jeg vokste opp i Oslo, har jeg alltid v\u00e6rt fascinert av ordenes kraft og deres evne til \u00e5 skape endringer. Etter \u00e5 ha fullf\u00f8rt min utdannelse i kommunikasjon ved Universitetet i Bergen, fikk jeg muligheten til \u00e5 jobbe innen ulike medier, der jeg har s\u00f8kt \u00e5 belyse viktige samfunnssp\u00f8rsm\u00e5l. I dag, som redakt\u00f8r for Nordnesrepublikken, pr\u00f8ver jeg \u00e5 forene min kj\u00e6rlighet for journalistikk med min lidenskap for innovasjon og eventyr.\",\"sameAs\":[\"https:\/\/nordnesrepublikken.no\/\"]}]}<\/script>\n<!-- \/ Yoast SEO plugin. -->","yoast_head_json":{"title":"hva den ville forutsi og hvilke sektorer som ville stenge f\u00f8rst - Nordnesrepublikken","robots":{"index":"index","follow":"follow","max-snippet":"max-snippet:-1","max-image-preview":"max-image-preview:large","max-video-preview":"max-video-preview:-1"},"canonical":"https:\/\/nordnesrepublikken.no\/index.php\/2026\/04\/08\/hva-den-ville-forutsi-og-hvilke-sektorer-som-ville-stenge-forst\/","og_locale":"nb_NO","og_type":"article","og_title":"hva den ville forutsi og hvilke sektorer som ville stenge f\u00f8rst - Nordnesrepublikken","og_description":"Det er den f\u00f8rtiende dagen i krigen mellom USA, Israel og Iran. Hormuzstredet, som omtrent","og_url":"https:\/\/nordnesrepublikken.no\/index.php\/2026\/04\/08\/hva-den-ville-forutsi-og-hvilke-sektorer-som-ville-stenge-forst\/","og_site_name":"Nordnesrepublikken","article_published_time":"2026-04-08T07:34:55+00:00","article_modified_time":"2026-04-08T07:34:58+00:00","og_image":[{"width":1195,"height":756,"url":"https:\/\/nordnesrepublikken.no\/wp-content\/uploads\/2026\/04\/1775633697_hva-den-ville-forutsi-og-hvilke-sektorer-som-ville-stenge.jpg","type":"image\/jpeg"}],"author":"Ole Andersen","twitter_card":"summary_large_image","twitter_misc":{"Skrevet av":"Ole Andersen","Ansl. lesetid":"4 minutter"},"schema":{"@context":"https:\/\/schema.org","@graph":[{"@type":"Article","@id":"https:\/\/nordnesrepublikken.no\/index.php\/2026\/04\/08\/hva-den-ville-forutsi-og-hvilke-sektorer-som-ville-stenge-forst\/#article","isPartOf":{"@id":"https:\/\/nordnesrepublikken.no\/index.php\/2026\/04\/08\/hva-den-ville-forutsi-og-hvilke-sektorer-som-ville-stenge-forst\/"},"author":{"name":"Ole Andersen","@id":"https:\/\/nordnesrepublikken.no\/#\/schema\/person\/2e7e81935bab77882fffb79296240ff1"},"headline":"hva den ville forutsi og hvilke sektorer som ville stenge f\u00f8rst","datePublished":"2026-04-08T07:34:55+00:00","dateModified":"2026-04-08T07:34:58+00:00","mainEntityOfPage":{"@id":"https:\/\/nordnesrepublikken.no\/index.php\/2026\/04\/08\/hva-den-ville-forutsi-og-hvilke-sektorer-som-ville-stenge-forst\/"},"wordCount":781,"publisher":{"@id":"https:\/\/nordnesrepublikken.no\/#organization"},"image":{"@id":"https:\/\/nordnesrepublikken.no\/index.php\/2026\/04\/08\/hva-den-ville-forutsi-og-hvilke-sektorer-som-ville-stenge-forst\/#primaryimage"},"thumbnailUrl":"https:\/\/nordnesrepublikken.no\/wp-content\/uploads\/2026\/04\/1775633697_hva-den-ville-forutsi-og-hvilke-sektorer-som-ville-stenge.jpg","keywords":["den","f\u00f8rst","forutsi","Hva","hvilke","sektorer","som","stenge","ville"],"articleSection":["Samfunn"],"inLanguage":"nb-NO"},{"@type":"WebPage","@id":"https:\/\/nordnesrepublikken.no\/index.php\/2026\/04\/08\/hva-den-ville-forutsi-og-hvilke-sektorer-som-ville-stenge-forst\/","url":"https:\/\/nordnesrepublikken.no\/index.php\/2026\/04\/08\/hva-den-ville-forutsi-og-hvilke-sektorer-som-ville-stenge-forst\/","name":"hva den ville forutsi og hvilke sektorer som ville stenge f\u00f8rst - Nordnesrepublikken","isPartOf":{"@id":"https:\/\/nordnesrepublikken.no\/#website"},"primaryImageOfPage":{"@id":"https:\/\/nordnesrepublikken.no\/index.php\/2026\/04\/08\/hva-den-ville-forutsi-og-hvilke-sektorer-som-ville-stenge-forst\/#primaryimage"},"image":{"@id":"https:\/\/nordnesrepublikken.no\/index.php\/2026\/04\/08\/hva-den-ville-forutsi-og-hvilke-sektorer-som-ville-stenge-forst\/#primaryimage"},"thumbnailUrl":"https:\/\/nordnesrepublikken.no\/wp-content\/uploads\/2026\/04\/1775633697_hva-den-ville-forutsi-og-hvilke-sektorer-som-ville-stenge.jpg","datePublished":"2026-04-08T07:34:55+00:00","dateModified":"2026-04-08T07:34:58+00:00","breadcrumb":{"@id":"https:\/\/nordnesrepublikken.no\/index.php\/2026\/04\/08\/hva-den-ville-forutsi-og-hvilke-sektorer-som-ville-stenge-forst\/#breadcrumb"},"inLanguage":"nb-NO","potentialAction":[{"@type":"ReadAction","target":["https:\/\/nordnesrepublikken.no\/index.php\/2026\/04\/08\/hva-den-ville-forutsi-og-hvilke-sektorer-som-ville-stenge-forst\/"]}]},{"@type":"ImageObject","inLanguage":"nb-NO","@id":"https:\/\/nordnesrepublikken.no\/index.php\/2026\/04\/08\/hva-den-ville-forutsi-og-hvilke-sektorer-som-ville-stenge-forst\/#primaryimage","url":"https:\/\/nordnesrepublikken.no\/wp-content\/uploads\/2026\/04\/1775633697_hva-den-ville-forutsi-og-hvilke-sektorer-som-ville-stenge.jpg","contentUrl":"https:\/\/nordnesrepublikken.no\/wp-content\/uploads\/2026\/04\/1775633697_hva-den-ville-forutsi-og-hvilke-sektorer-som-ville-stenge.jpg","width":1195,"height":756,"caption":"hva den ville forutsi og hvilke sektorer som ville stenge f\u00f8rst"},{"@type":"BreadcrumbList","@id":"https:\/\/nordnesrepublikken.no\/index.php\/2026\/04\/08\/hva-den-ville-forutsi-og-hvilke-sektorer-som-ville-stenge-forst\/#breadcrumb","itemListElement":[{"@type":"ListItem","position":1,"name":"Home","item":"https:\/\/nordnesrepublikken.no\/"},{"@type":"ListItem","position":2,"name":"hva den ville forutsi og hvilke sektorer som ville stenge f\u00f8rst"}]},{"@type":"WebSite","@id":"https:\/\/nordnesrepublikken.no\/#website","url":"https:\/\/nordnesrepublikken.no\/","name":"Nordnesrepublikken","description":"Stemmer og Visjoner fra Republikkens Hjerte","publisher":{"@id":"https:\/\/nordnesrepublikken.no\/#organization"},"potentialAction":[{"@type":"SearchAction","target":{"@type":"EntryPoint","urlTemplate":"https:\/\/nordnesrepublikken.no\/?s={search_term_string}"},"query-input":{"@type":"PropertyValueSpecification","valueRequired":true,"valueName":"search_term_string"}}],"inLanguage":"nb-NO"},{"@type":"Organization","@id":"https:\/\/nordnesrepublikken.no\/#organization","name":"Nordnesrepublikken","url":"https:\/\/nordnesrepublikken.no\/","logo":{"@type":"ImageObject","inLanguage":"nb-NO","@id":"https:\/\/nordnesrepublikken.no\/#\/schema\/logo\/image\/","url":"https:\/\/nordnesrepublikken.no\/wp-content\/uploads\/2025\/02\/cropped-nordnesrepublikken-2.png","contentUrl":"https:\/\/nordnesrepublikken.no\/wp-content\/uploads\/2025\/02\/cropped-nordnesrepublikken-2.png","width":1248,"height":362,"caption":"Nordnesrepublikken"},"image":{"@id":"https:\/\/nordnesrepublikken.no\/#\/schema\/logo\/image\/"}},{"@type":"Person","@id":"https:\/\/nordnesrepublikken.no\/#\/schema\/person\/2e7e81935bab77882fffb79296240ff1","name":"Ole Andersen","image":{"@type":"ImageObject","inLanguage":"nb-NO","@id":"https:\/\/nordnesrepublikken.no\/#\/schema\/person\/image\/","url":"https:\/\/nordnesrepublikken.no\/wp-content\/uploads\/2025\/02\/nordnesrepublikken-2-2-150x150.jpg","contentUrl":"https:\/\/nordnesrepublikken.no\/wp-content\/uploads\/2025\/02\/nordnesrepublikken-2-2-150x150.jpg","caption":"Ole Andersen"},"description":"Ettersom jeg vokste opp i Oslo, har jeg alltid v\u00e6rt fascinert av ordenes kraft og deres evne til \u00e5 skape endringer. Etter \u00e5 ha fullf\u00f8rt min utdannelse i kommunikasjon ved Universitetet i Bergen, fikk jeg muligheten til \u00e5 jobbe innen ulike medier, der jeg har s\u00f8kt \u00e5 belyse viktige samfunnssp\u00f8rsm\u00e5l. I dag, som redakt\u00f8r for Nordnesrepublikken, pr\u00f8ver jeg \u00e5 forene min kj\u00e6rlighet for journalistikk med min lidenskap for innovasjon og eventyr.","sameAs":["https:\/\/nordnesrepublikken.no\/"]}]}},"_links":{"self":[{"href":"https:\/\/nordnesrepublikken.no\/index.php\/wp-json\/wp\/v2\/posts\/16730","targetHints":{"allow":["GET"]}}],"collection":[{"href":"https:\/\/nordnesrepublikken.no\/index.php\/wp-json\/wp\/v2\/posts"}],"about":[{"href":"https:\/\/nordnesrepublikken.no\/index.php\/wp-json\/wp\/v2\/types\/post"}],"author":[{"embeddable":true,"href":"https:\/\/nordnesrepublikken.no\/index.php\/wp-json\/wp\/v2\/users\/1"}],"replies":[{"embeddable":true,"href":"https:\/\/nordnesrepublikken.no\/index.php\/wp-json\/wp\/v2\/comments?post=16730"}],"version-history":[{"count":1,"href":"https:\/\/nordnesrepublikken.no\/index.php\/wp-json\/wp\/v2\/posts\/16730\/revisions"}],"predecessor-version":[{"id":16732,"href":"https:\/\/nordnesrepublikken.no\/index.php\/wp-json\/wp\/v2\/posts\/16730\/revisions\/16732"}],"wp:featuredmedia":[{"embeddable":true,"href":"https:\/\/nordnesrepublikken.no\/index.php\/wp-json\/wp\/v2\/media\/16731"}],"wp:attachment":[{"href":"https:\/\/nordnesrepublikken.no\/index.php\/wp-json\/wp\/v2\/media?parent=16730"}],"wp:term":[{"taxonomy":"category","embeddable":true,"href":"https:\/\/nordnesrepublikken.no\/index.php\/wp-json\/wp\/v2\/categories?post=16730"},{"taxonomy":"post_tag","embeddable":true,"href":"https:\/\/nordnesrepublikken.no\/index.php\/wp-json\/wp\/v2\/tags?post=16730"}],"curies":[{"name":"wp","href":"https:\/\/api.w.org\/{rel}","templated":true}]}}