{"id":16727,"date":"2026-04-08T09:33:46","date_gmt":"2026-04-08T07:33:46","guid":{"rendered":"https:\/\/nordnesrepublikken.no\/index.php\/2026\/04\/08\/nar-sinnet-ditt-er-klart-men-kroppen-ikke-er-det\/"},"modified":"2026-04-08T09:33:51","modified_gmt":"2026-04-08T07:33:51","slug":"nar-sinnet-ditt-er-klart-men-kroppen-ikke-er-det","status":"publish","type":"post","link":"https:\/\/nordnesrepublikken.no\/index.php\/2026\/04\/08\/nar-sinnet-ditt-er-klart-men-kroppen-ikke-er-det\/","title":{"rendered":"N\u00e5r sinnet ditt er klart, men kroppen ikke er det"},"content":{"rendered":"<p><\/p>\n<div class=\"wordpress-content\">\n                    <!-- Article Start --><\/p>\n<p>Har du noen gang lagt merke til dette?<\/p>\n<p>Du v\u00e5kner&#8230; og tankene dine er allerede i gang.<\/p>\n<p>Tenker p\u00e5 dagen. Hva m\u00e5 gj\u00f8res. Hvor du m\u00e5 g\u00e5. Hvem du trenger \u00e5 snakke med.<\/p>\n<div class=\"sra_unit\"><link rel=\"stylesheet\" id=\"block-sra\" href=\"https:\/\/euroweeklynews.com\/wp-content\/plugins\/snack-related-articles\/dist\/css\/snack-related.min.css?250312-193541\" type=\"text\/css\" media=\"all\">\n<\/div>\n<p>Men kroppen din?<\/p>\n<p>Det er ikke der enn\u00e5.<\/p>\n<p>Det f\u00f8les tregere. Tyngre. Noen ganger stiv. Noen ganger bare lite energi f\u00f8r dagen i det hele tatt har startet.<\/p>\n<p>Og uten \u00e5 tenke, begynner du allerede \u00e5 l\u00f8se det.<\/p>\n<p>Kaffe.<br \/>\nSkynde.<br \/>\nSkyv gjennom.<\/p>\n<p>Og s\u00e5 begynner dagen.<\/p>\n<p>Men her er delen de fleste ikke legger merke til.<\/p>\n<p>Tankene dine stopper ikke.<\/p>\n<p>Det g\u00e5r fra en oppgave til den neste.<\/p>\n<p>&laquo;Jeg m\u00e5 gj\u00f8re dette&#8230; s\u00e5 det&#8230; ikke glem det&#8230; senere skal jeg dit&#8230;&raquo;<\/p>\n<p>Du tikker av bokser hele dagen lang.<\/p>\n<p>Og selv n\u00e5r du setter deg ned, er tankene fortsatt i bevegelse.<\/p>\n<p>Dette er en av de st\u00f8rste grunnene til at folk f\u00f8ler seg slitne i dag.<\/p>\n<p>Ikke bare fysisk, men mentalt utslitt.<\/p>\n<p>Og jeg ser dette mye, spesielt med folk over 40.<\/p>\n<p>Kvinner som g\u00e5r gjennom pre-menopause forteller meg ofte det samme:<br \/>\n<em>&laquo;Sinnet mitt er aktivt, men energien min er lav.&raquo;<\/em><\/p>\n<p>S\u00f8vnen f\u00f8les lettere. Restitusjon tar lengre tid. Kroppen f\u00f8les ute av synkronisering.<\/p>\n<p>Menn opplever det annerledes, men like tydelig.<br \/>\nDe trenger noe for \u00e5 \u00abstarte motoren\u00bb. Uten kaffe begynner ikke dagen egentlig.<\/p>\n<p>Og de fleste aksepterer det.<\/p>\n<p><em>\u2013 Dette blir bare eldre.<\/em><\/p>\n<p>Men hva om det ikke bare er alder?<\/p>\n<p>Hva om det er m\u00e5ten du lever dagen p\u00e5 og hva du gir energi til den?<\/p>\n<p>For her er noe viktig som ofte blir oversett:<\/p>\n<p>Hvis kroppen din ikke f\u00e5r i seg riktig mat og dagen din ikke har noen struktur, vil energien din alltid holde seg like utenfor rekkevidde.<\/p>\n<p>Du kan f\u00f8le sm\u00e5 booster, kaffe, sukker, raske l\u00f8sninger, men de varer ikke. Kroppen fortsetter \u00e5 s\u00f8ke etter balanse, men finner den aldri.<\/p>\n<p>Og det skaper den konstante f\u00f8lelsen av \u00e5 v\u00e6re litt utenfor.<\/p>\n<p>Da jeg begynte \u00e5 ta hensyn til livet her i Middelhavet, la jeg merke til noe annet.<\/p>\n<p>Folk hopper ikke inn i dagen.<\/p>\n<p>De lettet inn i det.<\/p>\n<p>Morgenene starter saktere. Lys f\u00f8rst. Frisk luft. En kort spasertur. En kaffe utenfor, ikke stresset, men n\u00f8t.<\/p>\n<p>Kroppen f\u00e5r tid til \u00e5 v\u00e5kne, i stedet for \u00e5 bli tvunget til handling.<\/p>\n<p>M\u00e5ltidene er enkle, regelmessige og basert p\u00e5 ekte r\u00e5varer. Ikke noe ekstremt. Ikke noe komplisert. Bare mat som st\u00f8tter kroppen i stedet for \u00e5 forvirre den.<\/p>\n<p>Og om dagen er det noe annet som skiller seg ut.<\/p>\n<p>Folk er ikke konstant i &laquo;oppgavemodus&raquo;.<\/p>\n<p>Ja, ting blir gjort. Men ikke med det samme mentale presset med \u00e5 tikke av bokser hele dagen.<\/p>\n<p>Det er rom mellom ting.<\/p>\n<p>\u00d8yeblikk med pause.<br \/>\nKorte turer.<br \/>\nSamtaler.<br \/>\nPusterom.<\/p>\n<p>Og det forandrer alt.<\/p>\n<p>Fordi kroppen din trenger ikke bare bevegelse.<\/p>\n<p>Det trenger rytme.<\/p>\n<p>N\u00e5r dagen din har rytme og kroppen din f\u00e5r riktig drivstoff, bygges energi naturlig i stedet for \u00e5 bli tvunget.<\/p>\n<p>Sinnet ditt blir roligere.<br \/>\nKroppen din begynner \u00e5 f\u00f8lge med igjen.<br \/>\nOg den konstante f\u00f8lelsen av \u00e5 v\u00e6re &laquo;p\u00e5&raquo; begynner \u00e5 falme.<\/p>\n<p>Spesielt for kvinner i pre-menopause kan disse sm\u00e5 endringene utgj\u00f8re en stor forskjell.<\/p>\n<p>Ikke ekstreme dietter.<br \/>\nIkke hardere trenings\u00f8kter.<\/p>\n<p>Men enkle daglige vaner som st\u00f8tter kroppen din.<\/p>\n<h2><strong>Hva du kan begynne \u00e5 gj\u00f8re i dag<\/strong><\/h2>\n<p>Du trenger ikke endre alt.<\/p>\n<p>Start med dette:<\/p>\n<ol>\n<li><strong>  Gi kroppen en skikkelig start<\/strong>\n<p>G\u00e5 ut f\u00f8r kaffen. F\u00e5 dagslys. Selv 5\u201310 minutter hjelper kroppen din med \u00e5 v\u00e5kne naturlig.<\/li>\n<li><strong>  Beveg deg forsiktig om morgenen<\/strong>\n<p>En kort spasertur eller lett bevegelse er nok. Du trener ikke, du vekker systemet ditt.<\/li>\n<li><strong>  Ikke lev dagen din bare i hodet ditt<\/strong>\n<p>Bryt den konstante syklusen &laquo;neste oppgave&raquo;. Pause mellom ting. Tilbakestill.<\/li>\n<li><strong>  Spis for \u00e5 st\u00f8tte energien din<\/strong>\n<p>Enkle, ferske m\u00e5ltider til faste tider bidrar til \u00e5 stabilisere energien din og unng\u00e5 krasj.<\/li>\n<li><strong>  Skap sm\u00e5 \u00f8yeblikk med ro<\/strong>\n<p>Selv 10 minutter utenfor, uten telefonen, kan tilbakestille systemet.<\/li>\n<\/ol>\n<p>Dette er hva middelhavslivsstilen gj\u00f8r s\u00e5 godt.<\/p>\n<p>Det presser ikke kroppen.<\/p>\n<p>Den st\u00f8tter det.<\/p>\n<p>Og n\u00e5r kroppen din begynner \u00e5 f\u00f8le seg st\u00f8ttet igjen&#8230;<\/p>\n<p>Morgen blir lettere.<br \/>\nEnergi blir mer stabil.<br \/>\nSinnet ditt blir roligere.<\/p>\n<p>Og sakte begynner kroppen \u00e5 ta igjen sinnet ditt.<\/p>\n<h2><strong> Ukens middelhavstips<\/strong><\/h2>\n<p>Start dagen ute og spis enkelt hele dagen. Lys, bevegelse og ekte mat er grunnlaget for stabil energi.<\/p>\n<h2><strong>Hvis du vil ha veiledning<\/strong><\/h2>\n<p>Hvis du kjenner igjen denne f\u00f8lelsen og sinnet ditt er klart, men kroppen din ikke, er du ikke alene.<\/p>\n<p>Med sm\u00e5 endringer i din daglige rytme og m\u00e5ten du spiser p\u00e5, kan du bringe tilbake energi, balanse og klarhet.<\/p>\n<p>Hvis du vil ha hjelp til \u00e5 bruke dette i ditt eget liv, kan du finne mer veiledning, ideer og aktiviteter p\u00e5:<\/p>\n<p><strong>www.casamiguel.life<\/strong><\/p>\n<p>Noen ganger er den st\u00f8rste endringen&#8230;<\/p>\n<p>Gj\u00f8r ikke mer.<\/p>\n<p>                    <!-- Originally published at https:\/\/euroweeklynews.com\/2026\/04\/08\/when-your-mind-is-ready-but-your-body-is-not\/ on 08 Apr 2026 at 9:00 by Miguel Franco --><br \/>\n                    <!-- Article End -->\n                <\/div>\n","protected":false},"excerpt":{"rendered":"<p>Har du noen gang lagt merke til dette? Du v\u00e5kner&#8230; og tankene dine er allerede<\/p>\n","protected":false},"author":1,"featured_media":16728,"comment_status":"closed","ping_status":"open","sticky":false,"template":"","format":"standard","meta":{"footnotes":""},"categories":[105],"tags":[66,1446,187,10811,2864,355,16,7984],"class_list":["post-16727","post","type-post","status-publish","format-standard","has-post-thumbnail","hentry","category-livsstil","tag-det","tag-ditt","tag-ikke","tag-klart","tag-kroppen","tag-men","tag-nar","tag-sinnet","generate-columns","tablet-grid-50","mobile-grid-100","grid-parent","grid-33","resize-featured-image"],"yoast_head":"<!-- This site is optimized with the Yoast SEO plugin v24.4 - https:\/\/yoast.com\/wordpress\/plugins\/seo\/ -->\n<title>N\u00e5r sinnet ditt er klart, men kroppen ikke er det - Nordnesrepublikken<\/title>\n<meta name=\"robots\" content=\"index, follow, max-snippet:-1, max-image-preview:large, max-video-preview:-1\" \/>\n<link rel=\"canonical\" href=\"https:\/\/nordnesrepublikken.no\/index.php\/2026\/04\/08\/nar-sinnet-ditt-er-klart-men-kroppen-ikke-er-det\/\" \/>\n<meta property=\"og:locale\" content=\"nb_NO\" \/>\n<meta property=\"og:type\" content=\"article\" \/>\n<meta property=\"og:title\" content=\"N\u00e5r sinnet ditt er klart, men kroppen ikke er det - Nordnesrepublikken\" \/>\n<meta property=\"og:description\" content=\"Har du noen gang lagt merke til dette? Du v\u00e5kner&#8230; og tankene dine er allerede\" \/>\n<meta property=\"og:url\" content=\"https:\/\/nordnesrepublikken.no\/index.php\/2026\/04\/08\/nar-sinnet-ditt-er-klart-men-kroppen-ikke-er-det\/\" \/>\n<meta property=\"og:site_name\" content=\"Nordnesrepublikken\" \/>\n<meta property=\"article:published_time\" content=\"2026-04-08T07:33:46+00:00\" \/>\n<meta property=\"article:modified_time\" content=\"2026-04-08T07:33:51+00:00\" \/>\n<meta property=\"og:image\" content=\"https:\/\/nordnesrepublikken.no\/wp-content\/uploads\/2026\/04\/1775633628_Nar-sinnet-ditt-er-klart-men-kroppen-ikke-er-det.png\" \/>\n\t<meta property=\"og:image:width\" content=\"1080\" \/>\n\t<meta property=\"og:image:height\" content=\"1350\" \/>\n\t<meta property=\"og:image:type\" content=\"image\/png\" \/>\n<meta name=\"author\" content=\"Ole Andersen\" \/>\n<meta name=\"twitter:card\" content=\"summary_large_image\" \/>\n<meta name=\"twitter:label1\" content=\"Skrevet av\" \/>\n\t<meta name=\"twitter:data1\" content=\"Ole Andersen\" \/>\n\t<meta name=\"twitter:label2\" content=\"Ansl. lesetid\" \/>\n\t<meta name=\"twitter:data2\" content=\"4 minutter\" \/>\n<script type=\"application\/ld+json\" class=\"yoast-schema-graph\">{\"@context\":\"https:\/\/schema.org\",\"@graph\":[{\"@type\":\"Article\",\"@id\":\"https:\/\/nordnesrepublikken.no\/index.php\/2026\/04\/08\/nar-sinnet-ditt-er-klart-men-kroppen-ikke-er-det\/#article\",\"isPartOf\":{\"@id\":\"https:\/\/nordnesrepublikken.no\/index.php\/2026\/04\/08\/nar-sinnet-ditt-er-klart-men-kroppen-ikke-er-det\/\"},\"author\":{\"name\":\"Ole Andersen\",\"@id\":\"https:\/\/nordnesrepublikken.no\/#\/schema\/person\/2e7e81935bab77882fffb79296240ff1\"},\"headline\":\"N\u00e5r sinnet ditt er klart, men kroppen ikke er det\",\"datePublished\":\"2026-04-08T07:33:46+00:00\",\"dateModified\":\"2026-04-08T07:33:51+00:00\",\"mainEntityOfPage\":{\"@id\":\"https:\/\/nordnesrepublikken.no\/index.php\/2026\/04\/08\/nar-sinnet-ditt-er-klart-men-kroppen-ikke-er-det\/\"},\"wordCount\":819,\"publisher\":{\"@id\":\"https:\/\/nordnesrepublikken.no\/#organization\"},\"image\":{\"@id\":\"https:\/\/nordnesrepublikken.no\/index.php\/2026\/04\/08\/nar-sinnet-ditt-er-klart-men-kroppen-ikke-er-det\/#primaryimage\"},\"thumbnailUrl\":\"https:\/\/nordnesrepublikken.no\/wp-content\/uploads\/2026\/04\/1775633628_Nar-sinnet-ditt-er-klart-men-kroppen-ikke-er-det.png\",\"keywords\":[\"Det\",\"ditt\",\"ikke\",\"klart\",\"kroppen\",\"men\",\"n\u00e5r\",\"sinnet\"],\"articleSection\":[\"Livsstil\"],\"inLanguage\":\"nb-NO\"},{\"@type\":\"WebPage\",\"@id\":\"https:\/\/nordnesrepublikken.no\/index.php\/2026\/04\/08\/nar-sinnet-ditt-er-klart-men-kroppen-ikke-er-det\/\",\"url\":\"https:\/\/nordnesrepublikken.no\/index.php\/2026\/04\/08\/nar-sinnet-ditt-er-klart-men-kroppen-ikke-er-det\/\",\"name\":\"N\u00e5r sinnet ditt er klart, men kroppen ikke er det - Nordnesrepublikken\",\"isPartOf\":{\"@id\":\"https:\/\/nordnesrepublikken.no\/#website\"},\"primaryImageOfPage\":{\"@id\":\"https:\/\/nordnesrepublikken.no\/index.php\/2026\/04\/08\/nar-sinnet-ditt-er-klart-men-kroppen-ikke-er-det\/#primaryimage\"},\"image\":{\"@id\":\"https:\/\/nordnesrepublikken.no\/index.php\/2026\/04\/08\/nar-sinnet-ditt-er-klart-men-kroppen-ikke-er-det\/#primaryimage\"},\"thumbnailUrl\":\"https:\/\/nordnesrepublikken.no\/wp-content\/uploads\/2026\/04\/1775633628_Nar-sinnet-ditt-er-klart-men-kroppen-ikke-er-det.png\",\"datePublished\":\"2026-04-08T07:33:46+00:00\",\"dateModified\":\"2026-04-08T07:33:51+00:00\",\"breadcrumb\":{\"@id\":\"https:\/\/nordnesrepublikken.no\/index.php\/2026\/04\/08\/nar-sinnet-ditt-er-klart-men-kroppen-ikke-er-det\/#breadcrumb\"},\"inLanguage\":\"nb-NO\",\"potentialAction\":[{\"@type\":\"ReadAction\",\"target\":[\"https:\/\/nordnesrepublikken.no\/index.php\/2026\/04\/08\/nar-sinnet-ditt-er-klart-men-kroppen-ikke-er-det\/\"]}]},{\"@type\":\"ImageObject\",\"inLanguage\":\"nb-NO\",\"@id\":\"https:\/\/nordnesrepublikken.no\/index.php\/2026\/04\/08\/nar-sinnet-ditt-er-klart-men-kroppen-ikke-er-det\/#primaryimage\",\"url\":\"https:\/\/nordnesrepublikken.no\/wp-content\/uploads\/2026\/04\/1775633628_Nar-sinnet-ditt-er-klart-men-kroppen-ikke-er-det.png\",\"contentUrl\":\"https:\/\/nordnesrepublikken.no\/wp-content\/uploads\/2026\/04\/1775633628_Nar-sinnet-ditt-er-klart-men-kroppen-ikke-er-det.png\",\"width\":1080,\"height\":1350,\"caption\":\"N\u00e5r sinnet ditt er klart, men kroppen ikke er det\"},{\"@type\":\"BreadcrumbList\",\"@id\":\"https:\/\/nordnesrepublikken.no\/index.php\/2026\/04\/08\/nar-sinnet-ditt-er-klart-men-kroppen-ikke-er-det\/#breadcrumb\",\"itemListElement\":[{\"@type\":\"ListItem\",\"position\":1,\"name\":\"Home\",\"item\":\"https:\/\/nordnesrepublikken.no\/\"},{\"@type\":\"ListItem\",\"position\":2,\"name\":\"N\u00e5r sinnet ditt er klart, men kroppen ikke er det\"}]},{\"@type\":\"WebSite\",\"@id\":\"https:\/\/nordnesrepublikken.no\/#website\",\"url\":\"https:\/\/nordnesrepublikken.no\/\",\"name\":\"Nordnesrepublikken\",\"description\":\"Stemmer og Visjoner fra Republikkens Hjerte\",\"publisher\":{\"@id\":\"https:\/\/nordnesrepublikken.no\/#organization\"},\"potentialAction\":[{\"@type\":\"SearchAction\",\"target\":{\"@type\":\"EntryPoint\",\"urlTemplate\":\"https:\/\/nordnesrepublikken.no\/?s={search_term_string}\"},\"query-input\":{\"@type\":\"PropertyValueSpecification\",\"valueRequired\":true,\"valueName\":\"search_term_string\"}}],\"inLanguage\":\"nb-NO\"},{\"@type\":\"Organization\",\"@id\":\"https:\/\/nordnesrepublikken.no\/#organization\",\"name\":\"Nordnesrepublikken\",\"url\":\"https:\/\/nordnesrepublikken.no\/\",\"logo\":{\"@type\":\"ImageObject\",\"inLanguage\":\"nb-NO\",\"@id\":\"https:\/\/nordnesrepublikken.no\/#\/schema\/logo\/image\/\",\"url\":\"https:\/\/nordnesrepublikken.no\/wp-content\/uploads\/2025\/02\/cropped-nordnesrepublikken-2.png\",\"contentUrl\":\"https:\/\/nordnesrepublikken.no\/wp-content\/uploads\/2025\/02\/cropped-nordnesrepublikken-2.png\",\"width\":1248,\"height\":362,\"caption\":\"Nordnesrepublikken\"},\"image\":{\"@id\":\"https:\/\/nordnesrepublikken.no\/#\/schema\/logo\/image\/\"}},{\"@type\":\"Person\",\"@id\":\"https:\/\/nordnesrepublikken.no\/#\/schema\/person\/2e7e81935bab77882fffb79296240ff1\",\"name\":\"Ole Andersen\",\"image\":{\"@type\":\"ImageObject\",\"inLanguage\":\"nb-NO\",\"@id\":\"https:\/\/nordnesrepublikken.no\/#\/schema\/person\/image\/\",\"url\":\"https:\/\/nordnesrepublikken.no\/wp-content\/uploads\/2025\/02\/nordnesrepublikken-2-2-150x150.jpg\",\"contentUrl\":\"https:\/\/nordnesrepublikken.no\/wp-content\/uploads\/2025\/02\/nordnesrepublikken-2-2-150x150.jpg\",\"caption\":\"Ole Andersen\"},\"description\":\"Ettersom jeg vokste opp i Oslo, har jeg alltid v\u00e6rt fascinert av ordenes kraft og deres evne til \u00e5 skape endringer. Etter \u00e5 ha fullf\u00f8rt min utdannelse i kommunikasjon ved Universitetet i Bergen, fikk jeg muligheten til \u00e5 jobbe innen ulike medier, der jeg har s\u00f8kt \u00e5 belyse viktige samfunnssp\u00f8rsm\u00e5l. I dag, som redakt\u00f8r for Nordnesrepublikken, pr\u00f8ver jeg \u00e5 forene min kj\u00e6rlighet for journalistikk med min lidenskap for innovasjon og eventyr.\",\"sameAs\":[\"https:\/\/nordnesrepublikken.no\/\"]}]}<\/script>\n<!-- \/ Yoast SEO plugin. -->","yoast_head_json":{"title":"N\u00e5r sinnet ditt er klart, men kroppen ikke er det - Nordnesrepublikken","robots":{"index":"index","follow":"follow","max-snippet":"max-snippet:-1","max-image-preview":"max-image-preview:large","max-video-preview":"max-video-preview:-1"},"canonical":"https:\/\/nordnesrepublikken.no\/index.php\/2026\/04\/08\/nar-sinnet-ditt-er-klart-men-kroppen-ikke-er-det\/","og_locale":"nb_NO","og_type":"article","og_title":"N\u00e5r sinnet ditt er klart, men kroppen ikke er det - Nordnesrepublikken","og_description":"Har du noen gang lagt merke til dette? Du v\u00e5kner&#8230; og tankene dine er allerede","og_url":"https:\/\/nordnesrepublikken.no\/index.php\/2026\/04\/08\/nar-sinnet-ditt-er-klart-men-kroppen-ikke-er-det\/","og_site_name":"Nordnesrepublikken","article_published_time":"2026-04-08T07:33:46+00:00","article_modified_time":"2026-04-08T07:33:51+00:00","og_image":[{"width":1080,"height":1350,"url":"https:\/\/nordnesrepublikken.no\/wp-content\/uploads\/2026\/04\/1775633628_Nar-sinnet-ditt-er-klart-men-kroppen-ikke-er-det.png","type":"image\/png"}],"author":"Ole Andersen","twitter_card":"summary_large_image","twitter_misc":{"Skrevet av":"Ole Andersen","Ansl. lesetid":"4 minutter"},"schema":{"@context":"https:\/\/schema.org","@graph":[{"@type":"Article","@id":"https:\/\/nordnesrepublikken.no\/index.php\/2026\/04\/08\/nar-sinnet-ditt-er-klart-men-kroppen-ikke-er-det\/#article","isPartOf":{"@id":"https:\/\/nordnesrepublikken.no\/index.php\/2026\/04\/08\/nar-sinnet-ditt-er-klart-men-kroppen-ikke-er-det\/"},"author":{"name":"Ole Andersen","@id":"https:\/\/nordnesrepublikken.no\/#\/schema\/person\/2e7e81935bab77882fffb79296240ff1"},"headline":"N\u00e5r sinnet ditt er klart, men kroppen ikke er det","datePublished":"2026-04-08T07:33:46+00:00","dateModified":"2026-04-08T07:33:51+00:00","mainEntityOfPage":{"@id":"https:\/\/nordnesrepublikken.no\/index.php\/2026\/04\/08\/nar-sinnet-ditt-er-klart-men-kroppen-ikke-er-det\/"},"wordCount":819,"publisher":{"@id":"https:\/\/nordnesrepublikken.no\/#organization"},"image":{"@id":"https:\/\/nordnesrepublikken.no\/index.php\/2026\/04\/08\/nar-sinnet-ditt-er-klart-men-kroppen-ikke-er-det\/#primaryimage"},"thumbnailUrl":"https:\/\/nordnesrepublikken.no\/wp-content\/uploads\/2026\/04\/1775633628_Nar-sinnet-ditt-er-klart-men-kroppen-ikke-er-det.png","keywords":["Det","ditt","ikke","klart","kroppen","men","n\u00e5r","sinnet"],"articleSection":["Livsstil"],"inLanguage":"nb-NO"},{"@type":"WebPage","@id":"https:\/\/nordnesrepublikken.no\/index.php\/2026\/04\/08\/nar-sinnet-ditt-er-klart-men-kroppen-ikke-er-det\/","url":"https:\/\/nordnesrepublikken.no\/index.php\/2026\/04\/08\/nar-sinnet-ditt-er-klart-men-kroppen-ikke-er-det\/","name":"N\u00e5r sinnet ditt er klart, men kroppen ikke er det - Nordnesrepublikken","isPartOf":{"@id":"https:\/\/nordnesrepublikken.no\/#website"},"primaryImageOfPage":{"@id":"https:\/\/nordnesrepublikken.no\/index.php\/2026\/04\/08\/nar-sinnet-ditt-er-klart-men-kroppen-ikke-er-det\/#primaryimage"},"image":{"@id":"https:\/\/nordnesrepublikken.no\/index.php\/2026\/04\/08\/nar-sinnet-ditt-er-klart-men-kroppen-ikke-er-det\/#primaryimage"},"thumbnailUrl":"https:\/\/nordnesrepublikken.no\/wp-content\/uploads\/2026\/04\/1775633628_Nar-sinnet-ditt-er-klart-men-kroppen-ikke-er-det.png","datePublished":"2026-04-08T07:33:46+00:00","dateModified":"2026-04-08T07:33:51+00:00","breadcrumb":{"@id":"https:\/\/nordnesrepublikken.no\/index.php\/2026\/04\/08\/nar-sinnet-ditt-er-klart-men-kroppen-ikke-er-det\/#breadcrumb"},"inLanguage":"nb-NO","potentialAction":[{"@type":"ReadAction","target":["https:\/\/nordnesrepublikken.no\/index.php\/2026\/04\/08\/nar-sinnet-ditt-er-klart-men-kroppen-ikke-er-det\/"]}]},{"@type":"ImageObject","inLanguage":"nb-NO","@id":"https:\/\/nordnesrepublikken.no\/index.php\/2026\/04\/08\/nar-sinnet-ditt-er-klart-men-kroppen-ikke-er-det\/#primaryimage","url":"https:\/\/nordnesrepublikken.no\/wp-content\/uploads\/2026\/04\/1775633628_Nar-sinnet-ditt-er-klart-men-kroppen-ikke-er-det.png","contentUrl":"https:\/\/nordnesrepublikken.no\/wp-content\/uploads\/2026\/04\/1775633628_Nar-sinnet-ditt-er-klart-men-kroppen-ikke-er-det.png","width":1080,"height":1350,"caption":"N\u00e5r sinnet ditt er klart, men kroppen ikke er det"},{"@type":"BreadcrumbList","@id":"https:\/\/nordnesrepublikken.no\/index.php\/2026\/04\/08\/nar-sinnet-ditt-er-klart-men-kroppen-ikke-er-det\/#breadcrumb","itemListElement":[{"@type":"ListItem","position":1,"name":"Home","item":"https:\/\/nordnesrepublikken.no\/"},{"@type":"ListItem","position":2,"name":"N\u00e5r sinnet ditt er klart, men kroppen ikke er det"}]},{"@type":"WebSite","@id":"https:\/\/nordnesrepublikken.no\/#website","url":"https:\/\/nordnesrepublikken.no\/","name":"Nordnesrepublikken","description":"Stemmer og Visjoner fra Republikkens Hjerte","publisher":{"@id":"https:\/\/nordnesrepublikken.no\/#organization"},"potentialAction":[{"@type":"SearchAction","target":{"@type":"EntryPoint","urlTemplate":"https:\/\/nordnesrepublikken.no\/?s={search_term_string}"},"query-input":{"@type":"PropertyValueSpecification","valueRequired":true,"valueName":"search_term_string"}}],"inLanguage":"nb-NO"},{"@type":"Organization","@id":"https:\/\/nordnesrepublikken.no\/#organization","name":"Nordnesrepublikken","url":"https:\/\/nordnesrepublikken.no\/","logo":{"@type":"ImageObject","inLanguage":"nb-NO","@id":"https:\/\/nordnesrepublikken.no\/#\/schema\/logo\/image\/","url":"https:\/\/nordnesrepublikken.no\/wp-content\/uploads\/2025\/02\/cropped-nordnesrepublikken-2.png","contentUrl":"https:\/\/nordnesrepublikken.no\/wp-content\/uploads\/2025\/02\/cropped-nordnesrepublikken-2.png","width":1248,"height":362,"caption":"Nordnesrepublikken"},"image":{"@id":"https:\/\/nordnesrepublikken.no\/#\/schema\/logo\/image\/"}},{"@type":"Person","@id":"https:\/\/nordnesrepublikken.no\/#\/schema\/person\/2e7e81935bab77882fffb79296240ff1","name":"Ole Andersen","image":{"@type":"ImageObject","inLanguage":"nb-NO","@id":"https:\/\/nordnesrepublikken.no\/#\/schema\/person\/image\/","url":"https:\/\/nordnesrepublikken.no\/wp-content\/uploads\/2025\/02\/nordnesrepublikken-2-2-150x150.jpg","contentUrl":"https:\/\/nordnesrepublikken.no\/wp-content\/uploads\/2025\/02\/nordnesrepublikken-2-2-150x150.jpg","caption":"Ole Andersen"},"description":"Ettersom jeg vokste opp i Oslo, har jeg alltid v\u00e6rt fascinert av ordenes kraft og deres evne til \u00e5 skape endringer. Etter \u00e5 ha fullf\u00f8rt min utdannelse i kommunikasjon ved Universitetet i Bergen, fikk jeg muligheten til \u00e5 jobbe innen ulike medier, der jeg har s\u00f8kt \u00e5 belyse viktige samfunnssp\u00f8rsm\u00e5l. I dag, som redakt\u00f8r for Nordnesrepublikken, pr\u00f8ver jeg \u00e5 forene min kj\u00e6rlighet for journalistikk med min lidenskap for innovasjon og eventyr.","sameAs":["https:\/\/nordnesrepublikken.no\/"]}]}},"_links":{"self":[{"href":"https:\/\/nordnesrepublikken.no\/index.php\/wp-json\/wp\/v2\/posts\/16727","targetHints":{"allow":["GET"]}}],"collection":[{"href":"https:\/\/nordnesrepublikken.no\/index.php\/wp-json\/wp\/v2\/posts"}],"about":[{"href":"https:\/\/nordnesrepublikken.no\/index.php\/wp-json\/wp\/v2\/types\/post"}],"author":[{"embeddable":true,"href":"https:\/\/nordnesrepublikken.no\/index.php\/wp-json\/wp\/v2\/users\/1"}],"replies":[{"embeddable":true,"href":"https:\/\/nordnesrepublikken.no\/index.php\/wp-json\/wp\/v2\/comments?post=16727"}],"version-history":[{"count":1,"href":"https:\/\/nordnesrepublikken.no\/index.php\/wp-json\/wp\/v2\/posts\/16727\/revisions"}],"predecessor-version":[{"id":16729,"href":"https:\/\/nordnesrepublikken.no\/index.php\/wp-json\/wp\/v2\/posts\/16727\/revisions\/16729"}],"wp:featuredmedia":[{"embeddable":true,"href":"https:\/\/nordnesrepublikken.no\/index.php\/wp-json\/wp\/v2\/media\/16728"}],"wp:attachment":[{"href":"https:\/\/nordnesrepublikken.no\/index.php\/wp-json\/wp\/v2\/media?parent=16727"}],"wp:term":[{"taxonomy":"category","embeddable":true,"href":"https:\/\/nordnesrepublikken.no\/index.php\/wp-json\/wp\/v2\/categories?post=16727"},{"taxonomy":"post_tag","embeddable":true,"href":"https:\/\/nordnesrepublikken.no\/index.php\/wp-json\/wp\/v2\/tags?post=16727"}],"curies":[{"name":"wp","href":"https:\/\/api.w.org\/{rel}","templated":true}]}}