{"id":16718,"date":"2026-04-07T17:25:21","date_gmt":"2026-04-07T15:25:21","guid":{"rendered":"https:\/\/nordnesrepublikken.no\/index.php\/2026\/04\/07\/dataene-fra-ingv-bulletinen-etter-dagens-jordskjelv\/"},"modified":"2026-04-07T17:25:23","modified_gmt":"2026-04-07T15:25:23","slug":"dataene-fra-ingv-bulletinen-etter-dagens-jordskjelv","status":"publish","type":"post","link":"https:\/\/nordnesrepublikken.no\/index.php\/2026\/04\/07\/dataene-fra-ingv-bulletinen-etter-dagens-jordskjelv\/","title":{"rendered":"dataene fra INGV-bulletinen etter dagens jordskjelv"},"content":{"rendered":"<div>\n<div class=\"cp_wrapper cp_wrapper--fw mb-30 mb-20@tablet\">\n<figure class=\"mm\"><picture class=\"img\" style=\"padding-top:56.25%\"><source  media=\"(min-width: 1024px)\"><source  media=\"(min-width: 768px)\"><\/source><\/source><\/picture><\/figure>\n<\/p><\/div>\n<p>Til <strong>Phlegraean Fields<\/strong> seismisitet forblir inneholdt til tross for <strong>jordskjelv med styrke 3,3<\/strong> registrert i dag, 7. april, med et episenter 5 km fra Pozzuoli: if\u00f8lge det som ble rapportert i den siste ukentlige INGV-bulletinen, var det fra 30. mars til 5. april bare 26 jordskjelv i det flegraiske omr\u00e5det, med en maksimal styrke p\u00e5 2,1. Dette er en liten \u00f8kning sammenlignet med de 13 rystelsene forrige uke. Gjennom hele m\u00e5neden <strong>mars 2026<\/strong>registrerte Vesuvian Observatory <strong>178 jordskjelv med en maksimal styrke p\u00e5 2,4<\/strong>en klar nedgang sammenlignet med de 254 jordskjelvene i l\u00f8pet av de 28 dagene av februar.<\/p>\n<p>I mellomtiden har INGV <strong>bekreftet slutten p\u00e5 jordskjelvsvermen<\/strong> startet i dag, 7. april, klokken 04:32, hvor det ble registrert 16 rystelser, hvorav den sterkeste var den med styrke 3,3.<\/p>\n<p>Sett fra jordl\u00f8fting pga <strong>bradyseisme<\/strong>i referanseuken forblir situasjonen uendret, med gjennomsnittlig m\u00e5nedlig hastighet p\u00e5 10\u00b13 mm per m\u00e5ned. De geokjemiske parameterne er ogs\u00e5 stabile, og temperaturen p\u00e5 fumarolen i Solfatara-krateret bekrefter en gjennomsnittsverdi p\u00e5 173 \u00b0C.<\/p>\n<h2>Seismisiteten er fortsatt lav: p\u00e5 en uke 26 rystelser med en maksimal styrke p\u00e5 2,1<\/h2>\n<p>I uken fra 30. mars til 5. april 2026, a<strong>26 jordskjelv ble registrert i Campi Flegrei, med en maksimal styrke p\u00e5 2,1.<\/strong> Bare to skjelvinger hadde imidlertid en styrke st\u00f8rre enn 2,0, derfor p\u00e5 grensen for sansbarhet for lokalbefolkningen. Sammenlignet med forrige uke doblet det totale antallet seismiske hendelser seg (fra 13 til 26) mens de holdt seg p\u00e5 lave verdier, med den maksimale intensiteten til skjelvingene som steg fra 1,0 til 2,1.<\/p>\n<div class=\"cp_wrapper cp_wrapper--fw mb-50\">\n<figure class=\"mm\"><picture class=\"img\" style=\"padding-top:73.333333333333%\"><source  media=\"(min-width: 1024px)\"><source  media=\"(min-width: 768px)\"><img decoding=\"async\" loading=\"lazy\" src=\"https:\/\/nordnesrepublikken.no\/wp-content\/uploads\/2026\/04\/1775575520_118_dataene-fra-INGV-bulletinen-etter-dagens-jordskjelv.jpg\" alt=\"jordskjelv-kart-campi-flegrei\" width=\"960\" height=\"704\"\/><\/source><\/source><\/picture><\/figure>\n<\/p><\/div>\n<p>Samtidig,<strong> ingen seismiske svermer ble p\u00e5vist<\/strong> og den <strong>dybden av jordskjelv<\/strong> den ble opprettholdt <strong>overfladisk<\/strong>varierende mellom 1,03 km og 2,97 km. Dette skjer fordi i det flegreiske omr\u00e5det skyldes seismisiteten bradyseisme: jordskjelv genereres ikke av klassiske tektoniske bevegelser, men av deformasjon av jordskorpen for\u00e5rsaket av skyvekraft fra v\u00e6sker og l\u00f8ft.<\/p>\n<h2>Stabil bradyseisme, med bakkel\u00f8fthastighet p\u00e5 10 mm\/mnd<\/h2>\n<p>Fra februar 2026 var<strong> gjennomsnittlig hastighet p\u00e5 markl\u00f8ft<\/strong> (p\u00e5 grunn av bradyseisme) har sl\u00e5tt seg opp igjen <strong>verdier lik 10 \u00b1 3 mm per m\u00e5ned<\/strong>som motvirker trenden etter akselerasjonen registrert mellom oktober og desember 2025, da hastigheten n\u00e5dde 25 mm\/m\u00e5ned. Siden januar 2025 er den totale heisen registrert p\u00e5 GNSS-stasjonen (Rione Terra) ca <strong>26 cm<\/strong>.<\/p>\n<div class=\"cp_wrapper cp_wrapper--fw mb-50\">\n<figure class=\"mm\"><picture class=\"img\" style=\"padding-top:46.153846153846%\"><source  media=\"(min-width: 1024px)\"><source  media=\"(min-width: 768px)\"><img decoding=\"async\" loading=\"lazy\" src=\"https:\/\/nordnesrepublikken.no\/wp-content\/uploads\/2026\/04\/1775575521_144_dataene-fra-INGV-bulletinen-etter-dagens-jordskjelv.jpg\" alt=\"bradyseisme i de flegreiske feltene\" width=\"1274\" height=\"588\" class=\"js-seedtag-img\"\/><\/source><\/source><\/picture><\/figure>\n<\/p><\/div>\n<p>De geokjemiske parametrene bekreftes ogs\u00e5 i tr\u00e5d med de allerede kjente \u00f8kende trendene, b\u00e5de n\u00e5r det gjelder gassstr\u00f8mmer som slippes ut og n\u00e5r det gjelder temperatur p\u00e5 fumarolene. I referanseuken viste temperaturen i Pisciarelli fumarole en gjennomsnittsverdi p\u00e5 <strong>~95 \u00b0C,<\/strong> mens ved hovedfumarolen (BG) i Solfatara-krateret en gjennomsnittsverdi p\u00e5 ca<strong> 173\u00b0C.<\/strong><\/p>\n<h2>INGVs ukentlige bulletin i sammendrag<\/h2>\n<p>Oppsummert rapporterte den siste ukentlige bulletinen fra Vesuvian Observatory om aktiviteten til Campi Flegrei:<\/p>\n<ul>\n<li><strong>Seismisitet<\/strong>: den holder seg p\u00e5 lave niv\u00e5er, til tross for dagens seismiske sverm. I referanseuken ble det lokalisert 26 jordskjelv med en maksimal styrke p\u00e5 2,1.<\/li>\n<li><strong>Bradyseisme<\/strong>: bekreftet stabil fra februar 2026, med en markl\u00f8fthastighet p\u00e5 ca. 10\u00b13 mm\/mnd.<\/li>\n<li><strong>Temperaturer<\/strong>: verdier vesentlig uendret (rundt 173 \u00b0C i Solfatara-krateret), i tr\u00e5d med den langsiktige trenden som indikerer en progressiv oppvarming av det hydrotermiske systemet.<\/li>\n<\/ul><\/div>\n","protected":false},"excerpt":{"rendered":"<p>Til Phlegraean Fields seismisitet forblir inneholdt til tross for jordskjelv med styrke 3,3 registrert i<\/p>\n","protected":false},"author":1,"featured_media":16719,"comment_status":"closed","ping_status":"open","sticky":false,"template":"","format":"standard","meta":{"footnotes":""},"categories":[24],"tags":[913,1217,92,125,7138,137],"class_list":["post-16718","post","type-post","status-publish","format-standard","has-post-thumbnail","hentry","category-vitenskap","tag-dagens","tag-dataene","tag-etter","tag-fra","tag-ingvbulletinen","tag-jordskjelv","generate-columns","tablet-grid-50","mobile-grid-100","grid-parent","grid-33","resize-featured-image"],"yoast_head":"<!-- This site is optimized with the Yoast SEO plugin v24.4 - https:\/\/yoast.com\/wordpress\/plugins\/seo\/ -->\n<title>dataene fra INGV-bulletinen etter dagens jordskjelv - Nordnesrepublikken<\/title>\n<meta name=\"robots\" content=\"index, follow, max-snippet:-1, max-image-preview:large, max-video-preview:-1\" \/>\n<link rel=\"canonical\" href=\"https:\/\/nordnesrepublikken.no\/index.php\/2026\/04\/07\/dataene-fra-ingv-bulletinen-etter-dagens-jordskjelv\/\" \/>\n<meta property=\"og:locale\" content=\"nb_NO\" \/>\n<meta property=\"og:type\" content=\"article\" \/>\n<meta property=\"og:title\" content=\"dataene fra INGV-bulletinen etter dagens jordskjelv - Nordnesrepublikken\" \/>\n<meta property=\"og:description\" content=\"Til Phlegraean Fields seismisitet forblir inneholdt til tross for jordskjelv med styrke 3,3 registrert i\" \/>\n<meta property=\"og:url\" content=\"https:\/\/nordnesrepublikken.no\/index.php\/2026\/04\/07\/dataene-fra-ingv-bulletinen-etter-dagens-jordskjelv\/\" \/>\n<meta property=\"og:site_name\" content=\"Nordnesrepublikken\" \/>\n<meta property=\"article:published_time\" content=\"2026-04-07T15:25:21+00:00\" \/>\n<meta property=\"article:modified_time\" content=\"2026-04-07T15:25:23+00:00\" \/>\n<meta property=\"og:image\" content=\"https:\/\/nordnesrepublikken.no\/wp-content\/uploads\/2026\/04\/1775575523_dataene-fra-INGV-bulletinen-etter-dagens-jordskjelv.jpg\" \/>\n\t<meta property=\"og:image:width\" content=\"1262\" \/>\n\t<meta property=\"og:image:height\" content=\"704\" \/>\n\t<meta property=\"og:image:type\" content=\"image\/jpeg\" \/>\n<meta name=\"author\" content=\"Ole Andersen\" \/>\n<meta name=\"twitter:card\" content=\"summary_large_image\" \/>\n<meta name=\"twitter:label1\" content=\"Skrevet av\" \/>\n\t<meta name=\"twitter:data1\" content=\"Ole Andersen\" \/>\n\t<meta name=\"twitter:label2\" content=\"Ansl. lesetid\" \/>\n\t<meta name=\"twitter:data2\" content=\"2 minutter\" \/>\n<script type=\"application\/ld+json\" class=\"yoast-schema-graph\">{\"@context\":\"https:\/\/schema.org\",\"@graph\":[{\"@type\":\"Article\",\"@id\":\"https:\/\/nordnesrepublikken.no\/index.php\/2026\/04\/07\/dataene-fra-ingv-bulletinen-etter-dagens-jordskjelv\/#article\",\"isPartOf\":{\"@id\":\"https:\/\/nordnesrepublikken.no\/index.php\/2026\/04\/07\/dataene-fra-ingv-bulletinen-etter-dagens-jordskjelv\/\"},\"author\":{\"name\":\"Ole Andersen\",\"@id\":\"https:\/\/nordnesrepublikken.no\/#\/schema\/person\/2e7e81935bab77882fffb79296240ff1\"},\"headline\":\"dataene fra INGV-bulletinen etter dagens jordskjelv\",\"datePublished\":\"2026-04-07T15:25:21+00:00\",\"dateModified\":\"2026-04-07T15:25:23+00:00\",\"mainEntityOfPage\":{\"@id\":\"https:\/\/nordnesrepublikken.no\/index.php\/2026\/04\/07\/dataene-fra-ingv-bulletinen-etter-dagens-jordskjelv\/\"},\"wordCount\":487,\"publisher\":{\"@id\":\"https:\/\/nordnesrepublikken.no\/#organization\"},\"image\":{\"@id\":\"https:\/\/nordnesrepublikken.no\/index.php\/2026\/04\/07\/dataene-fra-ingv-bulletinen-etter-dagens-jordskjelv\/#primaryimage\"},\"thumbnailUrl\":\"https:\/\/nordnesrepublikken.no\/wp-content\/uploads\/2026\/04\/1775575523_dataene-fra-INGV-bulletinen-etter-dagens-jordskjelv.jpg\",\"keywords\":[\"dagens\",\"dataene\",\"Etter\",\"fra\",\"INGVbulletinen\",\"Jordskjelv\"],\"articleSection\":[\"Vitenskap\"],\"inLanguage\":\"nb-NO\"},{\"@type\":\"WebPage\",\"@id\":\"https:\/\/nordnesrepublikken.no\/index.php\/2026\/04\/07\/dataene-fra-ingv-bulletinen-etter-dagens-jordskjelv\/\",\"url\":\"https:\/\/nordnesrepublikken.no\/index.php\/2026\/04\/07\/dataene-fra-ingv-bulletinen-etter-dagens-jordskjelv\/\",\"name\":\"dataene fra INGV-bulletinen etter dagens jordskjelv - Nordnesrepublikken\",\"isPartOf\":{\"@id\":\"https:\/\/nordnesrepublikken.no\/#website\"},\"primaryImageOfPage\":{\"@id\":\"https:\/\/nordnesrepublikken.no\/index.php\/2026\/04\/07\/dataene-fra-ingv-bulletinen-etter-dagens-jordskjelv\/#primaryimage\"},\"image\":{\"@id\":\"https:\/\/nordnesrepublikken.no\/index.php\/2026\/04\/07\/dataene-fra-ingv-bulletinen-etter-dagens-jordskjelv\/#primaryimage\"},\"thumbnailUrl\":\"https:\/\/nordnesrepublikken.no\/wp-content\/uploads\/2026\/04\/1775575523_dataene-fra-INGV-bulletinen-etter-dagens-jordskjelv.jpg\",\"datePublished\":\"2026-04-07T15:25:21+00:00\",\"dateModified\":\"2026-04-07T15:25:23+00:00\",\"breadcrumb\":{\"@id\":\"https:\/\/nordnesrepublikken.no\/index.php\/2026\/04\/07\/dataene-fra-ingv-bulletinen-etter-dagens-jordskjelv\/#breadcrumb\"},\"inLanguage\":\"nb-NO\",\"potentialAction\":[{\"@type\":\"ReadAction\",\"target\":[\"https:\/\/nordnesrepublikken.no\/index.php\/2026\/04\/07\/dataene-fra-ingv-bulletinen-etter-dagens-jordskjelv\/\"]}]},{\"@type\":\"ImageObject\",\"inLanguage\":\"nb-NO\",\"@id\":\"https:\/\/nordnesrepublikken.no\/index.php\/2026\/04\/07\/dataene-fra-ingv-bulletinen-etter-dagens-jordskjelv\/#primaryimage\",\"url\":\"https:\/\/nordnesrepublikken.no\/wp-content\/uploads\/2026\/04\/1775575523_dataene-fra-INGV-bulletinen-etter-dagens-jordskjelv.jpg\",\"contentUrl\":\"https:\/\/nordnesrepublikken.no\/wp-content\/uploads\/2026\/04\/1775575523_dataene-fra-INGV-bulletinen-etter-dagens-jordskjelv.jpg\",\"width\":1262,\"height\":704,\"caption\":\"dataene fra INGV-bulletinen etter dagens jordskjelv\"},{\"@type\":\"BreadcrumbList\",\"@id\":\"https:\/\/nordnesrepublikken.no\/index.php\/2026\/04\/07\/dataene-fra-ingv-bulletinen-etter-dagens-jordskjelv\/#breadcrumb\",\"itemListElement\":[{\"@type\":\"ListItem\",\"position\":1,\"name\":\"Home\",\"item\":\"https:\/\/nordnesrepublikken.no\/\"},{\"@type\":\"ListItem\",\"position\":2,\"name\":\"dataene fra INGV-bulletinen etter dagens jordskjelv\"}]},{\"@type\":\"WebSite\",\"@id\":\"https:\/\/nordnesrepublikken.no\/#website\",\"url\":\"https:\/\/nordnesrepublikken.no\/\",\"name\":\"Nordnesrepublikken\",\"description\":\"Stemmer og Visjoner fra Republikkens Hjerte\",\"publisher\":{\"@id\":\"https:\/\/nordnesrepublikken.no\/#organization\"},\"potentialAction\":[{\"@type\":\"SearchAction\",\"target\":{\"@type\":\"EntryPoint\",\"urlTemplate\":\"https:\/\/nordnesrepublikken.no\/?s={search_term_string}\"},\"query-input\":{\"@type\":\"PropertyValueSpecification\",\"valueRequired\":true,\"valueName\":\"search_term_string\"}}],\"inLanguage\":\"nb-NO\"},{\"@type\":\"Organization\",\"@id\":\"https:\/\/nordnesrepublikken.no\/#organization\",\"name\":\"Nordnesrepublikken\",\"url\":\"https:\/\/nordnesrepublikken.no\/\",\"logo\":{\"@type\":\"ImageObject\",\"inLanguage\":\"nb-NO\",\"@id\":\"https:\/\/nordnesrepublikken.no\/#\/schema\/logo\/image\/\",\"url\":\"https:\/\/nordnesrepublikken.no\/wp-content\/uploads\/2025\/02\/cropped-nordnesrepublikken-2.png\",\"contentUrl\":\"https:\/\/nordnesrepublikken.no\/wp-content\/uploads\/2025\/02\/cropped-nordnesrepublikken-2.png\",\"width\":1248,\"height\":362,\"caption\":\"Nordnesrepublikken\"},\"image\":{\"@id\":\"https:\/\/nordnesrepublikken.no\/#\/schema\/logo\/image\/\"}},{\"@type\":\"Person\",\"@id\":\"https:\/\/nordnesrepublikken.no\/#\/schema\/person\/2e7e81935bab77882fffb79296240ff1\",\"name\":\"Ole Andersen\",\"image\":{\"@type\":\"ImageObject\",\"inLanguage\":\"nb-NO\",\"@id\":\"https:\/\/nordnesrepublikken.no\/#\/schema\/person\/image\/\",\"url\":\"https:\/\/nordnesrepublikken.no\/wp-content\/uploads\/2025\/02\/nordnesrepublikken-2-2-150x150.jpg\",\"contentUrl\":\"https:\/\/nordnesrepublikken.no\/wp-content\/uploads\/2025\/02\/nordnesrepublikken-2-2-150x150.jpg\",\"caption\":\"Ole Andersen\"},\"description\":\"Ettersom jeg vokste opp i Oslo, har jeg alltid v\u00e6rt fascinert av ordenes kraft og deres evne til \u00e5 skape endringer. Etter \u00e5 ha fullf\u00f8rt min utdannelse i kommunikasjon ved Universitetet i Bergen, fikk jeg muligheten til \u00e5 jobbe innen ulike medier, der jeg har s\u00f8kt \u00e5 belyse viktige samfunnssp\u00f8rsm\u00e5l. I dag, som redakt\u00f8r for Nordnesrepublikken, pr\u00f8ver jeg \u00e5 forene min kj\u00e6rlighet for journalistikk med min lidenskap for innovasjon og eventyr.\",\"sameAs\":[\"https:\/\/nordnesrepublikken.no\/\"]}]}<\/script>\n<!-- \/ Yoast SEO plugin. -->","yoast_head_json":{"title":"dataene fra INGV-bulletinen etter dagens jordskjelv - Nordnesrepublikken","robots":{"index":"index","follow":"follow","max-snippet":"max-snippet:-1","max-image-preview":"max-image-preview:large","max-video-preview":"max-video-preview:-1"},"canonical":"https:\/\/nordnesrepublikken.no\/index.php\/2026\/04\/07\/dataene-fra-ingv-bulletinen-etter-dagens-jordskjelv\/","og_locale":"nb_NO","og_type":"article","og_title":"dataene fra INGV-bulletinen etter dagens jordskjelv - Nordnesrepublikken","og_description":"Til Phlegraean Fields seismisitet forblir inneholdt til tross for jordskjelv med styrke 3,3 registrert i","og_url":"https:\/\/nordnesrepublikken.no\/index.php\/2026\/04\/07\/dataene-fra-ingv-bulletinen-etter-dagens-jordskjelv\/","og_site_name":"Nordnesrepublikken","article_published_time":"2026-04-07T15:25:21+00:00","article_modified_time":"2026-04-07T15:25:23+00:00","og_image":[{"width":1262,"height":704,"url":"https:\/\/nordnesrepublikken.no\/wp-content\/uploads\/2026\/04\/1775575523_dataene-fra-INGV-bulletinen-etter-dagens-jordskjelv.jpg","type":"image\/jpeg"}],"author":"Ole Andersen","twitter_card":"summary_large_image","twitter_misc":{"Skrevet av":"Ole Andersen","Ansl. lesetid":"2 minutter"},"schema":{"@context":"https:\/\/schema.org","@graph":[{"@type":"Article","@id":"https:\/\/nordnesrepublikken.no\/index.php\/2026\/04\/07\/dataene-fra-ingv-bulletinen-etter-dagens-jordskjelv\/#article","isPartOf":{"@id":"https:\/\/nordnesrepublikken.no\/index.php\/2026\/04\/07\/dataene-fra-ingv-bulletinen-etter-dagens-jordskjelv\/"},"author":{"name":"Ole Andersen","@id":"https:\/\/nordnesrepublikken.no\/#\/schema\/person\/2e7e81935bab77882fffb79296240ff1"},"headline":"dataene fra INGV-bulletinen etter dagens jordskjelv","datePublished":"2026-04-07T15:25:21+00:00","dateModified":"2026-04-07T15:25:23+00:00","mainEntityOfPage":{"@id":"https:\/\/nordnesrepublikken.no\/index.php\/2026\/04\/07\/dataene-fra-ingv-bulletinen-etter-dagens-jordskjelv\/"},"wordCount":487,"publisher":{"@id":"https:\/\/nordnesrepublikken.no\/#organization"},"image":{"@id":"https:\/\/nordnesrepublikken.no\/index.php\/2026\/04\/07\/dataene-fra-ingv-bulletinen-etter-dagens-jordskjelv\/#primaryimage"},"thumbnailUrl":"https:\/\/nordnesrepublikken.no\/wp-content\/uploads\/2026\/04\/1775575523_dataene-fra-INGV-bulletinen-etter-dagens-jordskjelv.jpg","keywords":["dagens","dataene","Etter","fra","INGVbulletinen","Jordskjelv"],"articleSection":["Vitenskap"],"inLanguage":"nb-NO"},{"@type":"WebPage","@id":"https:\/\/nordnesrepublikken.no\/index.php\/2026\/04\/07\/dataene-fra-ingv-bulletinen-etter-dagens-jordskjelv\/","url":"https:\/\/nordnesrepublikken.no\/index.php\/2026\/04\/07\/dataene-fra-ingv-bulletinen-etter-dagens-jordskjelv\/","name":"dataene fra INGV-bulletinen etter dagens jordskjelv - Nordnesrepublikken","isPartOf":{"@id":"https:\/\/nordnesrepublikken.no\/#website"},"primaryImageOfPage":{"@id":"https:\/\/nordnesrepublikken.no\/index.php\/2026\/04\/07\/dataene-fra-ingv-bulletinen-etter-dagens-jordskjelv\/#primaryimage"},"image":{"@id":"https:\/\/nordnesrepublikken.no\/index.php\/2026\/04\/07\/dataene-fra-ingv-bulletinen-etter-dagens-jordskjelv\/#primaryimage"},"thumbnailUrl":"https:\/\/nordnesrepublikken.no\/wp-content\/uploads\/2026\/04\/1775575523_dataene-fra-INGV-bulletinen-etter-dagens-jordskjelv.jpg","datePublished":"2026-04-07T15:25:21+00:00","dateModified":"2026-04-07T15:25:23+00:00","breadcrumb":{"@id":"https:\/\/nordnesrepublikken.no\/index.php\/2026\/04\/07\/dataene-fra-ingv-bulletinen-etter-dagens-jordskjelv\/#breadcrumb"},"inLanguage":"nb-NO","potentialAction":[{"@type":"ReadAction","target":["https:\/\/nordnesrepublikken.no\/index.php\/2026\/04\/07\/dataene-fra-ingv-bulletinen-etter-dagens-jordskjelv\/"]}]},{"@type":"ImageObject","inLanguage":"nb-NO","@id":"https:\/\/nordnesrepublikken.no\/index.php\/2026\/04\/07\/dataene-fra-ingv-bulletinen-etter-dagens-jordskjelv\/#primaryimage","url":"https:\/\/nordnesrepublikken.no\/wp-content\/uploads\/2026\/04\/1775575523_dataene-fra-INGV-bulletinen-etter-dagens-jordskjelv.jpg","contentUrl":"https:\/\/nordnesrepublikken.no\/wp-content\/uploads\/2026\/04\/1775575523_dataene-fra-INGV-bulletinen-etter-dagens-jordskjelv.jpg","width":1262,"height":704,"caption":"dataene fra INGV-bulletinen etter dagens jordskjelv"},{"@type":"BreadcrumbList","@id":"https:\/\/nordnesrepublikken.no\/index.php\/2026\/04\/07\/dataene-fra-ingv-bulletinen-etter-dagens-jordskjelv\/#breadcrumb","itemListElement":[{"@type":"ListItem","position":1,"name":"Home","item":"https:\/\/nordnesrepublikken.no\/"},{"@type":"ListItem","position":2,"name":"dataene fra INGV-bulletinen etter dagens jordskjelv"}]},{"@type":"WebSite","@id":"https:\/\/nordnesrepublikken.no\/#website","url":"https:\/\/nordnesrepublikken.no\/","name":"Nordnesrepublikken","description":"Stemmer og Visjoner fra Republikkens Hjerte","publisher":{"@id":"https:\/\/nordnesrepublikken.no\/#organization"},"potentialAction":[{"@type":"SearchAction","target":{"@type":"EntryPoint","urlTemplate":"https:\/\/nordnesrepublikken.no\/?s={search_term_string}"},"query-input":{"@type":"PropertyValueSpecification","valueRequired":true,"valueName":"search_term_string"}}],"inLanguage":"nb-NO"},{"@type":"Organization","@id":"https:\/\/nordnesrepublikken.no\/#organization","name":"Nordnesrepublikken","url":"https:\/\/nordnesrepublikken.no\/","logo":{"@type":"ImageObject","inLanguage":"nb-NO","@id":"https:\/\/nordnesrepublikken.no\/#\/schema\/logo\/image\/","url":"https:\/\/nordnesrepublikken.no\/wp-content\/uploads\/2025\/02\/cropped-nordnesrepublikken-2.png","contentUrl":"https:\/\/nordnesrepublikken.no\/wp-content\/uploads\/2025\/02\/cropped-nordnesrepublikken-2.png","width":1248,"height":362,"caption":"Nordnesrepublikken"},"image":{"@id":"https:\/\/nordnesrepublikken.no\/#\/schema\/logo\/image\/"}},{"@type":"Person","@id":"https:\/\/nordnesrepublikken.no\/#\/schema\/person\/2e7e81935bab77882fffb79296240ff1","name":"Ole Andersen","image":{"@type":"ImageObject","inLanguage":"nb-NO","@id":"https:\/\/nordnesrepublikken.no\/#\/schema\/person\/image\/","url":"https:\/\/nordnesrepublikken.no\/wp-content\/uploads\/2025\/02\/nordnesrepublikken-2-2-150x150.jpg","contentUrl":"https:\/\/nordnesrepublikken.no\/wp-content\/uploads\/2025\/02\/nordnesrepublikken-2-2-150x150.jpg","caption":"Ole Andersen"},"description":"Ettersom jeg vokste opp i Oslo, har jeg alltid v\u00e6rt fascinert av ordenes kraft og deres evne til \u00e5 skape endringer. Etter \u00e5 ha fullf\u00f8rt min utdannelse i kommunikasjon ved Universitetet i Bergen, fikk jeg muligheten til \u00e5 jobbe innen ulike medier, der jeg har s\u00f8kt \u00e5 belyse viktige samfunnssp\u00f8rsm\u00e5l. I dag, som redakt\u00f8r for Nordnesrepublikken, pr\u00f8ver jeg \u00e5 forene min kj\u00e6rlighet for journalistikk med min lidenskap for innovasjon og eventyr.","sameAs":["https:\/\/nordnesrepublikken.no\/"]}]}},"_links":{"self":[{"href":"https:\/\/nordnesrepublikken.no\/index.php\/wp-json\/wp\/v2\/posts\/16718","targetHints":{"allow":["GET"]}}],"collection":[{"href":"https:\/\/nordnesrepublikken.no\/index.php\/wp-json\/wp\/v2\/posts"}],"about":[{"href":"https:\/\/nordnesrepublikken.no\/index.php\/wp-json\/wp\/v2\/types\/post"}],"author":[{"embeddable":true,"href":"https:\/\/nordnesrepublikken.no\/index.php\/wp-json\/wp\/v2\/users\/1"}],"replies":[{"embeddable":true,"href":"https:\/\/nordnesrepublikken.no\/index.php\/wp-json\/wp\/v2\/comments?post=16718"}],"version-history":[{"count":1,"href":"https:\/\/nordnesrepublikken.no\/index.php\/wp-json\/wp\/v2\/posts\/16718\/revisions"}],"predecessor-version":[{"id":16720,"href":"https:\/\/nordnesrepublikken.no\/index.php\/wp-json\/wp\/v2\/posts\/16718\/revisions\/16720"}],"wp:featuredmedia":[{"embeddable":true,"href":"https:\/\/nordnesrepublikken.no\/index.php\/wp-json\/wp\/v2\/media\/16719"}],"wp:attachment":[{"href":"https:\/\/nordnesrepublikken.no\/index.php\/wp-json\/wp\/v2\/media?parent=16718"}],"wp:term":[{"taxonomy":"category","embeddable":true,"href":"https:\/\/nordnesrepublikken.no\/index.php\/wp-json\/wp\/v2\/categories?post=16718"},{"taxonomy":"post_tag","embeddable":true,"href":"https:\/\/nordnesrepublikken.no\/index.php\/wp-json\/wp\/v2\/tags?post=16718"}],"curies":[{"name":"wp","href":"https:\/\/api.w.org\/{rel}","templated":true}]}}